{"id":273055,"date":"2025-10-27T08:10:56","date_gmt":"2025-10-27T11:10:56","guid":{"rendered":"https:\/\/www.agrobase.com.br\/concursos\/?p=273055"},"modified":"2025-10-24T13:49:35","modified_gmt":"2025-10-24T16:49:35","slug":"prefeitura-picada-cafe-rs-concurso-183-2025","status":"publish","type":"post","link":"https:\/\/www.agrobase.com.br\/concursos\/2025\/prefeitura-picada-cafe-rs-concurso-183-2025\/","title":{"rendered":"Prefeitura Picada Caf\u00e9 (RS) &#8211; Concurso 183\/2025"},"content":{"rendered":"<h2>Informa\u00e7\u00f5es Gerais<\/h2>\n<p>O Concurso P\u00fablico do Munic\u00edpio de Picada Caf\u00e9, regido pelo Edital n\u00ba 183\/2025, teve seu edital publicado e est\u00e1 com inscri\u00e7\u00f5es abertas. Organizado pela banca Legalle Concursos Ltda., o certame visa ao provimento de vagas e \u00e0 forma\u00e7\u00e3o de cadastro reserva para diversos cargos do Quadro Geral de Servidores Municipais, sob o regime estatut\u00e1rio.<\/p>\n<p>As oportunidades abrangem todos os n\u00edveis de escolaridade \u2014 fundamental incompleto e completo, m\u00e9dio\/t\u00e9cnico e superior \u2014 com remunera\u00e7\u00f5es que variam entre R$ 2.000,60 e R$ 18.519,11. As \u00e1reas contempladas incluem sa\u00fade, educa\u00e7\u00e3o, administra\u00e7\u00e3o, servi\u00e7os operacionais e t\u00e9cnicos.<\/p>\n<p>H\u00e1 destaque para cargos de interesse de profissionais das \u00e1reas de Medicina Veterin\u00e1ria, com vaga para M\u00e9dico Veterin\u00e1rio, e de Biologia e Ci\u00eancias, com oportunidades para professores dessas disciplinas. Tamb\u00e9m h\u00e1 cargos voltados \u00e0 Engenharia El\u00e9trica (Eletricista) e \u00e1reas correlatas.<\/p>\n<p>Se voc\u00ea busca estabilidade e deseja atuar no servi\u00e7o p\u00fablico municipal, continue a leitura para conhecer os detalhes sobre inscri\u00e7\u00f5es, etapas e resultados.<\/p>\n<h2>Inscri\u00e7\u00f5es<\/h2>\n<p>As inscri\u00e7\u00f5es para o Concurso P\u00fablico do Munic\u00edpio de Picada Caf\u00e9 est\u00e3o abertas e devem ser realizadas exclusivamente pela internet, no site da Legalle Concursos Ltda. (<a href=\"https:\/\/www.legalleconcursos.com.br\" target=\"_blank\" rel=\"noopener\">www.legalleconcursos.com.br<\/a>), entre os dias <strong>10 de outubro e 9 de novembro de 2025<\/strong>, at\u00e9 \u00e0s 18h.<\/p>\n<p>As taxas de inscri\u00e7\u00e3o variam conforme o n\u00edvel de escolaridade do cargo pretendido. O pagamento deve ser efetuado via boleto banc\u00e1rio do Banrisul, gerado na \u00e1rea do candidato ap\u00f3s o preenchimento do formul\u00e1rio de inscri\u00e7\u00e3o. A inscri\u00e7\u00e3o s\u00f3 ser\u00e1 confirmada ap\u00f3s a quita\u00e7\u00e3o do valor dentro do prazo estipulado.<\/p>\n<p>Para candidatos que n\u00e3o possuem acesso \u00e0 internet, ser\u00e1 disponibilizado computador na Biblioteca P\u00fablica Municipal Jos\u00e9 Ant\u00f4nio Lutzenberger, em Picada Caf\u00e9\/RS, durante o per\u00edodo de inscri\u00e7\u00f5es e recursos, em dias \u00fateis e hor\u00e1rios espec\u00edficos.<\/p>\n<p>Pedidos de isen\u00e7\u00e3o da taxa devem seguir os crit\u00e9rios e prazos definidos no edital. \u00c9 fundamental que o candidato acompanhe o status de sua inscri\u00e7\u00e3o e eventuais comunicados na \u00e1rea restrita do site da banca.<\/p>\n<p>Recomenda-se fortemente a leitura atenta do edital completo antes de efetuar a inscri\u00e7\u00e3o.<\/p>\n<h2>Etapas e Provas<\/h2>\n<p>O concurso ser\u00e1 composto por at\u00e9 tr\u00eas etapas, conforme o cargo pretendido:<\/p>\n<ul>\n<li><strong>Prova Te\u00f3rico-Objetiva<\/strong> (eliminat\u00f3ria e classificat\u00f3ria): aplicada a todos os cargos, com quest\u00f5es de m\u00faltipla escolha. Ser\u00e3o 20 quest\u00f5es para cargos de n\u00edvel fundamental e 40 para n\u00edveis m\u00e9dio\/t\u00e9cnico e superior. A prova abordar\u00e1 disciplinas como L\u00edngua Portuguesa, Matem\u00e1tica, Legisla\u00e7\u00e3o, Conhecimentos Gerais e Conhecimentos Espec\u00edficos. A dura\u00e7\u00e3o ser\u00e1 de at\u00e9 3 horas, e o candidato deve obter no m\u00ednimo 50% de acertos para ser aprovado.<\/li>\n<li><strong>Prova Pr\u00e1tica<\/strong> (eliminat\u00f3ria e classificat\u00f3ria): exclusiva para os cargos de Eletricista, Motorista, Operador de M\u00e1quina, Oper\u00e1rio e Oper\u00e1rio Especializado. Avaliar\u00e1 a execu\u00e7\u00e3o de tarefas pr\u00e1ticas relacionadas ao cargo. Apenas os 20 primeiros classificados na prova objetiva de cada cargo ser\u00e3o convocados. A prova ser\u00e1 filmada e ter\u00e1 crit\u00e9rios rigorosos de avalia\u00e7\u00e3o, com pontua\u00e7\u00e3o negativa por faltas cometidas.<\/li>\n<li><strong>Prova de T\u00edtulos<\/strong> (classificat\u00f3ria): destinada apenas aos cargos de Professor. Os candidatos dever\u00e3o enviar eletronicamente os documentos comprobat\u00f3rios de p\u00f3s-gradua\u00e7\u00e3o, respeitando os crit\u00e9rios e formatos exigidos. A pontua\u00e7\u00e3o m\u00e1xima ser\u00e1 de 10 pontos.<\/li>\n<\/ul>\n<p>Recomenda-se a leitura detalhada do edital para conhecer os conte\u00fados program\u00e1ticos, crit\u00e9rios de avalia\u00e7\u00e3o e cronograma completo das etapas.<\/p>\n<h2>Resultados e Gabarito<\/h2>\n<p>Os resultados do concurso ser\u00e3o divulgados em etapas, por meio de editais publicados no site da banca organizadora e conforme previsto no edital. O cronograma inclui:<\/p>\n<ul>\n<li><strong>Gabarito preliminar<\/strong> da Prova Te\u00f3rico-Objetiva: divulgado ap\u00f3s a aplica\u00e7\u00e3o da prova, com prazo de 3 dias \u00fateis para interposi\u00e7\u00e3o de recursos.<\/li>\n<li><strong>Gabarito definitivo<\/strong>: publicado ap\u00f3s an\u00e1lise dos recursos.<\/li>\n<li><strong>Resultados preliminares e definitivos<\/strong>: divulgados para cada etapa (objetiva, pr\u00e1tica e de t\u00edtulos), com prazos espec\u00edficos para recursos.<\/li>\n<li><strong>Classifica\u00e7\u00e3o final<\/strong>: ser\u00e1 publicada ap\u00f3s o julgamento de todos os recursos e incluir\u00e1 listas geral e de candidatos com defici\u00eancia, se houver.<\/li>\n<li><strong>Homologa\u00e7\u00e3o<\/strong>: oficializar\u00e1 o resultado final do concurso e ser\u00e1 publicada por meio de edital.<\/li>\n<\/ul>\n<p>Os crit\u00e9rios de desempate incluem, entre outros, maior idade (para candidatos com 60 anos ou mais), maior nota nas provas e, se necess\u00e1rio, sorteio p\u00fablico.<\/p>\n<p>A convoca\u00e7\u00e3o para posse ser\u00e1 feita conforme a necessidade da administra\u00e7\u00e3o, e os candidatos devem acompanhar todas as publica\u00e7\u00f5es no site da Legalle Concursos e no Di\u00e1rio Oficial. A responsabilidade pelo acompanhamento \u00e9 exclusiva do candidato.<\/p>\n","protected":false},"excerpt":{"rendered":"<p>Concurso Pref. Picada Caf\u00e9 (RS) com edital publicado! Vagas p\/ M\u00e9dico, Professor (Fund. a Sup.). Inscri\u00e7\u00f5es a partir de 10\/10. Sal\u00e1rios at\u00e9 R$ 18.5k. Confira detalhes!<\/p>\n","protected":false},"author":7,"featured_media":273054,"comment_status":"open","ping_status":"open","sticky":false,"template":"","format":"standard","meta":{"_acf_changed":false,"_breakdance_hide_in_design_set":false,"_breakdance_tags":"","footnotes":""},"categories":[3,6433,9,10,141,19,100,6871,116,21,22,24,108],"tags":[58],"_amplo":[],"destaque":[],"instituicoes":[],"class_list":["post-273055","post","type-post","status-publish","format-standard","has-post-thumbnail","hentry","category-administracao","category-biologia-licenciatura","category-ciencias-contabeis","category-direito","category-educacao-artistica","category-fonoaudiologia","category-historia","category-letras-ingles","category-matematica","category-medicina","category-veterinaria","category-odontologia","category-tecnico-enfermagem","tag-rio-grande-sul"],"acf":{"_tipo_vagas":"vagas","_numero_vagas":"","_quadro_vagas":"","_cargos":"diversos","_cargos_especificos":"","_salario_max":"R$ 18519.11","_abertura":"20251010","_encerramento":"20251109","_inscricoes":"https:\/\/www.legalleconcursos.com.br","_executora_concurso":"","_instituicao_concurso":[],"_link_adicional":null,"_anexos":null,"_produtos":null,"_vagas":"CR","_salario_min":"R$ 2000.6","_instituicao":"Prefeitura de Picada Caf\u00e9","_edital":"https:\/\/www.agrobase.com.br\/concursos\/wp-content\/uploads\/sites\/4\/2025\/10\/edital-183-2025-prefeitura-de-picada-cafe-rs.pdf","_anexos_edital":"https:\/\/www.agrobase.com.br\/concursos\/wp-content\/uploads\/sites\/4\/2025\/10\/anexos-edital-183-2025-prefeitura-de-picada-cafe-rs.pdf","_fund_incompleto":"<div>\r\n<table class=\"quadro\">\r\n<thead>\r\n<tr>\r\n<th class=\"hcargo\">Cargo<\/th>\r\n<th class=\"hvagas\">Vagas<\/th>\r\n<th class=\"hremuneracao\">Remunera\u00e7\u00e3o<\/th>\r\n<\/tr>\r\n<\/thead>\r\n    <tbody>\r\n      <td class=\"ccargos\">\r\n<span data-balloon-length=\"medium\" aria-label=\"Ensino Fundamental Incompleto\" data-balloon-pos=\"up\">Operador de M\u00e1quina<\/span><\/td>\r\n<td class=\"cvagas\">CR<\/td>\r\n<td class=\"cremuneracao\">R$ 3.068,50 \/44h<\/td>\r\n<\/tr><td class=\"ccargos\">\r\n<span data-balloon-length=\"medium\" aria-label=\"Ensino Fundamental Incompleto\" data-balloon-pos=\"up\">Oper\u00e1rio Especializado<\/span><\/td>\r\n<td class=\"cvagas\">CR<\/td>\r\n<td class=\"cremuneracao\">R$ 2.595,38 \/44h<\/td>\r\n<\/tr>\r\n    <\/tbody>\r\n  <\/table>\r\n<\/div>","_fund_completo":"<div>\r\n<table class=\"quadro\">\r\n<thead>\r\n<tr>\r\n<th class=\"hcargo\">Cargo<\/th>\r\n<th class=\"hvagas\">Vagas<\/th>\r\n<th class=\"hremuneracao\">Remunera\u00e7\u00e3o<\/th>\r\n<\/tr>\r\n<\/thead>\r\n    <tbody>\r\n      <td class=\"ccargos\">\r\n<span data-balloon-length=\"medium\" aria-label=\"Ensino Fundamental Completo, Carteira Nacional de Habilita\u00e7\u00e3o (CNH) categoria D; e Cursos conforme previsto no C\u00f3digo de Tr\u00e2nsito Brasileiro (Curso de dire\u00e7\u00e3o defensiva e Curso para transporte de passageiros).\" data-balloon-pos=\"up\">Motorista<\/span><\/td>\r\n<td class=\"cvagas\">CR<\/td>\r\n<td class=\"cremuneracao\">R$ 2.703,52 \/44h<\/td>\r\n<\/tr>\r\n    <\/tbody>\r\n  <\/table>\r\n<\/div>","_medio":"<div>\r\n<table class=\"quadro\">\r\n<thead>\r\n<tr>\r\n<th class=\"hcargo\">Cargo<\/th>\r\n<th class=\"hvagas\">Vagas<\/th>\r\n<th class=\"hremuneracao\">Remunera\u00e7\u00e3o<\/th>\r\n<\/tr>\r\n<\/thead>\r\n    <tbody>\r\n      <td class=\"ccargos\">\r\n<span data-balloon-length=\"medium\" aria-label=\"Ensino M\u00e9dio Completo\" data-balloon-pos=\"up\">Agente Administrativo Auxiliar<\/span><\/td>\r\n<td class=\"cvagas\">CR<\/td>\r\n<td class=\"cremuneracao\">R$ 2.906,28 \/44h<\/td>\r\n<\/tr><td class=\"ccargos\">\r\n<span data-balloon-length=\"medium\" aria-label=\"Ensino M\u00e9dio Completo\" data-balloon-pos=\"up\">Agente Comunit\u00e1rio de Sa\u00fade - ESF 01<\/span><\/td>\r\n<td class=\"cvagas\">CR<\/td>\r\n<td class=\"cremuneracao\">R$ 3.041,46 \/40h<\/td>\r\n<\/tr><td class=\"ccargos\">\r\n<span data-balloon-length=\"medium\" aria-label=\"Ensino M\u00e9dio Completo\" data-balloon-pos=\"up\">Agente Comunit\u00e1rio de Sa\u00fade - ESF 02<\/span><\/td>\r\n<td class=\"cvagas\">CR<\/td>\r\n<td class=\"cremuneracao\">R$ 3.041,46 \/40h<\/td>\r\n<\/tr><td class=\"ccargos\">\r\n<span data-balloon-length=\"medium\" aria-label=\"Ensino M\u00e9dio Completo\" data-balloon-pos=\"up\">Agente Comunit\u00e1rio de Sa\u00fade - ESF Joaneta<\/span><\/td>\r\n<td class=\"cvagas\">CR<\/td>\r\n<td class=\"cremuneracao\">R$ 3.041,46 \/40h<\/td>\r\n<\/tr><td class=\"ccargos\">\r\n<span data-balloon-length=\"medium\" aria-label=\"Ensino M\u00e9dio Completo\" data-balloon-pos=\"up\">Atendente da Educa\u00e7\u00e3o em Tempo Integral na Educa\u00e7\u00e3o Infantil e Ensino Fundamental<\/span><\/td>\r\n<td class=\"cvagas\">01<\/td>\r\n<td class=\"cremuneracao\">R$ 2.703,52 \/40h<\/td>\r\n<\/tr><td class=\"ccargos\">\r\n<span data-balloon-length=\"medium\" aria-label=\"Ensino M\u00e9dio Completo\" data-balloon-pos=\"up\">Eletricista<\/span><\/td>\r\n<td class=\"cvagas\">CR<\/td>\r\n<td class=\"cremuneracao\">R$ 3.379,40 \/44h<\/td>\r\n<\/tr><td class=\"ccargos\">\r\n<span data-balloon-length=\"medium\" aria-label=\"Ensino M\u00e9dio\/T\u00e9cnico Completo\" data-balloon-pos=\"up\">T\u00e9cnico de Enfermagem<\/span><\/td>\r\n<td class=\"cvagas\">01<\/td>\r\n<td class=\"cremuneracao\">R$ 3.379,40 \/44h<\/td>\r\n<\/tr><td class=\"ccargos\">\r\n<span data-balloon-length=\"medium\" aria-label=\"Ensino M\u00e9dio\/T\u00e9cnico Completo, Curso T\u00e9cnico de Radiologia\" data-balloon-pos=\"up\">T\u00e9cnico em Radiologia<\/span><\/td>\r\n<td class=\"cvagas\">01<\/td>\r\n<td class=\"cremuneracao\">R$ 2.433,17 \/24h<\/td>\r\n<\/tr>\r\n    <\/tbody>\r\n  <\/table>\r\n<\/div>","_superior":"<div>\r\n<table class=\"quadro\">\r\n<thead>\r\n<tr>\r\n<th class=\"hcargo\">Cargo<\/th>\r\n<th class=\"hvagas\">Vagas<\/th>\r\n<th class=\"hremuneracao\">Remunera\u00e7\u00e3o<\/th>\r\n<\/tr>\r\n<\/thead>\r\n    <tbody>\r\n      <tr>\r\n<td class=\"ccargos\">\r\n<span data-balloon-length=\"medium\" aria-label=\"Ensino Superior Completo em Ci\u00eancias Jur\u00eddicas (Direito) ou Ci\u00eancias Cont\u00e1beis ou Economia ou Administra\u00e7\u00e3o.\" data-balloon-pos=\"up\">Agente Tribut\u00e1rio<\/span><\/td>\r\n<td class=\"cvagas\">CR<\/td>\r\n<td class=\"cremuneracao\">R$ 4.487,84 \/44h<\/td>\r\n<\/tr><tr>\r\n<td class=\"ccargos\">\r\n<span data-balloon-length=\"medium\" aria-label=\"Ensino Superior Completo, Curso Superior em Ci\u00eancias Cont\u00e1beis e Habilita\u00e7\u00e3o legal para o exerc\u00edcio da profiss\u00e3o de Contador com registro no Conselho Regional de Contabilidade.\" data-balloon-pos=\"up\">Contador<\/span><\/td>\r\n<td class=\"cvagas\">CR<\/td>\r\n<td class=\"cremuneracao\">R$ 9.259,56 \/44h<\/td>\r\n<\/tr><tr>\r\n<td class=\"ccargos\">\r\n<span data-balloon-length=\"medium\" aria-label=\"Ensino Superior Completo, Habilita\u00e7\u00e3o legal para o exerc\u00edcio da profiss\u00e3o de Dentista com registro no Conselho Regional de Odontologia (CRO).\" data-balloon-pos=\"up\">Dentista<\/span><\/td>\r\n<td class=\"cvagas\">CR<\/td>\r\n<td class=\"cremuneracao\">R$ 6.082,92 \/20h<\/td>\r\n<\/tr><tr>\r\n<td class=\"ccargos\">\r\n<span data-balloon-length=\"medium\" aria-label=\"Ensino Superior Completo, Habilita\u00e7\u00e3o legal para o exerc\u00edcio da profiss\u00e3o de Fonoaudiologia com registros no Conselho Regional de Fonoaudiologia.\" data-balloon-pos=\"up\">Fonoaudi\u00f3logo<\/span><\/td>\r\n<td class=\"cvagas\">01<\/td>\r\n<td class=\"cremuneracao\">R$ 4.258,04 \/20h<\/td>\r\n<\/tr><tr>\r\n<td class=\"ccargos\">\r\n<span data-balloon-length=\"medium\" aria-label=\"Ensino Superior Completo, Habilita\u00e7\u00e3o legal para o exerc\u00edcio da profiss\u00e3o de m\u00e9dico com registro no Conselho Regional de Medicina (CREMERS).\" data-balloon-pos=\"up\">M\u00e9dico Cl\u00ednico Geral<\/span><\/td>\r\n<td class=\"cvagas\">CR<\/td>\r\n<td class=\"cremuneracao\">R$ 18.519,11 \/40h<\/td>\r\n<\/tr><tr>\r\n<td class=\"ccargos\">\r\n<span data-balloon-length=\"medium\" aria-label=\"Ensino Superior Completo, Habilita\u00e7\u00e3o legal para o exerc\u00edcio da profiss\u00e3o de M\u00e9dico com registro no Conselho Regional de Medicina (CREMERS), com especializa\u00e7\u00e3o para M\u00e9dico Geral Comunit\u00e1rio de M\u00e9dico de Fam\u00edlia e Comunidade.\" data-balloon-pos=\"up\">M\u00e9dico Geral Comunit\u00e1rio<\/span><\/td>\r\n<td class=\"cvagas\">01<\/td>\r\n<td class=\"cremuneracao\">R$ 18.519,11 \/40h<\/td>\r\n<\/tr><tr>\r\n<td class=\"ccargos\">\r\n<span data-balloon-length=\"medium\" aria-label=\"Ensino Superior Completo, Habilita\u00e7\u00e3o legal para o exerc\u00edcio da profiss\u00e3o de M\u00e9dico Veterin\u00e1rio com registro no Conselho Regional de Medicina Veterin\u00e1ria (CRMV-RS).\" data-balloon-pos=\"up\">M\u00e9dico Veterin\u00e1rio<\/span><\/td>\r\n<td class=\"cvagas\">CR<\/td>\r\n<td class=\"cremuneracao\">R$ 3.041,46 \/20h<\/td>\r\n<\/tr><tr>\r\n<td class=\"ccargos\">\r\n<span data-balloon-length=\"medium\" aria-label=\"Ensino Superior Completo, Licenciatura em Inform\u00e1tica Educativa ou Licenciatura Plena na \u00e1rea de educa\u00e7\u00e3o com P\u00f3s Gradua\u00e7\u00e3o na \u00e1rea de inform\u00e1tica e\/ou Bacharelado em Inform\u00e1tica com P\u00f3s-gradua\u00e7\u00e3o em Metodologia de Ensino.\" data-balloon-pos=\"up\">Monitor Educacional de Inform\u00e1tica<\/span><\/td>\r\n<td class=\"cvagas\">01<\/td>\r\n<td class=\"cremuneracao\">R$ 2.906,28 \/20h<\/td>\r\n<\/tr><tr>\r\n<td class=\"ccargos\">\r\n<span data-balloon-length=\"medium\" aria-label=\"Ensino Superior Completo, Forma\u00e7\u00e3o Inicial em N\u00edvel Superior que habilite para o N\u00edvel da Doc\u00eancia e forma\u00e7\u00e3o espec\u00edfica na Educa\u00e7\u00e3o Especial, Inicial ou Continuada, Especializa\u00e7\u00e3o em Psicopedagogia Cl\u00ednica ou Especializa\u00e7\u00e3o em Educa\u00e7\u00e3o Especial ou Especializa\u00e7\u00e3o em Atendimento Educacional Especializado.\" data-balloon-pos=\"up\">Monitor Educacional do Atendimento Educacional Especializado - AEE<\/span><\/td>\r\n<td class=\"cvagas\">CR<\/td>\r\n<td class=\"cremuneracao\">R$ 2.906,28 \/20h<\/td>\r\n<\/tr><tr>\r\n<td class=\"ccargos\">\r\n<span data-balloon-length=\"medium\" aria-label=\"Ensino Superior Completo, Forma\u00e7\u00e3o Inicial em N\u00edvel Superior que habilite para o N\u00edvel da Doc\u00eancia e forma\u00e7\u00e3o espec\u00edfica na Educa\u00e7\u00e3o Especial, Inicial ou Continuada: Especializa\u00e7\u00e3o em Psicopedagogia Cl\u00ednica ou Especializa\u00e7\u00e3o em Educa\u00e7\u00e3o Especial ou Especializa\u00e7\u00e3o em Atendimento Educacional Especializado, para o exerc\u00edcio da doc\u00eancia na educa\u00e7\u00e3o infantil e no ensino fundamental.\" data-balloon-pos=\"up\">Professor de Atendimento Educacional Especializado na Educa\u00e7\u00e3o Infantil e no Ensino Fundamental<\/span><\/td>\r\n<td class=\"cvagas\">02<\/td>\r\n<td class=\"cremuneracao\">R$ 3.042,35 \/25h<\/td>\r\n<\/tr><tr>\r\n<td class=\"ccargos\">\r\n<span data-balloon-length=\"medium\" aria-label=\"Ensino Superior Completo, Forma\u00e7\u00e3o em curso superior de gradua\u00e7\u00e3o plena em Artes, nos termos da lei vigente, para o exerc\u00edcio da doc\u00eancia no Ensino Fundamental.\" data-balloon-pos=\"up\">Professor do Ensino Fundamental - Artes<\/span><\/td>\r\n<td class=\"cvagas\">CR<\/td>\r\n<td class=\"cremuneracao\">R$ 3.042,35 \/25h<\/td>\r\n<\/tr><tr>\r\n<td class=\"ccargos\">\r\n<span data-balloon-length=\"medium\" aria-label=\"Ensino Superior Completo, Forma\u00e7\u00e3o em curso superior de gradua\u00e7\u00e3o plena em Ci\u00eancias, nos termos da lei vigente, para o exerc\u00edcio da doc\u00eancia no Ensino Fundamental.\" data-balloon-pos=\"up\">Professor do Ensino Fundamental - Ci\u00eancias<\/span><\/td>\r\n<td class=\"cvagas\">CR<\/td>\r\n<td class=\"cremuneracao\">R$ 3.042,35 \/25h<\/td>\r\n<\/tr><tr>\r\n<td class=\"ccargos\">\r\n<span data-balloon-length=\"medium\" aria-label=\"Ensino Superior Completo, Forma\u00e7\u00e3o em curso superior de gradua\u00e7\u00e3o plena em Hist\u00f3ria, nos termos da lei vigente, para o exerc\u00edcio da doc\u00eancia no Ensino Fundamental.\" data-balloon-pos=\"up\">Professor do Ensino Fundamental - Hist\u00f3ria<\/span><\/td>\r\n<td class=\"cvagas\">CR<\/td>\r\n<td class=\"cremuneracao\">R$ 3.042,35 \/25h<\/td>\r\n<\/tr><tr>\r\n<td class=\"ccargos\">\r\n<span data-balloon-length=\"medium\" aria-label=\"Ensino Superior Completo, Forma\u00e7\u00e3o em curso superior de gradua\u00e7\u00e3o plena em L\u00edngua Inglesa, nos termos da lei vigente, para o exerc\u00edcio da doc\u00eancia no Ensino Fundamental.\" data-balloon-pos=\"up\">Professor do Ensino Fundamental - L\u00edngua Inglesa<\/span><\/td>\r\n<td class=\"cvagas\">CR<\/td>\r\n<td class=\"cremuneracao\">R$ 3.042,35 \/25h<\/td>\r\n<\/tr><tr>\r\n<td class=\"ccargos\">\r\n<span data-balloon-length=\"medium\" aria-label=\"Ensino Superior Completo, Forma\u00e7\u00e3o em curso superior de gradua\u00e7\u00e3o plena em Matem\u00e1tica, nos termos da lei vigente, para o exerc\u00edcio da doc\u00eancia no Ensino Fundamental.\" data-balloon-pos=\"up\">Professor do Ensino Fundamental - Matem\u00e1tica<\/span><\/td>\r\n<td class=\"cvagas\">CR<\/td>\r\n<td class=\"cremuneracao\">R$ 3.042,35 \/25h<\/td>\r\n<\/tr><tr>\r\n<td class=\"ccargos\">\r\n<span data-balloon-length=\"medium\" aria-label=\"P\u00f3s-Gradua\u00e7\u00e3o, Curso Superior Completo e Portadores de diploma de curso de p\u00f3s-gradua\u00e7\u00e3o em Psicomotricidade; e comprovar experi\u00eancia anterior de, no m\u00ednimo, um ano letivo em pr\u00e1ticas funcionais ou desenvolvimento psicomotor.\" data-balloon-pos=\"up\">Psicomotricista<\/span><\/td>\r\n<td class=\"cvagas\">01<\/td>\r\n<td class=\"cremuneracao\">R$ 3.041,46 \/20h<\/td>\r\n<\/tr>\r\n    <\/tbody>\r\n  <\/table>\r\n<\/div>"},"_links":{"self":[{"href":"https:\/\/www.agrobase.com.br\/concursos\/wp-json\/wp\/v2\/posts\/273055","targetHints":{"allow":["GET"]}}],"collection":[{"href":"https:\/\/www.agrobase.com.br\/concursos\/wp-json\/wp\/v2\/posts"}],"about":[{"href":"https:\/\/www.agrobase.com.br\/concursos\/wp-json\/wp\/v2\/types\/post"}],"author":[{"embeddable":true,"href":"https:\/\/www.agrobase.com.br\/concursos\/wp-json\/wp\/v2\/users\/7"}],"replies":[{"embeddable":true,"href":"https:\/\/www.agrobase.com.br\/concursos\/wp-json\/wp\/v2\/comments?post=273055"}],"version-history":[{"count":1,"href":"https:\/\/www.agrobase.com.br\/concursos\/wp-json\/wp\/v2\/posts\/273055\/revisions"}],"predecessor-version":[{"id":273057,"href":"https:\/\/www.agrobase.com.br\/concursos\/wp-json\/wp\/v2\/posts\/273055\/revisions\/273057"}],"wp:featuredmedia":[{"embeddable":true,"href":"https:\/\/www.agrobase.com.br\/concursos\/wp-json\/wp\/v2\/media\/273054"}],"wp:attachment":[{"href":"https:\/\/www.agrobase.com.br\/concursos\/wp-json\/wp\/v2\/media?parent=273055"}],"wp:term":[{"taxonomy":"category","embeddable":true,"href":"https:\/\/www.agrobase.com.br\/concursos\/wp-json\/wp\/v2\/categories?post=273055"},{"taxonomy":"post_tag","embeddable":true,"href":"https:\/\/www.agrobase.com.br\/concursos\/wp-json\/wp\/v2\/tags?post=273055"},{"taxonomy":"_amplo","embeddable":true,"href":"https:\/\/www.agrobase.com.br\/concursos\/wp-json\/wp\/v2\/_amplo?post=273055"},{"taxonomy":"destaque","embeddable":true,"href":"https:\/\/www.agrobase.com.br\/concursos\/wp-json\/wp\/v2\/destaque?post=273055"},{"taxonomy":"instituicoes","embeddable":true,"href":"https:\/\/www.agrobase.com.br\/concursos\/wp-json\/wp\/v2\/instituicoes?post=273055"}],"curies":[{"name":"wp","href":"https:\/\/api.w.org\/{rel}","templated":true}]}}