{"id":273043,"date":"2025-10-27T07:50:48","date_gmt":"2025-10-27T10:50:48","guid":{"rendered":"https:\/\/www.agrobase.com.br\/concursos\/?p=273043"},"modified":"2025-10-24T13:33:22","modified_gmt":"2025-10-24T16:33:22","slug":"ifmt-mt-concurso-01-2025","status":"publish","type":"post","link":"https:\/\/www.agrobase.com.br\/concursos\/2025\/ifmt-mt-concurso-01-2025\/","title":{"rendered":"IFMT (MT) &#8211; Concurso 01\/2025"},"content":{"rendered":"<h2>Informa\u00e7\u00f5es Gerais<\/h2>\n<p>O Instituto Federal de Educa\u00e7\u00e3o, Ci\u00eancia e Tecnologia de Mato Grosso (IFMT) publicou o <strong>Edital n\u00ba 01\/2025<\/strong> para concurso p\u00fablico destinado ao provimento de <strong>28 vagas efetivas<\/strong> na carreira de T\u00e9cnico-Administrativo em Educa\u00e7\u00e3o. O certame est\u00e1 com <strong>inscri\u00e7\u00f5es abertas<\/strong> e ser\u00e1 regido pelo regime estatut\u00e1rio, conforme a Lei n\u00ba 8.112\/1990.<\/p>\n<p>As oportunidades contemplam candidatos com forma\u00e7\u00e3o de n\u00edvel m\u00e9dio\/t\u00e9cnico e superior, distribu\u00eddas entre diversas \u00e1reas administrativas, laboratoriais e t\u00e9cnicas. Entre os cargos ofertados, destacam-se vagas na \u00e1rea de <strong>Agropecu\u00e1ria<\/strong>, de interesse especial para profissionais das Ci\u00eancias Agr\u00e1rias.<\/p>\n<p>As provas ser\u00e3o realizadas nas cidades de Cuiab\u00e1 e Confresa (MT), e o concurso ser\u00e1 composto por prova objetiva e prova de t\u00edtulos. Continue a leitura para saber como se inscrever, conhecer as etapas e acompanhar os resultados.<\/p>\n<h2>Inscri\u00e7\u00f5es<\/h2>\n<p>As <strong>inscri\u00e7\u00f5es est\u00e3o abertas<\/strong> e devem ser realizadas exclusivamente pela internet, no site <a href=\"https:\/\/seletivo.ifmt.edu.br\" target=\"_blank\" rel=\"noopener\">https:\/\/seletivo.ifmt.edu.br<\/a>, entre os dias <strong>28 de outubro e 09 de novembro de 2025<\/strong>, at\u00e9 \u00e0s 23h59 (hor\u00e1rio de Cuiab\u00e1).<\/p>\n<p>Ap\u00f3s preencher o formul\u00e1rio de inscri\u00e7\u00e3o, o candidato dever\u00e1 gerar e imprimir o boleto banc\u00e1rio para pagamento da taxa, que ser\u00e1 a \u00fanica forma aceita. A inscri\u00e7\u00e3o s\u00f3 ser\u00e1 validada ap\u00f3s a confirma\u00e7\u00e3o do pagamento.<\/p>\n<p>O edital prev\u00ea a possibilidade de <strong>isen\u00e7\u00e3o da taxa<\/strong> para candidatos que atendam aos crit\u00e9rios estabelecidos, com solicita\u00e7\u00e3o entre os dias 28 e 30 de outubro de 2025, tamb\u00e9m pelo site oficial. O resultado da an\u00e1lise dos pedidos ser\u00e1 divulgado em 3 de novembro, com prazo para recurso nos dias 3 e 4 de novembro.<\/p>\n<p>\u00c9 fundamental que o candidato acompanhe o status da inscri\u00e7\u00e3o e demais atualiza\u00e7\u00f5es na \u00e1rea restrita do site. Para mais informa\u00e7\u00f5es sobre documenta\u00e7\u00e3o, prazos e crit\u00e9rios, recomenda-se a leitura atenta do edital completo.<\/p>\n<h2>Etapas e Provas<\/h2>\n<p>O concurso ser\u00e1 composto por duas etapas:<\/p>\n<ul>\n<li><strong>Prova Objetiva<\/strong> \u2013 de car\u00e1ter <em>eliminat\u00f3rio e classificat\u00f3rio<\/em>, obrigat\u00f3ria para todos os cargos. A prova ser\u00e1 aplicada no dia <strong>30 de novembro de 2025<\/strong>, nas cidades de Cuiab\u00e1 e Confresa (MT), com dura\u00e7\u00e3o de 4 horas, das 14h \u00e0s 18h (hor\u00e1rio de Cuiab\u00e1). Ser\u00e3o 50 quest\u00f5es de m\u00faltipla escolha, com 5 alternativas cada, distribu\u00eddas da seguinte forma:\n<ul>\n<li>L\u00edngua Portuguesa \u2013 10 quest\u00f5es (20 pontos)<\/li>\n<li>Conhecimentos Gerais e Transversais \u2013 10 quest\u00f5es (10 pontos)<\/li>\n<li>Tecnologias Aplicadas \u00e0 Educa\u00e7\u00e3o \u2013 10 quest\u00f5es (10 pontos)<\/li>\n<li>Conhecimentos Espec\u00edficos \u2013 20 quest\u00f5es (60 pontos)<\/li>\n<\/ul>\n<p>Para ser aprovado, o candidato deve alcan\u00e7ar no m\u00ednimo 50 pontos.<\/li>\n<li><strong>Prova de T\u00edtulos<\/strong> \u2013 de car\u00e1ter <em>classificat\u00f3rio<\/em>, destinada apenas aos candidatos que obtiverem nota m\u00ednima na prova objetiva e estiverem dentro do limite de tr\u00eas vezes o n\u00famero de vagas por cargo. Os documentos devem ser enviados em formato PDF (at\u00e9 10 MB) no ato da inscri\u00e7\u00e3o, pelo site oficial.<\/li>\n<\/ul>\n<p>N\u00e3o haver\u00e1 segunda chamada para nenhuma das etapas. Para detalhes sobre crit\u00e9rios de pontua\u00e7\u00e3o, conte\u00fado program\u00e1tico e cronograma completo, consulte o edital dispon\u00edvel no site <a href=\"https:\/\/seletivo.ifmt.edu.br\" target=\"_blank\" rel=\"noopener\">https:\/\/seletivo.ifmt.edu.br<\/a>.<\/p>\n<h2>Resultados e Gabarito<\/h2>\n<p>O cronograma prev\u00ea a divulga\u00e7\u00e3o do <strong>gabarito preliminar<\/strong> da prova objetiva no dia <strong>1\u00ba de dezembro de 2025<\/strong>, com prazo para interposi\u00e7\u00e3o de recursos nos dias 1\u00ba e 2 de dezembro. O <strong>gabarito definitivo<\/strong> e a <strong>pontua\u00e7\u00e3o da prova objetiva<\/strong> ser\u00e3o publicados em 15 de dezembro.<\/p>\n<p>Recursos contra a pontua\u00e7\u00e3o poder\u00e3o ser apresentados nos dias 15 e 16 de dezembro, com resultado previsto para 19 de dezembro. A <strong>pontua\u00e7\u00e3o da prova de t\u00edtulos<\/strong> ser\u00e1 divulgada em 30 de janeiro de 2026, com prazo para recursos at\u00e9 31 de janeiro. O resultado final da prova de t\u00edtulos ser\u00e1 publicado em 6 de fevereiro.<\/p>\n<p>O <strong>resultado preliminar do concurso<\/strong> ser\u00e1 divulgado em 6 de fevereiro de 2026, com prazo para recursos at\u00e9 7 de fevereiro. O <strong>resultado final<\/strong> ser\u00e1 publicado em <strong>11 de fevereiro<\/strong> e a <strong>homologa\u00e7\u00e3o oficial<\/strong> ocorrer\u00e1 em 13 de fevereiro de 2026, no Di\u00e1rio Oficial da Uni\u00e3o.<\/p>\n<p>A classifica\u00e7\u00e3o final ser\u00e1 feita com base na soma das notas da prova objetiva e da prova de t\u00edtulos, respeitando os crit\u00e9rios de desempate previstos no edital. Os candidatos aprovados devem acompanhar as convoca\u00e7\u00f5es exclusivamente pelo site <a href=\"https:\/\/seletivo.ifmt.edu.br\" target=\"_blank\" rel=\"noopener\">https:\/\/seletivo.ifmt.edu.br<\/a> e pelo Di\u00e1rio Oficial da Uni\u00e3o. O acompanhamento das publica\u00e7\u00f5es oficiais \u00e9 de responsabilidade exclusiva do candidato.<\/p>\n","protected":false},"excerpt":{"rendered":"<p>Concurso IFMT (MT) com edital publicado! Vagas p\/ T\u00e9cnicos e Assistente (M\u00e9dio\/T\u00e9cnico\/Sup.). Inscri\u00e7\u00f5es a partir de 28\/10. Confira detalhes!<\/p>\n","protected":false},"author":7,"featured_media":273042,"comment_status":"open","ping_status":"open","sticky":false,"template":"","format":"standard","meta":{"_acf_changed":false,"_breakdance_hide_in_design_set":false,"_breakdance_tags":"","footnotes":""},"categories":[144,94,25,30,128,108,130,161,159],"tags":[47],"_amplo":[],"destaque":[],"instituicoes":[],"class_list":["post-273043","post","type-post","status-publish","format-standard","has-post-thumbnail","hentry","category-arquivologia","category-biblioteconomia","category-pedagogia","category-tecnico-agropecuaria","category-tecnico-em-contabilidade","category-tecnico-enfermagem","category-tecnico-informatica","category-tecnico-laboratorio","category-tecnologia-da-informacao","tag-mato-grosso"],"acf":{"_tipo_vagas":"vagas","_numero_vagas":"","_quadro_vagas":"","_cargos":"diversos","_cargos_especificos":"","_salario_max":"R$ 5.967,04","_abertura":"20251028","_encerramento":"20251109","_inscricoes":"https:\/\/seletivo.ifmt.edu.br","_executora_concurso":"","_instituicao_concurso":[],"_link_adicional":null,"_anexos":null,"_produtos":null,"_vagas":"28 vagas","_salario_min":"R$ 3.483,52","_instituicao":"IFMT","_edital":"https:\/\/www.agrobase.com.br\/concursos\/wp-content\/uploads\/sites\/4\/2025\/10\/edital-01-2025-ifmt-mt.pdf","_anexos_edital":"https:\/\/www.agrobase.com.br\/concursos\/wp-content\/uploads\/sites\/4\/2025\/10\/anexos-edital-01-2025-ifmt-mt.pdf","_fund_incompleto":"","_fund_completo":"","_medio":"<div>\r\n<table class=\"quadro\">\r\n<thead>\r\n<tr>\r\n<th class=\"hcargo\">Cargo<\/th>\r\n<th class=\"hvagas\">Vagas<\/th>\r\n<th class=\"hremuneracao\">Remunera\u00e7\u00e3o<\/th>\r\n<\/tr>\r\n<\/thead>\r\n    <tbody>\r\n      <td class=\"ccargos\">\r\n<span data-balloon-length=\"medium\" aria-label=\"Diploma ou certificado de conclus\u00e3o do Ensino M\u00e9dio, devidamente registrado e fornecido por institui\u00e7\u00e3o de ensino, reconhecida pelo Minist\u00e9rio da Educa\u00e7\u00e3o (MEC).\" data-balloon-pos=\"up\">Assistente em Administra\u00e7\u00e3o<\/span><\/td>\r\n<td class=\"cvagas\">03<\/td>\r\n<td class=\"cremuneracao\">R$ 0,00 \/40h<\/td>\r\n<\/tr><td class=\"ccargos\">\r\n<span data-balloon-length=\"medium\" aria-label=\"Certificado de conclus\u00e3o do Ensino M\u00e9dio Profissionalizante em alimentos OU Ensino M\u00e9dio completo + Curso T\u00e9cnico na \u00e1rea de alimentos, devidamente registrado e fornecido por institui\u00e7\u00e3o de ensino, reconhecida pelo Minist\u00e9rio da Educa\u00e7\u00e3o (MEC). Registro no respectivo Conselho de Classe.\" data-balloon-pos=\"up\">T\u00e9cnico de Laborat\u00f3rio\/\u00c1rea: Alimentos<\/span><\/td>\r\n<td class=\"cvagas\">01<\/td>\r\n<td class=\"cremuneracao\">R$ 0,00 \/40h<\/td>\r\n<\/tr><td class=\"ccargos\">\r\n<span data-balloon-length=\"medium\" aria-label=\"Certificado de conclus\u00e3o do Ensino M\u00e9dio Profissionalizante em Inform\u00e1tica ou Ensino M\u00e9dio completo + Curso T\u00e9cnico em Inform\u00e1tica, devidamente registrado e fornecido por institui\u00e7\u00e3o de ensino, reconhecida pelo Minist\u00e9rio da Educa\u00e7\u00e3o (MEC).\" data-balloon-pos=\"up\">T\u00e9cnico de Laborat\u00f3rio\/\u00c1rea: Inform\u00e1tica<\/span><\/td>\r\n<td class=\"cvagas\">05<\/td>\r\n<td class=\"cremuneracao\">R$ 0,00 \/40h<\/td>\r\n<\/tr><td class=\"ccargos\">\r\n<span data-balloon-length=\"medium\" aria-label=\"Certificado de conclus\u00e3o do Ensino M\u00e9dio profissionalizante em Multim\u00eddia, OU Ensino M\u00e9dio completo + Curso T\u00e9cnico em Multim\u00eddia, devidamente registrado e fornecido por institui\u00e7\u00e3o de ensino, reconhecida pelo Minist\u00e9rio da Educa\u00e7\u00e3o (MEC).\" data-balloon-pos=\"up\">T\u00e9cnico de Laborat\u00f3rio\/\u00c1rea: Multim\u00eddia<\/span><\/td>\r\n<td class=\"cvagas\">01<\/td>\r\n<td class=\"cremuneracao\">R$ 0,00 \/40h<\/td>\r\n<\/tr><td class=\"ccargos\">\r\n<span data-balloon-length=\"medium\" aria-label=\"Certificado de conclus\u00e3o do Ensino M\u00e9dio Profissionalizante em Qu\u00edmica ou Ensino M\u00e9dio completo + Curso T\u00e9cnico em Qu\u00edmica, devidamente registrado e fornecido por institui\u00e7\u00e3o de ensino, reconhecida pelo Minist\u00e9rio da Educa\u00e7\u00e3o (MEC). Registro no respectivo Conselho de Classe.\" data-balloon-pos=\"up\">T\u00e9cnico de Laborat\u00f3rio\/\u00c1rea: Qu\u00edmica<\/span><\/td>\r\n<td class=\"cvagas\">01<\/td>\r\n<td class=\"cremuneracao\">R$ 0,00 \/40h<\/td>\r\n<\/tr><td class=\"ccargos\">\r\n<span data-balloon-length=\"medium\" aria-label=\"Certificado de conclus\u00e3o do Ensino M\u00e9dio profissionalizante em Zootecnia, OU Ensino M\u00e9dio completo + Curso T\u00e9cnico em Zootecnia, devidamente registrado e fornecido por institui\u00e7\u00e3o de ensino, reconhecida pelo Minist\u00e9rio da Educa\u00e7\u00e3o (MEC). Registro no respectivo Conselho de Classe.\" data-balloon-pos=\"up\">T\u00e9cnico de Laborat\u00f3rio\/\u00c1rea: Zootecnia<\/span><\/td>\r\n<td class=\"cvagas\">01<\/td>\r\n<td class=\"cremuneracao\">R$ 0,00 \/40h<\/td>\r\n<\/tr><td class=\"ccargos\">\r\n<span data-balloon-length=\"medium\" aria-label=\"Certificado de conclus\u00e3o do Ensino M\u00e9dio Profissionalizante na \u00c1rea ou m\u00e9dio completo + curso t\u00e9cnico em eletr\u00f4nica com \u00eanfase em sistemas computacionais ou Ensino M\u00e9dio completo + Curso T\u00e9cnico na \u00e1rea de Inform\u00e1tica, devidamente registrado e fornecido por institui\u00e7\u00e3o de ensino, reconhecida pelo Minist\u00e9rio da Educa\u00e7\u00e3o (MEC).\" data-balloon-pos=\"up\">T\u00e9cnico de Tecnologia da Informa\u00e7\u00e3o<\/span><\/td>\r\n<td class=\"cvagas\">03<\/td>\r\n<td class=\"cremuneracao\">R$ 0,00 \/40h<\/td>\r\n<\/tr><td class=\"ccargos\">\r\n<span data-balloon-length=\"medium\" aria-label=\"Certificado de conclus\u00e3o do Ensino M\u00e9dio Profissionalizante em Agropecu\u00e1ria, OU Ensino M\u00e9dio completo + Curso T\u00e9cnico em Agropecu\u00e1ria, devidamente registrado e fornecido por institui\u00e7\u00e3o de ensino, reconhecida pelo Minist\u00e9rio da Educa\u00e7\u00e3o (MEC). Registro no respectivo Conselho de Classe.\" data-balloon-pos=\"up\">T\u00e9cnico Agropecu\u00e1ria<\/span><\/td>\r\n<td class=\"cvagas\">01<\/td>\r\n<td class=\"cremuneracao\">R$ 0,00 \/40h<\/td>\r\n<\/tr><td class=\"ccargos\">\r\n<span data-balloon-length=\"medium\" aria-label=\"Certificado de conclus\u00e3o do Ensino M\u00e9dio Profissionalizante na \u00e1rea OU Ensino M\u00e9dio completo + Curso T\u00e9cnico na \u00e1rea, devidamente registrado e fornecido por institui\u00e7\u00e3o de ensino, reconhecida pelo Minist\u00e9rio da Educa\u00e7\u00e3o (MEC). Registro no respectivo Conselho de Classe.\" data-balloon-pos=\"up\">T\u00e9cnico em Contabilidade<\/span><\/td>\r\n<td class=\"cvagas\">01<\/td>\r\n<td class=\"cremuneracao\">R$ 0,00 \/40h<\/td>\r\n<\/tr><td class=\"ccargos\">\r\n<span data-balloon-length=\"medium\" aria-label=\"Certificado de conclus\u00e3o do Ensino M\u00e9dio Profissionalizante em Enfermagem OU Ensino M\u00e9dio completo + Curso T\u00e9cnico em Enfermagem, devidamente registrado e fornecido por institui\u00e7\u00e3o de ensino, reconhecida pelo Minist\u00e9rio da Educa\u00e7\u00e3o (MEC). Registro no respectivo Conselho de Classe.\" data-balloon-pos=\"up\">T\u00e9cnico Enfermagem<\/span><\/td>\r\n<td class=\"cvagas\">02<\/td>\r\n<td class=\"cremuneracao\">R$ 0,00 \/40h<\/td>\r\n<\/tr>\r\n    <\/tbody>\r\n  <\/table>\r\n<\/div>","_superior":"<div>\r\n<table class=\"quadro\">\r\n<thead>\r\n<tr>\r\n<th class=\"hcargo\">Cargo<\/th>\r\n<th class=\"hvagas\">Vagas<\/th>\r\n<th class=\"hremuneracao\">Remunera\u00e7\u00e3o<\/th>\r\n<\/tr>\r\n<\/thead>\r\n    <tbody>\r\n      <tr>\r\n<td class=\"ccargos\">\r\n<span data-balloon-length=\"medium\" aria-label=\"Diploma de Gradua\u00e7\u00e3o em curso superior na \u00e1rea, devidamente registrado e fornecido por institui\u00e7\u00e3o de ensino, devidamente registrado e fornecido por institui\u00e7\u00e3o de ensino superior, reconhecida pelo Minist\u00e9rio da Educa\u00e7\u00e3o (MEC).\" data-balloon-pos=\"up\">Analista de Tecnologia da Informa\u00e7\u00e3o<\/span><\/td>\r\n<td class=\"cvagas\">02<\/td>\r\n<td class=\"cremuneracao\">R$ 0,00 \/40h<\/td>\r\n<\/tr><tr>\r\n<td class=\"ccargos\">\r\n<span data-balloon-length=\"medium\" aria-label=\"Diploma de gradua\u00e7\u00e3o em Arquivologia, devidamente registrado e fornecido por institui\u00e7\u00e3o de ensino superior, reconhecida pelo Minist\u00e9rio da Educa\u00e7\u00e3o (MEC). Registro no respectivo Conselho de Classe.\" data-balloon-pos=\"up\">Arquivista<\/span><\/td>\r\n<td class=\"cvagas\">01<\/td>\r\n<td class=\"cremuneracao\">R$ 0,00 \/40h<\/td>\r\n<\/tr><tr>\r\n<td class=\"ccargos\">\r\n<span data-balloon-length=\"medium\" aria-label=\"Diploma de gradua\u00e7\u00e3o em Biblioteconomia OU gradua\u00e7\u00e3o em Biblioteconomia e Ci\u00eancias da Informa\u00e7\u00e3o, devidamente registrado e fornecido por institui\u00e7\u00e3o de ensino superior, reconhecida pelo Minist\u00e9rio da Educa\u00e7\u00e3o (MEC). Registro no respectivo Conselho de Classe.\" data-balloon-pos=\"up\">Bibliotec\u00e1rio Documentalista<\/span><\/td>\r\n<td class=\"cvagas\">01<\/td>\r\n<td class=\"cremuneracao\">R$ 0,00 \/40h<\/td>\r\n<\/tr><tr>\r\n<td class=\"ccargos\">\r\n<span data-balloon-length=\"medium\" aria-label=\"Diploma de gradua\u00e7\u00e3o em Licenciatura em Pedagogia OU Licenciaturas, devidamente registrado e fornecido por institui\u00e7\u00e3o de ensino superior, reconhecida pelo Minist\u00e9rio da Educa\u00e7\u00e3o (MEC).\" data-balloon-pos=\"up\">T\u00e9cnico Assuntos Educacionais<\/span><\/td>\r\n<td class=\"cvagas\">02<\/td>\r\n<td class=\"cremuneracao\">R$ 0,00 \/40h<\/td>\r\n<\/tr>\r\n    <\/tbody>\r\n  <\/table>\r\n<\/div>"},"_links":{"self":[{"href":"https:\/\/www.agrobase.com.br\/concursos\/wp-json\/wp\/v2\/posts\/273043","targetHints":{"allow":["GET"]}}],"collection":[{"href":"https:\/\/www.agrobase.com.br\/concursos\/wp-json\/wp\/v2\/posts"}],"about":[{"href":"https:\/\/www.agrobase.com.br\/concursos\/wp-json\/wp\/v2\/types\/post"}],"author":[{"embeddable":true,"href":"https:\/\/www.agrobase.com.br\/concursos\/wp-json\/wp\/v2\/users\/7"}],"replies":[{"embeddable":true,"href":"https:\/\/www.agrobase.com.br\/concursos\/wp-json\/wp\/v2\/comments?post=273043"}],"version-history":[{"count":3,"href":"https:\/\/www.agrobase.com.br\/concursos\/wp-json\/wp\/v2\/posts\/273043\/revisions"}],"predecessor-version":[{"id":273048,"href":"https:\/\/www.agrobase.com.br\/concursos\/wp-json\/wp\/v2\/posts\/273043\/revisions\/273048"}],"wp:featuredmedia":[{"embeddable":true,"href":"https:\/\/www.agrobase.com.br\/concursos\/wp-json\/wp\/v2\/media\/273042"}],"wp:attachment":[{"href":"https:\/\/www.agrobase.com.br\/concursos\/wp-json\/wp\/v2\/media?parent=273043"}],"wp:term":[{"taxonomy":"category","embeddable":true,"href":"https:\/\/www.agrobase.com.br\/concursos\/wp-json\/wp\/v2\/categories?post=273043"},{"taxonomy":"post_tag","embeddable":true,"href":"https:\/\/www.agrobase.com.br\/concursos\/wp-json\/wp\/v2\/tags?post=273043"},{"taxonomy":"_amplo","embeddable":true,"href":"https:\/\/www.agrobase.com.br\/concursos\/wp-json\/wp\/v2\/_amplo?post=273043"},{"taxonomy":"destaque","embeddable":true,"href":"https:\/\/www.agrobase.com.br\/concursos\/wp-json\/wp\/v2\/destaque?post=273043"},{"taxonomy":"instituicoes","embeddable":true,"href":"https:\/\/www.agrobase.com.br\/concursos\/wp-json\/wp\/v2\/instituicoes?post=273043"}],"curies":[{"name":"wp","href":"https:\/\/api.w.org\/{rel}","templated":true}]}}