{"id":272990,"date":"2025-10-24T08:00:22","date_gmt":"2025-10-24T11:00:22","guid":{"rendered":"https:\/\/www.agrobase.com.br\/concursos\/?p=272990"},"modified":"2025-10-23T14:39:16","modified_gmt":"2025-10-23T17:39:16","slug":"prefeitura-nova-alianca-sp-selecao-publica-02-2025","status":"publish","type":"post","link":"https:\/\/www.agrobase.com.br\/concursos\/2025\/prefeitura-nova-alianca-sp-selecao-publica-02-2025\/","title":{"rendered":"Prefeitura Nova Alian\u00e7a (SP) &#8211; Sele\u00e7\u00e3o P\u00fablica 02\/2025"},"content":{"rendered":"<h2>Informa\u00e7\u00f5es Gerais<\/h2>\n<p>O Processo Seletivo n\u00ba 002\/2025 da <strong>Prefeitura Municipal de Nova Alian\u00e7a\/SP<\/strong> est\u00e1 com edital publicado e tem como objetivo a forma\u00e7\u00e3o de cadastro reserva para diversos cargos do magist\u00e9rio municipal. A sele\u00e7\u00e3o ser\u00e1 conduzida pela GL Consultoria e regida por provas e t\u00edtulos, conforme as normas do edital.<\/p>\n<p>O certame contempla exclusivamente cargos de n\u00edvel superior, com oportunidades para profissionais da \u00e1rea da Educa\u00e7\u00e3o, incluindo disciplinas como Hist\u00f3ria, Geografia, Ci\u00eancias, Matem\u00e1tica, L\u00edngua Portuguesa, Ingl\u00eas, Artes, Educa\u00e7\u00e3o F\u00edsica, Educa\u00e7\u00e3o Especial e Educa\u00e7\u00e3o Infantil. A contrata\u00e7\u00e3o ser\u00e1 realizada conforme a necessidade da administra\u00e7\u00e3o municipal, respeitando as possibilidades or\u00e7ament\u00e1rias e o prazo de validade do processo seletivo.<\/p>\n<p>O regime de contrata\u00e7\u00e3o n\u00e3o foi especificado no edital. Entre os cargos ofertados, destacam-se \u00e1reas de interesse como Ci\u00eancias e Educa\u00e7\u00e3o Ambiental, com potencial de atua\u00e7\u00e3o para profissionais com forma\u00e7\u00e3o em Biologia, Engenharia Ambiental ou \u00e1reas correlatas.<\/p>\n<p>Se voc\u00ea tem forma\u00e7\u00e3o superior na \u00e1rea da Educa\u00e7\u00e3o e busca uma oportunidade no servi\u00e7o p\u00fablico, continue a leitura para conhecer os detalhes sobre inscri\u00e7\u00f5es, etapas e resultados deste processo seletivo.<\/p>\n<h2>Inscri\u00e7\u00f5es<\/h2>\n<p>As inscri\u00e7\u00f5es para o Processo Seletivo n\u00ba 002\/2025 da Prefeitura de Nova Alian\u00e7a\/SP est\u00e3o <strong>abertas<\/strong> e devem ser realizadas <strong>exclusivamente pela internet<\/strong>, no site <a href=\"https:\/\/www.glconsultoria.com.br\" target=\"_blank\" rel=\"noopener\">www.glconsultoria.com.br<\/a>, entre <strong>13h do dia 22 de outubro de 2025<\/strong> e <strong>13h do dia 7 de novembro de 2025<\/strong>.<\/p>\n<p>O valor da taxa de inscri\u00e7\u00e3o varia conforme o cargo escolhido, sendo necess\u00e1rio consultar o edital para verificar os detalhes. O pagamento deve ser feito via boleto banc\u00e1rio gerado no sistema ap\u00f3s o preenchimento do formul\u00e1rio de inscri\u00e7\u00e3o, com vencimento para o \u00faltimo dia do per\u00edodo de inscri\u00e7\u00f5es. Boletos vencidos n\u00e3o ser\u00e3o aceitos em hip\u00f3tese alguma.<\/p>\n<p>O candidato poder\u00e1 se inscrever para um cargo de cada grupo, conforme a divis\u00e3o apresentada no edital. \u00c9 poss\u00edvel solicitar condi\u00e7\u00f5es especiais para realiza\u00e7\u00e3o da prova e tratamento por nome social, desde que dentro do prazo de inscri\u00e7\u00e3o e conforme os procedimentos descritos.<\/p>\n<p>Para acompanhar o status da inscri\u00e7\u00e3o, o candidato deve acessar a &#8220;\u00c1rea do Candidato&#8221; no site da GL Consultoria. A homologa\u00e7\u00e3o das inscri\u00e7\u00f5es ser\u00e1 publicada no mesmo portal, e \u00e9 responsabilidade do candidato verificar se sua inscri\u00e7\u00e3o foi deferida.<\/p>\n<p>Recomenda-se fortemente a leitura atenta do edital completo antes de efetuar a inscri\u00e7\u00e3o, garantindo o cumprimento de todos os requisitos exigidos.<\/p>\n<h2>Etapas e Provas<\/h2>\n<p>O Processo Seletivo n\u00ba 002\/2025 ser\u00e1 composto por duas etapas principais, aplic\u00e1veis conforme o cargo pretendido:<\/p>\n<ul>\n<li><strong>Prova Objetiva de M\u00faltipla Escolha (PVO)<\/strong> \u2013 <em>car\u00e1ter classificat\u00f3rio<\/em>: aplicada a todos os candidatos, essa prova avaliar\u00e1 conhecimentos em tr\u00eas \u00e1reas: L\u00edngua Portuguesa (10 quest\u00f5es \u2013 2 pontos cada), Legisla\u00e7\u00e3o Educacional (10 quest\u00f5es \u2013 3 pontos cada) e Conhecimentos Pedag\u00f3gicos (10 quest\u00f5es \u2013 5 pontos cada), totalizando 30 quest\u00f5es e 100 pontos. A dura\u00e7\u00e3o ser\u00e1 de 2 horas, e a aplica\u00e7\u00e3o est\u00e1 prevista para o dia 30 de novembro de 2025.<\/li>\n<li><strong>Avalia\u00e7\u00e3o de T\u00edtulos (AVT)<\/strong> \u2013 <em>car\u00e1ter exclusivamente classificat\u00f3rio<\/em>: destinada a todos os cargos de Professor de Educa\u00e7\u00e3o B\u00e1sica (PEB I e PEB II), essa etapa atribuir\u00e1 pontua\u00e7\u00e3o adicional com base na forma\u00e7\u00e3o acad\u00eamica compat\u00edvel com a fun\u00e7\u00e3o pretendida. Os crit\u00e9rios e limites est\u00e3o detalhados no edital.<\/li>\n<\/ul>\n<p>Ambas as etapas exigem aten\u00e7\u00e3o \u00e0s normas de aplica\u00e7\u00e3o, incluindo apresenta\u00e7\u00e3o de documento oficial com foto, cumprimento de hor\u00e1rio e regras de conduta durante a prova. A aus\u00eancia em qualquer etapa implicar\u00e1 na elimina\u00e7\u00e3o do candidato.<\/p>\n<p>Para informa\u00e7\u00f5es completas sobre crit\u00e9rios de pontua\u00e7\u00e3o, conte\u00fado program\u00e1tico e cronograma, \u00e9 imprescind\u00edvel a leitura integral do edital dispon\u00edvel no site da GL Consultoria.<\/p>\n<h2>Resultados e Gabarito<\/h2>\n<p>O resultado final do Processo Seletivo n\u00ba 002\/2025 ser\u00e1 composto pela soma da nota da Prova Objetiva de M\u00faltipla Escolha com a pontua\u00e7\u00e3o obtida na Avalia\u00e7\u00e3o de T\u00edtulos, quando aplic\u00e1vel. Ser\u00e3o divulgadas duas listas de classifica\u00e7\u00e3o: uma geral e outra espec\u00edfica para candidatos com defici\u00eancia.<\/p>\n<p>Em caso de empate na pontua\u00e7\u00e3o final, os crit\u00e9rios de desempate seguir\u00e3o a seguinte ordem:<\/p>\n<ul>\n<li>Maior idade (ano, m\u00eas e dia);<\/li>\n<li>Maior n\u00famero de acertos em Conhecimentos Espec\u00edficos;<\/li>\n<li>Comprova\u00e7\u00e3o de atua\u00e7\u00e3o como jurado;<\/li>\n<li>Comprova\u00e7\u00e3o de doa\u00e7\u00e3o de medula \u00f3ssea nos \u00faltimos seis meses;<\/li>\n<li>Menor n\u00famero de inscri\u00e7\u00e3o.<\/li>\n<\/ul>\n<p>Os candidatos que desejarem interpor recursos contra gabaritos, notas ou resultados ter\u00e3o <strong>dois dias corridos<\/strong> ap\u00f3s a divulga\u00e7\u00e3o de cada etapa para faz\u00ea-lo, exclusivamente pelo site <a href=\"https:\/\/www.glconsultoria.com.br\" target=\"_blank\" rel=\"noopener\">www.glconsultoria.com.br<\/a>, na \u00c1rea do Candidato. Recursos fora do prazo ou sem fundamenta\u00e7\u00e3o adequada ser\u00e3o indeferidos.<\/p>\n<p>A homologa\u00e7\u00e3o do resultado final ser\u00e1 publicada no Di\u00e1rio Oficial Eletr\u00f4nico do Munic\u00edpio de Nova Alian\u00e7a\/SP. A convoca\u00e7\u00e3o dos aprovados ocorrer\u00e1 conforme a necessidade da Prefeitura, respeitando a ordem de classifica\u00e7\u00e3o e o prazo de validade do certame, que \u00e9 de <strong>1 ano<\/strong>, prorrog\u00e1vel por igual per\u00edodo.<\/p>\n<p>O acompanhamento das publica\u00e7\u00f5es oficiais no site da banca organizadora e no Di\u00e1rio Oficial \u00e9 de responsabilidade exclusiva do candidato.<\/p>\n","protected":false},"excerpt":{"rendered":"<p>Processo Seletivo Pref. Nova Alian\u00e7a (SP) com edital publicado! Vagas p\/ Professores (Superior). Inscri\u00e7\u00f5es a partir de 22\/10. Sal\u00e1rios at\u00e9 R$ 2.7k. Confira detalhes!<\/p>\n","protected":false},"author":7,"featured_media":272989,"comment_status":"open","ping_status":"open","sticky":false,"template":"","format":"standard","meta":{"_acf_changed":false,"_breakdance_hide_in_design_set":false,"_breakdance_tags":"","footnotes":""},"categories":[6433,141,6434,111,100,20,6871,116,25],"tags":[62],"_amplo":[],"destaque":[],"instituicoes":[],"class_list":["post-272990","post","type-post","status-publish","format-standard","has-post-thumbnail","hentry","category-biologia-licenciatura","category-educacao-artistica","category-educacao-fisica-licenciatura","category-geografia","category-historia","category-letras","category-letras-ingles","category-matematica","category-pedagogia","tag-sao-paulo"],"acf":{"_tipo_vagas":"vagas","_numero_vagas":"","_quadro_vagas":"","_cargos":"diversos","_cargos_especificos":"","_salario_max":"R$ 2745.87","_abertura":"20251022","_encerramento":"20251107","_inscricoes":"https:\/\/www.glconsultoria.com.br","_executora_concurso":"","_instituicao_concurso":[],"_link_adicional":null,"_anexos":null,"_produtos":null,"_vagas":"CR","_salario_min":"R$ 18.29","_instituicao":"Prefeitura de Nova Alian\u00e7a","_edital":"https:\/\/www.agrobase.com.br\/concursos\/wp-content\/uploads\/sites\/4\/2025\/10\/edital-02-2025-prefeitura-de-nova-alianca-sp.pdf","_anexos_edital":"https:\/\/www.agrobase.com.br\/concursos\/wp-content\/uploads\/sites\/4\/2025\/10\/anexos-edital-02-2025-prefeitura-de-nova-alianca-sp.pdf","_fund_incompleto":"","_fund_completo":"","_medio":"","_superior":"<div>\r\n<table class=\"quadro\">\r\n<thead>\r\n<tr>\r\n<th class=\"hcargo\">Cargo<\/th>\r\n<th class=\"hvagas\">Vagas<\/th>\r\n<th class=\"hremuneracao\">Remunera\u00e7\u00e3o<\/th>\r\n<\/tr>\r\n<\/thead>\r\n    <tbody>\r\n      <tr>\r\n<td class=\"ccargos\">\r\n<span data-balloon-length=\"medium\" aria-label=\"Certificado de conclus\u00e3o de Curso Superior de Licenciatura Plena em Pedagogia em curso reconhecido pelo MEC.\" data-balloon-pos=\"up\">PEB I - Educa\u00e7\u00e3o Infantil e Anos Iniciais do Ensino Fundamental<\/span><\/td>\r\n<td class=\"cvagas\">CR<\/td>\r\n<td class=\"cremuneracao\">R$ 2.745,87 \/30h<\/td>\r\n<\/tr><tr>\r\n<td class=\"ccargos\">\r\n<span data-balloon-length=\"medium\" aria-label=\"Certificado de conclus\u00e3o de Curso Superior de Licenciatura Plena em Arte em curso reconhecido pelo MEC.\" data-balloon-pos=\"up\">Professor de Educa\u00e7\u00e3o B\u00e1sica II - Artes<\/span><\/td>\r\n<td class=\"cvagas\">CR<\/td>\r\n<td class=\"cremuneracao\">R$ 18,29 \/h\/a<\/td>\r\n<\/tr><tr>\r\n<td class=\"ccargos\">\r\n<span data-balloon-length=\"medium\" aria-label=\"Certificado de conclus\u00e3o de Curso Superior de Licenciatura Plena em Ci\u00eancias ou curso de licenciatura em Ci\u00eancias plenificada em \u00e1reas afins em curso reconhecido pelo MEC.\" data-balloon-pos=\"up\">Professor de Educa\u00e7\u00e3o B\u00e1sica II - Ci\u00eancias<\/span><\/td>\r\n<td class=\"cvagas\">CR<\/td>\r\n<td class=\"cremuneracao\">R$ 18,29 \/h\/a<\/td>\r\n<\/tr><tr>\r\n<td class=\"ccargos\">\r\n<span data-balloon-length=\"medium\" aria-label=\"Certificado de conclus\u00e3o de Curso Superior de Licenciatura Plena com Habilita\u00e7\u00e3o Espec\u00edfica na \u00e1rea pr\u00f3pria ou forma\u00e7\u00e3o superior em \u00e1rea correspondente com complementa\u00e7\u00e3o nos termos da legisla\u00e7\u00e3o vigente para lecionar nos Anos iniciais e Finais do Ensino Fundamental.\" data-balloon-pos=\"up\">Professor de Educa\u00e7\u00e3o B\u00e1sica II - Educa\u00e7\u00e3o Especial<\/span><\/td>\r\n<td class=\"cvagas\">CR<\/td>\r\n<td class=\"cremuneracao\">R$ 18,29 \/h\/a<\/td>\r\n<\/tr><tr>\r\n<td class=\"ccargos\">\r\n<span data-balloon-length=\"medium\" aria-label=\"Profissionais de Educa\u00e7\u00e3o F\u00edsica com forma\u00e7\u00e3o na antiga Licenciatura Plena (Resolu\u00e7\u00e3o CFE 03\/87 - Licenciado\/Bacharel) e\/ou em Licenciatura (Resolu\u00e7\u00f5es CNE\/CP 01\/02 ou 02\/15 ou 02\/19 ou 04\/24) e registrados no Sistema CONFEF\/CREFs.\" data-balloon-pos=\"up\">Professor de Educa\u00e7\u00e3o B\u00e1sica II - Educa\u00e7\u00e3o F\u00edsica<\/span><\/td>\r\n<td class=\"cvagas\">CR<\/td>\r\n<td class=\"cremuneracao\">R$ 18,29 \/h\/a<\/td>\r\n<\/tr><tr>\r\n<td class=\"ccargos\">\r\n<span data-balloon-length=\"medium\" aria-label=\"Certificado de conclus\u00e3o de Curso Superior de Licenciatura Plena em Geografia ou Licenciatura em curso reconhecido pelo MEC.\" data-balloon-pos=\"up\">Professor de Educa\u00e7\u00e3o B\u00e1sica II - Geografia<\/span><\/td>\r\n<td class=\"cvagas\">01<\/td>\r\n<td class=\"cremuneracao\">R$ 18,29 \/h\/a<\/td>\r\n<\/tr><tr>\r\n<td class=\"ccargos\">\r\n<span data-balloon-length=\"medium\" aria-label=\"Certificado de conclus\u00e3o de Curso Superior de Licenciatura Plena em Hist\u00f3ria ou Licenciatura em curso reconhecido pelo M\u0415\u0421.\" data-balloon-pos=\"up\">Professor de Educa\u00e7\u00e3o B\u00e1sica II - Hist\u00f3ria<\/span><\/td>\r\n<td class=\"cvagas\">01<\/td>\r\n<td class=\"cremuneracao\">R$ 18,29 \/h\/a<\/td>\r\n<\/tr><tr>\r\n<td class=\"ccargos\">\r\n<span data-balloon-length=\"medium\" aria-label=\"Certificado de conclus\u00e3o de Curso Superior de Licenciatura Plena em Ingl\u00eas ou curso de Licenciatura Plena em Portugu\u00eas com habilita\u00e7\u00e3o em Ingl\u00eas em curso reconhecido pelo MEC.\" data-balloon-pos=\"up\">Professor de Educa\u00e7\u00e3o B\u00e1sica II - Ingl\u00eas<\/span><\/td>\r\n<td class=\"cvagas\">CR<\/td>\r\n<td class=\"cremuneracao\">R$ 18,29 \/h\/a<\/td>\r\n<\/tr><tr>\r\n<td class=\"ccargos\">\r\n<span data-balloon-length=\"medium\" aria-label=\"Certificado de conclus\u00e3o de Curso Superior de Licenciatura Plena em L\u00edngua Portuguesa e sua respectiva literatura em curso reconhecido pelo MEC.\" data-balloon-pos=\"up\">Professor de Educa\u00e7\u00e3o B\u00e1sica II - L\u00edngua Portuguesa<\/span><\/td>\r\n<td class=\"cvagas\">CR<\/td>\r\n<td class=\"cremuneracao\">R$ 18,29 \/h\/a<\/td>\r\n<\/tr><tr>\r\n<td class=\"ccargos\">\r\n<span data-balloon-length=\"medium\" aria-label=\"Certificado de conclus\u00e3o de Curso Superior de Licenciatura Plena em Matem\u00e1tica ou Curso de licenciatura em Ci\u00eancias plenificada em Matem\u00e1tica em curso reconhecido pelo M\u0415\u0421.\" data-balloon-pos=\"up\">Professor de Educa\u00e7\u00e3o B\u00e1sica II - Matem\u00e1tica<\/span><\/td>\r\n<td class=\"cvagas\">CR<\/td>\r\n<td class=\"cremuneracao\">R$ 18,29 \/h\/a<\/td>\r\n<\/tr>\r\n    <\/tbody>\r\n  <\/table>\r\n<\/div>"},"_links":{"self":[{"href":"https:\/\/www.agrobase.com.br\/concursos\/wp-json\/wp\/v2\/posts\/272990","targetHints":{"allow":["GET"]}}],"collection":[{"href":"https:\/\/www.agrobase.com.br\/concursos\/wp-json\/wp\/v2\/posts"}],"about":[{"href":"https:\/\/www.agrobase.com.br\/concursos\/wp-json\/wp\/v2\/types\/post"}],"author":[{"embeddable":true,"href":"https:\/\/www.agrobase.com.br\/concursos\/wp-json\/wp\/v2\/users\/7"}],"replies":[{"embeddable":true,"href":"https:\/\/www.agrobase.com.br\/concursos\/wp-json\/wp\/v2\/comments?post=272990"}],"version-history":[{"count":1,"href":"https:\/\/www.agrobase.com.br\/concursos\/wp-json\/wp\/v2\/posts\/272990\/revisions"}],"predecessor-version":[{"id":272992,"href":"https:\/\/www.agrobase.com.br\/concursos\/wp-json\/wp\/v2\/posts\/272990\/revisions\/272992"}],"wp:featuredmedia":[{"embeddable":true,"href":"https:\/\/www.agrobase.com.br\/concursos\/wp-json\/wp\/v2\/media\/272989"}],"wp:attachment":[{"href":"https:\/\/www.agrobase.com.br\/concursos\/wp-json\/wp\/v2\/media?parent=272990"}],"wp:term":[{"taxonomy":"category","embeddable":true,"href":"https:\/\/www.agrobase.com.br\/concursos\/wp-json\/wp\/v2\/categories?post=272990"},{"taxonomy":"post_tag","embeddable":true,"href":"https:\/\/www.agrobase.com.br\/concursos\/wp-json\/wp\/v2\/tags?post=272990"},{"taxonomy":"_amplo","embeddable":true,"href":"https:\/\/www.agrobase.com.br\/concursos\/wp-json\/wp\/v2\/_amplo?post=272990"},{"taxonomy":"destaque","embeddable":true,"href":"https:\/\/www.agrobase.com.br\/concursos\/wp-json\/wp\/v2\/destaque?post=272990"},{"taxonomy":"instituicoes","embeddable":true,"href":"https:\/\/www.agrobase.com.br\/concursos\/wp-json\/wp\/v2\/instituicoes?post=272990"}],"curies":[{"name":"wp","href":"https:\/\/api.w.org\/{rel}","templated":true}]}}