{"id":272961,"date":"2025-10-24T07:10:17","date_gmt":"2025-10-24T10:10:17","guid":{"rendered":"https:\/\/www.agrobase.com.br\/concursos\/?p=272961"},"modified":"2025-10-23T11:42:51","modified_gmt":"2025-10-23T14:42:51","slug":"prefeitura-juina-mt-selecao-publica-02-2025","status":"publish","type":"post","link":"https:\/\/www.agrobase.com.br\/concursos\/2025\/prefeitura-juina-mt-selecao-publica-02-2025\/","title":{"rendered":"Prefeitura Ju\u00edna (MT) &#8211; Sele\u00e7\u00e3o P\u00fablica 02\/2025"},"content":{"rendered":"<h2>Informa\u00e7\u00f5es Gerais<\/h2>\n<p>O Processo Seletivo n\u00ba 002\/2025 da Prefeitura Municipal de Ju\u00edna, no Estado de Mato Grosso, teve seu edital oficialmente publicado, com inscri\u00e7\u00f5es abertas para contrata\u00e7\u00e3o tempor\u00e1ria e forma\u00e7\u00e3o de cadastro reserva. A sele\u00e7\u00e3o ser\u00e1 regida pelo Regime Jur\u00eddico Administrativo e pelo Regime Geral de Previd\u00eancia Social (RGPS\/INSS), conforme as legisla\u00e7\u00f5es federal, estadual e municipal vigentes.<\/p>\n<p>O certame contempla oportunidades para candidatos com escolaridade de n\u00edvel fundamental, m\u00e9dio e superior, com foco em diversas \u00e1reas da administra\u00e7\u00e3o p\u00fablica municipal, especialmente na educa\u00e7\u00e3o. H\u00e1 vagas para fun\u00e7\u00f5es como T\u00e9cnico em Alimenta\u00e7\u00e3o Escolar, T\u00e9cnico em Transporte Escolar, Auxiliar Pedag\u00f3gico, T\u00e9cnico em Gest\u00e3o Escolar e Professores de diversas disciplinas, incluindo Ci\u00eancias Biol\u00f3gicas \u2014 \u00e1rea de interesse para profissionais da Biologia.<\/p>\n<p>Com remunera\u00e7\u00f5es que variam de R$ 1.615,91 a R$ 4.647,59 e carga hor\u00e1ria de at\u00e9 40 horas semanais, o processo seletivo oferece oportunidades tanto na zona urbana quanto em distritos e escolas da zona rural. Continue a leitura para conhecer os detalhes sobre inscri\u00e7\u00f5es, etapas e cronograma de resultados.<\/p>\n<h2>Inscri\u00e7\u00f5es<\/h2>\n<p>As inscri\u00e7\u00f5es para o Processo Seletivo n\u00ba 002\/2025 da Prefeitura de Ju\u00edna est\u00e3o abertas exclusivamente pela internet, no site <a href=\"https:\/\/www.inepam.org.br\" target=\"_blank\" rel=\"noopener\">www.inepam.org.br<\/a>, das 10h do dia 22 de outubro at\u00e9 \u00e0s 16h do dia 30 de outubro de 2025 (hor\u00e1rio oficial de Cuiab\u00e1).<\/p>\n<p>O valor da taxa de inscri\u00e7\u00e3o varia conforme o cargo pretendido, sendo necess\u00e1rio gerar e pagar o boleto banc\u00e1rio at\u00e9 o dia 31 de outubro de 2025. O pagamento deve ser feito em ag\u00eancias banc\u00e1rias ou casas lot\u00e9ricas. N\u00e3o ser\u00e3o aceitos pagamentos por outros meios, como transfer\u00eancia eletr\u00f4nica ou dep\u00f3sito em conta.<\/p>\n<p>O candidato deve preencher corretamente a ficha de inscri\u00e7\u00e3o online, escolher a fun\u00e7\u00e3o desejada e imprimir o boleto. Ap\u00f3s o pagamento, \u00e9 essencial acompanhar a confirma\u00e7\u00e3o da inscri\u00e7\u00e3o e eventuais atualiza\u00e7\u00f5es na \u00e1rea restrita do site da banca organizadora. N\u00e3o ser\u00e1 poss\u00edvel alterar a fun\u00e7\u00e3o escolhida ap\u00f3s a efetiva\u00e7\u00e3o da inscri\u00e7\u00e3o.<\/p>\n<p>Pedidos de condi\u00e7\u00f5es especiais para realiza\u00e7\u00e3o das provas, como prova em braile ou ampliada, devem ser enviados via SEDEX ao INEPAM durante o per\u00edodo de inscri\u00e7\u00f5es. Recomenda-se a leitura atenta do edital completo antes de efetuar a inscri\u00e7\u00e3o.<\/p>\n<h2>Etapas e Provas<\/h2>\n<p>O processo seletivo ser\u00e1 composto por at\u00e9 tr\u00eas etapas, conforme a fun\u00e7\u00e3o escolhida:<\/p>\n<ul>\n<li><strong>Prova Objetiva<\/strong> \u2013 de car\u00e1ter eliminat\u00f3rio e classificat\u00f3rio, obrigat\u00f3ria para todos os cargos. Ser\u00e1 realizada no dia 23\/11\/2025, com dura\u00e7\u00e3o de 2 horas. A avalia\u00e7\u00e3o ser\u00e1 composta por quest\u00f5es de m\u00faltipla escolha, com cinco alternativas cada, abrangendo disciplinas como L\u00edngua Portuguesa, Matem\u00e1tica e Conhecimentos Espec\u00edficos. A nota m\u00ednima para aprova\u00e7\u00e3o \u00e9 de 50 pontos.<\/li>\n<li><strong>Prova Pr\u00e1tica<\/strong> \u2013 de car\u00e1ter eliminat\u00f3rio e classificat\u00f3rio, exclusiva para os cargos de T\u00e9cnico em Transporte Escolar. Avaliar\u00e1 habilidades pr\u00e1ticas de dire\u00e7\u00e3o e opera\u00e7\u00e3o de ve\u00edculos escolares, com crit\u00e9rios de pontua\u00e7\u00e3o baseados em faltas leves, m\u00e9dias, graves e eliminat\u00f3rias. Ser\u00e1 utilizado um \u00f4nibus VW 15 190 MAN, ano 2022, e o candidato deve apresentar CNH categoria &#8220;D&#8221; v\u00e1lida.<\/li>\n<li><strong>Prova de T\u00edtulos<\/strong> \u2013 de car\u00e1ter classificat\u00f3rio, destinada exclusivamente aos cargos de Professor. Ser\u00e3o considerados t\u00edtulos de p\u00f3s-gradua\u00e7\u00e3o lato sensu, mestrado e doutorado, com pontua\u00e7\u00e3o m\u00e1xima de 5 pontos. A entrega dos documentos dever\u00e1 ocorrer no mesmo dia e local da prova objetiva, conforme instru\u00e7\u00f5es do edital.<\/li>\n<\/ul>\n<p>Todos os detalhes sobre conte\u00fados program\u00e1ticos, crit\u00e9rios de avalia\u00e7\u00e3o e cronograma das etapas est\u00e3o dispon\u00edveis no edital completo. A leitura atenta do documento \u00e9 fundamental para o bom desempenho no certame.<\/p>\n<h2>Resultados e Gabarito<\/h2>\n<p>O gabarito preliminar da prova objetiva ser\u00e1 divulgado nos sites <a href=\"https:\/\/www.inepam.org.br\" target=\"_blank\" rel=\"noopener\">www.inepam.org.br<\/a> e <a href=\"https:\/\/www.juina.mt.gov.br\" target=\"_blank\" rel=\"noopener\">www.juina.mt.gov.br<\/a>, conforme o cronograma oficial. Ap\u00f3s a publica\u00e7\u00e3o, os candidatos poder\u00e3o interpor recursos dentro dos prazos estabelecidos no edital.<\/p>\n<p>Os resultados preliminares e definitivos de cada etapa (prova objetiva, pr\u00e1tica e de t\u00edtulos) tamb\u00e9m ser\u00e3o divulgados nos mesmos canais. A classifica\u00e7\u00e3o final considerar\u00e1 a soma das notas obtidas nas etapas aplic\u00e1veis a cada fun\u00e7\u00e3o.<\/p>\n<p>Em caso de empate na pontua\u00e7\u00e3o final, ser\u00e3o aplicados crit\u00e9rios como idade igual ou superior a 60 anos, maior tempo de servi\u00e7o na fun\u00e7\u00e3o, n\u00famero de filhos menores de 18 anos, maior idade, desempenho nas provas e, se necess\u00e1rio, sorteio p\u00fablico.<\/p>\n<p>Ap\u00f3s a homologa\u00e7\u00e3o do resultado final, a Prefeitura de Ju\u00edna ser\u00e1 respons\u00e1vel pelas convoca\u00e7\u00f5es, que ocorrer\u00e3o conforme a necessidade da administra\u00e7\u00e3o. O acompanhamento das publica\u00e7\u00f5es oficiais no site da banca organizadora e no Di\u00e1rio Oficial \u00e9 de responsabilidade exclusiva do candidato.<\/p>\n","protected":false},"excerpt":{"rendered":"<p>Sel. P\u00fablica Pref. Ju\u00edna (MT) com edital publicado! Vagas p\/ Professor e T\u00e9cnicos (Fund. a Sup.). Inscri\u00e7\u00f5es a partir de 22\/10. Sal\u00e1rios at\u00e9 R$ 4.6k. Confira detalhes!<\/p>\n","protected":false},"author":7,"featured_media":272960,"comment_status":"open","ping_status":"open","sticky":false,"template":"","format":"standard","meta":{"_acf_changed":false,"_breakdance_hide_in_design_set":false,"_breakdance_tags":"","footnotes":""},"categories":[6433,6434,111,100,20,6871,116,25],"tags":[47],"_amplo":[],"destaque":[],"instituicoes":[],"class_list":["post-272961","post","type-post","status-publish","format-standard","has-post-thumbnail","hentry","category-biologia-licenciatura","category-educacao-fisica-licenciatura","category-geografia","category-historia","category-letras","category-letras-ingles","category-matematica","category-pedagogia","tag-mato-grosso"],"acf":{"_tipo_vagas":"vagas","_numero_vagas":"","_quadro_vagas":"","_cargos":"diversos","_cargos_especificos":"","_salario_max":"R$ 4647.59","_abertura":"20251022","_encerramento":"20251030","_inscricoes":"https:\/\/www.inepam.org.br","_executora_concurso":"","_instituicao_concurso":[],"_link_adicional":null,"_anexos":null,"_produtos":null,"_vagas":"10 + CR","_salario_min":"R$ 1615.91","_instituicao":"Prefeitura de Ju\u00edna","_edital":"https:\/\/www.agrobase.com.br\/concursos\/wp-content\/uploads\/sites\/4\/2025\/10\/edital-02-2025-prefeitura-de-juina-mt.pdf","_anexos_edital":"https:\/\/www.agrobase.com.br\/concursos\/wp-content\/uploads\/sites\/4\/2025\/10\/anexos-edital-02-2025-prefeitura-de-juina-mt.pdf","_fund_incompleto":"","_fund_completo":"<div>\r\n<table class=\"quadro\">\r\n<thead>\r\n<tr>\r\n<th class=\"hcargo\">Cargo<\/th>\r\n<th class=\"hvagas\">Vagas<\/th>\r\n<th class=\"hremuneracao\">Remunera\u00e7\u00e3o<\/th>\r\n<\/tr>\r\n<\/thead>\r\n    <tbody>\r\n      <td class=\"ccargos\">\r\n<span data-balloon-length=\"medium\" aria-label=\"Ensino Fundamental Completo\" data-balloon-pos=\"up\">T\u00e9cnico em Alimenta\u00e7\u00e3o Escolar - Zona Urbana<\/span><\/td>\r\n<td class=\"cvagas\">10 + CR<\/td>\r\n<td class=\"cremuneracao\">R$ 1.615,91 \/40h<\/td>\r\n<\/tr><td class=\"ccargos\">\r\n<span data-balloon-length=\"medium\" aria-label=\"Ensino Fundamental Completo\" data-balloon-pos=\"up\">T\u00e9cnico em Alimenta\u00e7\u00e3o Escolar - Zona Urbana<\/span><\/td>\r\n<td class=\"cvagas\">CR<\/td>\r\n<td class=\"cremuneracao\">R$ 1.615,91 \/40h<\/td>\r\n<\/tr><td class=\"ccargos\">\r\n<span data-balloon-length=\"medium\" aria-label=\"Ensino Fundamental Completo\" data-balloon-pos=\"up\">T\u00e9cnico em Alimenta\u00e7\u00e3o Escolar - Zona Rural E.R.M. \u00c1lvares de Azevedo - Distrito de Terra Roxa<\/span><\/td>\r\n<td class=\"cvagas\">01 + CR<\/td>\r\n<td class=\"cremuneracao\">R$ 1.615,91 \/40h<\/td>\r\n<\/tr><td class=\"ccargos\">\r\n<span data-balloon-length=\"medium\" aria-label=\"Ensino Fundamental Completo\" data-balloon-pos=\"up\">T\u00e9cnico de Alimenta\u00e7\u00e3o Escolar - Zona Rural E.R.M. Osvaldo Cruz - Distrito de Filad\u00e9lfia<\/span><\/td>\r\n<td class=\"cvagas\">01 + CR<\/td>\r\n<td class=\"cremuneracao\">R$ 1.615,91 \/40h<\/td>\r\n<\/tr><td class=\"ccargos\">\r\n<span data-balloon-length=\"medium\" aria-label=\"Ensino Fundamental Completo\" data-balloon-pos=\"up\">T\u00e9cnico de Alimenta\u00e7\u00e3o Escolar - Escola Sem Dire\u00e7\u00e3o Pr\u00f3pria - Linha 04 - E.R.M. Euclides da Cunha<\/span><\/td>\r\n<td class=\"cvagas\">01 + CR<\/td>\r\n<td class=\"cremuneracao\">R$ 1.615,91 \/40h<\/td>\r\n<\/tr><td class=\"ccargos\">\r\n<span data-balloon-length=\"medium\" aria-label=\"Ensino Fundamental Completo\" data-balloon-pos=\"up\">T\u00e9cnico de Alimenta\u00e7\u00e3o Escolar - Escola Sem Dire\u00e7\u00e3o Pr\u00f3pria - Linha 04 - E.R.M. Euclides da Cunha, Distrito de Fontanillas<\/span><\/td>\r\n<td class=\"cvagas\">CR<\/td>\r\n<td class=\"cremuneracao\">R$ 1.615,91 \/40h<\/td>\r\n<\/tr><td class=\"ccargos\">\r\n<span data-balloon-length=\"medium\" aria-label=\"Ensino Fundamental Completo\" data-balloon-pos=\"up\">T\u00e9cnico de Alimenta\u00e7\u00e3o Escolar - Escola Sem Dire\u00e7\u00e3o Pr\u00f3pria - E.R.M. Euclides da cunha - Sala Anexa da Francisco Lisboa<\/span><\/td>\r\n<td class=\"cvagas\">CR<\/td>\r\n<td class=\"cremuneracao\">R$ 1.615,91 \/40h<\/td>\r\n<\/tr><td class=\"ccargos\">\r\n<span data-balloon-length=\"medium\" aria-label=\"Ensino Fundamental Completo\" data-balloon-pos=\"up\">T\u00e9cnico em Manuten\u00e7\u00e3o de Infra Estrutura - Zona Urbana<\/span><\/td>\r\n<td class=\"cvagas\">10 + CR<\/td>\r\n<td class=\"cremuneracao\">R$ 1.615,91 \/40h<\/td>\r\n<\/tr><td class=\"ccargos\">\r\n<span data-balloon-length=\"medium\" aria-label=\"Ensino Fundamental Completo\" data-balloon-pos=\"up\">T\u00e9cnico em Manuten\u00e7\u00e3o de Infra Estrutura -<\/span><\/td>\r\n<td class=\"cvagas\">CR<\/td>\r\n<td class=\"cremuneracao\">R$ 1.615,91 \/40h<\/td>\r\n<\/tr><td class=\"ccargos\">\r\n<span data-balloon-length=\"medium\" aria-label=\"Ensino Fundamental Completo\" data-balloon-pos=\"up\">T\u00e9cnico em Manuten\u00e7\u00e3o de Infra Estrutura - Zona Rural E.R.M. \u00c1lvares de Azevedo - Distrito de Terra Roxa<\/span><\/td>\r\n<td class=\"cvagas\">01 + CR<\/td>\r\n<td class=\"cremuneracao\">R$ 1.615,91 \/40h<\/td>\r\n<\/tr><td class=\"ccargos\">\r\n<span data-balloon-length=\"medium\" aria-label=\"Ensino Fundamental Completo\" data-balloon-pos=\"up\">T\u00e9cnico em Manuten\u00e7\u00e3o de Infra Estrutura - Zona Rural E.R.M. Osvaldo Cruz - Distrito de Filad\u00e9lfia<\/span><\/td>\r\n<td class=\"cvagas\">CR<\/td>\r\n<td class=\"cremuneracao\">R$ 1.615,91 \/40h<\/td>\r\n<\/tr><td class=\"ccargos\">\r\n<span data-balloon-length=\"medium\" aria-label=\"Ensino Fundamental Completo\" data-balloon-pos=\"up\">T\u00e9cnico em Manuten\u00e7\u00e3o de Infra Estrutura - Escola Sem Dire\u00e7\u00e3o Pr\u00f3pria - Linha 04 - E.R.M. Euclides da Cunha<\/span><\/td>\r\n<td class=\"cvagas\">CR<\/td>\r\n<td class=\"cremuneracao\">R$ 1.615,91 \/40h<\/td>\r\n<\/tr><td class=\"ccargos\">\r\n<span data-balloon-length=\"medium\" aria-label=\"Ensino Fundamental Completo\" data-balloon-pos=\"up\">T\u00e9cnico em Manuten\u00e7\u00e3o de Infra Estrutura - Escola Sem Dire\u00e7\u00e3o Pr\u00f3pria - Linha 04 - E.R.M. Euclides da Cunha, Distrito de Fontanillas<\/span><\/td>\r\n<td class=\"cvagas\">01 + CR<\/td>\r\n<td class=\"cremuneracao\">R$ 1.615,91 \/40h<\/td>\r\n<\/tr><td class=\"ccargos\">\r\n<span data-balloon-length=\"medium\" data-balloon-pos=\"up\">T\u00e9cnico em Transporte Escolar - Zona Urbana<\/span><\/td>\r\n<td class=\"cvagas\">01 + CR<\/td>\r\n<td class=\"cremuneracao\">R$ 2.264,24 \/40h<\/td>\r\n<\/tr><td class=\"ccargos\">\r\n<span data-balloon-length=\"medium\" data-balloon-pos=\"up\">T\u00e9cnico em Transporte Escolar - Zona Rural E.R.M. \u00c1lvares de Azevedo - Distrito de Terra Roxa<\/span><\/td>\r\n<td class=\"cvagas\">03 + CR<\/td>\r\n<td class=\"cremuneracao\">R$ 2.264,24 \/40h<\/td>\r\n<\/tr><td class=\"ccargos\">\r\n<span data-balloon-length=\"medium\" data-balloon-pos=\"up\">T\u00e9cnico em Transporte Escolar - Zona Rural E.R.M. Osvaldo Cruz - Distrito de Filad\u00e9lfia<\/span><\/td>\r\n<td class=\"cvagas\">CR<\/td>\r\n<td class=\"cremuneracao\">R$ 2.264,24 \/40h<\/td>\r\n<\/tr><td class=\"ccargos\">\r\n<span data-balloon-length=\"medium\" data-balloon-pos=\"up\">T\u00e9cnico em Transporte Escolar - Escola Sem Dire\u00e7\u00e3o Pr\u00f3pria - Linha 04 - E.R.M. Euclides da Cunha<\/span><\/td>\r\n<td class=\"cvagas\">CR<\/td>\r\n<td class=\"cremuneracao\">R$ 2.264,24 \/40h<\/td>\r\n<\/tr><td class=\"ccargos\">\r\n<span data-balloon-length=\"medium\" data-balloon-pos=\"up\">T\u00e9cnico em Transporte Escolar - Escola Sem Dire\u00e7\u00e3o Pr\u00f3pria - E.R.M. Euclides da Cunha - sala Anexa da Francisco Lisboa<\/span><\/td>\r\n<td class=\"cvagas\">CR<\/td>\r\n<td class=\"cremuneracao\">R$ 2.264,24 \/40h<\/td>\r\n<\/tr>\r\n    <\/tbody>\r\n  <\/table>\r\n<\/div>","_medio":"<div>\r\n<table class=\"quadro\">\r\n<thead>\r\n<tr>\r\n<th class=\"hcargo\">Cargo<\/th>\r\n<th class=\"hvagas\">Vagas<\/th>\r\n<th class=\"hremuneracao\">Remunera\u00e7\u00e3o<\/th>\r\n<\/tr>\r\n<\/thead>\r\n    <tbody>\r\n      <td class=\"ccargos\">\r\n<span data-balloon-length=\"medium\" aria-label=\"Ensino M\u00e9dio Completo\" data-balloon-pos=\"up\">Auxiliar Pedag\u00f3gico - Zona Urbana<\/span><\/td>\r\n<td class=\"cvagas\">10 + CR<\/td>\r\n<td class=\"cremuneracao\">R$ 1.615,91 \/20h<\/td>\r\n<\/tr><td class=\"ccargos\">\r\n<span data-balloon-length=\"medium\" aria-label=\"Ensino M\u00e9dio Completo\" data-balloon-pos=\"up\">Auxiliar Pedag\u00f3gico - Zona Rural E.R.M. \u00c1lvares de Azevedo - Distrito de Terra Roxa<\/span><\/td>\r\n<td class=\"cvagas\">CR<\/td>\r\n<td class=\"cremuneracao\">R$ 1.615,91 \/20h<\/td>\r\n<\/tr><td class=\"ccargos\">\r\n<span data-balloon-length=\"medium\" aria-label=\"Ensino M\u00e9dio Completo\" data-balloon-pos=\"up\">Auxiliar Pedag\u00f3gico - Zona Rural E.R.M. Osvaldo Cruz - Distrito Filad\u00e9lfia<\/span><\/td>\r\n<td class=\"cvagas\">CR<\/td>\r\n<td class=\"cremuneracao\">R$ 1.615,91 \/20h<\/td>\r\n<\/tr><td class=\"ccargos\">\r\n<span data-balloon-length=\"medium\" aria-label=\"Ensino M\u00e9dio Completo\" data-balloon-pos=\"up\">T\u00e9cnico em Gest\u00e3o Escolar - Zona Urbana<\/span><\/td>\r\n<td class=\"cvagas\">05 + CR<\/td>\r\n<td class=\"cremuneracao\">R$ 1.973,89 \/40h<\/td>\r\n<\/tr>\r\n    <\/tbody>\r\n  <\/table>\r\n<\/div>","_superior":"<div>\r\n<table class=\"quadro\">\r\n<thead>\r\n<tr>\r\n<th class=\"hcargo\">Cargo<\/th>\r\n<th class=\"hvagas\">Vagas<\/th>\r\n<th class=\"hremuneracao\">Remunera\u00e7\u00e3o<\/th>\r\n<\/tr>\r\n<\/thead>\r\n    <tbody>\r\n      <tr>\r\n<td class=\"ccargos\">\r\n<span data-balloon-length=\"medium\" aria-label=\"Ensino Superior Completo Licenciatura em Pedagogia\" data-balloon-pos=\"up\">Professor Pedagogo - Zona Urbana<\/span><\/td>\r\n<td class=\"cvagas\">CR<\/td>\r\n<td class=\"cremuneracao\">R$ 4.647,59 \/30h<\/td>\r\n<\/tr><tr>\r\n<td class=\"ccargos\">\r\n<span data-balloon-length=\"medium\" aria-label=\"Ensino Superior Completo Licenciatura em Pedagogia\" data-balloon-pos=\"up\">Professor Pedagogo - Zona Rural E.R.M. \u00c1lvares de Azevedo - Distrito de Terra Roxa<\/span><\/td>\r\n<td class=\"cvagas\">CR<\/td>\r\n<td class=\"cremuneracao\">R$ 4.647,59 \/30h<\/td>\r\n<\/tr><tr>\r\n<td class=\"ccargos\">\r\n<span data-balloon-length=\"medium\" aria-label=\"Ensino Superior Completo Licenciatura em Pedagogia\" data-balloon-pos=\"up\">Professor Pedagogo - Zona Rural E.R.M. Osvaldo Cruz - Distrito de Filad\u00e9lfia<\/span><\/td>\r\n<td class=\"cvagas\">CR<\/td>\r\n<td class=\"cremuneracao\">R$ 4.647,59 \/30h<\/td>\r\n<\/tr><tr>\r\n<td class=\"ccargos\">\r\n<span data-balloon-length=\"medium\" aria-label=\"Ensino Superior Completo Licenciatura em Pedagogia\" data-balloon-pos=\"up\">Professor Pedagogo - Escola Sem Dire\u00e7\u00e3o Pr\u00f3pria - Linha 04 - E.R.M. Euclides da Cunha<\/span><\/td>\r\n<td class=\"cvagas\">CR<\/td>\r\n<td class=\"cremuneracao\">R$ 4.647,59 \/30h<\/td>\r\n<\/tr><tr>\r\n<td class=\"ccargos\">\r\n<span data-balloon-length=\"medium\" aria-label=\"Ensino Superior Completo Licenciatura em Pedagogia\" data-balloon-pos=\"up\">Professor Pedagogo - Escola Sem Dire\u00e7\u00e3o Pr\u00f3pria - Linha 04 - E.R.M. Euclides<\/span><\/td>\r\n<td class=\"cvagas\">CR<\/td>\r\n<td class=\"cremuneracao\">R$ 4.647,59 \/30h<\/td>\r\n<\/tr><tr>\r\n<td class=\"ccargos\">\r\n<span data-balloon-length=\"medium\" aria-label=\"Ensino Superior Completo Licenciatura em Pedagogia\" data-balloon-pos=\"up\">Professor Pedagogo - Escola Sem Dire\u00e7\u00e3o Pr\u00f3pria - E.R.M. Cora Coralina - Fazenda<\/span><\/td>\r\n<td class=\"cvagas\">CR<\/td>\r\n<td class=\"cremuneracao\">R$ 4.647,59 \/30h<\/td>\r\n<\/tr><tr>\r\n<td class=\"ccargos\">\r\n<span data-balloon-length=\"medium\" aria-label=\"Ensino Superior Completo Licenciatura em Pedagogia\" data-balloon-pos=\"up\">Professor Pedagogo - Escola Sem Dire\u00e7\u00e3o Pr\u00f3pria - Linha Rio Preto - Sala Anexa da E.R.M. Euclides da Cunha<\/span><\/td>\r\n<td class=\"cvagas\">CR<\/td>\r\n<td class=\"cremuneracao\">R$ 4.647,59 \/30h<\/td>\r\n<\/tr><tr>\r\n<td class=\"ccargos\">\r\n<span data-balloon-length=\"medium\" aria-label=\"Ensino Superior Completo Licenciatura em Pedagogia\" data-balloon-pos=\"up\">Professor Pedagogo - Escola Sem Dire\u00e7\u00e3o Pr\u00f3pria - E.R.M. Euclides da Cunha - Sala Anexa da Francisco Lisboa<\/span><\/td>\r\n<td class=\"cvagas\">CR<\/td>\r\n<td class=\"cremuneracao\">R$ 4.647,59 \/30h<\/td>\r\n<\/tr><tr>\r\n<td class=\"ccargos\">\r\n<span data-balloon-length=\"medium\" aria-label=\"Gradua\u00e7\u00e3o Superior - Licenciatura em Ci\u00eancias Biol\u00f3gicas\" data-balloon-pos=\"up\">Professor de Ci\u00eancias - Zona Urbana<\/span><\/td>\r\n<td class=\"cvagas\">CR<\/td>\r\n<td class=\"cremuneracao\">R$ 4.647,59 \/30h<\/td>\r\n<\/tr><tr>\r\n<td class=\"ccargos\">\r\n<span data-balloon-length=\"medium\" aria-label=\"Gradua\u00e7\u00e3o Superior - Licenciatura em Educa\u00e7\u00e3o F\u00edsica\" data-balloon-pos=\"up\">Professor de Educa\u00e7\u00e3o F\u00edsica - Zona Urbana<\/span><\/td>\r\n<td class=\"cvagas\">CR<\/td>\r\n<td class=\"cremuneracao\">R$ 4.647,59 \/30h<\/td>\r\n<\/tr><tr>\r\n<td class=\"ccargos\">\r\n<span data-balloon-length=\"medium\" aria-label=\"Gradua\u00e7\u00e3o Superior - Licenciatura em Geografia\" data-balloon-pos=\"up\">Professor de Geografia - Zona Urbana<\/span><\/td>\r\n<td class=\"cvagas\">CR<\/td>\r\n<td class=\"cremuneracao\">R$ 4.647,59 \/30h<\/td>\r\n<\/tr><tr>\r\n<td class=\"ccargos\">\r\n<span data-balloon-length=\"medium\" aria-label=\"Gradua\u00e7\u00e3o Superior - Licenciatura em Hist\u00f3ria\" data-balloon-pos=\"up\">Professor de Hist\u00f3ria - Zona Urbana<\/span><\/td>\r\n<td class=\"cvagas\">CR<\/td>\r\n<td class=\"cremuneracao\">R$ 4.647,59 \/30h<\/td>\r\n<\/tr><tr>\r\n<td class=\"ccargos\">\r\n<span data-balloon-length=\"medium\" aria-label=\"Gradua\u00e7\u00e3o Superior - Licenciatura em Matem\u00e1tica\" data-balloon-pos=\"up\">Professor de Matem\u00e1tica - Zona Urbana<\/span><\/td>\r\n<td class=\"cvagas\">CR<\/td>\r\n<td class=\"cremuneracao\">R$ 4.647,59 \/30h<\/td>\r\n<\/tr><tr>\r\n<td class=\"ccargos\">\r\n<span data-balloon-length=\"medium\" aria-label=\"Gradua\u00e7\u00e3o Superior - Licenciatura em Letras com habilita\u00e7\u00e3o em Ingl\u00eas\" data-balloon-pos=\"up\">Professor de Letras\/Portugu\u00eas \/Ingl\u00eas\/Artes- Zona Urbana<\/span><\/td>\r\n<td class=\"cvagas\">CR<\/td>\r\n<td class=\"cremuneracao\">R$ 4.647,59 \/30h<\/td>\r\n<\/tr>\r\n    <\/tbody>\r\n  <\/table>\r\n<\/div>"},"_links":{"self":[{"href":"https:\/\/www.agrobase.com.br\/concursos\/wp-json\/wp\/v2\/posts\/272961","targetHints":{"allow":["GET"]}}],"collection":[{"href":"https:\/\/www.agrobase.com.br\/concursos\/wp-json\/wp\/v2\/posts"}],"about":[{"href":"https:\/\/www.agrobase.com.br\/concursos\/wp-json\/wp\/v2\/types\/post"}],"author":[{"embeddable":true,"href":"https:\/\/www.agrobase.com.br\/concursos\/wp-json\/wp\/v2\/users\/7"}],"replies":[{"embeddable":true,"href":"https:\/\/www.agrobase.com.br\/concursos\/wp-json\/wp\/v2\/comments?post=272961"}],"version-history":[{"count":2,"href":"https:\/\/www.agrobase.com.br\/concursos\/wp-json\/wp\/v2\/posts\/272961\/revisions"}],"predecessor-version":[{"id":272977,"href":"https:\/\/www.agrobase.com.br\/concursos\/wp-json\/wp\/v2\/posts\/272961\/revisions\/272977"}],"wp:featuredmedia":[{"embeddable":true,"href":"https:\/\/www.agrobase.com.br\/concursos\/wp-json\/wp\/v2\/media\/272960"}],"wp:attachment":[{"href":"https:\/\/www.agrobase.com.br\/concursos\/wp-json\/wp\/v2\/media?parent=272961"}],"wp:term":[{"taxonomy":"category","embeddable":true,"href":"https:\/\/www.agrobase.com.br\/concursos\/wp-json\/wp\/v2\/categories?post=272961"},{"taxonomy":"post_tag","embeddable":true,"href":"https:\/\/www.agrobase.com.br\/concursos\/wp-json\/wp\/v2\/tags?post=272961"},{"taxonomy":"_amplo","embeddable":true,"href":"https:\/\/www.agrobase.com.br\/concursos\/wp-json\/wp\/v2\/_amplo?post=272961"},{"taxonomy":"destaque","embeddable":true,"href":"https:\/\/www.agrobase.com.br\/concursos\/wp-json\/wp\/v2\/destaque?post=272961"},{"taxonomy":"instituicoes","embeddable":true,"href":"https:\/\/www.agrobase.com.br\/concursos\/wp-json\/wp\/v2\/instituicoes?post=272961"}],"curies":[{"name":"wp","href":"https:\/\/api.w.org\/{rel}","templated":true}]}}