{"id":272899,"date":"2025-10-22T08:30:50","date_gmt":"2025-10-22T11:30:50","guid":{"rendered":"https:\/\/www.agrobase.com.br\/concursos\/?p=272899"},"modified":"2025-10-21T15:07:09","modified_gmt":"2025-10-21T18:07:09","slug":"prefeitura-gravatal-sc-selecao-publica-07-2025","status":"publish","type":"post","link":"https:\/\/www.agrobase.com.br\/concursos\/2025\/prefeitura-gravatal-sc-selecao-publica-07-2025\/","title":{"rendered":"Prefeitura Gravatal (SC) &#8211; Sele\u00e7\u00e3o P\u00fablica 07\/2025"},"content":{"rendered":"<h2>Informa\u00e7\u00f5es Gerais<\/h2>\n<p>O Munic\u00edpio de Gravatal, em Santa Catarina, publicou o edital do <strong>Processo Seletivo 2025<\/strong>, sob responsabilidade do Instituto Fucap, com objetivo de formar cadastro reserva para diversos cargos tempor\u00e1rios no quadro da Administra\u00e7\u00e3o Municipal. O certame est\u00e1 com <strong>edital publicado<\/strong> e contempla oportunidades para profissionais de n\u00edveis <strong>fundamental (completo e incompleto), m\u00e9dio\/t\u00e9cnico e superior<\/strong>, com remunera\u00e7\u00f5es que variam de <strong>R$ 1.218,82 a R$ 4.875,85<\/strong>, conforme cargo e carga hor\u00e1ria.<\/p>\n<p>As vagas abrangem principalmente a \u00e1rea da <strong>Educa\u00e7\u00e3o<\/strong>, com destaque para cargos de professores habilitados e n\u00e3o habilitados em diferentes disciplinas e etapas de ensino, al\u00e9m de fun\u00e7\u00f5es como monitor escolar, auxiliar de servi\u00e7os gerais, motorista de transporte escolar, nutricionista, psic\u00f3logo educacional e assistente social educacional. H\u00e1 oportunidades espec\u00edficas para profissionais de <strong>Nutri\u00e7\u00e3o<\/strong>, uma das \u00e1reas de interesse do site.<\/p>\n<p>Os contratos ser\u00e3o regidos pelo regime jur\u00eddico previsto no inciso IX do art. 37 da Constitui\u00e7\u00e3o Federal, com validade de <strong>um ano<\/strong>, prorrog\u00e1vel por igual per\u00edodo. Continue a leitura para saber como se inscrever, quais s\u00e3o as etapas do processo seletivo e como acompanhar os resultados.<\/p>\n<h2>Inscri\u00e7\u00f5es<\/h2>\n<p>As inscri\u00e7\u00f5es para o Processo Seletivo da Prefeitura de Gravatal\/SC est\u00e3o <strong>abertas<\/strong> e devem ser realizadas exclusivamente <strong>online<\/strong>, por meio do site do Instituto Fucap: <a href=\"https:\/\/www.institutofucap.org.br\/concursos\/\" target=\"_blank\" rel=\"noopener\">https:\/\/www.institutofucap.org.br\/concursos\/<\/a>, no per\u00edodo de <strong>7 de outubro a 9 de novembro de 2025<\/strong>.<\/p>\n<p>O valor da taxa de inscri\u00e7\u00e3o \u00e9 de <strong>R$ 80,00<\/strong> para cargos de n\u00edvel superior e <strong>R$ 60,00<\/strong> para cargos de n\u00edvel fundamental. Ap\u00f3s preencher o formul\u00e1rio eletr\u00f4nico, o candidato dever\u00e1 imprimir o boleto banc\u00e1rio e efetuar o pagamento at\u00e9 a data de vencimento, respeitando o hor\u00e1rio limite das institui\u00e7\u00f5es financeiras.<\/p>\n<p>O sistema permite a emiss\u00e3o de segunda via do boleto apenas dentro do prazo de inscri\u00e7\u00e3o. A inscri\u00e7\u00e3o ser\u00e1 confirmada somente ap\u00f3s a compensa\u00e7\u00e3o banc\u00e1ria. Em caso de indeferimento, o candidato poder\u00e1 apresentar recurso administrativo, anexando o comprovante de pagamento.<\/p>\n<p>N\u00e3o h\u00e1 men\u00e7\u00e3o a crit\u00e9rios de isen\u00e7\u00e3o da taxa no edital. Recomenda-se que o candidato acompanhe o status da inscri\u00e7\u00e3o pela \u00e1rea restrita do site da organizadora e leia atentamente o edital completo para garantir o cumprimento de todos os requisitos.<\/p>\n<h2>Etapas e Provas<\/h2>\n<p>O Processo Seletivo da Prefeitura de Gravatal\/SC ser\u00e1 composto por at\u00e9 duas etapas, conforme o cargo pretendido:<\/p>\n<ul>\n<li><strong>Prova Objetiva<\/strong> \u2013 de car\u00e1ter <strong>eliminat\u00f3rio e classificat\u00f3rio<\/strong>, obrigat\u00f3ria para todos os cargos. A avalia\u00e7\u00e3o ser\u00e1 composta por quest\u00f5es de m\u00faltipla escolha com cinco alternativas, sendo apenas uma correta. As disciplinas cobradas incluem conhecimentos gerais e espec\u00edficos, conforme detalhado no edital. A data, hor\u00e1rio e local da prova ser\u00e3o divulgados posteriormente no site da banca.<\/li>\n<li><strong>Avalia\u00e7\u00e3o de T\u00edtulos<\/strong> \u2013 de car\u00e1ter <strong>classificat\u00f3rio<\/strong>, exclusiva para os cargos de <strong>Professor (todos os n\u00edveis e disciplinas) e Secret\u00e1rio Escolar<\/strong>. Ser\u00e3o considerados apenas os t\u00edtulos conclu\u00eddos at\u00e9 a data de publica\u00e7\u00e3o do edital. A pontua\u00e7\u00e3o ser\u00e1 atribu\u00edda com base nos crit\u00e9rios definidos pela banca, mediante an\u00e1lise documental.<\/li>\n<\/ul>\n<p>Os candidatos devem estar atentos \u00e0s publica\u00e7\u00f5es oficiais para n\u00e3o perder prazos e orienta\u00e7\u00f5es. Para detalhes sobre o conte\u00fado program\u00e1tico, crit\u00e9rios de pontua\u00e7\u00e3o e cronograma completo, recomenda-se a leitura integral do edital.<\/p>\n<h2>Resultados e Gabarito<\/h2>\n<p>O cronograma do Processo Seletivo de Gravatal\/SC prev\u00ea a <strong>publica\u00e7\u00e3o do resultado definitivo e homologa\u00e7\u00e3o<\/strong> em <strong>5 de dezembro de 2025<\/strong>. J\u00e1 a <strong>divulga\u00e7\u00e3o da 1\u00aa chamada<\/strong> est\u00e1 prevista para <strong>10 de dezembro de 2025<\/strong>, incluindo datas, hor\u00e1rios e local de apresenta\u00e7\u00e3o.<\/p>\n<p>A nota final dos candidatos ser\u00e1 composta da seguinte forma:<\/p>\n<ul>\n<li>Para cargos com apenas prova objetiva: nota final = nota da prova objetiva.<\/li>\n<li>Para cargos de Professor e Secret\u00e1rio Escolar: nota final = nota da prova objetiva + pontua\u00e7\u00e3o da avalia\u00e7\u00e3o de t\u00edtulos.<\/li>\n<\/ul>\n<p>Em caso de empate, os crit\u00e9rios de desempate seguir\u00e3o esta ordem:<\/p>\n<ul>\n<li>Maior idade (60 anos ou mais at\u00e9 o \u00faltimo dia de inscri\u00e7\u00e3o).<\/li>\n<li>Maior n\u00famero de acertos em conhecimentos espec\u00edficos.<\/li>\n<li>Maior n\u00famero de acertos em conhecimentos gerais.<\/li>\n<li>Maior idade (geral).<\/li>\n<li>Ter exercido a fun\u00e7\u00e3o de jurado, mediante comprova\u00e7\u00e3o.<\/li>\n<\/ul>\n<p>A homologa\u00e7\u00e3o do resultado final marca o in\u00edcio da validade do processo seletivo, que ser\u00e1 de <strong>1 ano<\/strong>, podendo ser prorrogado por igual per\u00edodo. As convoca\u00e7\u00f5es ser\u00e3o publicadas no <a href=\"https:\/\/www.diariomunicipal.sc.gov.br\/\" target=\"_blank\" rel=\"noopener\">Di\u00e1rio Oficial dos Munic\u00edpios de SC<\/a> e no site <a href=\"https:\/\/gravatal.atende.net\" target=\"_blank\" rel=\"noopener\">https:\/\/gravatal.atende.net<\/a>.<\/p>\n<p>\u00c9 de responsabilidade exclusiva do candidato acompanhar todas as publica\u00e7\u00f5es oficiais nos canais indicados pela banca organizadora e pela Prefeitura de Gravatal.<\/p>\n","protected":false},"excerpt":{"rendered":"<p>Sel. P\u00fablica Pref. Gravatal (SC) com edital publicado! Vagas p\/ Professor e Psic\u00f3logo (Fund. a Sup.). Inscri\u00e7\u00f5es a partir de 07\/10. Sal\u00e1rios at\u00e9 R$ 4.8k. Confira detalhes!<\/p>\n","protected":false},"author":7,"featured_media":272898,"comment_status":"open","ping_status":"open","sticky":false,"template":"","format":"standard","meta":{"_acf_changed":false,"_breakdance_hide_in_design_set":false,"_breakdance_tags":"","footnotes":""},"categories":[6433,141,6434,112,111,100,20,6872,6871,116,23,25,26,101],"tags":[61],"_amplo":[],"destaque":[],"instituicoes":[],"class_list":["post-272899","post","type-post","status-publish","format-standard","has-post-thumbnail","hentry","category-biologia-licenciatura","category-educacao-artistica","category-educacao-fisica-licenciatura","category-filosofia","category-geografia","category-historia","category-letras","category-letras-espanhol","category-letras-ingles","category-matematica","category-nutricao","category-pedagogia","category-psicologia","category-servico-social","tag-santa-catarina"],"acf":{"_tipo_vagas":"vagas","_numero_vagas":"","_quadro_vagas":"","_cargos":"diversos","_cargos_especificos":"","_salario_max":"R$ 4875.85","_abertura":"20251007","_encerramento":"20251109","_inscricoes":"https:\/\/www.institutofucap.org.br\/concursos\/","_executora_concurso":"","_instituicao_concurso":[],"_link_adicional":null,"_anexos":null,"_produtos":null,"_vagas":"CR","_salario_min":"R$ 1218.82","_instituicao":"Prefeitura de Gravatal","_edital":"https:\/\/www.agrobase.com.br\/concursos\/wp-content\/uploads\/sites\/4\/2025\/10\/edital-07-2025-prefeitura-de-gravatal-sc.pdf","_anexos_edital":"https:\/\/www.agrobase.com.br\/concursos\/wp-content\/uploads\/sites\/4\/2025\/10\/anexos-edital-07-2025-prefeitura-de-gravatal-sc.pdf","_fund_incompleto":"<div>\r\n<table class=\"quadro\">\r\n<thead>\r\n<tr>\r\n<th class=\"hcargo\">Cargo<\/th>\r\n<th class=\"hvagas\">Vagas<\/th>\r\n<th class=\"hremuneracao\">Remunera\u00e7\u00e3o<\/th>\r\n<\/tr>\r\n<\/thead>\r\n    <tbody>\r\n      <td class=\"ccargos\">\r\n<span data-balloon-length=\"medium\" aria-label=\"Alfabetizado\" data-balloon-pos=\"up\">Auxiliar de Servi\u00e7os Gerais (Feminino)<\/span><\/td>\r\n<td class=\"cvagas\">CR<\/td>\r\n<td class=\"cremuneracao\">R$ 1.556,18 \/40h<\/td>\r\n<\/tr><td class=\"ccargos\">\r\n<span data-balloon-length=\"medium\" aria-label=\"Alfabetizado\" data-balloon-pos=\"up\">Auxiliar de Servi\u00e7os Gerais (Homem)<\/span><\/td>\r\n<td class=\"cvagas\">CR<\/td>\r\n<td class=\"cremuneracao\">R$ 1.556,18 \/40h<\/td>\r\n<\/tr>\r\n    <\/tbody>\r\n  <\/table>\r\n<\/div>","_fund_completo":"<div>\r\n<table class=\"quadro\">\r\n<thead>\r\n<tr>\r\n<th class=\"hcargo\">Cargo<\/th>\r\n<th class=\"hvagas\">Vagas<\/th>\r\n<th class=\"hremuneracao\">Remunera\u00e7\u00e3o<\/th>\r\n<\/tr>\r\n<\/thead>\r\n    <tbody>\r\n      <td class=\"ccargos\">\r\n<span data-balloon-length=\"medium\" aria-label=\"Ensino Fundamental Completo\" data-balloon-pos=\"up\">Monitor Escolar<\/span><\/td>\r\n<td class=\"cvagas\">CR<\/td>\r\n<td class=\"cremuneracao\">R$ 1.845,85 \/30h<\/td>\r\n<\/tr>\r\n    <\/tbody>\r\n  <\/table>\r\n<\/div>","_medio":"<div>\r\n<table class=\"quadro\">\r\n<thead>\r\n<tr>\r\n<th class=\"hcargo\">Cargo<\/th>\r\n<th class=\"hvagas\">Vagas<\/th>\r\n<th class=\"hremuneracao\">Remunera\u00e7\u00e3o<\/th>\r\n<\/tr>\r\n<\/thead>\r\n    <tbody>\r\n      <td class=\"ccargos\">\r\n<span data-balloon-length=\"medium\" data-balloon-pos=\"up\">Motorista - Transporte Escolar<\/span><\/td>\r\n<td class=\"cvagas\">CR<\/td>\r\n<td class=\"cremuneracao\">R$ 1.719,22 \/40h<\/td>\r\n<\/tr>\r\n    <\/tbody>\r\n  <\/table>\r\n<\/div>","_superior":"<div>\r\n<table class=\"quadro\">\r\n<thead>\r\n<tr>\r\n<th class=\"hcargo\">Cargo<\/th>\r\n<th class=\"hvagas\">Vagas<\/th>\r\n<th class=\"hremuneracao\">Remunera\u00e7\u00e3o<\/th>\r\n<\/tr>\r\n<\/thead>\r\n    <tbody>\r\n      <tr>\r\n<td class=\"ccargos\">\r\n<span data-balloon-length=\"medium\" aria-label=\"Gradua\u00e7\u00e3o na \u00c1rea Espec\u00edfica de Atua\u00e7\u00e3o, devidamente registrado no Minist\u00e9rio de Educa\u00e7\u00e3o - MEC.\" data-balloon-pos=\"up\">Professor de Educa\u00e7\u00e3o Infantil Habilitado<\/span><\/td>\r\n<td class=\"cvagas\">CR<\/td>\r\n<td class=\"cremuneracao\">R$ 2.437,64 \/20h<\/td>\r\n<\/tr><tr>\r\n<td class=\"ccargos\">\r\n<span data-balloon-length=\"medium\" aria-label=\"Gradua\u00e7\u00e3o na \u00c1rea Espec\u00edfica de Atua\u00e7\u00e3o, devidamente registrado no Minist\u00e9rio de Educa\u00e7\u00e3o - MEC.\" data-balloon-pos=\"up\">Professor de Educa\u00e7\u00e3o Infantil Habilitado<\/span><\/td>\r\n<td class=\"cvagas\">CR<\/td>\r\n<td class=\"cremuneracao\">R$ 3.656,46 \/30h<\/td>\r\n<\/tr><tr>\r\n<td class=\"ccargos\">\r\n<span data-balloon-length=\"medium\" aria-label=\"Gradua\u00e7\u00e3o na \u00c1rea Espec\u00edfica de Atua\u00e7\u00e3o, devidamente registrado no Minist\u00e9rio de Educa\u00e7\u00e3o - MEC.\" data-balloon-pos=\"up\">Professor de Educa\u00e7\u00e3o Infantil Habilitado<\/span><\/td>\r\n<td class=\"cvagas\">CR<\/td>\r\n<td class=\"cremuneracao\">R$ 4.875,28 \/40h<\/td>\r\n<\/tr><tr>\r\n<td class=\"ccargos\">\r\n<span data-balloon-length=\"medium\" aria-label=\"Hist\u00f3rico escolar e comprovante de matr\u00edcula e frequ\u00eancia do 3\u00ba semestre em diante no curso de gradua\u00e7\u00e3o em Pedagogia.\" data-balloon-pos=\"up\">Professor de Educa\u00e7\u00e3o Infantil N\u00e3o Habilitado<\/span><\/td>\r\n<td class=\"cvagas\">CR<\/td>\r\n<td class=\"cremuneracao\">R$ 2.437,64 \/20h<\/td>\r\n<\/tr><tr>\r\n<td class=\"ccargos\">\r\n<span data-balloon-length=\"medium\" aria-label=\"Hist\u00f3rico escolar e comprovante de matr\u00edcula e frequ\u00eancia do 3\u00ba semestre em diante no curso de gradua\u00e7\u00e3o em Pedagogia.\" data-balloon-pos=\"up\">Professor de Educa\u00e7\u00e3o Infantil N\u00e3o Habilitado<\/span><\/td>\r\n<td class=\"cvagas\">CR<\/td>\r\n<td class=\"cremuneracao\">R$ 3.656,46 \/30h<\/td>\r\n<\/tr><tr>\r\n<td class=\"ccargos\">\r\n<span data-balloon-length=\"medium\" aria-label=\"Hist\u00f3rico escolar e comprovante de matr\u00edcula e frequ\u00eancia do 3\u00ba semestre em diante no curso de gradua\u00e7\u00e3o em Pedagogia.\" data-balloon-pos=\"up\">Professor de Educa\u00e7\u00e3o Infantil N\u00e3o Habilitado<\/span><\/td>\r\n<td class=\"cvagas\">CR<\/td>\r\n<td class=\"cremuneracao\">R$ 4.875,28 \/40h<\/td>\r\n<\/tr><tr>\r\n<td class=\"ccargos\">\r\n<span data-balloon-length=\"medium\" aria-label=\"Gradua\u00e7\u00e3o na \u00c1rea Espec\u00edfica de Atua\u00e7\u00e3o, devidamente registrado no Minist\u00e9rio de Educa\u00e7\u00e3o - MEC.\" data-balloon-pos=\"up\">Professor de Ensino Fundamental Anos Iniciais Habilitado<\/span><\/td>\r\n<td class=\"cvagas\">CR<\/td>\r\n<td class=\"cremuneracao\">R$ 2.437,64 \/20h<\/td>\r\n<\/tr><tr>\r\n<td class=\"ccargos\">\r\n<span data-balloon-length=\"medium\" aria-label=\"Gradua\u00e7\u00e3o na \u00c1rea Espec\u00edfica de Atua\u00e7\u00e3o, devidamente registrado no Minist\u00e9rio de Educa\u00e7\u00e3o - MEC.\" data-balloon-pos=\"up\">Professor de Ensino Fundamental Anos Iniciais Habilitado<\/span><\/td>\r\n<td class=\"cvagas\">CR<\/td>\r\n<td class=\"cremuneracao\">R$ 4.875,28 \/40h<\/td>\r\n<\/tr><tr>\r\n<td class=\"ccargos\">\r\n<span data-balloon-length=\"medium\" aria-label=\"Hist\u00f3rico escolar e comprovante de matr\u00edcula e frequ\u00eancia do 3\u00ba semestre em diante no curso de gradua\u00e7\u00e3o em Pedagogia.\" data-balloon-pos=\"up\">Professor de Ensino Fundamental Anos Iniciais N\u00e3o Habilitado<\/span><\/td>\r\n<td class=\"cvagas\">CR<\/td>\r\n<td class=\"cremuneracao\">R$ 2.437,64 \/20h<\/td>\r\n<\/tr><tr>\r\n<td class=\"ccargos\">\r\n<span data-balloon-length=\"medium\" aria-label=\"Hist\u00f3rico escolar e comprovante de matr\u00edcula e frequ\u00eancia do 3\u00ba semestre em diante no curso de gradua\u00e7\u00e3o em Pedagogia.\" data-balloon-pos=\"up\">Professor de Ensino Fundamental Anos Iniciais N\u00e3o Habilitado<\/span><\/td>\r\n<td class=\"cvagas\">CR<\/td>\r\n<td class=\"cremuneracao\">R$ 4.875,28 \/40h<\/td>\r\n<\/tr><tr>\r\n<td class=\"ccargos\">\r\n<span data-balloon-length=\"medium\" aria-label=\"Forma\u00e7\u00e3o em Curso de Licenciatura em Educa\u00e7\u00e3o Especial, e ou Gradua\u00e7\u00e3o em pedagogia e Curso de P\u00f3s-gradua\u00e7\u00e3o em \u00e1reas espec\u00edficas da Educa\u00e7\u00e3o Especial.\" data-balloon-pos=\"up\">Professor de Educa\u00e7\u00e3o Especial Habilitado<\/span><\/td>\r\n<td class=\"cvagas\">CR<\/td>\r\n<td class=\"cremuneracao\">R$ 2.437,64 \/20h<\/td>\r\n<\/tr><tr>\r\n<td class=\"ccargos\">\r\n<span data-balloon-length=\"medium\" aria-label=\"Forma\u00e7\u00e3o em Curso de Licenciatura em Educa\u00e7\u00e3o Especial, e ou Gradua\u00e7\u00e3o em pedagogia e Curso de P\u00f3s-gradua\u00e7\u00e3o em \u00e1reas espec\u00edficas da Educa\u00e7\u00e3o Especial.\" data-balloon-pos=\"up\">Professor de Educa\u00e7\u00e3o Especial Habilitado<\/span><\/td>\r\n<td class=\"cvagas\">CR<\/td>\r\n<td class=\"cremuneracao\">R$ 3.656,46 \/30h<\/td>\r\n<\/tr><tr>\r\n<td class=\"ccargos\">\r\n<span data-balloon-length=\"medium\" aria-label=\"Forma\u00e7\u00e3o em Curso de Licenciatura em Educa\u00e7\u00e3o Especial, e ou Gradua\u00e7\u00e3o em pedagogia e Curso de P\u00f3s-gradua\u00e7\u00e3o em \u00e1reas espec\u00edficas da Educa\u00e7\u00e3o Especial.\" data-balloon-pos=\"up\">Professor de Educa\u00e7\u00e3o Especial Habilitado<\/span><\/td>\r\n<td class=\"cvagas\">CR<\/td>\r\n<td class=\"cremuneracao\">R$ 4.875,28 \/40h<\/td>\r\n<\/tr><tr>\r\n<td class=\"ccargos\">\r\n<span data-balloon-length=\"medium\" aria-label=\"Forma\u00e7\u00e3o em Curso Superior de Gradua\u00e7\u00e3o, de Licenciatura Plena, correspondente a \u00e1rea de conhecimento espec\u00edfica do curr\u00edculo.\" data-balloon-pos=\"up\">Professor de Artes \u2013 1\u00ba ao 9\u00ba Habilitado<\/span><\/td>\r\n<td class=\"cvagas\">CR<\/td>\r\n<td class=\"cremuneracao\">R$ 1.218,82 \/10h<\/td>\r\n<\/tr><tr>\r\n<td class=\"ccargos\">\r\n<span data-balloon-length=\"medium\" aria-label=\"Forma\u00e7\u00e3o em Curso Superior de Gradua\u00e7\u00e3o, de Licenciatura Plena, correspondente a \u00e1rea de conhecimento espec\u00edfica do curr\u00edculo.\" data-balloon-pos=\"up\">Professor de Artes \u2013 1\u00ba ao 9\u00ba Habilitado<\/span><\/td>\r\n<td class=\"cvagas\">CR<\/td>\r\n<td class=\"cremuneracao\">R$ 2.437,64 \/20h<\/td>\r\n<\/tr><tr>\r\n<td class=\"ccargos\">\r\n<span data-balloon-length=\"medium\" aria-label=\"Forma\u00e7\u00e3o em Curso Superior de Gradua\u00e7\u00e3o, de Licenciatura Plena, correspondente a \u00e1rea de conhecimento espec\u00edfica do curr\u00edculo.\" data-balloon-pos=\"up\">Professor de Artes \u2013 1\u00ba ao 9\u00ba Habilitado<\/span><\/td>\r\n<td class=\"cvagas\">CR<\/td>\r\n<td class=\"cremuneracao\">R$ 3.656,46 \/30h<\/td>\r\n<\/tr><tr>\r\n<td class=\"ccargos\">\r\n<span data-balloon-length=\"medium\" aria-label=\"Forma\u00e7\u00e3o em Curso Superior de Gradua\u00e7\u00e3o, de Licenciatura Plena, correspondente a \u00e1rea de conhecimento espec\u00edfica do curr\u00edculo.\" data-balloon-pos=\"up\">Professor de Artes \u2013 1\u00ba ao 9\u00ba Habilitado<\/span><\/td>\r\n<td class=\"cvagas\">CR<\/td>\r\n<td class=\"cremuneracao\">R$ 4.875,28 \/40h<\/td>\r\n<\/tr><tr>\r\n<td class=\"ccargos\">\r\n<span data-balloon-length=\"medium\" aria-label=\"Cursando a partir da 2\u00aa fase em Curso Superior de Gradua\u00e7\u00e3o, de Licenciatura Plena, correspondente a \u00e1rea de conhecimento espec\u00edfica do curr\u00edculo.\" data-balloon-pos=\"up\">Professor de Artes \u2013 1\u00ba ao 9\u00ba N\u00e3o Habilitado<\/span><\/td>\r\n<td class=\"cvagas\">CR<\/td>\r\n<td class=\"cremuneracao\">R$ 1.218,82 \/10h<\/td>\r\n<\/tr><tr>\r\n<td class=\"ccargos\">\r\n<span data-balloon-length=\"medium\" aria-label=\"Cursando a partir da 2\u00aa fase em Curso Superior de Gradua\u00e7\u00e3o, de Licenciatura Plena, correspondente a \u00e1rea de conhecimento espec\u00edfica do curr\u00edculo.\" data-balloon-pos=\"up\">Professor de Artes \u2013 1\u00ba ao 9\u00ba N\u00e3o Habilitado<\/span><\/td>\r\n<td class=\"cvagas\">CR<\/td>\r\n<td class=\"cremuneracao\">R$ 2.437,64 \/20h<\/td>\r\n<\/tr><tr>\r\n<td class=\"ccargos\">\r\n<span data-balloon-length=\"medium\" aria-label=\"Cursando a partir da 2\u00aa fase em Curso Superior de Gradua\u00e7\u00e3o, de Licenciatura Plena, correspondente a \u00e1rea de conhecimento espec\u00edfica do curr\u00edculo.\" data-balloon-pos=\"up\">Professor de Artes \u2013 1\u00ba ao 9\u00ba N\u00e3o Habilitado<\/span><\/td>\r\n<td class=\"cvagas\">CR<\/td>\r\n<td class=\"cremuneracao\">R$ 3.656,46 \/30h<\/td>\r\n<\/tr><tr>\r\n<td class=\"ccargos\">\r\n<span data-balloon-length=\"medium\" aria-label=\"Cursando a partir da 2\u00aa fase em Curso Superior de Gradua\u00e7\u00e3o, de Licenciatura Plena, correspondente a \u00e1rea de conhecimento espec\u00edfica do curr\u00edculo.\" data-balloon-pos=\"up\">Professor de Artes \u2013 1\u00ba ao 9\u00ba N\u00e3o Habilitado<\/span><\/td>\r\n<td class=\"cvagas\">CR<\/td>\r\n<td class=\"cremuneracao\">R$ 4.875,28 \/40h<\/td>\r\n<\/tr><tr>\r\n<td class=\"ccargos\">\r\n<span data-balloon-length=\"medium\" aria-label=\"Forma\u00e7\u00e3o em Curso Superior de Gradua\u00e7\u00e3o, de Licenciatura Plena, correspondente a \u00e1rea de conhecimento espec\u00edfica do curr\u00edculo\" data-balloon-pos=\"up\">Professor de Ci\u00eancias - 6\u00ba ao 9\u00ba Habilitado<\/span><\/td>\r\n<td class=\"cvagas\">CR<\/td>\r\n<td class=\"cremuneracao\">R$ 1.218,82 \/10h<\/td>\r\n<\/tr><tr>\r\n<td class=\"ccargos\">\r\n<span data-balloon-length=\"medium\" aria-label=\"Forma\u00e7\u00e3o em Curso Superior de Gradua\u00e7\u00e3o, de Licenciatura Plena, correspondente a \u00e1rea de conhecimento espec\u00edfica do curr\u00edculo\" data-balloon-pos=\"up\">Professor de Ci\u00eancias - 6\u00ba ao 9\u00ba Habilitado<\/span><\/td>\r\n<td class=\"cvagas\">CR<\/td>\r\n<td class=\"cremuneracao\">R$ 2.437,64 \/20h<\/td>\r\n<\/tr><tr>\r\n<td class=\"ccargos\">\r\n<span data-balloon-length=\"medium\" aria-label=\"Forma\u00e7\u00e3o em Curso Superior de Gradua\u00e7\u00e3o, de Licenciatura Plena, correspondente a \u00e1rea de conhecimento espec\u00edfica do curr\u00edculo\" data-balloon-pos=\"up\">Professor de Ci\u00eancias - 6\u00ba ao 9\u00ba Habilitado<\/span><\/td>\r\n<td class=\"cvagas\">CR<\/td>\r\n<td class=\"cremuneracao\">R$ 3.656,46 \/30h<\/td>\r\n<\/tr><tr>\r\n<td class=\"ccargos\">\r\n<span data-balloon-length=\"medium\" aria-label=\"Forma\u00e7\u00e3o em Curso Superior de Gradua\u00e7\u00e3o, de Licenciatura Plena, correspondente a \u00e1rea de conhecimento espec\u00edfica do curr\u00edculo\" data-balloon-pos=\"up\">Professor de Ci\u00eancias - 6\u00ba ao 9\u00ba Habilitado<\/span><\/td>\r\n<td class=\"cvagas\">CR<\/td>\r\n<td class=\"cremuneracao\">R$ 4.875,28 \/40h<\/td>\r\n<\/tr><tr>\r\n<td class=\"ccargos\">\r\n<span data-balloon-length=\"medium\" aria-label=\"Cursando a partir da 2\u00aa fase em Curso Superior de Gradua\u00e7\u00e3o, de Licenciatura Plena, correspondente a \u00e1rea de conhecimento espec\u00edfica do curr\u00edculo\" data-balloon-pos=\"up\">Professor de Ci\u00eancias - 6\u00ba ao 9\u00ba N\u00e3o Habilitado<\/span><\/td>\r\n<td class=\"cvagas\">CR<\/td>\r\n<td class=\"cremuneracao\">R$ 1.218,82 \/10h<\/td>\r\n<\/tr><tr>\r\n<td class=\"ccargos\">\r\n<span data-balloon-length=\"medium\" aria-label=\"Cursando a partir da 2\u00aa fase em Curso Superior de Gradua\u00e7\u00e3o, de Licenciatura Plena, correspondente a \u00e1rea de conhecimento espec\u00edfica do curr\u00edculo\" data-balloon-pos=\"up\">Professor de Ci\u00eancias - 6\u00ba ao 9\u00ba N\u00e3o Habilitado<\/span><\/td>\r\n<td class=\"cvagas\">CR<\/td>\r\n<td class=\"cremuneracao\">R$ 2.437,64 \/20h<\/td>\r\n<\/tr><tr>\r\n<td class=\"ccargos\">\r\n<span data-balloon-length=\"medium\" aria-label=\"Cursando a partir da 2\u00aa fase em Curso Superior de Gradua\u00e7\u00e3o, de Licenciatura Plena, correspondente a \u00e1rea de conhecimento espec\u00edfica do curr\u00edculo\" data-balloon-pos=\"up\">Professor de Ci\u00eancias - 6\u00ba ao 9\u00ba N\u00e3o Habilitado<\/span><\/td>\r\n<td class=\"cvagas\">CR<\/td>\r\n<td class=\"cremuneracao\">R$ 3.656,46 \/30h<\/td>\r\n<\/tr><tr>\r\n<td class=\"ccargos\">\r\n<span data-balloon-length=\"medium\" aria-label=\"Cursando a partir da 2\u00aa fase em Curso Superior de Gradua\u00e7\u00e3o, de Licenciatura Plena, correspondente a \u00e1rea de conhecimento espec\u00edfica do curr\u00edculo\" data-balloon-pos=\"up\">Professor de Ci\u00eancias - 6\u00ba ao 9\u00ba N\u00e3o Habilitado<\/span><\/td>\r\n<td class=\"cvagas\">CR<\/td>\r\n<td class=\"cremuneracao\">R$ 4.875,28 \/40h<\/td>\r\n<\/tr><tr>\r\n<td class=\"ccargos\">\r\n<span data-balloon-length=\"medium\" aria-label=\"Gradua\u00e7\u00e3o em Licenciatura Plena em Ci\u00eancias da Religi\u00e3o, ou Hist\u00f3ria, e ou Filosofia e ou Bacharelado em Teologia com complementa\u00e7\u00e3o pedag\u00f3gica\" data-balloon-pos=\"up\">Professor de Ensino Religioso - 6\u00ba ao 9\u00ba Habilitado<\/span><\/td>\r\n<td class=\"cvagas\">CR<\/td>\r\n<td class=\"cremuneracao\">R$ 1.218,82 \/10h<\/td>\r\n<\/tr><tr>\r\n<td class=\"ccargos\">\r\n<span data-balloon-length=\"medium\" aria-label=\"Gradua\u00e7\u00e3o em Licenciatura Plena em Ci\u00eancias da Religi\u00e3o, ou Hist\u00f3ria, e ou Filosofia e ou Bacharelado em Teologia com complementa\u00e7\u00e3o pedag\u00f3gica\" data-balloon-pos=\"up\">Professor de Ensino Religioso - 6\u00ba ao 9\u00ba Habilitado<\/span><\/td>\r\n<td class=\"cvagas\">CR<\/td>\r\n<td class=\"cremuneracao\">R$ 2.437,64 \/20h<\/td>\r\n<\/tr><tr>\r\n<td class=\"ccargos\">\r\n<span data-balloon-length=\"medium\" aria-label=\"Gradua\u00e7\u00e3o em Licenciatura Plena em Ci\u00eancias da Religi\u00e3o, ou Hist\u00f3ria, e ou Filosofia e ou Bacharelado em Teologia com complementa\u00e7\u00e3o pedag\u00f3gica\" data-balloon-pos=\"up\">Professor de Ensino Religioso - 6\u00ba ao 9\u00ba Habilitado<\/span><\/td>\r\n<td class=\"cvagas\">CR<\/td>\r\n<td class=\"cremuneracao\">R$ 3.656,46 \/30h<\/td>\r\n<\/tr><tr>\r\n<td class=\"ccargos\">\r\n<span data-balloon-length=\"medium\" aria-label=\"Gradua\u00e7\u00e3o em Licenciatura Plena em Ci\u00eancias da Religi\u00e3o, ou Hist\u00f3ria, e ou Filosofia e ou Bacharelado em Teologia com complementa\u00e7\u00e3o pedag\u00f3gica\" data-balloon-pos=\"up\">Professor de Ensino Religioso - 6\u00ba ao 9\u00ba Habilitado<\/span><\/td>\r\n<td class=\"cvagas\">CR<\/td>\r\n<td class=\"cremuneracao\">R$ 4.875,28 \/40h<\/td>\r\n<\/tr><tr>\r\n<td class=\"ccargos\">\r\n<span data-balloon-length=\"medium\" aria-label=\"Cursando a partir da 2\u00aa fase em Gradua\u00e7\u00e3o em Licenciatura Plena em Ci\u00eancias da Religi\u00e3o, e ou Hist\u00f3ria, e ou Filosofia e\/ou Teologia ou Bacharelado em Teologia com complementa\u00e7\u00e3o pedag\u00f3gica\" data-balloon-pos=\"up\">Professor de Ensino Religioso - 6\u00ba ao 9\u00ba - N\u00e3o Habilitado<\/span><\/td>\r\n<td class=\"cvagas\">CR<\/td>\r\n<td class=\"cremuneracao\">R$ 1.218,82 \/10h<\/td>\r\n<\/tr><tr>\r\n<td class=\"ccargos\">\r\n<span data-balloon-length=\"medium\" aria-label=\"Cursando a partir da 2\u00aa fase em Gradua\u00e7\u00e3o em Licenciatura Plena em Ci\u00eancias da Religi\u00e3o, e ou Hist\u00f3ria, e ou Filosofia e\/ou Teologia ou Bacharelado em Teologia com complementa\u00e7\u00e3o pedag\u00f3gica\" data-balloon-pos=\"up\">Professor de Ensino Religioso - 6\u00ba ao 9\u00ba - N\u00e3o Habilitado<\/span><\/td>\r\n<td class=\"cvagas\">CR<\/td>\r\n<td class=\"cremuneracao\">R$ 2.437,64 \/20h<\/td>\r\n<\/tr><tr>\r\n<td class=\"ccargos\">\r\n<span data-balloon-length=\"medium\" aria-label=\"Cursando a partir da 2\u00aa fase em Gradua\u00e7\u00e3o em Licenciatura Plena em Ci\u00eancias da Religi\u00e3o, e ou Hist\u00f3ria, e ou Filosofia e\/ou Teologia ou Bacharelado em Teologia com complementa\u00e7\u00e3o pedag\u00f3gica\" data-balloon-pos=\"up\">Professor de Ensino Religioso - 6\u00ba ao 9\u00ba - N\u00e3o Habilitado<\/span><\/td>\r\n<td class=\"cvagas\">CR<\/td>\r\n<td class=\"cremuneracao\">R$ 3.656,46 \/30h<\/td>\r\n<\/tr><tr>\r\n<td class=\"ccargos\">\r\n<span data-balloon-length=\"medium\" aria-label=\"Cursando a partir da 2\u00aa fase em Gradua\u00e7\u00e3o em Licenciatura Plena em Ci\u00eancias da Religi\u00e3o, e ou Hist\u00f3ria, e ou Filosofia e\/ou Teologia ou Bacharelado em Teologia com complementa\u00e7\u00e3o pedag\u00f3gica\" data-balloon-pos=\"up\">Professor de Ensino Religioso - 6\u00ba ao 9\u00ba - N\u00e3o Habilitado<\/span><\/td>\r\n<td class=\"cvagas\">CR<\/td>\r\n<td class=\"cremuneracao\">R$ 4.875,28 \/40h<\/td>\r\n<\/tr><tr>\r\n<td class=\"ccargos\">\r\n<span data-balloon-length=\"medium\" aria-label=\"Forma\u00e7\u00e3o em Curso Superior de Gradua\u00e7\u00e3o, de Licenciatura Plena, correspondente a \u00e1rea de conhecimento espec\u00edfica do curr\u00edculo\" data-balloon-pos=\"up\">Professor de Educa\u00e7\u00e3o F\u00edsica - 1\u00ba ao 9\u00ba Habilitado<\/span><\/td>\r\n<td class=\"cvagas\">CR<\/td>\r\n<td class=\"cremuneracao\">R$ 1.218,82 \/10h<\/td>\r\n<\/tr><tr>\r\n<td class=\"ccargos\">\r\n<span data-balloon-length=\"medium\" aria-label=\"Forma\u00e7\u00e3o em Curso Superior de Gradua\u00e7\u00e3o, de Licenciatura Plena, correspondente a \u00e1rea de conhecimento espec\u00edfica do curr\u00edculo\" data-balloon-pos=\"up\">Professor de Educa\u00e7\u00e3o F\u00edsica - 1\u00ba ao 9\u00ba Habilitado<\/span><\/td>\r\n<td class=\"cvagas\">CR<\/td>\r\n<td class=\"cremuneracao\">R$ 2.437,64 \/20h<\/td>\r\n<\/tr><tr>\r\n<td class=\"ccargos\">\r\n<span data-balloon-length=\"medium\" aria-label=\"Forma\u00e7\u00e3o em Curso Superior de Gradua\u00e7\u00e3o, de Licenciatura Plena, correspondente a \u00e1rea de conhecimento espec\u00edfica do curr\u00edculo\" data-balloon-pos=\"up\">Professor de Educa\u00e7\u00e3o F\u00edsica - 1\u00ba ao 9\u00ba Habilitado<\/span><\/td>\r\n<td class=\"cvagas\">CR<\/td>\r\n<td class=\"cremuneracao\">R$ 3.656,46 \/30h<\/td>\r\n<\/tr><tr>\r\n<td class=\"ccargos\">\r\n<span data-balloon-length=\"medium\" aria-label=\"Forma\u00e7\u00e3o em Curso Superior de Gradua\u00e7\u00e3o, de Licenciatura Plena, correspondente a \u00e1rea de conhecimento espec\u00edfica do curr\u00edculo\" data-balloon-pos=\"up\">Professor de Educa\u00e7\u00e3o F\u00edsica - 1\u00ba ao 9\u00ba Habilitado<\/span><\/td>\r\n<td class=\"cvagas\">CR<\/td>\r\n<td class=\"cremuneracao\">R$ 4.875,28 \/40h<\/td>\r\n<\/tr><tr>\r\n<td class=\"ccargos\">\r\n<span data-balloon-length=\"medium\" aria-label=\"Forma\u00e7\u00e3o em Curso Superior de Gradua\u00e7\u00e3o, de Licenciatura Plena, correspondente a \u00e1rea de conhecimento espec\u00edfica do curr\u00edculo\" data-balloon-pos=\"up\">Professor de Geografia - 6\u00ba ao 9\u00ba Habilitado<\/span><\/td>\r\n<td class=\"cvagas\">CR<\/td>\r\n<td class=\"cremuneracao\">R$ 1.218,82 \/10h<\/td>\r\n<\/tr><tr>\r\n<td class=\"ccargos\">\r\n<span data-balloon-length=\"medium\" aria-label=\"Forma\u00e7\u00e3o em Curso Superior de Gradua\u00e7\u00e3o, de Licenciatura Plena, correspondente a \u00e1rea de conhecimento espec\u00edfica do curr\u00edculo\" data-balloon-pos=\"up\">Professor de Geografia - 6\u00ba ao 9\u00ba Habilitado<\/span><\/td>\r\n<td class=\"cvagas\">CR<\/td>\r\n<td class=\"cremuneracao\">R$ 2.437,64 \/20h<\/td>\r\n<\/tr><tr>\r\n<td class=\"ccargos\">\r\n<span data-balloon-length=\"medium\" aria-label=\"Forma\u00e7\u00e3o em Curso Superior de Gradua\u00e7\u00e3o, de Licenciatura Plena, correspondente a \u00e1rea de conhecimento espec\u00edfica do curr\u00edculo\" data-balloon-pos=\"up\">Professor de Geografia - 6\u00ba ao 9\u00ba Habilitado<\/span><\/td>\r\n<td class=\"cvagas\">CR<\/td>\r\n<td class=\"cremuneracao\">R$ 3.656,46 \/30h<\/td>\r\n<\/tr><tr>\r\n<td class=\"ccargos\">\r\n<span data-balloon-length=\"medium\" aria-label=\"Forma\u00e7\u00e3o em Curso Superior de Gradua\u00e7\u00e3o, de Licenciatura Plena, correspondente a \u00e1rea de conhecimento espec\u00edfica do curr\u00edculo\" data-balloon-pos=\"up\">Professor de Geografia - 6\u00ba ao 9\u00ba Habilitado<\/span><\/td>\r\n<td class=\"cvagas\">CR<\/td>\r\n<td class=\"cremuneracao\">R$ 4.875,28 \/40h<\/td>\r\n<\/tr><tr>\r\n<td class=\"ccargos\">\r\n<span data-balloon-length=\"medium\" aria-label=\"Cursando a partir da 2\u00aa fase em Curso Superior de Gradua\u00e7\u00e3o, de Licenciatura Plena, correspondente a \u00e1rea de conhecimento espec\u00edfica do curr\u00edculo\" data-balloon-pos=\"up\">Professor de Geografia - 6\u00ba ao 9\u00ba N\u00e3o Habilitado<\/span><\/td>\r\n<td class=\"cvagas\">CR<\/td>\r\n<td class=\"cremuneracao\">R$ 1.218,82 \/10h<\/td>\r\n<\/tr><tr>\r\n<td class=\"ccargos\">\r\n<span data-balloon-length=\"medium\" aria-label=\"Cursando a partir da 2\u00aa fase em Curso Superior de Gradua\u00e7\u00e3o, de Licenciatura Plena, correspondente a \u00e1rea de conhecimento espec\u00edfica do curr\u00edculo\" data-balloon-pos=\"up\">Professor de Geografia - 6\u00ba ao 9\u00ba N\u00e3o Habilitado<\/span><\/td>\r\n<td class=\"cvagas\">CR<\/td>\r\n<td class=\"cremuneracao\">R$ 2.437,64 \/20h<\/td>\r\n<\/tr><tr>\r\n<td class=\"ccargos\">\r\n<span data-balloon-length=\"medium\" aria-label=\"Cursando a partir da 2\u00aa fase em Curso Superior de Gradua\u00e7\u00e3o, de Licenciatura Plena, correspondente a \u00e1rea de conhecimento espec\u00edfica do curr\u00edculo\" data-balloon-pos=\"up\">Professor de Geografia - 6\u00ba ao 9\u00ba N\u00e3o Habilitado<\/span><\/td>\r\n<td class=\"cvagas\">CR<\/td>\r\n<td class=\"cremuneracao\">R$ 3.656,46 \/30h<\/td>\r\n<\/tr><tr>\r\n<td class=\"ccargos\">\r\n<span data-balloon-length=\"medium\" aria-label=\"Cursando a partir da 2\u00aa fase em Curso Superior de Gradua\u00e7\u00e3o, de Licenciatura Plena, correspondente a \u00e1rea de conhecimento espec\u00edfica do curr\u00edculo\" data-balloon-pos=\"up\">Professor de Geografia - 6\u00ba ao 9\u00ba N\u00e3o Habilitado<\/span><\/td>\r\n<td class=\"cvagas\">CR<\/td>\r\n<td class=\"cremuneracao\">R$ 4.875,28 \/40h<\/td>\r\n<\/tr><tr>\r\n<td class=\"ccargos\">\r\n<span data-balloon-length=\"medium\" aria-label=\"Forma\u00e7\u00e3o em Curso Superior de Gradua\u00e7\u00e3o, de Licenciatura Plena, correspondente a \u00e1rea de conhecimento espec\u00edfica do curr\u00edculo\" data-balloon-pos=\"up\">Professor de Hist\u00f3ria - 6\u00ba ao 9\u00ba Habilitado<\/span><\/td>\r\n<td class=\"cvagas\">CR<\/td>\r\n<td class=\"cremuneracao\">R$ 1.218,82 \/10h<\/td>\r\n<\/tr><tr>\r\n<td class=\"ccargos\">\r\n<span data-balloon-length=\"medium\" aria-label=\"Forma\u00e7\u00e3o em Curso Superior de Gradua\u00e7\u00e3o, de Licenciatura Plena, correspondente a \u00e1rea de conhecimento espec\u00edfica do curr\u00edculo\" data-balloon-pos=\"up\">Professor de Hist\u00f3ria - 6\u00ba ao 9\u00ba Habilitado<\/span><\/td>\r\n<td class=\"cvagas\">CR<\/td>\r\n<td class=\"cremuneracao\">R$ 2.437,64 \/20h<\/td>\r\n<\/tr><tr>\r\n<td class=\"ccargos\">\r\n<span data-balloon-length=\"medium\" aria-label=\"Forma\u00e7\u00e3o em Curso Superior de Gradua\u00e7\u00e3o, de Licenciatura Plena, correspondente a \u00e1rea de conhecimento espec\u00edfica do curr\u00edculo\" data-balloon-pos=\"up\">Professor de Hist\u00f3ria - 6\u00ba ao 9\u00ba Habilitado<\/span><\/td>\r\n<td class=\"cvagas\">CR<\/td>\r\n<td class=\"cremuneracao\">R$ 3.656,46 \/30h<\/td>\r\n<\/tr><tr>\r\n<td class=\"ccargos\">\r\n<span data-balloon-length=\"medium\" aria-label=\"Forma\u00e7\u00e3o em Curso Superior de Gradua\u00e7\u00e3o, de Licenciatura Plena, correspondente a \u00e1rea de conhecimento espec\u00edfica do curr\u00edculo\" data-balloon-pos=\"up\">Professor de Hist\u00f3ria - 6\u00ba ao 9\u00ba Habilitado<\/span><\/td>\r\n<td class=\"cvagas\">CR<\/td>\r\n<td class=\"cremuneracao\">R$ 4.875,28 \/40h<\/td>\r\n<\/tr><tr>\r\n<td class=\"ccargos\">\r\n<span data-balloon-length=\"medium\" aria-label=\"Cursando a partir da 2\u00aa fase em Curso Superior de Gradua\u00e7\u00e3o, de Licenciatura Plena, correspondente a \u00e1rea de conhecimento espec\u00edfica do curr\u00edculo\" data-balloon-pos=\"up\">Professor de Hist\u00f3ria - 6\u00ba ao 9\u00ba N\u00e3o Habilitado<\/span><\/td>\r\n<td class=\"cvagas\">CR<\/td>\r\n<td class=\"cremuneracao\">R$ 1.218,82 \/10h<\/td>\r\n<\/tr><tr>\r\n<td class=\"ccargos\">\r\n<span data-balloon-length=\"medium\" aria-label=\"Cursando a partir da 2\u00aa fase em Curso Superior de Gradua\u00e7\u00e3o, de Licenciatura Plena, correspondente a \u00e1rea de conhecimento espec\u00edfica do curr\u00edculo\" data-balloon-pos=\"up\">Professor de Hist\u00f3ria - 6\u00ba ao 9\u00ba N\u00e3o Habilitado<\/span><\/td>\r\n<td class=\"cvagas\">CR<\/td>\r\n<td class=\"cremuneracao\">R$ 2.437,64 \/20h<\/td>\r\n<\/tr><tr>\r\n<td class=\"ccargos\">\r\n<span data-balloon-length=\"medium\" aria-label=\"Cursando a partir da 2\u00aa fase em Curso Superior de Gradua\u00e7\u00e3o, de Licenciatura Plena, correspondente a \u00e1rea de conhecimento espec\u00edfica do curr\u00edculo\" data-balloon-pos=\"up\">Professor de Hist\u00f3ria - 6\u00ba ao 9\u00ba N\u00e3o Habilitado<\/span><\/td>\r\n<td class=\"cvagas\">CR<\/td>\r\n<td class=\"cremuneracao\">R$ 3.656,46 \/30h<\/td>\r\n<\/tr><tr>\r\n<td class=\"ccargos\">\r\n<span data-balloon-length=\"medium\" aria-label=\"Cursando a partir da 2\u00aa fase em Curso Superior de Gradua\u00e7\u00e3o, de Licenciatura Plena, correspondente a \u00e1rea de conhecimento espec\u00edfica do curr\u00edculo\" data-balloon-pos=\"up\">Professor de Hist\u00f3ria - 6\u00ba ao 9\u00ba N\u00e3o Habilitado<\/span><\/td>\r\n<td class=\"cvagas\">CR<\/td>\r\n<td class=\"cremuneracao\">R$ 4.875,28 \/40h<\/td>\r\n<\/tr><tr>\r\n<td class=\"ccargos\">\r\n<span data-balloon-length=\"medium\" aria-label=\"Forma\u00e7\u00e3o em Curso Superior de Gradua\u00e7\u00e3o, de Licenciatura Plena, correspondente a \u00e1rea de conhecimento espec\u00edfica do curr\u00edculo\" data-balloon-pos=\"up\">Professor de Ingl\u00eas - 1\u00ba ao 9\u00ba Habilitado<\/span><\/td>\r\n<td class=\"cvagas\">CR<\/td>\r\n<td class=\"cremuneracao\">R$ 1.218,82 \/10h<\/td>\r\n<\/tr><tr>\r\n<td class=\"ccargos\">\r\n<span data-balloon-length=\"medium\" aria-label=\"Forma\u00e7\u00e3o em Curso Superior de Gradua\u00e7\u00e3o, de Licenciatura Plena, correspondente a \u00e1rea de conhecimento espec\u00edfica do curr\u00edculo\" data-balloon-pos=\"up\">Professor de Ingl\u00eas - 1\u00ba ao 9\u00ba Habilitado<\/span><\/td>\r\n<td class=\"cvagas\">CR<\/td>\r\n<td class=\"cremuneracao\">R$ 2.437,64 \/20h<\/td>\r\n<\/tr><tr>\r\n<td class=\"ccargos\">\r\n<span data-balloon-length=\"medium\" aria-label=\"Forma\u00e7\u00e3o em Curso Superior de Gradua\u00e7\u00e3o, de Licenciatura Plena, correspondente a \u00e1rea de conhecimento espec\u00edfica do curr\u00edculo\" data-balloon-pos=\"up\">Professor de Ingl\u00eas - 1\u00ba ao 9\u00ba Habilitado<\/span><\/td>\r\n<td class=\"cvagas\">CR<\/td>\r\n<td class=\"cremuneracao\">R$ 3.656,46 \/30h<\/td>\r\n<\/tr><tr>\r\n<td class=\"ccargos\">\r\n<span data-balloon-length=\"medium\" aria-label=\"Forma\u00e7\u00e3o em Curso Superior de Gradua\u00e7\u00e3o, de Licenciatura Plena, correspondente a \u00e1rea de conhecimento espec\u00edfica do curr\u00edculo\" data-balloon-pos=\"up\">Professor de Ingl\u00eas - 1\u00ba ao 9\u00ba Habilitado<\/span><\/td>\r\n<td class=\"cvagas\">CR<\/td>\r\n<td class=\"cremuneracao\">R$ 4.875,28 \/40h<\/td>\r\n<\/tr><tr>\r\n<td class=\"ccargos\">\r\n<span data-balloon-length=\"medium\" aria-label=\"Cursando a partir da 2\u00aa fase em Curso Superior de Gradua\u00e7\u00e3o, de Licenciatura Plena, correspondente a \u00e1rea de conhecimento espec\u00edfica do curr\u00edculo\" data-balloon-pos=\"up\">Professor de Ingl\u00eas \u2013 1\u00ba ao 9\u00ba N\u00e3o Habilitado<\/span><\/td>\r\n<td class=\"cvagas\">CR<\/td>\r\n<td class=\"cremuneracao\">R$ 1.218,82 \/10h<\/td>\r\n<\/tr><tr>\r\n<td class=\"ccargos\">\r\n<span data-balloon-length=\"medium\" aria-label=\"Cursando a partir da 2\u00aa fase em Curso Superior de Gradua\u00e7\u00e3o, de Licenciatura Plena, correspondente a \u00e1rea de conhecimento espec\u00edfica do curr\u00edculo\" data-balloon-pos=\"up\">Professor de Ingl\u00eas \u2013 1\u00ba ao 9\u00ba N\u00e3o Habilitado<\/span><\/td>\r\n<td class=\"cvagas\">CR<\/td>\r\n<td class=\"cremuneracao\">R$ 2.437,64 \/20h<\/td>\r\n<\/tr><tr>\r\n<td class=\"ccargos\">\r\n<span data-balloon-length=\"medium\" aria-label=\"Cursando a partir da 2\u00aa fase em Curso Superior de Gradua\u00e7\u00e3o, de Licenciatura Plena, correspondente a \u00e1rea de conhecimento espec\u00edfica do curr\u00edculo\" data-balloon-pos=\"up\">Professor de Ingl\u00eas \u2013 1\u00ba ao 9\u00ba N\u00e3o Habilitado<\/span><\/td>\r\n<td class=\"cvagas\">CR<\/td>\r\n<td class=\"cremuneracao\">R$ 3.656,46 \/30h<\/td>\r\n<\/tr><tr>\r\n<td class=\"ccargos\">\r\n<span data-balloon-length=\"medium\" aria-label=\"Cursando a partir da 2\u00aa fase em Curso Superior de Gradua\u00e7\u00e3o, de Licenciatura Plena, correspondente a \u00e1rea de conhecimento espec\u00edfica do curr\u00edculo\" data-balloon-pos=\"up\">Professor de Ingl\u00eas \u2013 1\u00ba ao 9\u00ba N\u00e3o Habilitado<\/span><\/td>\r\n<td class=\"cvagas\">CR<\/td>\r\n<td class=\"cremuneracao\">R$ 4.875,28 \/40h<\/td>\r\n<\/tr><tr>\r\n<td class=\"ccargos\">\r\n<span data-balloon-length=\"medium\" aria-label=\"Forma\u00e7\u00e3o em Curso Superior de Gradua\u00e7\u00e3o, de Licenciatura Plena, correspondente a \u00e1rea de conhecimento espec\u00edfica do curr\u00edculo\" data-balloon-pos=\"up\">Professor de L\u00edngua Portuguesa - 6\u00ba ao 9\u00ba Habilitado<\/span><\/td>\r\n<td class=\"cvagas\">CR<\/td>\r\n<td class=\"cremuneracao\">R$ 1.218,82 \/10h<\/td>\r\n<\/tr><tr>\r\n<td class=\"ccargos\">\r\n<span data-balloon-length=\"medium\" aria-label=\"Forma\u00e7\u00e3o em Curso Superior de Gradua\u00e7\u00e3o, de Licenciatura Plena, correspondente a \u00e1rea de conhecimento espec\u00edfica do curr\u00edculo\" data-balloon-pos=\"up\">Professor de L\u00edngua Portuguesa - 6\u00ba ao 9\u00ba Habilitado<\/span><\/td>\r\n<td class=\"cvagas\">CR<\/td>\r\n<td class=\"cremuneracao\">R$ 2.437,64 \/20h<\/td>\r\n<\/tr><tr>\r\n<td class=\"ccargos\">\r\n<span data-balloon-length=\"medium\" aria-label=\"Forma\u00e7\u00e3o em Curso Superior de Gradua\u00e7\u00e3o, de Licenciatura Plena, correspondente a \u00e1rea de conhecimento espec\u00edfica do curr\u00edculo\" data-balloon-pos=\"up\">Professor de L\u00edngua Portuguesa - 6\u00ba ao 9\u00ba Habilitado<\/span><\/td>\r\n<td class=\"cvagas\">CR<\/td>\r\n<td class=\"cremuneracao\">R$ 3.656,46 \/30h<\/td>\r\n<\/tr><tr>\r\n<td class=\"ccargos\">\r\n<span data-balloon-length=\"medium\" aria-label=\"Forma\u00e7\u00e3o em Curso Superior de Gradua\u00e7\u00e3o, de Licenciatura Plena, correspondente a \u00e1rea de conhecimento espec\u00edfica do curr\u00edculo\" data-balloon-pos=\"up\">Professor de L\u00edngua Portuguesa - 6\u00ba ao 9\u00ba Habilitado<\/span><\/td>\r\n<td class=\"cvagas\">CR<\/td>\r\n<td class=\"cremuneracao\">R$ 4.875,28 \/40h<\/td>\r\n<\/tr><tr>\r\n<td class=\"ccargos\">\r\n<span data-balloon-length=\"medium\" aria-label=\"Cursando a partir da 2\u00aa fase em Curso Superior de Gradua\u00e7\u00e3o, de Licenciatura Plena, correspondente a \u00e1rea de conhecimento espec\u00edfica do curr\u00edculo\" data-balloon-pos=\"up\">Professor de L\u00edngua Portuguesa - 6\u00ba ao 9\u00ba N\u00e3o Habilitado<\/span><\/td>\r\n<td class=\"cvagas\">CR<\/td>\r\n<td class=\"cremuneracao\">R$ 1.218,82 \/10h<\/td>\r\n<\/tr><tr>\r\n<td class=\"ccargos\">\r\n<span data-balloon-length=\"medium\" aria-label=\"Cursando a partir da 2\u00aa fase em Curso Superior de Gradua\u00e7\u00e3o, de Licenciatura Plena, correspondente a \u00e1rea de conhecimento espec\u00edfica do curr\u00edculo\" data-balloon-pos=\"up\">Professor de L\u00edngua Portuguesa - 6\u00ba ao 9\u00ba N\u00e3o Habilitado<\/span><\/td>\r\n<td class=\"cvagas\">CR<\/td>\r\n<td class=\"cremuneracao\">R$ 2.437,64 \/20h<\/td>\r\n<\/tr><tr>\r\n<td class=\"ccargos\">\r\n<span data-balloon-length=\"medium\" aria-label=\"Cursando a partir da 2\u00aa fase em Curso Superior de Gradua\u00e7\u00e3o, de Licenciatura Plena, correspondente a \u00e1rea de conhecimento espec\u00edfica do curr\u00edculo\" data-balloon-pos=\"up\">Professor de L\u00edngua Portuguesa - 6\u00ba ao 9\u00ba N\u00e3o Habilitado<\/span><\/td>\r\n<td class=\"cvagas\">CR<\/td>\r\n<td class=\"cremuneracao\">R$ 3.656,46 \/30h<\/td>\r\n<\/tr><tr>\r\n<td class=\"ccargos\">\r\n<span data-balloon-length=\"medium\" aria-label=\"Cursando a partir da 2\u00aa fase em Curso Superior de Gradua\u00e7\u00e3o, de Licenciatura Plena, correspondente a \u00e1rea de conhecimento espec\u00edfica do curr\u00edculo\" data-balloon-pos=\"up\">Professor de L\u00edngua Portuguesa - 6\u00ba ao 9\u00ba N\u00e3o Habilitado<\/span><\/td>\r\n<td class=\"cvagas\">CR<\/td>\r\n<td class=\"cremuneracao\">R$ 4.875,28 \/40h<\/td>\r\n<\/tr><tr>\r\n<td class=\"ccargos\">\r\n<span data-balloon-length=\"medium\" aria-label=\"Forma\u00e7\u00e3o em Curso Superior de Gradua\u00e7\u00e3o, de Licenciatura Plena, correspondente a \u00e1rea de conhecimento espec\u00edfica do curr\u00edculo\" data-balloon-pos=\"up\">Professor de Matem\u00e1tica - 6\u00ba ao 9\u00ba Habilitado<\/span><\/td>\r\n<td class=\"cvagas\">CR<\/td>\r\n<td class=\"cremuneracao\">R$ 1.218,82 \/10h<\/td>\r\n<\/tr><tr>\r\n<td class=\"ccargos\">\r\n<span data-balloon-length=\"medium\" aria-label=\"Forma\u00e7\u00e3o em Curso Superior de Gradua\u00e7\u00e3o, de Licenciatura Plena, correspondente a \u00e1rea de conhecimento espec\u00edfica do curr\u00edculo\" data-balloon-pos=\"up\">Professor de Matem\u00e1tica - 6\u00ba ao 9\u00ba Habilitado<\/span><\/td>\r\n<td class=\"cvagas\">CR<\/td>\r\n<td class=\"cremuneracao\">R$ 2.437,64 \/20h<\/td>\r\n<\/tr><tr>\r\n<td class=\"ccargos\">\r\n<span data-balloon-length=\"medium\" aria-label=\"Forma\u00e7\u00e3o em Curso Superior de Gradua\u00e7\u00e3o, de Licenciatura Plena, correspondente a \u00e1rea de conhecimento espec\u00edfica do curr\u00edculo\" data-balloon-pos=\"up\">Professor de Matem\u00e1tica - 6\u00ba ao 9\u00ba Habilitado<\/span><\/td>\r\n<td class=\"cvagas\">CR<\/td>\r\n<td class=\"cremuneracao\">R$ 3.656,46 \/30h<\/td>\r\n<\/tr><tr>\r\n<td class=\"ccargos\">\r\n<span data-balloon-length=\"medium\" aria-label=\"Forma\u00e7\u00e3o em Curso Superior de Gradua\u00e7\u00e3o, de Licenciatura Plena, correspondente a \u00e1rea de conhecimento espec\u00edfica do curr\u00edculo\" data-balloon-pos=\"up\">Professor de Matem\u00e1tica - 6\u00ba ao 9\u00ba Habilitado<\/span><\/td>\r\n<td class=\"cvagas\">CR<\/td>\r\n<td class=\"cremuneracao\">R$ 4.875,28 \/40h<\/td>\r\n<\/tr><tr>\r\n<td class=\"ccargos\">\r\n<span data-balloon-length=\"medium\" aria-label=\"Cursando a partir da 2\u00aa fase em Curso Superior de Gradua\u00e7\u00e3o, de Licenciatura Plena, correspondente a \u00e1rea de conhecimento espec\u00edfica do curr\u00edculo\" data-balloon-pos=\"up\">Professor de Matem\u00e1tica - 6\u00ba ao 9\u00ba N\u00e3o Habilitado<\/span><\/td>\r\n<td class=\"cvagas\">CR<\/td>\r\n<td class=\"cremuneracao\">R$ 1.218,82 \/10h<\/td>\r\n<\/tr><tr>\r\n<td class=\"ccargos\">\r\n<span data-balloon-length=\"medium\" aria-label=\"Cursando a partir da 2\u00aa fase em Curso Superior de Gradua\u00e7\u00e3o, de Licenciatura Plena, correspondente a \u00e1rea de conhecimento espec\u00edfica do curr\u00edculo\" data-balloon-pos=\"up\">Professor de Matem\u00e1tica - 6\u00ba ao 9\u00ba N\u00e3o Habilitado<\/span><\/td>\r\n<td class=\"cvagas\">CR<\/td>\r\n<td class=\"cremuneracao\">R$ 2.437,64 \/20h<\/td>\r\n<\/tr><tr>\r\n<td class=\"ccargos\">\r\n<span data-balloon-length=\"medium\" aria-label=\"Cursando a partir da 2\u00aa fase em Curso Superior de Gradua\u00e7\u00e3o, de Licenciatura Plena, correspondente a \u00e1rea de conhecimento espec\u00edfica do curr\u00edculo\" data-balloon-pos=\"up\">Professor de Matem\u00e1tica - 6\u00ba ao 9\u00ba N\u00e3o Habilitado<\/span><\/td>\r\n<td class=\"cvagas\">CR<\/td>\r\n<td class=\"cremuneracao\">R$ 3.656,46 \/30h<\/td>\r\n<\/tr><tr>\r\n<td class=\"ccargos\">\r\n<span data-balloon-length=\"medium\" aria-label=\"Cursando a partir da 2\u00aa fase em Curso Superior de Gradua\u00e7\u00e3o, de Licenciatura Plena, correspondente a \u00e1rea de conhecimento espec\u00edfica do curr\u00edculo\" data-balloon-pos=\"up\">Professor de Matem\u00e1tica - 6\u00ba ao 9\u00ba N\u00e3o Habilitado<\/span><\/td>\r\n<td class=\"cvagas\">CR<\/td>\r\n<td class=\"cremuneracao\">R$ 4.875,28 \/40h<\/td>\r\n<\/tr><tr>\r\n<td class=\"ccargos\">\r\n<span data-balloon-length=\"medium\" aria-label=\"Forma\u00e7\u00e3o em Curso Superior de Gradua\u00e7\u00e3o, de Licenciatura Plena, correspondente a \u00e1rea de conhecimento espec\u00edfica do curr\u00edculo - Com habilita\u00e7\u00e3o em Espanhol.\" data-balloon-pos=\"up\">Professor de L\u00edngua Portuguesa - Com habilita\u00e7\u00e3o em Espanhol. Habilitado<\/span><\/td>\r\n<td class=\"cvagas\">CR<\/td>\r\n<td class=\"cremuneracao\">R$ 1.218,82 \/10h<\/td>\r\n<\/tr><tr>\r\n<td class=\"ccargos\">\r\n<span data-balloon-length=\"medium\" aria-label=\"Curso Superior de Assist\u00eancia Social, com registro no CRESS.\" data-balloon-pos=\"up\">Assistente Social - Educacional<\/span><\/td>\r\n<td class=\"cvagas\">CR<\/td>\r\n<td class=\"cremuneracao\">R$ 2.626,43 \/30h<\/td>\r\n<\/tr><tr>\r\n<td class=\"ccargos\">\r\n<span data-balloon-length=\"medium\" aria-label=\"Curso Superior em Nutri\u00e7\u00e3o e registro no Conselho ou \u00d3rg\u00e3o competente\" data-balloon-pos=\"up\">Nutricionista<\/span><\/td>\r\n<td class=\"cvagas\">CR<\/td>\r\n<td class=\"cremuneracao\">R$ 2.961,98 \/30h<\/td>\r\n<\/tr><tr>\r\n<td class=\"ccargos\">\r\n<span data-balloon-length=\"medium\" aria-label=\"Ensino Superior em Psicologia prova de inscri\u00e7\u00e3o no respectivo Conselho.\" data-balloon-pos=\"up\">Psic\u00f3logo - Educacional<\/span><\/td>\r\n<td class=\"cvagas\">CR<\/td>\r\n<td class=\"cremuneracao\">R$ 2.159,07 \/20h<\/td>\r\n<\/tr><tr>\r\n<td class=\"ccargos\">\r\n<span data-balloon-length=\"medium\" aria-label=\"Ensino Superior em Psicologia prova de inscri\u00e7\u00e3o no respectivo Conselho.\" data-balloon-pos=\"up\">Psic\u00f3logo - Educacional<\/span><\/td>\r\n<td class=\"cvagas\">CR<\/td>\r\n<td class=\"cremuneracao\">R$ 3.336,30 \/30h<\/td>\r\n<\/tr><tr>\r\n<td class=\"ccargos\">\r\n<span data-balloon-length=\"medium\" aria-label=\"Conclus\u00e3o de curso superior na \u00e1rea da educa\u00e7\u00e3o, com registro no Minist\u00e9rio da Educa\u00e7\u00e3o - MEC\" data-balloon-pos=\"up\">Secretario de Escola<\/span><\/td>\r\n<td class=\"cvagas\">CR<\/td>\r\n<td class=\"cremuneracao\">R$ 4.875,85 \/40h<\/td>\r\n<\/tr>\r\n    <\/tbody>\r\n  <\/table>\r\n<\/div>"},"_links":{"self":[{"href":"https:\/\/www.agrobase.com.br\/concursos\/wp-json\/wp\/v2\/posts\/272899","targetHints":{"allow":["GET"]}}],"collection":[{"href":"https:\/\/www.agrobase.com.br\/concursos\/wp-json\/wp\/v2\/posts"}],"about":[{"href":"https:\/\/www.agrobase.com.br\/concursos\/wp-json\/wp\/v2\/types\/post"}],"author":[{"embeddable":true,"href":"https:\/\/www.agrobase.com.br\/concursos\/wp-json\/wp\/v2\/users\/7"}],"replies":[{"embeddable":true,"href":"https:\/\/www.agrobase.com.br\/concursos\/wp-json\/wp\/v2\/comments?post=272899"}],"version-history":[{"count":2,"href":"https:\/\/www.agrobase.com.br\/concursos\/wp-json\/wp\/v2\/posts\/272899\/revisions"}],"predecessor-version":[{"id":272903,"href":"https:\/\/www.agrobase.com.br\/concursos\/wp-json\/wp\/v2\/posts\/272899\/revisions\/272903"}],"wp:featuredmedia":[{"embeddable":true,"href":"https:\/\/www.agrobase.com.br\/concursos\/wp-json\/wp\/v2\/media\/272898"}],"wp:attachment":[{"href":"https:\/\/www.agrobase.com.br\/concursos\/wp-json\/wp\/v2\/media?parent=272899"}],"wp:term":[{"taxonomy":"category","embeddable":true,"href":"https:\/\/www.agrobase.com.br\/concursos\/wp-json\/wp\/v2\/categories?post=272899"},{"taxonomy":"post_tag","embeddable":true,"href":"https:\/\/www.agrobase.com.br\/concursos\/wp-json\/wp\/v2\/tags?post=272899"},{"taxonomy":"_amplo","embeddable":true,"href":"https:\/\/www.agrobase.com.br\/concursos\/wp-json\/wp\/v2\/_amplo?post=272899"},{"taxonomy":"destaque","embeddable":true,"href":"https:\/\/www.agrobase.com.br\/concursos\/wp-json\/wp\/v2\/destaque?post=272899"},{"taxonomy":"instituicoes","embeddable":true,"href":"https:\/\/www.agrobase.com.br\/concursos\/wp-json\/wp\/v2\/instituicoes?post=272899"}],"curies":[{"name":"wp","href":"https:\/\/api.w.org\/{rel}","templated":true}]}}