{"id":272893,"date":"2025-10-22T08:20:42","date_gmt":"2025-10-22T11:20:42","guid":{"rendered":"https:\/\/www.agrobase.com.br\/concursos\/?p=272893"},"modified":"2025-10-21T14:40:23","modified_gmt":"2025-10-21T17:40:23","slug":"prefeitura-imbuia-sc-selecao-publica-11-2025","status":"publish","type":"post","link":"https:\/\/www.agrobase.com.br\/concursos\/2025\/prefeitura-imbuia-sc-selecao-publica-11-2025\/","title":{"rendered":"Prefeitura Imbuia (SC) &#8211; Sele\u00e7\u00e3o P\u00fablica 11\/2025"},"content":{"rendered":"<h2>Informa\u00e7\u00f5es Gerais<\/h2>\n<p>O Munic\u00edpio de Imbuia, em Santa Catarina, publicou o edital do novo <strong>Processo Seletivo<\/strong> para contrata\u00e7\u00e3o tempor\u00e1ria de profissionais no \u00e2mbito do Poder Executivo, conforme o Edital n\u00ba 01\/2025. O certame est\u00e1 com <strong>inscri\u00e7\u00f5es abertas<\/strong> e visa \u00e0 forma\u00e7\u00e3o de <strong>cadastro reserva<\/strong> para diversas fun\u00e7\u00f5es p\u00fablicas, sob regime jur\u00eddico administrativo e v\u00ednculo previdenci\u00e1rio junto ao Regime Geral de Previd\u00eancia Social.<\/p>\n<p>As oportunidades s\u00e3o voltadas exclusivamente para o <strong>n\u00edvel superior<\/strong>, com destaque para as \u00e1reas da <strong>Educa\u00e7\u00e3o<\/strong>, incluindo fun\u00e7\u00f5es de professores habilitados e n\u00e3o habilitados em diferentes disciplinas, como Ingl\u00eas, Arte, Educa\u00e7\u00e3o F\u00edsica, M\u00fasica, Inform\u00e1tica e Educa\u00e7\u00e3o Especial. Al\u00e9m disso, h\u00e1 vagas para profissionais como <strong>Nutricionista<\/strong>, <strong>M\u00e9dico Veterin\u00e1rio<\/strong>, Psic\u00f3logos, Assistente Social e Orientador Social.<\/p>\n<p>Com remunera\u00e7\u00f5es que variam entre R$ 3.574,01 e R$ 4.867,77, o processo seletivo representa uma excelente oportunidade para profissionais das \u00e1reas mencionadas, especialmente para quem atua com <strong>Nutri\u00e7\u00e3o<\/strong> e <strong>Medicina Veterin\u00e1ria<\/strong>. Continue lendo para saber como se inscrever, conhecer as etapas e acompanhar os resultados.<\/p>\n<h2>Inscri\u00e7\u00f5es<\/h2>\n<p>As <strong>inscri\u00e7\u00f5es est\u00e3o abertas<\/strong> e podem ser realizadas exclusivamente pela internet, no per\u00edodo das <strong>10h do dia 15 de outubro de 2025<\/strong> at\u00e9 \u00e0s <strong>15h do dia 7 de novembro de 2025<\/strong>, por meio do site <a href=\"https:\/\/portal.actio.srv.br\/\" target=\"_blank\" rel=\"noopener\">https:\/\/portal.actio.srv.br\/<\/a>.<\/p>\n<p>Para se inscrever, o candidato deve acessar a \u00e1rea do processo seletivo no site, preencher o formul\u00e1rio eletr\u00f4nico e gerar o boleto banc\u00e1rio. O pagamento da taxa de inscri\u00e7\u00e3o deve ser feito at\u00e9 a data limite de 07\/11\/2025, exclusivamente via boleto banc\u00e1rio. O valor da taxa n\u00e3o foi especificado no edital. N\u00e3o ser\u00e1 concedida <strong>isen\u00e7\u00e3o da taxa<\/strong>, e n\u00e3o haver\u00e1 devolu\u00e7\u00e3o de valores pagos, mesmo em casos de duplicidade.<\/p>\n<p>\u00c9 necess\u00e1rio guardar o comprovante de pagamento, pois ele \u00e9 o \u00fanico documento v\u00e1lido para comprovar a efetiva\u00e7\u00e3o da inscri\u00e7\u00e3o. O candidato poder\u00e1 se inscrever para at\u00e9 <strong>duas fun\u00e7\u00f5es<\/strong>; inscri\u00e7\u00f5es adicionais ser\u00e3o canceladas.<\/p>\n<p>O status da inscri\u00e7\u00e3o pode ser acompanhado na \u00e1rea do candidato no site da banca organizadora. Em caso de d\u00favidas t\u00e9cnicas, o contato deve ser feito pelo e-mail <a href=\"mailto:actio@actio.srv.br\">actio@actio.srv.br<\/a>.<\/p>\n<p>Recomenda-se a leitura atenta do edital completo antes de efetuar a inscri\u00e7\u00e3o, para garantir o cumprimento de todos os requisitos e evitar contratempos.<\/p>\n<h2>Etapas e Provas<\/h2>\n<p>O Processo Seletivo do Munic\u00edpio de Imbuia ser\u00e1 composto por <strong>duas etapas principais<\/strong>, conforme a fun\u00e7\u00e3o escolhida:<\/p>\n<ul>\n<li><strong>Prova Escrita Objetiva<\/strong> \u2013 de car\u00e1ter <em>eliminat\u00f3rio e classificat\u00f3rio<\/em>, obrigat\u00f3ria para todas as fun\u00e7\u00f5es. A prova ser\u00e1 composta por quest\u00f5es de m\u00faltipla escolha com quatro alternativas (A, B, C, D), sendo apenas uma correta. A aplica\u00e7\u00e3o est\u00e1 prevista para o <strong>dia 16 de novembro de 2025<\/strong>, no per\u00edodo matutino, podendo ser estendida para o per\u00edodo vespertino conforme o n\u00famero de inscritos. A dura\u00e7\u00e3o ser\u00e1 de <strong>3 horas<\/strong>, e o candidato dever\u00e1 obter nota m\u00ednima de <strong>5,0<\/strong> para ser considerado aprovado.<\/li>\n<li><strong>Avalia\u00e7\u00e3o de T\u00edtulos<\/strong> \u2013 de car\u00e1ter <em>classificat\u00f3rio<\/em>, exclusiva para os candidatos \u00e0s fun\u00e7\u00f5es de <strong>Professor Habilitado<\/strong>. Ser\u00e3o considerados certificados de p\u00f3s-gradua\u00e7\u00e3o (especializa\u00e7\u00e3o, mestrado ou doutorado) em \u00e1reas compat\u00edveis com a fun\u00e7\u00e3o. Os documentos devem ser enviados eletronicamente entre os dias <strong>15\/10\/2025 e 07\/11\/2025<\/strong>, pela \u00c1rea do Candidato no site da banca organizadora.<\/li>\n<\/ul>\n<p>As provas abordar\u00e3o conte\u00fados conforme o programa constante no Anexo III do edital, incluindo disciplinas como <strong>L\u00edngua Portuguesa, Matem\u00e1tica, Conhecimentos Gerais e Conhecimentos Espec\u00edficos<\/strong>, variando conforme a fun\u00e7\u00e3o.<\/p>\n<p>Para detalhes sobre conte\u00fado program\u00e1tico, crit\u00e9rios de pontua\u00e7\u00e3o e cronograma completo, \u00e9 imprescind\u00edvel a leitura atenta do edital oficial.<\/p>\n<h2>Resultados e Gabarito<\/h2>\n<p>Os <strong>resultados do Processo Seletivo<\/strong> do Munic\u00edpio de Imbuia seguir\u00e3o um cronograma divulgado nos sites oficiais da Prefeitura e da banca organizadora. A nota final ser\u00e1 composta exclusivamente pela <strong>prova escrita<\/strong> para a maioria das fun\u00e7\u00f5es. Para os cargos de <strong>Professor Habilitado<\/strong>, ser\u00e1 considerada tamb\u00e9m a <strong>pontua\u00e7\u00e3o da avalia\u00e7\u00e3o de t\u00edtulos<\/strong>, conforme a f\u00f3rmula: NF = (Nota da Prova Escrita x 0,9) + (Nota de T\u00edtulos x 0,1).<\/p>\n<p>Ser\u00e3o considerados aprovados apenas os candidatos que obtiverem <strong>nota igual ou superior a 5,0<\/strong> na prova escrita. Os resultados ser\u00e3o divulgados em duas listas: uma com os candidatos habilitados e outra com os n\u00e3o habilitados, ambas por fun\u00e7\u00e3o p\u00fablica.<\/p>\n<p>Em caso de empate na nota final, os crit\u00e9rios de desempate obedecer\u00e3o \u00e0 seguinte ordem: maior n\u00famero de acertos em Conhecimentos Espec\u00edficos, L\u00edngua Portuguesa, Matem\u00e1tica e Conhecimentos Gerais; maior nota na avalia\u00e7\u00e3o de t\u00edtulos (quando aplic\u00e1vel); maior idade; e, por fim, sorteio.<\/p>\n<p>A <strong>homologa\u00e7\u00e3o do resultado final<\/strong> est\u00e1 prevista para o dia <strong>26 de novembro de 2025<\/strong>. A convoca\u00e7\u00e3o dos aprovados ser\u00e1 feita conforme a necessidade da Administra\u00e7\u00e3o Municipal, respeitando a ordem de classifica\u00e7\u00e3o, e ser\u00e1 divulgada nos canais oficiais.<\/p>\n<p>O acompanhamento das publica\u00e7\u00f5es no site da banca organizadora (<a href=\"https:\/\/portal.actio.srv.br\/\" target=\"_blank\" rel=\"noopener\">https:\/\/portal.actio.srv.br\/<\/a>) e no Di\u00e1rio Oficial dos Munic\u00edpios de SC \u00e9 de responsabilidade exclusiva do candidato.<\/p>\n","protected":false},"excerpt":{"rendered":"<p>Processo Seletivo Pref. Imbuia (SC) com edital publicado! Vagas p\/ Professores (Fund. a Sup.). Inscri\u00e7\u00f5es a partir de 15\/10. Sal\u00e1rios at\u00e9 R$ 4.8k. Confira detalhes!<\/p>\n","protected":false},"author":7,"featured_media":272892,"comment_status":"open","ping_status":"open","sticky":false,"template":"","format":"standard","meta":{"_acf_changed":false,"_breakdance_hide_in_design_set":false,"_breakdance_tags":"","footnotes":""},"categories":[141,11,6434,6871,22,119,23,25,26,101],"tags":[61],"_amplo":[],"destaque":[],"instituicoes":[],"class_list":["post-272893","post","type-post","status-publish","format-standard","has-post-thumbnail","hentry","category-educacao-artistica","category-educacao-fisica","category-educacao-fisica-licenciatura","category-letras-ingles","category-veterinaria","category-musica","category-nutricao","category-pedagogia","category-psicologia","category-servico-social","tag-santa-catarina"],"acf":{"_tipo_vagas":"vagas","_numero_vagas":"","_quadro_vagas":"","_cargos":"diversos","_cargos_especificos":"","_salario_max":"R$ 4867.77","_abertura":"20251015","_encerramento":"20251107","_inscricoes":"https:\/\/portal.actio.srv.br\/","_executora_concurso":"","_instituicao_concurso":[],"_link_adicional":null,"_anexos":null,"_produtos":null,"_vagas":"CR","_salario_min":"R$ 3574.01","_instituicao":"Prefeitura de Imbuia","_edital":"https:\/\/www.agrobase.com.br\/concursos\/wp-content\/uploads\/sites\/4\/2025\/10\/edital-11-2025-prefeitura-de-imbuia-sc.pdf","_anexos_edital":"https:\/\/www.agrobase.com.br\/concursos\/wp-content\/uploads\/sites\/4\/2025\/10\/anexos-edital-11-2025-prefeitura-de-imbuia-sc.pdf","_fund_incompleto":"","_fund_completo":"","_medio":"","_superior":"<div>\r\n<table class=\"quadro\">\r\n<thead>\r\n<tr>\r\n<th class=\"hcargo\">Cargo<\/th>\r\n\r\n\r\n<\/tr>\r\n<\/thead>\r\n    <tbody>\r\n      <tr>\r\n<td class=\"ccargos\">Professor (Educa\u00e7\u00e3o Infantil)<\/td>\r\n\r\n\r\n<\/tr><tr>\r\n<td class=\"ccargos\">Professor (Ensino Fundamental Anos Iniciais)<\/td>\r\n\r\n\r\n<\/tr><tr>\r\n<td class=\"ccargos\">Professor (Ingl\u00eas)<\/td>\r\n\r\n\r\n<\/tr><tr>\r\n<td class=\"ccargos\">Professor (Arte)<\/td>\r\n\r\n\r\n<\/tr><tr>\r\n<td class=\"ccargos\">Professor (Educa\u00e7\u00e3o F\u00edsica)<\/td>\r\n\r\n\r\n<\/tr><tr>\r\n<td class=\"ccargos\">Professor (Educa\u00e7\u00e3o Especial)<\/td>\r\n\r\n\r\n<\/tr><tr>\r\n<td class=\"ccargos\">Professor de M\u00fasica (Viol\u00e3o e Canto)<\/td>\r\n\r\n\r\n<\/tr><tr>\r\n<td class=\"ccargos\">Professor de M\u00fasica (Teclado)<\/td>\r\n\r\n\r\n<\/tr><tr>\r\n<td class=\"ccargos\">Professor de M\u00fasica (Acordeom)<\/td>\r\n\r\n\r\n<\/tr><tr>\r\n<td class=\"ccargos\">Professor de Artes Marciais (Jud\u00f4, Muay thai ou Jiu-jitsu)<\/td>\r\n\r\n\r\n<\/tr><tr>\r\n<td class=\"ccargos\">Professor de Inform\u00e1tica<\/td>\r\n\r\n\r\n<\/tr><tr>\r\n<td class=\"ccargos\">Professor (Educa\u00e7\u00e3o Infantil)<\/td>\r\n\r\n\r\n<\/tr><tr>\r\n<td class=\"ccargos\">Professor (Ensino Fundamental Anos Iniciais)<\/td>\r\n\r\n\r\n<\/tr><tr>\r\n<td class=\"ccargos\">Professor (Ingl\u00eas)<\/td>\r\n\r\n\r\n<\/tr><tr>\r\n<td class=\"ccargos\">Professor (Arte)<\/td>\r\n\r\n\r\n<\/tr><tr>\r\n<td class=\"ccargos\">Professor (Educa\u00e7\u00e3o Especial)<\/td>\r\n\r\n\r\n<\/tr><tr>\r\n<td class=\"ccargos\">Assistente Social da Educa\u00e7\u00e3o<\/td>\r\n\r\n\r\n<\/tr><tr>\r\n<td class=\"ccargos\">Psic\u00f3logo da Educa\u00e7\u00e3o<\/td>\r\n\r\n\r\n<\/tr><tr>\r\n<td class=\"ccargos\">Psic\u00f3logo do SUAS<\/td>\r\n\r\n\r\n<\/tr><tr>\r\n<td class=\"ccargos\">Nutricionista<\/td>\r\n\r\n\r\n<\/tr><tr>\r\n<td class=\"ccargos\">Orientador Social<\/td>\r\n\r\n\r\n<\/tr><tr>\r\n<td class=\"ccargos\">M\u00e9dico Veterin\u00e1rio<\/td>\r\n\r\n\r\n<\/tr>\r\n    <\/tbody>\r\n  <\/table>\r\n<\/div>"},"_links":{"self":[{"href":"https:\/\/www.agrobase.com.br\/concursos\/wp-json\/wp\/v2\/posts\/272893","targetHints":{"allow":["GET"]}}],"collection":[{"href":"https:\/\/www.agrobase.com.br\/concursos\/wp-json\/wp\/v2\/posts"}],"about":[{"href":"https:\/\/www.agrobase.com.br\/concursos\/wp-json\/wp\/v2\/types\/post"}],"author":[{"embeddable":true,"href":"https:\/\/www.agrobase.com.br\/concursos\/wp-json\/wp\/v2\/users\/7"}],"replies":[{"embeddable":true,"href":"https:\/\/www.agrobase.com.br\/concursos\/wp-json\/wp\/v2\/comments?post=272893"}],"version-history":[{"count":2,"href":"https:\/\/www.agrobase.com.br\/concursos\/wp-json\/wp\/v2\/posts\/272893\/revisions"}],"predecessor-version":[{"id":272897,"href":"https:\/\/www.agrobase.com.br\/concursos\/wp-json\/wp\/v2\/posts\/272893\/revisions\/272897"}],"wp:featuredmedia":[{"embeddable":true,"href":"https:\/\/www.agrobase.com.br\/concursos\/wp-json\/wp\/v2\/media\/272892"}],"wp:attachment":[{"href":"https:\/\/www.agrobase.com.br\/concursos\/wp-json\/wp\/v2\/media?parent=272893"}],"wp:term":[{"taxonomy":"category","embeddable":true,"href":"https:\/\/www.agrobase.com.br\/concursos\/wp-json\/wp\/v2\/categories?post=272893"},{"taxonomy":"post_tag","embeddable":true,"href":"https:\/\/www.agrobase.com.br\/concursos\/wp-json\/wp\/v2\/tags?post=272893"},{"taxonomy":"_amplo","embeddable":true,"href":"https:\/\/www.agrobase.com.br\/concursos\/wp-json\/wp\/v2\/_amplo?post=272893"},{"taxonomy":"destaque","embeddable":true,"href":"https:\/\/www.agrobase.com.br\/concursos\/wp-json\/wp\/v2\/destaque?post=272893"},{"taxonomy":"instituicoes","embeddable":true,"href":"https:\/\/www.agrobase.com.br\/concursos\/wp-json\/wp\/v2\/instituicoes?post=272893"}],"curies":[{"name":"wp","href":"https:\/\/api.w.org\/{rel}","templated":true}]}}