{"id":272873,"date":"2025-10-22T07:50:51","date_gmt":"2025-10-22T10:50:51","guid":{"rendered":"https:\/\/www.agrobase.com.br\/concursos\/?p=272873"},"modified":"2025-10-21T13:18:59","modified_gmt":"2025-10-21T16:18:59","slug":"icepi-es-selecao-simplificada-66-2025","status":"publish","type":"post","link":"https:\/\/www.agrobase.com.br\/concursos\/2025\/icepi-es-selecao-simplificada-66-2025\/","title":{"rendered":"ICEPI (ES) &#8211; Sele\u00e7\u00e3o Simplificada 66\/2025"},"content":{"rendered":"<h2>Informa\u00e7\u00f5es Gerais<\/h2>\n<p>O Instituto Capixaba de Ensino, Pesquisa e Inova\u00e7\u00e3o em Sa\u00fade (ICEPi) publicou o <strong>Edital ICEPI\/SESA n\u00ba 066\/2025<\/strong>, que regulamenta o processo seletivo simplificado para atua\u00e7\u00e3o de profissionais no <strong>Programa Estadual de Qualifica\u00e7\u00e3o da Aten\u00e7\u00e3o Prim\u00e1ria \u00e0 Sa\u00fade (Qualifica-APS)<\/strong>. O certame tem como objetivo a forma\u00e7\u00e3o de cadastro reserva para diversas \u00e1reas da sa\u00fade, com foco na qualifica\u00e7\u00e3o e fixa\u00e7\u00e3o de profissionais em munic\u00edpios capixabas.<\/p>\n<p>O processo seletivo contempla profissionais com forma\u00e7\u00e3o em n\u00edvel <strong>m\u00e9dio\/t\u00e9cnico e superior<\/strong>, abrangendo \u00e1reas como Medicina, Enfermagem, Psicologia, Fisioterapia, Nutri\u00e7\u00e3o, Farm\u00e1cia, Educa\u00e7\u00e3o F\u00edsica, Servi\u00e7o Social, entre outras. <strong>H\u00e1 oportunidades para nutricionistas<\/strong>, o que torna o certame especialmente relevante para candidatos dessa \u00e1rea.<\/p>\n<p>O regime de contrata\u00e7\u00e3o n\u00e3o foi especificado no edital. As atividades ser\u00e3o desenvolvidas em campo, nos munic\u00edpios indicados pelos candidatos no momento da inscri\u00e7\u00e3o.<\/p>\n<p>Se voc\u00ea busca uma oportunidade de atuar diretamente na aten\u00e7\u00e3o prim\u00e1ria \u00e0 sa\u00fade e contribuir com a melhoria dos servi\u00e7os p\u00fablicos, continue a leitura para entender como se inscrever, as etapas do processo e como acompanhar os resultados.<\/p>\n<h2>Inscri\u00e7\u00f5es<\/h2>\n<p>As inscri\u00e7\u00f5es para o processo seletivo do Qualifica-APS est\u00e3o <strong>abertas<\/strong> e devem ser realizadas <strong>exclusivamente pela internet<\/strong>, por meio do formul\u00e1rio eletr\u00f4nico dispon\u00edvel no site <a href=\"https:\/\/icepi.es.gov.br\/editais\/abertos\" target=\"_blank\" rel=\"noopener\">https:\/\/icepi.es.gov.br\/editais\/abertos<\/a>, entre os dias <strong>15 de outubro e 2 de novembro de 2025<\/strong>, considerando o hor\u00e1rio de Bras\u00edlia\/DF.<\/p>\n<p>Durante a inscri\u00e7\u00e3o, o candidato deve informar a profiss\u00e3o, modalidade de forma\u00e7\u00e3o e o munic\u00edpio onde deseja atuar. \u00c9 obrigat\u00f3rio anexar documentos como: documento de identifica\u00e7\u00e3o com foto, CPF, certid\u00e3o de regularidade no conselho profissional (quando aplic\u00e1vel), diploma ou declara\u00e7\u00e3o de conclus\u00e3o da gradua\u00e7\u00e3o, al\u00e9m dos comprovantes de pontua\u00e7\u00e3o autodeclarada e demais documentos exigidos conforme o edital.<\/p>\n<p>N\u00e3o h\u00e1 men\u00e7\u00e3o a taxas de inscri\u00e7\u00e3o ou procedimentos para isen\u00e7\u00e3o. A inscri\u00e7\u00e3o ser\u00e1 validada apenas mediante o envio completo da documenta\u00e7\u00e3o exigida. O status da inscri\u00e7\u00e3o pode ser acompanhado na \u00e1rea restrita do site do ICEPi.<\/p>\n<p>Recomenda-se fortemente a leitura atenta do edital completo para garantir o correto envio dos documentos e o cumprimento de todos os requisitos.<\/p>\n<h2>Etapas e Provas<\/h2>\n<p>O processo seletivo ser\u00e1 composto por <strong>quatro etapas<\/strong>, conforme cronograma dispon\u00edvel no Anexo A do edital:<\/p>\n<ul>\n<li><strong>1\u00aa Etapa \u2013 Inscri\u00e7\u00e3o (classificat\u00f3ria):<\/strong> Envio das informa\u00e7\u00f5es e documentos exigidos no edital.<\/li>\n<li><strong>2\u00aa Etapa \u2013 Classifica\u00e7\u00e3o (classificat\u00f3ria):<\/strong> Avalia\u00e7\u00e3o da pontua\u00e7\u00e3o autodeclarada pelo candidato no momento da inscri\u00e7\u00e3o, conforme crit\u00e9rios do Anexo G.<\/li>\n<li><strong>3\u00aa Etapa \u2013 An\u00e1lise e Valida\u00e7\u00e3o das Inscri\u00e7\u00f5es (eliminat\u00f3ria):<\/strong> Verifica\u00e7\u00e3o documental e valida\u00e7\u00e3o das inscri\u00e7\u00f5es, respeitando a ordem de classifica\u00e7\u00e3o at\u00e9 o preenchimento m\u00ednimo de vagas dispon\u00edveis.<\/li>\n<li><strong>4\u00aa Etapa \u2013 Formaliza\u00e7\u00e3o da Ades\u00e3o (eliminat\u00f3ria):<\/strong> Etapa obrigat\u00f3ria para os candidatos convocados, que dever\u00e3o formalizar sua ades\u00e3o ao programa para serem considerados aptos \u00e0 atua\u00e7\u00e3o.<\/li>\n<\/ul>\n<p>Em caso de empate na classifica\u00e7\u00e3o, ser\u00e3o considerados os seguintes crit\u00e9rios, nesta ordem: maior pontua\u00e7\u00e3o nos itens C, D e F do quadro de pontua\u00e7\u00e3o, maior idade e, se necess\u00e1rio, sorteio p\u00fablico.<\/p>\n<p>As informa\u00e7\u00f5es sobre datas, documentos exigidos e crit\u00e9rios de pontua\u00e7\u00e3o est\u00e3o detalhadas no edital. Recomenda-se a leitura completa do documento para garantir o correto entendimento das regras e prazos.<\/p>\n<h2>Resultados e Gabarito<\/h2>\n<p>O cronograma de resultados do processo seletivo inclui as seguintes etapas:<\/p>\n<ul>\n<li><strong>Divulga\u00e7\u00e3o da classifica\u00e7\u00e3o preliminar:<\/strong> com base na pontua\u00e7\u00e3o autodeclarada pelos candidatos.<\/li>\n<li><strong>Resultado da valida\u00e7\u00e3o das inscri\u00e7\u00f5es (1\u00ba ciclo):<\/strong> com possibilidade de interposi\u00e7\u00e3o de recurso em caso de invalida\u00e7\u00e3o.<\/li>\n<li><strong>Resultado do recurso:<\/strong> an\u00e1lise das contesta\u00e7\u00f5es apresentadas pelos candidatos.<\/li>\n<li><strong>Resultado definitivo da valida\u00e7\u00e3o:<\/strong> define os candidatos aprovados e desclassificados.<\/li>\n<li><strong>1\u00aa convoca\u00e7\u00e3o:<\/strong> chamada dos aprovados para formaliza\u00e7\u00e3o da ades\u00e3o.<\/li>\n<li><strong>Formaliza\u00e7\u00e3o da ades\u00e3o:<\/strong> etapa obrigat\u00f3ria para garantir a participa\u00e7\u00e3o no programa.<\/li>\n<li><strong>Comparecimento ao munic\u00edpio de escolha:<\/strong> in\u00edcio das atividades de campo, conforme defini\u00e7\u00e3o local.<\/li>\n<\/ul>\n<p>O candidato com inscri\u00e7\u00e3o validada ap\u00f3s o resultado do recurso ser\u00e1 considerado <strong>aprovado<\/strong> e poder\u00e1 ser convocado conforme a ordem de classifica\u00e7\u00e3o. J\u00e1 o candidato com inscri\u00e7\u00e3o invalidada ser\u00e1 <strong>desclassificado<\/strong> e n\u00e3o participar\u00e1 das etapas seguintes.<\/p>\n<p>Todos os resultados e convoca\u00e7\u00f5es ser\u00e3o publicados no site oficial do ICEPi, no endere\u00e7o <a href=\"https:\/\/icepi.es.gov.br\/editais\/abertos\" target=\"_blank\" rel=\"noopener\">https:\/\/icepi.es.gov.br\/editais\/abertos<\/a>. \u00c9 responsabilidade exclusiva do candidato acompanhar as atualiza\u00e7\u00f5es no site da banca e no Di\u00e1rio Oficial.<\/p>\n","protected":false},"excerpt":{"rendered":"<p>Sel. Simplificada ICEPI (ES) com edital publicado! Vagas p\/ M\u00e9dico, Enfermeiro (M\u00e9dio a Sup.). Inscri\u00e7\u00f5es a partir de 15\/10. Confira detalhes!<\/p>\n","protected":false},"author":7,"featured_media":272872,"comment_status":"open","ping_status":"open","sticky":false,"template":"","format":"standard","meta":{"_acf_changed":false,"_breakdance_hide_in_design_set":false,"_breakdance_tags":"","footnotes":""},"categories":[141,11,6434,12,17,18,19,21,23,24,26,101,134],"tags":[45],"_amplo":[],"destaque":[],"instituicoes":[],"class_list":["post-272873","post","type-post","status-publish","format-standard","has-post-thumbnail","hentry","category-educacao-artistica","category-educacao-fisica","category-educacao-fisica-licenciatura","category-enfermagem","category-farmacia","category-fisioterapia","category-fonoaudiologia","category-medicina","category-nutricao","category-odontologia","category-psicologia","category-servico-social","category-terapia-ocupacional","tag-espirito-santo"],"acf":{"_tipo_vagas":"vagas","_numero_vagas":"","_quadro_vagas":"","_cargos":"diversos","_cargos_especificos":"","_salario_max":"R$ 15.000,00","_abertura":"20251015","_encerramento":"20251102","_inscricoes":"https:\/\/icepi.es.gov.br\/editais\/abertos","_executora_concurso":"","_instituicao_concurso":[],"_link_adicional":null,"_anexos":null,"_produtos":null,"_vagas":"CR","_salario_min":"R$ 4.375,00","_instituicao":"ICEPI","_edital":"https:\/\/www.agrobase.com.br\/concursos\/wp-content\/uploads\/sites\/4\/2025\/10\/edital-66-2025-icepi-es.pdf","_anexos_edital":"https:\/\/www.agrobase.com.br\/concursos\/wp-content\/uploads\/sites\/4\/2025\/10\/anexos-edital-66-2025-icepi-es.pdf","_fund_incompleto":"","_fund_completo":"","_medio":"","_superior":"<div>\r\n<table class=\"quadro\">\r\n<thead>\r\n<tr>\r\n<th class=\"hcargo\">Cargo<\/th>\r\n\r\n\r\n<\/tr>\r\n<\/thead>\r\n    <tbody>\r\n      <tr>\r\n<td class=\"ccargos\">Assistente Social<\/td>\r\n\r\n\r\n<\/tr><tr>\r\n<td class=\"ccargos\">Cirurgi\u00e3o-dentista<\/td>\r\n\r\n\r\n<\/tr><tr>\r\n<td class=\"ccargos\">Enfermeiro<\/td>\r\n\r\n\r\n<\/tr><tr>\r\n<td class=\"ccargos\">M\u00e9dico(a)<\/td>\r\n\r\n\r\n<\/tr><tr>\r\n<td class=\"ccargos\">M\u00e9dico(a) dif\u00edcil fixa\u00e7\u00e3o<\/td>\r\n\r\n\r\n<\/tr><tr>\r\n<td class=\"ccargos\">Profissional de Educa\u00e7\u00e3o F\u00edsica<\/td>\r\n\r\n\r\n<\/tr><tr>\r\n<td class=\"ccargos\">Psic\u00f3logo(a)<\/td>\r\n\r\n\r\n<\/tr><tr>\r\n<td class=\"ccargos\">Terapeuta Ocupacional<\/td>\r\n\r\n\r\n<\/tr><tr>\r\n<td class=\"ccargos\">Assistente Social<\/td>\r\n\r\n\r\n<\/tr><tr>\r\n<td class=\"ccargos\">Farmac\u00eautico(a)<\/td>\r\n\r\n\r\n<\/tr><tr>\r\n<td class=\"ccargos\">Fisioterapeuta<\/td>\r\n\r\n\r\n<\/tr><tr>\r\n<td class=\"ccargos\">Fonoaudi\u00f3logo(a)<\/td>\r\n\r\n\r\n<\/tr><tr>\r\n<td class=\"ccargos\">Nutricionista<\/td>\r\n\r\n\r\n<\/tr><tr>\r\n<td class=\"ccargos\">Profissional Arte Educador<\/td>\r\n\r\n\r\n<\/tr><tr>\r\n<td class=\"ccargos\">Profissional de Educa\u00e7\u00e3o F\u00edsica<\/td>\r\n\r\n\r\n<\/tr><tr>\r\n<td class=\"ccargos\">Profissional de Gerontologia<\/td>\r\n\r\n\r\n<\/tr><tr>\r\n<td class=\"ccargos\">Psic\u00f3logo(a)<\/td>\r\n\r\n\r\n<\/tr><tr>\r\n<td class=\"ccargos\">Sanitarista<\/td>\r\n\r\n\r\n<\/tr><tr>\r\n<td class=\"ccargos\">Terapeuta Ocupacional<\/td>\r\n\r\n\r\n<\/tr><tr>\r\n<td class=\"ccargos\">Cirurgi\u00e3o-dentista<\/td>\r\n\r\n\r\n<\/tr><tr>\r\n<td class=\"ccargos\">Enfermeiro<\/td>\r\n\r\n\r\n<\/tr><tr>\r\n<td class=\"ccargos\">M\u00e9dico(a)<\/td>\r\n\r\n\r\n<\/tr><tr>\r\n<td class=\"ccargos\">M\u00e9dico(a) dif\u00edcil fixa\u00e7\u00e3o<\/td>\r\n\r\n\r\n<\/tr>\r\n    <\/tbody>\r\n  <\/table>\r\n<\/div>"},"_links":{"self":[{"href":"https:\/\/www.agrobase.com.br\/concursos\/wp-json\/wp\/v2\/posts\/272873","targetHints":{"allow":["GET"]}}],"collection":[{"href":"https:\/\/www.agrobase.com.br\/concursos\/wp-json\/wp\/v2\/posts"}],"about":[{"href":"https:\/\/www.agrobase.com.br\/concursos\/wp-json\/wp\/v2\/types\/post"}],"author":[{"embeddable":true,"href":"https:\/\/www.agrobase.com.br\/concursos\/wp-json\/wp\/v2\/users\/7"}],"replies":[{"embeddable":true,"href":"https:\/\/www.agrobase.com.br\/concursos\/wp-json\/wp\/v2\/comments?post=272873"}],"version-history":[{"count":4,"href":"https:\/\/www.agrobase.com.br\/concursos\/wp-json\/wp\/v2\/posts\/272873\/revisions"}],"predecessor-version":[{"id":272879,"href":"https:\/\/www.agrobase.com.br\/concursos\/wp-json\/wp\/v2\/posts\/272873\/revisions\/272879"}],"wp:featuredmedia":[{"embeddable":true,"href":"https:\/\/www.agrobase.com.br\/concursos\/wp-json\/wp\/v2\/media\/272872"}],"wp:attachment":[{"href":"https:\/\/www.agrobase.com.br\/concursos\/wp-json\/wp\/v2\/media?parent=272873"}],"wp:term":[{"taxonomy":"category","embeddable":true,"href":"https:\/\/www.agrobase.com.br\/concursos\/wp-json\/wp\/v2\/categories?post=272873"},{"taxonomy":"post_tag","embeddable":true,"href":"https:\/\/www.agrobase.com.br\/concursos\/wp-json\/wp\/v2\/tags?post=272873"},{"taxonomy":"_amplo","embeddable":true,"href":"https:\/\/www.agrobase.com.br\/concursos\/wp-json\/wp\/v2\/_amplo?post=272873"},{"taxonomy":"destaque","embeddable":true,"href":"https:\/\/www.agrobase.com.br\/concursos\/wp-json\/wp\/v2\/destaque?post=272873"},{"taxonomy":"instituicoes","embeddable":true,"href":"https:\/\/www.agrobase.com.br\/concursos\/wp-json\/wp\/v2\/instituicoes?post=272873"}],"curies":[{"name":"wp","href":"https:\/\/api.w.org\/{rel}","templated":true}]}}