{"id":272827,"date":"2025-10-21T08:00:30","date_gmt":"2025-10-21T11:00:30","guid":{"rendered":"https:\/\/www.agrobase.com.br\/concursos\/?p=272827"},"modified":"2025-10-20T13:57:11","modified_gmt":"2025-10-20T16:57:11","slug":"prefeitura-tupandi-rs-concurso-01-2025","status":"publish","type":"post","link":"https:\/\/www.agrobase.com.br\/concursos\/2025\/prefeitura-tupandi-rs-concurso-01-2025\/","title":{"rendered":"Prefeitura Tupandi (RS) &#8211; Concurso 01\/2025"},"content":{"rendered":"<h2>Informa\u00e7\u00f5es Gerais<\/h2>\n<p>O Concurso P\u00fablico da Prefeitura Municipal de Tupandi, regido pelo Edital n\u00ba 01\/2025, foi oficialmente publicado e est\u00e1 com inscri\u00e7\u00f5es abertas. Organizado pelo Instituto Legalle, o certame visa ao provimento de <strong>5 vagas imediatas<\/strong> e \u00e0 forma\u00e7\u00e3o de <strong>cadastro reserva<\/strong> para diversos cargos do Quadro Geral e do Magist\u00e9rio, sob o <strong>regime estatut\u00e1rio<\/strong>.<\/p>\n<p>S\u00e3o ofertadas oportunidades para candidatos com escolaridade de n\u00edvel <strong>fundamental, m\u00e9dio\/t\u00e9cnico e superior<\/strong>, abrangendo \u00e1reas administrativas, operacionais, educacionais e da sa\u00fade. Entre os cargos dispon\u00edveis, destacam-se fun\u00e7\u00f5es de interesse como <strong>Nutricionista<\/strong> e <strong>Fiscal<\/strong>, este \u00faltimo com possibilidade de atua\u00e7\u00e3o em <strong>Engenharia Agron\u00f4mica e Engenharia Ambiental<\/strong>.<\/p>\n<p>Com remunera\u00e7\u00f5es que variam de <strong>R$ 2.427,98 a R$ 14.779,03<\/strong>, o concurso representa uma excelente oportunidade para profissionais que desejam ingressar no servi\u00e7o p\u00fablico municipal. Continue a leitura para saber como se inscrever, quais s\u00e3o as etapas do processo seletivo e como acompanhar os resultados.<\/p>\n<h2>Inscri\u00e7\u00f5es<\/h2>\n<p>As inscri\u00e7\u00f5es para o Concurso P\u00fablico da Prefeitura de Tupandi est\u00e3o <strong>abertas<\/strong> e devem ser realizadas exclusivamente <strong>online<\/strong>, no per\u00edodo de <strong>16 de outubro de 2025, a partir das 18h, at\u00e9 31 de outubro de 2025, \u00e0s 23h59<\/strong>, por meio do site do Instituto Legalle: <a href=\"https:\/\/www.institutolegalle.org.br\" target=\"_blank\" rel=\"noopener\">www.institutolegalle.org.br<\/a>.<\/p>\n<p>As taxas de inscri\u00e7\u00e3o variam conforme o n\u00edvel de escolaridade exigido para o cargo:<\/p>\n<ul>\n<li><strong>N\u00edvel Fundamental:<\/strong> valor n\u00e3o especificado no edital<\/li>\n<li><strong>N\u00edvel M\u00e9dio\/T\u00e9cnico:<\/strong> valor n\u00e3o especificado no edital<\/li>\n<li><strong>N\u00edvel Superior:<\/strong> valor n\u00e3o especificado no edital<\/li>\n<\/ul>\n<p>Ap\u00f3s preencher o formul\u00e1rio eletr\u00f4nico, o candidato dever\u00e1 imprimir o boleto banc\u00e1rio (Banco do Brasil) e efetuar o pagamento at\u00e9 o dia 31\/10\/2025. A inscri\u00e7\u00e3o somente ser\u00e1 confirmada ap\u00f3s a compensa\u00e7\u00e3o do pagamento.<\/p>\n<p>Pedidos de isen\u00e7\u00e3o da taxa puderam ser realizados entre <strong>16 e 21 de outubro de 2025<\/strong>, conforme crit\u00e9rios estabelecidos no edital. A Prefeitura disponibilizar\u00e1 computador com acesso \u00e0 internet na Casa de Cultura Sobrado Weber, em dias \u00fateis, para candidatos sem acesso pr\u00f3prio.<\/p>\n<p>\u00c9 responsabilidade do candidato acompanhar o status da inscri\u00e7\u00e3o e poss\u00edveis atualiza\u00e7\u00f5es na \u00e1rea restrita do site da banca. Para mais informa\u00e7\u00f5es, recomenda-se a leitura atenta do edital completo dispon\u00edvel no site oficial.<\/p>\n<h2>Etapas e Provas<\/h2>\n<p>O concurso da Prefeitura de Tupandi ser\u00e1 composto por at\u00e9 <strong>tr\u00eas etapas<\/strong>, de acordo com o cargo pretendido:<\/p>\n<ul>\n<li><strong>Prova Te\u00f3rico-Objetiva<\/strong> (eliminat\u00f3ria e classificat\u00f3ria): aplicada a todos os cargos. Composta por 20 quest\u00f5es para cargos de n\u00edvel fundamental e 40 quest\u00f5es para n\u00edveis m\u00e9dio\/t\u00e9cnico e superior, com 4 alternativas cada. A pontua\u00e7\u00e3o varia conforme o cargo, sendo necess\u00e1rio obter pelo menos 50% do total de pontos e n\u00e3o zerar em conhecimentos gerais ou espec\u00edficos.<\/li>\n<li><strong>Prova Pr\u00e1tica<\/strong> (eliminat\u00f3ria e classificat\u00f3ria): exclusiva para os cargos de <strong>Motorista<\/strong> e <strong>Operador de M\u00e1quinas<\/strong>. Avalia habilidades t\u00e9cnicas por meio de demonstra\u00e7\u00e3o pr\u00e1tica. Ser\u00e3o convocados os 25 primeiros classificados na prova objetiva em cada cargo.<\/li>\n<li><strong>Prova de T\u00edtulos<\/strong> (classificat\u00f3ria): destinada aos cargos do magist\u00e9rio e Orientador Educacional. Os t\u00edtulos dever\u00e3o ser enviados eletronicamente e ser\u00e3o aceitas apenas p\u00f3s-gradua\u00e7\u00f5es relacionadas \u00e0s atribui\u00e7\u00f5es do cargo.<\/li>\n<\/ul>\n<p>As provas objetivas est\u00e3o previstas para os dias <strong>30 de novembro e 1\u00ba de dezembro de 2025<\/strong>, com locais e hor\u00e1rios a serem divulgados em edital espec\u00edfico. As demais etapas seguir\u00e3o cronograma pr\u00f3prio, conforme publica\u00e7\u00e3o oficial.<\/p>\n<p>Para detalhes sobre conte\u00fados program\u00e1ticos, crit\u00e9rios de avalia\u00e7\u00e3o e cronograma completo, \u00e9 imprescind\u00edvel consultar o edital oficial dispon\u00edvel no site da banca organizadora.<\/p>\n<h2>Resultados e Gabarito<\/h2>\n<p>O cronograma do concurso prev\u00ea a divulga\u00e7\u00e3o do <strong>gabarito preliminar<\/strong> da Prova Te\u00f3rico-Objetiva em <strong>02 de dezembro de 2025<\/strong>, com prazo para interposi\u00e7\u00e3o de recursos at\u00e9 <strong>04 de dezembro<\/strong>. O <strong>gabarito oficial<\/strong> e as <strong>notas preliminares<\/strong> ser\u00e3o publicados em <strong>16 de dezembro de 2025<\/strong>.<\/p>\n<p>Ap\u00f3s an\u00e1lise dos recursos, as <strong>notas oficiais<\/strong> da prova objetiva ser\u00e3o divulgadas em <strong>22 de dezembro de 2025<\/strong>. Para os cargos que n\u00e3o exigem segunda etapa, a <strong>homologa\u00e7\u00e3o dos resultados finais<\/strong> ocorrer\u00e1 a partir dessa mesma data.<\/p>\n<p>Os candidatos classificados para a <strong>Prova Pr\u00e1tica<\/strong> e\/ou <strong>Prova de T\u00edtulos<\/strong> ser\u00e3o convocados em <strong>08 de janeiro de 2026<\/strong>. As notas preliminares dessas etapas ser\u00e3o publicadas em <strong>10 de fevereiro<\/strong>, com recursos at\u00e9 <strong>13 de fevereiro<\/strong>. As <strong>notas oficiais<\/strong> ser\u00e3o divulgadas em <strong>18 de fevereiro<\/strong>, e a <strong>homologa\u00e7\u00e3o final<\/strong> para esses cargos est\u00e1 prevista a partir de <strong>23 de fevereiro de 2026<\/strong>.<\/p>\n<p>Em caso de empate na classifica\u00e7\u00e3o final, ser\u00e3o aplicados crit\u00e9rios objetivos definidos no edital. Se necess\u00e1rio, ser\u00e1 realizado <strong>sorteio p\u00fablico<\/strong> em <strong>20 de fevereiro de 2026<\/strong>.<\/p>\n<p>Todos os resultados, convoca\u00e7\u00f5es e homologa\u00e7\u00f5es ser\u00e3o publicados nos sites <a href=\"https:\/\/www.institutolegalle.org.br\" target=\"_blank\" rel=\"noopener\">www.institutolegalle.org.br<\/a> e <a href=\"https:\/\/www.tupandi.rs.gov.br\" target=\"_blank\" rel=\"noopener\">www.tupandi.rs.gov.br<\/a>, no Di\u00e1rio Oficial dos Munic\u00edpios da FAMURS e em murais da Prefeitura.<\/p>\n<p><strong>O acompanhamento das publica\u00e7\u00f5es oficiais \u00e9 de responsabilidade exclusiva do candidato<\/strong>. Recomenda-se aten\u00e7\u00e3o constante aos canais oficiais para n\u00e3o perder prazos e etapas importantes.<\/p>\n","protected":false},"excerpt":{"rendered":"<p>Concurso Pref. Tupandi (RS) com edital publicado! Vagas p\/ Professor, M\u00e9dico (Fund. a Sup.). Inscri\u00e7\u00f5es a partir de 16\/10. Sal\u00e1rios at\u00e9 R$ 14.7k. Confira detalhes!<\/p>\n","protected":false},"author":7,"featured_media":272826,"comment_status":"open","ping_status":"open","sticky":false,"template":"","format":"standard","meta":{"_acf_changed":false,"_breakdance_hide_in_design_set":false,"_breakdance_tags":"","footnotes":""},"categories":[3,4,5,6433,9,10,141,6434,13,14,111,100,20,6871,116,21,119,23,24,25,101],"tags":[58],"_amplo":[],"destaque":[],"instituicoes":[],"class_list":["post-272827","post","type-post","status-publish","format-standard","has-post-thumbnail","hentry","category-administracao","category-agronomia","category-arquitetura","category-biologia-licenciatura","category-ciencias-contabeis","category-direito","category-educacao-artistica","category-educacao-fisica-licenciatura","category-engenharia-ambiental","category-engenharia","category-geografia","category-historia","category-letras","category-letras-ingles","category-matematica","category-medicina","category-musica","category-nutricao","category-odontologia","category-pedagogia","category-servico-social","tag-rio-grande-sul"],"acf":{"_tipo_vagas":"vagas","_numero_vagas":"","_quadro_vagas":"","_cargos":"diversos","_cargos_especificos":"","_salario_max":"R$ 14779.03","_abertura":"20251016","_encerramento":"20251031","_inscricoes":"https:\/\/www.institutolegalle.org.br","_executora_concurso":"","_instituicao_concurso":[],"_link_adicional":null,"_anexos":null,"_produtos":null,"_vagas":"5 vagas + CR","_salario_min":"R$ 2427.98","_instituicao":"Prefeitura de Tupandi","_edital":"https:\/\/www.agrobase.com.br\/concursos\/wp-content\/uploads\/sites\/4\/2025\/10\/edital-01-2025-prefeitura-de-tupandi-rs.pdf","_anexos_edital":"https:\/\/www.agrobase.com.br\/concursos\/wp-content\/uploads\/sites\/4\/2025\/10\/anexos-edital-01-2025-prefeitura-de-tupandi-rs.pdf","_fund_incompleto":"","_fund_completo":"<div>\r\n<table class=\"quadro\">\r\n<thead>\r\n<tr>\r\n<th class=\"hcargo\">Cargo<\/th>\r\n<th class=\"hvagas\">Vagas<\/th>\r\n<th class=\"hremuneracao\">Remunera\u00e7\u00e3o<\/th>\r\n<\/tr>\r\n<\/thead>\r\n    <tbody>\r\n      <td class=\"ccargos\">\r\n<span data-balloon-length=\"medium\" data-balloon-pos=\"up\">Motorista<\/span><\/td>\r\n<td class=\"cvagas\">01<\/td>\r\n<td class=\"cremuneracao\">R$ 3.166,94 \/40h<\/td>\r\n<\/tr>\r\n    <\/tbody>\r\n  <\/table>\r\n<\/div>","_medio":"<div>\r\n<table class=\"quadro\">\r\n<thead>\r\n<tr>\r\n<th class=\"hcargo\">Cargo<\/th>\r\n<th class=\"hvagas\">Vagas<\/th>\r\n<th class=\"hremuneracao\">Remunera\u00e7\u00e3o<\/th>\r\n<\/tr>\r\n<\/thead>\r\n    <tbody>\r\n      <td class=\"ccargos\">\r\n<span data-balloon-length=\"medium\" aria-label=\"\" data-balloon-pos=\"up\">Agente Administrativo<\/span><\/td>\r\n<td class=\"cvagas\">CR<\/td>\r\n<td class=\"cremuneracao\">R$ 3.694,76 \/40h<\/td>\r\n<\/tr><td class=\"ccargos\">\r\n<span data-balloon-length=\"medium\" aria-label=\"Residir na \u00e1rea da comunidade em que atuar, desde a data da publica\u00e7\u00e3o deste edital; ter conclu\u00eddo, com aproveitamento, curso de forma\u00e7\u00e3o inicial, com carga hor\u00e1ria m\u00ednima de quarenta horas (na posse).\" data-balloon-pos=\"up\">Agente Comunit\u00e1rio de Sa\u00fade*<\/span><\/td>\r\n<td class=\"cvagas\">CR<\/td>\r\n<td class=\"cremuneracao\">R$ 3.036,00 \/40h<\/td>\r\n<\/tr><td class=\"ccargos\">\r\n<span data-balloon-length=\"medium\" aria-label=\"Residir na \u00e1rea da comunidade em que atuar, desde a data da publica\u00e7\u00e3o deste edital; ter conclu\u00eddo, com aproveitamento, curso de forma\u00e7\u00e3o inicial, com carga hor\u00e1ria m\u00ednima de quarenta horas (na posse).\" data-balloon-pos=\"up\">Agente de Combate \u00e0s Endemias<\/span><\/td>\r\n<td class=\"cvagas\">01<\/td>\r\n<td class=\"cremuneracao\">R$ 3.036,00 \/40h<\/td>\r\n<\/tr><td class=\"ccargos\">\r\n<span data-balloon-length=\"medium\" data-balloon-pos=\"up\">Agente de Fiscaliza\u00e7\u00e3o<\/span><\/td>\r\n<td class=\"cvagas\">CR<\/td>\r\n<td class=\"cremuneracao\">R$ 3.166,94 \/40h<\/td>\r\n<\/tr><td class=\"ccargos\">\r\n<span data-balloon-length=\"medium\" aria-label=\"Forma\u00e7\u00e3o t\u00e9cnica em sa\u00fade bucal e Registro no Conselho Regional de Odontologia.\" data-balloon-pos=\"up\">Auxiliar de Sa\u00fade Bucal<\/span><\/td>\r\n<td class=\"cvagas\">CR<\/td>\r\n<td class=\"cremuneracao\">R$ 2.639,11 \/40h<\/td>\r\n<\/tr><td class=\"ccargos\">\r\n<span data-balloon-length=\"medium\" aria-label=\"\" data-balloon-pos=\"up\">Monitor<\/span><\/td>\r\n<td class=\"cvagas\">20<\/td>\r\n<td class=\"cremuneracao\">R$ 2.427,98 \/40h<\/td>\r\n<\/tr><td class=\"ccargos\">\r\n<span data-balloon-length=\"medium\" data-balloon-pos=\"up\">Operador de M\u00e1quinas<\/span><\/td>\r\n<td class=\"cvagas\">CR<\/td>\r\n<td class=\"cremuneracao\">R$ 3.694,76 \/40h<\/td>\r\n<\/tr>\r\n    <\/tbody>\r\n  <\/table>\r\n<\/div>","_superior":"<div>\r\n<table class=\"quadro\">\r\n<thead>\r\n<tr>\r\n<th class=\"hcargo\">Cargo<\/th>\r\n<th class=\"hvagas\">Vagas<\/th>\r\n<th class=\"hremuneracao\">Remunera\u00e7\u00e3o<\/th>\r\n<\/tr>\r\n<\/thead>\r\n    <tbody>\r\n      <tr>\r\n<td class=\"ccargos\">\r\n<span data-balloon-length=\"medium\" aria-label=\"Ensino Superior Completo em Ci\u00eancias Cont\u00e1beis e\/ou Administra\u00e7\u00e3o. Gradua\u00e7\u00e3o em Direito, Administra\u00e7\u00e3o ou Gest\u00e3o P\u00fablica, obtida em institui\u00e7\u00e3o de ensino superior reconhecida pelo Minist\u00e9rio da Educa\u00e7\u00e3o MEC; Conhecimento em inform\u00e1tica b\u00e1sica.\" data-balloon-pos=\"up\">Agente Administrativo e Financeiro<\/span><\/td>\r\n<td class=\"cvagas\">CR<\/td>\r\n<td class=\"cremuneracao\">R$ 4.222,58 \/40h<\/td>\r\n<\/tr><tr>\r\n<td class=\"ccargos\">\r\n<span data-balloon-length=\"medium\" aria-label=\"\" data-balloon-pos=\"up\">Agente Administrativo II<\/span><\/td>\r\n<td class=\"cvagas\">01<\/td>\r\n<td class=\"cremuneracao\">R$ 4.222,58 \/40h<\/td>\r\n<\/tr><tr>\r\n<td class=\"ccargos\">\r\n<span data-balloon-length=\"medium\" aria-label=\"Curso superior em Ci\u00eancias Cont\u00e1beis; Habilita\u00e7\u00e3o legal para o exerc\u00edcio da profiss\u00e3o.\" data-balloon-pos=\"up\">Contador<\/span><\/td>\r\n<td class=\"cvagas\">01<\/td>\r\n<td class=\"cremuneracao\">R$ 8.445,16 \/40h<\/td>\r\n<\/tr><tr>\r\n<td class=\"ccargos\">\r\n<span data-balloon-length=\"medium\" aria-label=\"Ensino Superior com forma\u00e7\u00e3o em Arquitetura e\/ou Engenharia Agr\u00f4noma e\/ou Engenharia Civil e\/ou Engenharia Ambiental ou Direito; Habilita\u00e7\u00e3o legal para o exerc\u00edcio da profiss\u00e3o; Carteira de habilita\u00e7\u00e3o categoria B.\" data-balloon-pos=\"up\">Fiscal<\/span><\/td>\r\n<td class=\"cvagas\">CR<\/td>\r\n<td class=\"cremuneracao\">R$ 6.333,87 \/40h<\/td>\r\n<\/tr><tr>\r\n<td class=\"ccargos\">\r\n<span data-balloon-length=\"medium\" data-balloon-pos=\"up\">Fiscal Tribut\u00e1rio<\/span><\/td>\r\n<td class=\"cvagas\">01<\/td>\r\n<td class=\"cremuneracao\">R$ 3.166,94 \/24h<\/td>\r\n<\/tr><tr>\r\n<td class=\"ccargos\">\r\n<span data-balloon-length=\"medium\" aria-label=\"Curso Superior em Medicina; Habilita\u00e7\u00e3o legal para profiss\u00e3o m\u00e9dica: Registro no Conselho Regional de Medicina.\" data-balloon-pos=\"up\">M\u00e9dico ESF PACS<\/span><\/td>\r\n<td class=\"cvagas\">01<\/td>\r\n<td class=\"cremuneracao\">R$ 14.779,03 \/40h<\/td>\r\n<\/tr><tr>\r\n<td class=\"ccargos\">\r\n<span data-balloon-length=\"medium\" aria-label=\"Ensino Superior completo em Servi\u00e7o Social, com habilita\u00e7\u00e3o legal para o exerc\u00edcio da profiss\u00e3o de Assistente Social; registro no CRESS ou entidade equivalente que o venha a substituir.\" data-balloon-pos=\"up\">Assistente Social<\/span><\/td>\r\n<td class=\"cvagas\">CR<\/td>\r\n<td class=\"cremuneracao\">R$ 7.389,52 \/40h<\/td>\r\n<\/tr><tr>\r\n<td class=\"ccargos\">\r\n<span data-balloon-length=\"medium\" aria-label=\"Curso Superior em Nutri\u00e7\u00e3o; Registro no Conselho Regional de Nutri\u00e7\u00e3o.\" data-balloon-pos=\"up\">Nutricionista<\/span><\/td>\r\n<td class=\"cvagas\">01<\/td>\r\n<td class=\"cremuneracao\">R$ 3.694,76 \/30h<\/td>\r\n<\/tr><tr>\r\n<td class=\"ccargos\">\r\n<span data-balloon-length=\"medium\" aria-label=\"Grau Superior completo em Odontologia; Habilita\u00e7\u00e3o legal para o exerc\u00edcio da profiss\u00e3o de Odont\u00f3logo: Registro no Conselho Regional de Odontologia.\" data-balloon-pos=\"up\">Odont\u00f3logo (24horas)<\/span><\/td>\r\n<td class=\"cvagas\">01<\/td>\r\n<td class=\"cremuneracao\">R$ 4.222,58 \/24h<\/td>\r\n<\/tr><tr>\r\n<td class=\"ccargos\">\r\n<span data-balloon-length=\"medium\" aria-label=\"Curso superior de Pedagogia ou P\u00f3s-Gradua\u00e7\u00e3o, ambas com habilita\u00e7\u00e3o espec\u00edfica em Orienta\u00e7\u00e3o Educacional.\" data-balloon-pos=\"up\">Orientador Educacional<\/span><\/td>\r\n<td class=\"cvagas\">CR<\/td>\r\n<td class=\"cremuneracao\">R$ 3.374,13 \/22h<\/td>\r\n<\/tr><tr>\r\n<td class=\"ccargos\">\r\n<span data-balloon-length=\"medium\" aria-label=\"Curso superior em licenciatura plena, espec\u00edfico para as disciplinas respectivas ou forma\u00e7\u00e3o superior em \u00e1rea correspondente e forma\u00e7\u00e3o pedag\u00f3gica, nos termos do artigo 63 da LDB e demais legisla\u00e7\u00f5es vigentes.\" data-balloon-pos=\"up\">Professor Anos Finais - Ci\u00eancias<\/span><\/td>\r\n<td class=\"cvagas\">CR<\/td>\r\n<td class=\"cremuneracao\">R$ 3.374,13 \/22h<\/td>\r\n<\/tr><tr>\r\n<td class=\"ccargos\">\r\n<span data-balloon-length=\"medium\" aria-label=\"Curso superior em licenciatura plena, espec\u00edfico para as disciplinas respectivas ou forma\u00e7\u00e3o superior em \u00e1rea correspondente e forma\u00e7\u00e3o pedag\u00f3gica, nos termos do artigo 63 da LDB e demais legisla\u00e7\u00f5es vigentes.\" data-balloon-pos=\"up\">Professor Anos Finais - Ensino Religioso<\/span><\/td>\r\n<td class=\"cvagas\">CR<\/td>\r\n<td class=\"cremuneracao\">R$ 3.374,13 \/22h<\/td>\r\n<\/tr><tr>\r\n<td class=\"ccargos\">\r\n<span data-balloon-length=\"medium\" aria-label=\"Curso superior em licenciatura plena, espec\u00edfico para as disciplinas respectivas ou forma\u00e7\u00e3o superior em \u00e1rea correspondente e forma\u00e7\u00e3o pedag\u00f3gica, nos termos do artigo 63 da LDB e demais legisla\u00e7\u00f5es vigentes.\" data-balloon-pos=\"up\">Professor Anos Finais - Geografia<\/span><\/td>\r\n<td class=\"cvagas\">CR<\/td>\r\n<td class=\"cremuneracao\">R$ 3.374,13 \/22h<\/td>\r\n<\/tr><tr>\r\n<td class=\"ccargos\">\r\n<span data-balloon-length=\"medium\" aria-label=\"Curso superior em licenciatura plena, espec\u00edfico para as disciplinas respectivas ou forma\u00e7\u00e3o superior em \u00e1rea correspondente e forma\u00e7\u00e3o pedag\u00f3gica, nos termos do artigo 63 da LDB e demais legisla\u00e7\u00f5es vigentes.\" data-balloon-pos=\"up\">Professor Anos Finais - Hist\u00f3ria<\/span><\/td>\r\n<td class=\"cvagas\">CR<\/td>\r\n<td class=\"cremuneracao\">R$ 3.374,13 \/22h<\/td>\r\n<\/tr><tr>\r\n<td class=\"ccargos\">\r\n<span data-balloon-length=\"medium\" aria-label=\"Curso superior em licenciatura plena, espec\u00edfico para as disciplinas respectivas ou forma\u00e7\u00e3o superior em \u00e1rea correspondente e forma\u00e7\u00e3o pedag\u00f3gica, nos termos do artigo 63 da LDB e demais legisla\u00e7\u00f5es vigentes.\" data-balloon-pos=\"up\">Professor Anos Finais - L\u00edngua Portuguesa<\/span><\/td>\r\n<td class=\"cvagas\">CR<\/td>\r\n<td class=\"cremuneracao\">R$ 3.374,13 \/22h<\/td>\r\n<\/tr><tr>\r\n<td class=\"ccargos\">\r\n<span data-balloon-length=\"medium\" aria-label=\"Curso superior em licenciatura plena, espec\u00edfico para as disciplinas respectivas ou forma\u00e7\u00e3o superior em \u00e1rea correspondente e forma\u00e7\u00e3o pedag\u00f3gica, nos termos do artigo 63 da LDB e demais legisla\u00e7\u00f5es vigentes; inscri\u00e7\u00e3o no respectivo conselho de classe da categoria.\" data-balloon-pos=\"up\">Professor Anos Finais - Matem\u00e1tica<\/span><\/td>\r\n<td class=\"cvagas\">CR<\/td>\r\n<td class=\"cremuneracao\">R$ 3.374,13 \/22h<\/td>\r\n<\/tr><tr>\r\n<td class=\"ccargos\">\r\n<span data-balloon-length=\"medium\" aria-label=\"Curso superior de licenciatura plena, espec\u00edfico para s\u00e9ries iniciais do ensino fundamental.\" data-balloon-pos=\"up\">Professor Anos Iniciais - Ensino Fundamental<\/span><\/td>\r\n<td class=\"cvagas\">01<\/td>\r\n<td class=\"cremuneracao\">R$ 3.374,13 \/22h<\/td>\r\n<\/tr><tr>\r\n<td class=\"ccargos\">\r\n<span data-balloon-length=\"medium\" aria-label=\"Curso superior em licenciatura plena, espec\u00edfico para as disciplinas respectivas ou forma\u00e7\u00e3o superior em \u00e1rea correspondente e forma\u00e7\u00e3o pedag\u00f3gica, nos termos do artigo 63 da LDB e demais legisla\u00e7\u00f5es vigentes.\" data-balloon-pos=\"up\">Professor Anos Finais - L\u00edngua Portuguesa \/ Inglesa<\/span><\/td>\r\n<td class=\"cvagas\">CR<\/td>\r\n<td class=\"cremuneracao\">R$ 3.374,13 \/22h<\/td>\r\n<\/tr><tr>\r\n<td class=\"ccargos\">\r\n<span data-balloon-length=\"medium\" aria-label=\"Curso superior em licenciatura plena, espec\u00edfico para as disciplinas respectivas ou forma\u00e7\u00e3o superior em \u00e1rea correspondente e forma\u00e7\u00e3o pedag\u00f3gica, nos termos do artigo 63 da LDB e demais legisla\u00e7\u00f5es vigentes.\" data-balloon-pos=\"up\">Professor de Artes<\/span><\/td>\r\n<td class=\"cvagas\">CR<\/td>\r\n<td class=\"cremuneracao\">R$ 3.374,13 \/22h<\/td>\r\n<\/tr><tr>\r\n<td class=\"ccargos\">\r\n<span data-balloon-length=\"medium\" aria-label=\"Gradua\u00e7\u00e3o em curso superior de Licenciatura Plena com p\u00f3s-gradua\u00e7\u00e3o em Educa\u00e7\u00e3o Especial ou Atendimento Educacional Especializado ou licenciatura em Educa\u00e7\u00e3o Especial.\" data-balloon-pos=\"up\">Professor de Atendimento Educacional Especializado<\/span><\/td>\r\n<td class=\"cvagas\">CR<\/td>\r\n<td class=\"cremuneracao\">R$ 3.374,13 \/22h<\/td>\r\n<\/tr><tr>\r\n<td class=\"ccargos\">\r\n<span data-balloon-length=\"medium\" aria-label=\"Curso superior em licenciatura plena, espec\u00edfico para as disciplinas respectivas ou forma\u00e7\u00e3o superior em \u00e1rea correspondente e forma\u00e7\u00e3o pedag\u00f3gica, nos termos do artigo 63 da LDB e demais legisla\u00e7\u00f5es vigentes.\" data-balloon-pos=\"up\">Professor de Educa\u00e7\u00e3o B\u00e1sica - Inform\u00e1tica \/ Computa\u00e7\u00e3o<\/span><\/td>\r\n<td class=\"cvagas\">01<\/td>\r\n<td class=\"cremuneracao\">R$ 3.374,13 \/22h<\/td>\r\n<\/tr><tr>\r\n<td class=\"ccargos\">\r\n<span data-balloon-length=\"medium\" aria-label=\"Curso superior em licenciatura plena, espec\u00edfico para as disciplinas respectivas ou forma\u00e7\u00e3o superior em \u00e1rea correspondente e forma\u00e7\u00e3o pedag\u00f3gica, nos termos do artigo 63 da LDB e demais legisla\u00e7\u00f5es vigentes; inscri\u00e7\u00e3o no respectivo conselho de classe da categoria.\" data-balloon-pos=\"up\">Professor de Educa\u00e7\u00e3o F\u00edsica<\/span><\/td>\r\n<td class=\"cvagas\">CR<\/td>\r\n<td class=\"cremuneracao\">R$ 3.374,13 \/22h<\/td>\r\n<\/tr><tr>\r\n<td class=\"ccargos\">\r\n<span data-balloon-length=\"medium\" aria-label=\"Curso superior de licenciatura plena com habilita\u00e7\u00e3o para Educa\u00e7\u00e3o infantil.\" data-balloon-pos=\"up\">Professor de Educa\u00e7\u00e3o Infantil<\/span><\/td>\r\n<td class=\"cvagas\">CR<\/td>\r\n<td class=\"cremuneracao\">R$ 6.134,78 \/40h<\/td>\r\n<\/tr><tr>\r\n<td class=\"ccargos\">\r\n<span data-balloon-length=\"medium\" aria-label=\"Curso superior em licenciatura plena, espec\u00edfico para as disciplinas respectivas ou forma\u00e7\u00e3o superior em \u00e1rea correspondente e forma\u00e7\u00e3o pedag\u00f3gica, nos termos do artigo 63 da LDB e demais legisla\u00e7\u00f5es vigentes.\" data-balloon-pos=\"up\">Professor de L\u00edngua Alem\u00e3<\/span><\/td>\r\n<td class=\"cvagas\">CR<\/td>\r\n<td class=\"cremuneracao\">R$ 3.374,13 \/22h<\/td>\r\n<\/tr><tr>\r\n<td class=\"ccargos\">\r\n<span data-balloon-length=\"medium\" aria-label=\"Curso superior em licenciatura plena, espec\u00edfico para as disciplinas respectivas ou forma\u00e7\u00e3o superior em \u00e1rea correspondente e forma\u00e7\u00e3o pedag\u00f3gica, nos termos do artigo 63 da LDB e demais legisla\u00e7\u00f5es vigentes.\" data-balloon-pos=\"up\">Professor de M\u00fasica<\/span><\/td>\r\n<td class=\"cvagas\">CR<\/td>\r\n<td class=\"cremuneracao\">R$ 3.374,13 \/22h<\/td>\r\n<\/tr><tr>\r\n<td class=\"ccargos\">\r\n<span data-balloon-length=\"medium\" aria-label=\"Curso Superior em Secret\u00e1rio de Escola.\" data-balloon-pos=\"up\">Secret\u00e1rio de Escola<\/span><\/td>\r\n<td class=\"cvagas\">CR<\/td>\r\n<td class=\"cremuneracao\">R$ 3.694,76 \/40h<\/td>\r\n<\/tr>\r\n    <\/tbody>\r\n  <\/table>\r\n<\/div>"},"_links":{"self":[{"href":"https:\/\/www.agrobase.com.br\/concursos\/wp-json\/wp\/v2\/posts\/272827","targetHints":{"allow":["GET"]}}],"collection":[{"href":"https:\/\/www.agrobase.com.br\/concursos\/wp-json\/wp\/v2\/posts"}],"about":[{"href":"https:\/\/www.agrobase.com.br\/concursos\/wp-json\/wp\/v2\/types\/post"}],"author":[{"embeddable":true,"href":"https:\/\/www.agrobase.com.br\/concursos\/wp-json\/wp\/v2\/users\/7"}],"replies":[{"embeddable":true,"href":"https:\/\/www.agrobase.com.br\/concursos\/wp-json\/wp\/v2\/comments?post=272827"}],"version-history":[{"count":2,"href":"https:\/\/www.agrobase.com.br\/concursos\/wp-json\/wp\/v2\/posts\/272827\/revisions"}],"predecessor-version":[{"id":272832,"href":"https:\/\/www.agrobase.com.br\/concursos\/wp-json\/wp\/v2\/posts\/272827\/revisions\/272832"}],"wp:featuredmedia":[{"embeddable":true,"href":"https:\/\/www.agrobase.com.br\/concursos\/wp-json\/wp\/v2\/media\/272826"}],"wp:attachment":[{"href":"https:\/\/www.agrobase.com.br\/concursos\/wp-json\/wp\/v2\/media?parent=272827"}],"wp:term":[{"taxonomy":"category","embeddable":true,"href":"https:\/\/www.agrobase.com.br\/concursos\/wp-json\/wp\/v2\/categories?post=272827"},{"taxonomy":"post_tag","embeddable":true,"href":"https:\/\/www.agrobase.com.br\/concursos\/wp-json\/wp\/v2\/tags?post=272827"},{"taxonomy":"_amplo","embeddable":true,"href":"https:\/\/www.agrobase.com.br\/concursos\/wp-json\/wp\/v2\/_amplo?post=272827"},{"taxonomy":"destaque","embeddable":true,"href":"https:\/\/www.agrobase.com.br\/concursos\/wp-json\/wp\/v2\/destaque?post=272827"},{"taxonomy":"instituicoes","embeddable":true,"href":"https:\/\/www.agrobase.com.br\/concursos\/wp-json\/wp\/v2\/instituicoes?post=272827"}],"curies":[{"name":"wp","href":"https:\/\/api.w.org\/{rel}","templated":true}]}}