{"id":272799,"date":"2025-10-21T07:10:09","date_gmt":"2025-10-21T10:10:09","guid":{"rendered":"https:\/\/www.agrobase.com.br\/concursos\/?p=272799"},"modified":"2025-10-20T12:13:41","modified_gmt":"2025-10-20T15:13:41","slug":"prefeitura-mafra-sc-selecao-publica-02-2025","status":"publish","type":"post","link":"https:\/\/www.agrobase.com.br\/concursos\/2025\/prefeitura-mafra-sc-selecao-publica-02-2025\/","title":{"rendered":"Prefeitura Mafra (SC) &#8211; Sele\u00e7\u00e3o P\u00fablica 02\/2025"},"content":{"rendered":"<h2>Informa\u00e7\u00f5es Gerais<\/h2>\n<p>O Munic\u00edpio de Mafra, em Santa Catarina, publicou o edital do <strong>Processo Seletivo P\u00fablico<\/strong> para contrata\u00e7\u00e3o tempor\u00e1ria e forma\u00e7\u00e3o de cadastro reserva no magist\u00e9rio municipal, sob responsabilidade da banca WE DO CONCURSOS. O certame est\u00e1 regulamentado pelo Edital n\u00ba 01\/2025 e encontra-se com <strong>inscri\u00e7\u00f5es abertas<\/strong>.<\/p>\n<p>O processo visa selecionar profissionais para diversas \u00e1reas da educa\u00e7\u00e3o, abrangendo desde a Educa\u00e7\u00e3o Infantil at\u00e9 o Ensino Fundamental, com oportunidades para professores habilitados e n\u00e3o habilitados. O regime de contrata\u00e7\u00e3o \u00e9 <strong>tempor\u00e1rio<\/strong>, conforme legisla\u00e7\u00e3o municipal vigente.<\/p>\n<p>As vagas s\u00e3o destinadas exclusivamente a candidatos com <strong>n\u00edvel superior<\/strong> completo ou em forma\u00e7\u00e3o, com destaque para \u00e1reas como <strong>Ci\u00eancias Biol\u00f3gicas, Educa\u00e7\u00e3o do Campo, Agronomia, Medicina Veterin\u00e1ria e Zootecnia<\/strong>, especialmente no cargo de Professor III &#8211; Pr\u00e1ticas Zoot\u00e9cnicas\/Industriais\/Gerenciais e Agr\u00edcolas.<\/p>\n<p>Se voc\u00ea busca uma oportunidade no servi\u00e7o p\u00fablico educacional e possui forma\u00e7\u00e3o compat\u00edvel, continue a leitura para conhecer os detalhes sobre inscri\u00e7\u00f5es, etapas e crit\u00e9rios de classifica\u00e7\u00e3o.<\/p>\n<h2>Inscri\u00e7\u00f5es<\/h2>\n<p>As inscri\u00e7\u00f5es para o Processo Seletivo P\u00fablico do Munic\u00edpio de Mafra est\u00e3o <strong>abertas<\/strong> e devem ser realizadas exclusivamente <strong>pela internet<\/strong>, no site da banca organizadora: <a href=\"https:\/\/www.wedoconcursos.com.br\/\" target=\"_blank\" rel=\"noopener\">www.wedoconcursos.com.br<\/a>, entre os dias <strong>16 de outubro de 2025<\/strong> e <strong>27 de outubro de 2025<\/strong>, at\u00e9 \u00e0s 14h.<\/p>\n<p>O valor da taxa de inscri\u00e7\u00e3o varia conforme o cargo escolhido e deve ser pago via <strong>boleto banc\u00e1rio<\/strong> gerado no ato da inscri\u00e7\u00e3o. N\u00e3o s\u00e3o aceitos pagamentos via PIX, dep\u00f3sito ou agendamento. Recomenda-se evitar o uso de carteiras digitais, pois podem causar atraso na compensa\u00e7\u00e3o e indeferimento da inscri\u00e7\u00e3o.<\/p>\n<p>Est\u00e3o previstas <strong>isen\u00e7\u00f5es de taxa<\/strong> para candidatos que se enquadrem em categorias espec\u00edficas, como: inscritos no Cad\u00danico, doadores regulares de sangue, leite materno ou medula \u00f3ssea, jurados e mes\u00e1rios. A solicita\u00e7\u00e3o deve ser feita dentro do prazo e com documenta\u00e7\u00e3o comprobat\u00f3ria anexada corretamente no sistema.<\/p>\n<p>O candidato deve acompanhar o status da inscri\u00e7\u00e3o e eventuais pend\u00eancias diretamente na <strong>\u00e1rea do candidato<\/strong> no site da banca. O boleto pago \u00e9 o comprovante provis\u00f3rio de inscri\u00e7\u00e3o e deve ser guardado. N\u00e3o ser\u00e1 permitida altera\u00e7\u00e3o de cargo ap\u00f3s a inscri\u00e7\u00e3o.<\/p>\n<p>\u00c9 fundamental a leitura atenta do edital completo para garantir o correto preenchimento do formul\u00e1rio e cumprimento dos prazos e exig\u00eancias.<\/p>\n<h2>Etapas e Provas<\/h2>\n<p>O processo seletivo ser\u00e1 composto por <strong>duas etapas principais<\/strong>: Prova Objetiva e Avalia\u00e7\u00e3o de T\u00edtulos, ambas com car\u00e1ter classificat\u00f3rio. N\u00e3o h\u00e1 etapa eliminat\u00f3ria, exceto nos casos de nota zero na prova objetiva.<\/p>\n<ul>\n<li><strong>Prova Objetiva<\/strong>: composta por 20 quest\u00f5es de m\u00faltipla escolha, com 4 alternativas cada. A prova ter\u00e1 dura\u00e7\u00e3o de 2 horas e ser\u00e1 aplicada a todos os cargos. A distribui\u00e7\u00e3o das disciplinas \u00e9 a seguinte:\n<ul>\n<li>L\u00edngua Portuguesa \u2013 4 quest\u00f5es<\/li>\n<li>Inform\u00e1tica Aplicada na Educa\u00e7\u00e3o \u2013 3 quest\u00f5es<\/li>\n<li>Conhecimentos Gerais e Atualidades \u2013 3 quest\u00f5es<\/li>\n<li>Conhecimentos Espec\u00edficos e Legisla\u00e7\u00e3o \u2013 10 quest\u00f5es<\/li>\n<\/ul>\n<p>A pontua\u00e7\u00e3o total da prova \u00e9 de 93 pontos. Ser\u00e1 considerado aprovado o candidato que n\u00e3o obtiver nota zero.<\/li>\n<li><strong>Avalia\u00e7\u00e3o de T\u00edtulos<\/strong>: exclusiva para candidatos aprovados na prova objetiva. Os t\u00edtulos devem ser enviados em formato PDF, frente e verso, via \u00e1rea do candidato. A pontua\u00e7\u00e3o m\u00e1xima nesta etapa \u00e9 de 7 pontos, considerando:\n<ul>\n<li>Doutorado: at\u00e9 5 pontos<\/li>\n<li>Mestrado: at\u00e9 3 pontos<\/li>\n<li>Especializa\u00e7\u00e3o: at\u00e9 2 pontos<\/li>\n<li>Curso do Programa Nacional de Crian\u00e7a Alfabetizada (CNCA): at\u00e9 2 pontos<\/li>\n<\/ul>\n<p>Somente o maior t\u00edtulo de cada categoria ser\u00e1 considerado. Documentos fora do padr\u00e3o, incompletos ou anexados em local incorreto ser\u00e3o desconsiderados.<\/li>\n<\/ul>\n<p>Para detalhes sobre crit\u00e9rios de pontua\u00e7\u00e3o, cronograma e procedimentos de envio dos t\u00edtulos, recomenda-se a leitura completa do edital.<\/p>\n<h2>Resultados e Gabarito<\/h2>\n<p>O resultado final ser\u00e1 composto pela soma das notas obtidas na <strong>prova objetiva<\/strong> (at\u00e9 93 pontos) e na <strong>avalia\u00e7\u00e3o de t\u00edtulos<\/strong> (at\u00e9 7 pontos), totalizando 100 pontos poss\u00edveis.<\/p>\n<p>Em caso de empate na pontua\u00e7\u00e3o final, ser\u00e3o aplicados os seguintes crit\u00e9rios de desempate, nesta ordem:<\/p>\n<ul>\n<li>Idade igual ou superior a 60 anos (Estatuto da Pessoa Idosa)<\/li>\n<li>Maior n\u00famero de acertos em Conhecimentos Espec\u00edficos e Legisla\u00e7\u00e3o<\/li>\n<li>Maior n\u00famero de acertos em L\u00edngua Portuguesa<\/li>\n<li>Maior n\u00famero de acertos em Inform\u00e1tica Aplicada na Educa\u00e7\u00e3o<\/li>\n<li>Maior n\u00famero de acertos em Conhecimentos Gerais e Atualidades<\/li>\n<li>Exerc\u00edcio da fun\u00e7\u00e3o de jurado (com comprova\u00e7\u00e3o)<\/li>\n<li>Maior idade (dia, m\u00eas e ano)<\/li>\n<\/ul>\n<p>Os candidatos devem declarar, no ato da inscri\u00e7\u00e3o, se exerceram a fun\u00e7\u00e3o de jurado e anexar a documenta\u00e7\u00e3o comprobat\u00f3ria. Ap\u00f3s a homologa\u00e7\u00e3o preliminar das inscri\u00e7\u00f5es, ser\u00e1 divulgado o resultado das solicita\u00e7\u00f5es.<\/p>\n<p>A classifica\u00e7\u00e3o final provis\u00f3ria ser\u00e1 publicada em duas listas: ampla concorr\u00eancia e candidatos com defici\u00eancia. Ap\u00f3s o per\u00edodo de recursos, ser\u00e1 divulgado o resultado oficial e a <strong>homologa\u00e7\u00e3o final<\/strong> do certame.<\/p>\n<p><strong>Todos os atos de convoca\u00e7\u00e3o<\/strong> dos aprovados ser\u00e3o de responsabilidade do Munic\u00edpio de Mafra e divulgados nos canais oficiais. \u00c9 dever do candidato acompanhar as publica\u00e7\u00f5es no site da banca organizadora e no Di\u00e1rio Oficial.<\/p>\n","protected":false},"excerpt":{"rendered":"<p>Processo Seletivo Pref. Mafra (SC) com edital publicado! Vagas p\/ Professores (Superior). Inscri\u00e7\u00f5es a partir de 16\/10. Sal\u00e1rios at\u00e9 R$ 3.4k. Confira detalhes!<\/p>\n","protected":false},"author":7,"featured_media":272798,"comment_status":"open","ping_status":"open","sticky":false,"template":"","format":"standard","meta":{"_acf_changed":false,"_breakdance_hide_in_design_set":false,"_breakdance_tags":"","footnotes":""},"categories":[4,6433,141,6434,111,100,20,6871,116,22,119,25,28],"tags":[61],"_amplo":[],"destaque":[],"instituicoes":[],"class_list":["post-272799","post","type-post","status-publish","format-standard","has-post-thumbnail","hentry","category-agronomia","category-biologia-licenciatura","category-educacao-artistica","category-educacao-fisica-licenciatura","category-geografia","category-historia","category-letras","category-letras-ingles","category-matematica","category-veterinaria","category-musica","category-pedagogia","category-zootecnia","tag-santa-catarina"],"acf":{"_tipo_vagas":"vagas","_numero_vagas":"","_quadro_vagas":"","_cargos":"diversos","_cargos_especificos":"","_salario_max":"R$ 3428.79","_abertura":"20251016","_encerramento":"20251027","_inscricoes":"https:\/\/www.wedoconcursos.com.br\/","_executora_concurso":"","_instituicao_concurso":[],"_link_adicional":null,"_anexos":null,"_produtos":null,"_vagas":"CR","_salario_min":"R$ 428.59","_instituicao":"Prefeitura de Mafra","_edital":"https:\/\/www.agrobase.com.br\/concursos\/wp-content\/uploads\/sites\/4\/2025\/10\/edital-02-2025-prefeitura-de-mafra-sc.pdf","_anexos_edital":"https:\/\/www.agrobase.com.br\/concursos\/wp-content\/uploads\/sites\/4\/2025\/10\/anexos-edital-02-2025-prefeitura-de-mafra-sc.pdf","_fund_incompleto":"","_fund_completo":"","_medio":"","_superior":"<div>\r\n<table class=\"quadro\">\r\n<thead>\r\n<tr>\r\n<th class=\"hcargo\">Cargo<\/th>\r\n<th class=\"hvagas\">Vagas<\/th>\r\n<th class=\"hremuneracao\">Remunera\u00e7\u00e3o<\/th>\r\n<\/tr>\r\n<\/thead>\r\n    <tbody>\r\n      <tr>\r\n<td class=\"ccargos\">\r\n<span data-balloon-length=\"medium\" aria-label=\"Habilitado: DIPLOMA e\/ou Certificado de conclus\u00e3o de Licenciatura Plena em Pedagogia e Hist\u00f3rico Escolar. N\u00e3o Habilitado: Certificado de conclus\u00e3o do Magist\u00e9rio e\/ou Declara\u00e7\u00e3o de Conclus\u00e3o em 2025 do Curso do Magist\u00e9rio. Declara\u00e7\u00e3o da fase conclu\u00edda ou a concluir, do Curso de Lic. Em Pedagogia.\" data-balloon-pos=\"up\">Professor I e II - Professor de Educa\u00e7\u00e3o Infantil e Ensino Fundamental - 1\u00ba ao 5\u00ba ano das s\u00e9ries iniciais<\/span><\/td>\r\n<td class=\"cvagas\">CR<\/td>\r\n<td class=\"cremuneracao\">R$ 1.714,41 \/20h<\/td>\r\n<\/tr><tr>\r\n<td class=\"ccargos\">\r\n<span data-balloon-length=\"medium\" aria-label=\"Habilitado: DIPLOMA e\/ou Certificado de conclus\u00e3o de Licenciatura Plena em Arte, Artes Visuais, Artes Pl\u00e1sticas, Artes C\u00eanicas ou Teatro, M\u00fasica ou Dan\u00e7a e Hist\u00f3rico Escolar. N\u00e3o Habilitado: Declara\u00e7\u00e3o da fase conclu\u00edda ou a concluir, do curso de Licenciatura Plena em ARTE, Artes Visuais, Artes Pl\u00e1sticas, Artes C\u00eanicas ou Teatro, M\u00fasica ou Dan\u00e7a.\" data-balloon-pos=\"up\">Professor II<\/span><\/td>\r\n<td class=\"cvagas\">CR<\/td>\r\n<td class=\"cremuneracao\">R$ 1.376,33 \/At\u00e9 40h<\/td>\r\n<\/tr><tr>\r\n<td class=\"ccargos\">\r\n<span data-balloon-length=\"medium\" aria-label=\"Habilitado: DIPLOMA e\/ou Certificado de conclus\u00e3o de Licenciatura Plena em CI\u00caNCIAS BIOL\u00d3GICAS, EDUCA\u00c7\u00c3O DO CAMPO e Hist\u00f3rico Escolar. N\u00e3o Habilitado: Certificado de conclus\u00e3o do curso de Ci\u00eancias. Declara\u00e7\u00e3o da fase conclu\u00edda ou a concluir, do curso de Licenciatura Plena em CI\u00caNCIAS BIOL\u00d3GICAS e EDUCA\u00c7\u00c3O DO CAMPO.\" data-balloon-pos=\"up\">Professor III - Ci\u00eancias<\/span><\/td>\r\n<td class=\"cvagas\">CR<\/td>\r\n<td class=\"cremuneracao\">R$ 3.428,79 \/At\u00e9 40h<\/td>\r\n<\/tr><tr>\r\n<td class=\"ccargos\">\r\n<span data-balloon-length=\"medium\" aria-label=\"Habilitado: DIPLOMA e\/ou Certificado de conclus\u00e3o de Licenciatura Plena em EDUCA\u00c7\u00c3O F\u00cdSICA e Hist\u00f3rico Escolar e Carteira do CREF.\" data-balloon-pos=\"up\">Professor III - Educa\u00e7\u00e3o F\u00edsica<\/span><\/td>\r\n<td class=\"cvagas\">CR<\/td>\r\n<td class=\"cremuneracao\">R$ 2.752,66 \/At\u00e9 40h<\/td>\r\n<\/tr><tr>\r\n<td class=\"ccargos\">\r\n<span data-balloon-length=\"medium\" aria-label=\"Habilitado: DIPLOMA e\/ou Certificado de conclus\u00e3o de Licenciatura Plena do curso de GEOGRAFIA e Hist\u00f3rico Escolar. N\u00e3o Habilitado: Declara\u00e7\u00e3o da fase conclu\u00edda ou a concluir, do curso de Licenciatura Plena em GEOGRAFIA.\" data-balloon-pos=\"up\">Professor III - Geografia<\/span><\/td>\r\n<td class=\"cvagas\">CR<\/td>\r\n<td class=\"cremuneracao\">R$ 2.752,66 \/At\u00e9 40h<\/td>\r\n<\/tr><tr>\r\n<td class=\"ccargos\">\r\n<span data-balloon-length=\"medium\" aria-label=\"Habilitado: DIPLOMA e\/ou Certificado de conclus\u00e3o de Licenciatura Plena em HIST\u00d3RIA e Hist\u00f3rico Escolar. N\u00e3o Habilitado: Declara\u00e7\u00e3o da fase conclu\u00edda ou a concluir, do curso de Licenciatura Plena em HIST\u00d3RIA.\" data-balloon-pos=\"up\">Professor III - Hist\u00f3ria<\/span><\/td>\r\n<td class=\"cvagas\">CR<\/td>\r\n<td class=\"cremuneracao\">R$ 2.752,66 \/At\u00e9 40h<\/td>\r\n<\/tr><tr>\r\n<td class=\"ccargos\">\r\n<span data-balloon-length=\"medium\" aria-label=\"Habilitado: DIPLOMA e\/ou Certificado de conclus\u00e3o de Licenciatura Plena em Letras e Hist\u00f3rico Escolar. N\u00e3o Habilitado: Declara\u00e7\u00e3o da fase conclu\u00edda ou a concluir, do curso de Licenciatura Plena em LETRAS.\" data-balloon-pos=\"up\">Professor III - Ingl\u00eas<\/span><\/td>\r\n<td class=\"cvagas\">CR<\/td>\r\n<td class=\"cremuneracao\">R$ 2.752,66 \/At\u00e9 40h<\/td>\r\n<\/tr><tr>\r\n<td class=\"ccargos\">\r\n<span data-balloon-length=\"medium\" aria-label=\"Habilitado: DIPLOMA e\/ou Certificado de conclus\u00e3o de Licenciatura Plena em MATEM\u00c1TICA, EDUCA\u00c7\u00c3O DO CAMPO e Hist\u00f3rico Escolar. N\u00e3o Habilitado: Declara\u00e7\u00e3o da fase conclu\u00edda ou a concluir, do curso de Licenciatura Plena em MATEM\u00c1TICA E EDUCA\u00c7\u00c3O DO CAMPO.\" data-balloon-pos=\"up\">Professor III - Matem\u00e1tica<\/span><\/td>\r\n<td class=\"cvagas\">CR<\/td>\r\n<td class=\"cremuneracao\">R$ 2.752,66 \/At\u00e9 40h<\/td>\r\n<\/tr><tr>\r\n<td class=\"ccargos\">\r\n<span data-balloon-length=\"medium\" aria-label=\"Habilitado: DIPLOMA e\/ou Certificado de conclus\u00e3o de Licenciatura Plena em Letras e Hist\u00f3rico Escolar. N\u00e3o Habilitado: Declara\u00e7\u00e3o da fase conclu\u00edda ou a concluir, do curso de Licenciatura Plena em LETRAS.\" data-balloon-pos=\"up\">Professor III - Portugu\u00eas<\/span><\/td>\r\n<td class=\"cvagas\">CR<\/td>\r\n<td class=\"cremuneracao\">R$ 2.752,66 \/At\u00e9 40h<\/td>\r\n<\/tr><tr>\r\n<td class=\"ccargos\">\r\n<span data-balloon-length=\"medium\" aria-label=\"Habilitado: DIPLOMA e\/ou Certificado de conclus\u00e3o de Licenciatura Plena em CI\u00caNCIAS DA RELIGI\u00c3O e Hist\u00f3rico Escolar. N\u00e3o Habilitado: Diploma de Teologia, Diploma de Licenciatura em Hist\u00f3ria, Declara\u00e7\u00e3o da fase conclu\u00edda ou a concluir, do curso de Licenciatura Plena em CI\u00caNCIAS DA RELIGI\u00c3O.\" data-balloon-pos=\"up\">Professor III - Ensino Religioso<\/span><\/td>\r\n<td class=\"cvagas\">CR<\/td>\r\n<td class=\"cremuneracao\">R$ 2.752,66 \/At\u00e9 40h<\/td>\r\n<\/tr><tr>\r\n<td class=\"ccargos\">\r\n<span data-balloon-length=\"medium\" aria-label=\"Habilitado: DIPLOMA e\/ou Certificado de conclus\u00e3o de Licenciatura Plena em CI\u00caNCIAS AGR\u00c1RIAS (agropecu\u00e1ria), ou EDUCA\u00c7\u00c3O DO CAMPO ou ZOOTECNIA e DIPLOMA de gradua\u00e7\u00e3o em: AGRONOMI\u0391, VETERIN\u00c1RIA e Hist\u00f3rico. N\u00e3o Habilitado: Lic. Plena em CI\u00caNCIAS BIOL\u00d3GICAS, Bacharel em ZOOTECNIA. Certificado de conclus\u00e3o do curso T\u00e9cnico em AGROPECU\u00c1RIA. Declara\u00e7\u00e3o da fase conclu\u00edda ou a concluir, do Curso de Licenciatura Plena em CI\u00caNCIAS AGR\u00c1RIAS, EDUCA\u00c7\u00c3O DO CAMPO e CI\u00caNCIAS BIOL\u00d3GICAS, e Declara\u00e7\u00e3o da fase conclu\u00edda ou a concluir, do curso de Gradua\u00e7\u00e3o em: AGRON\u039f\u039c\u0399\u0391, VETERIN\u00c1RIA E ZOOTECNIA.\" data-balloon-pos=\"up\">Professor III - Pr\u00e1ticas Zoot\u00e9cnicas\/Industriais\/Gerenciais e Agr\u00edcolas<\/span><\/td>\r\n<td class=\"cvagas\">CR<\/td>\r\n<td class=\"cremuneracao\">R$ 2.752,66 \/At\u00e9 40h<\/td>\r\n<\/tr><tr>\r\n<td class=\"ccargos\">\r\n<span data-balloon-length=\"medium\" aria-label=\"Habilitado: DIPLOMA e\/ou Certificado de conclus\u00e3o de Licenciatura Plena em M\u00daSICA e Hist\u00f3rico Escolar. N\u00e3o Habilitado: Declara\u00e7\u00e3o da fase conclu\u00edda ou a concluir, do curso de Licenciatura Plena em M\u00daSICA.\" data-balloon-pos=\"up\">Professor III - M\u00fasica<\/span><\/td>\r\n<td class=\"cvagas\">CR<\/td>\r\n<td class=\"cremuneracao\">R$ 2.752,66 \/At\u00e9 40h<\/td>\r\n<\/tr>\r\n    <\/tbody>\r\n  <\/table>\r\n<\/div>"},"_links":{"self":[{"href":"https:\/\/www.agrobase.com.br\/concursos\/wp-json\/wp\/v2\/posts\/272799","targetHints":{"allow":["GET"]}}],"collection":[{"href":"https:\/\/www.agrobase.com.br\/concursos\/wp-json\/wp\/v2\/posts"}],"about":[{"href":"https:\/\/www.agrobase.com.br\/concursos\/wp-json\/wp\/v2\/types\/post"}],"author":[{"embeddable":true,"href":"https:\/\/www.agrobase.com.br\/concursos\/wp-json\/wp\/v2\/users\/7"}],"replies":[{"embeddable":true,"href":"https:\/\/www.agrobase.com.br\/concursos\/wp-json\/wp\/v2\/comments?post=272799"}],"version-history":[{"count":1,"href":"https:\/\/www.agrobase.com.br\/concursos\/wp-json\/wp\/v2\/posts\/272799\/revisions"}],"predecessor-version":[{"id":272801,"href":"https:\/\/www.agrobase.com.br\/concursos\/wp-json\/wp\/v2\/posts\/272799\/revisions\/272801"}],"wp:featuredmedia":[{"embeddable":true,"href":"https:\/\/www.agrobase.com.br\/concursos\/wp-json\/wp\/v2\/media\/272798"}],"wp:attachment":[{"href":"https:\/\/www.agrobase.com.br\/concursos\/wp-json\/wp\/v2\/media?parent=272799"}],"wp:term":[{"taxonomy":"category","embeddable":true,"href":"https:\/\/www.agrobase.com.br\/concursos\/wp-json\/wp\/v2\/categories?post=272799"},{"taxonomy":"post_tag","embeddable":true,"href":"https:\/\/www.agrobase.com.br\/concursos\/wp-json\/wp\/v2\/tags?post=272799"},{"taxonomy":"_amplo","embeddable":true,"href":"https:\/\/www.agrobase.com.br\/concursos\/wp-json\/wp\/v2\/_amplo?post=272799"},{"taxonomy":"destaque","embeddable":true,"href":"https:\/\/www.agrobase.com.br\/concursos\/wp-json\/wp\/v2\/destaque?post=272799"},{"taxonomy":"instituicoes","embeddable":true,"href":"https:\/\/www.agrobase.com.br\/concursos\/wp-json\/wp\/v2\/instituicoes?post=272799"}],"curies":[{"name":"wp","href":"https:\/\/api.w.org\/{rel}","templated":true}]}}