{"id":272758,"date":"2025-10-20T07:50:22","date_gmt":"2025-10-20T10:50:22","guid":{"rendered":"https:\/\/www.agrobase.com.br\/concursos\/?p=272758"},"modified":"2025-10-17T13:25:20","modified_gmt":"2025-10-17T16:25:20","slug":"prefeitura-forquilhinha-sc-selecao-publica-01-2025","status":"publish","type":"post","link":"https:\/\/www.agrobase.com.br\/concursos\/2025\/prefeitura-forquilhinha-sc-selecao-publica-01-2025\/","title":{"rendered":"Prefeitura Forquilhinha (SC) &#8211; Sele\u00e7\u00e3o P\u00fablica 01\/2025"},"content":{"rendered":"<h2>Informa\u00e7\u00f5es Gerais<\/h2>\n<p>O Munic\u00edpio de Forquilhinha, em Santa Catarina, publicou o edital do <strong>Processo Seletivo P\u00fablico 2025<\/strong>, com objetivo de preencher vagas imediatas e formar cadastro reserva para diversos cargos do quadro geral de servidores. O certame ser\u00e1 regido pelo <strong>Regime Estatut\u00e1rio<\/strong> e executado pelo Instituto Legalle.<\/p>\n<p>As oportunidades contemplam todos os n\u00edveis de escolaridade \u2014 fundamental incompleto e completo, m\u00e9dio\/t\u00e9cnico e superior \u2014 abrangendo \u00e1reas administrativas, operacionais, da sa\u00fade, educa\u00e7\u00e3o, engenharia e assist\u00eancia social.<\/p>\n<p>H\u00e1 destaque para cargos de interesse de profissionais das \u00e1reas de <strong>Agronomia, Medicina Veterin\u00e1ria, Biologia, Nutri\u00e7\u00e3o, Engenharia Ambiental e Engenharia Florestal<\/strong>, com remunera\u00e7\u00f5es que variam de <strong>R$ 1.801,91 a R$ 17.336,84<\/strong>, conforme o cargo e a carga hor\u00e1ria.<\/p>\n<p>Se voc\u00ea busca estabilidade e deseja atuar no servi\u00e7o p\u00fablico municipal, continue a leitura para saber todos os detalhes sobre inscri\u00e7\u00f5es, etapas e resultados do processo seletivo.<\/p>\n<h2>Inscri\u00e7\u00f5es<\/h2>\n<p>As inscri\u00e7\u00f5es para o Processo Seletivo de Forquilhinha estar\u00e3o abertas <strong>de 15 a 30 de outubro de 2025<\/strong>, exclusivamente pela internet, no site do <a href=\"https:\/\/www.institutolegalle.org.br\" target=\"_blank\" rel=\"noopener\">Instituto Legalle<\/a>. O prazo se encerra \u00e0s <strong>18h do dia 30\/10<\/strong>.<\/p>\n<p>O valor da taxa de inscri\u00e7\u00e3o varia conforme o n\u00edvel de escolaridade exigido para o cargo. O boleto banc\u00e1rio dever\u00e1 ser gerado e pago at\u00e9 <strong>31\/10\/2025<\/strong>, exclusivamente no Banco do Brasil. A inscri\u00e7\u00e3o ser\u00e1 confirmada apenas ap\u00f3s a compensa\u00e7\u00e3o do pagamento.<\/p>\n<p>Candidatos que n\u00e3o possuem acesso \u00e0 internet poder\u00e3o utilizar um computador disponibilizado pela Prefeitura, na Avenida 25 de Julho, n\u00ba 3.400, Centro, Forquilhinha\/SC, de segunda a sexta-feira, das 7h \u00e0s 17h, em dias \u00fateis.<\/p>\n<p>Pedidos de isen\u00e7\u00e3o da taxa poder\u00e3o ser feitos entre <strong>15 e 24 de outubro de 2025<\/strong>, conforme crit\u00e9rios estabelecidos no edital. Tamb\u00e9m \u00e9 poss\u00edvel solicitar atendimento especial, como lactantes e sabatistas, mediante requerimento no ato da inscri\u00e7\u00e3o.<\/p>\n<p>Ap\u00f3s a inscri\u00e7\u00e3o, o candidato deve acompanhar a situa\u00e7\u00e3o do cadastro e demais comunicados na \u00e1rea restrita do site da banca.<\/p>\n<p>Recomenda-se a leitura atenta do edital completo para garantir o correto preenchimento dos dados e o cumprimento de todos os requisitos.<\/p>\n<h2>Etapas e Provas<\/h2>\n<p>O processo seletivo ser\u00e1 composto por at\u00e9 tr\u00eas etapas, conforme o cargo pretendido:<\/p>\n<ul>\n<li><strong>Prova Te\u00f3rico-Objetiva<\/strong> \u2013 <em>eliminat\u00f3ria e classificat\u00f3ria<\/em>, obrigat\u00f3ria para todos os cargos. A prova ser\u00e1 de m\u00faltipla escolha, com disciplinas como L\u00edngua Portuguesa, Matem\u00e1tica, Legisla\u00e7\u00e3o, Conhecimentos Gerais e Conhecimentos Espec\u00edficos, conforme o cargo. A aplica\u00e7\u00e3o est\u00e1 prevista para <strong>16\/11\/2025<\/strong>.<\/li>\n<li><strong>Prova Pr\u00e1tica<\/strong> \u2013 <em>eliminat\u00f3ria e classificat\u00f3ria<\/em>, exclusiva para os cargos de <strong>Motorista<\/strong> e <strong>Operador de Equipamentos<\/strong>. Avaliar\u00e1 habilidades t\u00e9cnicas relacionadas \u00e0 fun\u00e7\u00e3o.<\/li>\n<li><strong>Prova de T\u00edtulos<\/strong> \u2013 <em>classificat\u00f3ria<\/em>, destinada aos cargos de <strong>Professor<\/strong> (Artes, Dan\u00e7a, Educa\u00e7\u00e3o F\u00edsica, Educa\u00e7\u00e3o Infantil, Ensino Fundamental, Ensino Religioso e Ingl\u00eas). Os documentos dever\u00e3o ser enviados eletronicamente entre <strong>1\u00ba e 3 de dezembro de 2025<\/strong>.<\/li>\n<\/ul>\n<p>As etapas seguir\u00e3o o cronograma oficial divulgado no edital, que tamb\u00e9m detalha crit\u00e9rios de pontua\u00e7\u00e3o, dura\u00e7\u00e3o das provas e conte\u00fados program\u00e1ticos. A leitura completa do edital \u00e9 essencial para o correto entendimento das regras e prazos.<\/p>\n<h2>Resultados e Gabarito<\/h2>\n<p>O gabarito preliminar da Prova Te\u00f3rico-Objetiva ser\u00e1 divulgado em <strong>17\/11\/2025<\/strong>, com prazo para interposi\u00e7\u00e3o de recursos nos dias <strong>18 e 19\/11<\/strong>. O gabarito oficial e as notas preliminares est\u00e3o previstos para <strong>26\/11<\/strong>, com possibilidade de recurso at\u00e9 <strong>28\/11<\/strong>.<\/p>\n<p>As notas oficiais da prova objetiva e a convoca\u00e7\u00e3o para as etapas seguintes (Prova Pr\u00e1tica e Prova de T\u00edtulos) ser\u00e3o publicadas em <strong>1\u00ba\/12\/2025<\/strong>. As notas preliminares dessas etapas sair\u00e3o em <strong>09\/12<\/strong>, com recursos at\u00e9 <strong>11\/12<\/strong>. As notas finais ser\u00e3o divulgadas em <strong>18\/12<\/strong>.<\/p>\n<p>Se houver empate na classifica\u00e7\u00e3o final, ser\u00e3o aplicados crit\u00e9rios como idade (para candidatos com 60 anos ou mais), exerc\u00edcio da fun\u00e7\u00e3o de jurado, maior nota nas provas e, se necess\u00e1rio, sorteio p\u00fablico previsto para <strong>19\/12\/2025<\/strong>.<\/p>\n<p>A homologa\u00e7\u00e3o dos resultados finais est\u00e1 prevista para <strong>23\/12\/2025<\/strong>. A convoca\u00e7\u00e3o dos aprovados ser\u00e1 feita conforme a necessidade da Prefeitura, respeitando a ordem de classifica\u00e7\u00e3o e o prazo de validade do processo seletivo.<\/p>\n<p><strong>\u00c9 responsabilidade exclusiva do candidato acompanhar todas as publica\u00e7\u00f5es oficiais<\/strong> no site do Instituto Legalle e no Di\u00e1rio Oficial do Munic\u00edpio.<\/p>\n","protected":false},"excerpt":{"rendered":"<p>Sel. P\u00fablica Pref. Forquilhinha (SC) com edital publicado! Vagas p\/ M\u00e9dico, Professor (Fund. a Sup.). Inscri\u00e7\u00f5es a partir de 15\/10. At\u00e9 R$ 17.3k. Confira detalhes!<\/p>\n","protected":false},"author":7,"featured_media":272757,"comment_status":"open","ping_status":"open","sticky":false,"template":"","format":"standard","meta":{"_acf_changed":false,"_breakdance_hide_in_design_set":false,"_breakdance_tags":"","footnotes":""},"categories":[4,5,6,9,141,6434,12,13,14,103,16,17,18,19,6871,21,22,23,24,25,26,101,29,128,108,130,157,134],"tags":[61],"_amplo":[],"destaque":[],"instituicoes":[],"class_list":["post-272758","post","type-post","status-publish","format-standard","has-post-thumbnail","hentry","category-agronomia","category-arquitetura","category-biologia","category-ciencias-contabeis","category-educacao-artistica","category-educacao-fisica-licenciatura","category-enfermagem","category-engenharia-ambiental","category-engenharia","category-engenharia-eletrica","category-engenharia-sanitaria","category-farmacia","category-fisioterapia","category-fonoaudiologia","category-letras-ingles","category-medicina","category-veterinaria","category-nutricao","category-odontologia","category-pedagogia","category-psicologia","category-servico-social","category-tecnico-agricola","category-tecnico-em-contabilidade","category-tecnico-enfermagem","category-tecnico-informatica","category-tecnico-seguranca-trabalho","category-terapia-ocupacional","tag-santa-catarina"],"acf":{"_tipo_vagas":"vagas","_numero_vagas":"","_quadro_vagas":"","_cargos":"diversos","_cargos_especificos":"","_salario_max":"R$ 17336.84","_abertura":"20251015","_encerramento":"20251030","_inscricoes":"https:\/\/www.institutolegalle.org.br","_executora_concurso":"","_instituicao_concurso":[],"_link_adicional":null,"_anexos":null,"_produtos":null,"_vagas":"CR","_salario_min":"R$ 1801.91","_instituicao":"Prefeitura de Forquilhinha","_edital":"https:\/\/www.agrobase.com.br\/concursos\/wp-content\/uploads\/sites\/4\/2025\/10\/edital-01-2025-prefeitura-de-forquilhinha-sc.pdf","_anexos_edital":"https:\/\/www.agrobase.com.br\/concursos\/wp-content\/uploads\/sites\/4\/2025\/10\/anexos-edital-01-2025-prefeitura-de-forquilhinha-sc.pdf","_fund_incompleto":"<div>\r\n<table class=\"quadro\">\r\n<thead>\r\n<tr>\r\n<th class=\"hcargo\">Cargo<\/th>\r\n<th class=\"hvagas\">Vagas<\/th>\r\n<th class=\"hremuneracao\">Remunera\u00e7\u00e3o<\/th>\r\n<\/tr>\r\n<\/thead>\r\n    <tbody>\r\n      <td class=\"ccargos\">\r\n<span data-balloon-length=\"medium\" data-balloon-pos=\"up\">Auxiliar de Mec\u00e2nico<\/span><\/td>\r\n<td class=\"cvagas\">CR<\/td>\r\n<td class=\"cremuneracao\">R$ 3.884,53 \/40h<\/td>\r\n<\/tr><td class=\"ccargos\">\r\n<span data-balloon-length=\"medium\" aria-label=\"\" data-balloon-pos=\"up\">Mec\u00e2nico<\/span><\/td>\r\n<td class=\"cvagas\">CR<\/td>\r\n<td class=\"cremuneracao\">R$ 4.379,01 \/40h<\/td>\r\n<\/tr><td class=\"ccargos\">\r\n<span data-balloon-length=\"medium\" aria-label=\"\" data-balloon-pos=\"up\">Mec\u00e2nico de M\u00e1quinas Pesadas e Equipamentos<\/span><\/td>\r\n<td class=\"cvagas\">CR<\/td>\r\n<td class=\"cremuneracao\">R$ 4.379,01 \/40h<\/td>\r\n<\/tr><td class=\"ccargos\">\r\n<span data-balloon-length=\"medium\" aria-label=\"\" data-balloon-pos=\"up\">Pedreiro<\/span><\/td>\r\n<td class=\"cvagas\">CR<\/td>\r\n<td class=\"cremuneracao\">R$ 2.247,13 \/40h<\/td>\r\n<\/tr><td class=\"ccargos\">\r\n<span data-balloon-length=\"medium\" aria-label=\"\" data-balloon-pos=\"up\">Pintor<\/span><\/td>\r\n<td class=\"cvagas\">CR<\/td>\r\n<td class=\"cremuneracao\">R$ 2.042,90 \/40h<\/td>\r\n<\/tr><td class=\"ccargos\">\r\n<span data-balloon-length=\"medium\" data-balloon-pos=\"up\">Motorista<\/span><\/td>\r\n<td class=\"cvagas\">CR<\/td>\r\n<td class=\"cremuneracao\">R$ 2.719,01 \/40h<\/td>\r\n<\/tr><td class=\"ccargos\">\r\n<span data-balloon-length=\"medium\" data-balloon-pos=\"up\">Motorista do SAMU<\/span><\/td>\r\n<td class=\"cvagas\">03 + CR<\/td>\r\n<td class=\"cremuneracao\">R$ 2.471,79 \/40h<\/td>\r\n<\/tr><td class=\"ccargos\">\r\n<span data-balloon-length=\"medium\" aria-label=\"\" data-balloon-pos=\"up\">Telefonista<\/span><\/td>\r\n<td class=\"cvagas\">CR<\/td>\r\n<td class=\"cremuneracao\">R$ 3.290,00 \/40h<\/td>\r\n<\/tr><td class=\"ccargos\">\r\n<span data-balloon-length=\"medium\" aria-label=\"\" data-balloon-pos=\"up\">Vigia<\/span><\/td>\r\n<td class=\"cvagas\">CR<\/td>\r\n<td class=\"cremuneracao\">R$ 1.982,18 \/40h<\/td>\r\n<\/tr>\r\n    <\/tbody>\r\n  <\/table>\r\n<\/div>","_fund_completo":"<div>\r\n<table class=\"quadro\">\r\n<thead>\r\n<tr>\r\n<th class=\"hcargo\">Cargo<\/th>\r\n<th class=\"hvagas\">Vagas<\/th>\r\n<th class=\"hremuneracao\">Remunera\u00e7\u00e3o<\/th>\r\n<\/tr>\r\n<\/thead>\r\n    <tbody>\r\n      <td class=\"ccargos\">\r\n<span data-balloon-length=\"medium\" aria-label=\"Hist\u00f3rico Escolar do Ensino Fundamental.\" data-balloon-pos=\"up\">Agente de Servi\u00e7os Gerais - Bra\u00e7al<\/span><\/td>\r\n<td class=\"cvagas\">CR<\/td>\r\n<td class=\"cremuneracao\">R$ 1.801,91 \/40h<\/td>\r\n<\/tr><td class=\"ccargos\">\r\n<span data-balloon-length=\"medium\" aria-label=\"Hist\u00f3rico Escolar do Ensino Fundamental.\" data-balloon-pos=\"up\">Agente de Servi\u00e7os Gerais - Merenda e Limpeza<\/span><\/td>\r\n<td class=\"cvagas\">CR<\/td>\r\n<td class=\"cremuneracao\">R$ 1.801,91 \/40h<\/td>\r\n<\/tr>\r\n    <\/tbody>\r\n  <\/table>\r\n<\/div>","_medio":"<div>\r\n<table class=\"quadro\">\r\n<thead>\r\n<tr>\r\n<th class=\"hcargo\">Cargo<\/th>\r\n<th class=\"hvagas\">Vagas<\/th>\r\n<th class=\"hremuneracao\">Remunera\u00e7\u00e3o<\/th>\r\n<\/tr>\r\n<\/thead>\r\n    <tbody>\r\n      <td class=\"ccargos\">\r\n<span data-balloon-length=\"medium\" aria-label=\"Portador de certificado de conclus\u00e3o do Ensino M\u00e9dio.\" data-balloon-pos=\"up\">Agente Administrativo<\/span><\/td>\r\n<td class=\"cvagas\">CR<\/td>\r\n<td class=\"cremuneracao\">R$ 4.273,10 \/40h<\/td>\r\n<\/tr><td class=\"ccargos\">\r\n<span data-balloon-length=\"medium\" aria-label=\"Portador de certificado de conclus\u00e3o do Ensino M\u00e9dio; Residir na \u00e1rea de atua\u00e7\u00e3o, disposi\u00e7\u00f5es institu\u00eddas na Lei Federal n\u00ba 11.350\/2006, ou outra norma federal que venha a regulamentar a atividade.\" data-balloon-pos=\"up\">Agente Comunit\u00e1rio de Sa\u00fade - Bairro Centro<\/span><\/td>\r\n<td class=\"cvagas\">04 + CR<\/td>\r\n<td class=\"cremuneracao\">R$ 3.035,81 \/40h<\/td>\r\n<\/tr><td class=\"ccargos\">\r\n<span data-balloon-length=\"medium\" aria-label=\"Portador de certificado de conclus\u00e3o do Ensino M\u00e9dio; Residir na \u00e1rea de atua\u00e7\u00e3o, disposi\u00e7\u00f5es institu\u00eddas na Lei Federal n\u00ba 11.350\/2006, ou outra norma federal que venha a regulamentar a atividade.\" data-balloon-pos=\"up\">Agente Comunit\u00e1rio de Sa\u00fade - Bairro Cidade Alta<\/span><\/td>\r\n<td class=\"cvagas\">04 + CR<\/td>\r\n<td class=\"cremuneracao\">R$ 3.035,81 \/40h<\/td>\r\n<\/tr><td class=\"ccargos\">\r\n<span data-balloon-length=\"medium\" aria-label=\"Portador de certificado de conclus\u00e3o do Ensino M\u00e9dio; Residir na \u00e1rea de atua\u00e7\u00e3o, disposi\u00e7\u00f5es institu\u00eddas na Lei Federal n\u00ba 11.350\/2006, ou outra norma federal que venha a regulamentar a atividade.\" data-balloon-pos=\"up\">Agente Comunit\u00e1rio de Sa\u00fade - Bairro Nova York<\/span><\/td>\r\n<td class=\"cvagas\">02 + CR<\/td>\r\n<td class=\"cremuneracao\">R$ 3.035,81 \/40h<\/td>\r\n<\/tr><td class=\"ccargos\">\r\n<span data-balloon-length=\"medium\" aria-label=\"Portador de certificado de conclus\u00e3o do Ensino M\u00e9dio; Residir na \u00e1rea de atua\u00e7\u00e3o, disposi\u00e7\u00f5es institu\u00eddas na Lei Federal n\u00ba 11.350\/2006, ou outra norma federal que venha a regulamentar a atividade.\" data-balloon-pos=\"up\">Agente Comunit\u00e1rio de Sa\u00fade - Bairro Ouro Negro<\/span><\/td>\r\n<td class=\"cvagas\">02 + CR<\/td>\r\n<td class=\"cremuneracao\">R$ 3.035,81 \/40h<\/td>\r\n<\/tr><td class=\"ccargos\">\r\n<span data-balloon-length=\"medium\" aria-label=\"Portador de certificado de conclus\u00e3o do Ensino M\u00e9dio; Residir na \u00e1rea de atua\u00e7\u00e3o, disposi\u00e7\u00f5es institu\u00eddas na Lei Federal n\u00ba 11.350\/2006, ou outra norma federal que venha a regulamentar a atividade.\" data-balloon-pos=\"up\">Agente Comunit\u00e1rio de Sa\u00fade - Bairro Santa Ana \/ Santa Isabel<\/span><\/td>\r\n<td class=\"cvagas\">02 + CR<\/td>\r\n<td class=\"cremuneracao\">R$ 3.035,81 \/40h<\/td>\r\n<\/tr><td class=\"ccargos\">\r\n<span data-balloon-length=\"medium\" aria-label=\"Portador de certificado de conclus\u00e3o do Ensino M\u00e9dio; Residir na \u00e1rea de atua\u00e7\u00e3o, disposi\u00e7\u00f5es institu\u00eddas na Lei Federal n\u00ba 11.350\/2006, ou outra norma federal que venha a regulamentar a atividade.\" data-balloon-pos=\"up\">Agente Comunit\u00e1rio de Sa\u00fade - Bairro Santa Cruz<\/span><\/td>\r\n<td class=\"cvagas\">03 + CR<\/td>\r\n<td class=\"cremuneracao\">R$ 3.035,81 \/40h<\/td>\r\n<\/tr><td class=\"ccargos\">\r\n<span data-balloon-length=\"medium\" aria-label=\"Portador de certificado de conclus\u00e3o do Ensino M\u00e9dio; Residir na \u00e1rea de atua\u00e7\u00e3o, disposi\u00e7\u00f5es institu\u00eddas na Lei Federal n\u00ba 11.350\/2006, ou outra norma federal que venha a regulamentar a atividade.\" data-balloon-pos=\"up\">Agente Comunit\u00e1rio de Sa\u00fade - Bairro Santa L\u00edbera<\/span><\/td>\r\n<td class=\"cvagas\">04 + CR<\/td>\r\n<td class=\"cremuneracao\">R$ 3.035,81 \/40h<\/td>\r\n<\/tr><td class=\"ccargos\">\r\n<span data-balloon-length=\"medium\" aria-label=\"Portador de certificado de conclus\u00e3o do Ensino M\u00e9dio; Residir na \u00e1rea de atua\u00e7\u00e3o, disposi\u00e7\u00f5es institu\u00eddas na Lei Federal n\u00ba 11.350\/2006, ou outra norma federal que venha a regulamentar a atividade.\" data-balloon-pos=\"up\">Agente Comunit\u00e1rio de Sa\u00fade - Bairro Soturno<\/span><\/td>\r\n<td class=\"cvagas\">03 + CR<\/td>\r\n<td class=\"cremuneracao\">R$ 3.035,81 \/40h<\/td>\r\n<\/tr><td class=\"ccargos\">\r\n<span data-balloon-length=\"medium\" aria-label=\"Portador de certificado de conclus\u00e3o do Ensino M\u00e9dio; Residir na \u00e1rea de atua\u00e7\u00e3o, disposi\u00e7\u00f5es institu\u00eddas na Lei Federal n\u00ba 11.350\/2006, ou outra norma federal que venha a regulamentar a atividade.\" data-balloon-pos=\"up\">Agente Comunit\u00e1rio de Sa\u00fade - Bairro Vila Franca<\/span><\/td>\r\n<td class=\"cvagas\">02 + CR<\/td>\r\n<td class=\"cremuneracao\">R$ 3.035,81 \/40h<\/td>\r\n<\/tr><td class=\"ccargos\">\r\n<span data-balloon-length=\"medium\" aria-label=\"Portador de certificado de conclus\u00e3o do Ensino M\u00e9dio; Residir na \u00e1rea de atua\u00e7\u00e3o, disposi\u00e7\u00f5es institu\u00eddas na Lei Federal n\u00ba 11.350\/2006, ou outra norma federal que venha a regulamentar a atividade.\" data-balloon-pos=\"up\">Agente Comunit\u00e1rio de Sa\u00fade - Bairro Vila Lourdes<\/span><\/td>\r\n<td class=\"cvagas\">02 + CR<\/td>\r\n<td class=\"cremuneracao\">R$ 3.035,81 \/40h<\/td>\r\n<\/tr><td class=\"ccargos\">\r\n<span data-balloon-length=\"medium\" aria-label=\"Portador de certificado de conclus\u00e3o do Ensino M\u00e9dio; Residir na \u00e1rea de atua\u00e7\u00e3o, disposi\u00e7\u00f5es institu\u00eddas na Lei Federal n\u00ba 11.350\/2006, ou outra norma federal que venha a regulamentar a atividade.\" data-balloon-pos=\"up\">Agente Comunit\u00e1rio de Sa\u00fade - Interior<\/span><\/td>\r\n<td class=\"cvagas\">CR<\/td>\r\n<td class=\"cremuneracao\">R$ 3.035,81 \/40h<\/td>\r\n<\/tr><td class=\"ccargos\">\r\n<span data-balloon-length=\"medium\" aria-label=\"Portador de certificado de conclus\u00e3o do Ensino M\u00e9dio; Residir na \u00e1rea de atua\u00e7\u00e3o, disposi\u00e7\u00f5es institu\u00eddas na Lei Federal n\u00ba 11.350\/2006, ou outra norma federal que venha a regulamentar a atividade.\" data-balloon-pos=\"up\">Agente Comunit\u00e1rio de Sa\u00fade - Santa Cruz II<\/span><\/td>\r\n<td class=\"cvagas\">CR<\/td>\r\n<td class=\"cremuneracao\">R$ 3.035,81 \/40h<\/td>\r\n<\/tr><td class=\"ccargos\">\r\n<span data-balloon-length=\"medium\" aria-label=\"Portador de certificado de conclus\u00e3o do Ensino M\u00e9dio; Demais requisitos institu\u00eddos na Lei Federal n\u00ba 1.350\/2006, ou outra norma federal que vier a regulamentar a atividade.\" data-balloon-pos=\"up\">Agente de Combate \u00e0s Endemias<\/span><\/td>\r\n<td class=\"cvagas\">01 + CR<\/td>\r\n<td class=\"cremuneracao\">R$ 3.035,81 \/40h<\/td>\r\n<\/tr><td class=\"ccargos\">\r\n<span data-balloon-length=\"medium\" data-balloon-pos=\"up\">Agente Sanit\u00e1rio<\/span><\/td>\r\n<td class=\"cvagas\">CR<\/td>\r\n<td class=\"cremuneracao\">R$ 2.653,14 \/40h<\/td>\r\n<\/tr><td class=\"ccargos\">\r\n<span data-balloon-length=\"medium\" aria-label=\"Portador de certificado de conclus\u00e3o do Ensino M\u00e9dio; Certificados de cursos na \u00e1rea de atua\u00e7\u00e3o.\" data-balloon-pos=\"up\">Artes\u00e3o<\/span><\/td>\r\n<td class=\"cvagas\">CR<\/td>\r\n<td class=\"cremuneracao\">R$ 2.192,65 \/40h<\/td>\r\n<\/tr><td class=\"ccargos\">\r\n<span data-balloon-length=\"medium\" aria-label=\"Hist\u00f3rico Escolar de Conclus\u00e3o do Ensino M\u00e9dio.\" data-balloon-pos=\"up\">Auxiliar de Educa\u00e7\u00e3o (40h)<\/span><\/td>\r\n<td class=\"cvagas\">CR<\/td>\r\n<td class=\"cremuneracao\">R$ 2.472,85 \/40h<\/td>\r\n<\/tr><td class=\"ccargos\">\r\n<span data-balloon-length=\"medium\" aria-label=\"Hist\u00f3rico Escolar de Conclus\u00e3o do Ensino M\u00e9dio.\" data-balloon-pos=\"up\">Auxiliar de Educa\u00e7\u00e3o (30h)<\/span><\/td>\r\n<td class=\"cvagas\">CR<\/td>\r\n<td class=\"cremuneracao\">R$ 1.854,63 \/30h<\/td>\r\n<\/tr><td class=\"ccargos\">\r\n<span data-balloon-length=\"medium\" data-balloon-pos=\"up\">Borracheiro<\/span><\/td>\r\n<td class=\"cvagas\">CR<\/td>\r\n<td class=\"cremuneracao\">R$ 2.719,01 \/40h<\/td>\r\n<\/tr><td class=\"ccargos\">\r\n<span data-balloon-length=\"medium\" aria-label=\"\" data-balloon-pos=\"up\">Carpinteiro<\/span><\/td>\r\n<td class=\"cvagas\">CR<\/td>\r\n<td class=\"cremuneracao\">R$ 2.247,13 \/40h<\/td>\r\n<\/tr><td class=\"ccargos\">\r\n<span data-balloon-length=\"medium\" aria-label=\"Certificado de conclus\u00e3o do Curso T\u00e9cnico em Eletrot\u00e9cnica ou Eletromec\u00e2nica e curso de NR - 10, ou suced\u00e2neo.\" data-balloon-pos=\"up\">Eletricista<\/span><\/td>\r\n<td class=\"cvagas\">CR<\/td>\r\n<td class=\"cremuneracao\">R$ 3.884,53 \/40h<\/td>\r\n<\/tr><td class=\"ccargos\">\r\n<span data-balloon-length=\"medium\" aria-label=\"Portador de certificado de conclus\u00e3o do Ensino M\u00e9dio; Conscientiza\u00e7\u00e3o AVSEC, conscientiza\u00e7\u00e3o SGSO, treinamento b\u00e1sico de seguran\u00e7a operacional, dire\u00e7\u00e3o defensiva em Aeroportos, B\u00e1sico opera\u00e7\u00f5es aeroportu\u00e1ria, balizamento de Aeronaves (Fiscal de p\u00e1tio), B\u00e1sico AVSEC (ANAC).\" data-balloon-pos=\"up\">Fiscal de P\u00e1tio Aeroportu\u00e1rio<\/span><\/td>\r\n<td class=\"cvagas\">05 + CR<\/td>\r\n<td class=\"cremuneracao\">R$ 3.210,30 \/40h<\/td>\r\n<\/tr><td class=\"ccargos\">\r\n<span data-balloon-length=\"medium\" data-balloon-pos=\"up\">Fiscal Sanit\u00e1rio Auxiliar<\/span><\/td>\r\n<td class=\"cvagas\">CR<\/td>\r\n<td class=\"cremuneracao\">R$ 3.884,53 \/40h<\/td>\r\n<\/tr><td class=\"ccargos\">\r\n<span data-balloon-length=\"medium\" data-balloon-pos=\"up\">T\u00e9cnico Agr\u00edcola<\/span><\/td>\r\n<td class=\"cvagas\">CR<\/td>\r\n<td class=\"cremuneracao\">R$ 3.531,42 \/40h<\/td>\r\n<\/tr><td class=\"ccargos\">\r\n<span data-balloon-length=\"medium\" aria-label=\"Portador de certificado de conclus\u00e3o do Ensino M\u00e9dio, com forma\u00e7\u00e3o em T\u00e9cnico em Enfermagem e registro no respectivo \u00f3rg\u00e3o fiscalizador do exerc\u00edcio profissional.\" data-balloon-pos=\"up\">T\u00e9cnico de Enfermagem do SAMU<\/span><\/td>\r\n<td class=\"cvagas\">04 + CR<\/td>\r\n<td class=\"cremuneracao\">R$ 2.918,47 \/40h<\/td>\r\n<\/tr><td class=\"ccargos\">\r\n<span data-balloon-length=\"medium\" aria-label=\"Portador de certificado de conclus\u00e3o do Ensino M\u00e9dio, com forma\u00e7\u00e3o em T\u00e9cnico de Higiene Dental e registro no respectivo \u00f3rg\u00e3o fiscalizador do exerc\u00edcio profissional.\" data-balloon-pos=\"up\">T\u00e9cnico de Higiene Dental<\/span><\/td>\r\n<td class=\"cvagas\">02 + CR<\/td>\r\n<td class=\"cremuneracao\">R$ 2.918,47 \/40h<\/td>\r\n<\/tr><td class=\"ccargos\">\r\n<span data-balloon-length=\"medium\" aria-label=\"Portador de certificado de conclus\u00e3o do Ensino M\u00e9dio, com forma\u00e7\u00e3o em T\u00e9cnico em Contabilidade, ou portador de certificado de conclus\u00e3o de curso superior em Ci\u00eancias Cont\u00e1beis.\" data-balloon-pos=\"up\">T\u00e9cnico em Contabilidade<\/span><\/td>\r\n<td class=\"cvagas\">CR<\/td>\r\n<td class=\"cremuneracao\">R$ 4.273,10 \/40h<\/td>\r\n<\/tr><td class=\"ccargos\">\r\n<span data-balloon-length=\"medium\" data-balloon-pos=\"up\">T\u00e9cnico em Edifica\u00e7\u00f5es<\/span><\/td>\r\n<td class=\"cvagas\">CR<\/td>\r\n<td class=\"cremuneracao\">R$ 4.700,39 \/40h<\/td>\r\n<\/tr><td class=\"ccargos\">\r\n<span data-balloon-length=\"medium\" aria-label=\"Portador de certificado de conclus\u00e3o do Ensino M\u00e9dio, com forma\u00e7\u00e3o em T\u00e9cnico em Enfermagem e registro no respectivo \u00f3rg\u00e3o fiscalizador do exerc\u00edcio profissional.\" data-balloon-pos=\"up\">T\u00e9cnico em Enfermagem<\/span><\/td>\r\n<td class=\"cvagas\">CR<\/td>\r\n<td class=\"cremuneracao\">R$ 2.573,60 \/40h<\/td>\r\n<\/tr><td class=\"ccargos\">\r\n<span data-balloon-length=\"medium\" aria-label=\"Portador de certificado de conclus\u00e3o do Ensino M\u00e9dio, com forma\u00e7\u00e3o em T\u00e9cnico em Inform\u00e1tica, ou portador de certificado de conclus\u00e3o de curso superior em Sistema de Informa\u00e7\u00e3o, Ci\u00eancia da Computa\u00e7\u00e3o, An\u00e1lise de Sistemas, Engenharia da Computa\u00e7\u00e3o, Inform\u00e1tica, Licenciatura em Computa\u00e7\u00e3o ou outro curso similar.\" data-balloon-pos=\"up\">T\u00e9cnico em Inform\u00e1tica<\/span><\/td>\r\n<td class=\"cvagas\">CR<\/td>\r\n<td class=\"cremuneracao\">R$ 3.884,53 \/40h<\/td>\r\n<\/tr><td class=\"ccargos\">\r\n<span data-balloon-length=\"medium\" aria-label=\"Portador de certificado de conclus\u00e3o do Ensino M\u00e9dio, com forma\u00e7\u00e3o T\u00e9cnica em \u00e1rea afim.\" data-balloon-pos=\"up\">T\u00e9cnico em Refrigera\u00e7\u00e3o e Ventila\u00e7\u00e3o<\/span><\/td>\r\n<td class=\"cvagas\">CR<\/td>\r\n<td class=\"cremuneracao\">R$ 3.531,42 \/40h<\/td>\r\n<\/tr><td class=\"ccargos\">\r\n<span data-balloon-length=\"medium\" data-balloon-pos=\"up\">T\u00e9cnico em Seguran\u00e7a do Trabalho<\/span><\/td>\r\n<td class=\"cvagas\">CR<\/td>\r\n<td class=\"cremuneracao\">R$ 3.531,42 \/40h<\/td>\r\n<\/tr>\r\n    <\/tbody>\r\n  <\/table>\r\n<\/div>","_superior":"<div>\r\n<table class=\"quadro\">\r\n<thead>\r\n<tr>\r\n<th class=\"hcargo\">Cargo<\/th>\r\n<th class=\"hvagas\">Vagas<\/th>\r\n<th class=\"hremuneracao\">Remunera\u00e7\u00e3o<\/th>\r\n<\/tr>\r\n<\/thead>\r\n    <tbody>\r\n      <tr>\r\n<td class=\"ccargos\">\r\n<span data-balloon-length=\"medium\" aria-label=\"Portador de certificado de conclus\u00e3o de Curso Superior em Tecn\u00f3logo em Gest\u00e3o de Recursos Humanos, Tecn\u00f3logo em Gest\u00e3o de Pessoas, ou Administra\u00e7\u00e3o de Empresas.\" data-balloon-pos=\"up\">Analista de Recursos Humanos<\/span><\/td>\r\n<td class=\"cvagas\">CR<\/td>\r\n<td class=\"cremuneracao\">R$ 5.687,47 \/40h<\/td>\r\n<\/tr><tr>\r\n<td class=\"ccargos\">\r\n<span data-balloon-length=\"medium\" aria-label=\"Portador de certificado de conclus\u00e3o de Curso Superior, com registro no respectivo \u00f3rg\u00e3o fiscalizador do exerc\u00edcio profissional.\" data-balloon-pos=\"up\">Arquiteto<\/span><\/td>\r\n<td class=\"cvagas\">CR<\/td>\r\n<td class=\"cremuneracao\">R$ 9.266,68 \/40h<\/td>\r\n<\/tr><tr>\r\n<td class=\"ccargos\">\r\n<span data-balloon-length=\"medium\" aria-label=\"Portador de certificado de conclus\u00e3o de Curso Superior, com registro no respectivo \u00f3rg\u00e3o fiscalizador do exerc\u00edcio profissional.\" data-balloon-pos=\"up\">Assistente Social<\/span><\/td>\r\n<td class=\"cvagas\">CR<\/td>\r\n<td class=\"cremuneracao\">R$ 6.962,05 \/40h<\/td>\r\n<\/tr><tr>\r\n<td class=\"ccargos\">\r\n<span data-balloon-length=\"medium\" aria-label=\"Portador de certificado de conclus\u00e3o de curso superior, com registro no respectivo \u00f3rg\u00e3o fiscalizador do exerc\u00edcio profissional.\" data-balloon-pos=\"up\">Bi\u00f3logo<\/span><\/td>\r\n<td class=\"cvagas\">CR<\/td>\r\n<td class=\"cremuneracao\">R$ 7.658,33 \/40h<\/td>\r\n<\/tr><tr>\r\n<td class=\"ccargos\">\r\n<span data-balloon-length=\"medium\" aria-label=\"Portador de certificado de conclus\u00e3o de Curso Superior, com registro no respectivo \u00f3rg\u00e3o fiscalizador do exerc\u00edcio profissional.\" data-balloon-pos=\"up\">Contador<\/span><\/td>\r\n<td class=\"cvagas\">CR<\/td>\r\n<td class=\"cremuneracao\">R$ 9.266,68 \/40h<\/td>\r\n<\/tr><tr>\r\n<td class=\"ccargos\">\r\n<span data-balloon-length=\"medium\" aria-label=\"Portador de certificado de conclus\u00e3o de curso superior, com registro no respectivo \u00f3rg\u00e3o fiscalizador do exerc\u00edcio profissional.\" data-balloon-pos=\"up\">Enfermeiro<\/span><\/td>\r\n<td class=\"cvagas\">CR<\/td>\r\n<td class=\"cremuneracao\">R$ 6.958,69 \/40h<\/td>\r\n<\/tr><tr>\r\n<td class=\"ccargos\">\r\n<span data-balloon-length=\"medium\" aria-label=\"Portador de certificado de conclus\u00e3o De Curso Superior, com registro no respectivo \u00f3rg\u00e3o fiscalizador do exerc\u00edcio profissional.\" data-balloon-pos=\"up\">Engenheiro Agr\u00f4nomo<\/span><\/td>\r\n<td class=\"cvagas\">CR<\/td>\r\n<td class=\"cremuneracao\">R$ 7.658,33 \/40h<\/td>\r\n<\/tr><tr>\r\n<td class=\"ccargos\">\r\n<span data-balloon-length=\"medium\" aria-label=\"Portador de certificado de conclus\u00e3o de Curso Superior, com registro no respectivo \u00f3rg\u00e3o fiscalizador do exerc\u00edcio profissional.\" data-balloon-pos=\"up\">Engenheiro Civil<\/span><\/td>\r\n<td class=\"cvagas\">CR<\/td>\r\n<td class=\"cremuneracao\">R$ 9.266,68 \/40h<\/td>\r\n<\/tr><tr>\r\n<td class=\"ccargos\">\r\n<span data-balloon-length=\"medium\" aria-label=\"Portador de certificado de conclus\u00e3o de Curso Superior, com registro no respectivo \u00f3rg\u00e3o fiscalizador do exerc\u00edcio profissional.\" data-balloon-pos=\"up\">Engenheiro Eletricista<\/span><\/td>\r\n<td class=\"cvagas\">CR<\/td>\r\n<td class=\"cremuneracao\">R$ 3.829,16 \/20h<\/td>\r\n<\/tr><tr>\r\n<td class=\"ccargos\">\r\n<span data-balloon-length=\"medium\" aria-label=\"Portador de certificado de conclus\u00e3o de Curso Superior, com registro no respectivo \u00f3rg\u00e3o fiscalizador do exerc\u00edcio profissional.\" data-balloon-pos=\"up\">Engenheiro Sanitarista e Ambiental<\/span><\/td>\r\n<td class=\"cvagas\">CR<\/td>\r\n<td class=\"cremuneracao\">R$ 3.829,16 \/20h<\/td>\r\n<\/tr><tr>\r\n<td class=\"ccargos\">\r\n<span data-balloon-length=\"medium\" aria-label=\"Portador de certificado de conclus\u00e3o de Curso Superior, com registro no respectivo \u00f3rg\u00e3o fiscalizador do exerc\u00edcio profissional.\" data-balloon-pos=\"up\">Farmac\u00eautico<\/span><\/td>\r\n<td class=\"cvagas\">CR<\/td>\r\n<td class=\"cremuneracao\">R$ 5.573,74 \/40h<\/td>\r\n<\/tr><tr>\r\n<td class=\"ccargos\">\r\n<span data-balloon-length=\"medium\" aria-label=\"Portador de certificado de conclus\u00e3o de Curso Superior, com registro no respectivo \u00f3rg\u00e3o fiscalizador do exerc\u00edcio profissional.\" data-balloon-pos=\"up\">Fisioterapeuta<\/span><\/td>\r\n<td class=\"cvagas\">CR<\/td>\r\n<td class=\"cremuneracao\">R$ 6.329,18 \/30h<\/td>\r\n<\/tr><tr>\r\n<td class=\"ccargos\">\r\n<span data-balloon-length=\"medium\" aria-label=\"Portador de certificado de conclus\u00e3o de Curso Superior, com registro no respectivo \u00f3rg\u00e3o fiscalizador do exerc\u00edcio profissional.\" data-balloon-pos=\"up\">Fonoaudi\u00f3logo<\/span><\/td>\r\n<td class=\"cvagas\">CR<\/td>\r\n<td class=\"cremuneracao\">R$ 6.658,69 \/40h<\/td>\r\n<\/tr><tr>\r\n<td class=\"ccargos\">\r\n<span data-balloon-length=\"medium\" aria-label=\"\" data-balloon-pos=\"up\">M\u00e9dico de Sa\u00fade - Bairro Centro<\/span><\/td>\r\n<td class=\"cvagas\">04 + CR<\/td>\r\n<td class=\"cremuneracao\">R$ 3.035,81 \/40h<\/td>\r\n<\/tr><tr>\r\n<td class=\"ccargos\">\r\n<span data-balloon-length=\"medium\" aria-label=\"\" data-balloon-pos=\"up\">M\u00e9dico de Sa\u00fade - Bairro Cidade Alta<\/span><\/td>\r\n<td class=\"cvagas\">04 + CR<\/td>\r\n<td class=\"cremuneracao\">R$ 3.035,81 \/40h<\/td>\r\n<\/tr><tr>\r\n<td class=\"ccargos\">\r\n<span data-balloon-length=\"medium\" aria-label=\"\" data-balloon-pos=\"up\">M\u00e9dico de Sa\u00fade - Bairro Nova York<\/span><\/td>\r\n<td class=\"cvagas\">02 + CR<\/td>\r\n<td class=\"cremuneracao\">R$ 3.035,81 \/40h<\/td>\r\n<\/tr><tr>\r\n<td class=\"ccargos\">\r\n<span data-balloon-length=\"medium\" aria-label=\"\" data-balloon-pos=\"up\">M\u00e9dico de Sa\u00fade - Bairro Ouro Negro<\/span><\/td>\r\n<td class=\"cvagas\">02 + CR<\/td>\r\n<td class=\"cremuneracao\">R$ 3.035,81 \/40h<\/td>\r\n<\/tr><tr>\r\n<td class=\"ccargos\">\r\n<span data-balloon-length=\"medium\" aria-label=\"\" data-balloon-pos=\"up\">M\u00e9dico de Sa\u00fade - Bairro Santa Ana \/ Santa Isabel<\/span><\/td>\r\n<td class=\"cvagas\">02 + CR<\/td>\r\n<td class=\"cremuneracao\">R$ 3.035,81 \/40h<\/td>\r\n<\/tr><tr>\r\n<td class=\"ccargos\">\r\n<span data-balloon-length=\"medium\" aria-label=\"\" data-balloon-pos=\"up\">M\u00e9dico de Sa\u00fade - Bairro Santa Cruz<\/span><\/td>\r\n<td class=\"cvagas\">03 + CR<\/td>\r\n<td class=\"cremuneracao\">R$ 3.035,81 \/40h<\/td>\r\n<\/tr><tr>\r\n<td class=\"ccargos\">\r\n<span data-balloon-length=\"medium\" aria-label=\"\" data-balloon-pos=\"up\">M\u00e9dico de Sa\u00fade - Bairro Santa L\u00edbera<\/span><\/td>\r\n<td class=\"cvagas\">04 + CR<\/td>\r\n<td class=\"cremuneracao\">R$ 3.035,81 \/40h<\/td>\r\n<\/tr><tr>\r\n<td class=\"ccargos\">\r\n<span data-balloon-length=\"medium\" aria-label=\"\" data-balloon-pos=\"up\">M\u00e9dico de Sa\u00fade - Bairro Soturno<\/span><\/td>\r\n<td class=\"cvagas\">03 + CR<\/td>\r\n<td class=\"cremuneracao\">R$ 3.035,81 \/40h<\/td>\r\n<\/tr><tr>\r\n<td class=\"ccargos\">\r\n<span data-balloon-length=\"medium\" aria-label=\"\" data-balloon-pos=\"up\">M\u00e9dico de Sa\u00fade - Bairro Vila Franca<\/span><\/td>\r\n<td class=\"cvagas\">02 + CR<\/td>\r\n<td class=\"cremuneracao\">R$ 3.035,81 \/40h<\/td>\r\n<\/tr><tr>\r\n<td class=\"ccargos\">\r\n<span data-balloon-length=\"medium\" aria-label=\"\" data-balloon-pos=\"up\">M\u00e9dico de Sa\u00fade - Bairro Vila Lourdes<\/span><\/td>\r\n<td class=\"cvagas\">02 + CR<\/td>\r\n<td class=\"cremuneracao\">R$ 3.035,81 \/40h<\/td>\r\n<\/tr><tr>\r\n<td class=\"ccargos\">\r\n<span data-balloon-length=\"medium\" aria-label=\"\" data-balloon-pos=\"up\">M\u00e9dico de Sa\u00fade - Interior<\/span><\/td>\r\n<td class=\"cvagas\">CR<\/td>\r\n<td class=\"cremuneracao\">R$ 3.035,81 \/40h<\/td>\r\n<\/tr><tr>\r\n<td class=\"ccargos\">\r\n<span data-balloon-length=\"medium\" aria-label=\"\" data-balloon-pos=\"up\">M\u00e9dico de Sa\u00fade - Santa Cruz II<\/span><\/td>\r\n<td class=\"cvagas\">CR<\/td>\r\n<td class=\"cremuneracao\">R$ 3.035,81 \/40h<\/td>\r\n<\/tr><tr>\r\n<td class=\"ccargos\">\r\n<span data-balloon-length=\"medium\" aria-label=\"Portador de certificado de conclus\u00e3o de Curso Superior, com registro no respectivo \u00f3rg\u00e3o fiscalizador do exerc\u00edcio profissional.\" data-balloon-pos=\"up\">M\u00e9dico do PSF<\/span><\/td>\r\n<td class=\"cvagas\">CR<\/td>\r\n<td class=\"cremuneracao\">R$ 17.336,84 \/40h<\/td>\r\n<\/tr><tr>\r\n<td class=\"ccargos\">\r\n<span data-balloon-length=\"medium\" aria-label=\"Portador de certificado de conclus\u00e3o de Curso Superior, com registro no respectivo \u00f3rg\u00e3o fiscalizador do exerc\u00edcio profissional.\" data-balloon-pos=\"up\">M\u00e9dico do Trabalho<\/span><\/td>\r\n<td class=\"cvagas\">CR<\/td>\r\n<td class=\"cremuneracao\">R$ 6.345,71 \/10h<\/td>\r\n<\/tr><tr>\r\n<td class=\"ccargos\">\r\n<span data-balloon-length=\"medium\" aria-label=\"Portador de certificado de conclus\u00e3o de Curso Superior, com registro no respectivo \u00f3rg\u00e3o fiscalizador do exerc\u00edcio profissional.\" data-balloon-pos=\"up\">M\u00e9dico Veterin\u00e1rio<\/span><\/td>\r\n<td class=\"cvagas\">CR<\/td>\r\n<td class=\"cremuneracao\">R$ 9.266,98 \/40h<\/td>\r\n<\/tr><tr>\r\n<td class=\"ccargos\">\r\n<span data-balloon-length=\"medium\" aria-label=\"Portador de certificado de conclus\u00e3o de Curso Superior, com registro no respectivo \u00f3rg\u00e3o fiscalizador do exerc\u00edcio profissional.\" data-balloon-pos=\"up\">M\u00e9dico Veterin\u00e1rio - Inspe\u00e7\u00e3o Sanit\u00e1ria<\/span><\/td>\r\n<td class=\"cvagas\">02 + CR<\/td>\r\n<td class=\"cremuneracao\">R$ 5.722,88 \/44h<\/td>\r\n<\/tr><tr>\r\n<td class=\"ccargos\">\r\n<span data-balloon-length=\"medium\" aria-label=\"Portador de certificado de conclus\u00e3o de Curso Superior, com registro no respectivo \u00f3rg\u00e3o fiscalizador do exerc\u00edcio profissional, com t\u00edtulo de especializa\u00e7\u00e3o em Ginecologia\/Obstetra.\" data-balloon-pos=\"up\">M\u00e9dico Ginecologista-Obstetra<\/span><\/td>\r\n<td class=\"cvagas\">CR<\/td>\r\n<td class=\"cremuneracao\">R$ 10.488,80 \/20h<\/td>\r\n<\/tr><tr>\r\n<td class=\"ccargos\">\r\n<span data-balloon-length=\"medium\" aria-label=\"Portador de certificado de conclus\u00e3o de Curso Superior, com registro no respectivo \u00f3rg\u00e3o fiscalizador do exerc\u00edcio profissional.\" data-balloon-pos=\"up\">Nutricionista<\/span><\/td>\r\n<td class=\"cvagas\">CR<\/td>\r\n<td class=\"cremuneracao\">R$ 5.753,74 \/40h<\/td>\r\n<\/tr><tr>\r\n<td class=\"ccargos\">\r\n<span data-balloon-length=\"medium\" aria-label=\"Portador de certificado de conclus\u00e3o de Curso Superior, com registro no respectivo \u00f3rg\u00e3o fiscalizador do exerc\u00edcio profissional.\" data-balloon-pos=\"up\">Odont\u00f3logo<\/span><\/td>\r\n<td class=\"cvagas\">CR<\/td>\r\n<td class=\"cremuneracao\">R$ 9.951,44 \/40h<\/td>\r\n<\/tr><tr>\r\n<td class=\"ccargos\">\r\n<span data-balloon-length=\"medium\" data-balloon-pos=\"up\">Operador de Equipamentos<\/span><\/td>\r\n<td class=\"cvagas\">CR<\/td>\r\n<td class=\"cremuneracao\">R$ 2.990,88 \/40h<\/td>\r\n<\/tr><tr>\r\n<td class=\"ccargos\">\r\n<span data-balloon-length=\"medium\" aria-label=\"Diploma e Hist\u00f3rico Escolar de Conclus\u00e3o de Curso Superior Com Licenciatura em Artes, Licenciatura em Artes Visuais, ou Licenciatura em Educa\u00e7\u00e3o Art\u00edstica.\" data-balloon-pos=\"up\">Professor de Artes<\/span><\/td>\r\n<td class=\"cvagas\">CR<\/td>\r\n<td class=\"cremuneracao\">R$ 2.474,98 \/20h<\/td>\r\n<\/tr><tr>\r\n<td class=\"ccargos\">\r\n<span data-balloon-length=\"medium\" aria-label=\"Gradua\u00e7\u00e3o Completa Educa\u00e7\u00e3o F\u00edsica e Curso de aperfei\u00e7oamento em Dan\u00e7a.\" data-balloon-pos=\"up\">Professor de Dan\u00e7a<\/span><\/td>\r\n<td class=\"cvagas\">01<\/td>\r\n<td class=\"cremuneracao\">R$ 2.474,98 \/20h<\/td>\r\n<\/tr><tr>\r\n<td class=\"ccargos\">\r\n<span data-balloon-length=\"medium\" aria-label=\"Diploma e Hist\u00f3rico Escolar de Conclus\u00e3o de Curso Superior de Licenciatura em Educa\u00e7\u00e3o F\u00edsica.\" data-balloon-pos=\"up\">Professor de Educa\u00e7\u00e3o F\u00edsica<\/span><\/td>\r\n<td class=\"cvagas\">CR<\/td>\r\n<td class=\"cremuneracao\">R$ 2.474,98 \/20h<\/td>\r\n<\/tr><tr>\r\n<td class=\"ccargos\">\r\n<span data-balloon-length=\"medium\" aria-label=\"Diploma e Hist\u00f3rico Escolar de Conclus\u00e3o de Curso Superior de Licenciatura em Pedagogia ou Normal Superior.\" data-balloon-pos=\"up\">Professor de Educa\u00e7\u00e3o Infantil<\/span><\/td>\r\n<td class=\"cvagas\">CR<\/td>\r\n<td class=\"cremuneracao\">R$ 2.474,98 \/20h<\/td>\r\n<\/tr><tr>\r\n<td class=\"ccargos\">\r\n<span data-balloon-length=\"medium\" aria-label=\"Diploma e Hist\u00f3rico Escolar de Conclus\u00e3o de Curso Superior de Licenciatura em Pedagogia ou Normal Superior.\" data-balloon-pos=\"up\">Professor de Ensino Fundamental<\/span><\/td>\r\n<td class=\"cvagas\">CR<\/td>\r\n<td class=\"cremuneracao\">R$ 2.474,98 \/20h<\/td>\r\n<\/tr><tr>\r\n<td class=\"ccargos\">\r\n<span data-balloon-length=\"medium\" aria-label=\"Portador de certificado de conclus\u00e3o de curso superior de Pedagogia, ou licenciatura em Ci\u00eancias da Religi\u00e3o, ou Filosofia, ou Hist\u00f3ria, ou Estudos Sociais.\" data-balloon-pos=\"up\">Professor de Ensino Religioso<\/span><\/td>\r\n<td class=\"cvagas\">CR<\/td>\r\n<td class=\"cremuneracao\">R$ 2.474,98 \/20h<\/td>\r\n<\/tr><tr>\r\n<td class=\"ccargos\">\r\n<span data-balloon-length=\"medium\" aria-label=\"Diploma e Hist\u00f3rico Escolar de Conclus\u00e3o de Curso Superior de Licenciatura em Letras\/Ingl\u00eas.\" data-balloon-pos=\"up\">Professor de Ingl\u00eas<\/span><\/td>\r\n<td class=\"cvagas\">CR<\/td>\r\n<td class=\"cremuneracao\">R$ 2.474,98 \/20h<\/td>\r\n<\/tr><tr>\r\n<td class=\"ccargos\">\r\n<span data-balloon-length=\"medium\" aria-label=\"Portador de certificado de conclus\u00e3o de Curso Superior, com registro no respectivo \u00f3rg\u00e3o fiscalizador do exerc\u00edcio profissional.\" data-balloon-pos=\"up\">Psic\u00f3logo<\/span><\/td>\r\n<td class=\"cvagas\">CR<\/td>\r\n<td class=\"cremuneracao\">R$ 5.753,74 \/40h<\/td>\r\n<\/tr><tr>\r\n<td class=\"ccargos\">\r\n<span data-balloon-length=\"medium\" aria-label=\"Portador de certificado de conclus\u00e3o de Curso Superior, com registro no respectivo \u00f3rg\u00e3o fiscalizador do exerc\u00edcio profissional.\" data-balloon-pos=\"up\">Terapeuta Ocupacional<\/span><\/td>\r\n<td class=\"cvagas\">CR<\/td>\r\n<td class=\"cremuneracao\">R$ 6.958,69 \/40h<\/td>\r\n<\/tr>\r\n    <\/tbody>\r\n  <\/table>\r\n<\/div>"},"_links":{"self":[{"href":"https:\/\/www.agrobase.com.br\/concursos\/wp-json\/wp\/v2\/posts\/272758","targetHints":{"allow":["GET"]}}],"collection":[{"href":"https:\/\/www.agrobase.com.br\/concursos\/wp-json\/wp\/v2\/posts"}],"about":[{"href":"https:\/\/www.agrobase.com.br\/concursos\/wp-json\/wp\/v2\/types\/post"}],"author":[{"embeddable":true,"href":"https:\/\/www.agrobase.com.br\/concursos\/wp-json\/wp\/v2\/users\/7"}],"replies":[{"embeddable":true,"href":"https:\/\/www.agrobase.com.br\/concursos\/wp-json\/wp\/v2\/comments?post=272758"}],"version-history":[{"count":1,"href":"https:\/\/www.agrobase.com.br\/concursos\/wp-json\/wp\/v2\/posts\/272758\/revisions"}],"predecessor-version":[{"id":272760,"href":"https:\/\/www.agrobase.com.br\/concursos\/wp-json\/wp\/v2\/posts\/272758\/revisions\/272760"}],"wp:featuredmedia":[{"embeddable":true,"href":"https:\/\/www.agrobase.com.br\/concursos\/wp-json\/wp\/v2\/media\/272757"}],"wp:attachment":[{"href":"https:\/\/www.agrobase.com.br\/concursos\/wp-json\/wp\/v2\/media?parent=272758"}],"wp:term":[{"taxonomy":"category","embeddable":true,"href":"https:\/\/www.agrobase.com.br\/concursos\/wp-json\/wp\/v2\/categories?post=272758"},{"taxonomy":"post_tag","embeddable":true,"href":"https:\/\/www.agrobase.com.br\/concursos\/wp-json\/wp\/v2\/tags?post=272758"},{"taxonomy":"_amplo","embeddable":true,"href":"https:\/\/www.agrobase.com.br\/concursos\/wp-json\/wp\/v2\/_amplo?post=272758"},{"taxonomy":"destaque","embeddable":true,"href":"https:\/\/www.agrobase.com.br\/concursos\/wp-json\/wp\/v2\/destaque?post=272758"},{"taxonomy":"instituicoes","embeddable":true,"href":"https:\/\/www.agrobase.com.br\/concursos\/wp-json\/wp\/v2\/instituicoes?post=272758"}],"curies":[{"name":"wp","href":"https:\/\/api.w.org\/{rel}","templated":true}]}}