{"id":272744,"date":"2025-10-20T07:30:59","date_gmt":"2025-10-20T10:30:59","guid":{"rendered":"https:\/\/www.agrobase.com.br\/concursos\/?p=272744"},"modified":"2025-10-17T12:14:21","modified_gmt":"2025-10-17T15:14:21","slug":"prefeitura-gaspar-sc-selecao-publica-16-2025","status":"publish","type":"post","link":"https:\/\/www.agrobase.com.br\/concursos\/2025\/prefeitura-gaspar-sc-selecao-publica-16-2025\/","title":{"rendered":"Prefeitura Gaspar (SC) &#8211; Sele\u00e7\u00e3o P\u00fablica 16\/2025"},"content":{"rendered":"<h2>Informa\u00e7\u00f5es Gerais<\/h2>\n<p>O Munic\u00edpio de Gaspar, em Santa Catarina, publicou o edital do <strong>Processo Seletivo da Secretaria de Educa\u00e7\u00e3o<\/strong>, com objetivo de formar cadastro reserva para contrata\u00e7\u00e3o tempor\u00e1ria de profissionais da \u00e1rea educacional. O certame ser\u00e1 regido pelo Edital e executado pelo Instituto Fucap, conforme as Leis Municipais n\u00ba 1305\/94 e n\u00ba 3839\/2017. As contrata\u00e7\u00f5es ocorrer\u00e3o nos anos letivos de 2026 e 2027, sob o regime jur\u00eddico previsto no inciso IX do art. 37 da Constitui\u00e7\u00e3o Federal.<\/p>\n<p>O processo contempla oportunidades para candidatos com <strong>n\u00edvel m\u00e9dio e superior<\/strong>, abrangendo fun\u00e7\u00f5es como professores de diversas disciplinas, coordenadores pedag\u00f3gicos, psicopedagogos, auxiliares de professor e agentes de biblioteca. As remunera\u00e7\u00f5es variam entre <strong>R$ 2.340,80 e R$ 5.681,60<\/strong>, conforme o cargo e a carga hor\u00e1ria.<\/p>\n<p>H\u00e1 destaque para cargos nas \u00e1reas de <strong>Ci\u00eancias Biol\u00f3gicas<\/strong> e <strong>Educa\u00e7\u00e3o Especial<\/strong>, de interesse de profissionais da Biologia e \u00e1reas correlatas.<\/p>\n<p>Se voc\u00ea busca uma oportunidade no setor p\u00fablico educacional, continue a leitura para conferir os detalhes sobre inscri\u00e7\u00f5es, etapas e resultados.<\/p>\n<h2>Inscri\u00e7\u00f5es<\/h2>\n<p>As inscri\u00e7\u00f5es para o Processo Seletivo da Secretaria de Educa\u00e7\u00e3o de Gaspar est\u00e3o <strong>abertas de 14 de outubro a 10 de novembro de 2025<\/strong> e devem ser realizadas exclusivamente pela internet, no site do Instituto Fucap: <a href=\"https:\/\/www.institutofucap.org.br\/concursos\" target=\"_blank\" rel=\"noopener\">https:\/\/www.institutofucap.org.br\/concursos<\/a>.<\/p>\n<p>As taxas de inscri\u00e7\u00e3o s\u00e3o de <strong>R$ 80,00<\/strong> para cargos de n\u00edvel superior e <strong>R$ 65,00<\/strong> para cargos de n\u00edvel m\u00e9dio. O pagamento deve ser feito por meio de boleto banc\u00e1rio, gerado no ato da inscri\u00e7\u00e3o, com vencimento dentro do per\u00edodo estipulado. O sistema permite a emiss\u00e3o de segunda via do boleto apenas durante o prazo de inscri\u00e7\u00f5es.<\/p>\n<p>As inscri\u00e7\u00f5es s\u00f3 ser\u00e3o confirmadas ap\u00f3s a compensa\u00e7\u00e3o banc\u00e1ria. Caso o nome do candidato conste na lista de inscri\u00e7\u00f5es indeferidas, ser\u00e1 poss\u00edvel interpor recurso administrativo, anexando o comprovante de pagamento.<\/p>\n<p>N\u00e3o ser\u00e3o aceitas inscri\u00e7\u00f5es por outros meios, como postal, fax ou e-mail. O Instituto Fucap n\u00e3o se responsabiliza por problemas t\u00e9cnicos que impe\u00e7am a conclus\u00e3o do processo.<\/p>\n<p>Recomenda-se a leitura atenta do edital completo para conhecer os crit\u00e9rios de isen\u00e7\u00e3o, regras de pagamento e demais orienta\u00e7\u00f5es.<\/p>\n<h2>Etapas e Provas<\/h2>\n<p>O Processo Seletivo ser\u00e1 composto por duas etapas principais, conforme o cargo pretendido:<\/p>\n<ul>\n<li><strong>Prova Objetiva<\/strong> \u2013 de car\u00e1ter <em>eliminat\u00f3rio e classificat\u00f3rio<\/em>, ser\u00e1 aplicada a <strong>todos os cargos<\/strong>. A prova ser\u00e1 composta por quest\u00f5es objetivas de m\u00faltipla escolha, com cinco alternativas e apenas uma correta. A pontua\u00e7\u00e3o m\u00e1xima \u00e9 de 10 pontos. As disciplinas cobradas incluem conhecimentos gerais e espec\u00edficos, conforme o cargo.<\/li>\n<li><strong>Avalia\u00e7\u00e3o de T\u00edtulos<\/strong> \u2013 de car\u00e1ter <em>classificat\u00f3rio<\/em>, ser\u00e1 aplicada aos candidatos de <strong>n\u00edvel superior<\/strong> e aos de <strong>n\u00edvel m\u00e9dio<\/strong>, com exce\u00e7\u00e3o dos cargos de Agente de Biblioteca e Professor com forma\u00e7\u00e3o em n\u00edvel Magist\u00e9rio. A pontua\u00e7\u00e3o m\u00e1xima nesta etapa \u00e9 de 3 pontos.<\/li>\n<\/ul>\n<p>Os detalhes sobre a quantidade de quest\u00f5es, crit\u00e9rios de aprova\u00e7\u00e3o, pontua\u00e7\u00e3o m\u00ednima e cronograma de aplica\u00e7\u00e3o ser\u00e3o divulgados conforme o edital e seus anexos.<\/p>\n<p>Para informa\u00e7\u00f5es completas sobre conte\u00fado program\u00e1tico, crit\u00e9rios de avalia\u00e7\u00e3o e datas, \u00e9 essencial consultar o edital oficial dispon\u00edvel no site da banca organizadora.<\/p>\n<h2>Resultados e Gabarito<\/h2>\n<p>O resultado final do Processo Seletivo ser\u00e1 obtido pela soma da nota da Prova Objetiva (at\u00e9 10 pontos) e, quando aplic\u00e1vel, da Avalia\u00e7\u00e3o de T\u00edtulos (at\u00e9 3 pontos), totalizando at\u00e9 13 pontos.<\/p>\n<p>Em caso de empate na nota final, os crit\u00e9rios de desempate ser\u00e3o aplicados na seguinte ordem:<\/p>\n<ul>\n<li>Idade igual ou superior a 60 anos, conforme o Estatuto do Idoso;<\/li>\n<li>Maior n\u00famero de acertos em Conhecimentos Espec\u00edficos;<\/li>\n<li>Maior n\u00famero de acertos em Conhecimentos Gerais;<\/li>\n<li>Maior idade;<\/li>\n<li>Ter exercido a fun\u00e7\u00e3o de jurado, desde que declarado no ato da inscri\u00e7\u00e3o.<\/li>\n<\/ul>\n<p>O cronograma de divulga\u00e7\u00e3o dos gabaritos preliminar e definitivo, bem como dos resultados por etapa, ser\u00e1 publicado no site do Instituto Fucap. Os candidatos poder\u00e3o interpor recursos em diversas fases, como contra o gabarito, notas e indeferimentos, conforme prazos estabelecidos no edital.<\/p>\n<p>A homologa\u00e7\u00e3o do resultado final ser\u00e1 publicada oficialmente, e as convoca\u00e7\u00f5es ocorrer\u00e3o conforme necessidade da Secretaria de Educa\u00e7\u00e3o. Os candidatos devem acompanhar todas as atualiza\u00e7\u00f5es exclusivamente no site da banca organizadora e no Di\u00e1rio Oficial do Munic\u00edpio.<\/p>\n<p><strong>\u00c9 responsabilidade do candidato acompanhar todas as publica\u00e7\u00f5es oficiais relacionadas ao certame.<\/strong><\/p>\n","protected":false},"excerpt":{"rendered":"<p>Sel. P\u00fablica Pref. Gaspar (SC) com edital publicado! Vagas p\/ Professor e + (M\u00e9dio\/Sup.). Inscri\u00e7\u00f5es a partir de 14\/10. Sal\u00e1rios at\u00e9 R$ 5.6k. Confira detalhes!<\/p>\n","protected":false},"author":7,"featured_media":272743,"comment_status":"open","ping_status":"open","sticky":false,"template":"","format":"standard","meta":{"_acf_changed":false,"_breakdance_hide_in_design_set":false,"_breakdance_tags":"","footnotes":""},"categories":[140,94,6433,141,6434,112,111,100,20,6871,116,119,25],"tags":[61],"_amplo":[],"destaque":[],"instituicoes":[],"class_list":["post-272744","post","type-post","status-publish","format-standard","has-post-thumbnail","hentry","category-artes-plasticas","category-biblioteconomia","category-biologia-licenciatura","category-educacao-artistica","category-educacao-fisica-licenciatura","category-filosofia","category-geografia","category-historia","category-letras","category-letras-ingles","category-matematica","category-musica","category-pedagogia","tag-santa-catarina"],"acf":{"_tipo_vagas":"vagas","_numero_vagas":"","_quadro_vagas":"","_cargos":"diversos","_cargos_especificos":"","_salario_max":"R$ 5681.6","_abertura":"20251014","_encerramento":"20251110","_inscricoes":"https:\/\/www.institutofucap.org.br\/concursos","_executora_concurso":"","_instituicao_concurso":[],"_link_adicional":null,"_anexos":null,"_produtos":null,"_vagas":"CR","_salario_min":"R$ 2340.8","_instituicao":"Prefeitura de Gaspar","_edital":"https:\/\/www.agrobase.com.br\/concursos\/wp-content\/uploads\/sites\/4\/2025\/10\/edital-16-2025-prefeitura-de-gaspar-sc.pdf","_anexos_edital":"https:\/\/www.agrobase.com.br\/concursos\/wp-content\/uploads\/sites\/4\/2025\/10\/anexos-edital-16-2025-prefeitura-de-gaspar-sc.pdf","_fund_incompleto":"","_fund_completo":"","_medio":"<div>\r\n<table class=\"quadro\">\r\n<thead>\r\n<tr>\r\n<th class=\"hcargo\">Cargo<\/th>\r\n<th class=\"hvagas\">Vagas<\/th>\r\n<th class=\"hremuneracao\">Remunera\u00e7\u00e3o<\/th>\r\n<\/tr>\r\n<\/thead>\r\n    <tbody>\r\n      <td class=\"ccargos\">\r\n<span data-balloon-length=\"medium\" aria-label=\"Ensino M\u00e9dio Completo.\" data-balloon-pos=\"up\">Agente de Biblioteca<\/span><\/td>\r\n<td class=\"cvagas\">CR<\/td>\r\n<td class=\"cremuneracao\">R$ 2.878,90 \/40h<\/td>\r\n<\/tr><td class=\"ccargos\">\r\n<span data-balloon-length=\"medium\" aria-label=\"Ensino M\u00e9dio Completo.\" data-balloon-pos=\"up\">Auxiliar de Professor<\/span><\/td>\r\n<td class=\"cvagas\">CR<\/td>\r\n<td class=\"cremuneracao\">R$ 2.340,80 \/40h<\/td>\r\n<\/tr><td class=\"ccargos\">\r\n<span data-balloon-length=\"medium\" aria-label=\"Ensino M\u00e9dio Completo.\" data-balloon-pos=\"up\">Auxiliar de Professor - Educa\u00e7\u00e3o Especial<\/span><\/td>\r\n<td class=\"cvagas\">CR<\/td>\r\n<td class=\"cremuneracao\">R$ 2.340,80 \/20h ou 40h<\/td>\r\n<\/tr><td class=\"ccargos\">\r\n<span data-balloon-length=\"medium\" aria-label=\"Ensino M\u00e9dio completo, ser ouvinte, com certificado de profici\u00eancia em tradu\u00e7\u00e3o e interpreta\u00e7\u00e3o de Libras, ou Curso t\u00e9cnico em tradu\u00e7\u00e3o e interpreta\u00e7\u00e3o de Libras ou Certificado de curso de Libras com forma\u00e7\u00e3o m\u00ednima de 120 horas.\" data-balloon-pos=\"up\">Auxiliar de Professor - Educa\u00e7\u00e3o Especial - Libras<\/span><\/td>\r\n<td class=\"cvagas\">CR<\/td>\r\n<td class=\"cremuneracao\">R$ 2.340,80 \/20h ou 40h<\/td>\r\n<\/tr>\r\n    <\/tbody>\r\n  <\/table>\r\n<\/div>","_superior":"<div>\r\n<table class=\"quadro\">\r\n<thead>\r\n<tr>\r\n<th class=\"hcargo\">Cargo<\/th>\r\n<th class=\"hvagas\">Vagas<\/th>\r\n<th class=\"hremuneracao\">Remunera\u00e7\u00e3o<\/th>\r\n<\/tr>\r\n<\/thead>\r\n    <tbody>\r\n      <tr>\r\n<td class=\"ccargos\">\r\n<span data-balloon-length=\"medium\" aria-label=\"Habilitado: Licenciatura em Artes Visuais ou Artes ou equivalente com habilita\u00e7\u00e3o em Artes Pl\u00e1sticas ou Artes Visuais. N\u00e3o Habilitado: Comprovante de matr\u00edcula a partir 5\u00ba semestre\/fase\/per\u00edodo\/s\u00e9rie do curso de gradua\u00e7\u00e3o de Licenciatura em Artes, com hist\u00f3rico escolar das disciplinas j\u00e1 cursadas.\" data-balloon-pos=\"up\">Professor de Artes - Visuais<\/span><\/td>\r\n<td class=\"cvagas\">CR<\/td>\r\n<td class=\"cremuneracao\">R$ 5.199,50 \/At\u00e9 40 h<\/td>\r\n<\/tr><tr>\r\n<td class=\"ccargos\">\r\n<span data-balloon-length=\"medium\" aria-label=\"Habilitado: Licenciatura em Dan\u00e7a; Licenciatura em Artes ou equivalente; ou Licenciatura em Educa\u00e7\u00e3o F\u00edsica. Certifica\u00e7\u00e3o de curso voltado para a \u00e1rea de no m\u00ednimo 40h. N\u00e3o Habilitado: Comprovante de matr\u00edcula a partir 5\u00ba semestre\/fase\/per\u00edodo\/s\u00e9rie do curso de gradua\u00e7\u00e3o de Licenciatura em Dan\u00e7a; Licenciatura em Artes ou equivalente; ou Licenciatura em Educa\u00e7\u00e3o F\u00edsica, com hist\u00f3rico escolar das disciplinas j\u00e1 cursadas.\" data-balloon-pos=\"up\">Professor de Artes - Dan\u00e7a<\/span><\/td>\r\n<td class=\"cvagas\">CR<\/td>\r\n<td class=\"cremuneracao\">R$ 5.199,50 \/At\u00e9 40 h<\/td>\r\n<\/tr><tr>\r\n<td class=\"ccargos\">\r\n<span data-balloon-length=\"medium\" aria-label=\"Habilitado: Licenciatura ou Bacharelado em M\u00fasica ou Artes ou equivalente com habilita\u00e7\u00e3o em M\u00fasica. N\u00e3o Habilitado: Comprovante de matr\u00edcula a partir 5\u00ba semestre\/fase\/per\u00edodo\/s\u00e9rie do curso de gradua\u00e7\u00e3o de Licenciatura ou Bacharelado em M\u00fasica ou Artes ou equivalente com habilita\u00e7\u00e3o em M\u00fasica, com hist\u00f3rico escolar das disciplinas j\u00e1 cursadas.\" data-balloon-pos=\"up\">Professor de Artes - M\u00fasica<\/span><\/td>\r\n<td class=\"cvagas\">CR<\/td>\r\n<td class=\"cremuneracao\">R$ 5.199,50 \/At\u00e9 40 h<\/td>\r\n<\/tr><tr>\r\n<td class=\"ccargos\">\r\n<span data-balloon-length=\"medium\" aria-label=\"Habilitado: Portador de diploma de gradua\u00e7\u00e3o em Licenciatura ou Bacharelado em Teatro, Artes C\u00eanicas ou Licenciatura em Artes ou equivalente com habilita\u00e7\u00e3o em Teatro ou Artes C\u00eanicas N\u00e3o Habilitado: Comprovante de matr\u00edcula a partir 5\u00ba semestre\/fase\/per\u00edodo\/s\u00e9rie do curso de gradua\u00e7\u00e3o de Licenciatura ou Bacharelado em Teatro, Artes C\u00eanicas ou Licenciatura em Artes ou equivalente com habilita\u00e7\u00e3o em Teatro ou Artes C\u00eanicas, com hist\u00f3rico escolar das disciplinas j\u00e1 cursadas.\" data-balloon-pos=\"up\">Professor de Artes - Teatro<\/span><\/td>\r\n<td class=\"cvagas\">CR<\/td>\r\n<td class=\"cremuneracao\">R$ 5.199,50 \/At\u00e9 40 h<\/td>\r\n<\/tr><tr>\r\n<td class=\"ccargos\">\r\n<span data-balloon-length=\"medium\" aria-label=\"1) Portador de diploma de licenciatura em Pedagogia com habilita\u00e7\u00e3o em Gest\u00e3o Educacional \/Escolar ou Coordena\u00e7\u00e3o\/Orienta\u00e7\u00e3o\/Supervis\u00e3o Pedag\u00f3gica\/ Escolar\/ Educacional; ou 2) Portador de diploma de licenciatura em Pedagogia e p\u00f3s-gradua\u00e7\u00e3o lato sensu, em n\u00edvel de especializa\u00e7\u00e3o, na \u00e1rea de Gest\u00e3o Educacional\/Escolar ou Coordena\u00e7\u00e3o\/Orienta\u00e7\u00e3o\/ Supervis\u00e3o Pedag\u00f3gica\/Escolar \/ Educacional; ou 3) Portador de diploma em qualquer licenciatura e p\u00f3s-gradua\u00e7\u00e3o lato sensu em n\u00edvel de especializa\u00e7\u00e3o, na \u00e1rea de Gest\u00e3o Educacional\/Escolar ou Coordena\u00e7\u00e3o\/Orienta\u00e7\u00e3o \/ Supervis\u00e3o Pedag\u00f3gica\/ Escolar\/ Educacional. Observa\u00e7\u00e3o: No caso dos itens 2 e 3, apresentar especializa\u00e7\u00e3o com carga hor\u00e1ria m\u00ednima de 360 horas\/aula e comprova\u00e7\u00e3o de experi\u00eancia de doc\u00eancia na Educa\u00e7\u00e3o B\u00e1sica de, no m\u00ednimo, 18 meses.\" data-balloon-pos=\"up\">Coordenador Pedag\u00f3gico<\/span><\/td>\r\n<td class=\"cvagas\">CR<\/td>\r\n<td class=\"cremuneracao\">R$ 5.681,60 \/40h<\/td>\r\n<\/tr><tr>\r\n<td class=\"ccargos\">\r\n<span data-balloon-length=\"medium\" aria-label=\"Diploma de gradua\u00e7\u00e3o superior em Biblioteconomia, ou Letras, ou Pedagogia e certificado de curso de capacita\u00e7\u00e3o em media\u00e7\u00e3o de leitura e\/ou de contador de hist\u00f3rias\" data-balloon-pos=\"up\">Mediador de Leitura<\/span><\/td>\r\n<td class=\"cvagas\">CR<\/td>\r\n<td class=\"cremuneracao\">R$ 5.199,50 \/40h<\/td>\r\n<\/tr><tr>\r\n<td class=\"ccargos\">\r\n<span data-balloon-length=\"medium\" aria-label=\"Habilitado: Licenciatura em Artes ou equivalente. N\u00e3o Habilitado: Comprovante de matr\u00edcula a partir 5\u00ba semestre\/fase\/per\u00edodo\/s\u00e9rie do curso de gradua\u00e7\u00e3o de Licenciatura em Artes, com hist\u00f3rico escolar das disciplinas j\u00e1 cursadas.\" data-balloon-pos=\"up\">Professor de Artes<\/span><\/td>\r\n<td class=\"cvagas\">CR<\/td>\r\n<td class=\"cremuneracao\">R$ 5.199,50 \/at\u00e9 40h<\/td>\r\n<\/tr><tr>\r\n<td class=\"ccargos\">\r\n<span data-balloon-length=\"medium\" aria-label=\"Habilitado: Licenciatura em Ci\u00eancias, Ci\u00eancias as Natureza e Ci\u00eancias Biol\u00f3gicas; N\u00e3o Habilitado: Comprovante de matr\u00edcula a partir 5\u00ba semestre\/fase\/per\u00edodo\/s\u00e9rie do curso de gradua\u00e7\u00e3o Ci\u00eancias, Ci\u00eancias as Natureza e Ci\u00eancias Biol\u00f3gicas, com hist\u00f3rico escolar das disciplinas j\u00e1 cursadas.\" data-balloon-pos=\"up\">Professor de Ci\u00eancias<\/span><\/td>\r\n<td class=\"cvagas\">CR<\/td>\r\n<td class=\"cremuneracao\">R$ 5.199,50 \/at\u00e9 40h<\/td>\r\n<\/tr><tr>\r\n<td class=\"ccargos\">\r\n<span data-balloon-length=\"medium\" aria-label=\"LICENCIATURA Educa\u00e7\u00e3o F\u00edsica e registro no CREF\" data-balloon-pos=\"up\">Professor de Educa\u00e7\u00e3o F\u00edsica<\/span><\/td>\r\n<td class=\"cvagas\">CR<\/td>\r\n<td class=\"cremuneracao\">R$ 5.199,50 \/at\u00e9 40h<\/td>\r\n<\/tr><tr>\r\n<td class=\"ccargos\">\r\n<span data-balloon-length=\"medium\" aria-label=\"BACHAREL Educa\u00e7\u00e3o F\u00edsica e registro no CREF\" data-balloon-pos=\"up\">Professor de Educa\u00e7\u00e3o F\u00edsica- Para Desporto<\/span><\/td>\r\n<td class=\"cvagas\">CR<\/td>\r\n<td class=\"cremuneracao\">R$ 5.199,50 \/40h<\/td>\r\n<\/tr><tr>\r\n<td class=\"ccargos\">\r\n<span data-balloon-length=\"medium\" aria-label=\"Habilitado N\u00edvel Superior: Licenciatura em Pedagogia ou Normal Superior com habilita\u00e7\u00e3o em Educa\u00e7\u00e3o Infantil com diploma expedido at\u00e9 31 de dezembro de 2006 ou pedagogia com diploma expedido a partir da resolu\u00e7\u00e3o CNE CP 01 de 15 de maio de 2006; N\u00e3o Habilitado N\u00edvel Magist\u00e9rio: Conclus\u00e3o do Magist\u00e9rio com habilita\u00e7\u00e3o em Educa\u00e7\u00e3o Infantil N\u00e3o Habilitado: Comprovante de matr\u00edcula a partir 5\u00ba semestre\/fase\/per\u00edodo\/s\u00e9rie do curso de gradua\u00e7\u00e3o em Pedagogia, com hist\u00f3rico escolar das disciplinas j\u00e1 cursadas.\" data-balloon-pos=\"up\">Professor de Educa\u00e7\u00e3o Infantil<\/span><\/td>\r\n<td class=\"cvagas\">CR<\/td>\r\n<td class=\"cremuneracao\">R$ 5.199,50 \/at\u00e9 40h<\/td>\r\n<\/tr><tr>\r\n<td class=\"ccargos\">\r\n<span data-balloon-length=\"medium\" aria-label=\"Habilitado N\u00edvel Superior: Licenciatura em Pedagogia ou Normal Superior com habilita\u00e7\u00e3o em S\u00e9ries\/Anos Iniciais do Ensino Fundamental ou pedagogia com diploma expedido a partir da resolu\u00e7\u00e3o CNE CP 01 de 15 de maio de 2006. N\u00e3o Habilitado N\u00edvel Magist\u00e9rio: Conclus\u00e3o do Magist\u00e9rio com habilita\u00e7\u00e3o em S\u00e9ries\/Anos Iniciais N\u00e3o Habilitado: Comprovante de matr\u00edcula a partir 5\u00ba semestre\/fase\/per\u00edodo\/s\u00e9rie do curso de gradua\u00e7\u00e3o em Pedagogia, com hist\u00f3rico escolar das disciplinas j\u00e1 cursadas.\" data-balloon-pos=\"up\">Professor de Ensino Fundamental \/ Anos Iniciais \/ Educa\u00e7\u00e3o de Jovens e Adultos<\/span><\/td>\r\n<td class=\"cvagas\">CR<\/td>\r\n<td class=\"cremuneracao\">R$ 5.199,50 \/at\u00e9 40h<\/td>\r\n<\/tr><tr>\r\n<td class=\"ccargos\">\r\n<span data-balloon-length=\"medium\" aria-label=\"Habilitado: Licenciatura em Ci\u00eancias da Religi\u00e3o. N\u00e3o Habilitado: Comprovante de matr\u00edcula a partir 5\u00ba semestre\/fase\/per\u00edodo\/s\u00e9rie do curso de gradua\u00e7\u00e3o em Ci\u00eancias da Religi\u00e3o, com hist\u00f3rico escolar das disciplinas j\u00e1 cursadas.\" data-balloon-pos=\"up\">Professor de Ensino Religioso<\/span><\/td>\r\n<td class=\"cvagas\">CR<\/td>\r\n<td class=\"cremuneracao\">R$ 5.199,50 \/at\u00e9 40h<\/td>\r\n<\/tr><tr>\r\n<td class=\"ccargos\">\r\n<span data-balloon-length=\"medium\" aria-label=\"Habilitado: Licenciatura em Filosofia. N\u00e3o Habilitado: Comprovante de matr\u00edcula a partir 5\u00ba semestre\/fase\/per\u00edodo do curso de gradua\u00e7\u00e3o em Filosofia, com hist\u00f3rico escolar das disciplinas j\u00e1 cursadas.\" data-balloon-pos=\"up\">Professor de Filosofia<\/span><\/td>\r\n<td class=\"cvagas\">CR<\/td>\r\n<td class=\"cremuneracao\">R$ 5.199,50 \/at\u00e9 40h<\/td>\r\n<\/tr><tr>\r\n<td class=\"ccargos\">\r\n<span data-balloon-length=\"medium\" aria-label=\"Habilitado: Licenciatura em Geografia. N\u00e3o Habilitado: Comprovante de matr\u00edcula a partir 5\u00ba semestre\/fase\/per\u00edodo\/s\u00e9rie do curso de gradua\u00e7\u00e3o em Geografia, com hist\u00f3rico escolar das disciplinas j\u00e1 cursadas.\" data-balloon-pos=\"up\">Professor de Geografia<\/span><\/td>\r\n<td class=\"cvagas\">CR<\/td>\r\n<td class=\"cremuneracao\">R$ 5.199,50 \/at\u00e9 40h<\/td>\r\n<\/tr><tr>\r\n<td class=\"ccargos\">\r\n<span data-balloon-length=\"medium\" aria-label=\"Habilitado: Licenciatura em Hist\u00f3ria. N\u00e3o Habilitado: Comprovante de matr\u00edcula a partir 5\u00ba semestre\/fase\/per\u00edodo\/s\u00e9rie do curso e gradua\u00e7\u00e3o em Hist\u00f3ria, com hist\u00f3rico escolar das disciplinas j\u00e1 cursadas.\" data-balloon-pos=\"up\">Professor de Hist\u00f3ria<\/span><\/td>\r\n<td class=\"cvagas\">CR<\/td>\r\n<td class=\"cremuneracao\">R$ 5.199,50 \/at\u00e9 40h<\/td>\r\n<\/tr><tr>\r\n<td class=\"ccargos\">\r\n<span data-balloon-length=\"medium\" aria-label=\"Habilitado: Licenciatura em Letras com habilita\u00e7\u00e3o em L\u00edngua Inglesa. N\u00e3o Habilitado: Comprovante de matr\u00edcula a partir 5\u00ba semestre\/fase\/per\u00edodo\/s\u00e9rie do curso de gradua\u00e7\u00e3o em Letras\/Ingl\u00eas, com hist\u00f3rico escolar das disciplinas j\u00e1 cursadas.\" data-balloon-pos=\"up\">Professor de Ingl\u00eas<\/span><\/td>\r\n<td class=\"cvagas\">CR<\/td>\r\n<td class=\"cremuneracao\">R$ 5.199,50 \/at\u00e9 40h<\/td>\r\n<\/tr><tr>\r\n<td class=\"ccargos\">\r\n<span data-balloon-length=\"medium\" aria-label=\"Habilitado: Licenciatura em Matem\u00e1tica. N\u00e3o Habilitado: Comprovante de matr\u00edcula a partir 5\u00ba semestre\/fase\/per\u00edodo\/s\u00e9rie do curso de gradua\u00e7\u00e3o em Matem\u00e1tica, com hist\u00f3rico escolar das disciplinas j\u00e1 cursadas.\" data-balloon-pos=\"up\">Professor de Matem\u00e1tica<\/span><\/td>\r\n<td class=\"cvagas\">CR<\/td>\r\n<td class=\"cremuneracao\">R$ 5.199,50 \/at\u00e9 40h<\/td>\r\n<\/tr><tr>\r\n<td class=\"ccargos\">\r\n<span data-balloon-length=\"medium\" aria-label=\"Habilitado: Licenciatura em Letras \u2013 L\u00edngua Portuguesa. N\u00e3o Habilitado: Comprovante de matr\u00edcula a partir 5\u00ba semestre\/fase\/per\u00edodo\/s\u00e9rie do curso de gradua\u00e7\u00e3o em Letras\/Portugu\u00eas, com hist\u00f3rico escolar das disciplinas j\u00e1 cursadas.\" data-balloon-pos=\"up\">Professor de Portugu\u00eas<\/span><\/td>\r\n<td class=\"cvagas\">CR<\/td>\r\n<td class=\"cremuneracao\">R$ 5.199,50 \/at\u00e9 40h<\/td>\r\n<\/tr><tr>\r\n<td class=\"ccargos\">\r\n<span data-balloon-length=\"medium\" aria-label=\"Habilitado: Gradua\u00e7\u00e3o em Educa\u00e7\u00e3o Especial; Pedagogia e\/ou Normal Superior com habilita\u00e7\u00e3o em Educa\u00e7\u00e3o Especial\/Inclus\u00e3o; Pedagogia e\/ou Normal Superior com a complementa\u00e7\u00e3o em Educa\u00e7\u00e3o Especial\/Inclus\u00e3o; Pedagogia e\/ou Normal Superior com Especializa\u00e7\u00e3o em Educa\u00e7\u00e3o Especial\/Inclus\u00e3o, de no m\u00ednimo 360 horas, reconhecido pelo MEC; N\u00e3o Habilitado: Comprovante de matr\u00edcula a partir 5\u00ba semestre\/fase\/per\u00edodo\/s\u00e9rie do curso de gradua\u00e7\u00e3o com habilita\u00e7\u00e3o em Educa\u00e7\u00e3o Especial, com hist\u00f3rico escolar das disciplinas j\u00e1 cursadas.\" data-balloon-pos=\"up\">Professor Educa\u00e7\u00e3o Especial<\/span><\/td>\r\n<td class=\"cvagas\">CR<\/td>\r\n<td class=\"cremuneracao\">R$ 5.199,50 \/at\u00e9 40h<\/td>\r\n<\/tr><tr>\r\n<td class=\"ccargos\">\r\n<span data-balloon-length=\"medium\" aria-label=\"a) Licenciatura em Letras, com habilita\u00e7\u00e3o em L\u00edngua Brasileira de Sinais - LIBRAS; b) Licenciatura em Pedagogia, com especializa\u00e7\u00e3o em L\u00edngua Brasileira de Sinais - LIBRAS e\/ou Profici\u00eancia em Libras, comprovada por certifica\u00e7\u00e3o em \u00f3rg\u00e3o competente; c) Qualquer Licenciatura com especializa\u00e7\u00e3o em L\u00edngua Brasileira de Sinais - LIBRAS e\/ou Profici\u00eancia em Libras, comprovada por certifica\u00e7\u00e3o em \u00f3rg\u00e3o competente.\" data-balloon-pos=\"up\">Professor Educa\u00e7\u00e3o Especial - Libras<\/span><\/td>\r\n<td class=\"cvagas\">CR<\/td>\r\n<td class=\"cremuneracao\">R$ 5.199,50 \/at\u00e9 40h<\/td>\r\n<\/tr><tr>\r\n<td class=\"ccargos\">\r\n<span data-balloon-length=\"medium\" aria-label=\"1) Diploma e Hist\u00f3rico Escolar do curso de Licenciatura em Inform\u00e1tica; ou 2) Diploma e Hist\u00f3rico Escolar de curso superior em \u00e1reas afins da Tecnologia da Informa\u00e7\u00e3o e Comunica\u00e7\u00e3o (tais como: Inform\u00e1tica, Sistemas de Informa\u00e7\u00e3o, Ci\u00eancia e Tecnologia, Ci\u00eancias da Computa\u00e7\u00e3o, Ci\u00eancia da Informa\u00e7\u00e3o, Engenharia da Computa\u00e7\u00e3o, Computa\u00e7\u00e3o, Tecnologia em Gest\u00e3o da Tecnologia da Informa\u00e7\u00e3o, Tecnologia da Computa\u00e7\u00e3o, Tecnologias da Informa\u00e7\u00e3o e Comunica\u00e7\u00e3o, Tecnologia em An\u00e1lise e Desenvolvimento de Sistemas, Administra\u00e7\u00e3o de Sistemas de Informa\u00e7\u00e3o, Tecnologia em Sistemas para Internet, Engenharia de Software, Tecnologia em Redes de Computadores, Tecnologia em Redes de Telecomunica\u00e7\u00f5es, Tecnologia em Informa\u00e7\u00e3o e Comunica\u00e7\u00e3o, Tecnologia em Banco de Dados, Tecnologia em Ci\u00eancia de Dados, Tecnologia em Gest\u00e3o de Telecomunica\u00e7\u00f5es, Tecnologia em Sistemas de Telecomunica\u00e7\u00f5es, Tecnologia em Telem\u00e1tica ou Engenharia de Telecomunica\u00e7\u00f5es), desde que acompanhados de: a) Diploma e Hist\u00f3rico Escolar de Licenciatura Plena em qualquer \u00e1rea do conhecimento; ou b) Diploma e Hist\u00f3rico Escolar de Curso de Complementa\u00e7\u00e3o Pedag\u00f3gica.\" data-balloon-pos=\"up\">Professor de Informa\u00e7\u00e3o e Comunica\u00e7\u00e3o<\/span><\/td>\r\n<td class=\"cvagas\">CR<\/td>\r\n<td class=\"cremuneracao\">R$ 5.199,50 \/40h<\/td>\r\n<\/tr><tr>\r\n<td class=\"ccargos\">\r\n<span data-balloon-length=\"medium\" aria-label=\"Licenciatura em Pedagogia com Especializa\u00e7\u00e3o em Psicopedagogia Cl\u00ednica.\" data-balloon-pos=\"up\">Psicopedagogo Cl\u00ednico<\/span><\/td>\r\n<td class=\"cvagas\">CR<\/td>\r\n<td class=\"cremuneracao\">R$ 5.048,08 \/40h<\/td>\r\n<\/tr>\r\n    <\/tbody>\r\n  <\/table>\r\n<\/div>"},"_links":{"self":[{"href":"https:\/\/www.agrobase.com.br\/concursos\/wp-json\/wp\/v2\/posts\/272744","targetHints":{"allow":["GET"]}}],"collection":[{"href":"https:\/\/www.agrobase.com.br\/concursos\/wp-json\/wp\/v2\/posts"}],"about":[{"href":"https:\/\/www.agrobase.com.br\/concursos\/wp-json\/wp\/v2\/types\/post"}],"author":[{"embeddable":true,"href":"https:\/\/www.agrobase.com.br\/concursos\/wp-json\/wp\/v2\/users\/7"}],"replies":[{"embeddable":true,"href":"https:\/\/www.agrobase.com.br\/concursos\/wp-json\/wp\/v2\/comments?post=272744"}],"version-history":[{"count":2,"href":"https:\/\/www.agrobase.com.br\/concursos\/wp-json\/wp\/v2\/posts\/272744\/revisions"}],"predecessor-version":[{"id":272751,"href":"https:\/\/www.agrobase.com.br\/concursos\/wp-json\/wp\/v2\/posts\/272744\/revisions\/272751"}],"wp:featuredmedia":[{"embeddable":true,"href":"https:\/\/www.agrobase.com.br\/concursos\/wp-json\/wp\/v2\/media\/272743"}],"wp:attachment":[{"href":"https:\/\/www.agrobase.com.br\/concursos\/wp-json\/wp\/v2\/media?parent=272744"}],"wp:term":[{"taxonomy":"category","embeddable":true,"href":"https:\/\/www.agrobase.com.br\/concursos\/wp-json\/wp\/v2\/categories?post=272744"},{"taxonomy":"post_tag","embeddable":true,"href":"https:\/\/www.agrobase.com.br\/concursos\/wp-json\/wp\/v2\/tags?post=272744"},{"taxonomy":"_amplo","embeddable":true,"href":"https:\/\/www.agrobase.com.br\/concursos\/wp-json\/wp\/v2\/_amplo?post=272744"},{"taxonomy":"destaque","embeddable":true,"href":"https:\/\/www.agrobase.com.br\/concursos\/wp-json\/wp\/v2\/destaque?post=272744"},{"taxonomy":"instituicoes","embeddable":true,"href":"https:\/\/www.agrobase.com.br\/concursos\/wp-json\/wp\/v2\/instituicoes?post=272744"}],"curies":[{"name":"wp","href":"https:\/\/api.w.org\/{rel}","templated":true}]}}