{"id":272719,"date":"2025-10-17T08:30:11","date_gmt":"2025-10-17T11:30:11","guid":{"rendered":"https:\/\/www.agrobase.com.br\/concursos\/?p=272719"},"modified":"2025-10-16T15:09:05","modified_gmt":"2025-10-16T18:09:05","slug":"prefeitura-luiz-alves-sc-selecao-simplificada-15-2025","status":"publish","type":"post","link":"https:\/\/www.agrobase.com.br\/concursos\/2025\/prefeitura-luiz-alves-sc-selecao-simplificada-15-2025\/","title":{"rendered":"Prefeitura Luiz Alves (SC) &#8211; Sele\u00e7\u00e3o Simplificada 15\/2025"},"content":{"rendered":"<h2>Informa\u00e7\u00f5es Gerais<\/h2>\n<p>O <strong>Processo Seletivo Simplificado da Prefeitura de Luiz Alves (SC)<\/strong>, regido pelo Edital n\u00ba 01\/2025, est\u00e1 com edital publicado e inscri\u00e7\u00f5es abertas. Organizado pela Funda\u00e7\u00e3o Universidade do Vale do Itaja\u00ed (UNIVALI), o certame visa \u00e0 forma\u00e7\u00e3o de cadastro reserva para contrata\u00e7\u00e3o tempor\u00e1ria de profissionais em diversas \u00e1reas, conforme a necessidade da administra\u00e7\u00e3o municipal.<\/p>\n<p>O processo contempla cargos de n\u00edveis <strong>fundamental, m\u00e9dio, t\u00e9cnico e superior<\/strong>, com sal\u00e1rios que variam de <strong>R$ 1.216,94 a R$ 14.257,79<\/strong>, conforme a fun\u00e7\u00e3o e carga hor\u00e1ria. A contrata\u00e7\u00e3o ser\u00e1 realizada sob o regime estatut\u00e1rio, conforme a Lei Municipal n\u00ba 1025\/2002.<\/p>\n<p>H\u00e1 oportunidades em setores como sa\u00fade, educa\u00e7\u00e3o, assist\u00eancia social, infraestrutura e administra\u00e7\u00e3o. <strong>Destacam-se vagas para profissionais das \u00e1reas de Nutri\u00e7\u00e3o, Biologia, Engenharia Ambiental<\/strong> e outras \u00e1reas de interesse t\u00e9cnico e cient\u00edfico, o que torna o certame especialmente atrativo para candidatos dessas forma\u00e7\u00f5es.<\/p>\n<p>Se voc\u00ea busca uma oportunidade no servi\u00e7o p\u00fablico com estabilidade e boa remunera\u00e7\u00e3o, continue a leitura para conhecer os detalhes sobre inscri\u00e7\u00f5es, etapas e cronograma do processo seletivo.<\/p>\n<h2>Inscri\u00e7\u00f5es<\/h2>\n<p>As inscri\u00e7\u00f5es para o Processo Seletivo da Prefeitura de Luiz Alves est\u00e3o <strong>abertas<\/strong> e devem ser realizadas exclusivamente pela internet, por meio do site <a href=\"https:\/\/www.univali.br\/concursos\" target=\"_blank\" rel=\"noopener\">www.univali.br\/concursos<\/a>, entre <strong>07 de outubro de 2025 (a partir das 16h)<\/strong> e <strong>07 de novembro de 2025 (at\u00e9 \u00e0s 16h)<\/strong>.<\/p>\n<p>As taxas de inscri\u00e7\u00e3o variam conforme o n\u00edvel de escolaridade exigido para o cargo pretendido:<\/p>\n<ul>\n<li><strong>R$ 130,00<\/strong> \u2013 N\u00edvel Superior<\/li>\n<li><strong>R$ 90,00<\/strong> \u2013 N\u00edvel M\u00e9dio e T\u00e9cnico<\/li>\n<li><strong>R$ 70,00<\/strong> \u2013 N\u00edvel Fundamental<\/li>\n<\/ul>\n<p>O pagamento deve ser feito exclusivamente por boleto banc\u00e1rio gerado no ato da inscri\u00e7\u00e3o, com vencimento at\u00e9 07 de novembro de 2025. N\u00e3o ser\u00e3o aceitos dep\u00f3sitos em conta ou pagamentos fora do prazo.<\/p>\n<p>Candidatos doadores de sangue, medula \u00f3ssea ou leite humano podem solicitar <strong>isen\u00e7\u00e3o da taxa<\/strong> at\u00e9 o dia <strong>19 de outubro de 2025<\/strong>, mediante comprova\u00e7\u00e3o conforme crit\u00e9rios estabelecidos no edital.<\/p>\n<p>Ap\u00f3s a inscri\u00e7\u00e3o e pagamento, \u00e9 essencial acompanhar a valida\u00e7\u00e3o e o status da inscri\u00e7\u00e3o na \u00e1rea restrita do site da UNIVALI.<\/p>\n<p>Para mais informa\u00e7\u00f5es sobre os procedimentos, crit\u00e9rios de isen\u00e7\u00e3o e requisitos para cada cargo, recomenda-se a leitura atenta do edital completo dispon\u00edvel no site da organizadora.<\/p>\n<h2>Etapas e Provas<\/h2>\n<p>O Processo Seletivo da Prefeitura de Luiz Alves ser\u00e1 composto por <strong>uma \u00fanica etapa: Prova Objetiva<\/strong>, de car\u00e1ter eliminat\u00f3rio e classificat\u00f3rio, aplicada a todos os cargos.<\/p>\n<p>A prova ser\u00e1 realizada no dia <strong>30 de novembro de 2025<\/strong>, no per\u00edodo vespertino, com dura\u00e7\u00e3o de <strong>3 horas e 30 minutos<\/strong>. O local e hor\u00e1rio exatos ser\u00e3o divulgados na homologa\u00e7\u00e3o das inscri\u00e7\u00f5es.<\/p>\n<p>A estrutura da prova varia conforme o n\u00edvel de escolaridade:<\/p>\n<ul>\n<li><strong>N\u00edvel Superior, M\u00e9dio e T\u00e9cnico<\/strong>:\n<ul>\n<li>Interpreta\u00e7\u00e3o de Texto \u2013 10 quest\u00f5es<\/li>\n<li>Racioc\u00ednio L\u00f3gico \u2013 5 quest\u00f5es<\/li>\n<li>Conhecimentos Espec\u00edficos \u2013 25 quest\u00f5es<\/li>\n<li><strong>Total: 40 quest\u00f5es \/ 10 pontos<\/strong><\/li>\n<\/ul>\n<\/li>\n<li><strong>N\u00edvel Fundamental \/ Alfabetizado<\/strong>:\n<ul>\n<li>L\u00edngua Portuguesa \u2013 5 quest\u00f5es<\/li>\n<li>Matem\u00e1tica B\u00e1sica \u2013 5 quest\u00f5es<\/li>\n<li>Conhecimentos Espec\u00edficos \u2013 20 quest\u00f5es<\/li>\n<li><strong>Total: 30 quest\u00f5es \/ 10 pontos<\/strong><\/li>\n<\/ul>\n<\/li>\n<\/ul>\n<p>Para ser aprovado, o candidato deve obter nota m\u00ednima de <strong>6,0 pontos<\/strong> (n\u00edveis m\u00e9dio, t\u00e9cnico e superior) ou <strong>5,0 pontos<\/strong> (n\u00edvel fundamental).<\/p>\n<p>A prova ser\u00e1 aplicada em formato de m\u00faltipla escolha e o preenchimento do cart\u00e3o resposta deve ser feito com caneta esferogr\u00e1fica de tinta preta ou azul. O candidato dever\u00e1 apresentar documento de identidade oficial com foto para acesso \u00e0 sala de prova.<\/p>\n<p>\u00c9 fundamental consultar o edital para conhecer os conte\u00fados program\u00e1ticos, regras de conduta e orienta\u00e7\u00f5es sobre o dia da prova.<\/p>\n<h2>Resultados e Gabarito<\/h2>\n<p>O <strong>gabarito preliminar<\/strong> da Prova Objetiva ser\u00e1 divulgado no site <a href=\"https:\/\/www.univali.br\/concursos\" target=\"_blank\" rel=\"noopener\">www.univali.br\/concursos<\/a> a partir das <strong>11h do dia 1\u00ba de dezembro de 2025<\/strong>. Os candidatos poder\u00e3o interpor recurso contra o gabarito no prazo de at\u00e9 48 horas ap\u00f3s a publica\u00e7\u00e3o, exclusivamente pela \u00e1rea do candidato no site da UNIVALI.<\/p>\n<p>O <strong>resultado preliminar<\/strong> da Prova Objetiva ser\u00e1 disponibilizado a partir das <strong>16h do dia 12 de dezembro de 2025<\/strong>. Recursos contra este resultado tamb\u00e9m poder\u00e3o ser apresentados em at\u00e9 48 horas, seguindo as orienta\u00e7\u00f5es do sistema eletr\u00f4nico da organizadora.<\/p>\n<p>O <strong>resultado final<\/strong> ser\u00e1 divulgado at\u00e9 o dia <strong>19 de dezembro de 2025<\/strong>, com classifica\u00e7\u00e3o em ordem decrescente de pontua\u00e7\u00e3o. Em caso de empate, ser\u00e3o aplicados crit\u00e9rios como idade (para idosos), maior n\u00famero de acertos em Conhecimentos Espec\u00edficos, Interpreta\u00e7\u00e3o de Texto e Racioc\u00ednio L\u00f3gico, conforme o n\u00edvel do cargo.<\/p>\n<p>A homologa\u00e7\u00e3o do resultado final ser\u00e1 feita por decreto do Chefe do Poder Executivo e publicada no Di\u00e1rio Oficial do Munic\u00edpio.<\/p>\n<p>A <strong>convoca\u00e7\u00e3o dos candidatos<\/strong> ser\u00e1 realizada por e-mail, no site <a href=\"https:\/\/luizalves.atende.net\/cidadao\/pagina\/concursos-publicos-e-processos-seletivos\" target=\"_blank\" rel=\"noopener\">luizalves.atende.net<\/a> e no Di\u00e1rio Oficial dos Munic\u00edpios de SC. Ap\u00f3s a homologa\u00e7\u00e3o, \u00e9 responsabilidade do candidato manter seus dados atualizados e acompanhar todas as publica\u00e7\u00f5es oficiais.<\/p>\n","protected":false},"excerpt":{"rendered":"<p>Sel. Simplificada Pref. Luiz Alves (SC) com edital publicado! Vagas p\/ M\u00e9dico e Professor (Fund. a Sup.). Inscri\u00e7\u00f5es a partir de 07\/10. Confira detalhes!<\/p>\n","protected":false},"author":7,"featured_media":272718,"comment_status":"open","ping_status":"open","sticky":false,"template":"","format":"standard","meta":{"_acf_changed":false,"_breakdance_hide_in_design_set":false,"_breakdance_tags":"","footnotes":""},"categories":[5,6,6433,7,106,121,141,6434,12,13,14,17,112,18,19,111,100,20,6871,116,21,119,23,24,25,26,101,118,108,143],"tags":[61],"_amplo":[],"destaque":[],"instituicoes":[],"class_list":["post-272719","post","type-post","status-publish","format-standard","has-post-thumbnail","hentry","category-arquitetura","category-biologia","category-biologia-licenciatura","category-biomedicina","category-bioquimica","category-ciencias-sociais","category-educacao-artistica","category-educacao-fisica-licenciatura","category-enfermagem","category-engenharia-ambiental","category-engenharia","category-farmacia","category-filosofia","category-fisioterapia","category-fonoaudiologia","category-geografia","category-historia","category-letras","category-letras-ingles","category-matematica","category-medicina","category-musica","category-nutricao","category-odontologia","category-pedagogia","category-psicologia","category-servico-social","category-sociologia","category-tecnico-enfermagem","category-tecnico-odontologia","tag-santa-catarina"],"acf":{"_tipo_vagas":"vagas","_numero_vagas":"","_quadro_vagas":"","_cargos":"diversos","_cargos_especificos":"","_salario_max":"R$ 14257.79","_abertura":"20251007","_encerramento":"20251107","_inscricoes":"https:\/\/www.univali.br\/concursos","_executora_concurso":"","_instituicao_concurso":[],"_link_adicional":null,"_anexos":null,"_produtos":null,"_vagas":"CR","_salario_min":"R$ 1216.94","_instituicao":"Prefeitura de Luiz Alves","_edital":"https:\/\/www.agrobase.com.br\/concursos\/wp-content\/uploads\/sites\/4\/2025\/10\/edital-15-2025-prefeitura-de-luiz-alves-sc.pdf","_anexos_edital":"https:\/\/www.agrobase.com.br\/concursos\/wp-content\/uploads\/sites\/4\/2025\/10\/anexos-edital-15-2025-prefeitura-de-luiz-alves-sc.pdf","_fund_incompleto":"<div>\r\n<table class=\"quadro\">\r\n<thead>\r\n<tr>\r\n<th class=\"hcargo\">Cargo<\/th>\r\n<th class=\"hvagas\">Vagas<\/th>\r\n<th class=\"hremuneracao\">Remunera\u00e7\u00e3o<\/th>\r\n<\/tr>\r\n<\/thead>\r\n    <tbody>\r\n      <td class=\"ccargos\">\r\n<span data-balloon-length=\"medium\" aria-label=\"Anos iniciais do Ensino fundamental completo.\" data-balloon-pos=\"up\">Cozinheiro<\/span><\/td>\r\n<td class=\"cvagas\">CR<\/td>\r\n<td class=\"cremuneracao\">R$ 1.652,96 \/30h<\/td>\r\n<\/tr>\r\n    <\/tbody>\r\n  <\/table>\r\n<\/div>","_fund_completo":"<div>\r\n<table class=\"quadro\">\r\n<thead>\r\n<tr>\r\n<th class=\"hcargo\">Cargo<\/th>\r\n<th class=\"hvagas\">Vagas<\/th>\r\n<th class=\"hremuneracao\">Remunera\u00e7\u00e3o<\/th>\r\n<\/tr>\r\n<\/thead>\r\n    <tbody>\r\n      <td class=\"ccargos\">\r\n<span data-balloon-length=\"medium\" aria-label=\"Anos iniciais do Ensino fundamental.\" data-balloon-pos=\"up\">Oper\u00e1rio Bra\u00e7al<\/span><\/td>\r\n<td class=\"cvagas\">CR<\/td>\r\n<td class=\"cremuneracao\">R$ 2.203,94 \/44h<\/td>\r\n<\/tr><td class=\"ccargos\">\r\n<span data-balloon-length=\"medium\" aria-label=\"Anos iniciais do Ensino Fundamental\" data-balloon-pos=\"up\">Vigia<\/span><\/td>\r\n<td class=\"cvagas\">CR<\/td>\r\n<td class=\"cremuneracao\">R$ 2.203,94 \/40h<\/td>\r\n<\/tr><td class=\"ccargos\">\r\n<span data-balloon-length=\"medium\" aria-label=\"Anos iniciais do Ensino Fundamental\" data-balloon-pos=\"up\">Zelador<\/span><\/td>\r\n<td class=\"cvagas\">CR<\/td>\r\n<td class=\"cremuneracao\">R$ 2.203,94 \/40h<\/td>\r\n<\/tr><td class=\"ccargos\">\r\n<span data-balloon-length=\"medium\" aria-label=\"Anos iniciais do Ensino Fundamental\" data-balloon-pos=\"up\">Zelador (SME)<\/span><\/td>\r\n<td class=\"cvagas\">CR<\/td>\r\n<td class=\"cremuneracao\">R$ 1.652,96 \/30h<\/td>\r\n<\/tr>\r\n    <\/tbody>\r\n  <\/table>\r\n<\/div>","_medio":"<div>\r\n<table class=\"quadro\">\r\n<thead>\r\n<tr>\r\n<th class=\"hcargo\">Cargo<\/th>\r\n<th class=\"hvagas\">Vagas<\/th>\r\n<th class=\"hremuneracao\">Remunera\u00e7\u00e3o<\/th>\r\n<\/tr>\r\n<\/thead>\r\n    <tbody>\r\n      <td class=\"ccargos\">\r\n<span data-balloon-length=\"medium\" aria-label=\"Certificado de conclus\u00e3o do Ensino M\u00e9dio.\" data-balloon-pos=\"up\">Agente Educacional<\/span><\/td>\r\n<td class=\"cvagas\">CR<\/td>\r\n<td class=\"cremuneracao\">R$ 1.652,96 \/30h<\/td>\r\n<\/tr><td class=\"ccargos\">\r\n<span data-balloon-length=\"medium\" aria-label=\"Certificado de conclus\u00e3o do Ensino M\u00e9dio.\" data-balloon-pos=\"up\">Assistente Administrativo<\/span><\/td>\r\n<td class=\"cvagas\">CR<\/td>\r\n<td class=\"cremuneracao\">R$ 2.253,23 \/40h<\/td>\r\n<\/tr><td class=\"ccargos\">\r\n<span data-balloon-length=\"medium\" aria-label=\"Certificado de conclus\u00e3o do ensino m\u00e9dio completo.\" data-balloon-pos=\"up\">Assistente de Controle Interno<\/span><\/td>\r\n<td class=\"cvagas\">CR<\/td>\r\n<td class=\"cremuneracao\">R$ 2.253,23 \/40h<\/td>\r\n<\/tr><td class=\"ccargos\">\r\n<span data-balloon-length=\"medium\" aria-label=\"Certificado de conclus\u00e3o do Ensino M\u00e9dio.\" data-balloon-pos=\"up\">Atendente de Educa\u00e7\u00e3o Infantil<\/span><\/td>\r\n<td class=\"cvagas\">CR<\/td>\r\n<td class=\"cremuneracao\">R$ 1.652,96 \/30h<\/td>\r\n<\/tr><td class=\"ccargos\">\r\n<span data-balloon-length=\"medium\" aria-label=\"Ensino m\u00e9dio completo e curso t\u00e9cnico em Auxiliar de Sa\u00fade Bucal e registro no Conselho competente.\" data-balloon-pos=\"up\">Auxiliar de Sa\u00fade bucal<\/span><\/td>\r\n<td class=\"cvagas\">CR<\/td>\r\n<td class=\"cremuneracao\">R$ 2.203,94 \/40h<\/td>\r\n<\/tr><td class=\"ccargos\">\r\n<span data-balloon-length=\"medium\" aria-label=\"Certificado de conclus\u00e3o do Ensino M\u00e9dio e comprova\u00e7\u00e3o de, no m\u00ednimo, dois anos de experi\u00eancia em banda marcial e\/ou banda municipal de m\u00fasica, como instrumentista ou regente e registro na OMB.\" data-balloon-pos=\"up\">Maestro de Banda Municipal<\/span><\/td>\r\n<td class=\"cvagas\">CR<\/td>\r\n<td class=\"cremuneracao\">R$ 2.622,52 \/30h<\/td>\r\n<\/tr><td class=\"ccargos\">\r\n<span data-balloon-length=\"medium\" aria-label=\"Certificado de curso de T\u00e9cnico em Enfermagem e comprovante deregistro no COREN.\" data-balloon-pos=\"up\">T\u00e9cnico em Enfermagem<\/span><\/td>\r\n<td class=\"cvagas\">CR<\/td>\r\n<td class=\"cremuneracao\">R$ 3.435,05 \/40h<\/td>\r\n<\/tr><td class=\"ccargos\">\r\n<span data-balloon-length=\"medium\" aria-label=\"Ensino m\u00e9dio completo, curso t\u00e9cnico em Farm\u00e1cia e registro no Conselho competente.\" data-balloon-pos=\"up\">T\u00e9cnico em Farm\u00e1cia<\/span><\/td>\r\n<td class=\"cvagas\">CR<\/td>\r\n<td class=\"cremuneracao\">R$ 2.452,32 \/40h<\/td>\r\n<\/tr><td class=\"ccargos\">\r\n<span data-balloon-length=\"medium\" aria-label=\"Certificado de curso de T\u00e9cnico na \u00e1rea de Inform\u00e1tica.\" data-balloon-pos=\"up\">T\u00e9cnico em Manuten\u00e7\u00e3o e Suporte de Inform\u00e1tica<\/span><\/td>\r\n<td class=\"cvagas\">CR<\/td>\r\n<td class=\"cremuneracao\">R$ 2.848,21 \/40h<\/td>\r\n<\/tr><td class=\"ccargos\">\r\n<span data-balloon-length=\"medium\" aria-label=\"Certificado de conclus\u00e3o de curso de T\u00e9cnico em Sa\u00fade Bucal eregistro no CRO.\" data-balloon-pos=\"up\">T\u00e9cnico Em Sa\u00fade Bucal<\/span><\/td>\r\n<td class=\"cvagas\">CR<\/td>\r\n<td class=\"cremuneracao\">R$ 2.452,32 \/40h<\/td>\r\n<\/tr><td class=\"ccargos\">\r\n<span data-balloon-length=\"medium\" data-balloon-pos=\"up\">Motorista - Categoria B<\/span><\/td>\r\n<td class=\"cvagas\">CR<\/td>\r\n<td class=\"cremuneracao\">R$ 3.000,00 \/44h<\/td>\r\n<\/tr><td class=\"ccargos\">\r\n<span data-balloon-length=\"medium\" data-balloon-pos=\"up\">Motorista - Categoria C<\/span><\/td>\r\n<td class=\"cvagas\">CR<\/td>\r\n<td class=\"cremuneracao\">R$ 3.000,00 \/44h<\/td>\r\n<\/tr><td class=\"ccargos\">\r\n<span data-balloon-length=\"medium\" data-balloon-pos=\"up\">Motorista - Categoria D<\/span><\/td>\r\n<td class=\"cvagas\">CR<\/td>\r\n<td class=\"cremuneracao\">R$ 3.000,00 \/44h<\/td>\r\n<\/tr><td class=\"ccargos\">\r\n<span data-balloon-length=\"medium\" data-balloon-pos=\"up\">Operador de M\u00e1quinas<\/span><\/td>\r\n<td class=\"cvagas\">CR<\/td>\r\n<td class=\"cremuneracao\">R$ 2.582,75 \/44h<\/td>\r\n<\/tr>\r\n    <\/tbody>\r\n  <\/table>\r\n<\/div>","_superior":"<div>\r\n<table class=\"quadro\">\r\n<thead>\r\n<tr>\r\n<th class=\"hcargo\">Cargo<\/th>\r\n<th class=\"hvagas\">Vagas<\/th>\r\n<th class=\"hremuneracao\">Remunera\u00e7\u00e3o<\/th>\r\n<\/tr>\r\n<\/thead>\r\n    <tbody>\r\n      <tr>\r\n<td class=\"ccargos\">\r\n<span data-balloon-length=\"medium\" aria-label=\"Ensino superior completo em Servi\u00e7o Social e registro no Conselho competente.\" data-balloon-pos=\"up\">Assistente Social<\/span><\/td>\r\n<td class=\"cvagas\">CR<\/td>\r\n<td class=\"cremuneracao\">R$ 3.845,13 \/30h<\/td>\r\n<\/tr><tr>\r\n<td class=\"ccargos\">\r\n<span data-balloon-length=\"medium\" aria-label=\"Ensino superior completo em Enfermagem e registro no Conselho competente.\" data-balloon-pos=\"up\">Enfermeiro<\/span><\/td>\r\n<td class=\"cvagas\">CR<\/td>\r\n<td class=\"cremuneracao\">R$ 4.907,22 \/40h<\/td>\r\n<\/tr><tr>\r\n<td class=\"ccargos\">\r\n<span data-balloon-length=\"medium\" aria-label=\"Ensino superior completo em Farm\u00e1cia e registro no Conselho competente.\" data-balloon-pos=\"up\">Farmac\u00eautico<\/span><\/td>\r\n<td class=\"cvagas\">CR<\/td>\r\n<td class=\"cremuneracao\">R$ 4.650,49 \/40h<\/td>\r\n<\/tr><tr>\r\n<td class=\"ccargos\">\r\n<span data-balloon-length=\"medium\" aria-label=\"Ensino superior completo em Engenharia Civil ou Arquitetura e carteira nacional de habilita\u00e7\u00e3o B.\" data-balloon-pos=\"up\">Fiscal de Obras e Posturas<\/span><\/td>\r\n<td class=\"cvagas\">CR<\/td>\r\n<td class=\"cremuneracao\">R$ 3.065,41 \/40h<\/td>\r\n<\/tr><tr>\r\n<td class=\"ccargos\">\r\n<span data-balloon-length=\"medium\" aria-label=\"Diploma de gradua\u00e7\u00e3o em Biologia, ou Biomedicina, ou Bioqu\u00edmica, ou Engenharia Ambiental, ou Farm\u00e1cia e Carteira Nacional de Habilita\u00e7\u00e3o, categoria B.\" data-balloon-pos=\"up\">Fiscal Sanit\u00e1rio<\/span><\/td>\r\n<td class=\"cvagas\">CR<\/td>\r\n<td class=\"cremuneracao\">R$ 3.065,41 \/40h<\/td>\r\n<\/tr><tr>\r\n<td class=\"ccargos\">\r\n<span data-balloon-length=\"medium\" aria-label=\"Ensino superior completo em Fisioterapia e registro no Conselho competente.\" data-balloon-pos=\"up\">Fisioterapeuta<\/span><\/td>\r\n<td class=\"cvagas\">CR<\/td>\r\n<td class=\"cremuneracao\">R$ 4.259,28 \/30h<\/td>\r\n<\/tr><tr>\r\n<td class=\"ccargos\">\r\n<span data-balloon-length=\"medium\" aria-label=\"Ensino superior completo em Fonoaudiologia e registro no Conselho competente.\" data-balloon-pos=\"up\">Fonoaudi\u00f3logo<\/span><\/td>\r\n<td class=\"cvagas\">CR<\/td>\r\n<td class=\"cremuneracao\">R$ 4.259,28 \/40h<\/td>\r\n<\/tr><tr>\r\n<td class=\"ccargos\">\r\n<span data-balloon-length=\"medium\" aria-label=\"Ensino superior completo em Fonoaudiologia e registro no Conselho competente.\" data-balloon-pos=\"up\">Fonoaudi\u00f3logo (SME)<\/span><\/td>\r\n<td class=\"cvagas\">CR<\/td>\r\n<td class=\"cremuneracao\">R$ 4.259,28 \/40h<\/td>\r\n<\/tr><tr>\r\n<td class=\"ccargos\">\r\n<span data-balloon-length=\"medium\" aria-label=\"Curso de n\u00edvel superior completo em Medicina, T\u00edtulo de Especialista em Auditoria em Sa\u00fade e registro no conselho competente.\" data-balloon-pos=\"up\">M\u00e9dico Auditor<\/span><\/td>\r\n<td class=\"cvagas\">CR<\/td>\r\n<td class=\"cremuneracao\">R$ 4.760,28 \/10h<\/td>\r\n<\/tr><tr>\r\n<td class=\"ccargos\">\r\n<span data-balloon-length=\"medium\" aria-label=\"Diploma de gradua\u00e7\u00e3o em Medicina e comprovante de registro no CRM.\" data-balloon-pos=\"up\">M\u00e9dico Cl\u00ednico Geral<\/span><\/td>\r\n<td class=\"cvagas\">CR<\/td>\r\n<td class=\"cremuneracao\">R$ 14.257,79 \/30h<\/td>\r\n<\/tr><tr>\r\n<td class=\"ccargos\">\r\n<span data-balloon-length=\"medium\" aria-label=\"Diploma de gradua\u00e7\u00e3o em Medicina e comprovante de registro no CRM.\" data-balloon-pos=\"up\">M\u00e9dico Cl\u00ednico Geral<\/span><\/td>\r\n<td class=\"cvagas\">CR<\/td>\r\n<td class=\"cremuneracao\">R$ 13.116,44 \/40h<\/td>\r\n<\/tr><tr>\r\n<td class=\"ccargos\">\r\n<span data-balloon-length=\"medium\" aria-label=\"Ensino superior completo em Medicina, Resid\u00eancia M\u00e9dica em Ginecologia e Obstetr\u00edcia e\/ou T\u00edtulo de Especialista em Ginecologia e Obstetr\u00edcia e registro no Conselho competente e registro de qualifica\u00e7\u00e3o de especialista.\" data-balloon-pos=\"up\">M\u00e9dico Ginecologista \/ Obstetra<\/span><\/td>\r\n<td class=\"cvagas\">CR<\/td>\r\n<td class=\"cremuneracao\">R$ 4.427,82 \/10h<\/td>\r\n<\/tr><tr>\r\n<td class=\"ccargos\">\r\n<span data-balloon-length=\"medium\" aria-label=\"Ensino superior completo em Medicina, Resid\u00eancia M\u00e9dica em Pediatria ou T\u00edtulo de Especialista em Pediatria, registro no Conselho competente e registro de qualifica\u00e7\u00e3o de especialista.\" data-balloon-pos=\"up\">M\u00e9dico Pediatra<\/span><\/td>\r\n<td class=\"cvagas\">CR<\/td>\r\n<td class=\"cremuneracao\">R$ 8.855,66 \/20h<\/td>\r\n<\/tr><tr>\r\n<td class=\"ccargos\">\r\n<span data-balloon-length=\"medium\" aria-label=\"Diploma de gradua\u00e7\u00e3o em Nutri\u00e7\u00e3o e comprovante de registro no CRN.\" data-balloon-pos=\"up\">Nutricionista<\/span><\/td>\r\n<td class=\"cvagas\">CR<\/td>\r\n<td class=\"cremuneracao\">R$ 2.129,63 \/20h<\/td>\r\n<\/tr><tr>\r\n<td class=\"ccargos\">\r\n<span data-balloon-length=\"medium\" aria-label=\"Diploma de gradua\u00e7\u00e3o em Nutri\u00e7\u00e3o e comprovante de registro no CRN.\" data-balloon-pos=\"up\">Nutricionista<\/span><\/td>\r\n<td class=\"cvagas\">CR<\/td>\r\n<td class=\"cremuneracao\">R$ 4.259,28 \/40h<\/td>\r\n<\/tr><tr>\r\n<td class=\"ccargos\">\r\n<span data-balloon-length=\"medium\" aria-label=\"Diploma de gradua\u00e7\u00e3o em Odontologia e comprovante de registro no CRO.\" data-balloon-pos=\"up\">Odont\u00f3logo<\/span><\/td>\r\n<td class=\"cvagas\">CR<\/td>\r\n<td class=\"cremuneracao\">R$ 4.555,30 \/40h<\/td>\r\n<\/tr><tr>\r\n<td class=\"ccargos\">\r\n<span data-balloon-length=\"medium\" aria-label=\"Ensino superior completo em uma destas \u00e1reas: Psicologia, Servi\u00e7o Social, Pedagogia, Licenciatura em Hist\u00f3ria, Ci\u00eancias Sociais, Filosofia ou Sociologia.\" data-balloon-pos=\"up\">Orientador Social<\/span><\/td>\r\n<td class=\"cvagas\">CR<\/td>\r\n<td class=\"cremuneracao\">R$ 3.065,41 \/40h<\/td>\r\n<\/tr><tr>\r\n<td class=\"ccargos\">\r\n<span data-balloon-length=\"medium\" aria-label=\"Licenciatura em Artes\" data-balloon-pos=\"up\">Professor de Arte<\/span><\/td>\r\n<td class=\"cvagas\">CR<\/td>\r\n<td class=\"cremuneracao\">R$ 2.433,89 \/20h<\/td>\r\n<\/tr><tr>\r\n<td class=\"ccargos\">\r\n<span data-balloon-length=\"medium\" aria-label=\"Cursando a partir do 4\u00ba per\u00edodo Licenciatura em Arte com \u00eanfase preferencialmente m\u00fasica, dan\u00e7a ou teatro.\" data-balloon-pos=\"up\">Professor de Arte - N\u00e3o Habilitado<\/span><\/td>\r\n<td class=\"cvagas\">CR<\/td>\r\n<td class=\"cremuneracao\">R$ 2.433,89 \/20h<\/td>\r\n<\/tr><tr>\r\n<td class=\"ccargos\">\r\n<span data-balloon-length=\"medium\" aria-label=\"Licenciatura em Biologia ou Ci\u00eancias Biol\u00f3gicas\" data-balloon-pos=\"up\">Professor de Ci\u00eancias<\/span><\/td>\r\n<td class=\"cvagas\">CR<\/td>\r\n<td class=\"cremuneracao\">R$ 2.433,89 \/20h<\/td>\r\n<\/tr><tr>\r\n<td class=\"ccargos\">\r\n<span data-balloon-length=\"medium\" aria-label=\"Licenciatura em Educa\u00e7\u00e3o F\u00edsica ou Licenciatura em Dan\u00e7a e experi\u00eancia de, no m\u00ednimo dois anos, em atividades de dan\u00e7a.\" data-balloon-pos=\"up\">Professor de Dan\u00e7a<\/span><\/td>\r\n<td class=\"cvagas\">CR<\/td>\r\n<td class=\"cremuneracao\">R$ 2.401,73 \/20h<\/td>\r\n<\/tr><tr>\r\n<td class=\"ccargos\">\r\n<span data-balloon-length=\"medium\" aria-label=\"Licenciatura em Educa\u00e7\u00e3o F\u00edsica ou Licenciatura em Dan\u00e7a e experi\u00eancia de, no m\u00ednimo dois anos, em atividades de dan\u00e7a.\" data-balloon-pos=\"up\">Professor de Dan\u00e7a<\/span><\/td>\r\n<td class=\"cvagas\">CR<\/td>\r\n<td class=\"cremuneracao\">R$ 3.602,59 \/30h<\/td>\r\n<\/tr><tr>\r\n<td class=\"ccargos\">\r\n<span data-balloon-length=\"medium\" aria-label=\"Licenciatura em Educa\u00e7\u00e3o F\u00edsica e registro no CREF.\" data-balloon-pos=\"up\">Professor de Educa\u00e7\u00e3o F\u00edsica<\/span><\/td>\r\n<td class=\"cvagas\">CR<\/td>\r\n<td class=\"cremuneracao\">R$ 4.803,46 \/40h<\/td>\r\n<\/tr><tr>\r\n<td class=\"ccargos\">\r\n<span data-balloon-length=\"medium\" aria-label=\"Cursando a partir do 4\u00ba per\u00edodo em Licenciatura em Educa\u00e7\u00e3o F\u00edsica\" data-balloon-pos=\"up\">Professor de Educa\u00e7\u00e3o F\u00edsica \u2013 N\u00e3o Habilitado<\/span><\/td>\r\n<td class=\"cvagas\">CR<\/td>\r\n<td class=\"cremuneracao\">R$ 2.433,89 \/20h<\/td>\r\n<\/tr><tr>\r\n<td class=\"ccargos\">\r\n<span data-balloon-length=\"medium\" aria-label=\"Licenciatura em Pedagogia.\" data-balloon-pos=\"up\">Professor de Educa\u00e7\u00e3o Infantil e Anos Iniciais<\/span><\/td>\r\n<td class=\"cvagas\">CR<\/td>\r\n<td class=\"cremuneracao\">R$ 2.433,89 \/20h<\/td>\r\n<\/tr><tr>\r\n<td class=\"ccargos\">\r\n<span data-balloon-length=\"medium\" aria-label=\"Cursando a partir do 4\u00ba per\u00edodo Licenciatura em Pedagogia.\" data-balloon-pos=\"up\">Professor de Educa\u00e7\u00e3o Infantil e Anos Iniciais - N\u00e3o Habilitado<\/span><\/td>\r\n<td class=\"cvagas\">CR<\/td>\r\n<td class=\"cremuneracao\">R$ 2.433,89 \/20h<\/td>\r\n<\/tr><tr>\r\n<td class=\"ccargos\">\r\n<span data-balloon-length=\"medium\" aria-label=\"Licenciatura em Ci\u00eancias da Religi\u00e3o ou Ensino Religioso\" data-balloon-pos=\"up\">Professor de Ensino Religioso<\/span><\/td>\r\n<td class=\"cvagas\">CR<\/td>\r\n<td class=\"cremuneracao\">R$ 1.216,94 \/10h<\/td>\r\n<\/tr><tr>\r\n<td class=\"ccargos\">\r\n<span data-balloon-length=\"medium\" aria-label=\"Licenciatura em Geografia\" data-balloon-pos=\"up\">Professor de Geografia<\/span><\/td>\r\n<td class=\"cvagas\">CR<\/td>\r\n<td class=\"cremuneracao\">R$ 1.216,94 \/10h<\/td>\r\n<\/tr><tr>\r\n<td class=\"ccargos\">\r\n<span data-balloon-length=\"medium\" aria-label=\"Licenciatura em Hist\u00f3ria\" data-balloon-pos=\"up\">Professor de Hist\u00f3ria<\/span><\/td>\r\n<td class=\"cvagas\">CR<\/td>\r\n<td class=\"cremuneracao\">R$ 1.216,94 \/10h<\/td>\r\n<\/tr><tr>\r\n<td class=\"ccargos\">\r\n<span data-balloon-length=\"medium\" aria-label=\"Licenciatura em Letras com habilita\u00e7\u00e3o em L\u00edngua Inglesa\" data-balloon-pos=\"up\">Professor de L\u00edngua Inglesa<\/span><\/td>\r\n<td class=\"cvagas\">CR<\/td>\r\n<td class=\"cremuneracao\">R$ 2.433,89 \/20h<\/td>\r\n<\/tr><tr>\r\n<td class=\"ccargos\">\r\n<span data-balloon-length=\"medium\" aria-label=\"Cursando Licenciatura em L\u00edngua Estrangeira - Ingl\u00eas ou Certificado de Curso de Idioma (m\u00ednimo 200 horas de curso)\" data-balloon-pos=\"up\">Professor de L\u00edngua Inglesa \u2013 N\u00e3o Habilitado<\/span><\/td>\r\n<td class=\"cvagas\">CR<\/td>\r\n<td class=\"cremuneracao\">R$ 2.433,89 \/20h<\/td>\r\n<\/tr><tr>\r\n<td class=\"ccargos\">\r\n<span data-balloon-length=\"medium\" aria-label=\"Licenciatura em Letras com habilita\u00e7\u00e3o em L\u00edngua Portuguesa\" data-balloon-pos=\"up\">Professor de L\u00edngua Portuguesa<\/span><\/td>\r\n<td class=\"cvagas\">CR<\/td>\r\n<td class=\"cremuneracao\">R$ 2.433,89 \/20h<\/td>\r\n<\/tr><tr>\r\n<td class=\"ccargos\">\r\n<span data-balloon-length=\"medium\" aria-label=\"Licenciatura em Matem\u00e1tica\" data-balloon-pos=\"up\">Professor de Matem\u00e1tica<\/span><\/td>\r\n<td class=\"cvagas\">CR<\/td>\r\n<td class=\"cremuneracao\">R$ 2.433,89 \/20h<\/td>\r\n<\/tr><tr>\r\n<td class=\"ccargos\">\r\n<span data-balloon-length=\"medium\" aria-label=\"Licenciatura em M\u00fasica\" data-balloon-pos=\"up\">Professor de M\u00fasica<\/span><\/td>\r\n<td class=\"cvagas\">CR<\/td>\r\n<td class=\"cremuneracao\">R$ 2.433,89 \/20h<\/td>\r\n<\/tr><tr>\r\n<td class=\"ccargos\">\r\n<span data-balloon-length=\"medium\" aria-label=\"Cursando a partir do 4\u00ba per\u00edodo Licenciatura em Arte com \u00eanfase preferencialmente m\u00fasica, dan\u00e7a ou teatro ou cursando a partir do 4\u00ba per\u00edodo Licenciatura em m\u00fasica.\" data-balloon-pos=\"up\">Professor de M\u00fasica - N\u00e3o Habilitado<\/span><\/td>\r\n<td class=\"cvagas\">CR<\/td>\r\n<td class=\"cremuneracao\">R$ 2.433,89 \/20h<\/td>\r\n<\/tr><tr>\r\n<td class=\"ccargos\">\r\n<span data-balloon-length=\"medium\" aria-label=\"Diploma de Bacharel em Educa\u00e7\u00e3o F\u00edsica e comprovante de registro no CREF.\" data-balloon-pos=\"up\">Profissional de Educa\u00e7\u00e3o F\u00edsica<\/span><\/td>\r\n<td class=\"cvagas\">CR<\/td>\r\n<td class=\"cremuneracao\">R$ 4.803,46 \/40h<\/td>\r\n<\/tr><tr>\r\n<td class=\"ccargos\">\r\n<span data-balloon-length=\"medium\" aria-label=\"Diploma de Bacharel em Educa\u00e7\u00e3o F\u00edsica e comprovante de registro no CREF.\" data-balloon-pos=\"up\">Profissional de Educa\u00e7\u00e3o F\u00edsica (SMS)<\/span><\/td>\r\n<td class=\"cvagas\">CR<\/td>\r\n<td class=\"cremuneracao\">R$ 4.803,46 \/40h<\/td>\r\n<\/tr><tr>\r\n<td class=\"ccargos\">\r\n<span data-balloon-length=\"medium\" aria-label=\"Diploma de gradua\u00e7\u00e3o em Psicologia e comprovante de registro no CRP.\" data-balloon-pos=\"up\">Psic\u00f3logo (SMDAS)<\/span><\/td>\r\n<td class=\"cvagas\">CR<\/td>\r\n<td class=\"cremuneracao\">R$ 4.259,28 \/40h<\/td>\r\n<\/tr><tr>\r\n<td class=\"ccargos\">\r\n<span data-balloon-length=\"medium\" aria-label=\"Diploma de gradua\u00e7\u00e3o em Psicologia e comprovante de registro no CRP.\" data-balloon-pos=\"up\">Psic\u00f3logo (SMS)<\/span><\/td>\r\n<td class=\"cvagas\">CR<\/td>\r\n<td class=\"cremuneracao\">R$ 4.259,28 \/40h<\/td>\r\n<\/tr><tr>\r\n<td class=\"ccargos\">\r\n<span data-balloon-length=\"medium\" aria-label=\"Gradua\u00e7\u00e3o em Psicopedagogia. Gradua\u00e7\u00e3o em Pedagogia, ou Psicologia com Especializa\u00e7\u00e3o em Psicopedagogia.\" data-balloon-pos=\"up\">Psicopedagogo<\/span><\/td>\r\n<td class=\"cvagas\">CR<\/td>\r\n<td class=\"cremuneracao\">R$ 2.401,73 \/20h<\/td>\r\n<\/tr>\r\n    <\/tbody>\r\n  <\/table>\r\n<\/div>"},"_links":{"self":[{"href":"https:\/\/www.agrobase.com.br\/concursos\/wp-json\/wp\/v2\/posts\/272719","targetHints":{"allow":["GET"]}}],"collection":[{"href":"https:\/\/www.agrobase.com.br\/concursos\/wp-json\/wp\/v2\/posts"}],"about":[{"href":"https:\/\/www.agrobase.com.br\/concursos\/wp-json\/wp\/v2\/types\/post"}],"author":[{"embeddable":true,"href":"https:\/\/www.agrobase.com.br\/concursos\/wp-json\/wp\/v2\/users\/7"}],"replies":[{"embeddable":true,"href":"https:\/\/www.agrobase.com.br\/concursos\/wp-json\/wp\/v2\/comments?post=272719"}],"version-history":[{"count":1,"href":"https:\/\/www.agrobase.com.br\/concursos\/wp-json\/wp\/v2\/posts\/272719\/revisions"}],"predecessor-version":[{"id":272721,"href":"https:\/\/www.agrobase.com.br\/concursos\/wp-json\/wp\/v2\/posts\/272719\/revisions\/272721"}],"wp:featuredmedia":[{"embeddable":true,"href":"https:\/\/www.agrobase.com.br\/concursos\/wp-json\/wp\/v2\/media\/272718"}],"wp:attachment":[{"href":"https:\/\/www.agrobase.com.br\/concursos\/wp-json\/wp\/v2\/media?parent=272719"}],"wp:term":[{"taxonomy":"category","embeddable":true,"href":"https:\/\/www.agrobase.com.br\/concursos\/wp-json\/wp\/v2\/categories?post=272719"},{"taxonomy":"post_tag","embeddable":true,"href":"https:\/\/www.agrobase.com.br\/concursos\/wp-json\/wp\/v2\/tags?post=272719"},{"taxonomy":"_amplo","embeddable":true,"href":"https:\/\/www.agrobase.com.br\/concursos\/wp-json\/wp\/v2\/_amplo?post=272719"},{"taxonomy":"destaque","embeddable":true,"href":"https:\/\/www.agrobase.com.br\/concursos\/wp-json\/wp\/v2\/destaque?post=272719"},{"taxonomy":"instituicoes","embeddable":true,"href":"https:\/\/www.agrobase.com.br\/concursos\/wp-json\/wp\/v2\/instituicoes?post=272719"}],"curies":[{"name":"wp","href":"https:\/\/api.w.org\/{rel}","templated":true}]}}