{"id":272694,"date":"2025-10-17T07:50:21","date_gmt":"2025-10-17T10:50:21","guid":{"rendered":"https:\/\/www.agrobase.com.br\/concursos\/?p=272694"},"modified":"2025-10-16T13:38:55","modified_gmt":"2025-10-16T16:38:55","slug":"prefeitura-floriano-pi-concurso-01-2025","status":"publish","type":"post","link":"https:\/\/www.agrobase.com.br\/concursos\/2025\/prefeitura-floriano-pi-concurso-01-2025\/","title":{"rendered":"Prefeitura Floriano (PI) &#8211; Concurso 01\/2025"},"content":{"rendered":"<h2>Informa\u00e7\u00f5es Gerais<\/h2>\n<p>O Concurso P\u00fablico da Prefeitura Municipal de Floriano, no Estado do Piau\u00ed, regido pelo edital publicado e executado pelo Instituto de Desenvolvimento Institucional Brasileiro (IDIB), est\u00e1 com inscri\u00e7\u00f5es abertas. O certame visa ao provimento de <strong>112 vagas imediatas e forma\u00e7\u00e3o de cadastro reserva<\/strong> para cargos de n\u00edveis M\u00e9dio e Superior, com lota\u00e7\u00e3o na Secretaria Municipal de Educa\u00e7\u00e3o.<\/p>\n<p>As contrata\u00e7\u00f5es ocorrer\u00e3o sob o regime estatut\u00e1rio, garantindo estabilidade aos aprovados. Os sal\u00e1rios variam de <strong>R$ 1.640,83 a R$ 3.163,09<\/strong>, conforme o cargo e a jornada de trabalho.<\/p>\n<p>As oportunidades abrangem diversas \u00e1reas da educa\u00e7\u00e3o e assist\u00eancia, com destaque para cargos de interesse como <strong>Nutricionista<\/strong> e <strong>Ci\u00eancias Biol\u00f3gicas<\/strong>, al\u00e9m de fun\u00e7\u00f5es voltadas \u00e0 doc\u00eancia em disciplinas espec\u00edficas e educa\u00e7\u00e3o infantil. H\u00e1 tamb\u00e9m vagas para profissionais como Assistente Social, Psic\u00f3logo, Fonoaudi\u00f3logo e Agente Administrativo.<\/p>\n<p>Se voc\u00ea busca estabilidade e deseja atuar no setor p\u00fablico municipal com foco na educa\u00e7\u00e3o, continue a leitura para conhecer os detalhes sobre inscri\u00e7\u00f5es, etapas e resultados.<\/p>\n<h2>Inscri\u00e7\u00f5es<\/h2>\n<p>As inscri\u00e7\u00f5es para o Concurso P\u00fablico da Prefeitura de Floriano est\u00e3o <strong>abertas<\/strong> e devem ser realizadas <strong>exclusivamente pela internet<\/strong>, no site <a href=\"www.idib.org.br\" target=\"_blank\">www.idib.org.br<\/a>, entre <strong>08h do dia 30 de setembro de 2025<\/strong> e <strong>23h59 do dia 07 de novembro de 2025<\/strong>.<\/p>\n<p>As taxas de inscri\u00e7\u00e3o s\u00e3o:<\/p>\n<ul>\n<li><strong>R$ 140,00<\/strong> para cargos de n\u00edvel superior<\/li>\n<li><strong>R$ 100,00<\/strong> para cargos de n\u00edvel m\u00e9dio<\/li>\n<\/ul>\n<p>Ap\u00f3s preencher a ficha de inscri\u00e7\u00e3o online, o candidato dever\u00e1 imprimir o boleto banc\u00e1rio e efetuar o pagamento em at\u00e9 24 horas, exclusivamente nos bancos autorizados: Caixa Econ\u00f4mica Federal, Banco do Brasil, Ita\u00fa, Santander e Bradesco. N\u00e3o ser\u00e3o aceitos outros meios de pagamento como PIX, DOC, transfer\u00eancia ou cart\u00e3o de cr\u00e9dito.<\/p>\n<p>O pagamento deve ser realizado at\u00e9 o primeiro dia \u00fatil ap\u00f3s o encerramento das inscri\u00e7\u00f5es. A inscri\u00e7\u00e3o s\u00f3 ser\u00e1 confirmada ap\u00f3s a compensa\u00e7\u00e3o banc\u00e1ria.<\/p>\n<p>O edital prev\u00ea crit\u00e9rios para solicita\u00e7\u00e3o de isen\u00e7\u00e3o da taxa, que devem ser consultados diretamente no documento oficial. \u00c9 fundamental acompanhar o status da inscri\u00e7\u00e3o na \u00e1rea restrita do site da banca.<\/p>\n<p>Recomenda-se a leitura atenta do edital completo para informa\u00e7\u00f5es detalhadas sobre os procedimentos e prazos.<\/p>\n<h2>Etapas e Provas<\/h2>\n<p>O concurso ser\u00e1 composto por at\u00e9 duas etapas, conforme o cargo:<\/p>\n<ul>\n<li><strong>Prova Objetiva<\/strong> \u2013 de car\u00e1ter eliminat\u00f3rio e classificat\u00f3rio, obrigat\u00f3ria para todos os cargos;<\/li>\n<li><strong>Prova de T\u00edtulos<\/strong> \u2013 de car\u00e1ter classificat\u00f3rio, exclusiva para cargos de n\u00edvel superior.<\/li>\n<\/ul>\n<p>A <strong>Prova Objetiva<\/strong> ser\u00e1 aplicada no dia <strong>14 de dezembro de 2025<\/strong>, das 08h \u00e0s 12h (hor\u00e1rio de Bras\u00edlia), com dura\u00e7\u00e3o de 4 horas. A avalia\u00e7\u00e3o ser\u00e1 composta por <strong>50 quest\u00f5es de m\u00faltipla escolha<\/strong>, com quatro alternativas cada e apenas uma correta. A distribui\u00e7\u00e3o ser\u00e1:<\/p>\n<ul>\n<li><strong>L\u00edngua Portuguesa<\/strong>: 15 quest\u00f5es (30 pontos)<\/li>\n<li><strong>Racioc\u00ednio L\u00f3gico-Matem\u00e1tico<\/strong>: 5 quest\u00f5es (10 pontos)<\/li>\n<li><strong>Conhecimentos sobre o Munic\u00edpio de Floriano<\/strong>: 5 quest\u00f5es (10 pontos)<\/li>\n<li><strong>Conhecimentos Espec\u00edficos<\/strong>: 25 quest\u00f5es (50 pontos)<\/li>\n<\/ul>\n<p>Para ser classificado, o candidato deve obter <strong>m\u00ednimo de 50% do total de pontos<\/strong> e n\u00e3o zerar nenhuma disciplina.<\/p>\n<p>A <strong>Prova de T\u00edtulos<\/strong> ser\u00e1 aplicada apenas aos candidatos de n\u00edvel superior aprovados na prova objetiva, at\u00e9 o limite de cinco vezes o n\u00famero de vagas. Ser\u00e3o avaliados t\u00edtulos como doutorado (3 pontos), mestrado (2 pontos) e especializa\u00e7\u00e3o com carga m\u00ednima de 360h (1 ponto), todos reconhecidos pelo MEC e relacionados ao cargo.<\/p>\n<p>Os locais de prova ser\u00e3o divulgados previamente no site da banca organizadora. Recomenda-se a leitura atenta do edital para detalhes sobre conte\u00fado program\u00e1tico, crit\u00e9rios de avalia\u00e7\u00e3o e cronograma completo.<\/p>\n<h2>Resultados e Gabarito<\/h2>\n<p>O cronograma de divulga\u00e7\u00e3o dos resultados prev\u00ea a publica\u00e7\u00e3o dos <strong>gabaritos preliminares<\/strong> e, ap\u00f3s an\u00e1lise de recursos, dos <strong>gabaritos definitivos<\/strong> no site <a href=\"www.idib.org.br\" target=\"_blank\">www.idib.org.br<\/a>.<\/p>\n<p>Os <strong>resultados preliminares e definitivos<\/strong> de cada etapa, incluindo a Prova de T\u00edtulos (quando aplic\u00e1vel), tamb\u00e9m ser\u00e3o disponibilizados no mesmo endere\u00e7o eletr\u00f4nico.<\/p>\n<p>A <strong>classifica\u00e7\u00e3o final<\/strong> ser\u00e1 determinada pela soma dos pontos obtidos nas provas objetiva e de t\u00edtulos. Em caso de empate, os crit\u00e9rios de desempate s\u00e3o, nesta ordem:<\/p>\n<ul>\n<li>Idade igual ou superior a 60 anos;<\/li>\n<li>Maior pontua\u00e7\u00e3o em Conhecimentos Espec\u00edficos;<\/li>\n<li>Maior idade (exceto os j\u00e1 beneficiados pelo crit\u00e9rio anterior);<\/li>\n<li>Comprova\u00e7\u00e3o de exerc\u00edcio da fun\u00e7\u00e3o de jurado.<\/li>\n<\/ul>\n<p>Se persistir o empate, ser\u00e1 considerada a hora de nascimento, conforme certid\u00e3o.<\/p>\n<p>A <strong>homologa\u00e7\u00e3o do resultado final<\/strong> ser\u00e1 publicada no Di\u00e1rio Oficial das Prefeituras Piauienses e no site da Prefeitura de Floriano (<a href=\"http:\/\/www.floriano.pi.gov.br\" target=\"_blank\" rel=\"noopener\">www.floriano.pi.gov.br<\/a>), al\u00e9m do portal da banca organizadora.<\/p>\n<p>As <strong>convoca\u00e7\u00f5es<\/strong> para posse ocorrer\u00e3o conforme necessidade da administra\u00e7\u00e3o municipal, respeitando a ordem de classifica\u00e7\u00e3o. O acompanhamento das publica\u00e7\u00f5es oficiais \u00e9 de responsabilidade exclusiva do candidato.<\/p>\n","protected":false},"excerpt":{"rendered":"<p>Concurso Pref. Floriano (PI) com edital publicado! Vagas p\/ Professor (M\u00e9dio\/Sup.). Inscri\u00e7\u00f5es a partir de 30\/09. Sal\u00e1rios at\u00e9 R$ 3.1k. Confira detalhes!<\/p>\n","protected":false},"author":7,"featured_media":272693,"comment_status":"open","ping_status":"open","sticky":false,"template":"","format":"standard","meta":{"_acf_changed":false,"_breakdance_hide_in_design_set":false,"_breakdance_tags":"","footnotes":""},"categories":[94,6433,6434,19,111,100,20,6871,116,23,25,26,101],"tags":[55],"_amplo":[],"destaque":[],"instituicoes":[],"class_list":["post-272694","post","type-post","status-publish","format-standard","has-post-thumbnail","hentry","category-biblioteconomia","category-biologia-licenciatura","category-educacao-fisica-licenciatura","category-fonoaudiologia","category-geografia","category-historia","category-letras","category-letras-ingles","category-matematica","category-nutricao","category-pedagogia","category-psicologia","category-servico-social","tag-piaui"],"acf":{"_tipo_vagas":"vagas","_numero_vagas":"","_quadro_vagas":"","_cargos":"diversos","_cargos_especificos":"","_salario_max":"R$ 3163.09","_abertura":"20250930","_encerramento":"20251107","_inscricoes":"http:\/\/www.idib.org.br","_executora_concurso":"","_instituicao_concurso":[],"_link_adicional":null,"_anexos":null,"_produtos":null,"_vagas":"112 vagas + 400 CR","_salario_min":"R$ 1640.83","_instituicao":"Prefeitura de Floriano","_edital":"https:\/\/www.agrobase.com.br\/concursos\/wp-content\/uploads\/sites\/4\/2025\/10\/edital-01-2025-prefeitura-de-floriano-pi.pdf","_anexos_edital":"https:\/\/www.agrobase.com.br\/concursos\/wp-content\/uploads\/sites\/4\/2025\/10\/anexos-edital-01-2025-prefeitura-de-floriano-pi.pdf","_fund_incompleto":"","_fund_completo":"","_medio":"<div>\r\n<table class=\"quadro\">\r\n<thead>\r\n<tr>\r\n<th class=\"hcargo\">Cargo<\/th>\r\n<th class=\"hvagas\">Vagas<\/th>\r\n<th class=\"hremuneracao\">Remunera\u00e7\u00e3o<\/th>\r\n<\/tr>\r\n<\/thead>\r\n    <tbody>\r\n      <td class=\"ccargos\">\r\n<span data-balloon-length=\"medium\" aria-label=\"Ensino m\u00e9dio completo.\" data-balloon-pos=\"up\">Agente Administrativo<\/span><\/td>\r\n<td class=\"cvagas\">02+CR<\/td>\r\n<td class=\"cremuneracao\">R$ 1.640,83 \/40h<\/td>\r\n<\/tr>\r\n    <\/tbody>\r\n  <\/table>\r\n<\/div>","_superior":"<div>\r\n<table class=\"quadro\">\r\n<thead>\r\n<tr>\r\n<th class=\"hcargo\">Cargo<\/th>\r\n<th class=\"hvagas\">Vagas<\/th>\r\n<th class=\"hremuneracao\">Remunera\u00e7\u00e3o<\/th>\r\n<\/tr>\r\n<\/thead>\r\n    <tbody>\r\n      <tr>\r\n<td class=\"ccargos\">\r\n<span data-balloon-length=\"medium\" aria-label=\"Curso superior de gradua\u00e7\u00e3o de Servi\u00e7o Social, em institui\u00e7\u00e3o de ensino superior reconhecida pelo Minist\u00e9rio da Educa\u00e7\u00e3o. Registro no conselho de classe.\" data-balloon-pos=\"up\">Assistente Social<\/span><\/td>\r\n<td class=\"cvagas\">01 + CR<\/td>\r\n<td class=\"cremuneracao\">R$ 2.127,00 \/40h<\/td>\r\n<\/tr><tr>\r\n<td class=\"ccargos\">\r\n<span data-balloon-length=\"medium\" aria-label=\"Curso superior de gradua\u00e7\u00e3o em Biblioteconomia, em institui\u00e7\u00e3o de ensino superior reconhecida pelo Minist\u00e9rio da Educa\u00e7\u00e3o. Registro no conselho de classe.\" data-balloon-pos=\"up\">Bibliotec\u00e1rio<\/span><\/td>\r\n<td class=\"cvagas\">01 + CR<\/td>\r\n<td class=\"cremuneracao\">R$ 2.127,00 \/40h<\/td>\r\n<\/tr><tr>\r\n<td class=\"ccargos\">\r\n<span data-balloon-length=\"medium\" aria-label=\"Curso superior de gradua\u00e7\u00e3o em Fonoaudiologia, em institui\u00e7\u00e3o de ensino superior reconhecida pelo Minist\u00e9rio da Educa\u00e7\u00e3o. Registro no conselho de classe.\" data-balloon-pos=\"up\">Fonoaudi\u00f3logo<\/span><\/td>\r\n<td class=\"cvagas\">02 + CR<\/td>\r\n<td class=\"cremuneracao\">R$ 2.127,00 \/40h<\/td>\r\n<\/tr><tr>\r\n<td class=\"ccargos\">\r\n<span data-balloon-length=\"medium\" aria-label=\"Curso superior de gradua\u00e7\u00e3o em Nutri\u00e7\u00e3o, em institui\u00e7\u00e3o de ensino superior reconhecida pelo Minist\u00e9rio da Educa\u00e7\u00e3o. Registro no conselho de classe.\" data-balloon-pos=\"up\">Nutricionista<\/span><\/td>\r\n<td class=\"cvagas\">01 + CR<\/td>\r\n<td class=\"cremuneracao\">R$ 2.652,25 \/40h<\/td>\r\n<\/tr><tr>\r\n<td class=\"ccargos\">\r\n<span data-balloon-length=\"medium\" aria-label=\"Curso superior de gradua\u00e7\u00e3o em Psicologia, em institui\u00e7\u00e3o de ensino superior.\" data-balloon-pos=\"up\">Psic\u00f3logo<\/span><\/td>\r\n<td class=\"cvagas\">01 + CR<\/td>\r\n<td class=\"cremuneracao\">R$ 2.127,00 \/40h<\/td>\r\n<\/tr><tr>\r\n<td class=\"ccargos\">\r\n<span data-balloon-length=\"medium\" aria-label=\"Curso superior completo com especializa\u00e7\u00e3o em Psicopedagogia, em institui\u00e7\u00e3o de ensino superior reconhecida pelo Minist\u00e9rio da Educa\u00e7\u00e3o.\" data-balloon-pos=\"up\">Psicopedagogo<\/span><\/td>\r\n<td class=\"cvagas\">02 + CR<\/td>\r\n<td class=\"cremuneracao\">R$ 2.127,00 \/40h<\/td>\r\n<\/tr><tr>\r\n<td class=\"ccargos\">\r\n<span data-balloon-length=\"medium\" aria-label=\"Curso Superior completo com licenciatura plena em Biologia, reconhecida pelo Minist\u00e9rio da Educa\u00e7\u00e3o (MEC).\" data-balloon-pos=\"up\">Ci\u00eancia Biol\u00f3gicas, afins e Educa\u00e7\u00e3o Campo<\/span><\/td>\r\n<td class=\"cvagas\">05 + CR<\/td>\r\n<td class=\"cremuneracao\">R$ 3.163,09 \/20h<\/td>\r\n<\/tr><tr>\r\n<td class=\"ccargos\">\r\n<span data-balloon-length=\"medium\" aria-label=\"Curso Superior completo com licenciatura plena em Educa\u00e7\u00e3o F\u00edsica, reconhecida pelo Minist\u00e9rio da Educa\u00e7\u00e3o (MEC) e registro no conselho de classe.\" data-balloon-pos=\"up\">Educa\u00e7\u00e3o F\u00edsica<\/span><\/td>\r\n<td class=\"cvagas\">04 + CR<\/td>\r\n<td class=\"cremuneracao\">R$ 3.163,09 \/20h<\/td>\r\n<\/tr><tr>\r\n<td class=\"ccargos\">\r\n<span data-balloon-length=\"medium\" aria-label=\"Curso Superior completo com licenciatura plena em Pedagogia, reconhecida pelo Minist\u00e9rio da Educa\u00e7\u00e3o (MEC).\" data-balloon-pos=\"up\">Educa\u00e7\u00e3o Infantil<\/span><\/td>\r\n<td class=\"cvagas\">10 + CR<\/td>\r\n<td class=\"cremuneracao\">R$ 3.163,09 \/20h<\/td>\r\n<\/tr><tr>\r\n<td class=\"ccargos\">\r\n<span data-balloon-length=\"medium\" aria-label=\"Curso Superior completo com licenciatura plena em Religi\u00e3o, reconhecida pelo Minist\u00e9rio da Educa\u00e7\u00e3o (MEC).\" data-balloon-pos=\"up\">Ensino Religioso<\/span><\/td>\r\n<td class=\"cvagas\">01 + CR<\/td>\r\n<td class=\"cremuneracao\">R$ 3.163,09 \/20h<\/td>\r\n<\/tr><tr>\r\n<td class=\"ccargos\">\r\n<span data-balloon-length=\"medium\" aria-label=\"Curso Superior completo com licenciatura plena em Geografia, reconhecida pelo Minist\u00e9rio da Educa\u00e7\u00e3o (MEC).\" data-balloon-pos=\"up\">Geografia<\/span><\/td>\r\n<td class=\"cvagas\">02 + CR<\/td>\r\n<td class=\"cremuneracao\">R$ 3.163,09 \/20h<\/td>\r\n<\/tr><tr>\r\n<td class=\"ccargos\">\r\n<span data-balloon-length=\"medium\" aria-label=\"Curso Superior completo com licenciatura plena em Hist\u00f3ria, reconhecida pelo Minist\u00e9rio da Educa\u00e7\u00e3o (MEC).\" data-balloon-pos=\"up\">Hist\u00f3ria<\/span><\/td>\r\n<td class=\"cvagas\">02 + CR<\/td>\r\n<td class=\"cremuneracao\">R$ 3.163,09 \/20h<\/td>\r\n<\/tr><tr>\r\n<td class=\"ccargos\">\r\n<span data-balloon-length=\"medium\" aria-label=\"Curso Superior completo com licenciatura plena em Letras\/Ingl\u00eas, reconhecida pelo Minist\u00e9rio da Educa\u00e7\u00e3o (MEC).\" data-balloon-pos=\"up\">Ingl\u00eas<\/span><\/td>\r\n<td class=\"cvagas\">01 + CR<\/td>\r\n<td class=\"cremuneracao\">R$ 3.163,09 \/20h<\/td>\r\n<\/tr><tr>\r\n<td class=\"ccargos\">\r\n<span data-balloon-length=\"medium\" aria-label=\"Curso Superior completo com licenciatura plena em Matem\u00e1tica, reconhecida pelo Minist\u00e9rio da Educa\u00e7\u00e3o (MEC).\" data-balloon-pos=\"up\">Matem\u00e1tica<\/span><\/td>\r\n<td class=\"cvagas\">05 + CR<\/td>\r\n<td class=\"cremuneracao\">R$ 3.163,09 \/20h<\/td>\r\n<\/tr><tr>\r\n<td class=\"ccargos\">\r\n<span data-balloon-length=\"medium\" aria-label=\"Curso Superior completo com licenciatura plena em Letras\/Portugu\u00eas, reconhecida pelo Minist\u00e9rio da Educa\u00e7\u00e3o (MEC).\" data-balloon-pos=\"up\">Portugu\u00eas<\/span><\/td>\r\n<td class=\"cvagas\">06 + CR<\/td>\r\n<td class=\"cremuneracao\">R$ 3.163,09 \/20h<\/td>\r\n<\/tr><tr>\r\n<td class=\"ccargos\">\r\n<span data-balloon-length=\"medium\" aria-label=\"Curso Superior completo com licenciatura plena em Pedagogia, reconhecida pelo Minist\u00e9rio da Educa\u00e7\u00e3o (MEC).\" data-balloon-pos=\"up\">Professor Polivalente<\/span><\/td>\r\n<td class=\"cvagas\">20 + CR<\/td>\r\n<td class=\"cremuneracao\">R$ 3.163,09 \/20h<\/td>\r\n<\/tr><tr>\r\n<td class=\"ccargos\">\r\n<span data-balloon-length=\"medium\" aria-label=\"Curso Superior completo com licenciatura plena em Pedagogia, reconhecida pelo Minist\u00e9rio da Educa\u00e7\u00e3o (MEC).\" data-balloon-pos=\"up\">Professor Polivalente - Amolar<\/span><\/td>\r\n<td class=\"cvagas\">03 + CR<\/td>\r\n<td class=\"cremuneracao\">R$ 3.163,09 \/20h<\/td>\r\n<\/tr><tr>\r\n<td class=\"ccargos\">\r\n<span data-balloon-length=\"medium\" aria-label=\"Curso Superior completo com licenciatura plena em Pedagogia, reconhecida pelo Minist\u00e9rio da Educa\u00e7\u00e3o (MEC).\" data-balloon-pos=\"up\">Professor Polivalente - Papa Pombo<\/span><\/td>\r\n<td class=\"cvagas\">02 + CR<\/td>\r\n<td class=\"cremuneracao\">R$ 3.163,09 \/20h<\/td>\r\n<\/tr><tr>\r\n<td class=\"ccargos\">\r\n<span data-balloon-length=\"medium\" aria-label=\"Curso Superior completo com licenciatura plena em Pedagogia, reconhecida pelo Minist\u00e9rio da Educa\u00e7\u00e3o (MEC).\" data-balloon-pos=\"up\">Professor Polivalente - L-3<\/span><\/td>\r\n<td class=\"cvagas\">02 + CR<\/td>\r\n<td class=\"cremuneracao\">R$ 3.163,09 \/20h<\/td>\r\n<\/tr><tr>\r\n<td class=\"ccargos\">\r\n<span data-balloon-length=\"medium\" aria-label=\"Curso Superior completo com licenciatura plena em Pedagogia, reconhecida pelo Minist\u00e9rio da Educa\u00e7\u00e3o (MEC).\" data-balloon-pos=\"up\">Professor Polivalente - Jacar\u00e9 Novo<\/span><\/td>\r\n<td class=\"cvagas\">01 + CR<\/td>\r\n<td class=\"cremuneracao\">R$ 3.163,09 \/20h<\/td>\r\n<\/tr><tr>\r\n<td class=\"ccargos\">\r\n<span data-balloon-length=\"medium\" aria-label=\"Curso Superior completo com licenciatura plena em Pedagogia, reconhecida pelo Minist\u00e9rio da Educa\u00e7\u00e3o (MEC).\" data-balloon-pos=\"up\">Professor Polivalente - Tabuleiro do Mato<\/span><\/td>\r\n<td class=\"cvagas\">02 + CR<\/td>\r\n<td class=\"cremuneracao\">R$ 3.163,09 \/20h<\/td>\r\n<\/tr><tr>\r\n<td class=\"ccargos\">\r\n<span data-balloon-length=\"medium\" aria-label=\"Curso Superior completo com licenciatura plena em Pedagogia, reconhecida pelo Minist\u00e9rio da Educa\u00e7\u00e3o (MEC).\" data-balloon-pos=\"up\">Professor Polivalente - Vereda Grande<\/span><\/td>\r\n<td class=\"cvagas\">01 + CR<\/td>\r\n<td class=\"cremuneracao\">R$ 3.163,09 \/20h<\/td>\r\n<\/tr><tr>\r\n<td class=\"ccargos\">\r\n<span data-balloon-length=\"medium\" aria-label=\"Curso Superior completo com licenciatura plena em Letras\/Portugu\u00eas, reconhecida pelo Minist\u00e9rio da Educa\u00e7\u00e3o (MEC).\" data-balloon-pos=\"up\">Portugu\u00eas - Amolar<\/span><\/td>\r\n<td class=\"cvagas\">01 + CR<\/td>\r\n<td class=\"cremuneracao\">R$ 3.163,09 \/20h<\/td>\r\n<\/tr><tr>\r\n<td class=\"ccargos\">\r\n<span data-balloon-length=\"medium\" aria-label=\"Curso Superior completo com licenciatura plena em Pedagogia, reconhecida pelo Minist\u00e9rio da Educa\u00e7\u00e3o (MEC).\" data-balloon-pos=\"up\">Educa\u00e7\u00e3o Infantil - Exu<\/span><\/td>\r\n<td class=\"cvagas\">01 + CR<\/td>\r\n<td class=\"cremuneracao\">R$ 3.163,09 \/20h<\/td>\r\n<\/tr><tr>\r\n<td class=\"ccargos\">\r\n<span data-balloon-length=\"medium\" aria-label=\"Curso Superior completo com licenciatura plena em Pedagogia, reconhecida pelo Minist\u00e9rio da Educa\u00e7\u00e3o (MEC).\" data-balloon-pos=\"up\">Educa\u00e7\u00e3o Infantil - Tabuleiro do Mato<\/span><\/td>\r\n<td class=\"cvagas\">01 + CR<\/td>\r\n<td class=\"cremuneracao\">R$ 3.163,09 \/20h<\/td>\r\n<\/tr><tr>\r\n<td class=\"ccargos\">\r\n<span data-balloon-length=\"medium\" aria-label=\"Curso Superior completo com licenciatura plena em Pedagogia, reconhecida pelo Minist\u00e9rio da Educa\u00e7\u00e3o (MEC).\" data-balloon-pos=\"up\">Educa\u00e7\u00e3o Infantil - Vereda Grande<\/span><\/td>\r\n<td class=\"cvagas\">01 + CR<\/td>\r\n<td class=\"cremuneracao\">R$ 3.163,09 \/20h<\/td>\r\n<\/tr><tr>\r\n<td class=\"ccargos\">\r\n<span data-balloon-length=\"medium\" aria-label=\"Curso Superior completo com licenciatura plena em Pedagogia, reconhecida pelo Minist\u00e9rio da Educa\u00e7\u00e3o (MEC).\" data-balloon-pos=\"up\">Educa\u00e7\u00e3o Infantil - Papa Pombo<\/span><\/td>\r\n<td class=\"cvagas\">01 + CR<\/td>\r\n<td class=\"cremuneracao\">R$ 3.163,09 \/20h<\/td>\r\n<\/tr><tr>\r\n<td class=\"ccargos\">\r\n<span data-balloon-length=\"medium\" aria-label=\"Curso Superior completo com licenciatura plena em Matem\u00e1tica, reconhecida pelo Minist\u00e9rio da Educa\u00e7\u00e3o (MEC).\" data-balloon-pos=\"up\">Matem\u00e1tica - Tabuleiro do Mato<\/span><\/td>\r\n<td class=\"cvagas\">01 + CR<\/td>\r\n<td class=\"cremuneracao\">R$ 3.163,09 \/20h<\/td>\r\n<\/tr><tr>\r\n<td class=\"ccargos\">\r\n<span data-balloon-length=\"medium\" aria-label=\"Curso Superior completo com licenciatura plena em Matem\u00e1tica, reconhecida pelo Minist\u00e9rio da Educa\u00e7\u00e3o (MEC).\" data-balloon-pos=\"up\">Matem\u00e1tica - Vereda Grande<\/span><\/td>\r\n<td class=\"cvagas\">01 + CR<\/td>\r\n<td class=\"cremuneracao\">R$ 3.163,09 \/20h<\/td>\r\n<\/tr><tr>\r\n<td class=\"ccargos\">\r\n<span data-balloon-length=\"medium\" aria-label=\"Curso Superior completo com licenciatura plena em Letras\/Ingl\u00eas, reconhecida pelo Minist\u00e9rio da Educa\u00e7\u00e3o (MEC).\" data-balloon-pos=\"up\">Ingl\u00eas - Vereda Grande<\/span><\/td>\r\n<td class=\"cvagas\">01 + CR<\/td>\r\n<td class=\"cremuneracao\">R$ 3.163,09 \/20h<\/td>\r\n<\/tr><tr>\r\n<td class=\"ccargos\">\r\n<span data-balloon-length=\"medium\" aria-label=\"Curso Superior completo com licenciatura plena em Letras\/Ingl\u00eas, reconhecida pelo Minist\u00e9rio da Educa\u00e7\u00e3o (MEC).\" data-balloon-pos=\"up\">Ingl\u00eas - Amolar<\/span><\/td>\r\n<td class=\"cvagas\">01 + CR<\/td>\r\n<td class=\"cremuneracao\">R$ 3.163,09 \/20h<\/td>\r\n<\/tr><tr>\r\n<td class=\"ccargos\">\r\n<span data-balloon-length=\"medium\" aria-label=\"Curso Superior completo com licenciatura plena em Geografia, reconhecida pelo Minist\u00e9rio da Educa\u00e7\u00e3o (MEC).\" data-balloon-pos=\"up\">Geografia - Vereda Grande<\/span><\/td>\r\n<td class=\"cvagas\">01 + CR<\/td>\r\n<td class=\"cremuneracao\">R$ 3.163,09 \/20h<\/td>\r\n<\/tr><tr>\r\n<td class=\"ccargos\">\r\n<span data-balloon-length=\"medium\" aria-label=\"Curso Superior completo com licenciatura plena em Geografia, reconhecida pelo Minist\u00e9rio da Educa\u00e7\u00e3o (MEC).\" data-balloon-pos=\"up\">Geografia - Papa Pombo<\/span><\/td>\r\n<td class=\"cvagas\">01 + CR<\/td>\r\n<td class=\"cremuneracao\">R$ 3.163,09 \/20h<\/td>\r\n<\/tr><tr>\r\n<td class=\"ccargos\">\r\n<span data-balloon-length=\"medium\" aria-label=\"Curso Superior completo com licenciatura plena em Biologia e\/ou Educa\u00e7\u00e3o do Campo, reconhecida pelo Minist\u00e9rio da Educa\u00e7\u00e3o (MEC).\" data-balloon-pos=\"up\">Ci\u00eancia Biol\u00f3gicas, afins e Educa\u00e7\u00e3o Campo- T.Mato<\/span><\/td>\r\n<td class=\"cvagas\">01 + CR<\/td>\r\n<td class=\"cremuneracao\">R$ 3.163,09 \/20h<\/td>\r\n<\/tr><tr>\r\n<td class=\"ccargos\">\r\n<span data-balloon-length=\"medium\" aria-label=\"Curso Superior completo com licenciatura plena em Biologia e\/ou Educa\u00e7\u00e3o do Campo, reconhecida pelo Minist\u00e9rio da Educa\u00e7\u00e3o (MEC).\" data-balloon-pos=\"up\">Ci\u00eancia Biol\u00f3gicas, afins e Educa\u00e7\u00e3o Campo- Amolar<\/span><\/td>\r\n<td class=\"cvagas\">01 + CR<\/td>\r\n<td class=\"cremuneracao\">R$ 3.163,09 \/20h<\/td>\r\n<\/tr>\r\n    <\/tbody>\r\n  <\/table>\r\n<\/div>"},"_links":{"self":[{"href":"https:\/\/www.agrobase.com.br\/concursos\/wp-json\/wp\/v2\/posts\/272694","targetHints":{"allow":["GET"]}}],"collection":[{"href":"https:\/\/www.agrobase.com.br\/concursos\/wp-json\/wp\/v2\/posts"}],"about":[{"href":"https:\/\/www.agrobase.com.br\/concursos\/wp-json\/wp\/v2\/types\/post"}],"author":[{"embeddable":true,"href":"https:\/\/www.agrobase.com.br\/concursos\/wp-json\/wp\/v2\/users\/7"}],"replies":[{"embeddable":true,"href":"https:\/\/www.agrobase.com.br\/concursos\/wp-json\/wp\/v2\/comments?post=272694"}],"version-history":[{"count":3,"href":"https:\/\/www.agrobase.com.br\/concursos\/wp-json\/wp\/v2\/posts\/272694\/revisions"}],"predecessor-version":[{"id":272704,"href":"https:\/\/www.agrobase.com.br\/concursos\/wp-json\/wp\/v2\/posts\/272694\/revisions\/272704"}],"wp:featuredmedia":[{"embeddable":true,"href":"https:\/\/www.agrobase.com.br\/concursos\/wp-json\/wp\/v2\/media\/272693"}],"wp:attachment":[{"href":"https:\/\/www.agrobase.com.br\/concursos\/wp-json\/wp\/v2\/media?parent=272694"}],"wp:term":[{"taxonomy":"category","embeddable":true,"href":"https:\/\/www.agrobase.com.br\/concursos\/wp-json\/wp\/v2\/categories?post=272694"},{"taxonomy":"post_tag","embeddable":true,"href":"https:\/\/www.agrobase.com.br\/concursos\/wp-json\/wp\/v2\/tags?post=272694"},{"taxonomy":"_amplo","embeddable":true,"href":"https:\/\/www.agrobase.com.br\/concursos\/wp-json\/wp\/v2\/_amplo?post=272694"},{"taxonomy":"destaque","embeddable":true,"href":"https:\/\/www.agrobase.com.br\/concursos\/wp-json\/wp\/v2\/destaque?post=272694"},{"taxonomy":"instituicoes","embeddable":true,"href":"https:\/\/www.agrobase.com.br\/concursos\/wp-json\/wp\/v2\/instituicoes?post=272694"}],"curies":[{"name":"wp","href":"https:\/\/api.w.org\/{rel}","templated":true}]}}