{"id":272664,"date":"2025-10-16T08:30:53","date_gmt":"2025-10-16T11:30:53","guid":{"rendered":"https:\/\/www.agrobase.com.br\/concursos\/?p=272664"},"modified":"2025-10-15T15:25:01","modified_gmt":"2025-10-15T18:25:01","slug":"prefeitura-balneario-camboriu-sc-selecao-publica-02-2025","status":"publish","type":"post","link":"https:\/\/www.agrobase.com.br\/concursos\/2025\/prefeitura-balneario-camboriu-sc-selecao-publica-02-2025\/","title":{"rendered":"Prefeitura Balne\u00e1rio Cambori\u00fa (SC) &#8211; Sele\u00e7\u00e3o P\u00fablica 02\/2025"},"content":{"rendered":"<h2>Informa\u00e7\u00f5es Gerais<\/h2>\n<p>O Processo Seletivo da Prefeitura Municipal de Balne\u00e1rio Cambori\u00fa (SC), regido pelo edital publicado pela Secretaria de Gest\u00e3o de Pessoas, est\u00e1 com inscri\u00e7\u00f5es abertas para forma\u00e7\u00e3o de cadastro reserva. A sele\u00e7\u00e3o visa \u00e0 contrata\u00e7\u00e3o tempor\u00e1ria de profissionais para atender demandas da Secretaria de Educa\u00e7\u00e3o e de outras secretarias municipais, conforme necessidade da administra\u00e7\u00e3o.<\/p>\n<p>Organizado pelo Instituto Avalia, o certame contempla oportunidades para os n\u00edveis fundamental, m\u00e9dio e superior, com sal\u00e1rios que variam de <strong>R$ 1.418,46 a R$ 6.166,43<\/strong>. As contrata\u00e7\u00f5es ocorrer\u00e3o sob regime tempor\u00e1rio (ACT), com validade de um ano, prorrog\u00e1vel por igual per\u00edodo.<\/p>\n<p>As vagas abrangem diversas \u00e1reas da administra\u00e7\u00e3o p\u00fablica, com destaque para o setor educacional, que concentra a maior parte dos cargos, como professores de diferentes disciplinas, orientadores e supervisores escolares. Embora n\u00e3o haja vagas espec\u00edficas para \u00e1reas como Agronomia, Medicina Veterin\u00e1ria ou Engenharia Ambiental, o edital contempla cargos de interesse para profissionais da educa\u00e7\u00e3o e da gest\u00e3o p\u00fablica.<\/p>\n<p>Se voc\u00ea busca uma oportunidade no servi\u00e7o p\u00fablico municipal e deseja atuar em Balne\u00e1rio Cambori\u00fa, continue lendo para conhecer os detalhes sobre inscri\u00e7\u00f5es, etapas e resultados.<\/p>\n<h2>Inscri\u00e7\u00f5es<\/h2>\n<p>As inscri\u00e7\u00f5es para o Processo Seletivo da Prefeitura de Balne\u00e1rio Cambori\u00fa est\u00e3o <strong>abertas<\/strong> e devem ser realizadas exclusivamente pela internet, por meio do site <a href=\"https:\/\/www.avalia.org.br\" target=\"_blank\" rel=\"noopener\">www.avalia.org.br<\/a>, entre os dias <strong>09 de outubro de 2025<\/strong> e <strong>07 de novembro de 2025<\/strong>, at\u00e9 \u00e0s 17h (hor\u00e1rio de Bras\u00edlia).<\/p>\n<p>Para candidatos sem acesso \u00e0 internet, ser\u00e1 disponibilizado um Posto de Atendimento Presencial no CEM Vereador Santa (Rua 2.450, n\u00ba 420, Centro), das 13h \u00e0s 17h, em dias \u00fateis, entre 13\/10 e 07\/11\/2025.<\/p>\n<p>O valor da taxa de inscri\u00e7\u00e3o varia conforme o cargo escolhido, conforme indicado no edital. O pagamento deve ser feito por boleto banc\u00e1rio gerado no ato da inscri\u00e7\u00e3o, com vencimento at\u00e9 07\/11\/2025. Caso necess\u00e1rio, o candidato poder\u00e1 emitir a segunda via do boleto no site da banca.<\/p>\n<p>Pedidos de isen\u00e7\u00e3o da taxa devem seguir os crit\u00e9rios e prazos estabelecidos no edital. A inscri\u00e7\u00e3o ser\u00e1 confirmada apenas ap\u00f3s a compensa\u00e7\u00e3o banc\u00e1ria do pagamento.<\/p>\n<p>\u00c9 fundamental que o candidato acompanhe o status da inscri\u00e7\u00e3o e demais atualiza\u00e7\u00f5es na \u00e1rea restrita do site da organizadora. Para mais informa\u00e7\u00f5es, recomenda-se a leitura atenta do edital completo dispon\u00edvel no site oficial.<\/p>\n<h2>Etapas e Provas<\/h2>\n<p>O Processo Seletivo ser\u00e1 composto por <strong>Prova Objetiva<\/strong> para todos os cargos e, em alguns casos, <strong>Prova de T\u00edtulos<\/strong>, conforme o n\u00edvel e a \u00e1rea de atua\u00e7\u00e3o.<\/p>\n<ul>\n<li><strong>Prova Objetiva<\/strong> (eliminat\u00f3ria e classificat\u00f3ria): aplicada a todos os candidatos, com quest\u00f5es de m\u00faltipla escolha e apenas uma alternativa correta. A quantidade de quest\u00f5es, disciplinas e pontua\u00e7\u00e3o varia conforme o cargo e o n\u00edvel de escolaridade.<\/li>\n<li>Para cargos de n\u00edvel fundamental, a prova inclui: L\u00edngua Portuguesa, Higiene e Seguran\u00e7a do Trabalho e Conhecimentos Espec\u00edficos.<\/li>\n<li>Para cargos de n\u00edvel m\u00e9dio: L\u00edngua Portuguesa, Inform\u00e1tica (quando aplic\u00e1vel) e Conhecimentos Espec\u00edficos.<\/li>\n<li>Para cargos da Secretaria de Educa\u00e7\u00e3o: L\u00edngua Portuguesa, Conhecimentos Gerais, Temas de Educa\u00e7\u00e3o e Conhecimentos Espec\u00edficos.<\/li>\n<li>Para cargos de n\u00edvel superior: L\u00edngua Portuguesa, Legisla\u00e7\u00e3o Municipal e Conhecimentos Espec\u00edficos.<\/li>\n<li>A Prova Objetiva ter\u00e1 dura\u00e7\u00e3o de <strong>3 horas<\/strong> e ser\u00e1 aplicada em <strong>23 de novembro de 2025<\/strong>, com locais e hor\u00e1rios informados no Cart\u00e3o de Informa\u00e7\u00e3o do Candidato, dispon\u00edvel a partir de 18\/11\/2025 no site da banca.<\/li>\n<li>Ser\u00e1 considerado eliminado o candidato que obtiver pontua\u00e7\u00e3o inferior a 1,00 ponto na Prova Objetiva.<\/li>\n<li><strong>Prova de T\u00edtulos<\/strong> (classificat\u00f3ria): exclusiva para cargos de n\u00edvel superior da Secretaria de Educa\u00e7\u00e3o. Os documentos devem ser enviados online entre 09\/10 e 07\/11\/2025, conforme orienta\u00e7\u00f5es do edital.<\/li>\n<\/ul>\n<p>Para detalhes sobre o conte\u00fado program\u00e1tico, crit\u00e9rios de pontua\u00e7\u00e3o e cronograma completo, \u00e9 imprescind\u00edvel a leitura atenta do edital oficial.<\/p>\n<h2>Resultados e Gabarito<\/h2>\n<p>O <strong>gabarito preliminar<\/strong> e o <strong>caderno de quest\u00f5es<\/strong> da Prova Objetiva ser\u00e3o divulgados <strong>um dia ap\u00f3s a aplica\u00e7\u00e3o<\/strong>, no site <a href=\"https:\/\/www.avalia.org.br\" target=\"_blank\" rel=\"noopener\">www.avalia.org.br<\/a>. Candidatos poder\u00e3o interpor recurso contra o gabarito nos dois dias \u00fateis seguintes \u00e0 publica\u00e7\u00e3o.<\/p>\n<p>Para os cargos com Prova de T\u00edtulos, os documentos devem ser enviados entre 09\/10 e 07\/11\/2025. Somente ser\u00e3o analisados os t\u00edtulos dos candidatos que atingirem a pontua\u00e7\u00e3o m\u00ednima na Prova Objetiva.<\/p>\n<p>O <strong>resultado final<\/strong> ser\u00e1 divulgado em duas listas: uma geral e outra espec\u00edfica para pessoas com defici\u00eancia. A classifica\u00e7\u00e3o ser\u00e1 feita em ordem decrescente de nota final, considerando crit\u00e9rios de desempate como idade, pontua\u00e7\u00e3o em disciplinas espec\u00edficas e, quando aplic\u00e1vel, nota na Prova de T\u00edtulos.<\/p>\n<p>Ap\u00f3s a publica\u00e7\u00e3o do resultado final e a an\u00e1lise de todos os recursos, o certame ser\u00e1 <strong>homologado<\/strong> pela Prefeitura de Balne\u00e1rio Cambori\u00fa, com publica\u00e7\u00e3o no Di\u00e1rio Oficial e no site da banca organizadora.<\/p>\n<p>A <strong>convoca\u00e7\u00e3o dos aprovados<\/strong> ser\u00e1 feita exclusivamente pelo site oficial da Prefeitura (<a href=\"https:\/\/www.bc.sc.gov.br\/editais.cfm\" target=\"_blank\" rel=\"noopener\">www.bc.sc.gov.br\/editais.cfm<\/a>). O candidato deve acompanhar atentamente as publica\u00e7\u00f5es, pois o n\u00e3o comparecimento no prazo estipulado implicar\u00e1 em desist\u00eancia da vaga.<\/p>\n<p>\u00c9 responsabilidade exclusiva do candidato acompanhar todas as publica\u00e7\u00f5es oficiais no site da banca organizadora e no Di\u00e1rio Oficial do Munic\u00edpio.<\/p>\n","protected":false},"excerpt":{"rendered":"<p>Proc. Seletivo Pref. Balne\u00e1rio Cambori\u00fa (SC) com edital publicado! Vagas p\/ Professor e + (Fund. a Sup.). Inscri\u00e7\u00f5es a partir de 09\/10. Confira detalhes!<\/p>\n","protected":false},"author":7,"featured_media":272663,"comment_status":"open","ping_status":"open","sticky":false,"template":"","format":"standard","meta":{"_acf_changed":false,"_breakdance_hide_in_design_set":false,"_breakdance_tags":"","footnotes":""},"categories":[3,6433,126,141,6434,111,100,20,6871,116,119,25],"tags":[61],"_amplo":[],"destaque":[],"instituicoes":[],"class_list":["post-272664","post","type-post","status-publish","format-standard","has-post-thumbnail","hentry","category-administracao","category-biologia-licenciatura","category-ciencia-computacao","category-educacao-artistica","category-educacao-fisica-licenciatura","category-geografia","category-historia","category-letras","category-letras-ingles","category-matematica","category-musica","category-pedagogia","tag-santa-catarina"],"acf":{"_tipo_vagas":"vagas","_numero_vagas":"","_quadro_vagas":"","_cargos":"diversos","_cargos_especificos":"","_salario_max":"R$ 6166.43","_abertura":"20251009","_encerramento":"20251107","_inscricoes":"https:\/\/www.avalia.org.br","_executora_concurso":"","_instituicao_concurso":[],"_link_adicional":null,"_anexos":null,"_produtos":null,"_vagas":"CR","_salario_min":"R$ 1418.46","_instituicao":"Prefeitura de Balne\u00e1rio Cambori\u00fa","_edital":"https:\/\/www.agrobase.com.br\/concursos\/wp-content\/uploads\/sites\/4\/2025\/10\/edital-02-2025-da-prefeitura-de-balneario-camboriu-sc.pdf","_anexos_edital":"https:\/\/www.agrobase.com.br\/concursos\/wp-content\/uploads\/sites\/4\/2025\/10\/anexos-edital-02-2025-prefeitura-de-balneario-camboriu-sc.pdf","_fund_incompleto":"","_fund_completo":"<div>\r\n<table class=\"quadro\">\r\n<thead>\r\n<tr>\r\n<th class=\"hcargo\">Cargo<\/th>\r\n<th class=\"hvagas\">Vagas<\/th>\r\n<th class=\"hremuneracao\">Remunera\u00e7\u00e3o<\/th>\r\n<\/tr>\r\n<\/thead>\r\n    <tbody>\r\n      <td class=\"ccargos\">\r\n<span data-balloon-length=\"medium\" aria-label=\"Ensino Fundamental Completo\" data-balloon-pos=\"up\">AGENTE DE ALIMENTA\u00c7\u00c3O<\/span><\/td>\r\n<td class=\"cvagas\">CR<\/td>\r\n<td class=\"cremuneracao\">R$ 2.184,93 \/40h<\/td>\r\n<\/tr>\r\n    <\/tbody>\r\n  <\/table>\r\n<\/div>","_medio":"<div>\r\n<table class=\"quadro\">\r\n<thead>\r\n<tr>\r\n<th class=\"hcargo\">Cargo<\/th>\r\n<th class=\"hvagas\">Vagas<\/th>\r\n<th class=\"hremuneracao\">Remunera\u00e7\u00e3o<\/th>\r\n<\/tr>\r\n<\/thead>\r\n    <tbody>\r\n      <td class=\"ccargos\">\r\n<span data-balloon-length=\"medium\" aria-label=\"N\u00edvel M\u00e9dio com Habilita\u00e7\u00e3o em Magist\u00e9rio\" data-balloon-pos=\"up\">AUXILIAR DE APOIO EM EDUCA\u00c7\u00c3O ESPECIAL<\/span><\/td>\r\n<td class=\"cvagas\">CR<\/td>\r\n<td class=\"cremuneracao\">R$ 3.847,69 \/40h<\/td>\r\n<\/tr><td class=\"ccargos\">\r\n<span data-balloon-length=\"medium\" aria-label=\"N\u00edvel M\u00e9dio\" data-balloon-pos=\"up\">AGENTE DE COMBATE \u00c0S ENDEMIAS<\/span><\/td>\r\n<td class=\"cvagas\">CR<\/td>\r\n<td class=\"cremuneracao\">R$ 3.036,00 \/40h<\/td>\r\n<\/tr><td class=\"ccargos\">\r\n<span data-balloon-length=\"medium\" aria-label=\"N\u00edvel M\u00e9dio\" data-balloon-pos=\"up\">AGENTE SOCIAL<\/span><\/td>\r\n<td class=\"cvagas\">CR<\/td>\r\n<td class=\"cremuneracao\">R$ 2.934,65 \/40h<\/td>\r\n<\/tr>\r\n    <\/tbody>\r\n  <\/table>\r\n<\/div>","_superior":"<div>\r\n<table class=\"quadro\">\r\n<thead>\r\n<tr>\r\n<th class=\"hcargo\">Cargo<\/th>\r\n<th class=\"hvagas\">Vagas<\/th>\r\n<th class=\"hremuneracao\">Remunera\u00e7\u00e3o<\/th>\r\n<\/tr>\r\n<\/thead>\r\n    <tbody>\r\n      <tr>\r\n<td class=\"ccargos\">\r\n<span data-balloon-length=\"medium\" aria-label=\"Ensino Superior Completo\" data-balloon-pos=\"up\">ADMINISTRADOR ESCOLAR<\/span><\/td>\r\n<td class=\"cvagas\">CR<\/td>\r\n<td class=\"cremuneracao\">R$ 5.673,84 \/40h<\/td>\r\n<\/tr><tr>\r\n<td class=\"ccargos\">\r\n<span data-balloon-length=\"medium\" aria-label=\"Ensino Superior Completo\" data-balloon-pos=\"up\">ORIENTADOR EDUCACIONAL<\/span><\/td>\r\n<td class=\"cvagas\">CR<\/td>\r\n<td class=\"cremuneracao\">R$ 5.673,84 \/40h<\/td>\r\n<\/tr><tr>\r\n<td class=\"ccargos\">\r\n<span data-balloon-length=\"medium\" aria-label=\"Ensino Superior Completo\" data-balloon-pos=\"up\">SUPERVISOR ESCOLAR<\/span><\/td>\r\n<td class=\"cvagas\">CR<\/td>\r\n<td class=\"cremuneracao\">R$ 5.673,84 \/40h<\/td>\r\n<\/tr><tr>\r\n<td class=\"ccargos\">\r\n<span data-balloon-length=\"medium\" aria-label=\"Ensino Superior Completo\" data-balloon-pos=\"up\">PROFESSOR DE ATENDIMENTO EDUCACIONAL ESPECIALIZADO<\/span><\/td>\r\n<td class=\"cvagas\">CR<\/td>\r\n<td class=\"cremuneracao\">R$ 5.673,84 \/40h<\/td>\r\n<\/tr><tr>\r\n<td class=\"ccargos\">\r\n<span data-balloon-length=\"medium\" aria-label=\"Ensino Superior Completo\" data-balloon-pos=\"up\">PROFESSOR ANOS INICIAIS (1\u00b0 AO 5\u00b0 ANO DO ENSINO FUNDAMENTAL)<\/span><\/td>\r\n<td class=\"cvagas\">CR<\/td>\r\n<td class=\"cremuneracao\">R$ 5.673,84 \/40h<\/td>\r\n<\/tr><tr>\r\n<td class=\"ccargos\">\r\n<span data-balloon-length=\"medium\" aria-label=\"Ensino Superior Completo\" data-balloon-pos=\"up\">PROFESSOR ANOS INICIAIS (1\u00b0 AO 5\u00b0 ANO DO ENSINO FUNDAMENTAL)<\/span><\/td>\r\n<td class=\"cvagas\">CR<\/td>\r\n<td class=\"cremuneracao\">R$ 2.836,92 \/20h<\/td>\r\n<\/tr><tr>\r\n<td class=\"ccargos\">\r\n<span data-balloon-length=\"medium\" aria-label=\"Ensino Superior Completo\" data-balloon-pos=\"up\">PROFESSOR DE ARTES<\/span><\/td>\r\n<td class=\"cvagas\">CR<\/td>\r\n<td class=\"cremuneracao\">R$ 5.673,84 \/40h<\/td>\r\n<\/tr><tr>\r\n<td class=\"ccargos\">\r\n<span data-balloon-length=\"medium\" aria-label=\"Ensino Superior Completo\" data-balloon-pos=\"up\">PROFESSOR DE CI\u00caNCIAS<\/span><\/td>\r\n<td class=\"cvagas\">CR<\/td>\r\n<td class=\"cremuneracao\">R$ 5.673,84 \/40h<\/td>\r\n<\/tr><tr>\r\n<td class=\"ccargos\">\r\n<span data-balloon-length=\"medium\" aria-label=\"Ensino Superior Completo\" data-balloon-pos=\"up\">PROFESSOR DE EDUCA\u00c7\u00c3O F\u00cdSICA<\/span><\/td>\r\n<td class=\"cvagas\">CR<\/td>\r\n<td class=\"cremuneracao\">R$ 5.673,84 \/40h<\/td>\r\n<\/tr><tr>\r\n<td class=\"ccargos\">\r\n<span data-balloon-length=\"medium\" aria-label=\"Ensino Superior Completo\" data-balloon-pos=\"up\">PROFESSOR DE EDUCA\u00c7\u00c3O INFANTIL<\/span><\/td>\r\n<td class=\"cvagas\">CR<\/td>\r\n<td class=\"cremuneracao\">R$ 5.673,84 \/40h<\/td>\r\n<\/tr><tr>\r\n<td class=\"ccargos\">\r\n<span data-balloon-length=\"medium\" aria-label=\"Ensino Superior Completo\" data-balloon-pos=\"up\">PROFESSOR DE ENSINO RELIGIOSO<\/span><\/td>\r\n<td class=\"cvagas\">CR<\/td>\r\n<td class=\"cremuneracao\">R$ 5.673,84 \/40h<\/td>\r\n<\/tr><tr>\r\n<td class=\"ccargos\">\r\n<span data-balloon-length=\"medium\" aria-label=\"Ensino Superior Completo\" data-balloon-pos=\"up\">PROFESSOR DE GEOGRAFIA<\/span><\/td>\r\n<td class=\"cvagas\">CR<\/td>\r\n<td class=\"cremuneracao\">R$ 5.673,84 \/40h<\/td>\r\n<\/tr><tr>\r\n<td class=\"ccargos\">\r\n<span data-balloon-length=\"medium\" aria-label=\"Ensino Superior Completo\" data-balloon-pos=\"up\">PROFESSOR DE HIST\u00d3RIA<\/span><\/td>\r\n<td class=\"cvagas\">CR<\/td>\r\n<td class=\"cremuneracao\">R$ 5.673,84 \/40h<\/td>\r\n<\/tr><tr>\r\n<td class=\"ccargos\">\r\n<span data-balloon-length=\"medium\" aria-label=\"Ensino Superior Completo\" data-balloon-pos=\"up\">PROFESSOR DE LIBRAS<\/span><\/td>\r\n<td class=\"cvagas\">CR<\/td>\r\n<td class=\"cremuneracao\">R$ 5.673,84 \/40h<\/td>\r\n<\/tr><tr>\r\n<td class=\"ccargos\">\r\n<span data-balloon-length=\"medium\" aria-label=\"Ensino Superior Completo\" data-balloon-pos=\"up\">PROFESSOR DE INOVA\u00c7\u00c3O E TECNOLOGIA<\/span><\/td>\r\n<td class=\"cvagas\">CR<\/td>\r\n<td class=\"cremuneracao\">R$ 5.673,84 \/40h<\/td>\r\n<\/tr><tr>\r\n<td class=\"ccargos\">\r\n<span data-balloon-length=\"medium\" aria-label=\"Ensino Superior Completo\" data-balloon-pos=\"up\">PROFESSOR DE L\u00cdNGUA INGLESA<\/span><\/td>\r\n<td class=\"cvagas\">CR<\/td>\r\n<td class=\"cremuneracao\">R$ 5.673,84 \/40h<\/td>\r\n<\/tr><tr>\r\n<td class=\"ccargos\">\r\n<span data-balloon-length=\"medium\" aria-label=\"Ensino Superior Completo\" data-balloon-pos=\"up\">PROFESSOR DE L\u00cdNGUA PORTUGUESA<\/span><\/td>\r\n<td class=\"cvagas\">CR<\/td>\r\n<td class=\"cremuneracao\">R$ 5.673,84 \/40h<\/td>\r\n<\/tr><tr>\r\n<td class=\"ccargos\">\r\n<span data-balloon-length=\"medium\" aria-label=\"Ensino Superior Completo\" data-balloon-pos=\"up\">PROFESSOR DE MATEM\u00c1TICA<\/span><\/td>\r\n<td class=\"cvagas\">CR<\/td>\r\n<td class=\"cremuneracao\">R$ 5.673,84 \/40h<\/td>\r\n<\/tr><tr>\r\n<td class=\"ccargos\">\r\n<span data-balloon-length=\"medium\" aria-label=\"Ensino Superior Completo\" data-balloon-pos=\"up\">PROFESSOR DE M\u00daSICA<\/span><\/td>\r\n<td class=\"cvagas\">CR<\/td>\r\n<td class=\"cremuneracao\">R$ 5.673,84 \/40h<\/td>\r\n<\/tr><tr>\r\n<td class=\"ccargos\">\r\n<span data-balloon-length=\"medium\" aria-label=\"Ensino Superior Completo\" data-balloon-pos=\"up\">ANALISTA ADMINISTRATIVO II<\/span><\/td>\r\n<td class=\"cvagas\">CR<\/td>\r\n<td class=\"cremuneracao\">R$ 3.550,95 \/40h<\/td>\r\n<\/tr><tr>\r\n<td class=\"ccargos\">\r\n<span data-balloon-length=\"medium\" aria-label=\"Ensino Superior Completo\" data-balloon-pos=\"up\">FISCAL DE ATIVIDADES URBANAS<\/span><\/td>\r\n<td class=\"cvagas\">CR<\/td>\r\n<td class=\"cremuneracao\">R$ 4.091,23 \/40h<\/td>\r\n<\/tr><tr>\r\n<td class=\"ccargos\">\r\n<span data-balloon-length=\"medium\" aria-label=\"Ensino Superior Completo\" data-balloon-pos=\"up\">ESPECIALISTA EM REDES E INFRAESTRUTURA DE TI<\/span><\/td>\r\n<td class=\"cvagas\">CR<\/td>\r\n<td class=\"cremuneracao\">R$ 6.166,43 \/40h<\/td>\r\n<\/tr>\r\n    <\/tbody>\r\n  <\/table>\r\n<\/div>"},"_links":{"self":[{"href":"https:\/\/www.agrobase.com.br\/concursos\/wp-json\/wp\/v2\/posts\/272664","targetHints":{"allow":["GET"]}}],"collection":[{"href":"https:\/\/www.agrobase.com.br\/concursos\/wp-json\/wp\/v2\/posts"}],"about":[{"href":"https:\/\/www.agrobase.com.br\/concursos\/wp-json\/wp\/v2\/types\/post"}],"author":[{"embeddable":true,"href":"https:\/\/www.agrobase.com.br\/concursos\/wp-json\/wp\/v2\/users\/7"}],"replies":[{"embeddable":true,"href":"https:\/\/www.agrobase.com.br\/concursos\/wp-json\/wp\/v2\/comments?post=272664"}],"version-history":[{"count":1,"href":"https:\/\/www.agrobase.com.br\/concursos\/wp-json\/wp\/v2\/posts\/272664\/revisions"}],"predecessor-version":[{"id":272666,"href":"https:\/\/www.agrobase.com.br\/concursos\/wp-json\/wp\/v2\/posts\/272664\/revisions\/272666"}],"wp:featuredmedia":[{"embeddable":true,"href":"https:\/\/www.agrobase.com.br\/concursos\/wp-json\/wp\/v2\/media\/272663"}],"wp:attachment":[{"href":"https:\/\/www.agrobase.com.br\/concursos\/wp-json\/wp\/v2\/media?parent=272664"}],"wp:term":[{"taxonomy":"category","embeddable":true,"href":"https:\/\/www.agrobase.com.br\/concursos\/wp-json\/wp\/v2\/categories?post=272664"},{"taxonomy":"post_tag","embeddable":true,"href":"https:\/\/www.agrobase.com.br\/concursos\/wp-json\/wp\/v2\/tags?post=272664"},{"taxonomy":"_amplo","embeddable":true,"href":"https:\/\/www.agrobase.com.br\/concursos\/wp-json\/wp\/v2\/_amplo?post=272664"},{"taxonomy":"destaque","embeddable":true,"href":"https:\/\/www.agrobase.com.br\/concursos\/wp-json\/wp\/v2\/destaque?post=272664"},{"taxonomy":"instituicoes","embeddable":true,"href":"https:\/\/www.agrobase.com.br\/concursos\/wp-json\/wp\/v2\/instituicoes?post=272664"}],"curies":[{"name":"wp","href":"https:\/\/api.w.org\/{rel}","templated":true}]}}