{"id":272656,"date":"2025-10-16T08:20:56","date_gmt":"2025-10-16T11:20:56","guid":{"rendered":"https:\/\/www.agrobase.com.br\/concursos\/?p=272656"},"modified":"2025-10-15T14:34:10","modified_gmt":"2025-10-15T17:34:10","slug":"prefeitura-itatiba-sp-selecao-publica-05-2025","status":"publish","type":"post","link":"https:\/\/www.agrobase.com.br\/concursos\/2025\/prefeitura-itatiba-sp-selecao-publica-05-2025\/","title":{"rendered":"Prefeitura Itatiba (SP) &#8211; Sele\u00e7\u00e3o P\u00fablica 05\/2025"},"content":{"rendered":"<h2>Informa\u00e7\u00f5es Gerais<\/h2>\n<p>O Processo Seletivo da <strong>Prefeitura Municipal de Itatiba\/SP<\/strong>, regido pelo edital publicado pela Secretaria Municipal de Educa\u00e7\u00e3o, est\u00e1 com inscri\u00e7\u00f5es abertas para a forma\u00e7\u00e3o de <strong>cadastro reserva<\/strong> de profissionais da \u00e1rea educacional. A sele\u00e7\u00e3o visa contrata\u00e7\u00f5es tempor\u00e1rias para o ano letivo de 2025, conforme as Leis Municipais n\u00ba 2.058\/1989 e n\u00ba 2.977\/1998, sob o regime da <strong>Consolida\u00e7\u00e3o das Leis do Trabalho (CLT)<\/strong>.<\/p>\n<p>Organizado pelo <strong>Instituto Mais<\/strong>, o certame contempla oportunidades para candidatos com n\u00edveis <strong>m\u00e9dio\/t\u00e9cnico<\/strong> e <strong>superior<\/strong>, abrangendo fun\u00e7\u00f5es de apoio e doc\u00eancia em diversas etapas da educa\u00e7\u00e3o b\u00e1sica. As vagas est\u00e3o distribu\u00eddas entre cargos como Auxiliar de Classe I e II, Professores de Educa\u00e7\u00e3o Infantil, Ensino Fundamental e disciplinas espec\u00edficas como Artes, Ci\u00eancias, Educa\u00e7\u00e3o F\u00edsica, Geografia, Hist\u00f3ria, Ingl\u00eas, Matem\u00e1tica e L\u00edngua Portuguesa.<\/p>\n<p>Se voc\u00ea busca uma oportunidade tempor\u00e1ria no setor p\u00fablico educacional, continue a leitura para conhecer os detalhes sobre inscri\u00e7\u00f5es, etapas e resultados deste processo seletivo.<\/p>\n<h2>Inscri\u00e7\u00f5es<\/h2>\n<p>As inscri\u00e7\u00f5es para o Processo Seletivo da Prefeitura de Itatiba\/SP est\u00e3o <strong>abertas<\/strong> e devem ser realizadas exclusivamente <strong>pela internet<\/strong>, no site do <a href=\"https:\/\/www.institutomais.org.br\" target=\"_blank\" rel=\"noopener\">Instituto Mais<\/a>, entre os dias <strong>13 de outubro<\/strong>(a partir das 10h) e <strong>06 de novembro de 2025<\/strong> (at\u00e9 \u00e0s 17h), conforme o hor\u00e1rio oficial de Bras\u00edlia.<\/p>\n<p>O valor da taxa de inscri\u00e7\u00e3o varia conforme o cargo escolhido, conforme especificado na Tabela I do edital. O pagamento deve ser feito por <strong>boleto banc\u00e1rio<\/strong>, dispon\u00edvel para impress\u00e3o ap\u00f3s o preenchimento do formul\u00e1rio online, com vencimento em <strong>07 de novembro de 2025<\/strong>.<\/p>\n<p>Os candidatos interessados devem ler atentamente os requisitos e condi\u00e7\u00f5es do edital antes de efetuar o pagamento. Em caso de d\u00favidas, o Instituto Mais disponibiliza atendimento pelo telefone (11) 2539-0919 ou pelo e-mail sac@institutomais.org.br, durante o per\u00edodo de inscri\u00e7\u00e3o, em dias \u00fateis.<\/p>\n<p>Recomenda-se acompanhar o status da inscri\u00e7\u00e3o na \u00e1rea restrita do site da banca e consultar o edital completo para informa\u00e7\u00f5es sobre isen\u00e7\u00e3o de taxa e demais orienta\u00e7\u00f5es.<\/p>\n<h2>Etapas e Provas<\/h2>\n<p>O Processo Seletivo da Prefeitura de Itatiba\/SP ser\u00e1 composto por <strong>Prova Objetiva<\/strong>, de car\u00e1ter <strong>eliminat\u00f3rio e classificat\u00f3rio<\/strong>, aplicada a todos os cargos.<\/p>\n<ul>\n<li><strong>Formato:<\/strong> m\u00faltipla escolha, com quest\u00f5es de L\u00edngua Portuguesa, Matem\u00e1tica e Conhecimentos Espec\u00edficos.<\/li>\n<li><strong>Distribui\u00e7\u00e3o:<\/strong> 30 quest\u00f5es no total, sendo 10 de L\u00edngua Portuguesa, 5 de Matem\u00e1tica e 15 de Conhecimentos Espec\u00edficos.<\/li>\n<li><strong>Dura\u00e7\u00e3o:<\/strong> Para os cargos de Professor, a prova ter\u00e1 dura\u00e7\u00e3o de at\u00e9 4 horas, conforme o n\u00famero de inscri\u00e7\u00f5es. Para os cargos de Auxiliar de Classe I e II, a dura\u00e7\u00e3o ser\u00e1 de 3 horas.<\/li>\n<li><strong>Datas previstas:<\/strong> 30 de novembro de 2025 (manh\u00e3) para cargos de Professor; 07 de dezembro de 2025 (manh\u00e3 e tarde) para Auxiliares de Classe.<\/li>\n<li><strong>Local de aplica\u00e7\u00e3o:<\/strong> munic\u00edpio de Itatiba\/SP, com locais e hor\u00e1rios divulgados posteriormente no edital de convoca\u00e7\u00e3o.<\/li>\n<\/ul>\n<p>Todos os candidatos devem permanecer no local de prova por, no m\u00ednimo, 1 hora. A pontua\u00e7\u00e3o final ser\u00e1 baseada exclusivamente no desempenho na prova objetiva.<\/p>\n<p>Para mais informa\u00e7\u00f5es sobre o conte\u00fado program\u00e1tico, crit\u00e9rios de avalia\u00e7\u00e3o e cronograma completo, \u00e9 indispens\u00e1vel a leitura atenta do edital oficial.<\/p>\n<h2>Resultados e Gabarito<\/h2>\n<p>A classifica\u00e7\u00e3o dos candidatos ser\u00e1 determinada pela <strong>nota final obtida na Prova Objetiva<\/strong>. Os resultados ser\u00e3o divulgados em duas listas: uma <strong>geral<\/strong>, com todos os aprovados, inclusive pessoas com defici\u00eancia (PcD), e outra <strong>espec\u00edfica<\/strong> para candidatos PcD.<\/p>\n<p>O <strong>resultado definitivo<\/strong> ser\u00e1 publicado nos sites do <a href=\"https:\/\/www.institutomais.org.br\" target=\"_blank\" rel=\"noopener\">Instituto Mais<\/a> e da <a href=\"https:\/\/www.itatiba.sp.gov.br\" target=\"_blank\" rel=\"noopener\">Prefeitura de Itatiba<\/a>, al\u00e9m da Imprensa Oficial do Munic\u00edpio. Ap\u00f3s essa etapa, o processo ser\u00e1 <strong>homologado<\/strong> pela Prefeitura Municipal de Itatiba\/SP.<\/p>\n<p>A convoca\u00e7\u00e3o dos candidatos aprovados ser\u00e1 feita conforme a necessidade da Secretaria Municipal de Educa\u00e7\u00e3o, respeitando a ordem de classifica\u00e7\u00e3o. As atribui\u00e7\u00f5es de vagas ocorrer\u00e3o semanalmente, com publica\u00e7\u00f5es na Imprensa Oficial do Munic\u00edpio: \u00e0s <strong>ter\u00e7as-feiras<\/strong> para Auxiliares de Classe (atribui\u00e7\u00e3o na sexta) e aos <strong>s\u00e1bados<\/strong> para Professores (atribui\u00e7\u00e3o na ter\u00e7a seguinte).<\/p>\n<p>O candidato deve acompanhar regularmente as publica\u00e7\u00f5es oficiais nos sites da banca organizadora e da Prefeitura, bem como na Imprensa Oficial do Munic\u00edpio, sendo de sua <strong>inteira responsabilidade<\/strong> manter-se informado sobre convoca\u00e7\u00f5es e demais etapas do processo.<\/p>\n","protected":false},"excerpt":{"rendered":"<p>Processo Seletivo Pref. Itatiba (SP) com edital publicado! Vagas p\/ Professores e Auxiliar (Fund. a Sup.). Inscri\u00e7\u00f5es a partir de 13\/10. Confira detalhes!<\/p>\n","protected":false},"author":7,"featured_media":272655,"comment_status":"open","ping_status":"open","sticky":false,"template":"","format":"standard","meta":{"_acf_changed":false,"_breakdance_hide_in_design_set":false,"_breakdance_tags":"","footnotes":""},"categories":[145,140,141,6434,111,100,20,6871,116,25,26],"tags":[62],"_amplo":[],"destaque":[],"instituicoes":[],"class_list":["post-272656","post","type-post","status-publish","format-standard","has-post-thumbnail","hentry","category-artes-cenicas","category-artes-plasticas","category-educacao-artistica","category-educacao-fisica-licenciatura","category-geografia","category-historia","category-letras","category-letras-ingles","category-matematica","category-pedagogia","category-psicologia","tag-sao-paulo"],"acf":{"_tipo_vagas":"vagas","_numero_vagas":"","_quadro_vagas":"","_cargos":"diversos","_cargos_especificos":"","_salario_max":"R$ 5137.66","_abertura":"20251013","_encerramento":"20251106","_inscricoes":"https:\/\/www.institutomais.org.br","_executora_concurso":"","_instituicao_concurso":[],"_link_adicional":null,"_anexos":null,"_produtos":null,"_vagas":"CR","_salario_min":"R$ 1518.79","_instituicao":"Prefeitura de Itatiba","_edital":"https:\/\/www.agrobase.com.br\/concursos\/wp-content\/uploads\/sites\/4\/2025\/10\/edital-05-2025-prefeitura-de-itatiba-sp.pdf","_anexos_edital":"https:\/\/www.agrobase.com.br\/concursos\/wp-content\/uploads\/sites\/4\/2025\/10\/anexos-edital-05-2025-prefeitura-de-itatiba-sp.pdf","_fund_incompleto":"","_fund_completo":"","_medio":"<div>\r\n<table class=\"quadro\">\r\n<thead>\r\n<tr>\r\n<th class=\"hcargo\">Cargo<\/th>\r\n\r\n\r\n<\/tr>\r\n<\/thead>\r\n    <tbody>\r\n      <td class=\"ccargos\">AUXILIAR DE CLASSE I<\/td>\r\n\r\n\r\n<\/tr><td class=\"ccargos\">AUXILIAR DE CLASSE II<\/td>\r\n\r\n\r\n<\/tr>\r\n    <\/tbody>\r\n  <\/table>\r\n<\/div>","_superior":"<div>\r\n<table class=\"quadro\">\r\n<thead>\r\n<tr>\r\n<th class=\"hcargo\">Cargo<\/th>\r\n\r\n\r\n<\/tr>\r\n<\/thead>\r\n    <tbody>\r\n      <tr>\r\n<td class=\"ccargos\">PROFESSOR DE DESENVOLVIMENTO INFANTIL (PDI)<\/td>\r\n\r\n\r\n<\/tr><tr>\r\n<td class=\"ccargos\">PROFESSOR DE EDUCA\u00c7\u00c3O INFANTIL (PEI)<\/td>\r\n\r\n\r\n<\/tr><tr>\r\n<td class=\"ccargos\">PROFESSOR DE EDUCA\u00c7\u00c3O B\u00c1SICA - PEB I: 1\u00ba AO 5\u00b0 ANO<\/td>\r\n\r\n\r\n<\/tr><tr>\r\n<td class=\"ccargos\">PROFESSOR DE EDUCA\u00c7\u00c3O B\u00c1SICA - PEB I: EDUCA\u00c7\u00c3O ESPECIAL<\/td>\r\n\r\n\r\n<\/tr><tr>\r\n<td class=\"ccargos\">PROFESSOR DE EDUCA\u00c7\u00c3O B\u00c1SICA - PEB II: ARTES<\/td>\r\n\r\n\r\n<\/tr><tr>\r\n<td class=\"ccargos\">PROFESSOR DE EDUCA\u00c7\u00c3O B\u00c1SICA - PEB II: CI\u00caNCIAS<\/td>\r\n\r\n\r\n<\/tr><tr>\r\n<td class=\"ccargos\">PROFESSOR DE EDUCA\u00c7\u00c3O B\u00c1SICA - PEB II: EDUCA\u00c7\u00c3O F\u00cdSICA<\/td>\r\n\r\n\r\n<\/tr><tr>\r\n<td class=\"ccargos\">PROFESSOR DE EDUCA\u00c7\u00c3O B\u00c1SICA - PEB II: GEOGRAFIA<\/td>\r\n\r\n\r\n<\/tr><tr>\r\n<td class=\"ccargos\">PROFESSOR DE EDUCA\u00c7\u00c3O B\u00c1SICA - PEB II: HIST\u00d3RIA<\/td>\r\n\r\n\r\n<\/tr><tr>\r\n<td class=\"ccargos\">PROFESSOR DE EDUCA\u00c7\u00c3O B\u00c1SICA - PEB II: INGL\u00caS<\/td>\r\n\r\n\r\n<\/tr><tr>\r\n<td class=\"ccargos\">PROFESSOR DE EDUCA\u00c7\u00c3O B\u00c1SICA - PEB II: MATEM\u00c1TICA<\/td>\r\n\r\n\r\n<\/tr><tr>\r\n<td class=\"ccargos\">PROFESSOR DE EDUCA\u00c7\u00c3O B\u00c1SICA - PEB II: L\u00cdNGUA PORTUGUESA<\/td>\r\n\r\n\r\n<\/tr>\r\n    <\/tbody>\r\n  <\/table>\r\n<\/div>"},"_links":{"self":[{"href":"https:\/\/www.agrobase.com.br\/concursos\/wp-json\/wp\/v2\/posts\/272656","targetHints":{"allow":["GET"]}}],"collection":[{"href":"https:\/\/www.agrobase.com.br\/concursos\/wp-json\/wp\/v2\/posts"}],"about":[{"href":"https:\/\/www.agrobase.com.br\/concursos\/wp-json\/wp\/v2\/types\/post"}],"author":[{"embeddable":true,"href":"https:\/\/www.agrobase.com.br\/concursos\/wp-json\/wp\/v2\/users\/7"}],"replies":[{"embeddable":true,"href":"https:\/\/www.agrobase.com.br\/concursos\/wp-json\/wp\/v2\/comments?post=272656"}],"version-history":[{"count":3,"href":"https:\/\/www.agrobase.com.br\/concursos\/wp-json\/wp\/v2\/posts\/272656\/revisions"}],"predecessor-version":[{"id":272662,"href":"https:\/\/www.agrobase.com.br\/concursos\/wp-json\/wp\/v2\/posts\/272656\/revisions\/272662"}],"wp:featuredmedia":[{"embeddable":true,"href":"https:\/\/www.agrobase.com.br\/concursos\/wp-json\/wp\/v2\/media\/272655"}],"wp:attachment":[{"href":"https:\/\/www.agrobase.com.br\/concursos\/wp-json\/wp\/v2\/media?parent=272656"}],"wp:term":[{"taxonomy":"category","embeddable":true,"href":"https:\/\/www.agrobase.com.br\/concursos\/wp-json\/wp\/v2\/categories?post=272656"},{"taxonomy":"post_tag","embeddable":true,"href":"https:\/\/www.agrobase.com.br\/concursos\/wp-json\/wp\/v2\/tags?post=272656"},{"taxonomy":"_amplo","embeddable":true,"href":"https:\/\/www.agrobase.com.br\/concursos\/wp-json\/wp\/v2\/_amplo?post=272656"},{"taxonomy":"destaque","embeddable":true,"href":"https:\/\/www.agrobase.com.br\/concursos\/wp-json\/wp\/v2\/destaque?post=272656"},{"taxonomy":"instituicoes","embeddable":true,"href":"https:\/\/www.agrobase.com.br\/concursos\/wp-json\/wp\/v2\/instituicoes?post=272656"}],"curies":[{"name":"wp","href":"https:\/\/api.w.org\/{rel}","templated":true}]}}