{"id":272650,"date":"2025-10-16T08:10:26","date_gmt":"2025-10-16T11:10:26","guid":{"rendered":"https:\/\/www.agrobase.com.br\/concursos\/?p=272650"},"modified":"2025-10-15T14:30:14","modified_gmt":"2025-10-15T17:30:14","slug":"prefeitura-garuva-sc-selecao-publica-08-2025","status":"publish","type":"post","link":"https:\/\/www.agrobase.com.br\/concursos\/2025\/prefeitura-garuva-sc-selecao-publica-08-2025\/","title":{"rendered":"Prefeitura Garuva (SC) &#8211; Sele\u00e7\u00e3o P\u00fablica 08\/2025"},"content":{"rendered":"<h2>Informa\u00e7\u00f5es Gerais<\/h2>\n<p>O <strong>Processo Seletivo da Prefeitura Municipal de Garuva<\/strong>, regido pelo edital publicado em 13 de outubro de 2025, est\u00e1 com inscri\u00e7\u00f5es abertas para forma\u00e7\u00e3o de cadastro reserva de profissionais que atuar\u00e3o na rede municipal de ensino durante o ano letivo de 2026. O certame \u00e9 promovido pelo Munic\u00edpio de Garuva, em parceria com a empresa SC Treinamentos, e visa \u00e0 contrata\u00e7\u00e3o tempor\u00e1ria de servidores sob regime jur\u00eddico definido pela Lei Complementar n\u00ba 117\/2019 e suas altera\u00e7\u00f5es.<\/p>\n<p>As oportunidades abrangem cargos de n\u00edveis fundamental, m\u00e9dio e superior, com destaque para fun\u00e7\u00f5es nas \u00e1reas de <strong>Educa\u00e7\u00e3o Infantil, Ensino Fundamental, Educa\u00e7\u00e3o de Jovens e Adultos e Educa\u00e7\u00e3o Especial<\/strong>. H\u00e1 vagas para professores em diversas disciplinas, coordenadores pedag\u00f3gicos, auxiliares de educador, motoristas e merendeiras.<\/p>\n<p>Profissionais das \u00e1reas de Biologia e afins podem se interessar especialmente pela vaga de <strong>Professor de Ci\u00eancias<\/strong>, que exige licenciatura plena na \u00e1rea. Continue a leitura para saber como participar, quais s\u00e3o as etapas e como acompanhar os resultados deste processo seletivo.<\/p>\n<h2>Inscri\u00e7\u00f5es<\/h2>\n<p>As inscri\u00e7\u00f5es para o Processo Seletivo da Prefeitura de Garuva est\u00e3o <strong>abertas<\/strong> e devem ser realizadas exclusivamente pela internet, no per\u00edodo de <strong>13 de outubro a 5 de novembro de 2025<\/strong>, por meio do site <a href=\"https:\/\/portal.sctreinamentos.selecao.site\" target=\"_blank\" rel=\"noopener\">https:\/\/portal.sctreinamentos.selecao.site<\/a>.<\/p>\n<p>Para se inscrever, o candidato deve acessar a \u00e1rea de &#8220;Concursos e Sele\u00e7\u00f5es&#8221;, selecionar o edital correspondente ao munic\u00edpio de Garuva e seguir as instru\u00e7\u00f5es para preenchimento do formul\u00e1rio. Ser\u00e1 necess\u00e1rio criar uma senha de acesso \u00e0 \u00e1rea restrita, preencher o requerimento de inscri\u00e7\u00e3o e efetuar o pagamento do boleto banc\u00e1rio gerado.<\/p>\n<p>O valor da taxa de inscri\u00e7\u00e3o varia conforme o cargo escolhido. O pagamento deve ser feito at\u00e9 a data de vencimento indicada no boleto. N\u00e3o s\u00e3o aceitas inscri\u00e7\u00f5es presenciais, via e-mail ou fora do prazo. Cada inscri\u00e7\u00e3o \u00e9 v\u00e1lida para um cargo, sendo permitidas at\u00e9 duas inscri\u00e7\u00f5es por candidato, desde que ambas sejam pagas dentro do prazo.<\/p>\n<p>Pedidos de isen\u00e7\u00e3o da taxa devem seguir os crit\u00e9rios e prazos estabelecidos no edital. O acompanhamento do status da inscri\u00e7\u00e3o, bem como a emiss\u00e3o de segunda via do boleto, devem ser feitos pela \u00e1rea restrita do candidato no site da banca.<\/p>\n<p>Recomenda-se a leitura atenta do edital completo antes de efetuar a inscri\u00e7\u00e3o.<\/p>\n<h2>Etapas e Provas<\/h2>\n<p>O Processo Seletivo da Prefeitura de Garuva ser\u00e1 composto por at\u00e9 tr\u00eas etapas, conforme o cargo pretendido:<\/p>\n<ul>\n<li><strong>Prova Objetiva<\/strong> (eliminat\u00f3ria e classificat\u00f3ria): aplicada a todos os cargos, com quest\u00f5es de m\u00faltipla escolha e quatro alternativas. A prova avaliar\u00e1 conhecimentos gerais e espec\u00edficos, com dura\u00e7\u00e3o m\u00e1xima de 3 horas. A data prov\u00e1vel de aplica\u00e7\u00e3o \u00e9 <strong>16 de novembro de 2025<\/strong>.<\/li>\n<li><strong>Prova de T\u00edtulos<\/strong> (eliminat\u00f3ria e classificat\u00f3ria): exclusiva para os cargos de <strong>Professor<\/strong> e <strong>Coordenador Pedag\u00f3gico<\/strong>, com crit\u00e9rios definidos no edital.<\/li>\n<li><strong>Prova Pr\u00e1tica<\/strong> (eliminat\u00f3ria e classificat\u00f3ria): destinada apenas aos candidatos ao cargo de <strong>Motorista<\/strong>.<\/li>\n<li><strong>Reda\u00e7\u00e3o<\/strong> (eliminat\u00f3ria e classificat\u00f3ria): aplicada conjuntamente com a prova objetiva para todos os cargos de <strong>Professor<\/strong>. A reda\u00e7\u00e3o ser\u00e1 manuscrita, com tema definido no momento da prova, e ser\u00e1 avaliada com base em crit\u00e9rios como ortografia, coes\u00e3o, coer\u00eancia e dom\u00ednio da norma culta.<\/li>\n<\/ul>\n<p>Para aprova\u00e7\u00e3o, os candidatos devem atingir nota m\u00ednima conforme o cargo. Professores precisam obter m\u00e9dia igual ou superior a 5,00 na soma das tr\u00eas etapas. J\u00e1 para os demais cargos, a exig\u00eancia \u00e9 de no m\u00ednimo 50% de acertos na Prova Objetiva, al\u00e9m de desempenho satisfat\u00f3rio nas etapas espec\u00edficas.<\/p>\n<p>Recomenda-se a leitura atenta do edital para detalhes sobre o conte\u00fado program\u00e1tico, crit\u00e9rios de avalia\u00e7\u00e3o e cronograma completo.<\/p>\n<h2>Resultados e Gabarito<\/h2>\n<p>O cronograma de resultados do Processo Seletivo de Garuva prev\u00ea as seguintes datas:<\/p>\n<ul>\n<li><strong>Rela\u00e7\u00e3o de inscritos:<\/strong> 10\/11\/2025<\/li>\n<li><strong>Divulga\u00e7\u00e3o dos locais de prova:<\/strong> 13\/11\/2025<\/li>\n<li><strong>Aplica\u00e7\u00e3o das provas:<\/strong> 16\/11\/2025<\/li>\n<li><strong>Gabarito preliminar:<\/strong> 16\/11\/2025 (ap\u00f3s as 20h)<\/li>\n<li><strong>Gabarito definitivo e notas preliminares:<\/strong> 01\/12\/2025<\/li>\n<li><strong>Per\u00edodo de recursos contra notas e classifica\u00e7\u00e3o:<\/strong> 02 e 03\/12\/2025<\/li>\n<li><strong>Resultado final e homologa\u00e7\u00e3o:<\/strong> at\u00e9 09\/12\/2025<\/li>\n<\/ul>\n<p>A classifica\u00e7\u00e3o final ser\u00e1 definida pela soma das notas obtidas nas etapas aplic\u00e1veis a cada cargo. Em caso de empate, os crit\u00e9rios de desempate s\u00e3o: maior idade, maior nota em Conhecimentos Espec\u00edficos, L\u00edngua Portuguesa e Matem\u00e1tica, nesta ordem. Candidatos que comprovarem atua\u00e7\u00e3o como jurado poder\u00e3o ter prefer\u00eancia, conforme a Lei n\u00ba 11.689\/2008.<\/p>\n<p>Todos os resultados, recursos e convoca\u00e7\u00f5es ser\u00e3o publicados no site da banca organizadora (<a href=\"https:\/\/portal.sctreinamentos.selecao.site\" target=\"_blank\" rel=\"noopener\">SC Treinamentos<\/a>) e no site oficial do Munic\u00edpio de Garuva. O acompanhamento dessas publica\u00e7\u00f5es \u00e9 de responsabilidade exclusiva do candidato.<\/p>\n","protected":false},"excerpt":{"rendered":"<p>Processo Seletivo Pref. Garuva (SC) com edital publicado! Vagas p\/ Professor e + (Fund. a Sup.). Inscri\u00e7\u00f5es a partir de 13\/10. Confira detalhes!<\/p>\n","protected":false},"author":7,"featured_media":272649,"comment_status":"open","ping_status":"open","sticky":false,"template":"","format":"standard","meta":{"_acf_changed":false,"_breakdance_hide_in_design_set":false,"_breakdance_tags":"","footnotes":""},"categories":[6433,141,6434,112,111,100,20,6871,116,25,118],"tags":[61],"_amplo":[],"destaque":[],"instituicoes":[],"class_list":["post-272650","post","type-post","status-publish","format-standard","has-post-thumbnail","hentry","category-biologia-licenciatura","category-educacao-artistica","category-educacao-fisica-licenciatura","category-filosofia","category-geografia","category-historia","category-letras","category-letras-ingles","category-matematica","category-pedagogia","category-sociologia","tag-santa-catarina"],"acf":{"_tipo_vagas":"vagas","_numero_vagas":"","_quadro_vagas":"","_cargos":"diversos","_cargos_especificos":"","_salario_max":"R$ 6.890,10","_abertura":"20251013","_encerramento":"20251105","_inscricoes":"https:\/\/portal.sctreinamentos.selecao.site","_executora_concurso":"","_instituicao_concurso":[],"_link_adicional":null,"_anexos":null,"_produtos":null,"_vagas":"CR","_salario_min":"R$ 2.438,93","_instituicao":"Prefeitura de Garuva","_edital":"https:\/\/www.agrobase.com.br\/concursos\/wp-content\/uploads\/sites\/4\/2025\/10\/edital-08-2025-prefeitura-de-garuva-sc.pdf","_anexos_edital":"https:\/\/www.agrobase.com.br\/concursos\/wp-content\/uploads\/sites\/4\/2025\/10\/anexos-edital-08-2025-prefeitura-de-garuva-sc.pdf","_fund_incompleto":"","_fund_completo":"<div>\r\n<table class=\"quadro\">\r\n<thead>\r\n<tr>\r\n<th class=\"hcargo\">Cargo<\/th>\r\n<th class=\"hvagas\">Vagas<\/th>\r\n<th class=\"hremuneracao\">Remunera\u00e7\u00e3o<\/th>\r\n<\/tr>\r\n<\/thead>\r\n    <tbody>\r\n      <td class=\"ccargos\">\r\n<span data-balloon-length=\"medium\" aria-label=\"Ensino Fundamental\" data-balloon-pos=\"up\">Merendeira<\/span><\/td>\r\n<td class=\"cvagas\">CR<\/td>\r\n<td class=\"cremuneracao\">R$ 2.438,93<\/td>\r\n<\/tr><td class=\"ccargos\">\r\n<span data-balloon-length=\"medium\" data-balloon-pos=\"up\">Motorista<\/span><\/td>\r\n<td class=\"cvagas\">CR<\/td>\r\n<td class=\"cremuneracao\">R$ 3.195,09<\/td>\r\n<\/tr>\r\n    <\/tbody>\r\n  <\/table>\r\n<\/div>","_medio":"<div>\r\n<table class=\"quadro\">\r\n<thead>\r\n<tr>\r\n<th class=\"hcargo\">Cargo<\/th>\r\n<th class=\"hvagas\">Vagas<\/th>\r\n<th class=\"hremuneracao\">Remunera\u00e7\u00e3o<\/th>\r\n<\/tr>\r\n<\/thead>\r\n    <tbody>\r\n      <td class=\"ccargos\">\r\n<span data-balloon-length=\"medium\" aria-label=\"Ensino M\u00e9dio\" data-balloon-pos=\"up\">Auxiliar de Educador<\/span><\/td>\r\n<td class=\"cvagas\">CR<\/td>\r\n<td class=\"cremuneracao\">R$ 3.217,34<\/td>\r\n<\/tr>\r\n    <\/tbody>\r\n  <\/table>\r\n<\/div>","_superior":"<div>\r\n<table class=\"quadro\">\r\n<thead>\r\n<tr>\r\n<th class=\"hcargo\">Cargo<\/th>\r\n<th class=\"hvagas\">Vagas<\/th>\r\n<th class=\"hremuneracao\">Remunera\u00e7\u00e3o<\/th>\r\n<\/tr>\r\n<\/thead>\r\n    <tbody>\r\n      <tr>\r\n<td class=\"ccargos\">\r\n<span data-balloon-length=\"medium\" aria-label=\"Gradua\u00e7\u00e3o em Pedagogia e Registro no MEC\" data-balloon-pos=\"up\">Coordenador Pedag\u00f3gico<\/span><\/td>\r\n<td class=\"cvagas\">CR<\/td>\r\n<td class=\"cremuneracao\">R$ 6.890,10<\/td>\r\n<\/tr><tr>\r\n<td class=\"ccargos\">\r\n<span data-balloon-length=\"medium\" aria-label=\"Diploma de curso superior de licenciatura plena em Pedagogia ou Normal Superior, com hist\u00f3rico escolar devidamente registrado.\" data-balloon-pos=\"up\">Professor de Educa\u00e7\u00e3o Infantil<\/span><\/td>\r\n<td class=\"cvagas\">CR<\/td>\r\n<td class=\"cremuneracao\">R$ 5.204,61<\/td>\r\n<\/tr><tr>\r\n<td class=\"ccargos\">\r\n<span data-balloon-length=\"medium\" aria-label=\"Diploma de curso superior de licenciatura plena em Pedagogia ou Normal Superior, com hist\u00f3rico escolar devidamente registrado.\" data-balloon-pos=\"up\">Professor de Anos Iniciais do Ensino Fundamental<\/span><\/td>\r\n<td class=\"cvagas\">CR<\/td>\r\n<td class=\"cremuneracao\">R$ 5.204,61<\/td>\r\n<\/tr><tr>\r\n<td class=\"ccargos\">\r\n<span data-balloon-length=\"medium\" aria-label=\"Diploma de curso superior de licenciatura plena na \u00c1rea com hist\u00f3rico escolar devidamente registrado\" data-balloon-pos=\"up\">Professor de Anos Iniciais e Anos Finais Artes<\/span><\/td>\r\n<td class=\"cvagas\">CR<\/td>\r\n<td class=\"cremuneracao\">R$ 5.204,61<\/td>\r\n<\/tr><tr>\r\n<td class=\"ccargos\">\r\n<span data-balloon-length=\"medium\" aria-label=\"Diploma de curso superior de licenciatura plena na \u00c1rea com hist\u00f3rico escolar devidamente registrado\" data-balloon-pos=\"up\">Professor de Anos Iniciais e Anos Finais Educa\u00e7\u00e3o F\u00edsica<\/span><\/td>\r\n<td class=\"cvagas\">CR<\/td>\r\n<td class=\"cremuneracao\">R$ 5.204,61<\/td>\r\n<\/tr><tr>\r\n<td class=\"ccargos\">\r\n<span data-balloon-length=\"medium\" aria-label=\"Diploma de curso superior de licenciatura plena nas \u00c1reas de Filosofia, Sociologia, Pedagogia, Hist\u00f3ria, Geografia e Ci\u00eancias Biol\u00f3gicas com hist\u00f3rico escolar devidamente registrado.\" data-balloon-pos=\"up\">Professor de Anos Iniciais e Anos Finais \u00c9tica e Cidadania<\/span><\/td>\r\n<td class=\"cvagas\">CR<\/td>\r\n<td class=\"cremuneracao\">R$ 5.204,61<\/td>\r\n<\/tr><tr>\r\n<td class=\"ccargos\">\r\n<span data-balloon-length=\"medium\" aria-label=\"Diploma de curso superior de licenciatura plena na \u00c1rea com hist\u00f3rico escolar devidamente registrado.\" data-balloon-pos=\"up\">Professor de Anos Finais Ci\u00eancias<\/span><\/td>\r\n<td class=\"cvagas\">CR<\/td>\r\n<td class=\"cremuneracao\">R$ 5.204,61<\/td>\r\n<\/tr><tr>\r\n<td class=\"ccargos\">\r\n<span data-balloon-length=\"medium\" aria-label=\"Diploma de curso superior de licenciatura plena na \u00c1rea com hist\u00f3rico escolar devidamente registrado.\" data-balloon-pos=\"up\">Professor de Anos Finais Ensino Religioso<\/span><\/td>\r\n<td class=\"cvagas\">CR<\/td>\r\n<td class=\"cremuneracao\">R$ 5.204,61<\/td>\r\n<\/tr><tr>\r\n<td class=\"ccargos\">\r\n<span data-balloon-length=\"medium\" aria-label=\"Diploma de curso superior de licenciatura plena na \u00c1rea com hist\u00f3rico escolar devidamente registrado.\" data-balloon-pos=\"up\">Professor de Anos Finais Geografia<\/span><\/td>\r\n<td class=\"cvagas\">CR<\/td>\r\n<td class=\"cremuneracao\">R$ 5.204,61<\/td>\r\n<\/tr><tr>\r\n<td class=\"ccargos\">\r\n<span data-balloon-length=\"medium\" aria-label=\"Diploma de curso superior de licenciatura plena na \u00c1rea com hist\u00f3rico escolar devidamente registrado.\" data-balloon-pos=\"up\">Professor de Anos Finais Hist\u00f3ria<\/span><\/td>\r\n<td class=\"cvagas\">CR<\/td>\r\n<td class=\"cremuneracao\">R$ 5.204,61<\/td>\r\n<\/tr><tr>\r\n<td class=\"ccargos\">\r\n<span data-balloon-length=\"medium\" aria-label=\"Diploma de curso superior de licenciatura plena na \u00c1rea com hist\u00f3rico escolar devidamente registrado.\" data-balloon-pos=\"up\">Professor de Anos Finais Ingl\u00eas<\/span><\/td>\r\n<td class=\"cvagas\">CR<\/td>\r\n<td class=\"cremuneracao\">R$ 5.204,61<\/td>\r\n<\/tr><tr>\r\n<td class=\"ccargos\">\r\n<span data-balloon-length=\"medium\" aria-label=\"Diploma de curso superior de licenciatura plena na \u00c1rea com hist\u00f3rico escolar devidamente registrado.\" data-balloon-pos=\"up\">Professor de Anos Finais L\u00edngua Portuguesa<\/span><\/td>\r\n<td class=\"cvagas\">CR<\/td>\r\n<td class=\"cremuneracao\">R$ 5.204,61<\/td>\r\n<\/tr><tr>\r\n<td class=\"ccargos\">\r\n<span data-balloon-length=\"medium\" aria-label=\"Diploma de curso superior de licenciatura plena na \u00c1rea com hist\u00f3rico escolar devidamente registrado.\" data-balloon-pos=\"up\">Professor de Anos Finais Matem\u00e1tica<\/span><\/td>\r\n<td class=\"cvagas\">CR<\/td>\r\n<td class=\"cremuneracao\">R$ 5.204,61<\/td>\r\n<\/tr><tr>\r\n<td class=\"ccargos\">\r\n<span data-balloon-length=\"medium\" aria-label=\"Diploma de curso superior de licenciatura plena em Pedagogia ou Educa\u00e7\u00e3o Especial ou Normal Superior, com hist\u00f3rico escolar devidamente registrado.\" data-balloon-pos=\"up\">Educa\u00e7\u00e3o Especial (Segundo Professor)<\/span><\/td>\r\n<td class=\"cvagas\">CR<\/td>\r\n<td class=\"cremuneracao\">R$ 5.204,61<\/td>\r\n<\/tr><tr>\r\n<td class=\"ccargos\">\r\n<span data-balloon-length=\"medium\" aria-label=\"Comprovar ainda curso de forma\u00e7\u00e3o em Educa\u00e7\u00e3o Especial num total de 120 horas podendo ser dividido em cursos com no m\u00ednimo 40 horas cada. Diploma de curso superior de licenciatura plena em Pedagogia ou Educa\u00e7\u00e3o Especial ou Normal Superior, com hist\u00f3rico escolar devidamente registrado. Comprovar ainda curso de forma\u00e7\u00e3o em int\u00e9rprete de libras com no m\u00ednimo 120 horas.\" data-balloon-pos=\"up\">Professor Int\u00e9rprete de Libras - Educa\u00e7\u00e3o Infantil, Ensino Fundamental<\/span><\/td>\r\n<td class=\"cvagas\">CR<\/td>\r\n<td class=\"cremuneracao\">R$ 5.204,61<\/td>\r\n<\/tr>\r\n    <\/tbody>\r\n  <\/table>\r\n<\/div>"},"_links":{"self":[{"href":"https:\/\/www.agrobase.com.br\/concursos\/wp-json\/wp\/v2\/posts\/272650","targetHints":{"allow":["GET"]}}],"collection":[{"href":"https:\/\/www.agrobase.com.br\/concursos\/wp-json\/wp\/v2\/posts"}],"about":[{"href":"https:\/\/www.agrobase.com.br\/concursos\/wp-json\/wp\/v2\/types\/post"}],"author":[{"embeddable":true,"href":"https:\/\/www.agrobase.com.br\/concursos\/wp-json\/wp\/v2\/users\/7"}],"replies":[{"embeddable":true,"href":"https:\/\/www.agrobase.com.br\/concursos\/wp-json\/wp\/v2\/comments?post=272650"}],"version-history":[{"count":3,"href":"https:\/\/www.agrobase.com.br\/concursos\/wp-json\/wp\/v2\/posts\/272650\/revisions"}],"predecessor-version":[{"id":272660,"href":"https:\/\/www.agrobase.com.br\/concursos\/wp-json\/wp\/v2\/posts\/272650\/revisions\/272660"}],"wp:featuredmedia":[{"embeddable":true,"href":"https:\/\/www.agrobase.com.br\/concursos\/wp-json\/wp\/v2\/media\/272649"}],"wp:attachment":[{"href":"https:\/\/www.agrobase.com.br\/concursos\/wp-json\/wp\/v2\/media?parent=272650"}],"wp:term":[{"taxonomy":"category","embeddable":true,"href":"https:\/\/www.agrobase.com.br\/concursos\/wp-json\/wp\/v2\/categories?post=272650"},{"taxonomy":"post_tag","embeddable":true,"href":"https:\/\/www.agrobase.com.br\/concursos\/wp-json\/wp\/v2\/tags?post=272650"},{"taxonomy":"_amplo","embeddable":true,"href":"https:\/\/www.agrobase.com.br\/concursos\/wp-json\/wp\/v2\/_amplo?post=272650"},{"taxonomy":"destaque","embeddable":true,"href":"https:\/\/www.agrobase.com.br\/concursos\/wp-json\/wp\/v2\/destaque?post=272650"},{"taxonomy":"instituicoes","embeddable":true,"href":"https:\/\/www.agrobase.com.br\/concursos\/wp-json\/wp\/v2\/instituicoes?post=272650"}],"curies":[{"name":"wp","href":"https:\/\/api.w.org\/{rel}","templated":true}]}}