{"id":272638,"date":"2025-10-16T07:50:35","date_gmt":"2025-10-16T10:50:35","guid":{"rendered":"https:\/\/www.agrobase.com.br\/concursos\/?p=272638"},"modified":"2025-10-15T13:20:37","modified_gmt":"2025-10-15T16:20:37","slug":"prefeitura-cristais-paulista-sp-concurso-01-2025","status":"publish","type":"post","link":"https:\/\/www.agrobase.com.br\/concursos\/2025\/prefeitura-cristais-paulista-sp-concurso-01-2025\/","title":{"rendered":"Prefeitura Cristais Paulista (SP) &#8211; Concurso 01\/2025"},"content":{"rendered":"<h2>Informa\u00e7\u00f5es Gerais<\/h2>\n<p>O Concurso P\u00fablico n\u00ba 001\/2025 da Prefeitura Municipal de Cristais Paulista, no Estado de S\u00e3o Paulo, teve seu edital oficialmente publicado e encontra-se com inscri\u00e7\u00f5es abertas. Organizado pela banca CONSESP, o certame visa \u00e0 forma\u00e7\u00e3o de cadastro reserva para diversos cargos, com contrata\u00e7\u00e3o sob o regime celetista (CLT).<\/p>\n<p>S\u00e3o contemplados cargos de n\u00edveis Fundamental (completo e incompleto), M\u00e9dio\/T\u00e9cnico e Superior, abrangendo \u00e1reas administrativas, operacionais, educacionais e da sa\u00fade. Entre os destaques, h\u00e1 oportunidades para profissionais com forma\u00e7\u00e3o em <strong>Farm\u00e1cia, Fonoaudiologia, Terapia Ocupacional<\/strong> e \u00e1reas da <strong>Educa\u00e7\u00e3o<\/strong>, como professores e coordenadores pedag\u00f3gicos.<\/p>\n<p>Os sal\u00e1rios variam entre R$ 1.639,96 e R$ 5.251,62, com jornada de trabalho de at\u00e9 44 horas semanais. Todos os cargos oferecem, ainda, cart\u00e3o alimenta\u00e7\u00e3o no valor de R$ 900,00 mensais.<\/p>\n<p>Se voc\u00ea busca estabilidade e uma oportunidade no servi\u00e7o p\u00fablico municipal, continue lendo para conhecer os prazos de inscri\u00e7\u00e3o, etapas do concurso e detalhes sobre a divulga\u00e7\u00e3o dos resultados.<\/p>\n<h2>Inscri\u00e7\u00f5es<\/h2>\n<p>As inscri\u00e7\u00f5es para o Concurso P\u00fablico da Prefeitura de Cristais Paulista est\u00e3o <strong>abertas<\/strong> e devem ser realizadas exclusivamente pela internet, no site <a href=\"https:\/\/www.consesp.com.br\" target=\"_blank\" rel=\"noopener\">www.consesp.com.br<\/a>, entre os dias <strong>10 de outubro e 2 de novembro de 2025<\/strong> (hor\u00e1rio de Bras\u00edlia).<\/p>\n<p>As taxas de inscri\u00e7\u00e3o variam conforme o n\u00edvel de escolaridade exigido para o cargo:<\/p>\n<ul>\n<li>Ensino Superior e\/ou Professor: R$ 55,00<\/li>\n<li>Ensino M\u00e9dio e\/ou T\u00e9cnico: R$ 45,00<\/li>\n<li>Ensino Fundamental (completo ou incompleto): R$ 35,00<\/li>\n<\/ul>\n<p>O pagamento deve ser feito exclusivamente por boleto banc\u00e1rio gerado no ato da inscri\u00e7\u00e3o, com vencimento em <strong>3 de novembro de 2025<\/strong>. Pagamentos por outros meios n\u00e3o ser\u00e3o aceitos.<\/p>\n<p>Candidatos doadores de sangue com comprova\u00e7\u00e3o de, no m\u00ednimo, tr\u00eas doa\u00e7\u00f5es no \u00faltimo ano poder\u00e3o solicitar <strong>isen\u00e7\u00e3o da taxa<\/strong> nos dias <strong>10 e 11 de outubro de 2025<\/strong>, conforme regras detalhadas no edital.<\/p>\n<p>Ap\u00f3s o pagamento, \u00e9 necess\u00e1rio verificar o status da inscri\u00e7\u00e3o no site da CONSESP. Em caso de problemas, o candidato deve entrar em contato com a organizadora.<\/p>\n<p>Recomenda-se a leitura atenta do edital completo para garantir o correto preenchimento da inscri\u00e7\u00e3o e o cumprimento de todas as exig\u00eancias.<\/p>\n<h2>Etapas e Provas<\/h2>\n<p>O concurso ser\u00e1 composto por diferentes etapas, conforme o cargo pretendido. A principal fase \u00e9 a <strong>Prova Objetiva<\/strong>, de car\u00e1ter eliminat\u00f3rio e classificat\u00f3rio, aplicada a todos os candidatos. A prova ser\u00e1 realizada em <strong>23 de novembro de 2025<\/strong>, com dura\u00e7\u00e3o de 2 horas (exceto para Procurador Jur\u00eddico, cuja prova ter\u00e1 4 horas).<\/p>\n<ul>\n<li><strong>Prova Objetiva<\/strong>: quest\u00f5es de m\u00faltipla escolha com 4 alternativas, abrangendo disciplinas como L\u00edngua Portuguesa, Racioc\u00ednio L\u00f3gico, Inform\u00e1tica, Conhecimentos Educacionais ou Espec\u00edficos, conforme o cargo. A nota m\u00ednima para aprova\u00e7\u00e3o \u00e9 de 50 pontos na m\u00e9dia ponderada e em Conhecimentos Espec\u00edficos.<\/li>\n<li><strong>Prova Discursiva (Pe\u00e7a Jur\u00eddica)<\/strong>: exclusiva para o cargo de Procurador Jur\u00eddico, com car\u00e1ter eliminat\u00f3rio e classificat\u00f3rio. Avaliada de 0 a 100 pontos, exige nota m\u00ednima de 50 para aprova\u00e7\u00e3o.<\/li>\n<li><strong>Prova Pr\u00e1tica<\/strong>: aplicada apenas para o cargo de Operador de M\u00e1quinas, com avalia\u00e7\u00e3o t\u00e9cnica em at\u00e9 10 minutos. O candidato deve obter no m\u00ednimo 50 pontos em cada m\u00e1quina avaliada.<\/li>\n<li><strong>Prova de T\u00edtulos<\/strong>: destinada aos cargos de n\u00edvel superior na \u00e1rea da Educa\u00e7\u00e3o. Os t\u00edtulos devem ser entregues no dia da prova objetiva, em envelope lacrado, conforme orienta\u00e7\u00f5es do edital. A pontua\u00e7\u00e3o \u00e9 apenas classificat\u00f3ria.<\/li>\n<\/ul>\n<p>Para detalhes sobre o conte\u00fado program\u00e1tico, crit\u00e9rios de avalia\u00e7\u00e3o e cronograma completo, \u00e9 essencial consultar o edital oficial dispon\u00edvel no site da organizadora.<\/p>\n<h2>Resultados e Gabarito<\/h2>\n<p>O <strong>gabarito preliminar<\/strong> ser\u00e1 divulgado no site da CONSESP em <strong>24 de novembro de 2025<\/strong>, com prazo para interposi\u00e7\u00e3o de recursos at\u00e9 as 14h do dia 26 de novembro. O <strong>gabarito definitivo<\/strong> ser\u00e1 publicado at\u00e9 <strong>10 de dezembro de 2025<\/strong>, ap\u00f3s an\u00e1lise dos recursos.<\/p>\n<p>O <strong>resultado preliminar<\/strong> do concurso est\u00e1 previsto para <strong>10 de dezembro de 2025<\/strong>, com possibilidade de recurso at\u00e9 as 14h do dia 12 de dezembro. O <strong>resultado final<\/strong> ser\u00e1 publicado em <strong>18 de dezembro de 2025<\/strong>, e a <strong>homologa\u00e7\u00e3o<\/strong> ocorrer\u00e1 em data a ser definida pela Prefeitura.<\/p>\n<p>Os crit\u00e9rios de classifica\u00e7\u00e3o incluem a nota final obtida nas provas e, quando aplic\u00e1vel, a pontua\u00e7\u00e3o dos t\u00edtulos. Em caso de empate, ser\u00e3o considerados: idade igual ou superior a 60 anos, maior nota em Conhecimentos Espec\u00edficos, maior nota em Conhecimentos Gerais e maior idade. Persistindo o empate, ser\u00e1 realizado sorteio com base na Loteria Federal.<\/p>\n<p>A convoca\u00e7\u00e3o dos aprovados ser\u00e1 feita conforme a ordem de classifica\u00e7\u00e3o, por meio de publica\u00e7\u00e3o no site da Prefeitura e no Di\u00e1rio Oficial. A aprova\u00e7\u00e3o n\u00e3o garante nomea\u00e7\u00e3o imediata, mas possibilita futuras convoca\u00e7\u00f5es dentro do prazo de validade do concurso, que ser\u00e1 de <strong>2 anos<\/strong>, prorrog\u00e1vel por igual per\u00edodo.<\/p>\n<p>\u00c9 responsabilidade exclusiva do candidato acompanhar todas as publica\u00e7\u00f5es oficiais no site da CONSESP e nos canais institucionais da Prefeitura de Cristais Paulista.<\/p>\n","protected":false},"excerpt":{"rendered":"<p>Concurso Pref. Cristais Paulista (SP) com edital publicado! Vagas p\/ Professor e Procurador (Fund. a Sup.). Inscri\u00e7\u00f5es a partir de 10\/10. Confira detalhes!<\/p>\n","protected":false},"author":7,"featured_media":272637,"comment_status":"open","ping_status":"open","sticky":false,"template":"","format":"standard","meta":{"_acf_changed":false,"_breakdance_hide_in_design_set":false,"_breakdance_tags":"","footnotes":""},"categories":[3,9,120,10,141,17,112,19,111,100,20,116,25,26,101,130,143,159,134],"tags":[62],"_amplo":[],"destaque":[],"instituicoes":[],"class_list":["post-272638","post","type-post","status-publish","format-standard","has-post-thumbnail","hentry","category-administracao","category-ciencias-contabeis","category-comunicacao-social","category-direito","category-educacao-artistica","category-farmacia","category-filosofia","category-fonoaudiologia","category-geografia","category-historia","category-letras","category-matematica","category-pedagogia","category-psicologia","category-servico-social","category-tecnico-informatica","category-tecnico-odontologia","category-tecnologia-da-informacao","category-terapia-ocupacional","tag-sao-paulo"],"acf":{"_tipo_vagas":"vagas","_numero_vagas":"","_quadro_vagas":"","_cargos":"diversos","_cargos_especificos":"","_salario_max":"R$ 5251.62","_abertura":"20251010","_encerramento":"20251102","_inscricoes":"https:\/\/www.consesp.com.br","_executora_concurso":"","_instituicao_concurso":[],"_link_adicional":null,"_anexos":null,"_produtos":null,"_vagas":"CR","_salario_min":"R$ 1639.96","_instituicao":"Prefeitura de Cristais Paulista","_edital":"https:\/\/www.agrobase.com.br\/concursos\/wp-content\/uploads\/sites\/4\/2025\/10\/edital-01-2025-prefeitura-de-cristais-paulista-sp.pdf","_anexos_edital":"https:\/\/www.agrobase.com.br\/concursos\/wp-content\/uploads\/sites\/4\/2025\/10\/anexos-edital-01-2025-prefeitura-de-cristais-paulista-sp.pdf","_fund_incompleto":"<div>\r\n<table class=\"quadro\">\r\n<thead>\r\n<tr>\r\n<th class=\"hcargo\">Cargo<\/th>\r\n<th class=\"hvagas\">Vagas<\/th>\r\n<th class=\"hremuneracao\">Remunera\u00e7\u00e3o<\/th>\r\n<\/tr>\r\n<\/thead>\r\n    <tbody>\r\n      <td class=\"ccargos\">\r\n<span data-balloon-length=\"medium\" aria-label=\"Ensino Fundamental Incompleto\" data-balloon-pos=\"up\">Auxiliar de Servi\u00e7os Gerais<\/span><\/td>\r\n<td class=\"cvagas\">CR<\/td>\r\n<td class=\"cremuneracao\">R$ 1.758,07 \/44h<\/td>\r\n<\/tr><td class=\"ccargos\">\r\n<span data-balloon-length=\"medium\" aria-label=\"Ensino Fundamental Incompleto\" data-balloon-pos=\"up\">T\u00e9cnico de Servi\u00e7os Funer\u00e1rios<\/span><\/td>\r\n<td class=\"cvagas\">CR<\/td>\r\n<td class=\"cremuneracao\">R$ 1.758,07 \/44h<\/td>\r\n<\/tr>\r\n    <\/tbody>\r\n  <\/table>\r\n<\/div>","_fund_completo":"<div>\r\n<table class=\"quadro\">\r\n<thead>\r\n<tr>\r\n<th class=\"hcargo\">Cargo<\/th>\r\n<th class=\"hvagas\">Vagas<\/th>\r\n<th class=\"hremuneracao\">Remunera\u00e7\u00e3o<\/th>\r\n<\/tr>\r\n<\/thead>\r\n    <tbody>\r\n      <td class=\"ccargos\">\r\n<span data-balloon-length=\"medium\" aria-label=\"Ensino Fundamental Completo\" data-balloon-pos=\"up\">Monitor de Transporte escolar<\/span><\/td>\r\n<td class=\"cvagas\">CR<\/td>\r\n<td class=\"cremuneracao\">R$ 1.758,07 \/44h<\/td>\r\n<\/tr><td class=\"ccargos\">\r\n<span data-balloon-length=\"medium\" aria-label=\"Ensino Fundamental Completo, com Habilita\u00e7\u00e3o D.\" data-balloon-pos=\"up\">Operador de M\u00e1quinas<\/span><\/td>\r\n<td class=\"cvagas\">CR<\/td>\r\n<td class=\"cremuneracao\">R$ 2.212,24 \/44h<\/td>\r\n<\/tr><td class=\"ccargos\">\r\n<span data-balloon-length=\"medium\" aria-label=\"Ensino Fundamental Completo\" data-balloon-pos=\"up\">Vigilante<\/span><\/td>\r\n<td class=\"cvagas\">CR<\/td>\r\n<td class=\"cremuneracao\">R$ 1.758,07 \/44h<\/td>\r\n<\/tr><td class=\"ccargos\">\r\n<span data-balloon-length=\"medium\" aria-label=\"Ensino Fundamental Completo\" data-balloon-pos=\"up\">Encanador<\/span><\/td>\r\n<td class=\"cvagas\">CR<\/td>\r\n<td class=\"cremuneracao\">R$ 1.758,07 \/44h<\/td>\r\n<\/tr>\r\n    <\/tbody>\r\n  <\/table>\r\n<\/div>","_medio":"<div>\r\n<table class=\"quadro\">\r\n<thead>\r\n<tr>\r\n<th class=\"hcargo\">Cargo<\/th>\r\n<th class=\"hvagas\">Vagas<\/th>\r\n<th class=\"hremuneracao\">Remunera\u00e7\u00e3o<\/th>\r\n<\/tr>\r\n<\/thead>\r\n    <tbody>\r\n      <td class=\"ccargos\">\r\n<span data-balloon-length=\"medium\" aria-label=\"Ensino M\u00e9dio Completo\" data-balloon-pos=\"up\">Operador T\u00e9cnico Servi\u00e7os de \u00c1gua e Esgoto<\/span><\/td>\r\n<td class=\"cvagas\">CR<\/td>\r\n<td class=\"cremuneracao\">R$ 2.197,33 \/44h<\/td>\r\n<\/tr><td class=\"ccargos\">\r\n<span data-balloon-length=\"medium\" aria-label=\"Ensino M\u00e9dio Completo com Curso T\u00e9cnico em farm\u00e1cia\" data-balloon-pos=\"up\">T\u00e9cnico em Farm\u00e1cia<\/span><\/td>\r\n<td class=\"cvagas\">CR<\/td>\r\n<td class=\"cremuneracao\">R$ 1.996,47 \/40h<\/td>\r\n<\/tr><td class=\"ccargos\">\r\n<span data-balloon-length=\"medium\" aria-label=\"Curso T\u00e9cnico em Sa\u00fade Bucal, com registro no CRO\" data-balloon-pos=\"up\">T\u00e9cnico em Higiene Bucal<\/span><\/td>\r\n<td class=\"cvagas\">CR<\/td>\r\n<td class=\"cremuneracao\">R$ 1.639,96 \/40h<\/td>\r\n<\/tr><td class=\"ccargos\">\r\n<span data-balloon-length=\"medium\" aria-label=\"Ensino M\u00e9dio Completo com Curso T\u00e9cnico na \u00e1rea de Tecnologia da Informa\u00e7\u00e3o (Inform\u00e1tica)\" data-balloon-pos=\"up\">T\u00e9cnico de Inform\u00e1tica TI<\/span><\/td>\r\n<td class=\"cvagas\">CR<\/td>\r\n<td class=\"cremuneracao\">R$ 2.889,50 \/40h<\/td>\r\n<\/tr>\r\n    <\/tbody>\r\n  <\/table>\r\n<\/div>","_superior":"<div>\r\n<table class=\"quadro\">\r\n<thead>\r\n<tr>\r\n<th class=\"hcargo\">Cargo<\/th>\r\n<th class=\"hvagas\">Vagas<\/th>\r\n<th class=\"hremuneracao\">Remunera\u00e7\u00e3o<\/th>\r\n<\/tr>\r\n<\/thead>\r\n    <tbody>\r\n      <tr>\r\n<td class=\"ccargos\">\r\n<span data-balloon-length=\"medium\" aria-label=\"Curso Superior Completo em Ci\u00eancias Cont\u00e1beis e registro no CRC\" data-balloon-pos=\"up\">Contador<\/span><\/td>\r\n<td class=\"cvagas\">CR<\/td>\r\n<td class=\"cremuneracao\">R$ 4.514,40 \/30h<\/td>\r\n<\/tr><tr>\r\n<td class=\"ccargos\">\r\n<span data-balloon-length=\"medium\" aria-label=\"Curso Superior Completo em Assist\u00eancia Social, Psicologia, Pedagogia, Direito, Administra\u00e7\u00e3o\" data-balloon-pos=\"up\">Coordenador de CRAS<\/span><\/td>\r\n<td class=\"cvagas\">CR<\/td>\r\n<td class=\"cremuneracao\">R$ 3.592,40 \/40h<\/td>\r\n<\/tr><tr>\r\n<td class=\"ccargos\">\r\n<span data-balloon-length=\"medium\" aria-label=\"Curso Superior em Farm\u00e1cia, registro v\u00e1lido no \u00f3rg\u00e3o fiscalizador\" data-balloon-pos=\"up\">Farmac\u00eautico<\/span><\/td>\r\n<td class=\"cvagas\">CR<\/td>\r\n<td class=\"cremuneracao\">R$ 3.592,40 \/30h<\/td>\r\n<\/tr><tr>\r\n<td class=\"ccargos\">\r\n<span data-balloon-length=\"medium\" aria-label=\"Curso Superior Completo em Fonoaudiologia e registro v\u00e1lido no \u00f3rg\u00e3o fiscalizador da profiss\u00e3o\" data-balloon-pos=\"up\">Fonoaudi\u00f3logo<\/span><\/td>\r\n<td class=\"cvagas\">CR<\/td>\r\n<td class=\"cremuneracao\">R$ 3.542,47 \/30h<\/td>\r\n<\/tr><tr>\r\n<td class=\"ccargos\">\r\n<span data-balloon-length=\"medium\" aria-label=\"Curso Superior em Direito e registro na OAB\" data-balloon-pos=\"up\">Procurador Jur\u00eddico<\/span><\/td>\r\n<td class=\"cvagas\">CR<\/td>\r\n<td class=\"cremuneracao\">R$ 3.592,40 \/40h<\/td>\r\n<\/tr><tr>\r\n<td class=\"ccargos\">\r\n<span data-balloon-length=\"medium\" aria-label=\"Curso Superior em Pedagogia ou Psicologia e P\u00f3s Gradua\u00e7\u00e3o em psicopedagogia\" data-balloon-pos=\"up\">Psicopedagogo<\/span><\/td>\r\n<td class=\"cvagas\">CR<\/td>\r\n<td class=\"cremuneracao\">R$ 3.356,85 \/40h<\/td>\r\n<\/tr><tr>\r\n<td class=\"ccargos\">\r\n<span data-balloon-length=\"medium\" aria-label=\"Curso Superior em Terapia Ocupacional com registro vigente no CREFITO-SP\" data-balloon-pos=\"up\">Terapeuta Ocupacional<\/span><\/td>\r\n<td class=\"cvagas\">CR<\/td>\r\n<td class=\"cremuneracao\">R$ 4.800,00 \/30h<\/td>\r\n<\/tr><tr>\r\n<td class=\"ccargos\">\r\n<span data-balloon-length=\"medium\" aria-label=\"Licenciatura Plena em Pedagogia ou Supervis\u00e3o Escolar e Certificado devidamente registrado pelo \u00f3rg\u00e3o competente, experi\u00eancia m\u00ednima de 3 anos no magist\u00e9rio comprovada devidamente\" data-balloon-pos=\"up\">Coordenador Pedag\u00f3gico<\/span><\/td>\r\n<td class=\"cvagas\">CR<\/td>\r\n<td class=\"cremuneracao\">R$ 5.251,62 \/40h<\/td>\r\n<\/tr><tr>\r\n<td class=\"ccargos\">\r\n<span data-balloon-length=\"medium\" aria-label=\"Licenciatura Plena em Pedagogia com Habilita\u00e7\u00e3o em administra\u00e7\u00e3o escolar ou P\u00f3s Gradua\u00e7\u00e3o na \u00e1rea de educa\u00e7\u00e3o, com pelo menos 5 anos de experi\u00eancia no magist\u00e9rio e devidamente comprovado\" data-balloon-pos=\"up\">Diretor de Escola<\/span><\/td>\r\n<td class=\"cvagas\">CR<\/td>\r\n<td class=\"cremuneracao\">R$ 5.178,35 \/40h<\/td>\r\n<\/tr><tr>\r\n<td class=\"ccargos\">\r\n<span data-balloon-length=\"medium\" aria-label=\"Curso Normal Superior ou Licenciatura em Pedagogia\" data-balloon-pos=\"up\">Professor de Educa\u00e7\u00e3o B\u00e1sica I<\/span><\/td>\r\n<td class=\"cvagas\">CR<\/td>\r\n<td class=\"cremuneracao\">R$ 3.938,71 \/30h<\/td>\r\n<\/tr><tr>\r\n<td class=\"ccargos\">\r\n<span data-balloon-length=\"medium\" aria-label=\"Licenciatura plena em Artes\" data-balloon-pos=\"up\">Professor de Educa\u00e7\u00e3o B\u00e1sica II - Artes<\/span><\/td>\r\n<td class=\"cvagas\">CR<\/td>\r\n<td class=\"cremuneracao\">R$ 27,66 \/Hora\/aula<\/td>\r\n<\/tr><tr>\r\n<td class=\"ccargos\">\r\n<span data-balloon-length=\"medium\" aria-label=\"Licenciatura plena em Hist\u00f3ria\" data-balloon-pos=\"up\">Professor de Educa\u00e7\u00e3o B\u00e1sica II - Filosofia<\/span><\/td>\r\n<td class=\"cvagas\">CR<\/td>\r\n<td class=\"cremuneracao\">R$ 27,66 \/Hora\/aula<\/td>\r\n<\/tr><tr>\r\n<td class=\"ccargos\">\r\n<span data-balloon-length=\"medium\" aria-label=\"Licenciatura plena em Geografia\" data-balloon-pos=\"up\">Professor de Educa\u00e7\u00e3o B\u00e1sica II - Geografia<\/span><\/td>\r\n<td class=\"cvagas\">CR<\/td>\r\n<td class=\"cremuneracao\">R$ 27,66 \/Hora\/aula<\/td>\r\n<\/tr><tr>\r\n<td class=\"ccargos\">\r\n<span data-balloon-length=\"medium\" aria-label=\"Licenciatura em Hist\u00f3ria\" data-balloon-pos=\"up\">Professor de Educa\u00e7\u00e3o B\u00e1sica II - Hist\u00f3ria<\/span><\/td>\r\n<td class=\"cvagas\">CR<\/td>\r\n<td class=\"cremuneracao\">R$ 27,66 \/Hora\/aula<\/td>\r\n<\/tr><tr>\r\n<td class=\"ccargos\">\r\n<span data-balloon-length=\"medium\" aria-label=\"Licenciatura em Inform\u00e1tica\" data-balloon-pos=\"up\">Professor de Educa\u00e7\u00e3o B\u00e1sica II - Inform\u00e1tica<\/span><\/td>\r\n<td class=\"cvagas\">CR<\/td>\r\n<td class=\"cremuneracao\">R$ 27,66 \/Hora\/aula<\/td>\r\n<\/tr><tr>\r\n<td class=\"ccargos\">\r\n<span data-balloon-length=\"medium\" aria-label=\"Licenciatura em Matem\u00e1tica\" data-balloon-pos=\"up\">Professor de Educa\u00e7\u00e3o B\u00e1sica II - Matem\u00e1tica<\/span><\/td>\r\n<td class=\"cvagas\">CR<\/td>\r\n<td class=\"cremuneracao\">R$ 27,66 \/Hora\/aula<\/td>\r\n<\/tr><tr>\r\n<td class=\"ccargos\">\r\n<span data-balloon-length=\"medium\" aria-label=\"Licenciatura em L\u00edngua Portuguesa\" data-balloon-pos=\"up\">Professor de Educa\u00e7\u00e3o B\u00e1sica II - L\u00edngua Portuguesa<\/span><\/td>\r\n<td class=\"cvagas\">CR<\/td>\r\n<td class=\"cremuneracao\">R$ 27,66 \/Hora\/aula<\/td>\r\n<\/tr>\r\n    <\/tbody>\r\n  <\/table>\r\n<\/div>"},"_links":{"self":[{"href":"https:\/\/www.agrobase.com.br\/concursos\/wp-json\/wp\/v2\/posts\/272638","targetHints":{"allow":["GET"]}}],"collection":[{"href":"https:\/\/www.agrobase.com.br\/concursos\/wp-json\/wp\/v2\/posts"}],"about":[{"href":"https:\/\/www.agrobase.com.br\/concursos\/wp-json\/wp\/v2\/types\/post"}],"author":[{"embeddable":true,"href":"https:\/\/www.agrobase.com.br\/concursos\/wp-json\/wp\/v2\/users\/7"}],"replies":[{"embeddable":true,"href":"https:\/\/www.agrobase.com.br\/concursos\/wp-json\/wp\/v2\/comments?post=272638"}],"version-history":[{"count":1,"href":"https:\/\/www.agrobase.com.br\/concursos\/wp-json\/wp\/v2\/posts\/272638\/revisions"}],"predecessor-version":[{"id":272640,"href":"https:\/\/www.agrobase.com.br\/concursos\/wp-json\/wp\/v2\/posts\/272638\/revisions\/272640"}],"wp:featuredmedia":[{"embeddable":true,"href":"https:\/\/www.agrobase.com.br\/concursos\/wp-json\/wp\/v2\/media\/272637"}],"wp:attachment":[{"href":"https:\/\/www.agrobase.com.br\/concursos\/wp-json\/wp\/v2\/media?parent=272638"}],"wp:term":[{"taxonomy":"category","embeddable":true,"href":"https:\/\/www.agrobase.com.br\/concursos\/wp-json\/wp\/v2\/categories?post=272638"},{"taxonomy":"post_tag","embeddable":true,"href":"https:\/\/www.agrobase.com.br\/concursos\/wp-json\/wp\/v2\/tags?post=272638"},{"taxonomy":"_amplo","embeddable":true,"href":"https:\/\/www.agrobase.com.br\/concursos\/wp-json\/wp\/v2\/_amplo?post=272638"},{"taxonomy":"destaque","embeddable":true,"href":"https:\/\/www.agrobase.com.br\/concursos\/wp-json\/wp\/v2\/destaque?post=272638"},{"taxonomy":"instituicoes","embeddable":true,"href":"https:\/\/www.agrobase.com.br\/concursos\/wp-json\/wp\/v2\/instituicoes?post=272638"}],"curies":[{"name":"wp","href":"https:\/\/api.w.org\/{rel}","templated":true}]}}