{"id":272632,"date":"2025-10-16T07:40:36","date_gmt":"2025-10-16T10:40:36","guid":{"rendered":"https:\/\/www.agrobase.com.br\/concursos\/?p=272632"},"modified":"2025-10-15T13:11:41","modified_gmt":"2025-10-15T16:11:41","slug":"prefeitura-abelardo-luz-sc-selecao-publica-02-2025","status":"publish","type":"post","link":"https:\/\/www.agrobase.com.br\/concursos\/2025\/prefeitura-abelardo-luz-sc-selecao-publica-02-2025\/","title":{"rendered":"Prefeitura Abelardo Luz (SC) &#8211; Sele\u00e7\u00e3o P\u00fablica 02\/2025"},"content":{"rendered":"<h2>Informa\u00e7\u00f5es Gerais<\/h2>\n<p>O Munic\u00edpio de Abelardo Luz, em Santa Catarina, publicou o edital do <strong>Processo Seletivo P\u00fablico 2025<\/strong>, com objetivo de preencher vagas tempor\u00e1rias e formar cadastro de reserva para diversos cargos no Executivo Municipal. O certame \u00e9 regido por edital pr\u00f3prio e ser\u00e1 executado pela banca <strong>WE DO CONCURSOS<\/strong>, sob supervis\u00e3o da Comiss\u00e3o Especial designada para o processo.<\/p>\n<p>As contrata\u00e7\u00f5es ocorrer\u00e3o em regime <strong>tempor\u00e1rio<\/strong>, contemplando candidatos com escolaridade desde o n\u00edvel fundamental incompleto at\u00e9 o superior. As oportunidades abrangem \u00e1reas administrativas, operacionais, educacionais e da sa\u00fade, com destaque para cargos nas \u00e1reas de <strong>Nutri\u00e7\u00e3o<\/strong> e <strong>Farm\u00e1cia<\/strong>, de interesse especial para profissionais da sa\u00fade e alimenta\u00e7\u00e3o.<\/p>\n<p>Com sal\u00e1rios que variam de R$ 1.729,27 a R$ 5.210,32, o processo seletivo oferece oportunidades em diferentes comunidades do munic\u00edpio, incluindo zona urbana e rural. Continue a leitura para saber como se inscrever, quais s\u00e3o as etapas e como acompanhar os resultados.<\/p>\n<h2>Inscri\u00e7\u00f5es<\/h2>\n<p>As inscri\u00e7\u00f5es para o Processo Seletivo P\u00fablico de Abelardo Luz est\u00e3o <strong>abertas<\/strong> e devem ser realizadas exclusivamente <strong>via internet<\/strong>, por meio do site <a href=\"https:\/\/www.wedoconcursos.com.br\" target=\"_blank\" rel=\"noopener\">www.wedoconcursos.com.br<\/a>, entre os dias <strong>13 de outubro de 2025, \u00e0s 14h<\/strong>, e <strong>01 de novembro de 2025, \u00e0s 14h<\/strong>.<\/p>\n<p>As taxas de inscri\u00e7\u00e3o variam conforme o n\u00edvel de escolaridade exigido para o cargo. O pagamento deve ser feito por <strong>boleto banc\u00e1rio<\/strong>, gerado no ato da inscri\u00e7\u00e3o, e quitado at\u00e9 a data limite prevista no cronograma. N\u00e3o s\u00e3o aceitos pagamentos via PIX, agendamento ou carteiras digitais. Recomenda-se aten\u00e7\u00e3o especial ao hor\u00e1rio de compensa\u00e7\u00e3o banc\u00e1ria no \u00faltimo dia.<\/p>\n<p>Pedidos de <strong>isen\u00e7\u00e3o da taxa<\/strong>, inscri\u00e7\u00e3o para vagas reservadas a <strong>Pessoas com Defici\u00eancia (PcD)<\/strong>, atendimento especial para provas ou uso de <strong>nome social<\/strong> devem ser solicitados durante o per\u00edodo de inscri\u00e7\u00e3o, com envio da documenta\u00e7\u00e3o exigida diretamente na \u00e1rea do candidato.<\/p>\n<p>Ap\u00f3s o envio do formul\u00e1rio, o candidato deve acompanhar a situa\u00e7\u00e3o da inscri\u00e7\u00e3o na \u00e1rea restrita do site da banca. A confirma\u00e7\u00e3o da inscri\u00e7\u00e3o depende da compensa\u00e7\u00e3o banc\u00e1ria do boleto. Em caso de indeferimento, ser\u00e1 poss\u00edvel interpor recurso conforme orienta\u00e7\u00f5es do edital.<\/p>\n<p>Para mais detalhes sobre valores, prazos e procedimentos, \u00e9 essencial a leitura atenta do edital completo dispon\u00edvel no site da organizadora.<\/p>\n<h2>Etapas e Provas<\/h2>\n<p>O processo seletivo ser\u00e1 composto por at\u00e9 tr\u00eas etapas, conforme o cargo pretendido:<\/p>\n<ul>\n<li><strong>Prova Objetiva<\/strong> \u2013 <em>eliminat\u00f3ria e classificat\u00f3ria<\/em>: aplicada a todos os cargos, com 20 quest\u00f5es de m\u00faltipla escolha, abrangendo disciplinas como L\u00edngua Portuguesa, Matem\u00e1tica e Racioc\u00ednio L\u00f3gico, Legisla\u00e7\u00e3o, Conhecimentos Gerais e Atualidades, e Conhecimentos Espec\u00edficos. A prova ter\u00e1 dura\u00e7\u00e3o de 2 horas. Ser\u00e1 considerado aprovado o candidato que obtiver no m\u00ednimo 30% de acertos e n\u00e3o zerar em Conhecimentos Espec\u00edficos.<\/li>\n<li><strong>Prova Pr\u00e1tica<\/strong> \u2013 <em>eliminat\u00f3ria<\/em>: exclusiva para os cargos de <strong>Operador de M\u00e1quinas<\/strong> e <strong>Motorista de Ambul\u00e2ncia<\/strong>. Avalia habilidades t\u00e9cnicas em tarefas espec\u00edficas da fun\u00e7\u00e3o, com nota m\u00ednima de 30 pontos em uma escala de 0 a 60. A prova ser\u00e1 realizada no mesmo dia da objetiva.<\/li>\n<li><strong>Prova de T\u00edtulos<\/strong> \u2013 <em>classificat\u00f3ria<\/em>: aplicada apenas aos candidatos aos cargos de <strong>Professor Habilitado<\/strong>. A pontua\u00e7\u00e3o m\u00e1xima \u00e9 de 5 pontos, conforme crit\u00e9rios definidos no edital.<\/li>\n<\/ul>\n<p>As provas objetivas ser\u00e3o corrigidas por leitura \u00f3ptica e n\u00e3o ser\u00e3o aceitas folhas de resposta com rasuras, marca\u00e7\u00f5es incorretas ou fora do padr\u00e3o. A prova pr\u00e1tica poder\u00e1 ser filmada e ser\u00e1 avaliada por banca especializada, com crit\u00e9rios objetivos e penaliza\u00e7\u00f5es por faltas leves, m\u00e9dias, graves e eliminat\u00f3rias.<\/p>\n<p>Recomenda-se a leitura atenta do edital para conhecer os conte\u00fados program\u00e1ticos, crit\u00e9rios de avalia\u00e7\u00e3o e regras espec\u00edficas de cada etapa.<\/p>\n<h2>Resultados e Gabarito<\/h2>\n<p>Os resultados do processo seletivo ser\u00e3o divulgados em etapas, conforme o cronograma oficial. Ap\u00f3s a aplica\u00e7\u00e3o da prova objetiva, ser\u00e1 publicado o <strong>gabarito preliminar<\/strong>, com prazo para interposi\u00e7\u00e3o de recursos. Em seguida, ser\u00e1 divulgado o <strong>gabarito definitivo<\/strong> e a <strong>nota da prova objetiva<\/strong>.<\/p>\n<p>Para os cargos com prova pr\u00e1tica, os resultados ser\u00e3o divulgados apenas para os candidatos aprovados na prova objetiva. A nota final ser\u00e1 a soma das pontua\u00e7\u00f5es obtidas nas etapas aplic\u00e1veis a cada cargo.<\/p>\n<p>Os crit\u00e9rios de <strong>desempate<\/strong> incluem: idade igual ou superior a 60 anos, maior n\u00famero de acertos em Conhecimentos Espec\u00edficos, Legisla\u00e7\u00e3o, L\u00edngua Portuguesa, Matem\u00e1tica e Atualidades, exerc\u00edcio da fun\u00e7\u00e3o de jurado e maior idade (dia, m\u00eas e ano).<\/p>\n<p>Ser\u00e3o divulgadas listas de classifica\u00e7\u00e3o provis\u00f3ria para ampla concorr\u00eancia e para candidatos com defici\u00eancia. Ap\u00f3s o per\u00edodo de recursos, ser\u00e1 publicada a <strong>classifica\u00e7\u00e3o final definitiva<\/strong>, com homologa\u00e7\u00e3o do resultado.<\/p>\n<p>A <strong>homologa\u00e7\u00e3o final<\/strong> ser\u00e1 publicada nos meios oficiais previstos no edital. A partir disso, as <strong>convoca\u00e7\u00f5es<\/strong> ser\u00e3o realizadas exclusivamente pelo Munic\u00edpio de Abelardo Luz. \u00c9 responsabilidade do candidato acompanhar todas as publica\u00e7\u00f5es no site da banca organizadora e no Di\u00e1rio Oficial.<\/p>\n","protected":false},"excerpt":{"rendered":"<p>Sel. P\u00fablica Pref. Abelardo Luz (SC) com edital publicado! Vagas p\/ Professor e mais (Fund. a Sup.). Inscri\u00e7\u00f5es a partir de 13\/10. Sal\u00e1rios at\u00e9 R$ 5.2k. Confira detalhes!<\/p>\n","protected":false},"author":7,"featured_media":272631,"comment_status":"open","ping_status":"open","sticky":false,"template":"","format":"standard","meta":{"_acf_changed":false,"_breakdance_hide_in_design_set":false,"_breakdance_tags":"","footnotes":""},"categories":[6433,6434,17,112,111,100,6871,23,25,26,101,134],"tags":[61],"_amplo":[],"destaque":[],"instituicoes":[],"class_list":["post-272632","post","type-post","status-publish","format-standard","has-post-thumbnail","hentry","category-biologia-licenciatura","category-educacao-fisica-licenciatura","category-farmacia","category-filosofia","category-geografia","category-historia","category-letras-ingles","category-nutricao","category-pedagogia","category-psicologia","category-servico-social","category-terapia-ocupacional","tag-santa-catarina"],"acf":{"_tipo_vagas":"vagas","_numero_vagas":"","_quadro_vagas":"","_cargos":"diversos","_cargos_especificos":"","_salario_max":"R$ 5210.32","_abertura":"20251013","_encerramento":"20251101","_inscricoes":"https:\/\/www.wedoconcursos.com.br","_executora_concurso":"","_instituicao_concurso":[],"_link_adicional":null,"_anexos":null,"_produtos":null,"_vagas":"CR","_salario_min":"R$ 1729.27","_instituicao":"Prefeitura de Abelardo Luz","_edital":"https:\/\/www.agrobase.com.br\/concursos\/wp-content\/uploads\/sites\/4\/2025\/10\/edital-02-2025-prefeitura-de-abelardo-luz-sc.pdf","_anexos_edital":"https:\/\/www.agrobase.com.br\/concursos\/wp-content\/uploads\/sites\/4\/2025\/10\/anexos-edital-02-2025-prefeitura-de-abelardo-luz-sc.pdf","_fund_incompleto":"<div>\r\n<table class=\"quadro\">\r\n<thead>\r\n<tr>\r\n<th class=\"hcargo\">Cargo<\/th>\r\n<th class=\"hvagas\">Vagas<\/th>\r\n<th class=\"hremuneracao\">Remunera\u00e7\u00e3o<\/th>\r\n<\/tr>\r\n<\/thead>\r\n    <tbody>\r\n      <td class=\"ccargos\">\r\n<span data-balloon-length=\"medium\" aria-label=\"Alfabetiza\u00e7\u00e3o, residir na \u00e1rea da comunidade em que atuar\" data-balloon-pos=\"up\">Agente de Limpeza Copa e Cozinha - 25 de Maio<\/span><\/td>\r\n<td class=\"cvagas\">CR<\/td>\r\n<td class=\"cremuneracao\">R$ 2.100,25 \/40h<\/td>\r\n<\/tr><td class=\"ccargos\">\r\n<span data-balloon-length=\"medium\" aria-label=\"Alfabetiza\u00e7\u00e3o, residir na \u00e1rea da comunidade em que atuar\" data-balloon-pos=\"up\">Agente de Limpeza Copa e Cozinha - Jos\u00e9 Maria<\/span><\/td>\r\n<td class=\"cvagas\">CR<\/td>\r\n<td class=\"cremuneracao\">R$ 2.100,25 \/40h<\/td>\r\n<\/tr><td class=\"ccargos\">\r\n<span data-balloon-length=\"medium\" aria-label=\"Alfabetiza\u00e7\u00e3o, residir na \u00e1rea da comunidade em que atuar\" data-balloon-pos=\"up\">Agente de Limpeza Copa e Cozinha - Ara\u00e7\u00e1<\/span><\/td>\r\n<td class=\"cvagas\">CR<\/td>\r\n<td class=\"cremuneracao\">R$ 2.100,25 \/40h<\/td>\r\n<\/tr><td class=\"ccargos\">\r\n<span data-balloon-length=\"medium\" aria-label=\"Alfabetiza\u00e7\u00e3o, residir na \u00e1rea da comunidade em que atuar\" data-balloon-pos=\"up\">Agente de Limpeza Copa e Cozinha - Alegre do Marco<\/span><\/td>\r\n<td class=\"cvagas\">CR<\/td>\r\n<td class=\"cremuneracao\">R$ 2.100,25 \/40h<\/td>\r\n<\/tr><td class=\"ccargos\">\r\n<span data-balloon-length=\"medium\" aria-label=\"Alfabetiza\u00e7\u00e3o, residir na \u00e1rea da comunidade em que atuar\" data-balloon-pos=\"up\">Agente de Limpeza Copa e Cozinha - Toldo Imbu<\/span><\/td>\r\n<td class=\"cvagas\">CR<\/td>\r\n<td class=\"cremuneracao\">R$ 2.100,25 \/40h<\/td>\r\n<\/tr><td class=\"ccargos\">\r\n<span data-balloon-length=\"medium\" aria-label=\"Alfabetiza\u00e7\u00e3o e preencher os requisitos do art. 144, do CTB. (Categoria C)\" data-balloon-pos=\"up\">Operador de M\u00e1quinas<\/span><\/td>\r\n<td class=\"cvagas\">CR<\/td>\r\n<td class=\"cremuneracao\">R$ 2.940,34 \/40h<\/td>\r\n<\/tr>\r\n    <\/tbody>\r\n  <\/table>\r\n<\/div>","_fund_completo":"<div>\r\n<table class=\"quadro\">\r\n<thead>\r\n<tr>\r\n<th class=\"hcargo\">Cargo<\/th>\r\n<th class=\"hvagas\">Vagas<\/th>\r\n<th class=\"hremuneracao\">Remunera\u00e7\u00e3o<\/th>\r\n<\/tr>\r\n<\/thead>\r\n    <tbody>\r\n      <td class=\"ccargos\">\r\n<span data-balloon-length=\"medium\" data-balloon-pos=\"up\">Motorista Ambul\u00e2ncia 25 de Maio<\/span><\/td>\r\n<td class=\"cvagas\">CR<\/td>\r\n<td class=\"cremuneracao\">R$ 2.239,56 \/40h<\/td>\r\n<\/tr>\r\n    <\/tbody>\r\n  <\/table>\r\n<\/div>","_medio":"<div>\r\n<table class=\"quadro\">\r\n<thead>\r\n<tr>\r\n<th class=\"hcargo\">Cargo<\/th>\r\n<th class=\"hvagas\">Vagas<\/th>\r\n<th class=\"hremuneracao\">Remunera\u00e7\u00e3o<\/th>\r\n<\/tr>\r\n<\/thead>\r\n    <tbody>\r\n      <td class=\"ccargos\">\r\n<span data-balloon-length=\"medium\" aria-label=\"Ensino M\u00e9dio Completo\" data-balloon-pos=\"up\">Agente Administrativo<\/span><\/td>\r\n<td class=\"cvagas\">CR<\/td>\r\n<td class=\"cremuneracao\">R$ 2.600,00 \/40h<\/td>\r\n<\/tr>\r\n    <\/tbody>\r\n  <\/table>\r\n<\/div>","_superior":"<div>\r\n<table class=\"quadro\">\r\n<thead>\r\n<tr>\r\n<th class=\"hcargo\">Cargo<\/th>\r\n<th class=\"hvagas\">Vagas<\/th>\r\n<th class=\"hremuneracao\">Remunera\u00e7\u00e3o<\/th>\r\n<\/tr>\r\n<\/thead>\r\n    <tbody>\r\n      <tr>\r\n<td class=\"ccargos\">\r\n<span data-balloon-length=\"medium\" aria-label=\"HABILITADO: Licenciatura em Pedagogia com Habilita\u00e7\u00e3o em Ed. Infantil, Licenciatura em Pedagogia com complementa\u00e7\u00e3o em educa\u00e7\u00e3o Infantil. N\u00c3O HABILITADO: Cursando a partir do 3\u00ba per\u00edodo Pedagogia com Habilita\u00e7\u00e3o em Ed. Infantil.\" data-balloon-pos=\"up\">Professor Educa\u00e7\u00e3o Infantil<\/span><\/td>\r\n<td class=\"cvagas\">1+CR<\/td>\r\n<td class=\"cremuneracao\">R$ 2.470,39 \/20h<\/td>\r\n<\/tr><tr>\r\n<td class=\"ccargos\">\r\n<span data-balloon-length=\"medium\" aria-label=\"HABILITADO: Licenciatura em Pedagogia com Habilita\u00e7\u00e3o em Ed. Infantil, Licenciatura em Pedagogia com complementa\u00e7\u00e3o em educa\u00e7\u00e3o Infantil. N\u00c3O HABILITADO: Cursando a partir do 3\u00ba per\u00edodo Pedagogia com Habilita\u00e7\u00e3o em Ed. Infantil.\" data-balloon-pos=\"up\">Professor Educa\u00e7\u00e3o Infantil Toldo Imbu<\/span><\/td>\r\n<td class=\"cvagas\">CR<\/td>\r\n<td class=\"cremuneracao\">R$ 2.470,39 \/20h<\/td>\r\n<\/tr><tr>\r\n<td class=\"ccargos\">\r\n<span data-balloon-length=\"medium\" aria-label=\"HABILITADO: Licenciatura em Pedagogia. N\u00c3O HABILITADO: Cursando a partir do 3\u00ba per\u00edodo Pedagogia com Habilita\u00e7\u00e3o em Ed. Infantil.\" data-balloon-pos=\"up\">Professor Ensino Fundamental (1\u00ba a 5\u00ba ano)<\/span><\/td>\r\n<td class=\"cvagas\">1+CR<\/td>\r\n<td class=\"cremuneracao\">R$ 2.470,39 \/20h<\/td>\r\n<\/tr><tr>\r\n<td class=\"ccargos\">\r\n<span data-balloon-length=\"medium\" aria-label=\"HABILITADO: Licenciatura Plena em Geografia. N\u00c3O HABILITADO: Cursando a partir do 3\u00ba per\u00edodo Licenciatura Plena em Geografia\" data-balloon-pos=\"up\">Professor Ensino Fundamental (6\u00ba a 9\u00ba ano) - Geografia<\/span><\/td>\r\n<td class=\"cvagas\">1+CR<\/td>\r\n<td class=\"cremuneracao\">R$ 2.470,39 \/20h<\/td>\r\n<\/tr><tr>\r\n<td class=\"ccargos\">\r\n<span data-balloon-length=\"medium\" aria-label=\"HABILITADO: Licenciatura Plena em Hist\u00f3ria. N\u00c3O HABILITADO: Cursando a partir do 3\u00ba per\u00edodo Licenciatura Plena em Hist\u00f3ria\" data-balloon-pos=\"up\">Professor Ensino Fundamental (6\u00ba a 9\u00ba ano) - Hist\u00f3ria<\/span><\/td>\r\n<td class=\"cvagas\">1+CR<\/td>\r\n<td class=\"cremuneracao\">R$ 2.470,39 \/20h<\/td>\r\n<\/tr><tr>\r\n<td class=\"ccargos\">\r\n<span data-balloon-length=\"medium\" aria-label=\"HABILITADO: Licenciatura Plena em Ci\u00eancias. N\u00c3O HABILITADO: Cursando a partir do 3\u00ba per\u00edodo Licenciatura Plena em Ci\u00eancias\" data-balloon-pos=\"up\">Professor Ensino Fundamental (6\u00ba a 9\u00ba ano) \u2013 Ci\u00eancias<\/span><\/td>\r\n<td class=\"cvagas\">CR<\/td>\r\n<td class=\"cremuneracao\">R$ 2.470,39 \/20h<\/td>\r\n<\/tr><tr>\r\n<td class=\"ccargos\">\r\n<span data-balloon-length=\"medium\" aria-label=\"HABILITADO: Licenciatura Plena em Matem\u00e1tica. N\u00c3O HABILITADO: Cursando a partir do 3\u00ba per\u00edodo Licenciatura Plena em Matem\u00e1tica\" data-balloon-pos=\"up\">Professor Ensino Fundamental (6\u00ba a 9\u00ba ano) - Matem\u00e1tica<\/span><\/td>\r\n<td class=\"cvagas\">CR<\/td>\r\n<td class=\"cremuneracao\">R$ 2.470,39 \/20h<\/td>\r\n<\/tr><tr>\r\n<td class=\"ccargos\">\r\n<span data-balloon-length=\"medium\" aria-label=\"HABILITADO: Licenciatura Plena em L\u00edngua Portuguesa. N\u00c3O HABILITADO: Cursando a partir do 3\u00ba per\u00edodo Licenciatura Plena em L\u00edngua Portuguesa\" data-balloon-pos=\"up\">Professor Ensino Fundamental (6\u00ba a 9\u00ba ano) - L\u00edngua Portuguesa<\/span><\/td>\r\n<td class=\"cvagas\">1+CR<\/td>\r\n<td class=\"cremuneracao\">R$ 2.470,39 \/20h<\/td>\r\n<\/tr><tr>\r\n<td class=\"ccargos\">\r\n<span data-balloon-length=\"medium\" aria-label=\"HABILITADO: Licenciatura Plena em Educa\u00e7\u00e3o Especial. N\u00c3O HABILITADO: Cursando a partir do 3\u00ba per\u00edodo Licenciatura Plena em Educa\u00e7\u00e3o Especial\" data-balloon-pos=\"up\">Professor Educa\u00e7\u00e3o Especial<\/span><\/td>\r\n<td class=\"cvagas\">1+CR<\/td>\r\n<td class=\"cremuneracao\">R$ 2.470,39 \/20h<\/td>\r\n<\/tr><tr>\r\n<td class=\"ccargos\">\r\n<span data-balloon-length=\"medium\" aria-label=\"HABILITADO: Licenciatura Plena em Artes ou Artes Visuais. N\u00c3O HABILITADO: Cursando a partir do 3\u00ba per\u00edodo Licenciatura Plena em Artes ou Artes Visuais\" data-balloon-pos=\"up\">Professor de Artes<\/span><\/td>\r\n<td class=\"cvagas\">1+CR<\/td>\r\n<td class=\"cremuneracao\">R$ 2.470,39 \/20h<\/td>\r\n<\/tr><tr>\r\n<td class=\"ccargos\">\r\n<span data-balloon-length=\"medium\" aria-label=\"HABILITADO: Licenciatura em Educa\u00e7\u00e3o F\u00edsica e registro no CREF ativo. N\u00c3O HABILITADO: Cursando a partir do 3\u00ba per\u00edodo Licenciatura em Educa\u00e7\u00e3o F\u00edsica\" data-balloon-pos=\"up\">Professor Educa\u00e7\u00e3o F\u00edsica<\/span><\/td>\r\n<td class=\"cvagas\">1+CR<\/td>\r\n<td class=\"cremuneracao\">R$ 2.470,39 \/20h<\/td>\r\n<\/tr><tr>\r\n<td class=\"ccargos\">\r\n<span data-balloon-length=\"medium\" aria-label=\"HABILITADO: Licenciatura Plena em L\u00edngua Inglesa. N\u00c3O HABILITADO: Cursando a partir do 3\u00ba per\u00edodo Licenciatura Plena em L\u00edngua Inglesa\" data-balloon-pos=\"up\">Professor Ingl\u00eas<\/span><\/td>\r\n<td class=\"cvagas\">1+CR<\/td>\r\n<td class=\"cremuneracao\">R$ 2.470,39 \/20h<\/td>\r\n<\/tr><tr>\r\n<td class=\"ccargos\">\r\n<span data-balloon-length=\"medium\" aria-label=\"HABILITADO: Licenciatura Plena em Filosofia. N\u00c3O HABILITADO: Cursando a partir do 3\u00ba per\u00edodo Licenciatura Plena em Filosofia\" data-balloon-pos=\"up\">Professor Filosofia<\/span><\/td>\r\n<td class=\"cvagas\">CR<\/td>\r\n<td class=\"cremuneracao\">R$ 2.470,39 \/20h<\/td>\r\n<\/tr><tr>\r\n<td class=\"ccargos\">\r\n<span data-balloon-length=\"medium\" aria-label=\"Portador de Diploma de N\u00edvel Superior em Psicologia com registro no \u00f3rg\u00e3o competente.\" data-balloon-pos=\"up\">Psic\u00f3logo Educacional<\/span><\/td>\r\n<td class=\"cvagas\">CR<\/td>\r\n<td class=\"cremuneracao\">R$ 5.210,32 \/40h<\/td>\r\n<\/tr><tr>\r\n<td class=\"ccargos\">\r\n<span data-balloon-length=\"medium\" aria-label=\"Portador de Diploma de N\u00edvel Superior em Servi\u00e7o Social com registro no \u00f3rg\u00e3o competente.\" data-balloon-pos=\"up\">Assistente Social Educacional<\/span><\/td>\r\n<td class=\"cvagas\">CR<\/td>\r\n<td class=\"cremuneracao\">R$ 5.210,32 \/30h<\/td>\r\n<\/tr><tr>\r\n<td class=\"ccargos\">\r\n<span data-balloon-length=\"medium\" aria-label=\"Portado de Diploma de N\u00edvel Superior em Psicopedagogia\" data-balloon-pos=\"up\">Psicopedagogo Educacional<\/span><\/td>\r\n<td class=\"cvagas\">CR<\/td>\r\n<td class=\"cremuneracao\">R$ 5.210,32 \/40h<\/td>\r\n<\/tr><tr>\r\n<td class=\"ccargos\">\r\n<span data-balloon-length=\"medium\" aria-label=\"Portado de Diploma de N\u00edvel Superior em Terapia ocupacional\" data-balloon-pos=\"up\">Terapeuta Ocupacional<\/span><\/td>\r\n<td class=\"cvagas\">CR<\/td>\r\n<td class=\"cremuneracao\">R$ 5.210,32 \/40h<\/td>\r\n<\/tr><tr>\r\n<td class=\"ccargos\">\r\n<span data-balloon-length=\"medium\" aria-label=\"Portador de Diploma de Bacharel em Farm\u00e1cia, com Registro no \u00d3rg\u00e3o Fiscalizador da Profiss\u00e3o.\" data-balloon-pos=\"up\">Farmac\u00eautico<\/span><\/td>\r\n<td class=\"cvagas\">1+CR<\/td>\r\n<td class=\"cremuneracao\">R$ 5.210,32 \/40h<\/td>\r\n<\/tr><tr>\r\n<td class=\"ccargos\">\r\n<span data-balloon-length=\"medium\" aria-label=\"Portador de Diploma de Bacharel em Nutri\u00e7\u00e3o, com Registro no \u00d3rg\u00e3o Fiscalizador da Profiss\u00e3o.\" data-balloon-pos=\"up\">Nutricionista - NASF<\/span><\/td>\r\n<td class=\"cvagas\">1+CR<\/td>\r\n<td class=\"cremuneracao\">R$ 5.210,32 \/40h<\/td>\r\n<\/tr><tr>\r\n<td class=\"ccargos\">\r\n<span data-balloon-length=\"medium\" aria-label=\"Portador de Diploma de Bacharel em Nutri\u00e7\u00e3o, com Registro no \u00d3rg\u00e3o Fiscalizador da Profiss\u00e3o.\" data-balloon-pos=\"up\">Nutricionista - Educa\u00e7\u00e3o<\/span><\/td>\r\n<td class=\"cvagas\">CR<\/td>\r\n<td class=\"cremuneracao\">R$ 5.210,32 \/40h<\/td>\r\n<\/tr>\r\n    <\/tbody>\r\n  <\/table>\r\n<\/div>"},"_links":{"self":[{"href":"https:\/\/www.agrobase.com.br\/concursos\/wp-json\/wp\/v2\/posts\/272632","targetHints":{"allow":["GET"]}}],"collection":[{"href":"https:\/\/www.agrobase.com.br\/concursos\/wp-json\/wp\/v2\/posts"}],"about":[{"href":"https:\/\/www.agrobase.com.br\/concursos\/wp-json\/wp\/v2\/types\/post"}],"author":[{"embeddable":true,"href":"https:\/\/www.agrobase.com.br\/concursos\/wp-json\/wp\/v2\/users\/7"}],"replies":[{"embeddable":true,"href":"https:\/\/www.agrobase.com.br\/concursos\/wp-json\/wp\/v2\/comments?post=272632"}],"version-history":[{"count":3,"href":"https:\/\/www.agrobase.com.br\/concursos\/wp-json\/wp\/v2\/posts\/272632\/revisions"}],"predecessor-version":[{"id":272642,"href":"https:\/\/www.agrobase.com.br\/concursos\/wp-json\/wp\/v2\/posts\/272632\/revisions\/272642"}],"wp:featuredmedia":[{"embeddable":true,"href":"https:\/\/www.agrobase.com.br\/concursos\/wp-json\/wp\/v2\/media\/272631"}],"wp:attachment":[{"href":"https:\/\/www.agrobase.com.br\/concursos\/wp-json\/wp\/v2\/media?parent=272632"}],"wp:term":[{"taxonomy":"category","embeddable":true,"href":"https:\/\/www.agrobase.com.br\/concursos\/wp-json\/wp\/v2\/categories?post=272632"},{"taxonomy":"post_tag","embeddable":true,"href":"https:\/\/www.agrobase.com.br\/concursos\/wp-json\/wp\/v2\/tags?post=272632"},{"taxonomy":"_amplo","embeddable":true,"href":"https:\/\/www.agrobase.com.br\/concursos\/wp-json\/wp\/v2\/_amplo?post=272632"},{"taxonomy":"destaque","embeddable":true,"href":"https:\/\/www.agrobase.com.br\/concursos\/wp-json\/wp\/v2\/destaque?post=272632"},{"taxonomy":"instituicoes","embeddable":true,"href":"https:\/\/www.agrobase.com.br\/concursos\/wp-json\/wp\/v2\/instituicoes?post=272632"}],"curies":[{"name":"wp","href":"https:\/\/api.w.org\/{rel}","templated":true}]}}