{"id":272625,"date":"2025-10-16T07:30:54","date_gmt":"2025-10-16T10:30:54","guid":{"rendered":"https:\/\/www.agrobase.com.br\/concursos\/?p=272625"},"modified":"2025-10-15T12:40:59","modified_gmt":"2025-10-15T15:40:59","slug":"sed-sc-sc-selecao-publica-3022-2025","status":"publish","type":"post","link":"https:\/\/www.agrobase.com.br\/concursos\/2025\/sed-sc-sc-selecao-publica-3022-2025\/","title":{"rendered":"SED SC (SC) &#8211; Sele\u00e7\u00e3o P\u00fablica 3022\/2025"},"content":{"rendered":"<h2>Informa\u00e7\u00f5es Gerais<\/h2>\n<p>O Processo Seletivo da Secretaria de Estado da Educa\u00e7\u00e3o de Santa Catarina (SED\/SC), regido pelo Edital n\u00ba 01\/2025, est\u00e1 com edital publicado e visa \u00e0 admiss\u00e3o de Professores em car\u00e1ter tempor\u00e1rio para atua\u00e7\u00e3o na Educa\u00e7\u00e3o Escolar Ind\u00edgena da Rede P\u00fablica Estadual nos anos letivos de 2026 e 2027. A sele\u00e7\u00e3o ser\u00e1 organizada pela Funda\u00e7\u00e3o Universidade Regional de Blumenau (FURB).<\/p>\n<p>O certame tem como objetivo formar cadastro de reserva (CR) para diversos cargos de n\u00edvel fundamental completo e superior, com regime de contrata\u00e7\u00e3o tempor\u00e1ria. As oportunidades abrangem \u00e1reas como Linguagens, Ci\u00eancias Humanas, Ci\u00eancias da Natureza e Educa\u00e7\u00e3o Especial, com destaque para disciplinas de interesse como <strong>Biologia\/Ci\u00eancias Ambientais<\/strong> e <strong>Gest\u00e3o Ambiental<\/strong>.<\/p>\n<p>Os candidatos aprovados atuar\u00e3o em escolas ind\u00edgenas, com exig\u00eancia de forma\u00e7\u00e3o espec\u00edfica e, em alguns casos, comprova\u00e7\u00e3o de profici\u00eancia em l\u00ednguas ind\u00edgenas ou indica\u00e7\u00e3o por lideran\u00e7as locais.<\/p>\n<p>Se voc\u00ea tem forma\u00e7\u00e3o compat\u00edvel e interesse em contribuir com a educa\u00e7\u00e3o ind\u00edgena em Santa Catarina, continue a leitura para conhecer os detalhes sobre inscri\u00e7\u00f5es, etapas e cronograma do processo seletivo.<\/p>\n<h2>Inscri\u00e7\u00f5es<\/h2>\n<p>As inscri\u00e7\u00f5es para o Processo Seletivo da SED\/SC estar\u00e3o abertas entre <strong>8h do dia 15 de outubro de 2025<\/strong> e <strong>23h59min do dia 30 de outubro de 2025<\/strong>, exclusivamente pela internet, no site <a href=\"https:\/\/concursos.furb.br\/\" target=\"_blank\" rel=\"noopener\">concursos.furb.br<\/a>.<\/p>\n<p>O valor da taxa de inscri\u00e7\u00e3o \u00e9 de <strong>R$ 95,00<\/strong>, v\u00e1lido para uma ou duas \u00c1reas de Conhecimento. Para se inscrever, o candidato deve acessar o sistema, preencher ou atualizar seus dados, escolher at\u00e9 duas \u00e1reas de conhecimento, uma Coordenadoria Regional de Educa\u00e7\u00e3o e uma cidade para aplica\u00e7\u00e3o da prova, al\u00e9m de anexar os documentos exigidos e efetuar o pagamento via boleto banc\u00e1rio ou PIX gerado pelo sistema.<\/p>\n<p>O edital prev\u00ea a possibilidade de <strong>isen\u00e7\u00e3o da taxa<\/strong>, conforme crit\u00e9rios estabelecidos, sendo necess\u00e1rio realizar a solicita\u00e7\u00e3o dentro do prazo indicado. Ap\u00f3s o encerramento das inscri\u00e7\u00f5es, n\u00e3o ser\u00e1 poss\u00edvel alterar as op\u00e7\u00f5es selecionadas.<\/p>\n<p>\u00c9 fundamental que o candidato acompanhe o status da inscri\u00e7\u00e3o na \u00c1rea do Candidato no site da FURB e leia atentamente o edital completo para garantir o correto cumprimento de todas as exig\u00eancias.<\/p>\n<h2>Etapas e Provas<\/h2>\n<p>O processo seletivo ser\u00e1 composto por at\u00e9 tr\u00eas etapas, conforme a \u00e1rea de atua\u00e7\u00e3o do candidato:<\/p>\n<ul>\n<li><strong>Prova de T\u00edtulos<\/strong> \u2013 de car\u00e1ter classificat\u00f3rio, aplic\u00e1vel a todos os candidatos. A pontua\u00e7\u00e3o ser\u00e1 atribu\u00edda com base na forma\u00e7\u00e3o acad\u00eamica e experi\u00eancia profissional, conforme crit\u00e9rios definidos no edital.<\/li>\n<li><strong>Prova Objetiva<\/strong> \u2013 de car\u00e1ter eliminat\u00f3rio e classificat\u00f3rio, obrigat\u00f3ria para todos os cargos. Ser\u00e1 composta por quest\u00f5es de m\u00faltipla escolha com cinco alternativas e apenas uma correta. A estrutura da prova varia conforme o n\u00famero de \u00e1reas escolhidas:<\/li>\n<\/ul>\n<ul>\n<li>Para uma \u00e1rea: 30 quest\u00f5es (20 de conhecimentos comuns e 10 espec\u00edficos).<\/li>\n<li>Para duas \u00e1reas: 40 quest\u00f5es (20 de conhecimentos comuns e 10 espec\u00edficas para cada \u00e1rea).<\/li>\n<\/ul>\n<p>Os conte\u00fados comuns incluem <em>Conhecimentos Gerais<\/em> e <em>Metodologia da Pr\u00e1tica Docente<\/em>. A pontua\u00e7\u00e3o m\u00e1xima da prova objetiva \u00e9 de 10 pontos, sendo necess\u00e1rio obter pelo menos 5 pontos e acertar ao menos uma quest\u00e3o de cada conte\u00fado para aprova\u00e7\u00e3o.<\/p>\n<ul>\n<li><strong>Prova Pr\u00e1tica<\/strong> \u2013 de car\u00e1ter eliminat\u00f3rio e classificat\u00f3rio, exclusiva para os cargos que exigem dom\u00ednio da L\u00edngua Brasileira de Sinais (LIBRAS), como Int\u00e9rprete de Libras, Professor Bil\u00edngue \u2013 Libras e Professor de Libras\/AEE \u2013 Instrutor \u2013 Itinerante. Apenas candidatos aprovados na prova objetiva participar\u00e3o desta etapa. A nota m\u00ednima para aprova\u00e7\u00e3o \u00e9 5,00.<\/li>\n<\/ul>\n<p>Para detalhes sobre os crit\u00e9rios de avalia\u00e7\u00e3o, pontua\u00e7\u00e3o e cronograma de aplica\u00e7\u00e3o das provas, recomenda-se a leitura atenta do edital completo.<\/p>\n<h2>Resultados e Gabarito<\/h2>\n<p>O <strong>gabarito preliminar<\/strong> da Prova Objetiva ser\u00e1 divulgado at\u00e9 as 20h do dia <strong>1\u00ba de dezembro de 2025<\/strong>, com possibilidade de interposi\u00e7\u00e3o de recursos conforme orienta\u00e7\u00f5es do edital.<\/p>\n<p>O <strong>gabarito oficial<\/strong> e o <strong>resultado da Prova Objetiva<\/strong> ser\u00e3o publicados no dia <strong>15 de dezembro de 2025<\/strong>, mesma data em que ser\u00e1 disponibilizada a imagem digitalizada do cart\u00e3o-resposta na \u00c1rea do Candidato, no site <a href=\"https:\/\/concursos.furb.br\/\" target=\"_blank\" rel=\"noopener\">concursos.furb.br<\/a>.<\/p>\n<p>O <strong>resultado preliminar<\/strong> ser\u00e1 divulgado por Coordenadoria Regional de Educa\u00e7\u00e3o e por \u00c1rea de Conhecimento, nas seguintes datas:<\/p>\n<ul>\n<li>\u00c1reas sem Prova Pr\u00e1tica: <strong>16 de dezembro de 2025<\/strong><\/li>\n<li>\u00c1reas com Prova Pr\u00e1tica: <strong>12 de janeiro de 2026<\/strong><\/li>\n<\/ul>\n<p>O <strong>resultado final<\/strong> ser\u00e1 publicado tamb\u00e9m por Coordenadoria e \u00c1rea de Conhecimento, com as seguintes previs\u00f5es:<\/p>\n<ul>\n<li>\u00c1reas sem Prova Pr\u00e1tica: <strong>23 de dezembro de 2025<\/strong><\/li>\n<li>\u00c1reas com Prova Pr\u00e1tica: <strong>20 de janeiro de 2026<\/strong><\/li>\n<\/ul>\n<p>A <strong>homologa\u00e7\u00e3o<\/strong> do processo seletivo ser\u00e1 publicada no Di\u00e1rio Oficial do Estado a partir de <strong>26 de dezembro de 2025<\/strong>, sob responsabilidade da SED\/SC.<\/p>\n<p>A classifica\u00e7\u00e3o final ser\u00e1 feita com base na nota final, que varia conforme o cargo. Em caso de empate, ser\u00e3o aplicados os crit\u00e9rios previstos no edital. As convoca\u00e7\u00f5es ocorrer\u00e3o conforme a ordem de classifica\u00e7\u00e3o e devem ser acompanhadas pelo site da FURB e pelo Di\u00e1rio Oficial.<\/p>\n<p><strong>\u00c9 responsabilidade exclusiva do candidato acompanhar todas as publica\u00e7\u00f5es oficiais nos canais informados.<\/strong><\/p>\n","protected":false},"excerpt":{"rendered":"<p>Sel. P\u00fablica SED (SC) com edital publicado! Vagas p\/ Professor e Libras (Fund. a Sup.). Inscri\u00e7\u00f5es a partir de 15\/10. Confira detalhes!<\/p>\n","protected":false},"author":7,"featured_media":272624,"comment_status":"open","ping_status":"open","sticky":false,"template":"","format":"standard","meta":{"_acf_changed":false,"_breakdance_hide_in_design_set":false,"_breakdance_tags":"","footnotes":""},"categories":[6433,121,141,6434,112,6436,111,100,20,6872,6871,116,119,25,6435,118],"tags":[61],"_amplo":[],"destaque":[],"instituicoes":[],"class_list":["post-272625","post","type-post","status-publish","format-standard","has-post-thumbnail","hentry","category-biologia-licenciatura","category-ciencias-sociais","category-educacao-artistica","category-educacao-fisica-licenciatura","category-filosofia","category-fisica-licenciatura","category-geografia","category-historia","category-letras","category-letras-espanhol","category-letras-ingles","category-matematica","category-musica","category-pedagogia","category-quimica-licenciatura","category-sociologia","tag-santa-catarina"],"acf":{"_tipo_vagas":"vagas","_numero_vagas":"","_quadro_vagas":"","_cargos":"diversos","_cargos_especificos":"","_salario_max":"","_abertura":"20251015","_encerramento":"20251030","_inscricoes":"https:\/\/concursos.furb.br\/","_executora_concurso":"","_instituicao_concurso":[],"_link_adicional":null,"_anexos":null,"_produtos":null,"_vagas":"CR","_salario_min":"","_instituicao":"SED SC","_edital":"https:\/\/www.agrobase.com.br\/concursos\/wp-content\/uploads\/sites\/4\/2025\/10\/edital-3022-2025-sed-sc.pdf","_anexos_edital":"https:\/\/www.agrobase.com.br\/concursos\/wp-content\/uploads\/sites\/4\/2025\/10\/anexos-edital-3022-2025-sed-sc.pdf","_fund_incompleto":"","_fund_completo":"<div>\r\n<table class=\"quadro\">\r\n<thead>\r\n<tr>\r\n<th class=\"hcargo\">Cargo<\/th>\r\n\r\n\r\n<\/tr>\r\n<\/thead>\r\n    <tbody>\r\n      <td class=\"ccargos\">Professor Guarani<\/td>\r\n\r\n\r\n<\/tr><td class=\"ccargos\">Professor Kaingang<\/td>\r\n\r\n\r\n<\/tr><td class=\"ccargos\">Professor de L\u00edngua Kaingang<\/td>\r\n\r\n\r\n<\/tr><td class=\"ccargos\">Professor de L\u00edngua Guarani<\/td>\r\n\r\n\r\n<\/tr><td class=\"ccargos\">Orientador da Casa de Cultura Ind\u00edgena<\/td>\r\n\r\n\r\n<\/tr><td class=\"ccargos\">Orientador de L\u00edngua Ind\u00edgena<\/td>\r\n\r\n\r\n<\/tr><td class=\"ccargos\">Orientador de L\u00edngua Ind\u00edgena \u2013 EJA<\/td>\r\n\r\n\r\n<\/tr><td class=\"ccargos\">Orientador de leitura<\/td>\r\n\r\n\r\n<\/tr>\r\n    <\/tbody>\r\n  <\/table>\r\n<\/div>","_medio":"","_superior":"<div>\r\n<table class=\"quadro\">\r\n<thead>\r\n<tr>\r\n<th class=\"hcargo\">Cargo<\/th>\r\n\r\n\r\n<\/tr>\r\n<\/thead>\r\n    <tbody>\r\n      <tr>\r\n<td class=\"ccargos\">Alfabetiza\u00e7\u00e3o e Nivelamento<\/td>\r\n\r\n\r\n<\/tr><tr>\r\n<td class=\"ccargos\">Anos Iniciais do Ensino Fundamental<\/td>\r\n\r\n\r\n<\/tr><tr>\r\n<td class=\"ccargos\">Antropologia<\/td>\r\n\r\n\r\n<\/tr><tr>\r\n<td class=\"ccargos\">Arte \/ Arte Ind\u00edgena<\/td>\r\n\r\n\r\n<\/tr><tr>\r\n<td class=\"ccargos\">Biologia \/ Ci\u00eancias\/Ci\u00eancias Ambientais<\/td>\r\n\r\n\r\n<\/tr><tr>\r\n<td class=\"ccargos\">Ci\u00eancias Humanas<\/td>\r\n\r\n\r\n<\/tr><tr>\r\n<td class=\"ccargos\">Educa\u00e7\u00e3o Especial 2\u00ba Professor\/Educa\u00e7\u00e3o Especial\/ Educa\u00e7\u00e3o Especial-AEE (SAEDE)\/Ensino Especial - DAV16 (AEE)<\/td>\r\n\r\n\r\n<\/tr><tr>\r\n<td class=\"ccargos\">Educa\u00e7\u00e3o F\u00edsica<\/td>\r\n\r\n\r\n<\/tr><tr>\r\n<td class=\"ccargos\">Ensino Religioso<\/td>\r\n\r\n\r\n<\/tr><tr>\r\n<td class=\"ccargos\">Filosofia - Contexto Ind\u00edgena<\/td>\r\n\r\n\r\n<\/tr><tr>\r\n<td class=\"ccargos\">F\u00edsica<\/td>\r\n\r\n\r\n<\/tr><tr>\r\n<td class=\"ccargos\">Geografia\/Contexto Ind\u00edgena<\/td>\r\n\r\n\r\n<\/tr><tr>\r\n<td class=\"ccargos\">Gest\u00e3o Ambiental<\/td>\r\n\r\n\r\n<\/tr><tr>\r\n<td class=\"ccargos\">Hist\u00f3ria\/Contexto Ind\u00edgena<\/td>\r\n\r\n\r\n<\/tr><tr>\r\n<td class=\"ccargos\">Int\u00e9rprete da Libras<\/td>\r\n\r\n\r\n<\/tr><tr>\r\n<td class=\"ccargos\">L\u00edngua Estrangeira Espanhol<\/td>\r\n\r\n\r\n<\/tr><tr>\r\n<td class=\"ccargos\">L\u00edngua Estrangeira Ingl\u00eas<\/td>\r\n\r\n\r\n<\/tr><tr>\r\n<td class=\"ccargos\">L\u00edngua Portuguesa e Literatura<\/td>\r\n\r\n\r\n<\/tr><tr>\r\n<td class=\"ccargos\">Matem\u00e1tica<\/td>\r\n\r\n\r\n<\/tr><tr>\r\n<td class=\"ccargos\">Orientador de Laborat\u00f3rio de Tecnologia Educacionais<\/td>\r\n\r\n\r\n<\/tr><tr>\r\n<td class=\"ccargos\">Professor Bil\u00edngue - Libras<\/td>\r\n\r\n\r\n<\/tr><tr>\r\n<td class=\"ccargos\">Qu\u00edmica<\/td>\r\n\r\n\r\n<\/tr><tr>\r\n<td class=\"ccargos\">Sociologia<\/td>\r\n\r\n\r\n<\/tr><tr>\r\n<td class=\"ccargos\">Arte Ind\u00edgena<\/td>\r\n\r\n\r\n<\/tr><tr>\r\n<td class=\"ccargos\">Arte Kaingang<\/td>\r\n\r\n\r\n<\/tr><tr>\r\n<td class=\"ccargos\">Cultura Ind\u00edgena<\/td>\r\n\r\n\r\n<\/tr><tr>\r\n<td class=\"ccargos\">Linguagem\/Contexto Ind\u00edgena<\/td>\r\n\r\n\r\n<\/tr>\r\n    <\/tbody>\r\n  <\/table>\r\n<\/div>"},"_links":{"self":[{"href":"https:\/\/www.agrobase.com.br\/concursos\/wp-json\/wp\/v2\/posts\/272625","targetHints":{"allow":["GET"]}}],"collection":[{"href":"https:\/\/www.agrobase.com.br\/concursos\/wp-json\/wp\/v2\/posts"}],"about":[{"href":"https:\/\/www.agrobase.com.br\/concursos\/wp-json\/wp\/v2\/types\/post"}],"author":[{"embeddable":true,"href":"https:\/\/www.agrobase.com.br\/concursos\/wp-json\/wp\/v2\/users\/7"}],"replies":[{"embeddable":true,"href":"https:\/\/www.agrobase.com.br\/concursos\/wp-json\/wp\/v2\/comments?post=272625"}],"version-history":[{"count":3,"href":"https:\/\/www.agrobase.com.br\/concursos\/wp-json\/wp\/v2\/posts\/272625\/revisions"}],"predecessor-version":[{"id":272630,"href":"https:\/\/www.agrobase.com.br\/concursos\/wp-json\/wp\/v2\/posts\/272625\/revisions\/272630"}],"wp:featuredmedia":[{"embeddable":true,"href":"https:\/\/www.agrobase.com.br\/concursos\/wp-json\/wp\/v2\/media\/272624"}],"wp:attachment":[{"href":"https:\/\/www.agrobase.com.br\/concursos\/wp-json\/wp\/v2\/media?parent=272625"}],"wp:term":[{"taxonomy":"category","embeddable":true,"href":"https:\/\/www.agrobase.com.br\/concursos\/wp-json\/wp\/v2\/categories?post=272625"},{"taxonomy":"post_tag","embeddable":true,"href":"https:\/\/www.agrobase.com.br\/concursos\/wp-json\/wp\/v2\/tags?post=272625"},{"taxonomy":"_amplo","embeddable":true,"href":"https:\/\/www.agrobase.com.br\/concursos\/wp-json\/wp\/v2\/_amplo?post=272625"},{"taxonomy":"destaque","embeddable":true,"href":"https:\/\/www.agrobase.com.br\/concursos\/wp-json\/wp\/v2\/destaque?post=272625"},{"taxonomy":"instituicoes","embeddable":true,"href":"https:\/\/www.agrobase.com.br\/concursos\/wp-json\/wp\/v2\/instituicoes?post=272625"}],"curies":[{"name":"wp","href":"https:\/\/api.w.org\/{rel}","templated":true}]}}