{"id":272602,"date":"2025-10-16T07:00:24","date_gmt":"2025-10-16T10:00:24","guid":{"rendered":"https:\/\/www.agrobase.com.br\/concursos\/?p=272602"},"modified":"2025-10-15T11:26:16","modified_gmt":"2025-10-15T14:26:16","slug":"prefeitura-rancharia-sp-selecao-publica-01-2025","status":"publish","type":"post","link":"https:\/\/www.agrobase.com.br\/concursos\/2025\/prefeitura-rancharia-sp-selecao-publica-01-2025\/","title":{"rendered":"Prefeitura Rancharia (SP) &#8211; Sele\u00e7\u00e3o P\u00fablica 01\/2025"},"content":{"rendered":"<h2>Informa\u00e7\u00f5es Gerais<\/h2>\n<p>O Processo Seletivo P\u00fablico n\u00ba 01\/2025 da Prefeitura Municipal de Rancharia, no Estado de S\u00e3o Paulo, est\u00e1 com edital publicado e inscri\u00e7\u00f5es abertas. O certame visa \u00e0 forma\u00e7\u00e3o de cadastro reserva para contrata\u00e7\u00e3o tempor\u00e1ria de docentes ao longo do ano letivo de 2026, conforme a Lei Municipal n\u00ba 13\/2014.<\/p>\n<p>As oportunidades s\u00e3o destinadas exclusivamente a profissionais com n\u00edvel superior, abrangendo diferentes \u00e1reas da educa\u00e7\u00e3o, como Educa\u00e7\u00e3o Infantil, Ensino Fundamental I e II, al\u00e9m de disciplinas espec\u00edficas como Arte, Ci\u00eancias, Geografia, Hist\u00f3ria, L\u00edngua Portuguesa, Matem\u00e1tica, Ingl\u00eas e Educa\u00e7\u00e3o F\u00edsica. H\u00e1 tamb\u00e9m vagas voltadas \u00e0 Educa\u00e7\u00e3o Especial e \u00e0 Educa\u00e7\u00e3o Ambiental, sendo esta \u00faltima de especial interesse para profissionais com forma\u00e7\u00e3o ou especializa\u00e7\u00e3o em Engenharia Ambiental ou \u00e1reas correlatas.<\/p>\n<p>O regime de contrata\u00e7\u00e3o \u00e9 tempor\u00e1rio, e os docentes atuar\u00e3o em substitui\u00e7\u00f5es ou projetos especiais, conforme a necessidade da rede municipal. A remunera\u00e7\u00e3o \u00e9 de R$ 24,86 por hora-aula, com carga hor\u00e1ria de at\u00e9 40 horas semanais.<\/p>\n<p>Se voc\u00ea \u00e9 da \u00e1rea da educa\u00e7\u00e3o e busca uma oportunidade de atua\u00e7\u00e3o no servi\u00e7o p\u00fablico, continue a leitura para conhecer os prazos de inscri\u00e7\u00e3o, etapas do processo seletivo e crit\u00e9rios de classifica\u00e7\u00e3o.<\/p>\n<h2>Inscri\u00e7\u00f5es<\/h2>\n<p>As inscri\u00e7\u00f5es para o Processo Seletivo P\u00fablico n\u00ba 01\/2025 da Prefeitura de Rancharia est\u00e3o abertas exclusivamente pela internet, no site <a href=\"https:\/\/www.omconcursos.com.br\" target=\"_blank\" rel=\"noopener\">www.omconcursos.com.br<\/a>, entre os dias <strong>14 de outubro de 2025, \u00e0s 9h<\/strong>, e <strong>23 de outubro de 2025, at\u00e9 23h59<\/strong>, hor\u00e1rio de Bras\u00edlia.<\/p>\n<p>Para se inscrever, o candidato deve acessar o link espec\u00edfico do processo seletivo, ler atentamente o edital, preencher a ficha de inscri\u00e7\u00e3o e gerar o boleto banc\u00e1rio. O valor da taxa de inscri\u00e7\u00e3o \u00e9 de R$ 50,00. O pagamento deve ser realizado exclusivamente via boleto banc\u00e1rio gerado pelo sistema, at\u00e9 o dia <strong>27 de outubro de 2025<\/strong>. Pagamentos ap\u00f3s essa data n\u00e3o ser\u00e3o aceitos.<\/p>\n<p>N\u00e3o ser\u00e3o aceitos dep\u00f3sitos, transfer\u00eancias, PIX ou agendamentos n\u00e3o efetivados. O candidato pode reimprimir o boleto at\u00e9 a data de vencimento, por meio da Central do Candidato. Inscri\u00e7\u00f5es n\u00e3o pagas dentro do prazo ser\u00e3o automaticamente canceladas.<\/p>\n<p>Ap\u00f3s o pagamento, \u00e9 responsabilidade do candidato verificar, no site da banca organizadora, se sua inscri\u00e7\u00e3o foi deferida. Caso o nome n\u00e3o conste na lista de inscritos, \u00e9 necess\u00e1rio entrar em contato com a OM Consultoria em at\u00e9 dois dias \u00fateis ap\u00f3s a publica\u00e7\u00e3o da lista.<\/p>\n<p>Recomenda-se a leitura completa do edital para conhecer todos os requisitos, crit\u00e9rios de isen\u00e7\u00e3o e demais orienta\u00e7\u00f5es.<\/p>\n<h2>Etapas e Provas<\/h2>\n<p>O processo seletivo ser\u00e1 composto por duas etapas: <strong>Prova Objetiva<\/strong> e <strong>Avalia\u00e7\u00e3o de T\u00edtulos<\/strong>.<\/p>\n<ul>\n<li><strong>Prova Objetiva<\/strong> \u2013 De car\u00e1ter eliminat\u00f3rio e classificat\u00f3rio, ser\u00e1 aplicada no dia <strong>23 de novembro de 2025<\/strong>, com dura\u00e7\u00e3o de 2 horas. A avalia\u00e7\u00e3o ser\u00e1 composta por 30 quest\u00f5es de m\u00faltipla escolha, com quatro alternativas cada, valendo 3 pontos por quest\u00e3o, totalizando at\u00e9 90 pontos. Ser\u00e1 considerado aprovado o candidato que obtiver nota igual ou superior a 45 pontos.<\/li>\n<li><strong>Avalia\u00e7\u00e3o de T\u00edtulos<\/strong> \u2013 De car\u00e1ter classificat\u00f3rio, ser\u00e1 realizada apenas para os candidatos aprovados na prova objetiva. Os t\u00edtulos dever\u00e3o ser entregues no dia da prova escrita, em envelope lacrado, contendo a Ficha de T\u00edtulos preenchida e c\u00f3pias dos documentos comprobat\u00f3rios. Ser\u00e3o aceitos t\u00edtulos de Doutorado (5 pontos), Mestrado (3 pontos) e Especializa\u00e7\u00e3o (1 ponto), conforme crit\u00e9rios do edital.<\/li>\n<\/ul>\n<p>As provas ser\u00e3o realizadas em dois turnos distintos, conforme divis\u00e3o prevista no Anexo I do edital. Candidatos inscritos em dois cargos no mesmo turno ter\u00e3o tempo adicional para realiza\u00e7\u00e3o da segunda prova.<\/p>\n<p>As disciplinas cobradas n\u00e3o foram detalhadas no edital, mas o conte\u00fado program\u00e1tico est\u00e1 dispon\u00edvel no Anexo II. Recomenda-se a leitura atenta do edital para conhecer as regras, cronograma e orienta\u00e7\u00f5es espec\u00edficas de cada etapa.<\/p>\n<h2>Resultados e Gabarito<\/h2>\n<p>O resultado final do processo seletivo ser\u00e1 composto pela soma da nota da prova objetiva com os pontos obtidos na avalia\u00e7\u00e3o de t\u00edtulos, sendo divulgada a <strong>Classifica\u00e7\u00e3o Preliminar\/Oficial<\/strong> em ordem decrescente de pontua\u00e7\u00e3o. Haver\u00e1 tamb\u00e9m uma <strong>Classifica\u00e7\u00e3o Especial<\/strong> para candidatos que se enquadrarem nos crit\u00e9rios do item 3 do edital.<\/p>\n<p>Em caso de empate na nota final, os crit\u00e9rios de desempate ser\u00e3o, nesta ordem:<\/p>\n<ul>\n<li>Maior idade (prioridade para candidatos com 60 anos ou mais, conforme o Estatuto do Idoso);<\/li>\n<li>Maior idade entre os demais candidatos;<\/li>\n<li>Maior n\u00famero de filhos menores de 18 anos at\u00e9 a data de encerramento das inscri\u00e7\u00f5es.<\/li>\n<\/ul>\n<p>Os gabaritos preliminares ser\u00e3o divulgados no site <a href=\"https:\/\/www.omconcursos.com.br\" target=\"_blank\" rel=\"noopener\">www.omconcursos.com.br<\/a> e no Di\u00e1rio Oficial do Munic\u00edpio. Ap\u00f3s a publica\u00e7\u00e3o, o candidato ter\u00e1 dois dias para interpor recurso, conforme instru\u00e7\u00f5es do edital. O gabarito oficial ser\u00e1 divulgado ap\u00f3s o julgamento dos recursos.<\/p>\n<p>Recursos tamb\u00e9m poder\u00e3o ser apresentados quanto \u00e0 classifica\u00e7\u00e3o preliminar, no prazo de dois dias \u00fateis ap\u00f3s sua publica\u00e7\u00e3o. A classifica\u00e7\u00e3o oficial ser\u00e1 divulgada ap\u00f3s o julgamento de todos os recursos.<\/p>\n<p>A homologa\u00e7\u00e3o do processo seletivo ser\u00e1 feita pelo Prefeito Municipal e publicada no Di\u00e1rio Oficial. A convoca\u00e7\u00e3o dos candidatos aprovados ser\u00e1 realizada pela Prefeitura de Rancharia, respeitando a ordem de classifica\u00e7\u00e3o e a necessidade da administra\u00e7\u00e3o.<\/p>\n<p>O acompanhamento de todas as publica\u00e7\u00f5es oficiais, tanto no site da banca organizadora quanto no Di\u00e1rio Oficial do Munic\u00edpio, \u00e9 de responsabilidade exclusiva do candidato.<\/p>\n","protected":false},"excerpt":{"rendered":"<p>Sel. P\u00fablica Pref. Rancharia (SP) com edital publicado! Vagas p\/ Professores (Superior). Inscri\u00e7\u00f5es a partir de 14\/10. Sal\u00e1rio de R$ 24,86\/h. Confira detalhes!<\/p>\n","protected":false},"author":7,"featured_media":272601,"comment_status":"open","ping_status":"open","sticky":false,"template":"","format":"standard","meta":{"_acf_changed":false,"_breakdance_hide_in_design_set":false,"_breakdance_tags":"","footnotes":""},"categories":[6433,141,6434,13,111,155,100,20,6871,116,25],"tags":[62],"_amplo":[],"destaque":[],"instituicoes":[],"class_list":["post-272602","post","type-post","status-publish","format-standard","has-post-thumbnail","hentry","category-biologia-licenciatura","category-educacao-artistica","category-educacao-fisica-licenciatura","category-engenharia-ambiental","category-geografia","category-gestao-ambiental","category-historia","category-letras","category-letras-ingles","category-matematica","category-pedagogia","tag-sao-paulo"],"acf":{"_tipo_vagas":"vagas","_numero_vagas":"","_quadro_vagas":"","_cargos":"diversos","_cargos_especificos":"","_salario_max":"R$ 24.86","_abertura":"20251014","_encerramento":"20251023","_inscricoes":"https:\/\/www.omconcursos.com.br","_executora_concurso":"","_instituicao_concurso":[],"_link_adicional":null,"_anexos":null,"_produtos":null,"_vagas":"CR","_salario_min":"R$ 24.86","_instituicao":"Prefeitura de Rancharia","_edital":"https:\/\/www.agrobase.com.br\/concursos\/wp-content\/uploads\/sites\/4\/2025\/10\/edital-01-2025-prefeitura-de-rancharia-sp.pdf","_anexos_edital":"https:\/\/www.agrobase.com.br\/concursos\/wp-content\/uploads\/sites\/4\/2025\/10\/anexos-edital-01-2025-prefeitura-de-rancharia-sp.pdf","_fund_incompleto":"","_fund_completo":"","_medio":"","_superior":"<div>\r\n<table class=\"quadro\">\r\n<thead>\r\n<tr>\r\n<th class=\"hcargo\">Cargo<\/th>\r\n<th class=\"hvagas\">Vagas<\/th>\r\n<th class=\"hremuneracao\">Remunera\u00e7\u00e3o<\/th>\r\n<\/tr>\r\n<\/thead>\r\n    <tbody>\r\n      <tr>\r\n<td class=\"ccargos\">\r\n<span data-balloon-length=\"medium\" aria-label=\"N\u00edvel Superior reconhecido pelo MEC no curso de Licenciatura em Pedagogia.\" data-balloon-pos=\"up\">PROFESSOR DE CRECHE<\/span><\/td>\r\n<td class=\"cvagas\">CR<\/td>\r\n<td class=\"cremuneracao\">R$ 24,86 \/40h<\/td>\r\n<\/tr><tr>\r\n<td class=\"ccargos\">\r\n<span data-balloon-length=\"medium\" aria-label=\"N\u00edvel Superior reconhecido pelo MEC no curso de Licenciatura em Pedagogia.\" data-balloon-pos=\"up\">PROFESSOR DE EDUCA\u00c7\u00c3O B\u00c1SICA I<\/span><\/td>\r\n<td class=\"cvagas\">CR<\/td>\r\n<td class=\"cremuneracao\">R$ 24,86 \/40h<\/td>\r\n<\/tr><tr>\r\n<td class=\"ccargos\">\r\n<span data-balloon-length=\"medium\" aria-label=\"N\u00edvel Superior Reconhecido pelo MEC no curso de Licenciatura em Pedagogia com habilita\u00e7\u00e3o na \u00e1rea da Educa\u00e7\u00e3o Especial e\/ou licenciatura plena em Pedagogia e Especializa\u00e7\u00e3o latu sensu em Educa\u00e7\u00e3o Especial, e\/ou Licenciatura Plena em Pedagogia e especializa\u00e7\u00e3o latu sensu em Atendimento Educacional Especializado.\" data-balloon-pos=\"up\">PROFESSOR DE EDUCA\u00c7\u00c3O B\u00c1SICA I - AEE<\/span><\/td>\r\n<td class=\"cvagas\">CR<\/td>\r\n<td class=\"cremuneracao\">R$ 24,86 \/40h<\/td>\r\n<\/tr><tr>\r\n<td class=\"ccargos\">\r\n<span data-balloon-length=\"medium\" aria-label=\"N\u00edvel Superior reconhecido pelo MEC no curso de Licenciatura em Pedagogia e Especializa\u00e7\u00e3o em Educa\u00e7\u00e3o Ambiental ou Especializa\u00e7\u00e3o em Gest\u00e3o Ambiental ou Especializa\u00e7\u00e3o em Engenharia Ambiental em N\u00edvel de P\u00f3s-Gradua\u00e7\u00e3o.\" data-balloon-pos=\"up\">PROFESSOR DE EDUCA\u00c7\u00c3O B\u00c1SICA I - AMBIENTAL<\/span><\/td>\r\n<td class=\"cvagas\">CR<\/td>\r\n<td class=\"cremuneracao\">R$ 24,86 \/40h<\/td>\r\n<\/tr><tr>\r\n<td class=\"ccargos\">\r\n<span data-balloon-length=\"medium\" aria-label=\"Licenciatura Plena em Artes Visuais ou Licenciatura em Educa\u00e7\u00e3o Art\u00edstica ou concluinte deste curso at\u00e9 a data de contrata\u00e7\u00e3o.\" data-balloon-pos=\"up\">PROFESSOR DE EDUCA\u00c7\u00c3O B\u00c1SICA II - ARTE<\/span><\/td>\r\n<td class=\"cvagas\">CR<\/td>\r\n<td class=\"cremuneracao\">R$ 24,86 \/40h<\/td>\r\n<\/tr><tr>\r\n<td class=\"ccargos\">\r\n<span data-balloon-length=\"medium\" aria-label=\"Licenciatura Plena em Ci\u00eancias ou concluinte deste curso at\u00e9 a data de contrata\u00e7\u00e3o.\" data-balloon-pos=\"up\">PROFESSOR DE EDUCA\u00c7\u00c3O B\u00c1SICA II - CI\u00caNCIAS<\/span><\/td>\r\n<td class=\"cvagas\">CR<\/td>\r\n<td class=\"cremuneracao\">R$ 24,86 \/40h<\/td>\r\n<\/tr><tr>\r\n<td class=\"ccargos\">\r\n<span data-balloon-length=\"medium\" aria-label=\"Licenciatura em Educa\u00e7\u00e3o F\u00edsica e Registro no CREF ou concluinte deste curso at\u00e9 a data de contrata\u00e7\u00e3o.\" data-balloon-pos=\"up\">PROFESSOR DE EDUCA\u00c7\u00c3O B\u00c1SICA II - EDUCA\u00c7\u00c3O F\u00cdSICA<\/span><\/td>\r\n<td class=\"cvagas\">CR<\/td>\r\n<td class=\"cremuneracao\">R$ 24,86 \/40h<\/td>\r\n<\/tr><tr>\r\n<td class=\"ccargos\">\r\n<span data-balloon-length=\"medium\" aria-label=\"Licenciatura Plena em Geografia ou concluinte deste curso at\u00e9 a data de contrata\u00e7\u00e3o.\" data-balloon-pos=\"up\">PROFESSOR DE EDUCA\u00c7\u00c3O B\u00c1SICA II - GEOGRAFIA<\/span><\/td>\r\n<td class=\"cvagas\">CR<\/td>\r\n<td class=\"cremuneracao\">R$ 24,86 \/40h<\/td>\r\n<\/tr><tr>\r\n<td class=\"ccargos\">\r\n<span data-balloon-length=\"medium\" aria-label=\"Licenciatura Plena em Hist\u00f3ria ou concluinte deste curso at\u00e9 a data de contrata\u00e7\u00e3o.\" data-balloon-pos=\"up\">PROFESSOR DE EDUCA\u00c7\u00c3O B\u00c1SICA II - HIST\u00d3RIA<\/span><\/td>\r\n<td class=\"cvagas\">CR<\/td>\r\n<td class=\"cremuneracao\">R$ 24,86 \/40h<\/td>\r\n<\/tr><tr>\r\n<td class=\"ccargos\">\r\n<span data-balloon-length=\"medium\" aria-label=\"Licenciatura Plena em Letras com habilita\u00e7\u00e3o em Ingl\u00eas ou concluinte deste curso at\u00e9 a data de contrata\u00e7\u00e3o.\" data-balloon-pos=\"up\">PROFESSOR DE EDUCA\u00c7\u00c3O B\u00c1SICA II - INGL\u00caS<\/span><\/td>\r\n<td class=\"cvagas\">CR<\/td>\r\n<td class=\"cremuneracao\">R$ 24,86 \/40h<\/td>\r\n<\/tr><tr>\r\n<td class=\"ccargos\">\r\n<span data-balloon-length=\"medium\" aria-label=\"Licenciatura Plena em Letras ou concluinte deste curso at\u00e9 a data de contrata\u00e7\u00e3o.\" data-balloon-pos=\"up\">PROFESSOR DE EDUCA\u00c7\u00c3O B\u00c1SICA II - L\u00cdNGUA PORTUGUESA<\/span><\/td>\r\n<td class=\"cvagas\">CR<\/td>\r\n<td class=\"cremuneracao\">R$ 24,86 \/40h<\/td>\r\n<\/tr><tr>\r\n<td class=\"ccargos\">\r\n<span data-balloon-length=\"medium\" aria-label=\"Licenciatura Plena em Matem\u00e1tica ou concluinte deste curso at\u00e9 a data de contrata\u00e7\u00e3o.\" data-balloon-pos=\"up\">PROFESSOR DE EDUCA\u00c7\u00c3O B\u00c1SICA II - MATEM\u00c1TICA<\/span><\/td>\r\n<td class=\"cvagas\">CR<\/td>\r\n<td class=\"cremuneracao\">R$ 24,86 \/40h<\/td>\r\n<\/tr>\r\n    <\/tbody>\r\n  <\/table>\r\n<\/div>"},"_links":{"self":[{"href":"https:\/\/www.agrobase.com.br\/concursos\/wp-json\/wp\/v2\/posts\/272602","targetHints":{"allow":["GET"]}}],"collection":[{"href":"https:\/\/www.agrobase.com.br\/concursos\/wp-json\/wp\/v2\/posts"}],"about":[{"href":"https:\/\/www.agrobase.com.br\/concursos\/wp-json\/wp\/v2\/types\/post"}],"author":[{"embeddable":true,"href":"https:\/\/www.agrobase.com.br\/concursos\/wp-json\/wp\/v2\/users\/7"}],"replies":[{"embeddable":true,"href":"https:\/\/www.agrobase.com.br\/concursos\/wp-json\/wp\/v2\/comments?post=272602"}],"version-history":[{"count":2,"href":"https:\/\/www.agrobase.com.br\/concursos\/wp-json\/wp\/v2\/posts\/272602\/revisions"}],"predecessor-version":[{"id":272606,"href":"https:\/\/www.agrobase.com.br\/concursos\/wp-json\/wp\/v2\/posts\/272602\/revisions\/272606"}],"wp:featuredmedia":[{"embeddable":true,"href":"https:\/\/www.agrobase.com.br\/concursos\/wp-json\/wp\/v2\/media\/272601"}],"wp:attachment":[{"href":"https:\/\/www.agrobase.com.br\/concursos\/wp-json\/wp\/v2\/media?parent=272602"}],"wp:term":[{"taxonomy":"category","embeddable":true,"href":"https:\/\/www.agrobase.com.br\/concursos\/wp-json\/wp\/v2\/categories?post=272602"},{"taxonomy":"post_tag","embeddable":true,"href":"https:\/\/www.agrobase.com.br\/concursos\/wp-json\/wp\/v2\/tags?post=272602"},{"taxonomy":"_amplo","embeddable":true,"href":"https:\/\/www.agrobase.com.br\/concursos\/wp-json\/wp\/v2\/_amplo?post=272602"},{"taxonomy":"destaque","embeddable":true,"href":"https:\/\/www.agrobase.com.br\/concursos\/wp-json\/wp\/v2\/destaque?post=272602"},{"taxonomy":"instituicoes","embeddable":true,"href":"https:\/\/www.agrobase.com.br\/concursos\/wp-json\/wp\/v2\/instituicoes?post=272602"}],"curies":[{"name":"wp","href":"https:\/\/api.w.org\/{rel}","templated":true}]}}