{"id":272551,"date":"2025-10-15T07:10:04","date_gmt":"2025-10-15T10:10:04","guid":{"rendered":"https:\/\/www.agrobase.com.br\/concursos\/?p=272551"},"modified":"2025-10-14T12:27:23","modified_gmt":"2025-10-14T15:27:23","slug":"prefeitura-pinhal-rs-concurso-01-2025","status":"publish","type":"post","link":"https:\/\/www.agrobase.com.br\/concursos\/2025\/prefeitura-pinhal-rs-concurso-01-2025\/","title":{"rendered":"Prefeitura Pinhal (RS) &#8211; Concurso 01\/2025"},"content":{"rendered":"<h2>Informa\u00e7\u00f5es Gerais<\/h2>\n<p>O Concurso P\u00fablico da Prefeitura Municipal de Pinhal, regido pelo edital publicado sob a responsabilidade do Prefeito Luiz Carlos Pinto Ribeiro, est\u00e1 com inscri\u00e7\u00f5es abertas e visa o provimento de <strong>8 vagas imediatas<\/strong> e forma\u00e7\u00e3o de <strong>cadastro reserva<\/strong> para diversos cargos do Quadro Geral dos Servidores. A sele\u00e7\u00e3o ser\u00e1 executada pela banca Legalle Concursos Ltda. e adota o <strong>regime estatut\u00e1rio<\/strong> de contrata\u00e7\u00e3o.<\/p>\n<p>O certame contempla oportunidades para candidatos com escolaridade desde o n\u00edvel fundamental incompleto at\u00e9 o superior completo. As vagas abrangem \u00e1reas administrativas, operacionais, educacionais e da sa\u00fade, com destaque para cargos como <strong>Enfermeiro Especializado<\/strong> e <strong>T\u00e9cnico de Enfermagem<\/strong>, que podem atrair profissionais da \u00e1rea da sa\u00fade.<\/p>\n<p>Com sal\u00e1rios que variam entre <strong>R$ 1.553,50<\/strong> e <strong>R$ 6.572,50<\/strong>, o concurso oferece jornadas de trabalho de at\u00e9 40 horas semanais. A diversidade de cargos e n\u00edveis de escolaridade torna o certame acess\u00edvel a um amplo p\u00fablico.<\/p>\n<p>Confira a seguir os detalhes sobre inscri\u00e7\u00f5es, etapas e cronograma de resultados para decidir com seguran\u00e7a sobre sua participa\u00e7\u00e3o.<\/p>\n<h2>Inscri\u00e7\u00f5es<\/h2>\n<p>As inscri\u00e7\u00f5es para o Concurso P\u00fablico da Prefeitura de Pinhal est\u00e3o <strong>abertas<\/strong> e devem ser realizadas exclusivamente <strong>pela internet<\/strong>, no site da banca organizadora: <a href=\"https:\/\/www.legalleconcursos.com.br\" target=\"_blank\" rel=\"noopener\">www.legalleconcursos.com.br<\/a>, entre os dias <strong>3 de outubro de 2025<\/strong>, a partir das 18h, e <strong>23 de outubro de 2025<\/strong>.<\/p>\n<p>O valor da taxa de inscri\u00e7\u00e3o varia conforme o n\u00edvel de escolaridade exigido para o cargo pretendido. Ap\u00f3s preencher o formul\u00e1rio online, o candidato deve imprimir o boleto banc\u00e1rio (Banco do Brasil) e efetuar o pagamento at\u00e9 a data limite. A inscri\u00e7\u00e3o somente ser\u00e1 confirmada ap\u00f3s a compensa\u00e7\u00e3o do pagamento.<\/p>\n<p>Haver\u00e1 <strong>disponibiliza\u00e7\u00e3o de computador com acesso \u00e0 internet<\/strong> para candidatos que n\u00e3o possuem acesso pr\u00f3prio, na Biblioteca e Telecentro Municipal (Av. Treze de Maio, 1.421, Centro, Pinhal\/RS), de segunda a sexta-feira, das 7h30 \u00e0s 11h30 e das 13h \u00e0s 17h, em dias \u00fateis.<\/p>\n<p>Pedidos de isen\u00e7\u00e3o da taxa, atendimento especial, inclus\u00e3o de lactantes e outras condi\u00e7\u00f5es espec\u00edficas devem seguir os procedimentos descritos no edital, com envio de documenta\u00e7\u00e3o conforme os prazos estabelecidos.<\/p>\n<p>Recomenda-se que o candidato acompanhe o status de sua inscri\u00e7\u00e3o e eventuais atualiza\u00e7\u00f5es diretamente na <strong>\u00c1rea do Candidato<\/strong> no site da banca. A leitura atenta do edital completo \u00e9 indispens\u00e1vel para o correto cumprimento de todas as exig\u00eancias.<\/p>\n<h2>Etapas e Provas<\/h2>\n<p>O concurso ser\u00e1 composto por at\u00e9 tr\u00eas etapas, conforme o cargo pretendido:<\/p>\n<ul>\n<li><strong>Prova Te\u00f3rico-Objetiva<\/strong> (eliminat\u00f3ria e classificat\u00f3ria): aplicada a <strong>todos os cargos<\/strong>, com quest\u00f5es de m\u00faltipla escolha. Ser\u00e3o 20 quest\u00f5es para cargos de n\u00edvel fundamental\/alfabetizado e 40 quest\u00f5es para n\u00edveis m\u00e9dio\/t\u00e9cnico e superior. A pontua\u00e7\u00e3o m\u00e1xima varia entre 80 e 100 pontos, de acordo com o cargo. Ser\u00e1 considerado aprovado o candidato que obtiver <strong>nota igual ou superior a 50%<\/strong> do total de pontos e atingir o m\u00ednimo exigido por componente.<\/li>\n<li><strong>Prova Pr\u00e1tica<\/strong> (eliminat\u00f3ria e classificat\u00f3ria): destinada aos cargos de <strong>Auxiliar de Mec\u00e2nico, Motorista, Operador de M\u00e1quinas, Oper\u00e1rio, Oper\u00e1rio Especializado e T\u00e9cnico em Inform\u00e1tica<\/strong>. Avaliar\u00e1 habilidades t\u00e9cnicas e pr\u00e1ticas espec\u00edficas da fun\u00e7\u00e3o. Ser\u00e3o convocados os <strong>10 primeiros classificados<\/strong> na prova objetiva em cada cargo.<\/li>\n<li><strong>Prova de T\u00edtulos<\/strong> (classificat\u00f3ria): exclusiva para os cargos de <strong>Professor<\/strong> (Anos Iniciais, Educa\u00e7\u00e3o F\u00edsica, Educa\u00e7\u00e3o Infantil, Ingl\u00eas, Matem\u00e1tica e Portugu\u00eas). Os t\u00edtulos dever\u00e3o ser enviados eletronicamente na \u00c1rea do Candidato, em formato digital ou nato-digital, conforme orienta\u00e7\u00f5es do edital.<\/li>\n<\/ul>\n<p>As disciplinas cobradas na prova objetiva incluem, conforme o cargo, conte\u00fados como L\u00edngua Portuguesa, Matem\u00e1tica, Legisla\u00e7\u00e3o, Conhecimentos Gerais e Conhecimentos Espec\u00edficos.<\/p>\n<p>Para detalhes sobre o conte\u00fado program\u00e1tico, crit\u00e9rios de avalia\u00e7\u00e3o e cronograma de aplica\u00e7\u00e3o das provas, \u00e9 essencial consultar o edital completo.<\/p>\n<h2>Resultados e Gabarito<\/h2>\n<p>Os resultados e demais publica\u00e7\u00f5es oficiais do concurso ser\u00e3o divulgados por meio de editais no site da banca <a href=\"https:\/\/www.legalleconcursos.com.br\" target=\"_blank\" rel=\"noopener\">www.legalleconcursos.com.br<\/a>, conforme cronograma a ser estabelecido.<\/p>\n<p>Est\u00e3o previstas divulga\u00e7\u00f5es de:<\/p>\n<ul>\n<li><strong>Gabarito preliminar<\/strong> da Prova Te\u00f3rico-Objetiva;<\/li>\n<li><strong>Gabarito definitivo<\/strong>, ap\u00f3s an\u00e1lise de recursos;<\/li>\n<li><strong>Resultados preliminares e definitivos<\/strong> das provas objetiva, pr\u00e1tica e de t\u00edtulos;<\/li>\n<li><strong>Homologa\u00e7\u00e3o final<\/strong> do concurso.<\/li>\n<\/ul>\n<p>O candidato poder\u00e1 interpor recurso em todas as fases, dentro do prazo de <strong>3 dias \u00fateis<\/strong> ap\u00f3s cada publica\u00e7\u00e3o, exclusivamente por meio eletr\u00f4nico, com exposi\u00e7\u00e3o fundamentada e sem identifica\u00e7\u00e3o pessoal nos documentos anexados.<\/p>\n<p>A classifica\u00e7\u00e3o final ser\u00e1 definida pela <strong>soma das notas<\/strong> obtidas nas etapas aplic\u00e1veis a cada cargo. Em caso de empate, ser\u00e3o utilizados crit\u00e9rios como maior idade (para candidatos com 60 anos ou mais), desempenho nas provas, e, se necess\u00e1rio, sorteio p\u00fablico.<\/p>\n<p>A homologa\u00e7\u00e3o do concurso ser\u00e1 publicada oficialmente e os candidatos aprovados dever\u00e3o acompanhar as convoca\u00e7\u00f5es exclusivamente pelos canais oficiais da banca e da Prefeitura de Pinhal.<\/p>\n<p>\u00c9 de responsabilidade exclusiva do candidato acompanhar todas as publica\u00e7\u00f5es no site da Legalle Concursos e no Di\u00e1rio Oficial, garantindo o cumprimento dos prazos e etapas do certame.<\/p>\n","protected":false},"excerpt":{"rendered":"<p>Concurso Pref. Pinhal (RS) com edital publicado! Vagas p\/ Professores e Merendeira (Fund. a Sup.). Inscri\u00e7\u00f5es a partir de 03\/10. Sal\u00e1rios at\u00e9 R$ 6.5k. Confira detalhes!<\/p>\n","protected":false},"author":7,"featured_media":272550,"comment_status":"open","ping_status":"open","sticky":false,"template":"","format":"standard","meta":{"_acf_changed":false,"_breakdance_hide_in_design_set":false,"_breakdance_tags":"","footnotes":""},"categories":[6434,12,20,6871,116,25,128,108,130],"tags":[58],"_amplo":[],"destaque":[],"instituicoes":[],"class_list":["post-272551","post","type-post","status-publish","format-standard","has-post-thumbnail","hentry","category-educacao-fisica-licenciatura","category-enfermagem","category-letras","category-letras-ingles","category-matematica","category-pedagogia","category-tecnico-em-contabilidade","category-tecnico-enfermagem","category-tecnico-informatica","tag-rio-grande-sul"],"acf":{"_tipo_vagas":"vagas","_numero_vagas":"","_quadro_vagas":"","_cargos":"diversos","_cargos_especificos":"","_salario_max":"R$ 6572.5","_abertura":"20251003","_encerramento":"20251023","_inscricoes":"https:\/\/www.legalleconcursos.com.br","_executora_concurso":"","_instituicao_concurso":[],"_link_adicional":null,"_anexos":null,"_produtos":null,"_vagas":"08 vagas + 3 CR","_salario_min":"R$ 1553.5","_instituicao":"Prefeitura de Pinhal","_edital":"https:\/\/www.agrobase.com.br\/concursos\/wp-content\/uploads\/sites\/4\/2025\/10\/edital-01-2025-prefeitura-de-pinhal-rs.pdf","_anexos_edital":"https:\/\/www.agrobase.com.br\/concursos\/wp-content\/uploads\/sites\/4\/2025\/10\/anexos-edital-01-2025-prefeitura-de-pinhal-rs.pdf","_fund_incompleto":"<div>\r\n<table class=\"quadro\">\r\n<thead>\r\n<tr>\r\n<th class=\"hcargo\">Cargo<\/th>\r\n<th class=\"hvagas\">Vagas<\/th>\r\n<th class=\"hremuneracao\">Remunera\u00e7\u00e3o<\/th>\r\n<\/tr>\r\n<\/thead>\r\n    <tbody>\r\n      <td class=\"ccargos\">\r\n<span data-balloon-length=\"medium\" aria-label=\"N\u00edvel de 3\u00ba S\u00e9rie do Ensino Fundamental.\" data-balloon-pos=\"up\">Merendeira\/Servente<\/span><\/td>\r\n<td class=\"cvagas\">05<\/td>\r\n<td class=\"cremuneracao\">R$ 1.553,50 \/40h<\/td>\r\n<\/tr><td class=\"ccargos\">\r\n<span data-balloon-length=\"medium\" data-balloon-pos=\"up\">Motorista<\/span><\/td>\r\n<td class=\"cvagas\">02<\/td>\r\n<td class=\"cremuneracao\">R$ 2.390,00 \/40h<\/td>\r\n<\/tr><td class=\"ccargos\">\r\n<span data-balloon-length=\"medium\" data-balloon-pos=\"up\">Operador de M\u00e1quinas<\/span><\/td>\r\n<td class=\"cvagas\">02<\/td>\r\n<td class=\"cremuneracao\">R$ 3.107,00 \/40h<\/td>\r\n<\/tr><td class=\"ccargos\">\r\n<span data-balloon-length=\"medium\" aria-label=\"Sem exig\u00eancia espec\u00edfica de escolaridade.\" data-balloon-pos=\"up\">Oper\u00e1rio<\/span><\/td>\r\n<td class=\"cvagas\">01<\/td>\r\n<td class=\"cremuneracao\">R$ 2.031,50 \/40h<\/td>\r\n<\/tr><td class=\"ccargos\">\r\n<span data-balloon-length=\"medium\" aria-label=\"N\u00edvel de 4\u00aa S\u00e9rie do Ensino Fundamental.\" data-balloon-pos=\"up\">Oper\u00e1rio Especializado<\/span><\/td>\r\n<td class=\"cvagas\">01<\/td>\r\n<td class=\"cremuneracao\">R$ 2.270,50 \/40h<\/td>\r\n<\/tr><td class=\"ccargos\">\r\n<span data-balloon-length=\"medium\" aria-label=\"N\u00edvel de 2\u00aa S\u00e9rie do Ensino Fundamental.\" data-balloon-pos=\"up\">Vigilante<\/span><\/td>\r\n<td class=\"cvagas\">01<\/td>\r\n<td class=\"cremuneracao\">R$ 2.031,50 \/36h<\/td>\r\n<\/tr>\r\n    <\/tbody>\r\n  <\/table>\r\n<\/div>","_fund_completo":"<div>\r\n<table class=\"quadro\">\r\n<thead>\r\n<tr>\r\n<th class=\"hcargo\">Cargo<\/th>\r\n<th class=\"hvagas\">Vagas<\/th>\r\n<th class=\"hremuneracao\">Remunera\u00e7\u00e3o<\/th>\r\n<\/tr>\r\n<\/thead>\r\n    <tbody>\r\n      <td class=\"ccargos\">\r\n<span data-balloon-length=\"medium\" data-balloon-pos=\"up\">Auxiliar de Mec\u00e2nico<\/span><\/td>\r\n<td class=\"cvagas\">01<\/td>\r\n<td class=\"cremuneracao\">R$ 2.390,00 \/40h<\/td>\r\n<\/tr>\r\n    <\/tbody>\r\n  <\/table>\r\n<\/div>","_medio":"<div>\r\n<table class=\"quadro\">\r\n<thead>\r\n<tr>\r\n<th class=\"hcargo\">Cargo<\/th>\r\n<th class=\"hvagas\">Vagas<\/th>\r\n<th class=\"hremuneracao\">Remunera\u00e7\u00e3o<\/th>\r\n<\/tr>\r\n<\/thead>\r\n    <tbody>\r\n      <td class=\"ccargos\">\r\n<span data-balloon-length=\"medium\" aria-label=\"\" data-balloon-pos=\"up\">Agente Administrativo<\/span><\/td>\r\n<td class=\"cvagas\">01<\/td>\r\n<td class=\"cremuneracao\">R$ 3.107,00 \/40h<\/td>\r\n<\/tr><td class=\"ccargos\">\r\n<span data-balloon-length=\"medium\" aria-label=\"T\u00e9cnico em Contabilidade ou Ensino Superior em Contabilidade; Habilita\u00e7\u00e3o legal para o exerc\u00edcio da profiss\u00e3o de T\u00e9cnico em Contabilidade.\" data-balloon-pos=\"up\">Auxiliar em Contabilidade<\/span><\/td>\r\n<td class=\"cvagas\">CR<\/td>\r\n<td class=\"cremuneracao\">R$ 4.780,00 \/40h<\/td>\r\n<\/tr><td class=\"ccargos\">\r\n<span data-balloon-length=\"medium\" aria-label=\"\" data-balloon-pos=\"up\">Monitor de Escola<\/span><\/td>\r\n<td class=\"cvagas\">05<\/td>\r\n<td class=\"cremuneracao\">R$ 2.031,50 \/40h<\/td>\r\n<\/tr><td class=\"ccargos\">\r\n<span data-balloon-length=\"medium\" aria-label=\"Forma\u00e7\u00e3o em T\u00e9cnico em Enfermagem de n\u00edvel m\u00e9dio e inscri\u00e7\u00e3o no COREN.\" data-balloon-pos=\"up\">T\u00e9cnico de Enfermagem<\/span><\/td>\r\n<td class=\"cvagas\">01<\/td>\r\n<td class=\"cremuneracao\">R$ 3.107,00 \/40h<\/td>\r\n<\/tr><td class=\"ccargos\">\r\n<span data-balloon-length=\"medium\" aria-label=\"T\u00e9cnico em Inform\u00e1tica p\u00f3s-m\u00e9dio.\" data-balloon-pos=\"up\">T\u00e9cnico em Inform\u00e1tica<\/span><\/td>\r\n<td class=\"cvagas\">01<\/td>\r\n<td class=\"cremuneracao\">R$ 3.704,50 \/40h<\/td>\r\n<\/tr><td class=\"ccargos\">\r\n<span data-balloon-length=\"medium\" aria-label=\"\" data-balloon-pos=\"up\">Tesoureiro<\/span><\/td>\r\n<td class=\"cvagas\">CR<\/td>\r\n<td class=\"cremuneracao\">R$ 4.780,00 \/40h<\/td>\r\n<\/tr>\r\n    <\/tbody>\r\n  <\/table>\r\n<\/div>","_superior":"<div>\r\n<table class=\"quadro\">\r\n<thead>\r\n<tr>\r\n<th class=\"hcargo\">Cargo<\/th>\r\n<th class=\"hvagas\">Vagas<\/th>\r\n<th class=\"hremuneracao\">Remunera\u00e7\u00e3o<\/th>\r\n<\/tr>\r\n<\/thead>\r\n    <tbody>\r\n      <tr>\r\n<td class=\"ccargos\">\r\n<span data-balloon-length=\"medium\" aria-label=\"Diploma de Curso Superior de Enfermagem devidamente registrado; Inscri\u00e7\u00e3o ativa e regular no Conselho Regional de Enfermagem (COREN).\" data-balloon-pos=\"up\">Enfermeiro Especializado<\/span><\/td>\r\n<td class=\"cvagas\">01<\/td>\r\n<td class=\"cremuneracao\">R$ 6.572,50 \/40h<\/td>\r\n<\/tr><tr>\r\n<td class=\"ccargos\">\r\n<span data-balloon-length=\"medium\" aria-label=\"Forma\u00e7\u00e3o em Curso Superior de Licenciatura Plena em Pedagogia, com habilita\u00e7\u00e3o em Anos Iniciais do Ensino Fundamental.\" data-balloon-pos=\"up\">Professor de Anos Iniciais<\/span><\/td>\r\n<td class=\"cvagas\">05<\/td>\r\n<td class=\"cremuneracao\">R$ 2.509,59 \/20h<\/td>\r\n<\/tr><tr>\r\n<td class=\"ccargos\">\r\n<span data-balloon-length=\"medium\" aria-label=\"Forma\u00e7\u00e3o em N\u00edvel Superior, em Curso de Licenciatura Plena em Educa\u00e7\u00e3o F\u00edsica, ou outra gradua\u00e7\u00e3o correspondente a \u00e1reas de conhecimento especificas do curr\u00edculo, com forma\u00e7\u00e3o pedag\u00f3gica, nos termos da legisla\u00e7\u00e3o vigente.\" data-balloon-pos=\"up\">Professor de Educa\u00e7\u00e3o F\u00edsica<\/span><\/td>\r\n<td class=\"cvagas\">01<\/td>\r\n<td class=\"cremuneracao\">R$ 2.509,59 \/20h<\/td>\r\n<\/tr><tr>\r\n<td class=\"ccargos\">\r\n<span data-balloon-length=\"medium\" aria-label=\"Forma\u00e7\u00e3o em Curso Superior de Licenciatura Plena em Pedagogia, com habilita\u00e7\u00e3o em Educa\u00e7\u00e3o Infantil.\" data-balloon-pos=\"up\">Professor de Educa\u00e7\u00e3o Infantil<\/span><\/td>\r\n<td class=\"cvagas\">05<\/td>\r\n<td class=\"cremuneracao\">R$ 2.509,59 \/20h<\/td>\r\n<\/tr><tr>\r\n<td class=\"ccargos\">\r\n<span data-balloon-length=\"medium\" aria-label=\"Forma\u00e7\u00e3o em N\u00edvel Superior, em curso de licenciatura plena em Letras - Ingl\u00eas, ou outra gradua\u00e7\u00e3o correspondente a \u00e1reas de conhecimento especificas do curr\u00edculo, com forma\u00e7\u00e3o pedag\u00f3gica, nos termos da legisla\u00e7\u00e3o vigente.\" data-balloon-pos=\"up\">Professor de Ingl\u00eas<\/span><\/td>\r\n<td class=\"cvagas\">01<\/td>\r\n<td class=\"cremuneracao\">R$ 2.509,59 \/20h<\/td>\r\n<\/tr><tr>\r\n<td class=\"ccargos\">\r\n<span data-balloon-length=\"medium\" aria-label=\"Forma\u00e7\u00e3o em n\u00edvel superior, em curso de licenciatura plena em Matem\u00e1tica, ou outra gradua\u00e7\u00e3o correspondente a \u00e1reas de conhecimento espec\u00edficas do curr\u00edculo, com forma\u00e7\u00e3o pedag\u00f3gica, nos termos da legisla\u00e7\u00e3o vigente.\" data-balloon-pos=\"up\">Professor de Matem\u00e1tica<\/span><\/td>\r\n<td class=\"cvagas\">01<\/td>\r\n<td class=\"cremuneracao\">R$ 2.509,59 \/20h<\/td>\r\n<\/tr><tr>\r\n<td class=\"ccargos\">\r\n<span data-balloon-length=\"medium\" aria-label=\"Forma\u00e7\u00e3o em n\u00edvel superior, em curso de licenciatura plena em Letras Portugu\u00eas, ou outra gradua\u00e7\u00e3o correspondente a \u00e1reas de conhecimento especificas do curr\u00edculo, com forma\u00e7\u00e3o pedag\u00f3gica, nos termos da legisla\u00e7\u00e3o vigente.\" data-balloon-pos=\"up\">Professor de Portugu\u00eas<\/span><\/td>\r\n<td class=\"cvagas\">01<\/td>\r\n<td class=\"cremuneracao\">R$ 2.509,59 \/20h<\/td>\r\n<\/tr>\r\n    <\/tbody>\r\n  <\/table>\r\n<\/div>"},"_links":{"self":[{"href":"https:\/\/www.agrobase.com.br\/concursos\/wp-json\/wp\/v2\/posts\/272551","targetHints":{"allow":["GET"]}}],"collection":[{"href":"https:\/\/www.agrobase.com.br\/concursos\/wp-json\/wp\/v2\/posts"}],"about":[{"href":"https:\/\/www.agrobase.com.br\/concursos\/wp-json\/wp\/v2\/types\/post"}],"author":[{"embeddable":true,"href":"https:\/\/www.agrobase.com.br\/concursos\/wp-json\/wp\/v2\/users\/7"}],"replies":[{"embeddable":true,"href":"https:\/\/www.agrobase.com.br\/concursos\/wp-json\/wp\/v2\/comments?post=272551"}],"version-history":[{"count":2,"href":"https:\/\/www.agrobase.com.br\/concursos\/wp-json\/wp\/v2\/posts\/272551\/revisions"}],"predecessor-version":[{"id":272555,"href":"https:\/\/www.agrobase.com.br\/concursos\/wp-json\/wp\/v2\/posts\/272551\/revisions\/272555"}],"wp:featuredmedia":[{"embeddable":true,"href":"https:\/\/www.agrobase.com.br\/concursos\/wp-json\/wp\/v2\/media\/272550"}],"wp:attachment":[{"href":"https:\/\/www.agrobase.com.br\/concursos\/wp-json\/wp\/v2\/media?parent=272551"}],"wp:term":[{"taxonomy":"category","embeddable":true,"href":"https:\/\/www.agrobase.com.br\/concursos\/wp-json\/wp\/v2\/categories?post=272551"},{"taxonomy":"post_tag","embeddable":true,"href":"https:\/\/www.agrobase.com.br\/concursos\/wp-json\/wp\/v2\/tags?post=272551"},{"taxonomy":"_amplo","embeddable":true,"href":"https:\/\/www.agrobase.com.br\/concursos\/wp-json\/wp\/v2\/_amplo?post=272551"},{"taxonomy":"destaque","embeddable":true,"href":"https:\/\/www.agrobase.com.br\/concursos\/wp-json\/wp\/v2\/destaque?post=272551"},{"taxonomy":"instituicoes","embeddable":true,"href":"https:\/\/www.agrobase.com.br\/concursos\/wp-json\/wp\/v2\/instituicoes?post=272551"}],"curies":[{"name":"wp","href":"https:\/\/api.w.org\/{rel}","templated":true}]}}