{"id":272537,"date":"2025-10-14T08:30:05","date_gmt":"2025-10-14T11:30:05","guid":{"rendered":"https:\/\/www.agrobase.com.br\/concursos\/?p=272537"},"modified":"2025-10-13T14:50:43","modified_gmt":"2025-10-13T17:50:43","slug":"prefeitura-lucas-do-rio-verde-mt-selecao-simplificada-03-2025","status":"publish","type":"post","link":"https:\/\/www.agrobase.com.br\/concursos\/2025\/prefeitura-lucas-do-rio-verde-mt-selecao-simplificada-03-2025\/","title":{"rendered":"Prefeitura Lucas do Rio Verde (MT) &#8211; Sele\u00e7\u00e3o Simplificada 03\/2025"},"content":{"rendered":"<h2>Informa\u00e7\u00f5es Gerais<\/h2>\n<p>O <strong>Processo Seletivo Simplificado da Prefeitura Municipal de Lucas do Rio Verde \u2013 MT<\/strong>, regido pelo <strong>Edital n\u00ba 003\/2025<\/strong>, est\u00e1 com edital publicado e inscri\u00e7\u00f5es abertas. Organizado pelo Instituto Selecon, o certame visa \u00e0 <strong>contrata\u00e7\u00e3o tempor\u00e1ria e forma\u00e7\u00e3o de cadastro de reserva<\/strong> para atua\u00e7\u00e3o na Secretaria Municipal de Educa\u00e7\u00e3o (SME).<\/p>\n<p>As oportunidades contemplam candidatos com <strong>n\u00edvel fundamental, m\u00e9dio e superior<\/strong>, com destaque para fun\u00e7\u00f5es docentes em diversas \u00e1reas do conhecimento. Entre as \u00e1reas com vagas, est\u00e3o <em>Ci\u00eancias Biol\u00f3gicas<\/em> (Professor de Ci\u00eancias), <em>Educa\u00e7\u00e3o F\u00edsica<\/em>, <em>Geografia<\/em>, <em>Hist\u00f3ria<\/em>, <em>L\u00edngua Portuguesa<\/em>, <em>Matem\u00e1tica<\/em>, <em>Artes<\/em> e <em>Pedagogia<\/em>, al\u00e9m de fun\u00e7\u00f5es de apoio como T\u00e9cnico de Infraestrutura e Monitoria.<\/p>\n<p>O regime de contrata\u00e7\u00e3o ser\u00e1 o <strong>Regime Especialmente Administrativo<\/strong>, com v\u00ednculo previdenci\u00e1rio pelo INSS. As remunera\u00e7\u00f5es variam de <strong>R$ 2.629,38 a R$ 5.988,39<\/strong>, conforme o cargo e n\u00edvel de escolaridade exigido.<\/p>\n<p>Se voc\u00ea busca uma oportunidade tempor\u00e1ria no setor p\u00fablico e deseja atuar na \u00e1rea educacional, continue a leitura para conhecer os detalhes sobre inscri\u00e7\u00f5es, etapas e resultados.<\/p>\n<h2>Inscri\u00e7\u00f5es<\/h2>\n<p>As inscri\u00e7\u00f5es para o Processo Seletivo Simplificado da Prefeitura de Lucas do Rio Verde \u2013 MT est\u00e3o <strong>abertas<\/strong> e devem ser realizadas exclusivamente <strong>online<\/strong>, por meio do site do Instituto Selecon: <a href=\"https:\/\/selecon.org.br\/\" target=\"_blank\" rel=\"noopener\">https:\/\/selecon.org.br\/<\/a>.<\/p>\n<p>O per\u00edodo de inscri\u00e7\u00e3o vai de <strong>10 de outubro de 2025<\/strong> at\u00e9 <strong>29 de outubro de 2025<\/strong>, \u00e0s 23h59 (hor\u00e1rio local). A efetiva\u00e7\u00e3o da inscri\u00e7\u00e3o ocorre somente ap\u00f3s o pagamento do boleto banc\u00e1rio gerado ao final do processo.<\/p>\n<p>As taxas de inscri\u00e7\u00e3o variam conforme o n\u00edvel de escolaridade exigido para o cargo:<\/p>\n<ul>\n<li><strong>R$ 40,00<\/strong> \u2013 N\u00edvel Fundamental<\/li>\n<li><strong>R$ 60,00<\/strong> \u2013 N\u00edvel M\u00e9dio<\/li>\n<li><strong>R$ 80,00<\/strong> \u2013 N\u00edvel Superior<\/li>\n<\/ul>\n<p>O edital prev\u00ea crit\u00e9rios para solicita\u00e7\u00e3o de <strong>isen\u00e7\u00e3o da taxa<\/strong>, conforme as condi\u00e7\u00f5es estabelecidas no cronograma. O candidato deve acompanhar seu status de inscri\u00e7\u00e3o na \u00e1rea restrita do site da banca.<\/p>\n<p>Recomenda-se a leitura atenta do edital completo antes de efetuar a inscri\u00e7\u00e3o, para conhecimento de todas as regras e prazos.<\/p>\n<h2>Etapas e Provas<\/h2>\n<p>O processo seletivo ser\u00e1 composto por <strong>etapa \u00fanica<\/strong>, comum a todos os cargos, com aplica\u00e7\u00e3o de <strong>prova objetiva de m\u00faltipla escolha<\/strong>, de car\u00e1ter <strong>eliminat\u00f3rio e classificat\u00f3rio<\/strong>.<\/p>\n<ul>\n<li><strong>Formato:<\/strong> 20 quest\u00f5es objetivas, com 4 alternativas cada<\/li>\n<li><strong>Pontua\u00e7\u00e3o:<\/strong> cada quest\u00e3o vale 5 pontos, totalizando 100 pontos<\/li>\n<li><strong>Dura\u00e7\u00e3o:<\/strong> 2 horas (das 9h \u00e0s 11h)<\/li>\n<li><strong>Data prevista:<\/strong> conforme cronograma oficial (Anexo I do edital)<\/li>\n<\/ul>\n<p>Os conte\u00fados cobrados variam conforme o n\u00edvel de escolaridade:<\/p>\n<ul>\n<li><strong>N\u00edvel Fundamental e M\u00e9dio:<\/strong> Conhecimentos B\u00e1sicos<\/li>\n<li><strong>N\u00edvel Superior:<\/strong> Conhecimentos B\u00e1sicos e Espec\u00edficos<\/li>\n<\/ul>\n<p>Ser\u00e1 eliminado o candidato que obtiver <strong>nota inferior a 60 pontos<\/strong> na prova objetiva. A prova ser\u00e1 aplicada presencialmente, e o candidato dever\u00e1 comparecer com anteced\u00eancia m\u00ednima de 1 hora, portando documento oficial com foto, caneta esferogr\u00e1fica azul ou preta e o Cart\u00e3o de Confirma\u00e7\u00e3o de Etapa, dispon\u00edvel no site da banca.<\/p>\n<p>O conte\u00fado program\u00e1tico detalhado e a distribui\u00e7\u00e3o das disciplinas por cargo est\u00e3o dispon\u00edveis nos Anexos IV e V do edital. Para informa\u00e7\u00f5es completas sobre regras, crit\u00e9rios de avalia\u00e7\u00e3o e cronograma, recomenda-se a leitura integral do edital.<\/p>\n<h2>Resultados e Gabarito<\/h2>\n<p>O <strong>gabarito preliminar<\/strong> da prova objetiva ser\u00e1 divulgado no <strong>primeiro dia \u00fatil<\/strong> ap\u00f3s a aplica\u00e7\u00e3o, no site oficial do Instituto Selecon (<a href=\"https:\/\/selecon.org.br\/\" target=\"_blank\" rel=\"noopener\">https:\/\/selecon.org.br\/<\/a>) e no portal da Prefeitura de Lucas do Rio Verde.<\/p>\n<p>Os <strong>resultados preliminares<\/strong> e <strong>definitivos<\/strong> de cada fase, incluindo o resultado final, seguir\u00e3o o cronograma oficial (Anexo I) e estar\u00e3o dispon\u00edveis nos mesmos canais. Todos os resultados estar\u00e3o sujeitos a <strong>recurso<\/strong>, que dever\u00e1 ser interposto exclusivamente pelo site da banca, dentro dos prazos estabelecidos.<\/p>\n<p>Em caso de empate na pontua\u00e7\u00e3o final, os crit\u00e9rios de desempate s\u00e3o, nesta ordem:<\/p>\n<ul>\n<li>Idade (prefer\u00eancia para candidatos idosos)<\/li>\n<li>Maior nota em Conhecimentos Espec\u00edficos<\/li>\n<li>Maior nota em L\u00edngua Portuguesa<\/li>\n<li>Maior nota em Racioc\u00ednio L\u00f3gico ou Matem\u00e1tica<\/li>\n<li>Maior nota em Legisla\u00e7\u00e3o<\/li>\n<li>Maior idade (para n\u00e3o idosos)<\/li>\n<\/ul>\n<p>A <strong>homologa\u00e7\u00e3o do resultado final<\/strong> ser\u00e1 publicada no site da Prefeitura (<a href=\"https:\/\/www.lucasdorioverde.mt.gov.br\" target=\"_blank\" rel=\"noopener\">www.lucasdorioverde.mt.gov.br<\/a>), no site do Instituto Selecon e no Di\u00e1rio Oficial de Contas (TCE-MT).<\/p>\n<p>A <strong>convoca\u00e7\u00e3o dos aprovados<\/strong> seguir\u00e1 a ordem de classifica\u00e7\u00e3o e ser\u00e1 feita por meio de edital espec\u00edfico, tamb\u00e9m publicado nos canais oficiais. O candidato dever\u00e1 apresentar a documenta\u00e7\u00e3o exigida no prazo de 5 dias \u00fateis ap\u00f3s a publica\u00e7\u00e3o da convoca\u00e7\u00e3o.<\/p>\n<p>\u00c9 responsabilidade exclusiva do candidato acompanhar todas as publica\u00e7\u00f5es oficiais no site da banca organizadora e no Di\u00e1rio Oficial de Contas do TCE-MT.<\/p>\n","protected":false},"excerpt":{"rendered":"<p>Sel. Simplificada Pref. Lucas do Rio Verde (MT) com edital publicado! Vagas p\/ Professores (Fund. a Sup.). Inscri\u00e7\u00f5es a partir de 10\/10. Confira detalhes!<\/p>\n","protected":false},"author":7,"featured_media":272536,"comment_status":"open","ping_status":"open","sticky":false,"template":"","format":"standard","meta":{"_acf_changed":false,"_breakdance_hide_in_design_set":false,"_breakdance_tags":"","footnotes":""},"categories":[6433,141,6434,112,111,100,20,6871,116,25],"tags":[47],"_amplo":[],"destaque":[],"instituicoes":[],"class_list":["post-272537","post","type-post","status-publish","format-standard","has-post-thumbnail","hentry","category-biologia-licenciatura","category-educacao-artistica","category-educacao-fisica-licenciatura","category-filosofia","category-geografia","category-historia","category-letras","category-letras-ingles","category-matematica","category-pedagogia","tag-mato-grosso"],"acf":{"_tipo_vagas":"vagas","_numero_vagas":"","_quadro_vagas":"","_cargos":"diversos","_cargos_especificos":"","_salario_max":"R$ 5988.39","_abertura":"20251010","_encerramento":"20251029","_inscricoes":"https:\/\/selecon.org.br\/","_executora_concurso":"","_instituicao_concurso":[],"_link_adicional":null,"_anexos":null,"_produtos":null,"_vagas":"CR","_salario_min":"R$ 2629.38","_instituicao":"Prefeitura de Lucas do Rio Verde","_edital":"https:\/\/www.agrobase.com.br\/concursos\/wp-content\/uploads\/sites\/4\/2025\/10\/edital-03-2025-prefeitura-de-lucas-do-rio-verde-mt.pdf","_anexos_edital":"https:\/\/www.agrobase.com.br\/concursos\/wp-content\/uploads\/sites\/4\/2025\/10\/anexos-edital-03-2025-prefeitura-de-lucas-do-rio-verde-mt.pdf","_fund_incompleto":"","_fund_completo":"<div>\r\n<table class=\"quadro\">\r\n<thead>\r\n<tr>\r\n<th class=\"hcargo\">Cargo<\/th>\r\n<th class=\"hvagas\">Vagas<\/th>\r\n<th class=\"hremuneracao\">Remunera\u00e7\u00e3o<\/th>\r\n<\/tr>\r\n<\/thead>\r\n    <tbody>\r\n      <td class=\"ccargos\">\r\n<span data-balloon-length=\"medium\" aria-label=\"Ensino fundamental completo\" data-balloon-pos=\"up\">T\u00e9cnico de Infraestrutura - \u00c1rea Alimenta\u00e7\u00e3o<\/span><\/td>\r\n<td class=\"cvagas\">CR<\/td>\r\n<td class=\"cremuneracao\">R$ 2.629,38 \/40h<\/td>\r\n<\/tr><td class=\"ccargos\">\r\n<span data-balloon-length=\"medium\" aria-label=\"Ensino fundamental completo\" data-balloon-pos=\"up\">T\u00e9cnico de Infraestrutura - \u00c1rea Alimenta\u00e7\u00e3o Fredolino Vieira Barros<\/span><\/td>\r\n<td class=\"cvagas\">CR<\/td>\r\n<td class=\"cremuneracao\">R$ 2.629,38 \/40h<\/td>\r\n<\/tr><td class=\"ccargos\">\r\n<span data-balloon-length=\"medium\" aria-label=\"Ensino fundamental completo\" data-balloon-pos=\"up\">Padeiro<\/span><\/td>\r\n<td class=\"cvagas\">CR<\/td>\r\n<td class=\"cremuneracao\">R$ 2.867,51 \/40h<\/td>\r\n<\/tr>\r\n    <\/tbody>\r\n  <\/table>\r\n<\/div>","_medio":"<div>\r\n<table class=\"quadro\">\r\n<thead>\r\n<tr>\r\n<th class=\"hcargo\">Cargo<\/th>\r\n<th class=\"hvagas\">Vagas<\/th>\r\n<th class=\"hremuneracao\">Remunera\u00e7\u00e3o<\/th>\r\n<\/tr>\r\n<\/thead>\r\n    <tbody>\r\n      <td class=\"ccargos\">\r\n<span data-balloon-length=\"medium\" aria-label=\"Ensino m\u00e9dio completo\" data-balloon-pos=\"up\">T\u00e9cnico Administrativo Educacional - \u00c1rea Monitoria<\/span><\/td>\r\n<td class=\"cvagas\">CR<\/td>\r\n<td class=\"cremuneracao\">R$ 3.051,18 \/40h<\/td>\r\n<\/tr>\r\n    <\/tbody>\r\n  <\/table>\r\n<\/div>","_superior":"<div>\r\n<table class=\"quadro\">\r\n<thead>\r\n<tr>\r\n<th class=\"hcargo\">Cargo<\/th>\r\n<th class=\"hvagas\">Vagas<\/th>\r\n<th class=\"hremuneracao\">Remunera\u00e7\u00e3o<\/th>\r\n<\/tr>\r\n<\/thead>\r\n    <tbody>\r\n      <tr>\r\n<td class=\"ccargos\">\r\n<span data-balloon-length=\"medium\" aria-label=\"Curso Superior - Licenciatura em Educa\u00e7\u00e3o Art\u00edstica ou Artes\" data-balloon-pos=\"up\">Professor de Arte<\/span><\/td>\r\n<td class=\"cvagas\">CR<\/td>\r\n<td class=\"cremuneracao\">R$ 5.988,39 \/30h<\/td>\r\n<\/tr><tr>\r\n<td class=\"ccargos\">\r\n<span data-balloon-length=\"medium\" aria-label=\"Curso Superior - Licenciatura Plena em Ci\u00eancias Biol\u00f3gicas\" data-balloon-pos=\"up\">Professor de Ci\u00eancias<\/span><\/td>\r\n<td class=\"cvagas\">CR<\/td>\r\n<td class=\"cremuneracao\">R$ 5.988,39 \/30h<\/td>\r\n<\/tr><tr>\r\n<td class=\"ccargos\">\r\n<span data-balloon-length=\"medium\" aria-label=\"Curso Superior - Licenciatura Plena em Educa\u00e7\u00e3o F\u00edsica e Registro no Conselho Regional de Educa\u00e7\u00e3o F\u00edsica - CREF\" data-balloon-pos=\"up\">Professor de Educa\u00e7\u00e3o F\u00edsica<\/span><\/td>\r\n<td class=\"cvagas\">CR<\/td>\r\n<td class=\"cremuneracao\">R$ 5.988,39 \/30h<\/td>\r\n<\/tr><tr>\r\n<td class=\"ccargos\">\r\n<span data-balloon-length=\"medium\" aria-label=\"Curso Superior - Licenciatura Plena em Educa\u00e7\u00e3o F\u00edsica e Registro no Conselho Regional de Educa\u00e7\u00e3o F\u00edsica - CREF\" data-balloon-pos=\"up\">Professor de Educa\u00e7\u00e3o F\u00edsica - Fredolino Vieira Barros<\/span><\/td>\r\n<td class=\"cvagas\">CR<\/td>\r\n<td class=\"cremuneracao\">R$ 5.988,39 \/30h<\/td>\r\n<\/tr><tr>\r\n<td class=\"ccargos\">\r\n<span data-balloon-length=\"medium\" aria-label=\"Curso Superior - Licenciatura Plena em Filosofia\" data-balloon-pos=\"up\">Professor de Ensino Religioso<\/span><\/td>\r\n<td class=\"cvagas\">CR<\/td>\r\n<td class=\"cremuneracao\">R$ 5.988,39 \/30h<\/td>\r\n<\/tr><tr>\r\n<td class=\"ccargos\">\r\n<span data-balloon-length=\"medium\" aria-label=\"Curso Superior - Licenciatura Plena em Geografia\" data-balloon-pos=\"up\">Professor de Geografia<\/span><\/td>\r\n<td class=\"cvagas\">CR<\/td>\r\n<td class=\"cremuneracao\">R$ 5.988,39 \/30h<\/td>\r\n<\/tr><tr>\r\n<td class=\"ccargos\">\r\n<span data-balloon-length=\"medium\" aria-label=\"Curso Superior - Licenciatura Plena em Hist\u00f3ria\" data-balloon-pos=\"up\">Professor de Hist\u00f3ria<\/span><\/td>\r\n<td class=\"cvagas\">CR<\/td>\r\n<td class=\"cremuneracao\">R$ 5.988,39 \/30h<\/td>\r\n<\/tr><tr>\r\n<td class=\"ccargos\">\r\n<span data-balloon-length=\"medium\" aria-label=\"Curso Superior - Licenciatura Plena em Estudos Sociais; Filosofia; Hist\u00f3ria e Geografia\" data-balloon-pos=\"up\">Professor de Hist\u00f3ria e Geografia<\/span><\/td>\r\n<td class=\"cvagas\">CR<\/td>\r\n<td class=\"cremuneracao\">R$ 5.988,39 \/30h<\/td>\r\n<\/tr><tr>\r\n<td class=\"ccargos\">\r\n<span data-balloon-length=\"medium\" aria-label=\"Curso Superior - Licenciatura Plena em Letras com habilita\u00e7\u00e3o para L\u00edngua Portuguesa\" data-balloon-pos=\"up\">Professor de L\u00edngua Portuguesa<\/span><\/td>\r\n<td class=\"cvagas\">CR<\/td>\r\n<td class=\"cremuneracao\">R$ 5.988,39 \/30h<\/td>\r\n<\/tr><tr>\r\n<td class=\"ccargos\">\r\n<span data-balloon-length=\"medium\" aria-label=\"Plena em Letras com habilita\u00e7\u00e3o para L\u00edngua Portuguesa e Inglesa\" data-balloon-pos=\"up\">Professor de L\u00edngua Portuguesa\/ Inglesa<\/span><\/td>\r\n<td class=\"cvagas\">CR<\/td>\r\n<td class=\"cremuneracao\">R$ 5.988,39 \/30h<\/td>\r\n<\/tr><tr>\r\n<td class=\"ccargos\">\r\n<span data-balloon-length=\"medium\" aria-label=\"Curso Superior - Licenciatura Plena em Matem\u00e1tica\" data-balloon-pos=\"up\">Professor de Matem\u00e1tica<\/span><\/td>\r\n<td class=\"cvagas\">CR<\/td>\r\n<td class=\"cremuneracao\">R$ 5.988,39 \/30h<\/td>\r\n<\/tr><tr>\r\n<td class=\"ccargos\">\r\n<span data-balloon-length=\"medium\" aria-label=\"Curso Superior - Licenciatura Plena em Pedagogia com habilita\u00e7\u00e3o em Educa\u00e7\u00e3o Infantil e\/ou Ensino Fundamental, ou Curso Superior em Normal Superior\" data-balloon-pos=\"up\">Professor Pedagogia<\/span><\/td>\r\n<td class=\"cvagas\">CR<\/td>\r\n<td class=\"cremuneracao\">R$ 5.988,39 \/30h<\/td>\r\n<\/tr><tr>\r\n<td class=\"ccargos\">\r\n<span data-balloon-length=\"medium\" aria-label=\"Curso Superior - Licenciatura Plena em Pedagogia com habilita\u00e7\u00e3o em Educa\u00e7\u00e3o Infantil e\/ou Ensino Fundamental, ou Curso Superior em Normal Superior\" data-balloon-pos=\"up\">Professor Pedagogia - Fredolino Vieira Barros<\/span><\/td>\r\n<td class=\"cvagas\">CR<\/td>\r\n<td class=\"cremuneracao\">R$ 5.988,39 \/30h<\/td>\r\n<\/tr><tr>\r\n<td class=\"ccargos\">\r\n<span data-balloon-length=\"medium\" aria-label=\"Curso Superior - Licenciatura Plena em Pedagogia com habilita\u00e7\u00e3o em Educa\u00e7\u00e3o Infantil e\/ou Ensino Fundamental, ou Curso Superior em Normal Superior com exame de profici\u00eancia em Libras\" data-balloon-pos=\"up\">Professor Pedagogia - com atesto em Libras<\/span><\/td>\r\n<td class=\"cvagas\">CR<\/td>\r\n<td class=\"cremuneracao\">R$ 5.988,39 \/30h<\/td>\r\n<\/tr>\r\n    <\/tbody>\r\n  <\/table>\r\n<\/div>"},"_links":{"self":[{"href":"https:\/\/www.agrobase.com.br\/concursos\/wp-json\/wp\/v2\/posts\/272537","targetHints":{"allow":["GET"]}}],"collection":[{"href":"https:\/\/www.agrobase.com.br\/concursos\/wp-json\/wp\/v2\/posts"}],"about":[{"href":"https:\/\/www.agrobase.com.br\/concursos\/wp-json\/wp\/v2\/types\/post"}],"author":[{"embeddable":true,"href":"https:\/\/www.agrobase.com.br\/concursos\/wp-json\/wp\/v2\/users\/7"}],"replies":[{"embeddable":true,"href":"https:\/\/www.agrobase.com.br\/concursos\/wp-json\/wp\/v2\/comments?post=272537"}],"version-history":[{"count":2,"href":"https:\/\/www.agrobase.com.br\/concursos\/wp-json\/wp\/v2\/posts\/272537\/revisions"}],"predecessor-version":[{"id":272541,"href":"https:\/\/www.agrobase.com.br\/concursos\/wp-json\/wp\/v2\/posts\/272537\/revisions\/272541"}],"wp:featuredmedia":[{"embeddable":true,"href":"https:\/\/www.agrobase.com.br\/concursos\/wp-json\/wp\/v2\/media\/272536"}],"wp:attachment":[{"href":"https:\/\/www.agrobase.com.br\/concursos\/wp-json\/wp\/v2\/media?parent=272537"}],"wp:term":[{"taxonomy":"category","embeddable":true,"href":"https:\/\/www.agrobase.com.br\/concursos\/wp-json\/wp\/v2\/categories?post=272537"},{"taxonomy":"post_tag","embeddable":true,"href":"https:\/\/www.agrobase.com.br\/concursos\/wp-json\/wp\/v2\/tags?post=272537"},{"taxonomy":"_amplo","embeddable":true,"href":"https:\/\/www.agrobase.com.br\/concursos\/wp-json\/wp\/v2\/_amplo?post=272537"},{"taxonomy":"destaque","embeddable":true,"href":"https:\/\/www.agrobase.com.br\/concursos\/wp-json\/wp\/v2\/destaque?post=272537"},{"taxonomy":"instituicoes","embeddable":true,"href":"https:\/\/www.agrobase.com.br\/concursos\/wp-json\/wp\/v2\/instituicoes?post=272537"}],"curies":[{"name":"wp","href":"https:\/\/api.w.org\/{rel}","templated":true}]}}