{"id":272492,"date":"2025-10-14T07:10:33","date_gmt":"2025-10-14T10:10:33","guid":{"rendered":"https:\/\/www.agrobase.com.br\/concursos\/?p=272492"},"modified":"2025-10-13T11:40:10","modified_gmt":"2025-10-13T14:40:10","slug":"ufvjm-mg-selecao-simplificada-87-2025","status":"publish","type":"post","link":"https:\/\/www.agrobase.com.br\/concursos\/2025\/ufvjm-mg-selecao-simplificada-87-2025\/","title":{"rendered":"UFVJM (MG) &#8211; Sele\u00e7\u00e3o Simplificada 87\/2025"},"content":{"rendered":"<h2>Informa\u00e7\u00f5es Gerais<\/h2>\n<p>O edital n.\u00ba 87, de 08 de outubro de 2025, da Universidade Federal dos Vales do Jequitinhonha e Mucuri (UFVJM), anuncia a abertura do processo seletivo simplificado para contrata\u00e7\u00e3o tempor\u00e1ria de Professor Substituto do Magist\u00e9rio Superior. O certame visa ao preenchimento de <strong>5 vagas imediatas mais forma\u00e7\u00e3o de cadastro reserva<\/strong>, com regime de contrata\u00e7\u00e3o estatut\u00e1rio.<\/p>\n<p>As oportunidades s\u00e3o destinadas a profissionais com forma\u00e7\u00e3o de n\u00edvel superior, incluindo especializa\u00e7\u00e3o, mestrado ou doutorado, conforme a exig\u00eancia de cada \u00e1rea. As vagas contemplam diferentes campos do conhecimento, com destaque para a <strong>\u00e1rea de Nutri\u00e7\u00e3o<\/strong>, que oferece remunera\u00e7\u00e3o de at\u00e9 R$ 8.058,29.<\/p>\n<p>As contrata\u00e7\u00f5es s\u00e3o para os campi de Diamantina e Te\u00f3filo Otoni, com jornadas de 20h ou 40h semanais, dependendo do cargo. Se voc\u00ea busca uma oportunidade no ensino superior federal, continue a leitura para conhecer os prazos, etapas e crit\u00e9rios deste processo seletivo.<\/p>\n<h2>Inscri\u00e7\u00f5es<\/h2>\n<p>As inscri\u00e7\u00f5es para o processo seletivo est\u00e3o <strong>abertas de 10 a 15 de outubro de 2025<\/strong>, com atendimento presencial em dias \u00fateis, das 9h30 \u00e0s 11h30 e das 14h \u00e0s 16h30. Os candidatos podem se inscrever pessoalmente ou via SEDEX, nos seguintes endere\u00e7os:<\/p>\n<ul>\n<li><strong>Campus Diamantina:<\/strong> Pr\u00f3-Reitoria de Gest\u00e3o de Pessoas \u2013 Rodovia MGT 367 \u2013 Km 583, n\u00ba 5000 \u2013 Alto da Jacuba \u2013 Diamantina\/MG \u2013 CEP: 39100-000.<\/li>\n<li><strong>Campus Mucuri (Te\u00f3filo Otoni):<\/strong> Divis\u00e3o de Sele\u00e7\u00e3o de Pessoas\/PROGEP \u2013 Rua do Cruzeiro, n\u00ba 01 \u2013 Bairro Jardim S\u00e3o Paulo \u2013 CEP: 39803-371.<\/li>\n<\/ul>\n<p>O valor da taxa de inscri\u00e7\u00e3o varia conforme a titula\u00e7\u00e3o exigida:<\/p>\n<ul>\n<li>Gradua\u00e7\u00e3o ou Gradua\u00e7\u00e3o + Especializa\u00e7\u00e3o: R$ 75,00<\/li>\n<li>Mestrado: R$ 140,00<\/li>\n<li>Doutorado: R$ 200,00<\/li>\n<\/ul>\n<p>O boleto deve ser gerado no site do Tesouro Nacional: <a href=\"https:\/\/pagtesouro.tesouro.gov.br\/portal-gru\/#\/emissao-gru\" target=\"_blank\" rel=\"noopener\">https:\/\/pagtesouro.tesouro.gov.br\/portal-gru\/#\/emissao-gru<\/a>, utilizando os c\u00f3digos informados no edital. O pagamento deve ser feito exclusivamente no Banco do Brasil.<\/p>\n<p>N\u00e3o h\u00e1 men\u00e7\u00e3o a crit\u00e9rios de isen\u00e7\u00e3o no edital. Ap\u00f3s a inscri\u00e7\u00e3o, recomenda-se acompanhar o status diretamente com a Pr\u00f3-Reitoria de Gest\u00e3o de Pessoas. Para mais detalhes, \u00e9 essencial a leitura atenta do edital completo.<\/p>\n<h2>Etapas e Provas<\/h2>\n<p>O processo seletivo ser\u00e1 composto por tr\u00eas etapas, todas de car\u00e1ter <strong>eliminat\u00f3rio e classificat\u00f3rio<\/strong>:<\/p>\n<ul>\n<li><strong>An\u00e1lise do Curriculum Lattes:<\/strong> Avalia\u00e7\u00e3o dos t\u00edtulos e experi\u00eancias profissionais, com \u00eanfase em documentos que comprovem forma\u00e7\u00e3o e aperfei\u00e7oamento na \u00e1rea de atua\u00e7\u00e3o.<\/li>\n<li><strong>Prova Did\u00e1tica:<\/strong> Apresenta\u00e7\u00e3o oral com dura\u00e7\u00e3o entre 50 e 60 minutos, cujo tema ser\u00e1 sorteado com pelo menos 24 horas de anteced\u00eancia. A presen\u00e7a do candidato no sorteio \u00e9 obrigat\u00f3ria.<\/li>\n<li><strong>Entrevista:<\/strong> Avalia\u00e7\u00e3o presencial conduzida pela banca examinadora, conforme crit\u00e9rios definidos nas instru\u00e7\u00f5es espec\u00edficas do edital.<\/li>\n<\/ul>\n<p>As provas ocorrer\u00e3o entre os dias <strong>28 de outubro e 6 de novembro de 2025<\/strong>, em diferentes datas e locais conforme a \u00e1rea de atua\u00e7\u00e3o e o campus. Os candidatos devem comparecer com 30 minutos de anteced\u00eancia, portando documento oficial de identidade e caneta esferogr\u00e1fica azul ou preta.<\/p>\n<p>As notas de cada etapa ser\u00e3o atribu\u00eddas de 0 a 10, em n\u00fameros inteiros. Ser\u00e1 considerado aprovado o candidato que obtiver m\u00e9dia geral igual ou superior a 7,0. Em caso de empate, os crit\u00e9rios de desempate s\u00e3o: maior nota na prova did\u00e1tica, seguida da maior nota na an\u00e1lise do curr\u00edculo e, por fim, maior idade.<\/p>\n<p>Para detalhes sobre conte\u00fado program\u00e1tico, crit\u00e9rios de pontua\u00e7\u00e3o e cronograma por \u00e1rea, recomenda-se a leitura atenta do edital e das instru\u00e7\u00f5es espec\u00edficas dispon\u00edveis no site da UFVJM.<\/p>\n<h2>Resultados e Gabarito<\/h2>\n<p>O edital n\u00e3o apresenta um cronograma detalhado para divulga\u00e7\u00e3o dos gabaritos ou resultados por etapa. No entanto, informa que a homologa\u00e7\u00e3o do resultado final ser\u00e1 publicada no <strong>Di\u00e1rio Oficial da Uni\u00e3o (DOU)<\/strong>, marcando o in\u00edcio da validade do processo seletivo, que ser\u00e1 de <strong>1 (um) ano<\/strong>.<\/p>\n<p>Os crit\u00e9rios de classifica\u00e7\u00e3o consideram a m\u00e9dia geral das notas, sendo aprovado o candidato que obtiver nota igual ou superior a 7,0. Em caso de empate, ser\u00e3o aplicados os seguintes crit\u00e9rios, nesta ordem:<\/p>\n<ul>\n<li>Maior nota na prova did\u00e1tica<\/li>\n<li>Maior nota na an\u00e1lise do curr\u00edculo<\/li>\n<li>Candidato com maior idade<\/li>\n<\/ul>\n<p>Ap\u00f3s a homologa\u00e7\u00e3o, os candidatos ter\u00e3o <strong>30 dias corridos<\/strong> para solicitar a devolu\u00e7\u00e3o dos documentos entregues para a prova de t\u00edtulos. Ap\u00f3s esse prazo, os documentos ser\u00e3o descartados pela Pr\u00f3-Reitoria de Gest\u00e3o de Pessoas.<\/p>\n<p>As convoca\u00e7\u00f5es para contrata\u00e7\u00e3o ser\u00e3o realizadas conforme a necessidade da universidade e devem ser acompanhadas diretamente no site da UFVJM e no Di\u00e1rio Oficial. \u00c9 responsabilidade exclusiva do candidato manter-se informado sobre todas as publica\u00e7\u00f5es oficiais relacionadas ao certame.<\/p>\n","protected":false},"excerpt":{"rendered":"<p>Processo Seletivo UFVJM (MG) com edital publicado! Vagas p\/ Professor Substituto (Superior). Inscri\u00e7\u00f5es a partir de 10\/10. Sal\u00e1rios at\u00e9 R$ 8k. Confira detalhes!<\/p>\n","protected":false},"author":7,"featured_media":272491,"comment_status":"open","ping_status":"open","sticky":false,"template":"","format":"standard","meta":{"_acf_changed":false,"_breakdance_hide_in_design_set":false,"_breakdance_tags":"","footnotes":""},"categories":[126,9,111,100,21,23,25,26],"tags":[50],"_amplo":[],"destaque":[],"instituicoes":[],"class_list":["post-272492","post","type-post","status-publish","format-standard","has-post-thumbnail","hentry","category-ciencia-computacao","category-ciencias-contabeis","category-geografia","category-historia","category-medicina","category-nutricao","category-pedagogia","category-psicologia","tag-minas-gerais"],"acf":{"_tipo_vagas":"vagas","_numero_vagas":"","_quadro_vagas":"","_cargos":"diversos","_cargos_especificos":"","_salario_max":"R$ 8058.29","_abertura":"20251010","_encerramento":"20251015","_inscricoes":"","_executora_concurso":"","_instituicao_concurso":[],"_link_adicional":null,"_anexos":null,"_produtos":null,"_vagas":"5 vagas + CR","_salario_min":"R$ 3090.43","_instituicao":"UFVJM","_edital":"https:\/\/www.agrobase.com.br\/concursos\/wp-content\/uploads\/sites\/4\/2025\/10\/edital-87-2025-ufvjm-mg.pdf","_anexos_edital":"","_fund_incompleto":"","_fund_completo":"","_medio":"","_superior":"<div>\r\n<table class=\"quadro\">\r\n<thead>\r\n<tr>\r\n<th class=\"hcargo\">Cargo<\/th>\r\n<th class=\"hvagas\">Vagas<\/th>\r\n<th class=\"hremuneracao\">Remunera\u00e7\u00e3o<\/th>\r\n<\/tr>\r\n<\/thead>\r\n    <tbody>\r\n      <tr>\r\n<td class=\"ccargos\">\r\n<span data-balloon-length=\"medium\" aria-label=\"Gradua\u00e7\u00e3o em Ci\u00eancias Cont\u00e1beis\" data-balloon-pos=\"up\">Professor Ensino Superior - Substituto<\/span><\/td>\r\n<td class=\"cvagas\">1 + CR<\/td>\r\n<td class=\"cremuneracao\">R$ 4.326,60 \/40h<\/td>\r\n<\/tr><tr>\r\n<td class=\"ccargos\">\r\n<span data-balloon-length=\"medium\" aria-label=\"Gradua\u00e7\u00e3o em Medicina E Especializa\u00e7\u00e3o em Psiquiatria reconhecida pelo Minist\u00e9rio da Educa\u00e7\u00e3o (Resid\u00eancia M\u00e9dica em Psiquiatria ou T\u00edtulo de Especialista em Psiquiatria); OU Gradua\u00e7\u00e3o em Psicologia com Especializa\u00e7\u00e3o em qualquer \u00e1rea do conhecimento E experi\u00eancia profissional comprovada m\u00ednima de 02 (dois) anos em servi\u00e7os e equipamentos da Rede de Aten\u00e7\u00e3o Psicossocial (RAPS).\" data-balloon-pos=\"up\">Professor Ensino Superior - Substituto<\/span><\/td>\r\n<td class=\"cvagas\">1 + CR<\/td>\r\n<td class=\"cremuneracao\">R$ 4.975,59 \/40h<\/td>\r\n<\/tr><tr>\r\n<td class=\"ccargos\">\r\n<span data-balloon-length=\"medium\" aria-label=\"Gradua\u00e7\u00e3o em Pedagogia; E Mestrado em Educa\u00e7\u00e3o ou Ci\u00eancias Humanas.\" data-balloon-pos=\"up\">Professor Ensino Superior - Substituto<\/span><\/td>\r\n<td class=\"cvagas\">1 + CR<\/td>\r\n<td class=\"cremuneracao\">R$ 5.949,07 \/40h<\/td>\r\n<\/tr><tr>\r\n<td class=\"ccargos\">\r\n<span data-balloon-length=\"medium\" aria-label=\"Gradua\u00e7\u00e3o em Licenciatura em Pedagogia OU Psicologia OU Hist\u00f3ria OU Geografia; E Mestrado em Educa\u00e7\u00e3o OU Psicologia OU Ci\u00eancias Humanas\" data-balloon-pos=\"up\">Professor Ensino Superior - Substituto<\/span><\/td>\r\n<td class=\"cvagas\">1 + CR<\/td>\r\n<td class=\"cremuneracao\">R$ 5.949,07 \/40h<\/td>\r\n<\/tr><tr>\r\n<td class=\"ccargos\">\r\n<span data-balloon-length=\"medium\" aria-label=\"Gradua\u00e7\u00e3o em Nutri\u00e7\u00e3o; E Doutorado na \u00e1rea de Sa\u00fade.\" data-balloon-pos=\"up\">Professor Ensino Superior - Substituto<\/span><\/td>\r\n<td class=\"cvagas\">1 + CR<\/td>\r\n<td class=\"cremuneracao\">R$ 8.058,29 \/40h<\/td>\r\n<\/tr><tr>\r\n<td class=\"ccargos\">\r\n<span data-balloon-length=\"medium\" aria-label=\"Gradua\u00e7\u00e3o em Sistemas de Informa\u00e7\u00e3o OU Ci\u00eancia da Computa\u00e7\u00e3o OU Engenharia de Software\" data-balloon-pos=\"up\">Professor Ensino Superior - Substituto<\/span><\/td>\r\n<td class=\"cvagas\">1 + CR<\/td>\r\n<td class=\"cremuneracao\">R$ 3.090,43 \/20h<\/td>\r\n<\/tr>\r\n    <\/tbody>\r\n  <\/table>\r\n<\/div>"},"_links":{"self":[{"href":"https:\/\/www.agrobase.com.br\/concursos\/wp-json\/wp\/v2\/posts\/272492","targetHints":{"allow":["GET"]}}],"collection":[{"href":"https:\/\/www.agrobase.com.br\/concursos\/wp-json\/wp\/v2\/posts"}],"about":[{"href":"https:\/\/www.agrobase.com.br\/concursos\/wp-json\/wp\/v2\/types\/post"}],"author":[{"embeddable":true,"href":"https:\/\/www.agrobase.com.br\/concursos\/wp-json\/wp\/v2\/users\/7"}],"replies":[{"embeddable":true,"href":"https:\/\/www.agrobase.com.br\/concursos\/wp-json\/wp\/v2\/comments?post=272492"}],"version-history":[{"count":2,"href":"https:\/\/www.agrobase.com.br\/concursos\/wp-json\/wp\/v2\/posts\/272492\/revisions"}],"predecessor-version":[{"id":272497,"href":"https:\/\/www.agrobase.com.br\/concursos\/wp-json\/wp\/v2\/posts\/272492\/revisions\/272497"}],"wp:featuredmedia":[{"embeddable":true,"href":"https:\/\/www.agrobase.com.br\/concursos\/wp-json\/wp\/v2\/media\/272491"}],"wp:attachment":[{"href":"https:\/\/www.agrobase.com.br\/concursos\/wp-json\/wp\/v2\/media?parent=272492"}],"wp:term":[{"taxonomy":"category","embeddable":true,"href":"https:\/\/www.agrobase.com.br\/concursos\/wp-json\/wp\/v2\/categories?post=272492"},{"taxonomy":"post_tag","embeddable":true,"href":"https:\/\/www.agrobase.com.br\/concursos\/wp-json\/wp\/v2\/tags?post=272492"},{"taxonomy":"_amplo","embeddable":true,"href":"https:\/\/www.agrobase.com.br\/concursos\/wp-json\/wp\/v2\/_amplo?post=272492"},{"taxonomy":"destaque","embeddable":true,"href":"https:\/\/www.agrobase.com.br\/concursos\/wp-json\/wp\/v2\/destaque?post=272492"},{"taxonomy":"instituicoes","embeddable":true,"href":"https:\/\/www.agrobase.com.br\/concursos\/wp-json\/wp\/v2\/instituicoes?post=272492"}],"curies":[{"name":"wp","href":"https:\/\/api.w.org\/{rel}","templated":true}]}}