{"id":272469,"date":"2025-10-28T07:50:50","date_gmt":"2025-10-28T10:50:50","guid":{"rendered":"https:\/\/www.agrobase.com.br\/concursos\/?p=272469"},"modified":"2025-10-27T14:38:43","modified_gmt":"2025-10-27T17:38:43","slug":"prefeitura-ribeirao-corrente-sp-concurso-01-2025","status":"publish","type":"post","link":"https:\/\/www.agrobase.com.br\/concursos\/2025\/prefeitura-ribeirao-corrente-sp-concurso-01-2025\/","title":{"rendered":"Prefeitura Ribeir\u00e3o Corrente (SP) &#8211; Concurso 01\/2025 [prorrogado]"},"content":{"rendered":"<h2>Informa\u00e7\u00f5es Gerais<\/h2>\n<p>O Concurso P\u00fablico da Prefeitura Municipal de Ribeir\u00e3o Corrente, no Estado de S\u00e3o Paulo, regido pelo edital publicado em conformidade com o artigo 37 da Constitui\u00e7\u00e3o Federal, est\u00e1 com inscri\u00e7\u00f5es abertas. Organizado pela banca CONSESP, o certame visa ao preenchimento de 4 vagas imediatas e forma\u00e7\u00e3o de cadastro reserva em diversos cargos, sob o regime de contrata\u00e7\u00e3o celetista (CLT).<\/p>\n<p>As oportunidades abrangem todos os n\u00edveis de escolaridade \u2014 do fundamental incompleto ao superior \u2014 e contemplam \u00e1reas administrativas, educacionais, da sa\u00fade e jur\u00eddicas. Entre os cargos de destaque, h\u00e1 vagas para profissionais de <strong>Medicina Veterin\u00e1ria<\/strong>, <strong>Fonoaudiologia<\/strong>, <strong>Terapia Ocupacional<\/strong> e <strong>Educa\u00e7\u00e3o F\u00edsica<\/strong>, al\u00e9m de cadastro reserva para <strong>Professor de Artes<\/strong>.<\/p>\n<p>Com sal\u00e1rios que variam de R$ 1.694,34 a R$ 12.652,82 e jornadas de trabalho entre 20h e 40h semanais, o concurso representa uma excelente oportunidade para quem busca estabilidade e desenvolvimento profissional no servi\u00e7o p\u00fablico municipal.<\/p>\n<p>Confira a seguir os detalhes sobre inscri\u00e7\u00f5es, etapas e cronograma de resultados para planejar sua participa\u00e7\u00e3o com seguran\u00e7a.<\/p>\n<h2>Inscri\u00e7\u00f5es<\/h2>\n<p>As inscri\u00e7\u00f5es para o Concurso P\u00fablico da Prefeitura de Ribeir\u00e3o Corrente est\u00e3o <strong>abertas<\/strong> e devem ser realizadas exclusivamente pela internet, no site <a href=\"https:\/\/www.consesp.com.br\" target=\"_blank\" rel=\"noopener\">www.consesp.com.br<\/a>, entre os dias 06 de outubro de 2025 e <del datetime=\"2025-10-27T17:15:27+00:00\">02 de novembro de 2025<\/del><strong>09 de novembro de 2025<\/strong> (hor\u00e1rio de Bras\u00edlia).<\/p>\n<p>As taxas de inscri\u00e7\u00e3o variam conforme o n\u00edvel de escolaridade exigido para o cargo pretendido:<\/p>\n<ul>\n<li>Ensino Fundamental: R$ 30,00<\/li>\n<li>Ensino M\u00e9dio\/T\u00e9cnico: R$ 45,00<\/li>\n<li>Ensino Superior: R$ 55,00<\/li>\n<\/ul>\n<p>O pagamento deve ser feito exclusivamente por boleto banc\u00e1rio gerado no ato da inscri\u00e7\u00e3o, com vencimento em 03 de novembro de 2025. N\u00e3o ser\u00e3o aceitos pagamentos por outros meios ou fora do prazo.<\/p>\n<p>Ap\u00f3s 48 horas do pagamento, o candidato deve acessar novamente o site da CONSESP para verificar se sua inscri\u00e7\u00e3o foi confirmada. Caso haja algum problema, \u00e9 necess\u00e1rio entrar em contato com a organizadora pelos canais oficiais.<\/p>\n<p>O edital n\u00e3o menciona crit\u00e9rios espec\u00edficos para isen\u00e7\u00e3o da taxa de inscri\u00e7\u00e3o. Recomenda-se a leitura atenta do edital completo para verificar todos os procedimentos e regras.<\/p>\n<h2>Etapas e Provas<\/h2>\n<p>O concurso ser\u00e1 composto por <strong>Prova Objetiva<\/strong> para todos os cargos, com car\u00e1ter eliminat\u00f3rio e classificat\u00f3rio. Para o cargo de <strong>Procurador Jur\u00eddico<\/strong>, haver\u00e1 tamb\u00e9m <strong>Prova Discursiva (Pe\u00e7a Jur\u00eddica)<\/strong>. J\u00e1 os cargos de Professor contar\u00e3o com <strong>avalia\u00e7\u00e3o de t\u00edtulos<\/strong>.<\/p>\n<p>A Prova Objetiva ser\u00e1 composta por quest\u00f5es de m\u00faltipla escolha, com quatro alternativas, e ter\u00e1 dura\u00e7\u00e3o de 2 horas (exceto para Procurador Jur\u00eddico, cuja dura\u00e7\u00e3o ser\u00e1 de 4 horas). As disciplinas variam conforme o cargo e n\u00edvel de escolaridade, incluindo:<\/p>\n<ul>\n<li><strong>L\u00edngua Portuguesa<\/strong><\/li>\n<li><strong>Racioc\u00ednio L\u00f3gico<\/strong><\/li>\n<li><strong>Matem\u00e1tica<\/strong> (n\u00edvel fundamental)<\/li>\n<li><strong>Conhecimentos Espec\u00edficos<\/strong><\/li>\n<li><strong>Conhecimentos de Inform\u00e1tica<\/strong> (n\u00edvel m\u00e9dio e superior)<\/li>\n<li><strong>Conhecimentos Educacionais<\/strong> (para Professores)<\/li>\n<li><strong>Legisla\u00e7\u00e3o em Sa\u00fade<\/strong> (para M\u00e9dicos)<\/li>\n<\/ul>\n<p>A Prova Discursiva, exclusiva para o cargo de Procurador Jur\u00eddico, consistir\u00e1 na elabora\u00e7\u00e3o de uma Pe\u00e7a Jur\u00eddica, avaliada de 0 a 100 pontos. Ser\u00e1 considerado aprovado quem obtiver nota igual ou superior a 50 pontos, desde que tenha atingido tamb\u00e9m o m\u00ednimo exigido na prova objetiva.<\/p>\n<p>As provas est\u00e3o previstas para o dia <strong>23 de novembro de 2025<\/strong>, em dois turnos, com hor\u00e1rios e locais a serem divulgados posteriormente no site da CONSESP. O Cart\u00e3o de Convoca\u00e7\u00e3o estar\u00e1 dispon\u00edvel com pelo menos 3 dias de anteced\u00eancia.<\/p>\n<p>Recomenda-se a leitura completa do edital para conhecer os crit\u00e9rios de pontua\u00e7\u00e3o, conte\u00fado program\u00e1tico e demais orienta\u00e7\u00f5es sobre as etapas do certame.<\/p>\n<h2>Resultados e Gabarito<\/h2>\n<p>O cronograma de divulga\u00e7\u00e3o dos resultados ser\u00e1 publicado no site da banca organizadora (<a href=\"https:\/\/www.consesp.com.br\" target=\"_blank\" rel=\"noopener\">www.consesp.com.br<\/a>). Os <strong>gabaritos preliminares<\/strong> da prova objetiva e da pe\u00e7a jur\u00eddica estar\u00e3o dispon\u00edveis para consulta individual na \u00e1rea do candidato, com prazo de <strong>30 dias<\/strong> para visualiza\u00e7\u00e3o.<\/p>\n<p>Os candidatos poder\u00e3o interpor <strong>recursos<\/strong> contra os gabaritos, resultados e demais fases do concurso no prazo de at\u00e9 <strong>2 dias corridos<\/strong>, conforme datas estabelecidas no cronograma. Os recursos devem ser fundamentados e enviados exclusivamente pelo site da CONSESP, n\u00e3o sendo aceitos por e-mail ou outros meios.<\/p>\n<p>Os crit\u00e9rios de <strong>desempate<\/strong> seguem a seguinte ordem:<\/p>\n<ul>\n<li>Maior idade (para candidatos com 60 anos ou mais)<\/li>\n<li>Maior nota em Conhecimentos Espec\u00edficos<\/li>\n<li>Maior nota em Conhecimentos Gerais<\/li>\n<li>Maior idade (geral)<\/li>\n<li>Sorteio p\u00fablico, se necess\u00e1rio<\/li>\n<\/ul>\n<p>O <strong>resultado final<\/strong> ser\u00e1 divulgado ap\u00f3s a an\u00e1lise de recursos e homologado pela Prefeitura Municipal. A homologa\u00e7\u00e3o poder\u00e1 ocorrer por cargo ou em conjunto, e ser\u00e1 publicada no site da banca e nos canais oficiais do munic\u00edpio.<\/p>\n<p>A <strong>convoca\u00e7\u00e3o dos aprovados<\/strong> seguir\u00e1 rigorosamente a ordem de classifica\u00e7\u00e3o e ser\u00e1 feita conforme a necessidade da administra\u00e7\u00e3o, dentro do prazo de validade do concurso, que \u00e9 de <strong>2 anos<\/strong>, prorrog\u00e1vel uma vez por igual per\u00edodo.<\/p>\n<p>\u00c9 responsabilidade exclusiva do candidato acompanhar todas as publica\u00e7\u00f5es oficiais no site da CONSESP e no Di\u00e1rio Oficial do Munic\u00edpio.<\/p>\n","protected":false},"excerpt":{"rendered":"<p>Concurso Pref. Ribeir\u00e3o Corrente (SP) com edital publicado! Vagas p\/ M\u00e9dico, Procurador (Fund. a Sup.). Inscri\u00e7\u00f5es a partir de 06\/10. At\u00e9 R$ 12.6k. Confira detalhes!<\/p>\n","protected":false},"author":7,"featured_media":272468,"comment_status":"open","ping_status":"open","sticky":false,"template":"","format":"standard","meta":{"_acf_changed":false,"_breakdance_hide_in_design_set":false,"_breakdance_tags":"","footnotes":""},"categories":[10,141,6434,19,21,22,108,134],"tags":[62],"_amplo":[],"destaque":[],"instituicoes":[],"class_list":["post-272469","post","type-post","status-publish","format-standard","has-post-thumbnail","hentry","category-direito","category-educacao-artistica","category-educacao-fisica-licenciatura","category-fonoaudiologia","category-medicina","category-veterinaria","category-tecnico-enfermagem","category-terapia-ocupacional","tag-sao-paulo"],"acf":{"_tipo_vagas":"vagas","_numero_vagas":"","_quadro_vagas":"","_cargos":"diversos","_cargos_especificos":"","_salario_max":"R$ 12652.82","_abertura":"20251006","_encerramento":"20251109","_inscricoes":"https:\/\/www.consesp.com.br","_executora_concurso":"","_instituicao_concurso":[],"_link_adicional":null,"_anexos":[{"_arquivo_anexo":273105,"_titulo_anexo":"Edital de Prorroga\u00e7\u00e3o"}],"_produtos":null,"_vagas":"04 vagas + CR","_salario_min":"R$ 1694.34","_instituicao":"Prefeitura de Ribeir\u00e3o Corrente","_edital":"https:\/\/www.agrobase.com.br\/concursos\/wp-content\/uploads\/sites\/4\/2025\/10\/edital-01-2025-prefeitura-de-ribeirao-corrente-sp.pdf","_anexos_edital":"https:\/\/www.agrobase.com.br\/concursos\/wp-content\/uploads\/sites\/4\/2025\/10\/anexos-edital-01-2025-prefeitura-de-ribeirao-corrente-sp.pdf","_fund_incompleto":"<div>\r\n<table class=\"quadro\">\r\n<thead>\r\n<tr>\r\n<th class=\"hcargo\">Cargo<\/th>\r\n<th class=\"hvagas\">Vagas<\/th>\r\n<th class=\"hremuneracao\">Remunera\u00e7\u00e3o<\/th>\r\n<\/tr>\r\n<\/thead>\r\n    <tbody>\r\n      <td class=\"ccargos\">\r\n<span data-balloon-length=\"medium\" aria-label=\"Ensino Fundamental Incompleto\" data-balloon-pos=\"up\">Ajudante Geral<\/span><\/td>\r\n<td class=\"cvagas\">CR<\/td>\r\n<td class=\"cremuneracao\">R$ 1.694,34 \/40h<\/td>\r\n<\/tr>\r\n    <\/tbody>\r\n  <\/table>\r\n<\/div>","_fund_completo":"<div>\r\n<table class=\"quadro\">\r\n<thead>\r\n<tr>\r\n<th class=\"hcargo\">Cargo<\/th>\r\n<th class=\"hvagas\">Vagas<\/th>\r\n<th class=\"hremuneracao\">Remunera\u00e7\u00e3o<\/th>\r\n<\/tr>\r\n<\/thead>\r\n    <tbody>\r\n      <td class=\"ccargos\">\r\n<span data-balloon-length=\"medium\" aria-label=\"Ensino Fundamental Completo\" data-balloon-pos=\"up\">Recepcionista da Sa\u00fade<\/span><\/td>\r\n<td class=\"cvagas\">CR<\/td>\r\n<td class=\"cremuneracao\">R$ 1.694,34 \/40h<\/td>\r\n<\/tr>\r\n    <\/tbody>\r\n  <\/table>\r\n<\/div>","_medio":"<div>\r\n<table class=\"quadro\">\r\n<thead>\r\n<tr>\r\n<th class=\"hcargo\">Cargo<\/th>\r\n<th class=\"hvagas\">Vagas<\/th>\r\n<th class=\"hremuneracao\">Remunera\u00e7\u00e3o<\/th>\r\n<\/tr>\r\n<\/thead>\r\n    <tbody>\r\n      <td class=\"ccargos\">\r\n<span data-balloon-length=\"medium\" aria-label=\"Ensino M\u00e9dio Completo\" data-balloon-pos=\"up\">Agente de Vigil\u00e2ncia da Sa\u00fade<\/span><\/td>\r\n<td class=\"cvagas\">CR<\/td>\r\n<td class=\"cremuneracao\">R$ 1.936,40 \/40h<\/td>\r\n<\/tr><td class=\"ccargos\">\r\n<span data-balloon-length=\"medium\" aria-label=\"Ensino M\u00e9dio Completo\" data-balloon-pos=\"up\">Auxiliar de Secretaria<\/span><\/td>\r\n<td class=\"cvagas\">CR<\/td>\r\n<td class=\"cremuneracao\">R$ 2.046,46 \/40h<\/td>\r\n<\/tr><td class=\"ccargos\">\r\n<span data-balloon-length=\"medium\" aria-label=\"Ensino M\u00e9dio Completo\" data-balloon-pos=\"up\">Fiscal de Tributos<\/span><\/td>\r\n<td class=\"cvagas\">CR<\/td>\r\n<td class=\"cremuneracao\">R$ 2.049,16 \/40h<\/td>\r\n<\/tr><td class=\"ccargos\">\r\n<span data-balloon-length=\"medium\" aria-label=\"Ensino M\u00e9dio Completo com Curso T\u00e9cnico de Enfermagem e Registro no COREN\" data-balloon-pos=\"up\">T\u00e9cnico de Enfermagem<\/span><\/td>\r\n<td class=\"cvagas\">CR<\/td>\r\n<td class=\"cremuneracao\">R$ 2.046,46 \/30h<\/td>\r\n<\/tr>\r\n    <\/tbody>\r\n  <\/table>\r\n<\/div>","_superior":"<div>\r\n<table class=\"quadro\">\r\n<thead>\r\n<tr>\r\n<th class=\"hcargo\">Cargo<\/th>\r\n<th class=\"hvagas\">Vagas<\/th>\r\n<th class=\"hremuneracao\">Remunera\u00e7\u00e3o<\/th>\r\n<\/tr>\r\n<\/thead>\r\n    <tbody>\r\n      <tr>\r\n<td class=\"ccargos\">\r\n<span data-balloon-length=\"medium\" aria-label=\"Ensino Superior Completo em Fonoaudiologia e Registro no Conselho de Classe.\" data-balloon-pos=\"up\">Fonoaudi\u00f3logo<\/span><\/td>\r\n<td class=\"cvagas\">01<\/td>\r\n<td class=\"cremuneracao\">R$ 4.621,02 \/30h<\/td>\r\n<\/tr><tr>\r\n<td class=\"ccargos\">\r\n<span data-balloon-length=\"medium\" aria-label=\"Ensino Superior Completo em Medicina, com Inscri\u00e7\u00e3o no CRM-SP.\" data-balloon-pos=\"up\">M\u00e9dico ESF<\/span><\/td>\r\n<td class=\"cvagas\">01<\/td>\r\n<td class=\"cremuneracao\">R$ 12.652,82 \/40h<\/td>\r\n<\/tr><tr>\r\n<td class=\"ccargos\">\r\n<span data-balloon-length=\"medium\" aria-label=\"Ensino Superior Completo em Medicina, com Especializa\u00e7\u00e3o em Pediatria e Inscri\u00e7\u00e3o no CRM-SP.\" data-balloon-pos=\"up\">M\u00e9dico Pediatra<\/span><\/td>\r\n<td class=\"cvagas\">01<\/td>\r\n<td class=\"cremuneracao\">R$ 5.501,26 \/20h<\/td>\r\n<\/tr><tr>\r\n<td class=\"ccargos\">\r\n<span data-balloon-length=\"medium\" aria-label=\"Ensino Superior Completo em Medicina Veterin\u00e1ria com Inscri\u00e7\u00e3o no CRMV.\" data-balloon-pos=\"up\">M\u00e9dico Veterin\u00e1rio<\/span><\/td>\r\n<td class=\"cvagas\">CR<\/td>\r\n<td class=\"cremuneracao\">R$ 5.501,26 \/30h<\/td>\r\n<\/tr><tr>\r\n<td class=\"ccargos\">\r\n<span data-balloon-length=\"medium\" aria-label=\"Gradua\u00e7\u00e3o em Educa\u00e7\u00e3o F\u00edsica Bacharelado (Resolu\u00e7\u00e3o CNE\/CES 07\/04) e\/ou Antiga Licenciatura Plena (Resolu\u00e7\u00e3o CFE 03\/87- Sistema CONFEF\/CREFS.\" data-balloon-pos=\"up\">Monitor Esportivo<\/span><\/td>\r\n<td class=\"cvagas\">CR<\/td>\r\n<td class=\"cremuneracao\">R$ 3.300,72 \/40h<\/td>\r\n<\/tr><tr>\r\n<td class=\"ccargos\">\r\n<span data-balloon-length=\"medium\" aria-label=\"Gradua\u00e7\u00e3o em Direito com Inscri\u00e7\u00e3o na OAB.\" data-balloon-pos=\"up\">Procurador Jur\u00eddico<\/span><\/td>\r\n<td class=\"cvagas\">01<\/td>\r\n<td class=\"cremuneracao\">R$ 6.028,20 \/20h<\/td>\r\n<\/tr><tr>\r\n<td class=\"ccargos\">\r\n<span data-balloon-length=\"medium\" aria-label=\"Ensino Superior Espec\u00edfico Completo em Licenciatura Plena e Arte.\" data-balloon-pos=\"up\">Professor de Educa\u00e7\u00e3o B\u00e1sica II - Artes<\/span><\/td>\r\n<td class=\"cvagas\">CR<\/td>\r\n<td class=\"cremuneracao\">R$ 23,18 \/20h<\/td>\r\n<\/tr><tr>\r\n<td class=\"ccargos\">\r\n<span data-balloon-length=\"medium\" aria-label=\"Ensino Superior Completo em Terapia Ocupacional com Inscri\u00e7\u00e3o no Conselho Regional de Fisioterapia e Terapia Ocupacional (CREFITO).\" data-balloon-pos=\"up\">Terapeuta Ocupacional<\/span><\/td>\r\n<td class=\"cvagas\">01<\/td>\r\n<td class=\"cremuneracao\">R$ 3.300,72 \/20h<\/td>\r\n<\/tr>\r\n    <\/tbody>\r\n  <\/table>\r\n<\/div>"},"_links":{"self":[{"href":"https:\/\/www.agrobase.com.br\/concursos\/wp-json\/wp\/v2\/posts\/272469","targetHints":{"allow":["GET"]}}],"collection":[{"href":"https:\/\/www.agrobase.com.br\/concursos\/wp-json\/wp\/v2\/posts"}],"about":[{"href":"https:\/\/www.agrobase.com.br\/concursos\/wp-json\/wp\/v2\/types\/post"}],"author":[{"embeddable":true,"href":"https:\/\/www.agrobase.com.br\/concursos\/wp-json\/wp\/v2\/users\/7"}],"replies":[{"embeddable":true,"href":"https:\/\/www.agrobase.com.br\/concursos\/wp-json\/wp\/v2\/comments?post=272469"}],"version-history":[{"count":4,"href":"https:\/\/www.agrobase.com.br\/concursos\/wp-json\/wp\/v2\/posts\/272469\/revisions"}],"predecessor-version":[{"id":273104,"href":"https:\/\/www.agrobase.com.br\/concursos\/wp-json\/wp\/v2\/posts\/272469\/revisions\/273104"}],"wp:featuredmedia":[{"embeddable":true,"href":"https:\/\/www.agrobase.com.br\/concursos\/wp-json\/wp\/v2\/media\/272468"}],"wp:attachment":[{"href":"https:\/\/www.agrobase.com.br\/concursos\/wp-json\/wp\/v2\/media?parent=272469"}],"wp:term":[{"taxonomy":"category","embeddable":true,"href":"https:\/\/www.agrobase.com.br\/concursos\/wp-json\/wp\/v2\/categories?post=272469"},{"taxonomy":"post_tag","embeddable":true,"href":"https:\/\/www.agrobase.com.br\/concursos\/wp-json\/wp\/v2\/tags?post=272469"},{"taxonomy":"_amplo","embeddable":true,"href":"https:\/\/www.agrobase.com.br\/concursos\/wp-json\/wp\/v2\/_amplo?post=272469"},{"taxonomy":"destaque","embeddable":true,"href":"https:\/\/www.agrobase.com.br\/concursos\/wp-json\/wp\/v2\/destaque?post=272469"},{"taxonomy":"instituicoes","embeddable":true,"href":"https:\/\/www.agrobase.com.br\/concursos\/wp-json\/wp\/v2\/instituicoes?post=272469"}],"curies":[{"name":"wp","href":"https:\/\/api.w.org\/{rel}","templated":true}]}}