{"id":272456,"date":"2025-10-13T07:50:11","date_gmt":"2025-10-13T10:50:11","guid":{"rendered":"https:\/\/www.agrobase.com.br\/concursos\/?p=272456"},"modified":"2025-10-10T13:27:26","modified_gmt":"2025-10-10T16:27:26","slug":"prefeitura-santo-estevao-ba-selecao-simplificada-04-2025","status":"publish","type":"post","link":"https:\/\/www.agrobase.com.br\/concursos\/2025\/prefeitura-santo-estevao-ba-selecao-simplificada-04-2025\/","title":{"rendered":"Prefeitura Santo Est\u00eav\u00e3o (BA) &#8211; Sele\u00e7\u00e3o Simplificada 04\/2025"},"content":{"rendered":"<h2>Informa\u00e7\u00f5es Gerais<\/h2>\n<p>O <strong>Processo Seletivo Simplificado da Prefeitura Municipal de Santo Est\u00eav\u00e3o (BA)<\/strong>, regido pelo edital n\u00ba 563\/2024, est\u00e1 com edital publicado e visa \u00e0 contrata\u00e7\u00e3o tempor\u00e1ria e forma\u00e7\u00e3o de cadastro reserva para atua\u00e7\u00e3o na <strong>Secretaria de Educa\u00e7\u00e3o<\/strong>. A sele\u00e7\u00e3o ser\u00e1 conduzida pelo Instituto ISET e tem validade de dois anos, podendo ser prorrogada conforme a legisla\u00e7\u00e3o vigente.<\/p>\n<p>O certame oferece <strong>38 vagas imediatas mais cadastro reserva<\/strong>, com oportunidades para os n\u00edveis <strong>m\u00e9dio, t\u00e9cnico e superior<\/strong>. Os contratos seguir\u00e3o o regime de contrata\u00e7\u00e3o por tempo determinado, com dura\u00e7\u00e3o inicial de at\u00e9 seis meses, prorrog\u00e1veis por per\u00edodos iguais, respeitando o limite m\u00e1ximo de quatro anos.<\/p>\n<p>As vagas abrangem diversos setores da educa\u00e7\u00e3o municipal, incluindo fun\u00e7\u00f5es administrativas, pedag\u00f3gicas e de apoio escolar. H\u00e1 destaque para cargos de interesse como <strong>Nutricionista<\/strong>, al\u00e9m de oportunidades para professores de diversas disciplinas, t\u00e9cnicos de enfermagem, assistentes sociais e engenheiros civis.<\/p>\n<p>Se voc\u00ea busca uma oportunidade no servi\u00e7o p\u00fablico com atua\u00e7\u00e3o na \u00e1rea educacional, continue a leitura para conhecer os detalhes sobre inscri\u00e7\u00f5es, etapas e resultados deste processo seletivo.<\/p>\n<h2>Inscri\u00e7\u00f5es<\/h2>\n<p>As inscri\u00e7\u00f5es para o processo seletivo da Prefeitura de Santo Est\u00eav\u00e3o est\u00e3o <strong>abertas<\/strong> e devem ser realizadas exclusivamente <strong>online<\/strong>, por meio do site <a href=\"https:\/\/iset.selecao.net.br\/\" target=\"_blank\" rel=\"noopener\">https:\/\/iset.selecao.net.br\/<\/a>, no per\u00edodo de <strong>08 a 26 de outubro de 2025<\/strong>.<\/p>\n<p>As taxas de inscri\u00e7\u00e3o variam conforme o n\u00edvel de escolaridade:<\/p>\n<ul>\n<li><strong>N\u00edvel m\u00e9dio\/t\u00e9cnico:<\/strong> R$ 50,00<\/li>\n<li><strong>N\u00edvel superior:<\/strong> R$ 80,00<\/li>\n<\/ul>\n<p>O pagamento deve ser feito at\u00e9 <strong>27 de outubro de 2025<\/strong>, exclusivamente via boleto banc\u00e1rio gerado no ato da inscri\u00e7\u00e3o. Pagamentos por outros meios, como transfer\u00eancia, PIX (sem QR Code no boleto), DOC ou TED, n\u00e3o ser\u00e3o aceitos.<\/p>\n<p>Pedidos de isen\u00e7\u00e3o devem ser realizados conforme crit\u00e9rios legais e prazos estabelecidos no edital. A inscri\u00e7\u00e3o s\u00f3 ser\u00e1 confirmada ap\u00f3s a compensa\u00e7\u00e3o banc\u00e1ria do pagamento ou deferimento da isen\u00e7\u00e3o.<\/p>\n<p>O candidato poder\u00e1 realizar at\u00e9 duas inscri\u00e7\u00f5es, desde que observe os turnos distintos de aplica\u00e7\u00e3o das provas: <strong>manh\u00e3 para cargos de n\u00edvel superior<\/strong> e <strong>tarde para cargos de n\u00edvel m\u00e9dio<\/strong>.<\/p>\n<p>Para acompanhar o status da inscri\u00e7\u00e3o, o candidato deve acessar a <strong>\u00c1rea do Candidato<\/strong> no site da banca. \u00c9 fundamental ler atentamente o edital completo antes de se inscrever.<\/p>\n<h2>Etapas e Provas<\/h2>\n<p>O processo seletivo ser\u00e1 composto por duas etapas principais:<\/p>\n<ul>\n<li><strong>Prova Objetiva<\/strong> \u2013 de car\u00e1ter <strong>eliminat\u00f3rio e classificat\u00f3rio<\/strong>, aplicada a todos os cargos. A prova ser\u00e1 realizada na data prov\u00e1vel de <strong>07 de dezembro de 2025<\/strong>, com dura\u00e7\u00e3o de <strong>3 horas<\/strong>. O exame ser\u00e1 composto por quest\u00f5es de m\u00faltipla escolha, abrangendo disciplinas como <strong>L\u00edngua Portuguesa, Matem\u00e1tica, Conhecimentos Gerais, Legisla\u00e7\u00e3o Municipal e Conhecimentos Espec\u00edficos<\/strong>, conforme o cargo.<\/li>\n<li><strong>Procedimentos Pr\u00e9-admissionais<\/strong> \u2013 de car\u00e1ter <strong>eliminat\u00f3rio<\/strong>, consistem na entrega de documentos comprobat\u00f3rios e na realiza\u00e7\u00e3o de exames m\u00e9dicos admissionais, sob responsabilidade da Prefeitura Municipal.<\/li>\n<\/ul>\n<p>A aplica\u00e7\u00e3o das provas ocorrer\u00e1 na cidade de Santo Est\u00eav\u00e3o, podendo ser estendida a munic\u00edpios vizinhos caso a demanda de inscritos ultrapasse a capacidade local. Os locais e hor\u00e1rios ser\u00e3o divulgados oportunamente no site do Instituto ISET, por meio do <strong>Cart\u00e3o de Informa\u00e7\u00e3o do Candidato<\/strong>.<\/p>\n<p>\u00c9 responsabilidade do candidato verificar previamente seu local de prova e comparecer com anteced\u00eancia m\u00ednima de 45 minutos, munido de documento oficial com foto e caneta esferogr\u00e1fica de tinta azul ou preta.<\/p>\n<p>Para mais detalhes sobre o conte\u00fado program\u00e1tico, crit\u00e9rios de avalia\u00e7\u00e3o e regras espec\u00edficas, recomenda-se a leitura atenta do edital completo dispon\u00edvel no site da banca organizadora.<\/p>\n<h2>Resultados e Gabarito<\/h2>\n<p>O cronograma de resultados do processo seletivo prev\u00ea a divulga\u00e7\u00e3o do <strong>gabarito preliminar<\/strong> da prova objetiva na data estipulada no edital, por meio do site <a href=\"https:\/\/iset.selecao.net.br\/\" target=\"_blank\" rel=\"noopener\">https:\/\/iset.selecao.net.br\/<\/a>. Os candidatos poder\u00e3o interpor recursos dentro do prazo previsto, exclusivamente pela \u00c1rea do Candidato.<\/p>\n<p>Ap\u00f3s a an\u00e1lise dos recursos, ser\u00e1 publicado o <strong>gabarito definitivo<\/strong> e, em seguida, o <strong>resultado preliminar<\/strong> da prova objetiva. O <strong>resultado final<\/strong> e a <strong>homologa\u00e7\u00e3o<\/strong> do certame ser\u00e3o divulgados no Di\u00e1rio Oficial do Munic\u00edpio e no site da banca, de acordo com a necessidade da Administra\u00e7\u00e3o.<\/p>\n<p>Os candidatos ser\u00e3o classificados em ordem decrescente da nota final, com listas espec\u00edficas para ampla concorr\u00eancia, candidatos com defici\u00eancia e candidatos pretos, pardos, ind\u00edgenas ou quilombolas.<\/p>\n<p>Em caso de empate na nota final, ser\u00e3o aplicados os seguintes crit\u00e9rios de desempate, sucessivamente:<\/p>\n<ul>\n<li>Maior idade (a partir de 60 anos, conforme o Estatuto do Idoso)<\/li>\n<li>Maior pontua\u00e7\u00e3o na prova objetiva<\/li>\n<li>Maior pontua\u00e7\u00e3o em conhecimentos espec\u00edficos, l\u00edngua portuguesa, conhecimentos gerais e matem\u00e1tica (quando aplic\u00e1vel)<\/li>\n<li>Maior idade (considerando dia, m\u00eas, ano, hora e minuto)<\/li>\n<li>Exerc\u00edcio da fun\u00e7\u00e3o de jurado<\/li>\n<\/ul>\n<p>A <strong>convoca\u00e7\u00e3o dos aprovados<\/strong> ser\u00e1 feita conforme a ordem de classifica\u00e7\u00e3o e a necessidade da Prefeitura, dentro do prazo de validade do processo seletivo. Os candidatos devem acompanhar todas as publica\u00e7\u00f5es oficiais no site da banca organizadora e no Di\u00e1rio Oficial do Munic\u00edpio, sendo essa uma responsabilidade exclusiva do participante.<\/p>\n","protected":false},"excerpt":{"rendered":"<p>Sel. Simplificada Pref. Santo Est\u00eav\u00e3o (BA) com edital publicado! Vagas p\/ Professores (M\u00e9dio\/Sup.). Inscri\u00e7\u00f5es a partir de 08\/10. Sal\u00e1rios at\u00e9 R$ 3k. Confira!<\/p>\n","protected":false},"author":7,"featured_media":272455,"comment_status":"open","ping_status":"open","sticky":false,"template":"","format":"standard","meta":{"_acf_changed":false,"_breakdance_hide_in_design_set":false,"_breakdance_tags":"","footnotes":""},"categories":[5,6433,6434,14,111,100,20,6871,116,23,25,26,101,108],"tags":[42],"_amplo":[],"destaque":[],"instituicoes":[],"class_list":["post-272456","post","type-post","status-publish","format-standard","has-post-thumbnail","hentry","category-arquitetura","category-biologia-licenciatura","category-educacao-fisica-licenciatura","category-engenharia","category-geografia","category-historia","category-letras","category-letras-ingles","category-matematica","category-nutricao","category-pedagogia","category-psicologia","category-servico-social","category-tecnico-enfermagem","tag-bahia"],"acf":{"_tipo_vagas":"vagas","_numero_vagas":"","_quadro_vagas":"","_cargos":"diversos","_cargos_especificos":"","_salario_max":"R$ 3022.73","_abertura":"20251008","_encerramento":"20251026","_inscricoes":"https:\/\/iset.selecao.net.br\/","_executora_concurso":"","_instituicao_concurso":[],"_link_adicional":null,"_anexos":null,"_produtos":null,"_vagas":"38 vagas + CR","_salario_min":"R$ 1518","_instituicao":"Prefeitura de Santo Est\u00eav\u00e3o","_edital":"https:\/\/www.agrobase.com.br\/concursos\/wp-content\/uploads\/sites\/4\/2025\/10\/edital-04-2025-prefeitura-de-santo-estevao-ba.pdf","_anexos_edital":"https:\/\/www.agrobase.com.br\/concursos\/wp-content\/uploads\/sites\/4\/2025\/10\/anexos-edital-04-2025-prefeitura-de-santo-estevao-ba.pdf","_fund_incompleto":"","_fund_completo":"","_medio":"<div>\r\n<table class=\"quadro\">\r\n<thead>\r\n<tr>\r\n<th class=\"hcargo\">Cargo<\/th>\r\n\r\n\r\n<\/tr>\r\n<\/thead>\r\n    <tbody>\r\n      <td class=\"ccargos\">Agente de Limpeza Escolar<\/td>\r\n\r\n\r\n<\/tr><td class=\"ccargos\">Agente de Merenda Escolar<\/td>\r\n\r\n\r\n<\/tr><td class=\"ccargos\">Agente de Seguran\u00e7a Escolar<\/td>\r\n\r\n\r\n<\/tr><td class=\"ccargos\">Assistente Pedag\u00f3gico<\/td>\r\n\r\n\r\n<\/tr><td class=\"ccargos\">Coordenador de Biblioteca<\/td>\r\n\r\n\r\n<\/tr><td class=\"ccargos\">Interprete de Libras<\/td>\r\n\r\n\r\n<\/tr><td class=\"ccargos\">Motorista Categoria D (\u00d4nibus)<\/td>\r\n\r\n\r\n<\/tr><td class=\"ccargos\">Secretario Escolar<\/td>\r\n\r\n\r\n<\/tr><td class=\"ccargos\">T\u00e9cnico de Enfermagem<\/td>\r\n\r\n\r\n<\/tr>\r\n    <\/tbody>\r\n  <\/table>\r\n<\/div>","_superior":"<div>\r\n<table class=\"quadro\">\r\n<thead>\r\n<tr>\r\n<th class=\"hcargo\">Cargo<\/th>\r\n\r\n\r\n<\/tr>\r\n<\/thead>\r\n    <tbody>\r\n      <tr>\r\n<td class=\"ccargos\">Arquiteto<\/td>\r\n\r\n\r\n<\/tr><tr>\r\n<td class=\"ccargos\">Coordenador Pedag\u00f3gico<\/td>\r\n\r\n\r\n<\/tr><tr>\r\n<td class=\"ccargos\">Engenheiro Civil<\/td>\r\n\r\n\r\n<\/tr><tr>\r\n<td class=\"ccargos\">Assistente Social<\/td>\r\n\r\n\r\n<\/tr><tr>\r\n<td class=\"ccargos\">Nutricionista<\/td>\r\n\r\n\r\n<\/tr><tr>\r\n<td class=\"ccargos\">Professor de Anos Iniciais (Fund. I)<\/td>\r\n\r\n\r\n<\/tr><tr>\r\n<td class=\"ccargos\">Professor de Ci\u00eancias<\/td>\r\n\r\n\r\n<\/tr><tr>\r\n<td class=\"ccargos\">Professor de Educa\u00e7\u00e3o F\u00edsica<\/td>\r\n\r\n\r\n<\/tr><tr>\r\n<td class=\"ccargos\">Professor de Educa\u00e7\u00e3o Infantil<\/td>\r\n\r\n\r\n<\/tr><tr>\r\n<td class=\"ccargos\">Professor de Geografia<\/td>\r\n\r\n\r\n<\/tr><tr>\r\n<td class=\"ccargos\">Professor de Hist\u00f3ria<\/td>\r\n\r\n\r\n<\/tr><tr>\r\n<td class=\"ccargos\">Professor de L\u00edngua Inglesa<\/td>\r\n\r\n\r\n<\/tr><tr>\r\n<td class=\"ccargos\">Professor de L\u00edngua Portuguesa<\/td>\r\n\r\n\r\n<\/tr><tr>\r\n<td class=\"ccargos\">Professor de Matem\u00e1tica<\/td>\r\n\r\n\r\n<\/tr><tr>\r\n<td class=\"ccargos\">Psic\u00f3logo<\/td>\r\n\r\n\r\n<\/tr>\r\n    <\/tbody>\r\n  <\/table>\r\n<\/div>"},"_links":{"self":[{"href":"https:\/\/www.agrobase.com.br\/concursos\/wp-json\/wp\/v2\/posts\/272456","targetHints":{"allow":["GET"]}}],"collection":[{"href":"https:\/\/www.agrobase.com.br\/concursos\/wp-json\/wp\/v2\/posts"}],"about":[{"href":"https:\/\/www.agrobase.com.br\/concursos\/wp-json\/wp\/v2\/types\/post"}],"author":[{"embeddable":true,"href":"https:\/\/www.agrobase.com.br\/concursos\/wp-json\/wp\/v2\/users\/7"}],"replies":[{"embeddable":true,"href":"https:\/\/www.agrobase.com.br\/concursos\/wp-json\/wp\/v2\/comments?post=272456"}],"version-history":[{"count":3,"href":"https:\/\/www.agrobase.com.br\/concursos\/wp-json\/wp\/v2\/posts\/272456\/revisions"}],"predecessor-version":[{"id":272461,"href":"https:\/\/www.agrobase.com.br\/concursos\/wp-json\/wp\/v2\/posts\/272456\/revisions\/272461"}],"wp:featuredmedia":[{"embeddable":true,"href":"https:\/\/www.agrobase.com.br\/concursos\/wp-json\/wp\/v2\/media\/272455"}],"wp:attachment":[{"href":"https:\/\/www.agrobase.com.br\/concursos\/wp-json\/wp\/v2\/media?parent=272456"}],"wp:term":[{"taxonomy":"category","embeddable":true,"href":"https:\/\/www.agrobase.com.br\/concursos\/wp-json\/wp\/v2\/categories?post=272456"},{"taxonomy":"post_tag","embeddable":true,"href":"https:\/\/www.agrobase.com.br\/concursos\/wp-json\/wp\/v2\/tags?post=272456"},{"taxonomy":"_amplo","embeddable":true,"href":"https:\/\/www.agrobase.com.br\/concursos\/wp-json\/wp\/v2\/_amplo?post=272456"},{"taxonomy":"destaque","embeddable":true,"href":"https:\/\/www.agrobase.com.br\/concursos\/wp-json\/wp\/v2\/destaque?post=272456"},{"taxonomy":"instituicoes","embeddable":true,"href":"https:\/\/www.agrobase.com.br\/concursos\/wp-json\/wp\/v2\/instituicoes?post=272456"}],"curies":[{"name":"wp","href":"https:\/\/api.w.org\/{rel}","templated":true}]}}