{"id":272361,"date":"2025-10-10T07:00:18","date_gmt":"2025-10-10T10:00:18","guid":{"rendered":"https:\/\/www.agrobase.com.br\/concursos\/?p=272361"},"modified":"2025-10-09T10:32:48","modified_gmt":"2025-10-09T13:32:48","slug":"ufac-ac-selecao-simplificada-059-2025","status":"publish","type":"post","link":"https:\/\/www.agrobase.com.br\/concursos\/2025\/ufac-ac-selecao-simplificada-059-2025\/","title":{"rendered":"UFAC (AC) &#8211; Sele\u00e7\u00e3o Simplificada 059\/2025"},"content":{"rendered":"<h2>Informa\u00e7\u00f5es Gerais<\/h2>\n<p>O <strong>Edital n\u00ba 59\/2025 \u2013 PROGRAD<\/strong> da Universidade Federal do Acre (Ufac) anuncia a abertura de um <strong>processo seletivo simplificado<\/strong> para forma\u00e7\u00e3o de cadastro de reserva de <strong>professores substitutos<\/strong>. O certame est\u00e1 com edital publicado e ser\u00e1 conduzido pela Pr\u00f3-Reitoria de Gradua\u00e7\u00e3o, com execu\u00e7\u00e3o das etapas pelas bancas examinadoras dos respectivos centros acad\u00eamicos.<\/p>\n<p>O objetivo \u00e9 suprir, por tempo determinado, a demanda docente nos campi de <strong>Rio Branco<\/strong> e <strong>Cruzeiro do Sul<\/strong>, conforme a necessidade institucional. A contrata\u00e7\u00e3o ser\u00e1 regida pela <strong>Lei n\u00ba 8.745\/1993<\/strong>, em regime tempor\u00e1rio, com carga hor\u00e1ria de <strong>20h ou 40h semanais<\/strong>, a crit\u00e9rio da Ufac.<\/p>\n<p>O processo contempla exclusivamente o n\u00edvel <strong>superior<\/strong>, com oportunidades em diversas \u00e1reas do conhecimento. Entre elas, destacam-se \u00e1reas de interesse como <strong>Produ\u00e7\u00e3o Vegetal<\/strong> (Agronomia) e <strong>Nutri\u00e7\u00e3o Humana e Esportiva<\/strong>, al\u00e9m de campos como Engenharia El\u00e9trica, Engenharia Civil, Matem\u00e1tica, Geografia, Educa\u00e7\u00e3o, M\u00fasica e Sa\u00fade.<\/p>\n<p>Se voc\u00ea busca uma oportunidade para atuar no ensino superior p\u00fablico federal, continue a leitura e saiba como participar do processo seletivo.<\/p>\n<h2>Inscri\u00e7\u00f5es<\/h2>\n<p>As inscri\u00e7\u00f5es para o processo seletivo da Ufac est\u00e3o com <strong>prazo definido<\/strong> e ser\u00e3o realizadas <strong>exclusivamente pela internet<\/strong>, no per\u00edodo de <strong>07 a 15 de outubro de 2025<\/strong>, por meio do site <a href=\"https:\/\/sistemas2.ufac.br\/concurso_docente\/\" target=\"_blank\" rel=\"noopener\">https:\/\/sistemas2.ufac.br\/concurso_docente\/<\/a>.<\/p>\n<p>A taxa de inscri\u00e7\u00e3o \u00e9 de <strong>R$ 80,00<\/strong>, com pagamento via <strong>Guia de Recolhimento da Uni\u00e3o (GRU)<\/strong>, preferencialmente no Banco do Brasil, at\u00e9 o primeiro dia \u00fatil ap\u00f3s o encerramento das inscri\u00e7\u00f5es. N\u00e3o ser\u00e3o aceitos agendamentos como comprovante de pagamento.<\/p>\n<p>O candidato poder\u00e1 se inscrever para apenas <strong>uma \u00e1rea de conhecimento<\/strong>. Em caso de m\u00faltiplas inscri\u00e7\u00f5es, ser\u00e1 considerada v\u00e1lida apenas a \u00faltima efetivada. A altera\u00e7\u00e3o da \u00e1rea de inscri\u00e7\u00e3o n\u00e3o ser\u00e1 permitida.<\/p>\n<p>Pedidos de isen\u00e7\u00e3o devem ser realizados conforme crit\u00e9rios estabelecidos no edital. \u00c9 responsabilidade do candidato acompanhar o status da inscri\u00e7\u00e3o na \u00e1rea restrita do site da Ufac.<\/p>\n<p>Antes de efetuar o pagamento, \u00e9 fundamental verificar se atende a todos os requisitos do edital, pois n\u00e3o haver\u00e1 devolu\u00e7\u00e3o da taxa, salvo em caso de cancelamento do certame.<\/p>\n<p>Para mais informa\u00e7\u00f5es sobre os requisitos, procedimentos e prazos, recomenda-se a leitura atenta do edital completo.<\/p>\n<h2>Etapas e Provas<\/h2>\n<p>O processo seletivo ser\u00e1 realizado de <strong>27 de outubro a 11 de novembro de 2025<\/strong>, de forma <strong>presencial<\/strong>, nos munic\u00edpios de Rio Branco ou Cruzeiro do Sul, conforme a \u00e1rea de atua\u00e7\u00e3o. As etapas variam conforme a \u00e1rea, podendo ocorrer em <strong>fase \u00fanica<\/strong> ou em <strong>duas fases<\/strong>, conforme definido pela Assembleia de Centro.<\/p>\n<p>As avalia\u00e7\u00f5es poder\u00e3o incluir at\u00e9 dois dos seguintes elementos de julgamento, com pontua\u00e7\u00e3o m\u00e1xima de 10 pontos cada:<\/p>\n<ul>\n<li>Prova escrita<\/li>\n<li>Prova pr\u00e1tica<\/li>\n<li>Prova did\u00e1tica<\/li>\n<li>Semin\u00e1rio<\/li>\n<li>Entrevista<\/li>\n<\/ul>\n<p>Al\u00e9m disso, haver\u00e1 <strong>Prova de T\u00edtulos<\/strong>, de car\u00e1ter classificat\u00f3rio. Cada elemento de julgamento ter\u00e1 car\u00e1ter <strong>eliminat\u00f3rio e\/ou classificat\u00f3rio<\/strong>, conforme definido no cronograma da \u00e1rea.<\/p>\n<p>Na sele\u00e7\u00e3o em duas fases, a primeira ser\u00e1 composta por um dos elementos acima. Os candidatos aprovados (nota m\u00ednima de 5,0) seguem para a segunda fase, que incluir\u00e1 outro elemento de julgamento e a prova de t\u00edtulos. J\u00e1 na fase \u00fanica, os candidatos realizar\u00e3o dois elementos de julgamento e a prova de t\u00edtulos no mesmo dia, com intervalo m\u00ednimo de 15 minutos entre as avalia\u00e7\u00f5es.<\/p>\n<p>A <strong>nota final<\/strong> ser\u00e1 composta pela soma dos dois elementos de julgamento e da pontua\u00e7\u00e3o da prova de t\u00edtulos. Para aprova\u00e7\u00e3o, o candidato deve obter nota m\u00ednima de 5,0 em cada avalia\u00e7\u00e3o eliminat\u00f3ria.<\/p>\n<p>O cronograma detalhado com datas, hor\u00e1rios e locais ser\u00e1 publicado no site <a href=\"https:\/\/www3.ufac.br\/prograd\/2025\" target=\"_blank\" rel=\"noopener\">https:\/\/www3.ufac.br\/prograd\/2025<\/a> no dia 24 de outubro de 2025.<\/p>\n<p>Para detalhes sobre os crit\u00e9rios de avalia\u00e7\u00e3o, pontua\u00e7\u00e3o e conte\u00fado das provas, \u00e9 indispens\u00e1vel a leitura completa do edital.<\/p>\n<h2>Resultados e Gabarito<\/h2>\n<p>O <strong>resultado preliminar<\/strong> do processo seletivo ser\u00e1 divulgado no dia <strong>12 de novembro de 2025<\/strong>, no site <a href=\"https:\/\/www3.ufac.br\/prograd\/2025\" target=\"_blank\" rel=\"noopener\">https:\/\/www3.ufac.br\/prograd\/2025<\/a>. Na mesma data, ser\u00e1 publicada a convoca\u00e7\u00e3o para os procedimentos de heteroidentifica\u00e7\u00e3o e valida\u00e7\u00e3o documental dos candidatos autodeclarados negros, ind\u00edgenas e quilombolas.<\/p>\n<p>Esses procedimentos ocorrer\u00e3o em <strong>13 de novembro de 2025<\/strong>, com divulga\u00e7\u00e3o do resultado preliminar no dia <strong>14 de novembro<\/strong>. Recursos poder\u00e3o ser interpostos em <strong>17 de novembro<\/strong>, e o resultado final desses procedimentos ser\u00e1 publicado em <strong>18 de novembro de 2025<\/strong>.<\/p>\n<p>O <strong>resultado final do processo seletivo<\/strong> ser\u00e1 publicado em <strong>19 de novembro de 2025<\/strong>, ap\u00f3s an\u00e1lise dos recursos e homologa\u00e7\u00e3o pela Assembleia do Centro. A homologa\u00e7\u00e3o final ser\u00e1 feita pela Reitoria e publicada no <strong>Di\u00e1rio Oficial da Uni\u00e3o<\/strong> e no site da Ufac.<\/p>\n<p>A classifica\u00e7\u00e3o final obedecer\u00e1 \u00e0 ordem decrescente das notas finais. Em caso de empate, ser\u00e3o considerados, nesta ordem: maior idade (conforme o Estatuto do Idoso), maior pontua\u00e7\u00e3o na prova de t\u00edtulos, maior m\u00e9dia na prova did\u00e1tica, maior tempo de experi\u00eancia no magist\u00e9rio superior e, por fim, sorteio.<\/p>\n<p>O prazo de validade do processo seletivo ser\u00e1 de <strong>1 ano<\/strong>, a contar da assinatura do primeiro contrato, podendo ser prorrogado por igual per\u00edodo.<\/p>\n<p>Refor\u00e7amos que o acompanhamento de todas as publica\u00e7\u00f5es oficiais no site da banca organizadora e no Di\u00e1rio Oficial da Uni\u00e3o \u00e9 de responsabilidade exclusiva do candidato.<\/p>\n","protected":false},"excerpt":{"rendered":"<p>Sel. Simplificada UFAC (AC) com edital publicado! Vagas p\/ Eng. El\u00e9trica (Superior). Inscri\u00e7\u00f5es a partir de 07\/10. CR vagas. Confira detalhes!<\/p>\n","protected":false},"author":7,"featured_media":272360,"comment_status":"open","ping_status":"open","sticky":false,"template":"","format":"standard","meta":{"_acf_changed":false,"_breakdance_hide_in_design_set":false,"_breakdance_tags":"","footnotes":""},"categories":[4,6433,12,14,103,142,104,133,16,136,111,6871,116,21,119,23,25,26],"tags":[38],"_amplo":[],"destaque":[],"instituicoes":[],"class_list":["post-272361","post","type-post","status-publish","format-standard","has-post-thumbnail","hentry","category-agronomia","category-biologia-licenciatura","category-enfermagem","category-engenharia","category-engenharia-eletrica","category-engenharia-eletronica","category-engenharia-mecanica","category-engenharia-mecatronica","category-engenharia-sanitaria","category-estatistica","category-geografia","category-letras-ingles","category-matematica","category-medicina","category-musica","category-nutricao","category-pedagogia","category-psicologia","tag-acre"],"acf":{"_tipo_vagas":"vagas","_numero_vagas":"","_quadro_vagas":"","_cargos":"diversos","_cargos_especificos":"","_salario_max":"R$ 9.058,29","_abertura":"20251007","_encerramento":"20251015","_inscricoes":"https:\/\/sistemas2.ufac.br\/concurso_docente\/","_executora_concurso":"","_instituicao_concurso":[],"_link_adicional":null,"_anexos":null,"_produtos":null,"_vagas":"CR","_salario_min":"R$ 3.090,43 ","_instituicao":"UFAC","_edital":"https:\/\/www.agrobase.com.br\/concursos\/wp-content\/uploads\/sites\/4\/2025\/10\/edital-059-2025-ufac-ac.pdf","_anexos_edital":"https:\/\/www.agrobase.com.br\/concursos\/wp-content\/uploads\/sites\/4\/2025\/10\/anexos-edital-059-2025-ufac-ac.pdf","_fund_incompleto":"","_fund_completo":"","_medio":"","_superior":"<div>\r\n<table class=\"quadro\">\r\n<thead>\r\n<tr>\r\n<th class=\"hcargo\">Cargo<\/th>\r\n<th class=\"hvagas\">Vagas<\/th>\r\n\r\n<\/tr>\r\n<\/thead>\r\n    <tbody>\r\n      <tr>\r\n<td class=\"ccargos\">\r\n<span data-balloon-length=\"medium\" aria-label=\"Doutorado em Engenharia El\u00e9trica ou Engenharia Eletr\u00f4nica ou Engenharia de Controle e Automa\u00e7\u00e3o ou Engenharia Mecatr\u00f4nica, com Gradua\u00e7\u00e3o em Engenharia El\u00e9trica ou Engenharia Eletr\u00f4nica ou Engenharia de Controle e Automa\u00e7\u00e3o ou Engenharia Mecatr\u00f4nica ou; Mestrado em Engenharia El\u00e9trica ou Engenharia Eletr\u00f4nica ou Engenharia de Controle e Automa\u00e7\u00e3o ou Engenharia Mecatr\u00f4nica, com Gradua\u00e7\u00e3o em Engenharia El\u00e9trica ou Engenharia Eletr\u00f4nica ou Engenharia de Controle e Automa\u00e7\u00e3o ou Engenharia Mecatr\u00f4nica ou; Especialista em Engenharia El\u00e9trica ou Engenharia Eletr\u00f4nica ou Engenharia de Controle e Automa\u00e7\u00e3o ou Engenharia Mecatr\u00f4nica, com Gradua\u00e7\u00e3o em Engenharia El\u00e9trica ou Engenharia Eletr\u00f4nica ou Engenharia de Controle e Automa\u00e7\u00e3o ou Engenharia Mecatr\u00f4nica ou;\" data-balloon-pos=\"up\">Engenharia El\u00e9trica \u2013 Eletr\u00f4nica<\/span><\/td>\r\n<td class=\"cvagas\">CR<\/td>\r\n\r\n<\/tr><tr>\r\n<td class=\"ccargos\">\r\n<span data-balloon-length=\"medium\" aria-label=\"Doutorado em Engenharia El\u00e9trica ou Engenharia de Energia ou Sistemas de Pot\u00eancia ou Eletrot\u00e9cnica, com Gradua\u00e7\u00e3o em Engenharia El\u00e9trica ou Engenharia de Energia ou Sistemas de Pot\u00eancia ou Eletrot\u00e9cnica ou; Mostrado em Engenharia El\u00e9trica ou Engenharia de Energia ou Sistemas de Pot\u00eancia ou Eletrot\u00e9cnica, com Gradua\u00e7\u00e3o em Engenharia El\u00e9trica ou Engenharia de Energia ou Sistemas de Pot\u00eancia ou Eletrot\u00e9cnica ou; Especializa\u00e7\u00e3o em Engenharia El\u00e9trica ou Engenharia de Energia ou Sistemas de Pot\u00eancia ou Eletrot\u00e9cnica, com Gradua\u00e7\u00e3o em Engenharia El\u00e9trica ou Engenharia de Energia ou Sistemas de Pot\u00eancia ou Eletrot\u00e9cnica ou; Graduado em Engenharia El\u00e9trica ou Engenharia de Energia ou Sistemas de Pot\u00eancia ou Eletrot\u00e9cnica.\" data-balloon-pos=\"up\">Engenharia El\u00e9trica \u2013 Eletrot\u00e9cnica<\/span><\/td>\r\n<td class=\"cvagas\">CR<\/td>\r\n\r\n<\/tr><tr>\r\n<td class=\"ccargos\">\r\n<span data-balloon-length=\"medium\" aria-label=\"Doutorado em Engenharia de Telecomunica\u00e7\u00f5es ou Engenharia El\u00e9trica ou Engenharia eletr\u00f4nica ou Engenharia de Controle Automa\u00e7\u00e3o, com Gradua\u00e7\u00e3o em Engenharia de Engenharia El\u00e9trica ou Engenharia de Controle Automa\u00e7\u00e3o ou; Mostrado em Engenharia de Telecomunica\u00e7\u00f5es ou Engenharia El\u00e9trica ou Engenharia eletr\u00f4nica ou Engenharia de Controle Automa\u00e7\u00e3o, com Gradua\u00e7\u00e3o em Engenharia de Telecomunica\u00e7\u00f5es ou Engenharia eletr\u00f4nica ou Engenharia de Controle Automa\u00e7\u00e3o ou; Especializa\u00e7\u00e3o em Engenharia de Telecomunica\u00e7\u00f5es ou Engenharia eletr\u00f4nica ou Engenharia de Controle Automa\u00e7\u00e3o ou; El\u00e9trica ou Engenharia eletr\u00f4nica ou Engenharia de Controle Automa\u00e7\u00e3o, com Gradua\u00e7\u00e3o em Engenharia de Engenharia eletr\u00f4nica ou Engenharia de Controle Automa\u00e7\u00e3o ou;\" data-balloon-pos=\"up\">Engenharia El\u00e9trica \u2013 Telecomunica\u00e7\u00f5es<\/span><\/td>\r\n<td class=\"cvagas\">CR<\/td>\r\n\r\n<\/tr><tr>\r\n<td class=\"ccargos\">\r\n<span data-balloon-length=\"medium\" aria-label=\"Doutorado em Engenharia Civil ou Engenharia Sanit\u00e1ria ou Engenharia de Transportes ou Engenharia Mec\u00e2nica, com Gradua\u00e7\u00e3o em Engenharia Civil ou; Mestrado em Engenharia Civil ou Engenharia Sanit\u00e1ria ou Engenharia de Transportes ou Engenharia Mec\u00e2nica, com Gradua\u00e7\u00e3o em Engenharia Civil, ou Especializa\u00e7\u00e3o em Engenharia Civil ou Engenharia Sanit\u00e1ria ou Engenharia de Transportes ou Engenharia Mec\u00e2nica, com Gradua\u00e7\u00e3o em Engenharia Civil ou; Gradua\u00e7\u00e3o em Engenharia Civil\" data-balloon-pos=\"up\">Engenharia Civil - Estruturas<\/span><\/td>\r\n<td class=\"cvagas\">CR<\/td>\r\n\r\n<\/tr><tr>\r\n<td class=\"ccargos\">\r\n<span data-balloon-length=\"medium\" aria-label=\"Doutorado em: Educa\u00e7\u00e3o Matem\u00e1tica ou Ensino de Matem\u00e1tica ou Ensino de Ci\u00eancias e Matem\u00e1tica ou Educa\u00e7\u00e3o em Ci\u00eancias e Matem\u00e1tica, com gradua\u00e7\u00e3o em Matem\u00e1tica ou; Mestrado em: Educa\u00e7\u00e3o Matem\u00e1tica ou Ensino de Matem\u00e1tica ou Ensino de Ci\u00eancias e Matem\u00e1tica, Educa\u00e7\u00e3o em Ci\u00eancias e Matem\u00e1tica. Com gradua\u00e7\u00e3o em Matem\u00e1tica ou; Especializa\u00e7\u00e3o em: Educa\u00e7\u00e3o Matem\u00e1tica ou Ensino de Matem\u00e1tica ou Ensino de Ci\u00eancias e Matem\u00e1tica, Educa\u00e7\u00e3o em Ci\u00eancias e Matem\u00e1tica, com gradua\u00e7\u00e3o em Matem\u00e1tica; Licenciatura em Matem\u00e1tica ou, Gradua\u00e7\u00e3o em Matem\u00e1tica; Licenciatura em Matem\u00e1tica\" data-balloon-pos=\"up\">Matem\u00e1tica - Educa\u00e7\u00e3o Matem\u00e1tica<\/span><\/td>\r\n<td class=\"cvagas\">CR<\/td>\r\n\r\n<\/tr><tr>\r\n<td class=\"ccargos\">\r\n<span data-balloon-length=\"medium\" aria-label=\"Doutorado em Matem\u00e1tica ou Matem\u00e1tica Aplicada ou Ci\u00eancias \u2013 Matem\u00e1tica, com gradua\u00e7\u00e3o em Matem\u00e1tica ou Matem\u00e1tica Aplicada; Mestrado em Matem\u00e1tica ou Matem\u00e1tica Aplicada ou Ci\u00eancias \u2013 Matem\u00e1tica, com gradua\u00e7\u00e3o em Matem\u00e1tica ou Matem\u00e1tica Aplicada;\" data-balloon-pos=\"up\">Matem\u00e1tica<\/span><\/td>\r\n<td class=\"cvagas\">CR<\/td>\r\n\r\n<\/tr><tr>\r\n<td class=\"ccargos\">\r\n<span data-balloon-length=\"medium\" aria-label=\"Doutorado em Geografia, com Gradua\u00e7\u00e3o em (Licenciatura ou Bacharelado) Geografia; ou Mestrado em Geografia, com Gradua\u00e7\u00e3o em (Licenciatura ou Bacharelado) Geografia; ou Gradua\u00e7\u00e3o em (Licenciatura ou Bacharelado) em Geografia.\" data-balloon-pos=\"up\">Geografia F\u00edsica<\/span><\/td>\r\n<td class=\"cvagas\">CR<\/td>\r\n\r\n<\/tr><tr>\r\n<td class=\"ccargos\">\r\n<span data-balloon-length=\"medium\" aria-label=\"Doutorado em Geografia, com Gradua\u00e7\u00e3o em (Licenciatura ou Bacharelado) Geografia; ou Mestrado em Geografia, com Gradua\u00e7\u00e3o em (Licenciatura ou Bacharelado) Geografia; ou Gradua\u00e7\u00e3o em (Licenciatura ou Bacharelado) em Geografia.\" data-balloon-pos=\"up\">Geografia Humana<\/span><\/td>\r\n<td class=\"cvagas\">CR<\/td>\r\n\r\n<\/tr><tr>\r\n<td class=\"ccargos\">\r\n<span data-balloon-length=\"medium\" aria-label=\"Doutorado em Educa\u00e7\u00e3o ou Educa\u00e7\u00e3o Especial, com gradua\u00e7\u00e3o - Licenciatura em: Educa\u00e7\u00e3o Especial ou Pedagogia ou; Mestrado em Educa\u00e7\u00e3o ou Educa\u00e7\u00e3o Especial, com gradua\u00e7\u00e3o - Licenciatura em: Educa\u00e7\u00e3o Especial ou Pedagogia ou; Especializa\u00e7\u00e3o em Educa\u00e7\u00e3o Especial, com gradua\u00e7\u00e3o - Licenciatura em: Educa\u00e7\u00e3o Especial ou Pedagogia ou; Gradua\u00e7\u00e3o - Licenciatura em: Educa\u00e7\u00e3o Especial ou Pedagogia.\" data-balloon-pos=\"up\">Educa\u00e7\u00e3o Especial<\/span><\/td>\r\n<td class=\"cvagas\">CR<\/td>\r\n\r\n<\/tr><tr>\r\n<td class=\"ccargos\">\r\n<span data-balloon-length=\"medium\" aria-label=\"Doutorado em Educa\u00e7\u00e3o ou Psicologia da Educa\u00e7\u00e3o ou Psicologia Escolar, com Gradua\u00e7\u00e3o em Psicologia ou Licenciatura em Pedagogia ou; Mestrado em Educa\u00e7\u00e3o ou Psicologia da Educa\u00e7\u00e3o ou Psicologia Escolar, com Gradua\u00e7\u00e3o em Psicologia ou Licenciatura em Pedagogia ou; Especializa\u00e7\u00e3o em Educa\u00e7\u00e3o ou Psicologia da Educa\u00e7\u00e3o ou Psicologia Escolar, com gradua\u00e7\u00e3o em Psicologia ou Licenciatura em Pedagogia ou; Gradua\u00e7\u00e3o em Psicologia ou Licenciatura em Pedagogia\" data-balloon-pos=\"up\">Psicologia da Educa\u00e7\u00e3o<\/span><\/td>\r\n<td class=\"cvagas\">CR<\/td>\r\n\r\n<\/tr><tr>\r\n<td class=\"ccargos\">\r\n<span data-balloon-length=\"medium\" aria-label=\"Doutorado em M\u00fasica ou; Mestrado em M\u00fasica ou; Especialista em M\u00fasica ou; Graduado em M\u00fasica.\" data-balloon-pos=\"up\">Educa\u00e7\u00e3o Musical<\/span><\/td>\r\n<td class=\"cvagas\">CR<\/td>\r\n\r\n<\/tr><tr>\r\n<td class=\"ccargos\">\r\n<span data-balloon-length=\"medium\" aria-label=\"Doutorado em M\u00fasica ou; Mistando em M\u00fasica ou; Especialista em M\u00fasica ou; Graduado em M\u00fasica.\" data-balloon-pos=\"up\">Pr\u00e1ticas Interpretativas\/Viol\u00e3o<\/span><\/td>\r\n<td class=\"cvagas\">CR<\/td>\r\n\r\n<\/tr><tr>\r\n<td class=\"ccargos\">\r\n<span data-balloon-length=\"medium\" aria-label=\"Doutorado em M\u00fasica ou; Mistando em M\u00fasica ou; Especialista em M\u00fasica ou; Graduado em M\u00fasica.\" data-balloon-pos=\"up\">Pr\u00e1ticas Interpretativas\/Piano<\/span><\/td>\r\n<td class=\"cvagas\">CR<\/td>\r\n\r\n<\/tr><tr>\r\n<td class=\"ccargos\">\r\n<span data-balloon-length=\"medium\" aria-label=\"Doutorado em Ci\u00eancias da Sa\u00fade ou Ci\u00eancias Biol\u00f3gicas, com gradua\u00e7\u00e3o em Medicina e Resid\u00eancia M\u00e9dica reconhecida pelo MEC ou t\u00edtulo de especialista em Cirurgia Cardiovascular ou Cirurgia de Cabe\u00e7a e Pescopo ou Cirurgia do Aparelho Digestivo ou Cirurgia Geral ou Cirurgia Pedi\u00e1trica ou Cirurgia Pl\u00e1stica ou Cirurgia Tor\u00e1cica ou Cirurgia Vascular ou Coloprociologia ou Urologia; ou Mestrado em Ci\u00eancias da Sa\u00fade ou Ci\u00eancias Biol\u00f3gicas, com gradua\u00e7\u00e3o em Medicina e Resid\u00eancia M\u00e9dica reconhecida pelo MEC ou t\u00edtulo de especialista em Cirurgia Cardiovascular ou Cirurgia de Cabe\u00e7a e Pescopo ou Cirurgia do Aparelho Digestivo ou Cirurgia Geral ou Cirurgia Pedi\u00e1trica ou Cirurgia Pl\u00e1stica ou Cirurgia Tor\u00e1cica ou Cirurgia Vascular ou Coloprociologia ou Urologia; ou Mestrado na \u00e1rea da Sa\u00fade, com Gradua\u00e7\u00e3o (Bacharelado ou Licenciatura) em Enfermagem; ou Especializa\u00e7\u00e3o na \u00e1rea da Sa\u00fade, com Gradua\u00e7\u00e3o (Bacharelado ou Licenciatura) em Enfermagem; ou Gradua\u00e7\u00e3o (Bacharelado ou Licenciatura) em Enfermagem;\" data-balloon-pos=\"up\">Cirurgia Geral<\/span><\/td>\r\n<td class=\"cvagas\">CR<\/td>\r\n\r\n<\/tr><tr>\r\n<td class=\"ccargos\">\r\n<span data-balloon-length=\"medium\" aria-label=\"Doutorado em Ci\u00eancias da Sa\u00fade ou Ci\u00eancias Biol\u00f3gicas, com Gradua\u00e7\u00e3o em Medicina e Resid\u00eancia M\u00e9dica reconhecida pelo MEC em Ginecologia e Obstetr\u00edcia; ou Mestrado em Ci\u00eancias da Sa\u00fade ou Ci\u00eancias Biol\u00f3gicas, com Gradua\u00e7\u00e3o em Medicina e Resid\u00eancia M\u00e9dica reconhecida pelo MEC em Ginecologia e Obstetr\u00edcia; ou Gradua\u00e7\u00e3o em Medicina e Resid\u00eancia M\u00e9dica reconhecida pelo MEC em Ginecologia e Obstetr\u00edcia\" data-balloon-pos=\"up\">Ginecologia e Obstetr\u00edcia<\/span><\/td>\r\n<td class=\"cvagas\">CR<\/td>\r\n\r\n<\/tr><tr>\r\n<td class=\"ccargos\">\r\n<span data-balloon-length=\"medium\" aria-label=\"Doutorado em Ci\u00eancias da Sa\u00fade ou Nutri\u00e7\u00e3o Cl\u00ednica, ou Nutri\u00e7\u00e3o ou Sa\u00fade Coletiva ou Sa\u00fade P\u00fablica, com Gradua\u00e7\u00e3o em Nutri\u00e7\u00e3o; ou Mestrado em Ci\u00eancias da Sa\u00fade ou Nutri\u00e7\u00e3o Cl\u00ednica, ou Nutri\u00e7\u00e3o ou Sa\u00fade Coletiva ou Sa\u00fade P\u00fablica, com Gradua\u00e7\u00e3o em Nutri\u00e7\u00e3o; ou Especializa\u00e7\u00e3o em Ci\u00eancias da Sa\u00fade ou Nutri\u00e7\u00e3o Cl\u00ednica, ou Nutri\u00e7\u00e3o ou Sa\u00fade Coletiva ou Sa\u00fade P\u00fablica, com Gradua\u00e7\u00e3o em Nutri\u00e7\u00e3o; ou Gradua\u00e7\u00e3o em Nutri\u00e7\u00e3o;\" data-balloon-pos=\"up\">Nutri\u00e7\u00e3o Humana e Esportiva<\/span><\/td>\r\n<td class=\"cvagas\">CR<\/td>\r\n\r\n<\/tr><tr>\r\n<td class=\"ccargos\">\r\n<span data-balloon-length=\"medium\" aria-label=\"Doutorado em Letras ou Lingu\u00edstica ou Lingu\u00edstica: Aplicada ou Estudos Lingu\u00edsticos ou Linguagens ou Ensino ou Tradu\u00e7\u00e3o, com Gradua\u00e7\u00e3o em Licenciatura em Letras: Ingl\u00eas ou Letras: Portugu\u00eas\/Ingl\u00eas ou; Mestrado em Letras ou Lingu\u00edstica ou Estudos Lingu\u00edsticos ou Linguagens ou Ensino ou Tradu\u00e7\u00e3o, com Gradua\u00e7\u00e3o em Licenciatura em Letras: Ingl\u00eas ou Letras: Portugu\u00eas\/Ingl\u00eas ou; Especialista em Letras ou Lingu\u00edstica ou Estudos Lingu\u00edsticos ou Linguagens ou Ensino ou Tradu\u00e7\u00e3o, com Gradua\u00e7\u00e3o em Licenciatura em Letras: Ingl\u00eas ou Letras: Portugu\u00eas\/Ingl\u00eas ou; Graduado em Licenciatura em Letras: Ingl\u00eas ou Letras: Portugu\u00eas\/Ingl\u00eas\" data-balloon-pos=\"up\">L\u00edngua Inglesa e Respectivas Literaturas<\/span><\/td>\r\n<td class=\"cvagas\">CR<\/td>\r\n\r\n<\/tr><tr>\r\n<td class=\"ccargos\">\r\n<span data-balloon-length=\"medium\" aria-label=\"Doutorado em Agronomia ou Ci\u00eancias Agr\u00e1rias ou Produ\u00e7\u00e3o Vegetal ou Fitotecnia, com Gradua\u00e7\u00e3o em Engenharia Agron\u00f4mica ou; Mestrado em Agronomia ou Ci\u00eancias Agr\u00e1rias ou Produ\u00e7\u00e3o Vegetal ou Fitotecnia, com Gradua\u00e7\u00e3o em Engenharia Agron\u00f4mica ou; Especialista em Agronomia ou Ci\u00eancias Agr\u00e1rias, com Gradua\u00e7\u00e3o em Engenharia Agron\u00f4mica ou, Graduado em Engenharia Agron\u00f4mica\" data-balloon-pos=\"up\">Produ\u00e7\u00e3o Vegetal<\/span><\/td>\r\n<td class=\"cvagas\">CR<\/td>\r\n\r\n<\/tr><tr>\r\n<td class=\"ccargos\">\r\n<span data-balloon-length=\"medium\" aria-label=\"Doutorado em Matem\u00e1tica ou Ensino de Ci\u00eancias e Matem\u00e1tica ou Estat\u00edstica, com Gradua\u00e7\u00e3o em Matem\u00e1tica Estat\u00edstica ou; Mestrado em Matem\u00e1tica ou Ensino de Ci\u00eancias e Matem\u00e1tica ou Estat\u00edstica, com Gradua\u00e7\u00e3o em Matem\u00e1tica Estat\u00edstica ou; Especialista em Matem\u00e1tica ou Ensino de Ci\u00eancias e Matem\u00e1tica ou Estat\u00edstica, com Gradua\u00e7\u00e3o em Matem\u00e1tica Estat\u00edstica ou; Graduado em Matem\u00e1tica Estat\u00edstica\" data-balloon-pos=\"up\">Matem\u00e1tica e Estat\u00edstica<\/span><\/td>\r\n<td class=\"cvagas\">CR<\/td>\r\n\r\n<\/tr>\r\n    <\/tbody>\r\n  <\/table>\r\n<\/div>"},"_links":{"self":[{"href":"https:\/\/www.agrobase.com.br\/concursos\/wp-json\/wp\/v2\/posts\/272361","targetHints":{"allow":["GET"]}}],"collection":[{"href":"https:\/\/www.agrobase.com.br\/concursos\/wp-json\/wp\/v2\/posts"}],"about":[{"href":"https:\/\/www.agrobase.com.br\/concursos\/wp-json\/wp\/v2\/types\/post"}],"author":[{"embeddable":true,"href":"https:\/\/www.agrobase.com.br\/concursos\/wp-json\/wp\/v2\/users\/7"}],"replies":[{"embeddable":true,"href":"https:\/\/www.agrobase.com.br\/concursos\/wp-json\/wp\/v2\/comments?post=272361"}],"version-history":[{"count":3,"href":"https:\/\/www.agrobase.com.br\/concursos\/wp-json\/wp\/v2\/posts\/272361\/revisions"}],"predecessor-version":[{"id":272370,"href":"https:\/\/www.agrobase.com.br\/concursos\/wp-json\/wp\/v2\/posts\/272361\/revisions\/272370"}],"wp:featuredmedia":[{"embeddable":true,"href":"https:\/\/www.agrobase.com.br\/concursos\/wp-json\/wp\/v2\/media\/272360"}],"wp:attachment":[{"href":"https:\/\/www.agrobase.com.br\/concursos\/wp-json\/wp\/v2\/media?parent=272361"}],"wp:term":[{"taxonomy":"category","embeddable":true,"href":"https:\/\/www.agrobase.com.br\/concursos\/wp-json\/wp\/v2\/categories?post=272361"},{"taxonomy":"post_tag","embeddable":true,"href":"https:\/\/www.agrobase.com.br\/concursos\/wp-json\/wp\/v2\/tags?post=272361"},{"taxonomy":"_amplo","embeddable":true,"href":"https:\/\/www.agrobase.com.br\/concursos\/wp-json\/wp\/v2\/_amplo?post=272361"},{"taxonomy":"destaque","embeddable":true,"href":"https:\/\/www.agrobase.com.br\/concursos\/wp-json\/wp\/v2\/destaque?post=272361"},{"taxonomy":"instituicoes","embeddable":true,"href":"https:\/\/www.agrobase.com.br\/concursos\/wp-json\/wp\/v2\/instituicoes?post=272361"}],"curies":[{"name":"wp","href":"https:\/\/api.w.org\/{rel}","templated":true}]}}