{"id":272335,"date":"2025-10-09T07:50:47","date_gmt":"2025-10-09T10:50:47","guid":{"rendered":"https:\/\/www.agrobase.com.br\/concursos\/?p=272335"},"modified":"2025-10-08T14:43:46","modified_gmt":"2025-10-08T17:43:46","slug":"ses-sc-sc-selecao-simplificada-52-2025","status":"publish","type":"post","link":"https:\/\/www.agrobase.com.br\/concursos\/2025\/ses-sc-sc-selecao-simplificada-52-2025\/","title":{"rendered":"SES SC (SC) &#8211; Sele\u00e7\u00e3o Simplificada 52\/2025"},"content":{"rendered":"<h2>Informa\u00e7\u00f5es Gerais<\/h2>\n<p>O Processo Seletivo Simplificado n\u00ba 052\/2025\/SES, promovido pela Secretaria de Estado da Sa\u00fade de Santa Catarina, teve seu edital publicado com o objetivo de contratar profissionais por prazo determinado para atua\u00e7\u00e3o nas unidades da SES na Grande Florian\u00f3polis. O certame oferece <strong>23 vagas imediatas, al\u00e9m de cadastro reserva<\/strong>, com contratos de at\u00e9 24 meses, prorrog\u00e1veis uma \u00fanica vez por igual per\u00edodo.<\/p>\n<p>O regime de contrata\u00e7\u00e3o \u00e9 tempor\u00e1rio, e as oportunidades contemplam candidatos com forma\u00e7\u00e3o de n\u00edvel m\u00e9dio\/t\u00e9cnico e superior. As \u00e1reas de atua\u00e7\u00e3o abrangem setores administrativos, t\u00e9cnicos e da sa\u00fade, com destaque para cargos de interesse como <strong>Bi\u00f3logo<\/strong> e <strong>Farmac\u00eautico com habilita\u00e7\u00e3o em Tecnologia de Alimentos<\/strong>, al\u00e9m de outras especialidades da sa\u00fade p\u00fablica e hospitalar.<\/p>\n<p>As remunera\u00e7\u00f5es variam de R$ 4.102,20 a R$ 5.212,32, com carga hor\u00e1ria de 30 horas semanais. Continue a leitura para saber como se inscrever, quais s\u00e3o as etapas do processo e como acompanhar os resultados.<\/p>\n<h2>Inscri\u00e7\u00f5es<\/h2>\n<p>As inscri\u00e7\u00f5es para o Processo Seletivo Simplificado 052\/2025\/SES est\u00e3o <strong>abertas de 6 a 17 de outubro de 2025<\/strong> e devem ser realizadas exclusivamente pela internet, por meio do site <a href=\"https:\/\/sigrhportal.sea.sc.gov.br\/SIGRHPPS\/\" target=\"_blank\" rel=\"noopener\">https:\/\/sigrhportal.sea.sc.gov.br\/SIGRHPPS\/<\/a>. N\u00e3o ser\u00e1 cobrada taxa de inscri\u00e7\u00e3o.<\/p>\n<p>Para se inscrever, o candidato deve realizar cadastro no sistema, caso ainda n\u00e3o possua. Ap\u00f3s o login, \u00e9 necess\u00e1rio selecionar o edital e o cargo desejado, preencher o formul\u00e1rio e anexar toda a documenta\u00e7\u00e3o comprobat\u00f3ria exigida, em formato PDF, nos campos correspondentes. Cada arquivo deve ter no m\u00e1ximo 2MB e n\u00e3o ser\u00e3o aceitos documentos enviados por outros meios.<\/p>\n<p>\u00c9 permitido se inscrever em apenas uma vaga por edital. Ap\u00f3s clicar em \u201cCONFIRMAR MINHA INSCRI\u00c7\u00c3O\u201d, n\u00e3o ser\u00e1 poss\u00edvel editar informa\u00e7\u00f5es ou anexar novos documentos. A confirma\u00e7\u00e3o da inscri\u00e7\u00e3o ser\u00e1 enviada automaticamente para o e-mail cadastrado.<\/p>\n<p>Recomenda-se fortemente a leitura atenta do edital completo, dispon\u00edvel em: <a href=\"https:\/\/www.saude.sc.gov.br\/index.php\/pt\/services\/concursos-e-selecoes\/processos-seletivos-ses\" target=\"_blank\" rel=\"noopener\">https:\/\/www.saude.sc.gov.br\/index.php\/pt\/services\/concursos-e-selecoes\/processos-seletivos-ses<\/a>.<\/p>\n<h2>Etapas e Provas<\/h2>\n<p>O Processo Seletivo Simplificado 052\/2025\/SES ser\u00e1 composto por uma \u00fanica etapa de car\u00e1ter <strong>classificat\u00f3rio e eliminat\u00f3rio<\/strong>, baseada na <strong>avalia\u00e7\u00e3o de t\u00edtulos e da experi\u00eancia profissional comprovada<\/strong>.<\/p>\n<ul>\n<li><strong>Formato:<\/strong> an\u00e1lise documental, sem aplica\u00e7\u00e3o de provas objetivas ou pr\u00e1ticas.<\/li>\n<li><strong>Pontua\u00e7\u00e3o:<\/strong> ser\u00e1 atribu\u00edda conforme as Tabelas 1 e 2 do edital, levando em conta a forma\u00e7\u00e3o acad\u00eamica e o tempo de experi\u00eancia na \u00e1rea de atua\u00e7\u00e3o.<\/li>\n<li><strong>Classifica\u00e7\u00e3o:<\/strong> os candidatos ser\u00e3o ordenados em ordem decrescente da pontua\u00e7\u00e3o final obtida.<\/li>\n<\/ul>\n<p>Em caso de empate na pontua\u00e7\u00e3o, ser\u00e3o aplicados os seguintes crit\u00e9rios, nesta ordem:<\/p>\n<ul>\n<li>Maior pontua\u00e7\u00e3o por t\u00edtulos<\/li>\n<li>Maior tempo de experi\u00eancia comprovada<\/li>\n<li>Exerc\u00edcio da fun\u00e7\u00e3o de jurado<\/li>\n<li>Exerc\u00edcio da fun\u00e7\u00e3o de mes\u00e1rio<\/li>\n<li>Maior idade<\/li>\n<li>Maior n\u00famero de filhos menores de 14 anos<\/li>\n<\/ul>\n<p>Para detalhes sobre os documentos aceitos, crit\u00e9rios de pontua\u00e7\u00e3o e cronograma, \u00e9 indispens\u00e1vel a leitura atenta do edital completo.<\/p>\n<h2>Resultados e Gabarito<\/h2>\n<p>O <strong>resultado preliminar<\/strong> ser\u00e1 divulgado no site oficial da Secretaria de Estado da Sa\u00fade, no endere\u00e7o <a href=\"https:\/\/www.saude.sc.gov.br\/index.php\/pt\/servicos\/concursos-e-selecoes\/processos-seletivos-ses\" target=\"_blank\" rel=\"noopener\">https:\/\/www.saude.sc.gov.br<\/a>, ap\u00f3s a conclus\u00e3o da an\u00e1lise dos documentos enviados pelos candidatos.<\/p>\n<p>Candidatos n\u00e3o classificados poder\u00e3o consultar a justificativa de sua elimina\u00e7\u00e3o acessando a \u00e1rea restrita do sistema de inscri\u00e7\u00e3o, na aba \u201cinscri\u00e7\u00f5es\u201d e, em seguida, em \u201cResultado\u201d.<\/p>\n<p>O <strong>resultado final<\/strong> ser\u00e1 homologado por meio de Portaria publicada no <a href=\"https:\/\/doe.sea.sc.gov.br\/v198\/#\/portal\" target=\"_blank\" rel=\"noopener\">Di\u00e1rio Oficial do Estado de Santa Catarina<\/a> e tamb\u00e9m divulgado no site da SES\/SC.<\/p>\n<p>Os crit\u00e9rios de desempate seguir\u00e3o a seguinte ordem:<\/p>\n<ul>\n<li>Maior pontua\u00e7\u00e3o por t\u00edtulos<\/li>\n<li>Maior tempo de experi\u00eancia comprovada<\/li>\n<li>Exerc\u00edcio da fun\u00e7\u00e3o de jurado<\/li>\n<li>Exerc\u00edcio da fun\u00e7\u00e3o de mes\u00e1rio<\/li>\n<li>Maior idade<\/li>\n<li>Maior n\u00famero de filhos menores de 14 anos<\/li>\n<\/ul>\n<p>A homologa\u00e7\u00e3o do resultado final marca o in\u00edcio da validade do processo seletivo, que ser\u00e1 de dois anos. A convoca\u00e7\u00e3o dos aprovados ser\u00e1 feita conforme necessidade da Secretaria, e dever\u00e1 ser acompanhada exclusivamente pelos canais oficiais da SES\/SC e pelo Di\u00e1rio Oficial do Estado.<\/p>\n<p><strong>\u00c9 responsabilidade do candidato acompanhar todas as publica\u00e7\u00f5es oficiais referentes ao certame.<\/strong><\/p>\n","protected":false},"excerpt":{"rendered":"<p>Sel. Simplificada SES (SC) com edital publicado! Vagas p\/ Enfermeiro e + (M\u00e9dio a Sup.). Inscri\u00e7\u00f5es a partir de 06\/10. Sal\u00e1rios at\u00e9 R$ 5.2k. Confira detalhes!<\/p>\n","protected":false},"author":7,"featured_media":272334,"comment_status":"open","ping_status":"open","sticky":false,"template":"","format":"standard","meta":{"_acf_changed":false,"_breakdance_hide_in_design_set":false,"_breakdance_tags":"","footnotes":""},"categories":[6,6433,12,103,17,122,6436,18,19,134],"tags":[61],"_amplo":[],"destaque":[],"instituicoes":[],"class_list":["post-272335","post","type-post","status-publish","format-standard","has-post-thumbnail","hentry","category-biologia","category-biologia-licenciatura","category-enfermagem","category-engenharia-eletrica","category-farmacia","category-fisica","category-fisica-licenciatura","category-fisioterapia","category-fonoaudiologia","category-terapia-ocupacional","tag-santa-catarina"],"acf":{"_tipo_vagas":"vagas","_numero_vagas":"","_quadro_vagas":"","_cargos":"diversos","_cargos_especificos":"","_salario_max":"R$ 5212.32","_abertura":"20251006","_encerramento":"20251017","_inscricoes":"https:\/\/sigrhportal.sea.sc.gov.br\/SIGRHPPS\/","_executora_concurso":"","_instituicao_concurso":[],"_link_adicional":null,"_anexos":null,"_produtos":null,"_vagas":"23 vagas + CR","_salario_min":"R$ 4102.2","_instituicao":"SES SC","_edital":"https:\/\/www.agrobase.com.br\/concursos\/wp-content\/uploads\/sites\/4\/2025\/10\/edital-52-2025-ses-sc.pdf","_anexos_edital":"https:\/\/www.agrobase.com.br\/concursos\/wp-content\/uploads\/sites\/4\/2025\/10\/anexos-edital-52-2025-ses-sc.pdf","_fund_incompleto":"","_fund_completo":"","_medio":"<div>\r\n<table class=\"quadro\">\r\n<thead>\r\n<tr>\r\n<th class=\"hcargo\">Cargo<\/th>\r\n<th class=\"hvagas\">Vagas<\/th>\r\n<th class=\"hremuneracao\">Remunera\u00e7\u00e3o<\/th>\r\n<\/tr>\r\n<\/thead>\r\n    <tbody>\r\n      <td class=\"ccargos\">\r\n<span data-balloon-length=\"medium\" aria-label=\"Conclus\u00e3o de Curso de Ensino M\u00e9dio de T\u00e9cnico Agr\u00edcola, em escola autorizada ou reconhecida, regularmente constitu\u00edda, nos termos do Decreto n\u00ba 90.922\/1985 e altera\u00e7\u00f5es e Carteira Nacional de Habilita\u00e7\u00e3o \u2013 categoria B\" data-balloon-pos=\"up\">AGENTE AUXILIAR DE SA\u00daDE P\u00daBLICA<\/span><\/td>\r\n<td class=\"cvagas\">01<\/td>\r\n<td class=\"cremuneracao\">R$ 4.102,20 \/30h<\/td>\r\n<\/tr><td class=\"ccargos\">\r\n<span data-balloon-length=\"medium\" aria-label=\"Conclus\u00e3o do Ensino M\u00e9dio e experi\u00eancia comprovada de, no m\u00ednimo 12 meses, em manuten\u00e7\u00e3o conforme atribui\u00e7\u00f5es do Anexo I deste Edital\" data-balloon-pos=\"up\">AGENTE DE MANUTEN\u00c7\u00c3O<\/span><\/td>\r\n<td class=\"cvagas\">01<\/td>\r\n<td class=\"cremuneracao\">R$ 4.102,20 \/30h<\/td>\r\n<\/tr><td class=\"ccargos\">\r\n<span data-balloon-length=\"medium\" aria-label=\"Conclus\u00e3o do Ensino M\u00e9dio e Curso de Capacita\u00e7\u00e3o Profissional NR-10 de no m\u00ednimo 40 horas e experi\u00eancia comprovada, de 24 meses como Eletricista, conforme atribui\u00e7\u00f5es do Anexo I deste Edital\" data-balloon-pos=\"up\">ELETRICISTA<\/span><\/td>\r\n<td class=\"cvagas\">01<\/td>\r\n<td class=\"cremuneracao\">R$ 4.102,20 \/30h<\/td>\r\n<\/tr><td class=\"ccargos\">\r\n<span data-balloon-length=\"medium\" aria-label=\"Conclus\u00e3o de Ensino M\u00e9dio e comprova\u00e7\u00e3o de habilita\u00e7\u00e3o em T\u00e9cnico de \u00d3rtese e Pr\u00f3tese e\/ou experi\u00eancia m\u00ednima de 12 meses na \u00e1rea de confec\u00e7\u00e3o de \u00f3rtese e pr\u00f3tese ortop\u00e9dica sob medida.\" data-balloon-pos=\"up\">T\u00c9CNICO EM PR\u00d3TESE E \u00d3RTESE<\/span><\/td>\r\n<td class=\"cvagas\">01<\/td>\r\n<td class=\"cremuneracao\">R$ 4.102,20 \/30h<\/td>\r\n<\/tr>\r\n    <\/tbody>\r\n  <\/table>\r\n<\/div>","_superior":"<div>\r\n<table class=\"quadro\">\r\n<thead>\r\n<tr>\r\n<th class=\"hcargo\">Cargo<\/th>\r\n<th class=\"hvagas\">Vagas<\/th>\r\n<th class=\"hremuneracao\">Remunera\u00e7\u00e3o<\/th>\r\n<\/tr>\r\n<\/thead>\r\n    <tbody>\r\n      <tr>\r\n<td class=\"ccargos\">\r\n<span data-balloon-length=\"medium\" aria-label=\"Conclus\u00e3o de Curso Superior em Ci\u00eancias Biol\u00f3gicas e experi\u00eancia comprovada de, no m\u00ednimo 24 meses, em Sa\u00fade P\u00fablica ou Sa\u00fade Coletiva ou Vigil\u00e2ncia em Sa\u00fade\" data-balloon-pos=\"up\">BI\u00d3LOGO<\/span><\/td>\r\n<td class=\"cvagas\">01<\/td>\r\n<td class=\"cremuneracao\">R$ 5.212,32 \/30h<\/td>\r\n<\/tr><tr>\r\n<td class=\"ccargos\">\r\n<span data-balloon-length=\"medium\" aria-label=\"Conclus\u00e3o do Curso Superior em Enfermagem e conclus\u00e3o de P\u00f3s-Gradua\u00e7\u00e3o Lato Sensu em Nefrologia\" data-balloon-pos=\"up\">ENFERMEIRO<\/span><\/td>\r\n<td class=\"cvagas\">01<\/td>\r\n<td class=\"cremuneracao\">R$ 5.212,32 \/30h<\/td>\r\n<\/tr><tr>\r\n<td class=\"ccargos\">\r\n<span data-balloon-length=\"medium\" aria-label=\"Conclus\u00e3o do Curso Superior em Engenharia El\u00e9trica, P\u00f3s-Gradua\u00e7\u00e3o Lato Sensu na \u00c1rea da Sa\u00fade e\/ou experi\u00eancia comprovada de, no m\u00ednimo, 06 meses de atua\u00e7\u00e3o na \u00e1rea da sa\u00fade, no cargo de Engenheiro Eletricista\" data-balloon-pos=\"up\">ENGENHEIRO ELETRICISTA<\/span><\/td>\r\n<td class=\"cvagas\">01<\/td>\r\n<td class=\"cremuneracao\">R$ 5.212,32 \/30h<\/td>\r\n<\/tr><tr>\r\n<td class=\"ccargos\">\r\n<span data-balloon-length=\"medium\" aria-label=\"Conclus\u00e3o do Curso Superior em Farm\u00e1cia e conclus\u00e3o de P\u00f3s-Gradua\u00e7\u00e3o Lato Sensu e\/ou Mestrado e\/ou Doutorado, na \u00e1rea de Sa\u00fade\" data-balloon-pos=\"up\">FARMAC\u00caUTICO - \u00c1rea da Sa\u00fade<\/span><\/td>\r\n<td class=\"cvagas\">01<\/td>\r\n<td class=\"cremuneracao\">R$ 5.212,32 \/30h<\/td>\r\n<\/tr><tr>\r\n<td class=\"ccargos\">\r\n<span data-balloon-length=\"medium\" aria-label=\"Conclus\u00e3o do Curso Superior em Farm\u00e1cia e conclus\u00e3o de P\u00f3s-Gradua\u00e7\u00e3o Lato Sensu em Sa\u00fade P\u00fablica ou Coletiva e\/ou Mestrado e\/ou Doutorado, na \u00e1rea de Sa\u00fade\" data-balloon-pos=\"up\">FARMAC\u00caUTICO - Sa\u00fade P\u00fablica ou Coletiva<\/span><\/td>\r\n<td class=\"cvagas\">01<\/td>\r\n<td class=\"cremuneracao\">R$ 5.212,32 \/30h<\/td>\r\n<\/tr><tr>\r\n<td class=\"ccargos\">\r\n<span data-balloon-length=\"medium\" aria-label=\"Conclus\u00e3o de Curso Superior em F\u00edsica e Certificado ou Diploma de conclus\u00e3o de P\u00f3s-Gradua\u00e7\u00e3o, no m\u00ednimo em n\u00edvel de especializa\u00e7\u00e3o, na \u00e1rea da sa\u00fade e\/ou experi\u00eancia comprovada de, no m\u00ednimo, 06 meses de atua\u00e7\u00e3o na \u00e1rea da sa\u00fade.\" data-balloon-pos=\"up\">F\u00cdSICO<\/span><\/td>\r\n<td class=\"cvagas\">01<\/td>\r\n<td class=\"cremuneracao\">R$ 5.212,32 \/30h<\/td>\r\n<\/tr><tr>\r\n<td class=\"ccargos\">\r\n<span data-balloon-length=\"medium\" aria-label=\"Conclus\u00e3o do Curso Superior em Fisioterapia e conclus\u00e3o de P\u00f3s-Gradua\u00e7\u00e3o Lato Sensu ou T\u00edtulo de Especialista em Fisioterapia na \u00e1rea Hospitalar ou Resid\u00eancia Multiprofissional na \u00e1rea hospitalar\" data-balloon-pos=\"up\">FISIOTERAPEUTA<\/span><\/td>\r\n<td class=\"cvagas\">01<\/td>\r\n<td class=\"cremuneracao\">R$ 5.212,32 \/30h<\/td>\r\n<\/tr><tr>\r\n<td class=\"ccargos\">\r\n<span data-balloon-length=\"medium\" aria-label=\"Conclus\u00e3o do Curso Superior em Fonoaudiologia e conclus\u00e3o de P\u00f3s-Gradua\u00e7\u00e3o Lato Sensu ou T\u00edtulo de Especialista em Fonoaudiologia na \u00e1rea Hospitalar ou Resid\u00eancia Multiprofissional na \u00e1rea hospitalar\" data-balloon-pos=\"up\">FONOAUDI\u00d3LOGO - Unidade Hospitalar<\/span><\/td>\r\n<td class=\"cvagas\">01<\/td>\r\n<td class=\"cremuneracao\">R$ 5.212,32 \/30h<\/td>\r\n<\/tr><tr>\r\n<td class=\"ccargos\">\r\n<span data-balloon-length=\"medium\" aria-label=\"Conclus\u00e3o do Curso Superior em Fonoaudiologia e experi\u00eancia comprovada de, no m\u00ednimo 12 meses, em Cuidado Intensivo Neonatal\" data-balloon-pos=\"up\">FONOAUDI\u00d3LOGO - Cuidado Intensivo Neonatal<\/span><\/td>\r\n<td class=\"cvagas\">01<\/td>\r\n<td class=\"cremuneracao\">R$ 5.212,32 \/30h<\/td>\r\n<\/tr><tr>\r\n<td class=\"ccargos\">\r\n<span data-balloon-length=\"medium\" aria-label=\"Conclus\u00e3o do Curso Superior em Odontologia\" data-balloon-pos=\"up\">ODONT\u00d3LOGO<\/span><\/td>\r\n<td class=\"cvagas\">01<\/td>\r\n<td class=\"cremuneracao\">R$ 5.212,32 \/30h<\/td>\r\n<\/tr><tr>\r\n<td class=\"ccargos\">\r\n<span data-balloon-length=\"medium\" aria-label=\"Conclus\u00e3o do curso Superior com p\u00f3s-gradua\u00e7\u00e3o em Sa\u00fade P\u00fablica e experi\u00eancia comprovada de, no m\u00ednimo, 12 meses nas \u00e1reas de Sa\u00fade P\u00fablica ou Sa\u00fade Coletiva ou Epidemiologia\" data-balloon-pos=\"up\">SANITARISTA<\/span><\/td>\r\n<td class=\"cvagas\">01<\/td>\r\n<td class=\"cremuneracao\">R$ 5.212,32 \/30h<\/td>\r\n<\/tr><tr>\r\n<td class=\"ccargos\">\r\n<span data-balloon-length=\"medium\" aria-label=\"Conclus\u00e3o do Curso Superior em Terapia Ocupacional e conclus\u00e3o de P\u00f3s-Gradua\u00e7\u00e3o Lato Sensu ou T\u00edtulo de Especialista ou Resid\u00eancia Multiprofissional na \u00e1rea hospitalar e\/ou experi\u00eancia de 12 meses em ambiente hospitalar\" data-balloon-pos=\"up\">TERAPEUTA OCUPACIONAL - Hospitalar<\/span><\/td>\r\n<td class=\"cvagas\">01<\/td>\r\n<td class=\"cremuneracao\">R$ 5.212,32 \/30h<\/td>\r\n<\/tr><tr>\r\n<td class=\"ccargos\">\r\n<span data-balloon-length=\"medium\" aria-label=\"Conclus\u00e3o de Curso Superior de Farm\u00e1cia com habilita\u00e7\u00e3o em Tecnologia de Alimentos e experi\u00eancia comprovada, de no m\u00ednimo 12 meses, em Tecnologia de Alimentos\" data-balloon-pos=\"up\">FARMAC\u00caUTICO - Tecnologia de Alimentos<\/span><\/td>\r\n<td class=\"cvagas\">01<\/td>\r\n<td class=\"cremuneracao\">R$ 5.212,32 \/30h<\/td>\r\n<\/tr><tr>\r\n<td class=\"ccargos\">\r\n<span data-balloon-length=\"medium\" aria-label=\"Conclus\u00e3o de Curso Superior em Farm\u00e1cia com habilita\u00e7\u00e3o em Bioqu\u00edmica ou com Especializa\u00e7\u00e3o na \u00e1rea de An\u00e1lises Cl\u00ednicas (P\u00f3s-Gradua\u00e7\u00e3o Lato Sensu ou t\u00edtulo de Especialista reconhecido pela SBAC ou SBPC\/ML), e experi\u00eancia m\u00ednima comprovada de 36 meses em microbiologia cl\u00ednica (incluindo \u00e1reas afins como bacteriologia, micologia, microbacteriologia, virologia, parasitologia, imunologia cl\u00ednica, antibiograma ou diagn\u00f3stico de infec\u00e7\u00f5es emergentes)\" data-balloon-pos=\"up\">FARMAC\u00caUTICO - Microbiologia Cl\u00ednica<\/span><\/td>\r\n<td class=\"cvagas\">01<\/td>\r\n<td class=\"cremuneracao\">R$ 5.212,32 \/30h<\/td>\r\n<\/tr><tr>\r\n<td class=\"ccargos\">\r\n<span data-balloon-length=\"medium\" aria-label=\"Conclus\u00e3o de Curso Superior em Farm\u00e1cia com habilita\u00e7\u00e3o em Bioqu\u00edmica ou com Especializa\u00e7\u00e3o em An\u00e1lises Cl\u00ednicas (P\u00f3s-Gradua\u00e7\u00e3o Lato Sensu ou t\u00edtulo de Especialista reconhecido pela SBAC ou SBPC\/ML), e experi\u00eancia m\u00ednima comprovada de 36 meses em biologia molecular aplicada ao diagn\u00f3stico cl\u00ednico-laboratorial (incluindo \u00e1reas afins como extra\u00e7\u00e3o\/purifica\u00e7\u00e3o de DNA\/RNA, PCR\/RT-qPCR, sequenciamento gen\u00e9tico, genotipagem, bioinform\u00e1tica, valida\u00e7\u00e3o de protocolos ou ensaios moleculares de vigil\u00e2ncia em sa\u00fade p\u00fablica)\" data-balloon-pos=\"up\">FARMAC\u00caUTICO - Biologia Molecular aplicada ao diagn\u00f3stico cl\u00ednico-laboratorial<\/span><\/td>\r\n<td class=\"cvagas\">01<\/td>\r\n<td class=\"cremuneracao\">R$ 5.212,32 \/30h<\/td>\r\n<\/tr><tr>\r\n<td class=\"ccargos\">\r\n<span data-balloon-length=\"medium\" aria-label=\"Conclus\u00e3o do Curso Superior em Fonoaudiologia e conclus\u00e3o de Resid\u00eancia Multiprofissional na \u00e1rea Hospitalar e\/ou experi\u00eancia, de no m\u00ednimo 12 meses nas \u00e1reas de Disfagia e\/ou Motricidade Orofacial e\/ou Fonoaudiologia Hospitalar\" data-balloon-pos=\"up\">FONOAUDI\u00d3LOGO - Disfagia e\/ou Motricidade Orofacial<\/span><\/td>\r\n<td class=\"cvagas\">01<\/td>\r\n<td class=\"cremuneracao\">R$ 5.212,32 \/30h<\/td>\r\n<\/tr><tr>\r\n<td class=\"ccargos\">\r\n<span data-balloon-length=\"medium\" aria-label=\"Conclus\u00e3o do Curso Superior em Fonoaudiologia e conclus\u00e3o de P\u00f3s-Gradua\u00e7\u00e3o Lato Sensu ou T\u00edtulo de Especialista em Fonoaudiologia na \u00e1rea Hospitalar ou Disfagia ou Resid\u00eancia Multiprofissional na \u00e1rea hospitalar e\/ou, no m\u00ednimo,12meses de experi\u00eancia profissional comprovada na \u00e1rea hospitalar, no cargo de Fonoaudi\u00f3logo.\" data-balloon-pos=\"up\">FONOAUDI\u00d3LOGO - Unidade Hospitalar<\/span><\/td>\r\n<td class=\"cvagas\">01<\/td>\r\n<td class=\"cremuneracao\">R$ 5.212,32 \/30h<\/td>\r\n<\/tr><tr>\r\n<td class=\"ccargos\">\r\n<span data-balloon-length=\"medium\" aria-label=\"Conclus\u00e3o do Curso Superior em Fonoaudiologia e conclus\u00e3o de P\u00f3s-Gradua\u00e7\u00e3o Lato Sensu, nas \u00e1reas de Disfagia, Linguagem, Sa\u00fade Mental, Desenvolvimento Infantil, Educa\u00e7\u00e3o Especial e Reabilita\u00e7\u00e3o\" data-balloon-pos=\"up\">FONOAUDI\u00d3LOGO - Atendimento de Pessoas com Defici\u00eancia<\/span><\/td>\r\n<td class=\"cvagas\">01<\/td>\r\n<td class=\"cremuneracao\">R$ 5.212,32 \/30h<\/td>\r\n<\/tr><tr>\r\n<td class=\"ccargos\">\r\n<span data-balloon-length=\"medium\" aria-label=\"Conclus\u00e3o do Curso Superior em Terapia Ocupacional\" data-balloon-pos=\"up\">TERAPEUTA OCUPACIONAL - Terapia Ocupacional<\/span><\/td>\r\n<td class=\"cvagas\">01<\/td>\r\n<td class=\"cremuneracao\">R$ 5.212,32 \/30h<\/td>\r\n<\/tr>\r\n    <\/tbody>\r\n  <\/table>\r\n<\/div>"},"_links":{"self":[{"href":"https:\/\/www.agrobase.com.br\/concursos\/wp-json\/wp\/v2\/posts\/272335","targetHints":{"allow":["GET"]}}],"collection":[{"href":"https:\/\/www.agrobase.com.br\/concursos\/wp-json\/wp\/v2\/posts"}],"about":[{"href":"https:\/\/www.agrobase.com.br\/concursos\/wp-json\/wp\/v2\/types\/post"}],"author":[{"embeddable":true,"href":"https:\/\/www.agrobase.com.br\/concursos\/wp-json\/wp\/v2\/users\/7"}],"replies":[{"embeddable":true,"href":"https:\/\/www.agrobase.com.br\/concursos\/wp-json\/wp\/v2\/comments?post=272335"}],"version-history":[{"count":1,"href":"https:\/\/www.agrobase.com.br\/concursos\/wp-json\/wp\/v2\/posts\/272335\/revisions"}],"predecessor-version":[{"id":272337,"href":"https:\/\/www.agrobase.com.br\/concursos\/wp-json\/wp\/v2\/posts\/272335\/revisions\/272337"}],"wp:featuredmedia":[{"embeddable":true,"href":"https:\/\/www.agrobase.com.br\/concursos\/wp-json\/wp\/v2\/media\/272334"}],"wp:attachment":[{"href":"https:\/\/www.agrobase.com.br\/concursos\/wp-json\/wp\/v2\/media?parent=272335"}],"wp:term":[{"taxonomy":"category","embeddable":true,"href":"https:\/\/www.agrobase.com.br\/concursos\/wp-json\/wp\/v2\/categories?post=272335"},{"taxonomy":"post_tag","embeddable":true,"href":"https:\/\/www.agrobase.com.br\/concursos\/wp-json\/wp\/v2\/tags?post=272335"},{"taxonomy":"_amplo","embeddable":true,"href":"https:\/\/www.agrobase.com.br\/concursos\/wp-json\/wp\/v2\/_amplo?post=272335"},{"taxonomy":"destaque","embeddable":true,"href":"https:\/\/www.agrobase.com.br\/concursos\/wp-json\/wp\/v2\/destaque?post=272335"},{"taxonomy":"instituicoes","embeddable":true,"href":"https:\/\/www.agrobase.com.br\/concursos\/wp-json\/wp\/v2\/instituicoes?post=272335"}],"curies":[{"name":"wp","href":"https:\/\/api.w.org\/{rel}","templated":true}]}}