{"id":272316,"date":"2025-10-09T07:30:22","date_gmt":"2025-10-09T10:30:22","guid":{"rendered":"https:\/\/www.agrobase.com.br\/concursos\/?p=272316"},"modified":"2025-10-08T13:04:57","modified_gmt":"2025-10-08T16:04:57","slug":"prefeitura-canarana-mt-selecao-simplificada-02-2025","status":"publish","type":"post","link":"https:\/\/www.agrobase.com.br\/concursos\/2025\/prefeitura-canarana-mt-selecao-simplificada-02-2025\/","title":{"rendered":"Prefeitura Canarana (MT) &#8211; Sele\u00e7\u00e3o Simplificada 02\/2025"},"content":{"rendered":"<h2>Informa\u00e7\u00f5es Gerais<\/h2>\n<p>A Prefeitura Municipal de Canarana, no Estado de Mato Grosso, por meio do Edital n\u00b0 002\/2025, divulgou a abertura de seu Processo Seletivo Simplificado, destinado \u00e0 forma\u00e7\u00e3o de cadastro de reserva para contrata\u00e7\u00e3o tempor\u00e1ria de profissionais. O certame, regido pela Lei n\u00ba 1.310\/2017 e outras leis complementares, visa suprir necessidades tempor\u00e1rias de diversas fun\u00e7\u00f5es p\u00fablicas.<\/p>\n<p>As vagas contemplam candidatos com n\u00edveis de escolaridade Fundamental Incompleto, M\u00e9dio Completo e Superior, abrangendo \u00e1reas como educa\u00e7\u00e3o, servi\u00e7os gerais, administra\u00e7\u00e3o, e sa\u00fade. Destacam-se oportunidades para profissionais de <strong>Nutri\u00e7\u00e3o<\/strong>, <strong>Biologia<\/strong> (Professor para a \u00c1rea das Ci\u00eancias Naturais e Professor Ci\u00eancias Biol\u00f3gicas), al\u00e9m de outras \u00e1reas importantes como Psicologia, Servi\u00e7o Social e diversas especialidades docentes.<\/p>\n<p>A organiza\u00e7\u00e3o, recebimento de inscri\u00e7\u00f5es, aplica\u00e7\u00e3o de provas e recursos est\u00e3o sob a responsabilidade da Comiss\u00e3o Organizadora do Processo Seletivo Simplificado. Os aprovados ser\u00e3o contratados sob regime de contrata\u00e7\u00e3o tempor\u00e1ria.<\/p>\n<p>Continue lendo para conferir todos os detalhes e se preparar para este processo seletivo.<\/p>\n<h2>Inscri\u00e7\u00f5es<\/h2>\n<p>As inscri\u00e7\u00f5es para o Processo Seletivo Simplificado da Prefeitura de Canarana est\u00e3o abertas e devem ser realizadas exclusivamente pela internet. O per\u00edodo para se inscrever vai de <strong>06 de outubro de 2025 a 14 de outubro de 2025<\/strong>, com encerramento \u00e0s 17h (hor\u00e1rio de Bras\u00edlia).<\/p>\n<p>As taxas de inscri\u00e7\u00e3o variam conforme o n\u00edvel de escolaridade:<\/p>\n<ul>\n<li>Ensino Fundamental Incompleto e Completo: R$ 50,00<\/li>\n<li>Ensino M\u00e9dio: R$ 75,00<\/li>\n<li>Ensino Superior: R$ 100,00<\/li>\n<\/ul>\n<p>O candidato dever\u00e1 acessar o link correspondente ao seu n\u00edvel de escolaridade para efetuar a inscri\u00e7\u00e3o e imprimir a guia de pagamento (boleto) no ato, at\u00e9 a data limite de 14\/10\/2025, \u00e0s 17h. O pagamento pode ser realizado at\u00e9 a \u00faltima data de vencimento da guia\/boleto.<\/p>\n<p>\u00c9 poss\u00edvel solicitar <strong>isen\u00e7\u00e3o da taxa de inscri\u00e7\u00e3o<\/strong> para doadores de sangue, conforme a Lei Municipal n\u00ba 1.144\/2014, desde que a \u00faltima doa\u00e7\u00e3o tenha ocorrido h\u00e1, no m\u00e1ximo, 180 dias. Para isso, o candidato deve realizar a inscri\u00e7\u00e3o online e, posteriormente, comparecer \u00e0 Secretaria Municipal de Educa\u00e7\u00e3o e Cultura da Prefeitura de Canarana, das 13h \u00e0s 17h, entre 06 e 14 de outubro de 2025, para preencher os formul\u00e1rios de inscri\u00e7\u00e3o e de requerimento de isen\u00e7\u00e3o, apresentando a Carteira de doador de sangue (v\u00e1lida e com foto), Documento de Identidade, CPF e comprovante de inscri\u00e7\u00e3o. \u00c9 importante lembrar que o candidato poder\u00e1 se inscrever para apenas 01 (um) cargo.<\/p>\n<p>Recomenda-se a leitura completa do edital para acesso a todas as informa\u00e7\u00f5es e detalhes sobre o processo de inscri\u00e7\u00e3o.<\/p>\n<h2>Etapas e Provas<\/h2>\n<p>O Processo Seletivo Simplificado da Prefeitura de Canarana consistir\u00e1 nas seguintes etapas:<\/p>\n<ul>\n<li><strong>Prova Objetiva:<\/strong> De car\u00e1ter eliminat\u00f3rio e classificat\u00f3rio, ser\u00e1 aplicada para todos os cargos.<\/li>\n<li><strong>Pontua\u00e7\u00e3o da Prova Nacional Docente (PND):<\/strong> Para os cargos de Professor, Professor Educa\u00e7\u00e3o Infantil, Professor \u00c1rea das Linguagens (L\u00edngua Portuguesa e L\u00edngua Estrangeira Ingl\u00eas), Professor \u00c1rea da Matem\u00e1tica, Professor \u00c1rea das Ci\u00eancias Naturais e Biol\u00f3gicas, Professor \u00c1rea das Ci\u00eancias Humanas e Professor Educa\u00e7\u00e3o F\u00edsica, ser\u00e1 computada a pontua\u00e7\u00e3o de participa\u00e7\u00e3o na Prova Nacional Docente (PND). Candidatos que obtiverem aproveitamento entre 50% e 100% na PND receber\u00e3o pontos adicionais na pontua\u00e7\u00e3o final do Processo Seletivo, variando de 5 a 25 pontos, conforme a faixa de aproveitamento.<\/li>\n<\/ul>\n<p>A Prova Objetiva ser\u00e1 realizada no dia <strong>23 de novembro de 2025<\/strong>, das 8h \u00e0s 11h (hor\u00e1rio de Bras\u00edlia), exclusivamente na cidade de Canarana &#8211; MT. O local espec\u00edfico de realiza\u00e7\u00e3o ser\u00e1 divulgado em Edital Complementar. Os candidatos dever\u00e3o comparecer com no m\u00ednimo uma hora de anteced\u00eancia, munidos de caneta esferogr\u00e1fica de tinta azul ou preta (n\u00e3o porosa, de material transparente) e documento oficial de identidade f\u00edsico com foto e assinatura.<\/p>\n<p>A prova objetiva ter\u00e1 dura\u00e7\u00e3o m\u00e1xima de 3 horas e ser\u00e1 composta por 20 quest\u00f5es de m\u00faltipla escolha, cada uma com 4 alternativas, valendo um total de 100 pontos. Para ser considerado classificado, o candidato dever\u00e1 atingir pontua\u00e7\u00e3o igual ou superior a 50 pontos.<\/p>\n<p>As disciplinas cobradas ser\u00e3o:<\/p>\n<ul>\n<li><strong>Cargos de Ensino Fundamental Incompleto:<\/strong> 7 quest\u00f5es de L\u00edngua Portuguesa, 6 quest\u00f5es de Matem\u00e1tica e 7 quest\u00f5es de Conhecimentos Gerais.<\/li>\n<li><strong>Cargos de Ensino M\u00e9dio:<\/strong> 7 quest\u00f5es de L\u00edngua Portuguesa, 6 quest\u00f5es de Matem\u00e1tica e 7 quest\u00f5es de Conhecimentos Espec\u00edficos.<\/li>\n<li><strong>Cargos de Ensino Superior:<\/strong> 7 quest\u00f5es de L\u00edngua Portuguesa, 6 quest\u00f5es de Matem\u00e1tica e 7 quest\u00f5es de Conhecimentos Espec\u00edficos.<\/li>\n<\/ul>\n<p>Para detalhes sobre o conte\u00fado program\u00e1tico completo de cada disciplina, regras adicionais e o cronograma detalhado, recomenda-se a leitura integral do edital.<\/p>\n<h2>Resultados e Gabarito<\/h2>\n<p>O cronograma para a divulga\u00e7\u00e3o dos resultados do Processo Seletivo Simplificado da Prefeitura de Canarana prev\u00ea as seguintes datas importantes:<\/p>\n<ul>\n<li><strong>25\/11\/2025:<\/strong> Divulga\u00e7\u00e3o do Gabarito Preliminar da Prova Objetiva.<\/li>\n<li><strong>26\/11\/2025:<\/strong> Per\u00edodo para interposi\u00e7\u00e3o de recursos contra o Gabarito e a Prova Objetiva (at\u00e9 \u00e0s 8h).<\/li>\n<li><strong>28\/11\/2025:<\/strong> Divulga\u00e7\u00e3o do Julgamento dos Recursos e Publica\u00e7\u00e3o do Gabarito Definitivo.<\/li>\n<li><strong>15\/12\/2025:<\/strong> Divulga\u00e7\u00e3o da Classifica\u00e7\u00e3o Preliminar das Provas Objetivas.<\/li>\n<li><strong>16\/12\/2025:<\/strong> Per\u00edodo para interposi\u00e7\u00e3o de recursos contra a Classifica\u00e7\u00e3o Preliminar (at\u00e9 \u00e0s 8h).<\/li>\n<li><strong>19\/12\/2025:<\/strong> Divulga\u00e7\u00e3o do Julgamento dos Recursos contra a Classifica\u00e7\u00e3o Preliminar e Divulga\u00e7\u00e3o do Resultado Final para Homologa\u00e7\u00e3o.<\/li>\n<\/ul>\n<p>A classifica\u00e7\u00e3o dos candidatos se dar\u00e1 por pontos, sendo considerado classificado quem atingir 50 pontos ou mais na prova objetiva. Para os cargos de Professor, a pontua\u00e7\u00e3o obtida na Prova Nacional Docente (PND) ser\u00e1 somada para definir a pontua\u00e7\u00e3o final e a ordem de classifica\u00e7\u00e3o.<\/p>\n<p>Em caso de empate na classifica\u00e7\u00e3o, ser\u00e3o aplicados os seguintes crit\u00e9rios, nesta ordem:<\/p>\n<ol>\n<li>Candidato com idade igual ou superior a 60 anos completos at\u00e9 o \u00faltimo dia de inscri\u00e7\u00e3o (prefer\u00eancia ao de idade mais elevada).<\/li>\n<li>Candidato com maior pontua\u00e7\u00e3o na Prova Nacional Docente (para cargos de Professor).<\/li>\n<li>Maior n\u00famero de acertos nas quest\u00f5es de conhecimentos espec\u00edficos (se houver).<\/li>\n<li>Maior n\u00famero de acertos nas quest\u00f5es de L\u00edngua Portuguesa.<\/li>\n<li>Maior idade entre os candidatos com menos de 60 anos.<\/li>\n<\/ol>\n<p>O resultado final ser\u00e1 homologado por Decreto do Prefeito Municipal de Canarana-MT e publicado no endere\u00e7o eletr\u00f4nico oficial da Prefeitura (http:\/\/canarana.mt.gov.br\/novoportal\/), nos murais da Secretaria Municipal de Educa\u00e7\u00e3o e Cultura, Secretaria Municipal de Via\u00e7\u00e3o e Obras P\u00fablicas, no sagu\u00e3o da Prefeitura, no Di\u00e1rio do Tribunal de Contas do Estado (TCE-MT) e no Di\u00e1rio Eletr\u00f4nico dos Munic\u00edpios do Estado de Mato Grosso (AMM-MT).<\/p>\n<p>O acompanhamento de todas as publica\u00e7\u00f5es oficiais relativas ao gabarito, resultados e \u00e0 convoca\u00e7\u00e3o dos classificados \u00e9 de responsabilidade exclusiva do candidato.<\/p>\n","protected":false},"excerpt":{"rendered":"<p>Sel. Simplificada Pref. Canarana (MT) com edital publicado! Vagas p\/ Professor e Psic\u00f3logo (Fund. a Sup.). Inscri\u00e7\u00f5es a partir de 06\/10. Confira detalhes!<\/p>\n","protected":false},"author":7,"featured_media":272315,"comment_status":"open","ping_status":"open","sticky":false,"template":"","format":"standard","meta":{"_acf_changed":false,"_breakdance_hide_in_design_set":false,"_breakdance_tags":"","footnotes":""},"categories":[94,6433,6434,111,100,20,6871,116,23,25,26,101],"tags":[47],"_amplo":[],"destaque":[],"instituicoes":[],"class_list":["post-272316","post","type-post","status-publish","format-standard","has-post-thumbnail","hentry","category-biblioteconomia","category-biologia-licenciatura","category-educacao-fisica-licenciatura","category-geografia","category-historia","category-letras","category-letras-ingles","category-matematica","category-nutricao","category-pedagogia","category-psicologia","category-servico-social","tag-mato-grosso"],"acf":{"_tipo_vagas":"vagas","_numero_vagas":"","_quadro_vagas":"","_cargos":"diversos","_cargos_especificos":"","_salario_max":"R$ 7793.75","_abertura":"20251006","_encerramento":"20251014","_inscricoes":"https:\/\/www.sympla.com.br\/evento\/processo-seletivo-simplificado-n-0022025---ensino-fundamental-incompleto\/3115022","_executora_concurso":"","_instituicao_concurso":[],"_link_adicional":null,"_anexos":null,"_produtos":null,"_vagas":"CR","_salario_min":"R$ 1932.71","_instituicao":"Prefeitura Municipal de Canarana","_edital":"https:\/\/www.agrobase.com.br\/concursos\/wp-content\/uploads\/sites\/4\/2025\/10\/edital-02-2025-prefeitura-de-canarana-mt.pdf","_anexos_edital":"https:\/\/www.agrobase.com.br\/concursos\/wp-content\/uploads\/sites\/4\/2025\/10\/anexos-edital-02-2025-prefeitura-de-canarana-mt.pdf","_fund_incompleto":"<div>\r\n<table class=\"quadro\">\r\n<thead>\r\n<tr>\r\n<th class=\"hcargo\">Cargo<\/th>\r\n<th class=\"hvagas\">Vagas<\/th>\r\n<th class=\"hremuneracao\">Remunera\u00e7\u00e3o<\/th>\r\n<\/tr>\r\n<\/thead>\r\n    <tbody>\r\n      <td class=\"ccargos\">\r\n<span data-balloon-length=\"medium\" aria-label=\"Fundamental Incompleto; Ficha de Aptid\u00e3o para o Trabalho 2026\" data-balloon-pos=\"up\">Agente de Nutri\u00e7\u00e3o Escolar<\/span><\/td>\r\n<td class=\"cvagas\">CR<\/td>\r\n<td class=\"cremuneracao\">R$ 2.438,64 \/30h<\/td>\r\n<\/tr><td class=\"ccargos\">\r\n<span data-balloon-length=\"medium\" aria-label=\"Fundamental Incompleto\" data-balloon-pos=\"up\">Agente de Limpeza Escolar<\/span><\/td>\r\n<td class=\"cvagas\">CR<\/td>\r\n<td class=\"cremuneracao\">R$ 2.438,64 \/30h<\/td>\r\n<\/tr><td class=\"ccargos\">\r\n<span data-balloon-length=\"medium\" aria-label=\"Fundamental Incompleto e Curso Especializado para condutores de ve\u00edculos de transporte escolar\" data-balloon-pos=\"up\">Motorista Escolar<\/span><\/td>\r\n<td class=\"cvagas\">CR<\/td>\r\n<td class=\"cremuneracao\">R$ 3.251,58 \/40h<\/td>\r\n<\/tr><td class=\"ccargos\">\r\n<span data-balloon-length=\"medium\" aria-label=\"Fundamental Incompleto\" data-balloon-pos=\"up\">Vigilante Escolar<\/span><\/td>\r\n<td class=\"cvagas\">CR<\/td>\r\n<td class=\"cremuneracao\">R$ 2.438,64 \/30h<\/td>\r\n<\/tr><td class=\"ccargos\">\r\n<span data-balloon-length=\"medium\" aria-label=\"Ensino Fundamental Incompleto\" data-balloon-pos=\"up\">Agente de Servi\u00e7os Gerais<\/span><\/td>\r\n<td class=\"cvagas\">CR<\/td>\r\n<td class=\"cremuneracao\">R$ 1.932,71 \/40h<\/td>\r\n<\/tr><td class=\"ccargos\">\r\n<span data-balloon-length=\"medium\" aria-label=\"Ensino Fundamental Oncompleto\" data-balloon-pos=\"up\">Agente de Servi\u00e7os I<\/span><\/td>\r\n<td class=\"cvagas\">CR<\/td>\r\n<td class=\"cremuneracao\">R$ 1.932,71 \/40h<\/td>\r\n<\/tr><td class=\"ccargos\">\r\n<span data-balloon-length=\"medium\" aria-label=\"Ensino Fundamental Incompleto\" data-balloon-pos=\"up\">Auxiliar de Administra\u00e7\u00e3o I<\/span><\/td>\r\n<td class=\"cvagas\">CR<\/td>\r\n<td class=\"cremuneracao\">R$ 1.932,71 \/40h<\/td>\r\n<\/tr><td class=\"ccargos\">\r\n<span data-balloon-length=\"medium\" aria-label=\"Ensino Fundamental Incompleto\" data-balloon-pos=\"up\">Agente de Servi\u00e7os II<\/span><\/td>\r\n<td class=\"cvagas\">CR<\/td>\r\n<td class=\"cremuneracao\">R$ 2.088,59 \/40h<\/td>\r\n<\/tr><td class=\"ccargos\">\r\n<span data-balloon-length=\"medium\" aria-label=\"Ensino Fundamental Incompleto\" data-balloon-pos=\"up\">Operador de M\u00e1quinas I<\/span><\/td>\r\n<td class=\"cvagas\">CR<\/td>\r\n<td class=\"cremuneracao\">R$ 2.088,59 \/40h<\/td>\r\n<\/tr><td class=\"ccargos\">\r\n<span data-balloon-length=\"medium\" aria-label=\"Ensino Fundamental Incompleto\" data-balloon-pos=\"up\">Operador de M\u00e1quinas Pesadas<\/span><\/td>\r\n<td class=\"cvagas\">CR<\/td>\r\n<td class=\"cremuneracao\">R$ 2.493,82 \/40h<\/td>\r\n<\/tr><td class=\"ccargos\">\r\n<span data-balloon-length=\"medium\" aria-label=\"Ensino Fundamental Incompleto\" data-balloon-pos=\"up\">Operador de Motoniveladora<\/span><\/td>\r\n<td class=\"cvagas\">CR<\/td>\r\n<td class=\"cremuneracao\">R$ 3.596,72 \/40h<\/td>\r\n<\/tr>\r\n    <\/tbody>\r\n  <\/table>\r\n<\/div>","_fund_completo":"","_medio":"<div>\r\n<table class=\"quadro\">\r\n<thead>\r\n<tr>\r\n<th class=\"hcargo\">Cargo<\/th>\r\n<th class=\"hvagas\">Vagas<\/th>\r\n<th class=\"hremuneracao\">Remunera\u00e7\u00e3o<\/th>\r\n<\/tr>\r\n<\/thead>\r\n    <tbody>\r\n      <td class=\"ccargos\">\r\n<span data-balloon-length=\"medium\" aria-label=\"N\u00edvel M\u00e9dio Completo\" data-balloon-pos=\"up\">T\u00e9cnico em Desenvolvimento Infantil<\/span><\/td>\r\n<td class=\"cvagas\">CR<\/td>\r\n<td class=\"cremuneracao\">R$ 3.048,34 \/30h<\/td>\r\n<\/tr><td class=\"ccargos\">\r\n<span data-balloon-length=\"medium\" aria-label=\"N\u00edvel M\u00e9dio Completo\" data-balloon-pos=\"up\">T\u00e9cnico Administrativo Educacional<\/span><\/td>\r\n<td class=\"cvagas\">CR<\/td>\r\n<td class=\"cremuneracao\">R$ 3.048,34 \/30h<\/td>\r\n<\/tr>\r\n    <\/tbody>\r\n  <\/table>\r\n<\/div>","_superior":"<div>\r\n<table class=\"quadro\">\r\n<thead>\r\n<tr>\r\n<th class=\"hcargo\">Cargo<\/th>\r\n<th class=\"hvagas\">Vagas<\/th>\r\n<th class=\"hremuneracao\">Remunera\u00e7\u00e3o<\/th>\r\n<\/tr>\r\n<\/thead>\r\n    <tbody>\r\n      <tr>\r\n<td class=\"ccargos\">\r\n<span data-balloon-length=\"medium\" aria-label=\"N\u00edvel Superior Completo em Pedagogia\" data-balloon-pos=\"up\">Professor<\/span><\/td>\r\n<td class=\"cvagas\">CR<\/td>\r\n<td class=\"cremuneracao\">R$ 5.476,26 \/30h<\/td>\r\n<\/tr><tr>\r\n<td class=\"ccargos\">\r\n<span data-balloon-length=\"medium\" aria-label=\"N\u00edvel Superior Completo em Pedagogia\" data-balloon-pos=\"up\">Professor Educa\u00e7\u00e3o Infantil<\/span><\/td>\r\n<td class=\"cvagas\">CR<\/td>\r\n<td class=\"cremuneracao\">R$ 5.476,26 \/30h<\/td>\r\n<\/tr><tr>\r\n<td class=\"ccargos\">\r\n<span data-balloon-length=\"medium\" aria-label=\"Licenciatura em Letras\" data-balloon-pos=\"up\">Professor para a \u00c1rea das Linguagens<\/span><\/td>\r\n<td class=\"cvagas\">CR<\/td>\r\n<td class=\"cremuneracao\">R$ 5.476,26 \/30h<\/td>\r\n<\/tr><tr>\r\n<td class=\"ccargos\">\r\n<span data-balloon-length=\"medium\" aria-label=\"Licenciatura em Educa\u00e7\u00e3o F\u00edsica com Registro CREF (Conselho Regional de Educa\u00e7\u00e3o F\u00edsica)\" data-balloon-pos=\"up\">Professor Educa\u00e7\u00e3o F\u00edsica<\/span><\/td>\r\n<td class=\"cvagas\">CR<\/td>\r\n<td class=\"cremuneracao\">R$ 5.476,26 \/30h<\/td>\r\n<\/tr><tr>\r\n<td class=\"ccargos\">\r\n<span data-balloon-length=\"medium\" aria-label=\"Licenciatura em Letras\/Ingl\u00eas\" data-balloon-pos=\"up\">Professor L\u00edngua Estrangeira Ingl\u00eas<\/span><\/td>\r\n<td class=\"cvagas\">CR<\/td>\r\n<td class=\"cremuneracao\">R$ 5.476,26 \/30h<\/td>\r\n<\/tr><tr>\r\n<td class=\"ccargos\">\r\n<span data-balloon-length=\"medium\" aria-label=\"Licenciatura em Matem\u00e1tica\" data-balloon-pos=\"up\">Professor para a \u00c1rea Matem\u00e1tica<\/span><\/td>\r\n<td class=\"cvagas\">CR<\/td>\r\n<td class=\"cremuneracao\">R$ 5.476,26 \/30h<\/td>\r\n<\/tr><tr>\r\n<td class=\"ccargos\">\r\n<span data-balloon-length=\"medium\" aria-label=\"Licenciatura em Ci\u00eancias Naturais e ou Biol\u00f3gicas\" data-balloon-pos=\"up\">Professor para a \u00c1rea das Ci\u00eancias Naturais<\/span><\/td>\r\n<td class=\"cvagas\">CR<\/td>\r\n<td class=\"cremuneracao\">R$ 5.476,26 \/30h<\/td>\r\n<\/tr><tr>\r\n<td class=\"ccargos\">\r\n<span data-balloon-length=\"medium\" aria-label=\"Licenciatura em Ci\u00eancias Biol\u00f3gicas\" data-balloon-pos=\"up\">Professor Ci\u00eancias Biol\u00f3gicas<\/span><\/td>\r\n<td class=\"cvagas\">CR<\/td>\r\n<td class=\"cremuneracao\">R$ 5.476,26 \/30h<\/td>\r\n<\/tr><tr>\r\n<td class=\"ccargos\">\r\n<span data-balloon-length=\"medium\" aria-label=\"Licenciatura em Hist\u00f3ria e\/ou Geografia\" data-balloon-pos=\"up\">Professor para a \u00c1rea de Ci\u00eancias Humanas<\/span><\/td>\r\n<td class=\"cvagas\">CR<\/td>\r\n<td class=\"cremuneracao\">R$ 5.476,26 \/30h<\/td>\r\n<\/tr><tr>\r\n<td class=\"ccargos\">\r\n<span data-balloon-length=\"medium\" aria-label=\"N\u00edvel Superior Completo em Psicologia e Registro no CRP (Conselho Regional de Psicologia)\" data-balloon-pos=\"up\">Psic\u00f3logo<\/span><\/td>\r\n<td class=\"cvagas\">CR<\/td>\r\n<td class=\"cremuneracao\">R$ 7.793,75 \/40h<\/td>\r\n<\/tr><tr>\r\n<td class=\"ccargos\">\r\n<span data-balloon-length=\"medium\" aria-label=\"N\u00edvel Superior em Servi\u00e7o Social e Registro no CRESS (Conselho Regional de Servi\u00e7o Social)\" data-balloon-pos=\"up\">Assistente Social<\/span><\/td>\r\n<td class=\"cvagas\">CR<\/td>\r\n<td class=\"cremuneracao\">R$ 6.705,76 \/30h<\/td>\r\n<\/tr><tr>\r\n<td class=\"ccargos\">\r\n<span data-balloon-length=\"medium\" aria-label=\"N\u00edvel Superior em Nutri\u00e7\u00e3o e Registro no CRN (Conselho Regional de Nutricionistas)\" data-balloon-pos=\"up\">Nutricionista<\/span><\/td>\r\n<td class=\"cvagas\">CR<\/td>\r\n<td class=\"cremuneracao\">R$ 7.528,54 \/40h<\/td>\r\n<\/tr><tr>\r\n<td class=\"ccargos\">\r\n<span data-balloon-length=\"medium\" aria-label=\"N\u00edvel Superior em Biblioteconomia e Registro no CRB (Conselho Regional de Biblioteconomia)\" data-balloon-pos=\"up\">Bibliotec\u00e1rio<\/span><\/td>\r\n<td class=\"cvagas\">CR<\/td>\r\n<td class=\"cremuneracao\">R$ 5.695,76 \/30h<\/td>\r\n<\/tr>\r\n    <\/tbody>\r\n  <\/table>\r\n<\/div>"},"_links":{"self":[{"href":"https:\/\/www.agrobase.com.br\/concursos\/wp-json\/wp\/v2\/posts\/272316","targetHints":{"allow":["GET"]}}],"collection":[{"href":"https:\/\/www.agrobase.com.br\/concursos\/wp-json\/wp\/v2\/posts"}],"about":[{"href":"https:\/\/www.agrobase.com.br\/concursos\/wp-json\/wp\/v2\/types\/post"}],"author":[{"embeddable":true,"href":"https:\/\/www.agrobase.com.br\/concursos\/wp-json\/wp\/v2\/users\/7"}],"replies":[{"embeddable":true,"href":"https:\/\/www.agrobase.com.br\/concursos\/wp-json\/wp\/v2\/comments?post=272316"}],"version-history":[{"count":1,"href":"https:\/\/www.agrobase.com.br\/concursos\/wp-json\/wp\/v2\/posts\/272316\/revisions"}],"predecessor-version":[{"id":272318,"href":"https:\/\/www.agrobase.com.br\/concursos\/wp-json\/wp\/v2\/posts\/272316\/revisions\/272318"}],"wp:featuredmedia":[{"embeddable":true,"href":"https:\/\/www.agrobase.com.br\/concursos\/wp-json\/wp\/v2\/media\/272315"}],"wp:attachment":[{"href":"https:\/\/www.agrobase.com.br\/concursos\/wp-json\/wp\/v2\/media?parent=272316"}],"wp:term":[{"taxonomy":"category","embeddable":true,"href":"https:\/\/www.agrobase.com.br\/concursos\/wp-json\/wp\/v2\/categories?post=272316"},{"taxonomy":"post_tag","embeddable":true,"href":"https:\/\/www.agrobase.com.br\/concursos\/wp-json\/wp\/v2\/tags?post=272316"},{"taxonomy":"_amplo","embeddable":true,"href":"https:\/\/www.agrobase.com.br\/concursos\/wp-json\/wp\/v2\/_amplo?post=272316"},{"taxonomy":"destaque","embeddable":true,"href":"https:\/\/www.agrobase.com.br\/concursos\/wp-json\/wp\/v2\/destaque?post=272316"},{"taxonomy":"instituicoes","embeddable":true,"href":"https:\/\/www.agrobase.com.br\/concursos\/wp-json\/wp\/v2\/instituicoes?post=272316"}],"curies":[{"name":"wp","href":"https:\/\/api.w.org\/{rel}","templated":true}]}}