{"id":272273,"date":"2025-10-08T08:00:00","date_gmt":"2025-10-08T11:00:00","guid":{"rendered":"https:\/\/www.agrobase.com.br\/concursos\/?p=272273"},"modified":"2025-10-07T13:59:05","modified_gmt":"2025-10-07T16:59:05","slug":"prefeitura-brasilandia-de-minas-mg-concurso-01-2025","status":"publish","type":"post","link":"https:\/\/www.agrobase.com.br\/concursos\/2025\/prefeitura-brasilandia-de-minas-mg-concurso-01-2025\/","title":{"rendered":"Prefeitura Brasil\u00e2ndia de Minas (MG) &#8211; Concurso 01\/2025"},"content":{"rendered":"<h2>Informa\u00e7\u00f5es Gerais<\/h2>\n<p>A Prefeitura Municipal de Brasil\u00e2ndia de Minas, em Minas Gerais, publicou o edital de seu novo Concurso P\u00fablico, que visa o preenchimento de <strong>336 vagas<\/strong> imediatas em seu quadro de pessoal permanente. Organizado pelo Instituto IMESO, o certame oferece oportunidades para candidatos de todos os n\u00edveis de escolaridade: fundamental (incompleto e completo), m\u00e9dio, t\u00e9cnico e superior. O regime de contrata\u00e7\u00e3o \u00e9 o <strong>Estatut\u00e1rio<\/strong>, garantindo estabilidade aos aprovados.<\/p>\n<p>As vagas abrangem diversas \u00e1reas, como administrativa, operacional, educacional, sa\u00fade e assist\u00eancia social. Para os profissionais das \u00e1reas de ci\u00eancias agr\u00e1rias e da sa\u00fade, o concurso destaca-se por oferecer oportunidades para os cargos de <strong>T\u00e9cnico Agr\u00edcola, M\u00e9dico Veterin\u00e1rio e Nutricionista<\/strong>. A validade do concurso ser\u00e1 de dois anos, podendo ser prorrogada uma vez por igual per\u00edodo. Continue a leitura para conferir os detalhes sobre as inscri\u00e7\u00f5es, etapas e cronograma do certame.<\/p>\n<h2>Inscri\u00e7\u00f5es<\/h2>\n<p>As inscri\u00e7\u00f5es para o Concurso P\u00fablico da Prefeitura de Brasil\u00e2ndia de Minas estar\u00e3o abertas no per\u00edodo de <strong>06 de outubro de 2025, a partir das 10h, at\u00e9 06 de novembro de 2025, \u00e0s 17h<\/strong>. Os interessados poder\u00e3o se inscrever de duas formas: online, atrav\u00e9s do site oficial da banca organizadora, o Instituto IMESO, no endere\u00e7o <em>https:\/\/portal.imeso.com.br\/<\/em>, ou presencialmente, na Sede da Prefeitura Municipal, localizada na Pra\u00e7a C\u00edvica, 141 &#8211; Bela Vista, de segunda a sexta, das 7h \u00e0s 13h.<\/p>\n<p>O valor da taxa de inscri\u00e7\u00e3o varia conforme o cargo pretendido e est\u00e1 detalhado no Anexo III do edital. O pagamento deve ser realizado exclusivamente por meio de boleto banc\u00e1rio, que pode ser gerado no site da organizadora e pago em qualquer ag\u00eancia banc\u00e1ria at\u00e9 a data de vencimento. Aten\u00e7\u00e3o: pagamentos via PIX, agendamento ou dep\u00f3sito n\u00e3o ser\u00e3o aceitos. A confirma\u00e7\u00e3o da inscri\u00e7\u00e3o depende da compensa\u00e7\u00e3o banc\u00e1ria do boleto.<\/p>\n<p>\u00c9 permitido ao candidato inscrever-se para apenas uma vaga. Caso mais de uma inscri\u00e7\u00e3o seja paga, apenas a \u00faltima registrada ser\u00e1 considerada v\u00e1lida. A homologa\u00e7\u00e3o das inscri\u00e7\u00f5es ser\u00e1 divulgada no site do IMESO e no quadro de avisos da prefeitura. \u00c9 fundamental que o candidato leia atentamente o edital completo antes de realizar sua inscri\u00e7\u00e3o para verificar todos os requisitos e condi\u00e7\u00f5es.<\/p>\n<h2>Etapas e Provas<\/h2>\n<p>O processo seletivo do Concurso de Brasil\u00e2ndia de Minas ser\u00e1 composto por duas etapas principais, variando de acordo com o n\u00edvel de escolaridade do cargo:<\/p>\n<ul>\n<li><strong>Prova Objetiva de M\u00faltipla Escolha:<\/strong> De car\u00e1ter <em>eliminat\u00f3rio e classificat\u00f3rio<\/em>, esta etapa ser\u00e1 aplicada a <strong>todos os candidatos<\/strong>. A prova ter\u00e1 dura\u00e7\u00e3o de 2 horas e 30 minutos e consistir\u00e1 em quest\u00f5es com quatro alternativas (A, B, C, D). Para ser aprovado, o candidato dever\u00e1 obter no m\u00ednimo 50% do total de pontos, n\u00e3o zerar nenhuma disciplina e alcan\u00e7ar ao menos 50% de acerto na prova de Conhecimentos Espec\u00edficos (ou de L\u00edngua Portuguesa, na aus\u00eancia da primeira).<\/li>\n<li><strong>Prova de T\u00edtulos:<\/strong> De car\u00e1ter exclusivamente <em>classificat\u00f3rio<\/em>, esta fase \u00e9 destinada apenas aos candidatos inscritos nos <strong>cargos de N\u00edvel Superior<\/strong>. Ser\u00e3o avaliados t\u00edtulos acad\u00eamicos, com pontua\u00e7\u00e3o m\u00e1xima de 4,0 pontos, distribu\u00eddos da seguinte forma:\n<ul>\n<li>Doutorado: 2,0 pontos;<\/li>\n<li>Mestrado: 1,0 ponto;<\/li>\n<li>Especializa\u00e7\u00e3o (p\u00f3s-gradua\u00e7\u00e3o <em>lato sensu<\/em> com no m\u00ednimo 360 horas): 0,5 ponto por t\u00edtulo, limitado a 1,0 ponto no total.<\/li>\n<\/ul>\n<p>Os t\u00edtulos devem ter rela\u00e7\u00e3o direta com a \u00e1rea do cargo pretendido e devem ser enviados conforme as instru\u00e7\u00f5es e prazos do cronograma.<\/li>\n<\/ul>\n<p>Para informa\u00e7\u00f5es detalhadas sobre o conte\u00fado program\u00e1tico de cada disciplina, regras de aplica\u00e7\u00e3o das provas e o cronograma completo, \u00e9 indispens\u00e1vel a consulta ao edital oficial do concurso.<\/p>\n<h2>Resultados e Gabarito<\/h2>\n<p>A divulga\u00e7\u00e3o dos resultados e demais atos do concurso ser\u00e1 realizada no site da banca organizadora, o Instituto IMESO, e no quadro de avisos da Prefeitura de Brasil\u00e2ndia de Minas. O cronograma oficial prev\u00ea a publica\u00e7\u00e3o do gabarito preliminar da prova objetiva, seguido de prazo para recursos e, posteriormente, a divulga\u00e7\u00e3o do gabarito definitivo e dos resultados preliminares.<\/p>\n<p>A classifica\u00e7\u00e3o final dos candidatos ser\u00e1 publicada em duas listas: uma geral, com todos os aprovados, e outra espec\u00edfica para pessoas com defici\u00eancia. Em caso de empate na pontua\u00e7\u00e3o final, ser\u00e3o aplicados os seguintes crit\u00e9rios de desempate, em ordem de prioridade:<\/p>\n<ul>\n<li>Idade igual ou superior a 60 anos (Estatuto do Idoso);<\/li>\n<li>Maior nota em Conhecimentos Espec\u00edficos;<\/li>\n<li>Maior nota em L\u00edngua Portuguesa;<\/li>\n<li>Maior nota em Matem\u00e1tica\/Racioc\u00ednio L\u00f3gico;<\/li>\n<li>Maior nota em Inform\u00e1tica;<\/li>\n<li>Candidato mais idoso.<\/li>\n<\/ul>\n<p>Ap\u00f3s a divulga\u00e7\u00e3o do resultado final, o concurso ser\u00e1 homologado pelo Prefeito Municipal. A convoca\u00e7\u00e3o dos aprovados para a comprova\u00e7\u00e3o de requisitos e exames m\u00e9dicos ocorrer\u00e1 de acordo com a necessidade da administra\u00e7\u00e3o e a ordem de classifica\u00e7\u00e3o, durante o prazo de validade do certame. \u00c9 de responsabilidade exclusiva do candidato acompanhar todas as publica\u00e7\u00f5es oficiais no site <em>https:\/\/portal.imeso.com.br\/<\/em> e no quadro de avisos da prefeitura para n\u00e3o perder nenhuma convoca\u00e7\u00e3o ou prazo importante.<\/p>\n","protected":false},"excerpt":{"rendered":"<p>Concurso Pref. Brasil\u00e2ndia de Minas (MG) com edital publicado! Vagas p\/ Professor, M\u00e9dico (Fund. a Sup.). Inscri\u00e7\u00f5es a partir de 06\/10. At\u00e9 R$ 19.6k. Confira detalhes!<\/p>\n","protected":false},"author":7,"featured_media":272272,"comment_status":"open","ping_status":"open","sticky":false,"template":"","format":"standard","meta":{"_acf_changed":false,"_breakdance_hide_in_design_set":false,"_breakdance_tags":"","footnotes":""},"categories":[3,6434,12,17,18,6871,21,22,23,24,25,26,101,29,30,108,143,157,159,134],"tags":[50],"_amplo":[],"destaque":[],"instituicoes":[],"class_list":["post-272273","post","type-post","status-publish","format-standard","has-post-thumbnail","hentry","category-administracao","category-educacao-fisica-licenciatura","category-enfermagem","category-farmacia","category-fisioterapia","category-letras-ingles","category-medicina","category-veterinaria","category-nutricao","category-odontologia","category-pedagogia","category-psicologia","category-servico-social","category-tecnico-agricola","category-tecnico-agropecuaria","category-tecnico-enfermagem","category-tecnico-odontologia","category-tecnico-seguranca-trabalho","category-tecnologia-da-informacao","category-terapia-ocupacional","tag-minas-gerais"],"acf":{"_tipo_vagas":"vagas","_numero_vagas":"","_quadro_vagas":"","_cargos":"diversos","_cargos_especificos":"","_salario_max":"R$ 19659.95","_abertura":"20251006","_encerramento":"20251106","_inscricoes":"https:\/\/portal.imeso.com.br\/","_executora_concurso":"","_instituicao_concurso":[],"_link_adicional":null,"_anexos":null,"_produtos":null,"_vagas":"336 vagas","_salario_min":"R$ 1518","_instituicao":"Prefeitura de Brasil\u00e2ndia de Minas","_edital":"https:\/\/www.agrobase.com.br\/concursos\/wp-content\/uploads\/sites\/4\/2025\/10\/edital-01-2025-prefeitura-de-brasilandia-de-minas-mg.pdf","_anexos_edital":"https:\/\/www.agrobase.com.br\/concursos\/wp-content\/uploads\/sites\/4\/2025\/10\/anexos-edital-01-2025-prefeitura-de-brasilandia-de-minas-mg.pdf","_fund_incompleto":"<div>\r\n<table class=\"quadro\">\r\n<thead>\r\n<tr>\r\n<th class=\"hcargo\">Cargo<\/th>\r\n<th class=\"hvagas\">Vagas<\/th>\r\n<th class=\"hremuneracao\">Remunera\u00e7\u00e3o<\/th>\r\n<\/tr>\r\n<\/thead>\r\n    <tbody>\r\n      <td class=\"ccargos\">\r\n<span data-balloon-length=\"medium\" aria-label=\"Anos iniciais (m\u00ednimo at\u00e9 a 5\u00aa s\u00e9rie) do ensino fundamental\" data-balloon-pos=\"up\">AUXILIAR DE SERVI\u00c7OS GERAIS<\/span><\/td>\r\n<td class=\"cvagas\">7<\/td>\r\n<td class=\"cremuneracao\">R$ 1.518,00 \/44h<\/td>\r\n<\/tr>\r\n    <\/tbody>\r\n  <\/table>\r\n<\/div>","_fund_completo":"<div>\r\n<table class=\"quadro\">\r\n<thead>\r\n<tr>\r\n<th class=\"hcargo\">Cargo<\/th>\r\n<th class=\"hvagas\">Vagas<\/th>\r\n<th class=\"hremuneracao\">Remunera\u00e7\u00e3o<\/th>\r\n<\/tr>\r\n<\/thead>\r\n    <tbody>\r\n      <td class=\"ccargos\">\r\n<span data-balloon-length=\"medium\" aria-label=\"Ensino Fundamental Completo + Curso de Capacita\u00e7\u00e3o\" data-balloon-pos=\"up\">AUXILIAR DE CUIDADOR SOCIAL<\/span><\/td>\r\n<td class=\"cvagas\">4<\/td>\r\n<td class=\"cremuneracao\">R$ 1.518,00 \/44h<\/td>\r\n<\/tr><td class=\"ccargos\">\r\n<span data-balloon-length=\"medium\" aria-label=\"Ensino Fundamental Completo\" data-balloon-pos=\"up\">COVEIRO<\/span><\/td>\r\n<td class=\"cvagas\">2<\/td>\r\n<td class=\"cremuneracao\">R$ 1.518,00 \/44h<\/td>\r\n<\/tr><td class=\"ccargos\">\r\n<span data-balloon-length=\"medium\" aria-label=\"Ensino Fundamental Completo\" data-balloon-pos=\"up\">FAXINEIRO<\/span><\/td>\r\n<td class=\"cvagas\">7<\/td>\r\n<td class=\"cremuneracao\">R$ 1.518,00 \/44h<\/td>\r\n<\/tr><td class=\"ccargos\">\r\n<span data-balloon-length=\"medium\" aria-label=\"Ensino Fundamental Completo\" data-balloon-pos=\"up\">GARI<\/span><\/td>\r\n<td class=\"cvagas\">6<\/td>\r\n<td class=\"cremuneracao\">R$ 1.518,00 \/44h<\/td>\r\n<\/tr><td class=\"ccargos\">\r\n<span data-balloon-length=\"medium\" aria-label=\"Ensino Fundamental Completo\" data-balloon-pos=\"up\">VIGIA<\/span><\/td>\r\n<td class=\"cvagas\">6<\/td>\r\n<td class=\"cremuneracao\">R$ 1.518,00 \/44h<\/td>\r\n<\/tr>\r\n    <\/tbody>\r\n  <\/table>\r\n<\/div>","_medio":"<div>\r\n<table class=\"quadro\">\r\n<thead>\r\n<tr>\r\n<th class=\"hcargo\">Cargo<\/th>\r\n<th class=\"hvagas\">Vagas<\/th>\r\n<th class=\"hremuneracao\">Remunera\u00e7\u00e3o<\/th>\r\n<\/tr>\r\n<\/thead>\r\n    <tbody>\r\n      <td class=\"ccargos\">\r\n<span data-balloon-length=\"medium\" aria-label=\"Ensino M\u00e9dio Completo\" data-balloon-pos=\"up\">AGENTE OPERADOR DE SUS-FACIL<\/span><\/td>\r\n<td class=\"cvagas\">4<\/td>\r\n<td class=\"cremuneracao\">R$ 2.071,50 \/40h<\/td>\r\n<\/tr><td class=\"ccargos\">\r\n<span data-balloon-length=\"medium\" aria-label=\"Ensino M\u00e9dio Completo + Capacita\u00e7\u00e3o espec\u00edfica na \u00e1rea de atua\u00e7\u00e3o.\" data-balloon-pos=\"up\">AGENTE SOCIAL<\/span><\/td>\r\n<td class=\"cvagas\">1<\/td>\r\n<td class=\"cremuneracao\">R$ 2.071,00 \/40h<\/td>\r\n<\/tr><td class=\"ccargos\">\r\n<span data-balloon-length=\"medium\" aria-label=\"Ensino M\u00e9dio Completo + Conhecimentos b\u00e1sicos de inform\u00e1tica em especial de editor de texto, planilhas eletr\u00f4nicas e internet.\" data-balloon-pos=\"up\">ASSISTENTE ADMINISTRATIVO<\/span><\/td>\r\n<td class=\"cvagas\">15<\/td>\r\n<td class=\"cremuneracao\">R$ 2.071,50 \/40h<\/td>\r\n<\/tr><td class=\"ccargos\">\r\n<span data-balloon-length=\"medium\" aria-label=\"Ensino M\u00e9dio Completo + Capacita\u00e7\u00e3o espec\u00edfica na \u00e1rea de atua\u00e7\u00e3o.\" data-balloon-pos=\"up\">CUIDADOR SOCIAL<\/span><\/td>\r\n<td class=\"cvagas\">4<\/td>\r\n<td class=\"cremuneracao\">R$ 2.071,00 \/40h<\/td>\r\n<\/tr><td class=\"ccargos\">\r\n<span data-balloon-length=\"medium\" aria-label=\"Ensino M\u00e9dio Completo na modalidade Normal\" data-balloon-pos=\"up\">EDUCADOR INFANTIL<\/span><\/td>\r\n<td class=\"cvagas\">35<\/td>\r\n<td class=\"cremuneracao\">R$ 2.071,50 \/30h<\/td>\r\n<\/tr><td class=\"ccargos\">\r\n<span data-balloon-length=\"medium\" data-balloon-pos=\"up\">FISCAL DE POSTURAS<\/span><\/td>\r\n<td class=\"cvagas\">1<\/td>\r\n<td class=\"cremuneracao\">R$ 2.071,50 \/40h<\/td>\r\n<\/tr><td class=\"ccargos\">\r\n<span data-balloon-length=\"medium\" aria-label=\"Ensino M\u00e9dio Completo\" data-balloon-pos=\"up\">FISCAL SANIT\u00c1RIO<\/span><\/td>\r\n<td class=\"cvagas\">2<\/td>\r\n<td class=\"cremuneracao\">R$ 2.071,50 \/40h<\/td>\r\n<\/tr><td class=\"ccargos\">\r\n<span data-balloon-length=\"medium\" data-balloon-pos=\"up\">MOTORISTA I<\/span><\/td>\r\n<td class=\"cvagas\">1<\/td>\r\n<td class=\"cremuneracao\">R$ 1.745,70 \/44h<\/td>\r\n<\/tr><td class=\"ccargos\">\r\n<span data-balloon-length=\"medium\" data-balloon-pos=\"up\">MOTORISTA II<\/span><\/td>\r\n<td class=\"cvagas\">11<\/td>\r\n<td class=\"cremuneracao\">R$ 1.897,50 \/44h<\/td>\r\n<\/tr><td class=\"ccargos\">\r\n<span data-balloon-length=\"medium\" data-balloon-pos=\"up\">OPERADOR DE M\u00c1QUINAS<\/span><\/td>\r\n<td class=\"cvagas\">2<\/td>\r\n<td class=\"cremuneracao\">R$ 1.745,70 \/44h<\/td>\r\n<\/tr><td class=\"ccargos\">\r\n<span data-balloon-length=\"medium\" data-balloon-pos=\"up\">OPERADOR DE M\u00c1QUINAS II<\/span><\/td>\r\n<td class=\"cvagas\">6<\/td>\r\n<td class=\"cremuneracao\">R$ 1.897,50 \/44h<\/td>\r\n<\/tr><td class=\"ccargos\">\r\n<span data-balloon-length=\"medium\" aria-label=\"Ensino M\u00e9dio Completo + Curso T\u00e9cnico de Administra\u00e7\u00e3o Escolar\" data-balloon-pos=\"up\">T\u00c9CNICO EM ADMINISTRA\u00c7\u00c3O ESCOLAR<\/span><\/td>\r\n<td class=\"cvagas\">13<\/td>\r\n<td class=\"cremuneracao\">R$ 2.071,50 \/40h<\/td>\r\n<\/tr><td class=\"ccargos\">\r\n<span data-balloon-length=\"medium\" aria-label=\"Ensino M\u00e9dio Completo + Curso T\u00e9cnico de Alimenta\u00e7\u00e3o Escolar\" data-balloon-pos=\"up\">T\u00c9CNICO EM ALIMENTA\u00c7\u00c3O ESCOLAR<\/span><\/td>\r\n<td class=\"cvagas\">19<\/td>\r\n<td class=\"cremuneracao\">R$ 2.071,50 \/40h<\/td>\r\n<\/tr><td class=\"ccargos\">\r\n<span data-balloon-length=\"medium\" aria-label=\"Ensino M\u00e9dio Completo + Curso T\u00e9cnico em Enfermagem + Registro no Conselho\" data-balloon-pos=\"up\">TECNICO EM ENFERMAGEM<\/span><\/td>\r\n<td class=\"cvagas\">20<\/td>\r\n<td class=\"cremuneracao\">R$ 2.071,50 \/40h<\/td>\r\n<\/tr><td class=\"ccargos\">\r\n<span data-balloon-length=\"medium\" aria-label=\"Ensino M\u00e9dio Completo + Curso T\u00e9cnico em Enfermagem + Registro no Conselho\" data-balloon-pos=\"up\">TECNICO EM ENFERMAGEM (ESF)<\/span><\/td>\r\n<td class=\"cvagas\">7<\/td>\r\n<td class=\"cremuneracao\">R$ 2.071,50 \/40h<\/td>\r\n<\/tr><td class=\"ccargos\">\r\n<span data-balloon-length=\"medium\" aria-label=\"Ensino M\u00e9dio Completo + Curso T\u00e9cnico de Higiene Bucal ou em Sa\u00fade Bucal + Registro no Conselho\" data-balloon-pos=\"up\">TECNICO EM HIGIENE DENTAL ESF<\/span><\/td>\r\n<td class=\"cvagas\">7<\/td>\r\n<td class=\"cremuneracao\">R$ 2.071,50 \/40h<\/td>\r\n<\/tr><td class=\"ccargos\">\r\n<span data-balloon-length=\"medium\" aria-label=\"Ensino M\u00e9dio Completo + Curso T\u00e9cnico de Infraestrutura Escolar\" data-balloon-pos=\"up\">TECNICO EM INFRAESTRUTURA ESCOLAR<\/span><\/td>\r\n<td class=\"cvagas\">27<\/td>\r\n<td class=\"cremuneracao\">R$ 2.071,50 \/40h<\/td>\r\n<\/tr><td class=\"ccargos\">\r\n<span data-balloon-length=\"medium\" aria-label=\"Ensino M\u00e9dio Completo + Curso Espec\u00edfico com dura\u00e7\u00e3o superior a 1 (um) ano\" data-balloon-pos=\"up\">TECNICO EM RADIOLOGIA<\/span><\/td>\r\n<td class=\"cvagas\">5<\/td>\r\n<td class=\"cremuneracao\">R$ 2.071,50 \/20h<\/td>\r\n<\/tr><td class=\"ccargos\">\r\n<span data-balloon-length=\"medium\" aria-label=\"Ensino M\u00e9dio Completo + Curso T\u00e9cnico em Seguran\u00e7a do Trabalho, ministrado por institui\u00e7\u00e3o de forma\u00e7\u00e3o profissional reconhecida e habilita\u00e7\u00e3o legal para o exerc\u00edcio da profiss\u00e3o se for o caso. Outros requisitos: conhecimentos b\u00e1sicos de inform\u00e1tica em especial de editor de texto, planilhas eletr\u00f4nicas e internet.\" data-balloon-pos=\"up\">T\u00c9CNICO EM SEGURAN\u00c7A DO TRABALHO<\/span><\/td>\r\n<td class=\"cvagas\">1<\/td>\r\n<td class=\"cremuneracao\">R$ 2.071,50 \/40h<\/td>\r\n<\/tr><td class=\"ccargos\">\r\n<span data-balloon-length=\"medium\" aria-label=\"Ensino M\u00e9dio Completo + Curso T\u00e9cnico Agr\u00edcola ou T\u00e9cnico em Agropecu\u00e1ria ministrado por institui\u00e7\u00e3o de forma\u00e7\u00e3o profissional reconhecida e habilita\u00e7\u00e3o legal para o exerc\u00edcio da profiss\u00e3o se for o caso. Outros requisitos: Conhecimento b\u00e1sico de inform\u00e1tica em especial de editor de texto, planilha eletr\u00f4nica e internet.\" data-balloon-pos=\"up\">T\u00c9CNICO AGR\u00cdCOLA<\/span><\/td>\r\n<td class=\"cvagas\">1<\/td>\r\n<td class=\"cremuneracao\">R$ 2.071,50 \/40h<\/td>\r\n<\/tr>\r\n    <\/tbody>\r\n  <\/table>\r\n<\/div>","_superior":"<div>\r\n<table class=\"quadro\">\r\n<thead>\r\n<tr>\r\n<th class=\"hcargo\">Cargo<\/th>\r\n<th class=\"hvagas\">Vagas<\/th>\r\n<th class=\"hremuneracao\">Remunera\u00e7\u00e3o<\/th>\r\n<\/tr>\r\n<\/thead>\r\n    <tbody>\r\n      <tr>\r\n<td class=\"ccargos\">\r\n<span data-balloon-length=\"medium\" aria-label=\"Ensino Superior em Tecnologia da Informa\u00e7\u00e3o\" data-balloon-pos=\"up\">ANALISTA DE TECNOLOGIA DA INFORMA\u00c7\u00c3O<\/span><\/td>\r\n<td class=\"cvagas\">1<\/td>\r\n<td class=\"cremuneracao\">R$ 4.401,98 \/40h<\/td>\r\n<\/tr><tr>\r\n<td class=\"ccargos\">\r\n<span data-balloon-length=\"medium\" aria-label=\"Ensino Superior em Servi\u00e7o Social + Registro no Conselho\" data-balloon-pos=\"up\">ASSISTENTE SOCIAL (ASSISTENCIA SOCIAL)<\/span><\/td>\r\n<td class=\"cvagas\">3<\/td>\r\n<td class=\"cremuneracao\">R$ 4.401,98 \/30h<\/td>\r\n<\/tr><tr>\r\n<td class=\"ccargos\">\r\n<span data-balloon-length=\"medium\" aria-label=\"Ensino Superior em Servi\u00e7o Social + Registro no Conselho\" data-balloon-pos=\"up\">ASSISTENTE SOCIAL (CAPS)<\/span><\/td>\r\n<td class=\"cvagas\">1<\/td>\r\n<td class=\"cremuneracao\">R$ 5.996,98 \/40h<\/td>\r\n<\/tr><tr>\r\n<td class=\"ccargos\">\r\n<span data-balloon-length=\"medium\" aria-label=\"Ensino Superior em Servi\u00e7o Social + Registro no Conselho\" data-balloon-pos=\"up\">ASSISTENTE SOCIAL (SA\u00daDE)<\/span><\/td>\r\n<td class=\"cvagas\">1<\/td>\r\n<td class=\"cremuneracao\">R$ 4.401,98 \/30h<\/td>\r\n<\/tr><tr>\r\n<td class=\"ccargos\">\r\n<span data-balloon-length=\"medium\" aria-label=\"Ensino Superior em Odontologia + Registro no Conselho\" data-balloon-pos=\"up\">CIRURGI\u00c3O DENTISTA (ESF)<\/span><\/td>\r\n<td class=\"cvagas\">7<\/td>\r\n<td class=\"cremuneracao\">R$ 5.996,98 \/40h<\/td>\r\n<\/tr><tr>\r\n<td class=\"ccargos\">\r\n<span data-balloon-length=\"medium\" aria-label=\"Ensino Superior em Enfermagem + Registro no Conselho\" data-balloon-pos=\"up\">ENFERMEIRO<\/span><\/td>\r\n<td class=\"cvagas\">5<\/td>\r\n<td class=\"cremuneracao\">R$ 4.401,98 \/30h<\/td>\r\n<\/tr><tr>\r\n<td class=\"ccargos\">\r\n<span data-balloon-length=\"medium\" aria-label=\"Ensino Superior em Enfermagem + Registro no Conselho\" data-balloon-pos=\"up\">ENFERMEIRO (CAPS)<\/span><\/td>\r\n<td class=\"cvagas\">1<\/td>\r\n<td class=\"cremuneracao\">R$ 5.996,98 \/40h<\/td>\r\n<\/tr><tr>\r\n<td class=\"ccargos\">\r\n<span data-balloon-length=\"medium\" aria-label=\"Ensino Superior em Enfermagem + Registro no Conselho\" data-balloon-pos=\"up\">ENFERMEIRO (ESF)<\/span><\/td>\r\n<td class=\"cvagas\">7<\/td>\r\n<td class=\"cremuneracao\">R$ 5.996,98 \/40h<\/td>\r\n<\/tr><tr>\r\n<td class=\"ccargos\">\r\n<span data-balloon-length=\"medium\" aria-label=\"Gradua\u00e7\u00e3o em licenciatura plena em Pedagogia com habilita\u00e7\u00e3o em supervis\u00e3o escolar; Experi\u00eancia: 2 (dois) anos de experi\u00eancia em atividade de doc\u00eancia adquirida em qualquer n\u00edvel ou sistema de ensino, p\u00fablico ou privado (Resolu\u00e7\u00e3o CNE\/CEB n\u00ba 3\/1997, artigo 3\u00ba, \u00a7 1\u00ba).\" data-balloon-pos=\"up\">ESPECIALISTA EM EDUCA\u00c7\u00c3O B\u00c1SICA<\/span><\/td>\r\n<td class=\"cvagas\">4<\/td>\r\n<td class=\"cremuneracao\">R$ 3.833,36 \/30h<\/td>\r\n<\/tr><tr>\r\n<td class=\"ccargos\">\r\n<span data-balloon-length=\"medium\" aria-label=\"Ensino Superior em Farm\u00e1cia + Registro no Conselho\" data-balloon-pos=\"up\">FARMAC\u00caUTICO<\/span><\/td>\r\n<td class=\"cvagas\">2<\/td>\r\n<td class=\"cremuneracao\">R$ 4.401,98 \/30h<\/td>\r\n<\/tr><tr>\r\n<td class=\"ccargos\">\r\n<span data-balloon-length=\"medium\" aria-label=\"Ensino Superior em Fisioterapia + Registro no Conselho\" data-balloon-pos=\"up\">FISIOTERAPEUTA<\/span><\/td>\r\n<td class=\"cvagas\">3<\/td>\r\n<td class=\"cremuneracao\">R$ 4.401,98 \/30h<\/td>\r\n<\/tr><tr>\r\n<td class=\"ccargos\">\r\n<span data-balloon-length=\"medium\" aria-label=\"Ensino Superior em Medicina + Registro no Conselho\" data-balloon-pos=\"up\">M\u00c9DICO ESF<\/span><\/td>\r\n<td class=\"cvagas\">7<\/td>\r\n<td class=\"cremuneracao\">R$ 19.659,95 \/40h<\/td>\r\n<\/tr><tr>\r\n<td class=\"ccargos\">\r\n<span data-balloon-length=\"medium\" aria-label=\"Ensino Superior em Medicina com registro no CRM e qualifica\u00e7\u00e3o de Especialista em Psiquiatria e registro no CRM.\" data-balloon-pos=\"up\">M\u00c9DICO PSIQUIATRA (CAPS)<\/span><\/td>\r\n<td class=\"cvagas\">1<\/td>\r\n<td class=\"cremuneracao\">R$ 9.829,97 \/20h<\/td>\r\n<\/tr><tr>\r\n<td class=\"ccargos\">\r\n<span data-balloon-length=\"medium\" aria-label=\"Ensino Superior em Nutri\u00e7\u00e3o ou curso de especializa\u00e7\u00e3o + Registro no Conselho\" data-balloon-pos=\"up\">NUTRICIONISTA (SA\u00daDE)<\/span><\/td>\r\n<td class=\"cvagas\">1<\/td>\r\n<td class=\"cremuneracao\">R$ 4.401,98 \/30h<\/td>\r\n<\/tr><tr>\r\n<td class=\"ccargos\">\r\n<span data-balloon-length=\"medium\" aria-label=\"Ensino Superior em Nutri\u00e7\u00e3o + Registro no Conselho\" data-balloon-pos=\"up\">NUTRICIONISTA (EDUCA\u00c7\u00c3O)<\/span><\/td>\r\n<td class=\"cvagas\">1<\/td>\r\n<td class=\"cremuneracao\">R$ 4.401,98 \/30h<\/td>\r\n<\/tr><tr>\r\n<td class=\"ccargos\">\r\n<span data-balloon-length=\"medium\" aria-label=\"Curso Normal a N\u00edvel Superior ou forma\u00e7\u00e3o docente de n\u00edvel superior em curso de gradua\u00e7\u00e3o em pedagogia dos anos iniciais\" data-balloon-pos=\"up\">PROFESSOR DA EDUCA\u00c7\u00c3O B\u00c1SICA<\/span><\/td>\r\n<td class=\"cvagas\">58<\/td>\r\n<td class=\"cremuneracao\">R$ 3.833,36 \/30h<\/td>\r\n<\/tr><tr>\r\n<td class=\"ccargos\">\r\n<span data-balloon-length=\"medium\" aria-label=\"Forma\u00e7\u00e3o docente de n\u00edvel superior em curso de gradua\u00e7\u00e3o em licenciatura plena correspondente a \u00e1reas espec\u00edficas do curr\u00edculo ou curso de gradua\u00e7\u00e3o com complementa\u00e7\u00e3o pedag\u00f3gica obtidos em universidades e institutos superiores de educa\u00e7\u00e3o\" data-balloon-pos=\"up\">PROFESSOR DA EDUCA\u00c7\u00c3O B\u00c1SICA (EDUCA\u00c7\u00c3O F\u00cdSICA)<\/span><\/td>\r\n<td class=\"cvagas\">4<\/td>\r\n<td class=\"cremuneracao\">R$ 3.833,36 \/30h<\/td>\r\n<\/tr><tr>\r\n<td class=\"ccargos\">\r\n<span data-balloon-length=\"medium\" aria-label=\"Curso Normal a n\u00edvel Superior ou forma\u00e7\u00e3o docente de n\u00edvel superior em curso de gradua\u00e7\u00e3o em licenciatura plena correspondente a \u00e1reas espec\u00edficas do curr\u00edculo ou curso de gradua\u00e7\u00e3o com complementa\u00e7\u00e3o pedag\u00f3gica obtidos em universidades e institutos superiores de educa\u00e7\u00e3o\" data-balloon-pos=\"up\">PROFESSOR DA EDUCA\u00c7\u00c3O B\u00c1SICA (ENSINO RELIGIOSO<\/span><\/td>\r\n<td class=\"cvagas\">4<\/td>\r\n<td class=\"cremuneracao\">R$ 3.833,36 \/30h<\/td>\r\n<\/tr><tr>\r\n<td class=\"ccargos\">\r\n<span data-balloon-length=\"medium\" aria-label=\"Forma\u00e7\u00e3o docente de n\u00edvel superior em curso de gradua\u00e7\u00e3o em licenciatura plena correspondente a \u00e1reas espec\u00edficas do curr\u00edculo ou curso de gradua\u00e7\u00e3o com complementa\u00e7\u00e3o pedag\u00f3gica obtidos em universidades e institutos superiores de educa\u00e7\u00e3o\" data-balloon-pos=\"up\">PROFESSOR DA EDUCA\u00c7\u00c3O B\u00c1SICA (INGL\u00caS)<\/span><\/td>\r\n<td class=\"cvagas\">1<\/td>\r\n<td class=\"cremuneracao\">R$ 3.833,36 \/30h<\/td>\r\n<\/tr><tr>\r\n<td class=\"ccargos\">\r\n<span data-balloon-length=\"medium\" aria-label=\"Ensino Superior em Psicologia + Registro no Conselho\" data-balloon-pos=\"up\">PSICOLOGO (ASSISTENCIA SOCIAL)<\/span><\/td>\r\n<td class=\"cvagas\">2<\/td>\r\n<td class=\"cremuneracao\">R$ 4.401,98 \/30h<\/td>\r\n<\/tr><tr>\r\n<td class=\"ccargos\">\r\n<span data-balloon-length=\"medium\" aria-label=\"Ensino Superior em Psicologia + Registro no Conselho\" data-balloon-pos=\"up\">PSICOLOGO (CAPS)<\/span><\/td>\r\n<td class=\"cvagas\">1<\/td>\r\n<td class=\"cremuneracao\">R$ 5.996,98 \/40h<\/td>\r\n<\/tr><tr>\r\n<td class=\"ccargos\">\r\n<span data-balloon-length=\"medium\" aria-label=\"Ensino Superior em Psicologia + Registro no Conselho\" data-balloon-pos=\"up\">PSICOLOGO (EDUCA\u00c7\u00c3O)<\/span><\/td>\r\n<td class=\"cvagas\">2<\/td>\r\n<td class=\"cremuneracao\">R$ 4.401,98 \/30h<\/td>\r\n<\/tr><tr>\r\n<td class=\"ccargos\">\r\n<span data-balloon-length=\"medium\" aria-label=\"Ensino Superior em Psicologia ou curso de especializa\u00e7\u00e3o + Registro no Conselho\" data-balloon-pos=\"up\">PSICOLOGO (SA\u00daDE)<\/span><\/td>\r\n<td class=\"cvagas\">2<\/td>\r\n<td class=\"cremuneracao\">R$ 4.401,98 \/30h<\/td>\r\n<\/tr><tr>\r\n<td class=\"ccargos\">\r\n<span data-balloon-length=\"medium\" aria-label=\"Ensino Superior em Fisioterapia e Terapia Ocupacional + Registro no Conselho\" data-balloon-pos=\"up\">TERAPEUTA OCUPACIONAL<\/span><\/td>\r\n<td class=\"cvagas\">1<\/td>\r\n<td class=\"cremuneracao\">R$ 4.401,98 \/30h<\/td>\r\n<\/tr><tr>\r\n<td class=\"ccargos\">\r\n<span data-balloon-length=\"medium\" aria-label=\"Ensino Superior em Terapia Ocupacional + Registro no Conselho\" data-balloon-pos=\"up\">TERAPEUTA OCUPACIONAL (CAPS)<\/span><\/td>\r\n<td class=\"cvagas\">1<\/td>\r\n<td class=\"cremuneracao\">R$ 4.401,98 \/30h<\/td>\r\n<\/tr><tr>\r\n<td class=\"ccargos\">\r\n<span data-balloon-length=\"medium\" aria-label=\"Ensino Superior em Medicina Veterin\u00e1ria e registro no Conselho Regional de Classe\" data-balloon-pos=\"up\">M\u00c9DICO VETERIN\u00c1RIO<\/span><\/td>\r\n<td class=\"cvagas\">1<\/td>\r\n<td class=\"cremuneracao\">R$ 4.401,98 \/20h<\/td>\r\n<\/tr>\r\n    <\/tbody>\r\n  <\/table>\r\n<\/div>"},"_links":{"self":[{"href":"https:\/\/www.agrobase.com.br\/concursos\/wp-json\/wp\/v2\/posts\/272273","targetHints":{"allow":["GET"]}}],"collection":[{"href":"https:\/\/www.agrobase.com.br\/concursos\/wp-json\/wp\/v2\/posts"}],"about":[{"href":"https:\/\/www.agrobase.com.br\/concursos\/wp-json\/wp\/v2\/types\/post"}],"author":[{"embeddable":true,"href":"https:\/\/www.agrobase.com.br\/concursos\/wp-json\/wp\/v2\/users\/7"}],"replies":[{"embeddable":true,"href":"https:\/\/www.agrobase.com.br\/concursos\/wp-json\/wp\/v2\/comments?post=272273"}],"version-history":[{"count":2,"href":"https:\/\/www.agrobase.com.br\/concursos\/wp-json\/wp\/v2\/posts\/272273\/revisions"}],"predecessor-version":[{"id":272277,"href":"https:\/\/www.agrobase.com.br\/concursos\/wp-json\/wp\/v2\/posts\/272273\/revisions\/272277"}],"wp:featuredmedia":[{"embeddable":true,"href":"https:\/\/www.agrobase.com.br\/concursos\/wp-json\/wp\/v2\/media\/272272"}],"wp:attachment":[{"href":"https:\/\/www.agrobase.com.br\/concursos\/wp-json\/wp\/v2\/media?parent=272273"}],"wp:term":[{"taxonomy":"category","embeddable":true,"href":"https:\/\/www.agrobase.com.br\/concursos\/wp-json\/wp\/v2\/categories?post=272273"},{"taxonomy":"post_tag","embeddable":true,"href":"https:\/\/www.agrobase.com.br\/concursos\/wp-json\/wp\/v2\/tags?post=272273"},{"taxonomy":"_amplo","embeddable":true,"href":"https:\/\/www.agrobase.com.br\/concursos\/wp-json\/wp\/v2\/_amplo?post=272273"},{"taxonomy":"destaque","embeddable":true,"href":"https:\/\/www.agrobase.com.br\/concursos\/wp-json\/wp\/v2\/destaque?post=272273"},{"taxonomy":"instituicoes","embeddable":true,"href":"https:\/\/www.agrobase.com.br\/concursos\/wp-json\/wp\/v2\/instituicoes?post=272273"}],"curies":[{"name":"wp","href":"https:\/\/api.w.org\/{rel}","templated":true}]}}