{"id":272244,"date":"2025-10-08T07:10:10","date_gmt":"2025-10-08T10:10:10","guid":{"rendered":"https:\/\/www.agrobase.com.br\/concursos\/?p=272244"},"modified":"2025-10-07T11:19:52","modified_gmt":"2025-10-07T14:19:52","slug":"ifpb-pb-concurso-02-2025","status":"publish","type":"post","link":"https:\/\/www.agrobase.com.br\/concursos\/2025\/ifpb-pb-concurso-02-2025\/","title":{"rendered":"IFPB (PB) &#8211; Concurso 02\/2025"},"content":{"rendered":"<h2>Informa\u00e7\u00f5es Gerais<\/h2>\n<p>O Instituto Federal de Educa\u00e7\u00e3o, Ci\u00eancia e Tecnologia da Para\u00edba (IFPB) publicou o edital de seu novo concurso p\u00fablico para o provimento de cargos T\u00e9cnico-Administrativos em Educa\u00e7\u00e3o (PCCTAE). O objetivo do certame \u00e9 o preenchimento de vagas efetivas para o quadro de pessoal da institui\u00e7\u00e3o, sob o Regime Jur\u00eddico \u00danico (Estatut\u00e1rio), conforme a Lei n\u00ba 8.112\/1990.<\/p>\n<p>As oportunidades contemplam os n\u00edveis de escolaridade M\u00e9dio\/T\u00e9cnico (N\u00edveis C e D) e Superior (N\u00edvel E), abrangendo diversas \u00e1reas de atua\u00e7\u00e3o, como administrativa, tecnologia da informa\u00e7\u00e3o, laborat\u00f3rio e apoio educacional. Para profissionais da \u00e1rea de sa\u00fade e alimenta\u00e7\u00e3o, o certame oferece uma vaga para o cargo de <strong>Nutricionista<\/strong>.<\/p>\n<p>Nas se\u00e7\u00f5es a seguir, voc\u00ea encontrar\u00e1 todos os detalhes sobre as inscri\u00e7\u00f5es, as etapas de avalia\u00e7\u00e3o e o cronograma previsto para o concurso.<\/p>\n<h2>Inscri\u00e7\u00f5es<\/h2>\n<p>As inscri\u00e7\u00f5es para o concurso do IFPB estar\u00e3o abertas entre os dias <strong>09 de outubro e 21 de outubro de 2025<\/strong>. Todo o procedimento dever\u00e1 ser realizado exclusivamente pela internet, atrav\u00e9s do site da banca organizadora, o Instituto AOCP.<\/p>\n<p>Os valores da taxa de inscri\u00e7\u00e3o variam de acordo com o n\u00edvel do cargo pretendido:<\/p>\n<ul>\n<li><strong>N\u00edvel de Classifica\u00e7\u00e3o C:<\/strong> R$ 100,00<\/li>\n<li><strong>N\u00edvel de Classifica\u00e7\u00e3o D:<\/strong> R$ 120,00<\/li>\n<li><strong>N\u00edvel de Classifica\u00e7\u00e3o E:<\/strong> R$ 150,00<\/li>\n<\/ul>\n<p>O pagamento da taxa deve ser efetuado por meio de Guia de Recolhimento da Uni\u00e3o (GRU) at\u00e9 a data limite de 06 de novembro de 2025. O edital tamb\u00e9m prev\u00ea a possibilidade de solicitar isen\u00e7\u00e3o da taxa de inscri\u00e7\u00e3o, e os interessados devem realizar o pedido entre os dias 09 e 15 de outubro de 2025, seguindo os crit\u00e9rios estabelecidos no documento oficial.<\/p>\n<p>\u00c9 fundamental a leitura completa do edital para conferir todos os requisitos e procedimentos necess\u00e1rios para garantir a participa\u00e7\u00e3o no certame.<\/p>\n<h2>Etapas e Provas<\/h2>\n<p>O processo seletivo do concurso IFPB ser\u00e1 composto por uma \u00fanica etapa: a <strong>Prova Objetiva<\/strong>, de car\u00e1ter eliminat\u00f3rio e classificat\u00f3rio, aplicada para todos os cargos. A avalia\u00e7\u00e3o ter\u00e1 dura\u00e7\u00e3o m\u00e1xima de 4 horas e ser\u00e1 composta por 50 quest\u00f5es de m\u00faltipla escolha, com cinco alternativas cada.<\/p>\n<p>A estrutura da prova seguir\u00e1 a seguinte distribui\u00e7\u00e3o de disciplinas e pesos:<\/p>\n<ul>\n<li><strong>L\u00edngua Portuguesa:<\/strong> 10 quest\u00f5es (peso 2)<\/li>\n<li><strong>Inform\u00e1tica:<\/strong> 10 quest\u00f5es (peso 1)<\/li>\n<li><strong>Legisla\u00e7\u00e3o:<\/strong> 10 quest\u00f5es (peso 1)<\/li>\n<li><strong>Conhecimentos Espec\u00edficos:<\/strong> 20 quest\u00f5es (peso 3)<\/li>\n<\/ul>\n<p>Para ser considerado aprovado, o candidato dever\u00e1 obter uma pontua\u00e7\u00e3o m\u00ednima de 60 pontos no total da prova e n\u00e3o poder\u00e1 zerar em nenhuma das \u00e1reas de conhecimento. A aplica\u00e7\u00e3o est\u00e1 prevista para o dia <strong>07 de dezembro de 2025<\/strong>, nas cidades de Cajazeiras, Campina Grande, Jo\u00e3o Pessoa, Patos e Sousa, com hor\u00e1rios divididos por n\u00edvel de cargo:<\/p>\n<ul>\n<li><strong>Per\u00edodo da manh\u00e3:<\/strong> Cargos de N\u00edvel C e D.<\/li>\n<li><strong>Per\u00edodo da tarde:<\/strong> Cargos de N\u00edvel E.<\/li>\n<\/ul>\n<p>Para obter informa\u00e7\u00f5es detalhadas sobre o conte\u00fado program\u00e1tico de cada disciplina, as regras de aplica\u00e7\u00e3o e o cronograma completo, consulte o edital oficial do certame.<\/p>\n<h2>Resultados e Gabarito<\/h2>\n<p>O cronograma do concurso do IFPB prev\u00ea a divulga\u00e7\u00e3o dos resultados em diversas fases, que devem ser acompanhadas atentamente pelos candidatos. O gabarito preliminar da prova objetiva ser\u00e1 publicado em <strong>08 de dezembro de 2025<\/strong>, com per\u00edodo para recursos nos dias 09 e 10 de dezembro. A vers\u00e3o definitiva do gabarito, juntamente com o resultado p\u00f3s-recursos da prova, ser\u00e1 divulgada em <strong>27 de fevereiro de 2026<\/strong>.<\/p>\n<p>O resultado final do concurso, com a classifica\u00e7\u00e3o dos aprovados, est\u00e1 previsto para <strong>14 de abril de 2026<\/strong>. A homologa\u00e7\u00e3o do certame ser\u00e1 realizada por meio de publica\u00e7\u00e3o da lista de aprovados no Di\u00e1rio Oficial da Uni\u00e3o (DOU).<\/p>\n<p>Em caso de empate na pontua\u00e7\u00e3o final, ser\u00e3o aplicados os seguintes crit\u00e9rios de desempate, na ordem:<\/p>\n<ul>\n<li>Idade igual ou superior a 60 anos (Estatuto do Idoso);<\/li>\n<li>Maior n\u00famero de pontos na prova de Conhecimentos Espec\u00edficos;<\/li>\n<li>Maior n\u00famero de pontos na prova de L\u00edngua Portuguesa;<\/li>\n<li>Maior n\u00famero de pontos na prova de Legisla\u00e7\u00e3o;<\/li>\n<li>Maior n\u00famero de pontos na prova de Inform\u00e1tica;<\/li>\n<li>Maior idade (para os n\u00e3o alcan\u00e7ados pelo Estatuto do Idoso).<\/li>\n<\/ul>\n<p>A convoca\u00e7\u00e3o dos candidatos aprovados ocorrer\u00e1 por meio de portaria publicada no Di\u00e1rio Oficial da Uni\u00e3o, respeitando a ordem de classifica\u00e7\u00e3o. \u00c9 de responsabilidade exclusiva do candidato acompanhar todas as publica\u00e7\u00f5es oficiais no site da banca organizadora, <strong>www.institutoaocp.org.br<\/strong>, e no Di\u00e1rio Oficial da Uni\u00e3o.<\/p>\n","protected":false},"excerpt":{"rendered":"<p>Concurso IFPB (PB) com edital publicado! Vagas p\/ TI e Administra\u00e7\u00e3o (M\u00e9dio a Superior). Inscri\u00e7\u00f5es a partir de 09\/10. 46+CR vagas. Confira detalhes!<\/p>\n","protected":false},"author":7,"featured_media":272243,"comment_status":"open","ping_status":"open","sticky":false,"template":"","format":"standard","meta":{"_acf_changed":false,"_breakdance_hide_in_design_set":false,"_breakdance_tags":"","footnotes":""},"categories":[3,144,94,126,12,21,23,25,26,101,128,108,130,159],"tags":[53],"_amplo":[],"destaque":[],"instituicoes":[],"class_list":["post-272244","post","type-post","status-publish","format-standard","has-post-thumbnail","hentry","category-administracao","category-arquivologia","category-biblioteconomia","category-ciencia-computacao","category-enfermagem","category-medicina","category-nutricao","category-pedagogia","category-psicologia","category-servico-social","category-tecnico-em-contabilidade","category-tecnico-enfermagem","category-tecnico-informatica","category-tecnologia-da-informacao","tag-paraiba"],"acf":{"_tipo_vagas":"vagas","_numero_vagas":"","_quadro_vagas":"","_cargos":"diversos","_cargos_especificos":"","_salario_max":"R$ 4.967,04","_abertura":"20251009","_encerramento":"20251021","_inscricoes":"https:\/\/www.institutoaocp.org.br","_executora_concurso":"","_instituicao_concurso":[],"_link_adicional":null,"_anexos":null,"_produtos":null,"_vagas":"46 vagas + CR","_salario_min":"R$ 2.483,52","_instituicao":"IFPB","_edital":"https:\/\/www.agrobase.com.br\/concursos\/wp-content\/uploads\/sites\/4\/2025\/10\/edital-02-2025-ifpb-pb.pdf","_anexos_edital":"https:\/\/www.agrobase.com.br\/concursos\/wp-content\/uploads\/sites\/4\/2025\/10\/anexos-edital-02-2025-ifpb-pb.pdf","_fund_incompleto":"","_fund_completo":"","_medio":"<div>\r\n<table class=\"quadro\">\r\n<thead>\r\n<tr>\r\n<th class=\"hcargo\">Cargo<\/th>\r\n<th class=\"hvagas\">Vagas<\/th>\r\n<th class=\"hremuneracao\">Remunera\u00e7\u00e3o<\/th>\r\n<\/tr>\r\n<\/thead>\r\n    <tbody>\r\n      <td class=\"ccargos\">\r\n<span data-balloon-length=\"medium\" aria-label=\"Curso de Ensino M\u00e9dio Completo e Experi\u00eancia Profissional m\u00ednima de 6 (seis) meses em atividades de apoio, assist\u00eancia, orienta\u00e7\u00e3o ou acompanhamento a estudantes em institui\u00e7\u00f5es educacionais p\u00fablicas ou privadas.\" data-balloon-pos=\"up\">Assistente de Aluno<\/span><\/td>\r\n<td class=\"cvagas\">1<\/td>\r\n<td class=\"cremuneracao\">R$ 0,00 \/40h<\/td>\r\n<\/tr><td class=\"ccargos\">\r\n<span data-balloon-length=\"medium\" aria-label=\"Ensino M\u00e9dio Profissionalizante ou M\u00e9dio Completo\" data-balloon-pos=\"up\">Assistente em Administra\u00e7\u00e3o<\/span><\/td>\r\n<td class=\"cvagas\">16<\/td>\r\n<td class=\"cremuneracao\">R$ 0,00 \/40h<\/td>\r\n<\/tr><td class=\"ccargos\">\r\n<span data-balloon-length=\"medium\" aria-label=\"Ensino M\u00e9dio Profissionalizante em Contabilidade ou M\u00e9dio completo + Curso T\u00e9cnico em Contabilidade + registro no conselho profissional competente\" data-balloon-pos=\"up\">T\u00e9cnico em Contabilidade<\/span><\/td>\r\n<td class=\"cvagas\">2<\/td>\r\n<td class=\"cremuneracao\">R$ 0,00 \/40h<\/td>\r\n<\/tr><td class=\"ccargos\">\r\n<span data-balloon-length=\"medium\" aria-label=\"Ensino M\u00e9dio Profissionalizante em Enfermagem ou M\u00e9dio completo + Curso T\u00e9cnico em Enfermagem + registro no conselho profissional competente\" data-balloon-pos=\"up\">T\u00e9cnico em Enfermagem<\/span><\/td>\r\n<td class=\"cvagas\">1<\/td>\r\n<td class=\"cremuneracao\">R$ 0,00 \/40h<\/td>\r\n<\/tr><td class=\"ccargos\">\r\n<span data-balloon-length=\"medium\" aria-label=\"Ensino M\u00e9dio profissionalizante na \u00e1rea de Edifica\u00e7\u00f5es ou M\u00e9dio completo + curso t\u00e9cnico edifica\u00e7\u00f5es + registro no conselho profissional competente\" data-balloon-pos=\"up\">T\u00e9cnico de Laborat\u00f3rio - Area: Edifica\u00e7\u00f5es<\/span><\/td>\r\n<td class=\"cvagas\">4<\/td>\r\n<td class=\"cremuneracao\">R$ 0,00 \/40h<\/td>\r\n<\/tr><td class=\"ccargos\">\r\n<span data-balloon-length=\"medium\" aria-label=\"Ensino M\u00e9dio Profissionalizante ou Ensino M\u00e9dio Completo e Curso T\u00e9cnico em Eletr\u00f4nica, Eletrot\u00e9cnica, Mec\u00e2nica, Mecatr\u00f4nica ou \u00e1reas afins.\" data-balloon-pos=\"up\">T\u00e9cnico de Laborat\u00f3rio - Area: F\u00edsica<\/span><\/td>\r\n<td class=\"cvagas\">1<\/td>\r\n<td class=\"cremuneracao\">R$ 0,00 \/40h<\/td>\r\n<\/tr><td class=\"ccargos\">\r\n<span data-balloon-length=\"medium\" aria-label=\"Ensino M\u00e9dio Profissionalizante em Inform\u00e1tica ou \u00e1reas afins ou em Eletr\u00f4nica com \u00eanfase em Sistemas Computacionais ou Ensino M\u00e9dio Completo, acrescido de Curso T\u00e9cnico em Inform\u00e1tica ou Redes de Computadores ou \u00e1reas afins ou em Eletr\u00f4nica com \u00eanfase em Sistemas Computacionais.\" data-balloon-pos=\"up\">T\u00e9cnico de Laborat\u00f3rio - Area: Inform\u00e1tica<\/span><\/td>\r\n<td class=\"cvagas\">4<\/td>\r\n<td class=\"cremuneracao\">R$ 0,00 \/40h<\/td>\r\n<\/tr><td class=\"ccargos\">\r\n<span data-balloon-length=\"medium\" aria-label=\"Ensino M\u00e9dio profissionalizante em Minera\u00e7\u00e3o ou Ensino M\u00e9dio completo + Curso T\u00e9cnico em Minera\u00e7\u00e3o + registro no conselho profissional competente\" data-balloon-pos=\"up\">T\u00e9cnico de Laborat\u00f3rio - Area: Minera\u00e7\u00e3o<\/span><\/td>\r\n<td class=\"cvagas\">2<\/td>\r\n<td class=\"cremuneracao\">R$ 0,00 \/40h<\/td>\r\n<\/tr><td class=\"ccargos\">\r\n<span data-balloon-length=\"medium\" aria-label=\"Ensino M\u00e9dio profissionalizante na \u00e1rea de Qu\u00edmica ou M\u00e9dio completo com curso t\u00e9cnico em Qu\u00edmica + registro no conselho profissional competente\" data-balloon-pos=\"up\">T\u00e9cnico de Laborat\u00f3rio - Area: Qu\u00edmica<\/span><\/td>\r\n<td class=\"cvagas\">1<\/td>\r\n<td class=\"cremuneracao\">R$ 0,00 \/40h<\/td>\r\n<\/tr><td class=\"ccargos\">\r\n<span data-balloon-length=\"medium\" aria-label=\"Ensino M\u00e9dio profissionalizante em Recursos Pesqueiros ou Pesca ou Ensino M\u00e9dio completo + Curso T\u00e9cnico em Recursos Pesqueiros ou Ensino M\u00e9dio completo + Curso T\u00e9cnico em Pesca\" data-balloon-pos=\"up\">T\u00e9cnico de Laborat\u00f3rio - Area: Recursos Pesqueiros<\/span><\/td>\r\n<td class=\"cvagas\">1<\/td>\r\n<td class=\"cremuneracao\">R$ 0,00 \/40h<\/td>\r\n<\/tr><td class=\"ccargos\">\r\n<span data-balloon-length=\"medium\" aria-label=\"Ensino M\u00e9dio Profissionalizante em Inform\u00e1tica ou \u00e1reas afins ou em Eletr\u00f4nica com \u00eanfase em Sistemas Computacionais ou Ensino M\u00e9dio Completo, acrescido de Curso T\u00e9cnico em Inform\u00e1tica ou Redes de Computadores ou \u00e1reas afins ou em Eletr\u00f4nica com \u00eanfase em Sistemas Computacionais.\" data-balloon-pos=\"up\">T\u00e9cnico de Tecnologia da Informa\u00e7\u00e3o<\/span><\/td>\r\n<td class=\"cvagas\">7<\/td>\r\n<td class=\"cremuneracao\">R$ 0,00 \/40h<\/td>\r\n<\/tr>\r\n    <\/tbody>\r\n  <\/table>\r\n<\/div>","_superior":"<div>\r\n<table class=\"quadro\">\r\n<thead>\r\n<tr>\r\n<th class=\"hcargo\">Cargo<\/th>\r\n<th class=\"hvagas\">Vagas<\/th>\r\n<th class=\"hremuneracao\">Remunera\u00e7\u00e3o<\/th>\r\n<\/tr>\r\n<\/thead>\r\n    <tbody>\r\n      <tr>\r\n<td class=\"ccargos\">\r\n<span data-balloon-length=\"medium\" aria-label=\"Curso superior em Administra\u00e7\u00e3o ou Administra\u00e7\u00e3o P\u00fablica + registro no conselho profissional competente\" data-balloon-pos=\"up\">Administrador<\/span><\/td>\r\n<td class=\"cvagas\">1<\/td>\r\n<td class=\"cremuneracao\">R$ 0,00 \/40h<\/td>\r\n<\/tr><tr>\r\n<td class=\"ccargos\">\r\n<span data-balloon-length=\"medium\" aria-label=\"Curso superior na \u00e1rea de Computa\u00e7\u00e3o ou Inform\u00e1tica\" data-balloon-pos=\"up\">Analista de Tecnologia da Informa\u00e7\u00e3o<\/span><\/td>\r\n<td class=\"cvagas\">2<\/td>\r\n<td class=\"cremuneracao\">R$ 0,00 \/40h<\/td>\r\n<\/tr><tr>\r\n<td class=\"ccargos\">\r\n<span data-balloon-length=\"medium\" aria-label=\"Curso superior em Arquivologia\" data-balloon-pos=\"up\">Arquivista<\/span><\/td>\r\n<td class=\"cvagas\">1<\/td>\r\n<td class=\"cremuneracao\">R$ 0,00 \/40h<\/td>\r\n<\/tr><tr>\r\n<td class=\"ccargos\">\r\n<span data-balloon-length=\"medium\" aria-label=\"Curso superior em Servi\u00e7o Social + registro no conselho profissional competente\" data-balloon-pos=\"up\">Assistente Social<\/span><\/td>\r\n<td class=\"cvagas\">1<\/td>\r\n<td class=\"cremuneracao\">R$ 0,00 \/40h<\/td>\r\n<\/tr><tr>\r\n<td class=\"ccargos\">\r\n<span data-balloon-length=\"medium\" aria-label=\"Curso superior em Biblioteconomia ou Ci\u00eancias da Informa\u00e7\u00e3o + registro no conselho profissional competente\" data-balloon-pos=\"up\">Bibliotec\u00e1rio - Documentalista<\/span><\/td>\r\n<td class=\"cvagas\">1<\/td>\r\n<td class=\"cremuneracao\">R$ 0,00 \/40h<\/td>\r\n<\/tr><tr>\r\n<td class=\"ccargos\">\r\n<span data-balloon-length=\"medium\" aria-label=\"Curso superior em Enfermagem + registro no conselho profissional competente\" data-balloon-pos=\"up\">Enfermeiro<\/span><\/td>\r\n<td class=\"cvagas\">1<\/td>\r\n<td class=\"cremuneracao\">R$ 0,00 \/40h<\/td>\r\n<\/tr><tr>\r\n<td class=\"ccargos\">\r\n<span data-balloon-length=\"medium\" aria-label=\"Curso superior em Medicina com Resid\u00eancia M\u00e9dica em Psiquiatria, em servi\u00e7o credenciado e reconhecido pelo Minist\u00e9rio da Educa\u00e7\u00e3o (MEC) e pela Sociedade Brasileira de Psiquiatria ou com especializa\u00e7\u00e3o em Psiquiatria + registro no conselho profissional competente\" data-balloon-pos=\"up\">M\u00e9dico - \u00c1rea: Psiquiatria<\/span><\/td>\r\n<td class=\"cvagas\">1<\/td>\r\n<td class=\"cremuneracao\">R$ 0,00 \/20h<\/td>\r\n<\/tr><tr>\r\n<td class=\"ccargos\">\r\n<span data-balloon-length=\"medium\" aria-label=\"Curso superior em Nutri\u00e7\u00e3o + registro no conselho profissional competente\" data-balloon-pos=\"up\">Nutricionista<\/span><\/td>\r\n<td class=\"cvagas\">1<\/td>\r\n<td class=\"cremuneracao\">R$ 0,00 \/40h<\/td>\r\n<\/tr><tr>\r\n<td class=\"ccargos\">\r\n<span data-balloon-length=\"medium\" aria-label=\"Curso superior em Pedagogia\" data-balloon-pos=\"up\">Pedagogo<\/span><\/td>\r\n<td class=\"cvagas\">1<\/td>\r\n<td class=\"cremuneracao\">R$ 0,00 \/40h<\/td>\r\n<\/tr><tr>\r\n<td class=\"ccargos\">\r\n<span data-balloon-length=\"medium\" aria-label=\"Curso superior em Psicologia + registro no conselho profissional competente\" data-balloon-pos=\"up\">Psic\u00f3logo<\/span><\/td>\r\n<td class=\"cvagas\">1<\/td>\r\n<td class=\"cremuneracao\">R$ 0,00 \/40h<\/td>\r\n<\/tr><tr>\r\n<td class=\"ccargos\">\r\n<span data-balloon-length=\"medium\" aria-label=\"Curso superior em Pedagogia ou Licenciaturas\" data-balloon-pos=\"up\">T\u00e9cnico em Assuntos Educacionais<\/span><\/td>\r\n<td class=\"cvagas\">2<\/td>\r\n<td class=\"cremuneracao\">R$ 0,00 \/40h<\/td>\r\n<\/tr>\r\n    <\/tbody>\r\n  <\/table>\r\n<\/div>"},"_links":{"self":[{"href":"https:\/\/www.agrobase.com.br\/concursos\/wp-json\/wp\/v2\/posts\/272244","targetHints":{"allow":["GET"]}}],"collection":[{"href":"https:\/\/www.agrobase.com.br\/concursos\/wp-json\/wp\/v2\/posts"}],"about":[{"href":"https:\/\/www.agrobase.com.br\/concursos\/wp-json\/wp\/v2\/types\/post"}],"author":[{"embeddable":true,"href":"https:\/\/www.agrobase.com.br\/concursos\/wp-json\/wp\/v2\/users\/7"}],"replies":[{"embeddable":true,"href":"https:\/\/www.agrobase.com.br\/concursos\/wp-json\/wp\/v2\/comments?post=272244"}],"version-history":[{"count":2,"href":"https:\/\/www.agrobase.com.br\/concursos\/wp-json\/wp\/v2\/posts\/272244\/revisions"}],"predecessor-version":[{"id":272248,"href":"https:\/\/www.agrobase.com.br\/concursos\/wp-json\/wp\/v2\/posts\/272244\/revisions\/272248"}],"wp:featuredmedia":[{"embeddable":true,"href":"https:\/\/www.agrobase.com.br\/concursos\/wp-json\/wp\/v2\/media\/272243"}],"wp:attachment":[{"href":"https:\/\/www.agrobase.com.br\/concursos\/wp-json\/wp\/v2\/media?parent=272244"}],"wp:term":[{"taxonomy":"category","embeddable":true,"href":"https:\/\/www.agrobase.com.br\/concursos\/wp-json\/wp\/v2\/categories?post=272244"},{"taxonomy":"post_tag","embeddable":true,"href":"https:\/\/www.agrobase.com.br\/concursos\/wp-json\/wp\/v2\/tags?post=272244"},{"taxonomy":"_amplo","embeddable":true,"href":"https:\/\/www.agrobase.com.br\/concursos\/wp-json\/wp\/v2\/_amplo?post=272244"},{"taxonomy":"destaque","embeddable":true,"href":"https:\/\/www.agrobase.com.br\/concursos\/wp-json\/wp\/v2\/destaque?post=272244"},{"taxonomy":"instituicoes","embeddable":true,"href":"https:\/\/www.agrobase.com.br\/concursos\/wp-json\/wp\/v2\/instituicoes?post=272244"}],"curies":[{"name":"wp","href":"https:\/\/api.w.org\/{rel}","templated":true}]}}