{"id":272146,"date":"2025-10-06T08:30:20","date_gmt":"2025-10-06T11:30:20","guid":{"rendered":"https:\/\/www.agrobase.com.br\/concursos\/?p=272146"},"modified":"2025-10-03T13:56:19","modified_gmt":"2025-10-03T16:56:19","slug":"prefeitura-anchieta-sc-selecao-publica-01-2025","status":"publish","type":"post","link":"https:\/\/www.agrobase.com.br\/concursos\/2025\/prefeitura-anchieta-sc-selecao-publica-01-2025\/","title":{"rendered":"Prefeitura Anchieta (SC) &#8211; Sele\u00e7\u00e3o P\u00fablica 01\/2025"},"content":{"rendered":"<h2>Informa\u00e7\u00f5es Gerais<\/h2>\n<p>A Prefeitura de Anchieta, em Santa Catarina, publicou o edital do seu novo Processo Seletivo, organizado pela Associa\u00e7\u00e3o dos Munic\u00edpios do Extremo Oeste de Santa Catarina (AMEOSC). O objetivo \u00e9 formar um cadastro de reserva para contrata\u00e7\u00f5es tempor\u00e1rias, com validade de at\u00e9 dois anos, para diversos cargos da administra\u00e7\u00e3o municipal. As oportunidades abrangem os n\u00edveis de escolaridade fundamental, m\u00e9dio\/t\u00e9cnico e superior, sob o regime Estatut\u00e1rio e vinculadas ao Regime Geral de Previd\u00eancia Social (RGPS).<\/p>\n<p>O certame oferece vagas em \u00e1reas como educa\u00e7\u00e3o, sa\u00fade, administrativa e operacional. <strong>Destacam-se as oportunidades para profissionais da \u00e1rea de Nutri\u00e7\u00e3o<\/strong>, al\u00e9m de vagas para m\u00e9dicos, enfermeiros, professores e cargos t\u00e9cnicos. Se voc\u00ea busca uma oportunidade no servi\u00e7o p\u00fablico catarinense, continue a leitura para conferir os detalhes sobre inscri\u00e7\u00f5es, etapas e cronograma deste processo seletivo.<\/p>\n<h2>Inscri\u00e7\u00f5es<\/h2>\n<p>As inscri\u00e7\u00f5es para o Processo Seletivo da Prefeitura de Anchieta\/SC ser\u00e3o realizadas exclusivamente pela internet, no per\u00edodo de <strong>30 de setembro de 2025 a 29 de outubro de 2025<\/strong>. Para se candidatar, o interessado dever\u00e1 acessar o site da banca organizadora, AMEOSC, no endere\u00e7o eletr\u00f4nico <em>https:\/\/ameosc.org.br<\/em>, preencher o formul\u00e1rio de inscri\u00e7\u00e3o e gerar o boleto banc\u00e1rio.<\/p>\n<p>O pagamento da taxa de inscri\u00e7\u00e3o dever\u00e1 ser efetuado at\u00e9 o dia 30 de outubro de 2025. O edital prev\u00ea a possibilidade de solicitar isen\u00e7\u00e3o da taxa, e os crit\u00e9rios e procedimentos para o pedido devem ser consultados diretamente no documento oficial. Para os candidatos que n\u00e3o possuem acesso \u00e0 internet, ser\u00e1 disponibilizado um ponto de apoio na sede da Prefeitura Municipal de Anchieta\/SC durante o per\u00edodo de inscri\u00e7\u00f5es. Ap\u00f3s a confirma\u00e7\u00e3o do pagamento, o candidato poder\u00e1 acompanhar o status de sua inscri\u00e7\u00e3o na \u00e1rea restrita do site da banca. \u00c9 fundamental a leitura completa do edital para conhecer todas as regras e procedimentos.<\/p>\n<h2>Etapas e Provas<\/h2>\n<p>O processo de sele\u00e7\u00e3o dos candidatos ser\u00e1 realizado por meio de at\u00e9 tr\u00eas etapas distintas, a depender do cargo pretendido. A estrutura de avalia\u00e7\u00e3o foi pensada para analisar as compet\u00eancias te\u00f3ricas, pr\u00e1ticas e a qualifica\u00e7\u00e3o profissional dos participantes.<\/p>\n<ul>\n<li><strong>Prova Objetiva:<\/strong> De car\u00e1ter eliminat\u00f3rio e classificat\u00f3rio, ser\u00e1 aplicada a todos os candidatos no dia 16 de novembro de 2025. A avalia\u00e7\u00e3o ter\u00e1 dura\u00e7\u00e3o de 2 horas e 30 minutos e ser\u00e1 composta por 20 quest\u00f5es de m\u00faltipla escolha sobre L\u00edngua Portuguesa, Conhecimentos Gerais e Conhecimentos Espec\u00edficos. Para ser aprovado, o candidato dever\u00e1 atingir a pontua\u00e7\u00e3o m\u00ednima exigida para seu cargo.<\/li>\n<li><strong>Prova de T\u00edtulos:<\/strong> De car\u00e1ter apenas classificat\u00f3rio, esta etapa \u00e9 destinada aos cargos de Professores (Habilitados e N\u00e3o Habilitados), Fisioterapeuta, M\u00e9dico, Nutricionista e Psic\u00f3logo. A pontua\u00e7\u00e3o ser\u00e1 atribu\u00edda com base na forma\u00e7\u00e3o acad\u00eamica e cursos de aperfei\u00e7oamento, e os documentos comprobat\u00f3rios devem ser enviados eletronicamente durante o per\u00edodo de inscri\u00e7\u00e3o.<\/li>\n<li><strong>Prova Pr\u00e1tica:<\/strong> De car\u00e1ter eliminat\u00f3rio e classificat\u00f3rio, ser\u00e1 aplicada somente aos candidatos aos cargos de Motorista e Operador de M\u00e1quinas. O objetivo \u00e9 avaliar a habilidade t\u00e9cnica e o dom\u00ednio na condu\u00e7\u00e3o dos ve\u00edculos e equipamentos.<\/li>\n<\/ul>\n<p>Para obter informa\u00e7\u00f5es detalhadas sobre o conte\u00fado program\u00e1tico de cada disciplina, os crit\u00e9rios de avalia\u00e7\u00e3o e o cronograma completo, \u00e9 indispens\u00e1vel a consulta ao edital oficial do certame.<\/p>\n<h2>Resultados e Gabarito<\/h2>\n<p>A divulga\u00e7\u00e3o dos resultados seguir\u00e1 um cronograma definido no edital. O gabarito preliminar da prova objetiva ser\u00e1 publicado no primeiro dia \u00fatil ap\u00f3s a aplica\u00e7\u00e3o da prova, abrindo-se o prazo para recursos. Ap\u00f3s a an\u00e1lise dos recursos, o gabarito definitivo e os resultados preliminares ser\u00e3o divulgados. Os resultados de cada etapa, como a prova de t\u00edtulos e a prova pr\u00e1tica, tamb\u00e9m ser\u00e3o publicados separadamente, com seus respectivos per\u00edodos recursais.<\/p>\n<p>A classifica\u00e7\u00e3o final ser\u00e1 determinada pela soma das notas obtidas em todas as etapas. Em caso de empate, ser\u00e3o aplicados os seguintes crit\u00e9rios de desempate, sucessivamente: idade igual ou superior a 60 anos, maior pontua\u00e7\u00e3o na prova pr\u00e1tica (quando houver), maior nota em Conhecimentos Espec\u00edficos, entre outros. A homologa\u00e7\u00e3o do resultado final, que oficializa a conclus\u00e3o do certame, ser\u00e1 publicada ap\u00f3s o t\u00e9rmino de todas as fases. A convoca\u00e7\u00e3o dos candidatos aprovados ocorrer\u00e1 de acordo com a necessidade da administra\u00e7\u00e3o municipal e seguir\u00e1 rigorosamente a ordem de classifica\u00e7\u00e3o. Para alguns cargos, haver\u00e1 um ato p\u00fablico para a escolha de vagas.<\/p>\n<p>\u00c9 de responsabilidade exclusiva do candidato acompanhar todas as publica\u00e7\u00f5es oficiais, incluindo convoca\u00e7\u00f5es e retifica\u00e7\u00f5es, nos sites da banca organizadora AMEOSC e da Prefeitura de Anchieta.<\/p>\n","protected":false},"excerpt":{"rendered":"<p>Sel. P\u00fablica Pref. Anchieta (SC) com edital publicado! Vagas p\/ Professor e M\u00e9dico (Fund. a Sup.). Inscri\u00e7\u00f5es a partir de 30\/09. Sal\u00e1rios at\u00e9 R$ 26.5k. Confira detalhes!<\/p>\n","protected":false},"author":7,"featured_media":272145,"comment_status":"open","ping_status":"open","sticky":false,"template":"","format":"standard","meta":{"_acf_changed":false,"_breakdance_hide_in_design_set":false,"_breakdance_tags":"","footnotes":""},"categories":[3,6433,9,10,141,6434,12,18,111,100,20,6872,6871,116,21,23,25,26,108],"tags":[61],"_amplo":[],"destaque":[],"instituicoes":[],"class_list":["post-272146","post","type-post","status-publish","format-standard","has-post-thumbnail","hentry","category-administracao","category-biologia-licenciatura","category-ciencias-contabeis","category-direito","category-educacao-artistica","category-educacao-fisica-licenciatura","category-enfermagem","category-fisioterapia","category-geografia","category-historia","category-letras","category-letras-espanhol","category-letras-ingles","category-matematica","category-medicina","category-nutricao","category-pedagogia","category-psicologia","category-tecnico-enfermagem","tag-santa-catarina"],"acf":{"_tipo_vagas":"vagas","_numero_vagas":"","_quadro_vagas":"","_cargos":"diversos","_cargos_especificos":"","_salario_max":"R$ 26540.3","_abertura":"20250930","_encerramento":"20251029","_inscricoes":"https:\/\/ameosc.org.br","_executora_concurso":"","_instituicao_concurso":[],"_link_adicional":null,"_anexos":null,"_produtos":null,"_vagas":"CR","_salario_min":"R$ 952.02","_instituicao":"Prefeitura de Anchieta","_edital":"https:\/\/www.agrobase.com.br\/concursos\/wp-content\/uploads\/sites\/4\/2025\/10\/edital-01-2025-prefeitura-de-anchieta-sc.pdf","_anexos_edital":"https:\/\/www.agrobase.com.br\/concursos\/wp-content\/uploads\/sites\/4\/2025\/10\/anexos-edital-01-2025-prefeitura-de-anchieta-sc.pdf","_fund_incompleto":"","_fund_completo":"<div>\r\n<table class=\"quadro\">\r\n<thead>\r\n<tr>\r\n<th class=\"hcargo\">Cargo<\/th>\r\n<th class=\"hvagas\">Vagas<\/th>\r\n<th class=\"hremuneracao\">Remunera\u00e7\u00e3o<\/th>\r\n<\/tr>\r\n<\/thead>\r\n    <tbody>\r\n      <td class=\"ccargos\">\r\n<span data-balloon-length=\"medium\" aria-label=\"Escolaridade m\u00ednima exigida: ter conclu\u00eddo os Anos Iniciais do Ensino Fundamental (1\u00ba ao 5\u00ba ano ou antiga 1\u00aa. a 4\u00aa. s\u00e9rie\" data-balloon-pos=\"up\">Auxiliar de Servi\u00e7os Gerais<\/span><\/td>\r\n<td class=\"cvagas\">CR<\/td>\r\n<td class=\"cremuneracao\">R$ 1.518,00 \/40h<\/td>\r\n<\/tr><td class=\"ccargos\">\r\n<span data-balloon-length=\"medium\" aria-label=\"Portador de certificado de conclus\u00e3o do Ensino Fundamental e portador de CNH compat\u00edvel com o ve\u00edculo que for dirigir.\" data-balloon-pos=\"up\">Motorista (CNH categoria no m\u00ednimo D)<\/span><\/td>\r\n<td class=\"cvagas\">CR<\/td>\r\n<td class=\"cremuneracao\">R$ 1.904,03 \/40h<\/td>\r\n<\/tr><td class=\"ccargos\">\r\n<span data-balloon-length=\"medium\" aria-label=\"Escolaridade m\u00ednima exigida: ter conclu\u00eddo os Anos Iniciais do Ensino Fundamental (1\u00ba ao 5\u00ba ano ou antiga 1\u00aa. a 4\u00aa. S\u00e9rie e portador de CNH compat\u00edvel com o ve\u00edculo que for dirigir.\" data-balloon-pos=\"up\">Operador de M\u00e1quinas (CNH categoria no m\u00ednimo C)<\/span><\/td>\r\n<td class=\"cvagas\">CR<\/td>\r\n<td class=\"cremuneracao\">R$ 2.221,33 \/40h<\/td>\r\n<\/tr>\r\n    <\/tbody>\r\n  <\/table>\r\n<\/div>","_medio":"<div>\r\n<table class=\"quadro\">\r\n<thead>\r\n<tr>\r\n<th class=\"hcargo\">Cargo<\/th>\r\n<th class=\"hvagas\">Vagas<\/th>\r\n<th class=\"hremuneracao\">Remunera\u00e7\u00e3o<\/th>\r\n<\/tr>\r\n<\/thead>\r\n    <tbody>\r\n      <td class=\"ccargos\">\r\n<span data-balloon-length=\"medium\" aria-label=\"Ensino M\u00e9dio.\" data-balloon-pos=\"up\">Monitor de Creche<\/span><\/td>\r\n<td class=\"cvagas\">CR<\/td>\r\n<td class=\"cremuneracao\">R$ 1.518,00 \/40h<\/td>\r\n<\/tr><td class=\"ccargos\">\r\n<span data-balloon-length=\"medium\" aria-label=\"Portador de certificado de conclus\u00e3o do Ensino M\u00e9dio.\" data-balloon-pos=\"up\">Orientador Social<\/span><\/td>\r\n<td class=\"cvagas\">CR<\/td>\r\n<td class=\"cremuneracao\">R$ 952,02 \/20h<\/td>\r\n<\/tr><td class=\"ccargos\">\r\n<span data-balloon-length=\"medium\" aria-label=\"Habilita\u00e7\u00e3o para o exerc\u00edcio da profiss\u00e3o de T\u00e9cnico de Enfermagem, com registro no COREN.\" data-balloon-pos=\"up\">T\u00e9cnico de Enfermagem<\/span><\/td>\r\n<td class=\"cvagas\">CR<\/td>\r\n<td class=\"cremuneracao\">R$ 3.325,00 \/40h<\/td>\r\n<\/tr>\r\n    <\/tbody>\r\n  <\/table>\r\n<\/div>","_superior":"<div>\r\n<table class=\"quadro\">\r\n<thead>\r\n<tr>\r\n<th class=\"hcargo\">Cargo<\/th>\r\n<th class=\"hvagas\">Vagas<\/th>\r\n<th class=\"hremuneracao\">Remunera\u00e7\u00e3o<\/th>\r\n<\/tr>\r\n<\/thead>\r\n    <tbody>\r\n      <tr>\r\n<td class=\"ccargos\">\r\n<span data-balloon-length=\"medium\" aria-label=\"Conclus\u00e3o do Curso de Gradua\u00e7\u00e3o com Licenciatura Plena na \u00e1rea de atua\u00e7\u00e3o com Diploma devidamente registrado.\" data-balloon-pos=\"up\">Professor de Arte<\/span><\/td>\r\n<td class=\"cvagas\">CR<\/td>\r\n<td class=\"cremuneracao\">R$ 2.425,58 \/20h<\/td>\r\n<\/tr><tr>\r\n<td class=\"ccargos\">\r\n<span data-balloon-length=\"medium\" aria-label=\"Conclus\u00e3o do Curso de Gradua\u00e7\u00e3o com Licenciatura Plena na \u00e1rea de atua\u00e7\u00e3o com Diploma devidamente registrado.\" data-balloon-pos=\"up\">Professor de Ci\u00eancias<\/span><\/td>\r\n<td class=\"cvagas\">CR<\/td>\r\n<td class=\"cremuneracao\">R$ 2.425,58 \/20h<\/td>\r\n<\/tr><tr>\r\n<td class=\"ccargos\">\r\n<span data-balloon-length=\"medium\" aria-label=\"Conclus\u00e3o do Curso de Gradua\u00e7\u00e3o com Licenciatura Plena na \u00e1rea de atua\u00e7\u00e3o com Diploma devidamente registrado.\" data-balloon-pos=\"up\">Professor de Educa\u00e7\u00e3o F\u00edsica<\/span><\/td>\r\n<td class=\"cvagas\">CR<\/td>\r\n<td class=\"cremuneracao\">R$ 2.425,58 \/20h<\/td>\r\n<\/tr><tr>\r\n<td class=\"ccargos\">\r\n<span data-balloon-length=\"medium\" aria-label=\"Conclus\u00e3o do Curso de Gradua\u00e7\u00e3o com Licenciatura Plena na \u00e1rea de atua\u00e7\u00e3o com Diploma devidamente registrado.\" data-balloon-pos=\"up\">Professor de Educa\u00e7\u00e3o Infantil (40 horas)<\/span><\/td>\r\n<td class=\"cvagas\">CR<\/td>\r\n<td class=\"cremuneracao\">R$ 4.851,16 \/40h<\/td>\r\n<\/tr><tr>\r\n<td class=\"ccargos\">\r\n<span data-balloon-length=\"medium\" aria-label=\"Conclus\u00e3o do Curso de Gradua\u00e7\u00e3o com Licenciatura Plena na \u00e1rea de atua\u00e7\u00e3o com Diploma devidamente registrado.\" data-balloon-pos=\"up\">Professor de Educa\u00e7\u00e3o Infantil (20 horas)<\/span><\/td>\r\n<td class=\"cvagas\">CR<\/td>\r\n<td class=\"cremuneracao\">R$ 2.425,58 \/20h<\/td>\r\n<\/tr><tr>\r\n<td class=\"ccargos\">\r\n<span data-balloon-length=\"medium\" aria-label=\"Conclus\u00e3o do Curso de Gradua\u00e7\u00e3o com Licenciatura Plena na \u00e1rea de atua\u00e7\u00e3o com Diploma devidamente registrado.\" data-balloon-pos=\"up\">Professor de Ensino Fundamental 1\u00b0 ao 5\u00b0 ano<\/span><\/td>\r\n<td class=\"cvagas\">CR<\/td>\r\n<td class=\"cremuneracao\">R$ 2.425,58 \/20h<\/td>\r\n<\/tr><tr>\r\n<td class=\"ccargos\">\r\n<span data-balloon-length=\"medium\" aria-label=\"Conclus\u00e3o do Curso de Gradua\u00e7\u00e3o com Licenciatura Plena na \u00e1rea de atua\u00e7\u00e3o com Diploma devidamente registrado.\" data-balloon-pos=\"up\">Professor de Geografia<\/span><\/td>\r\n<td class=\"cvagas\">CR<\/td>\r\n<td class=\"cremuneracao\">R$ 2.425,58 \/20h<\/td>\r\n<\/tr><tr>\r\n<td class=\"ccargos\">\r\n<span data-balloon-length=\"medium\" aria-label=\"Conclus\u00e3o do Curso de Gradua\u00e7\u00e3o com Licenciatura Plena na \u00e1rea de atua\u00e7\u00e3o com Diploma devidamente registrado.\" data-balloon-pos=\"up\">Professor de Hist\u00f3ria<\/span><\/td>\r\n<td class=\"cvagas\">CR<\/td>\r\n<td class=\"cremuneracao\">R$ 2.425,58 \/20h<\/td>\r\n<\/tr><tr>\r\n<td class=\"ccargos\">\r\n<span data-balloon-length=\"medium\" aria-label=\"Conclus\u00e3o do Curso de Gradua\u00e7\u00e3o com Licenciatura Plena na \u00e1rea de atua\u00e7\u00e3o com Diploma devidamente registrado.\" data-balloon-pos=\"up\">Professor de L\u00edngua Estrangeira Espanhol<\/span><\/td>\r\n<td class=\"cvagas\">CR<\/td>\r\n<td class=\"cremuneracao\">R$ 2.425,58 \/20h<\/td>\r\n<\/tr><tr>\r\n<td class=\"ccargos\">\r\n<span data-balloon-length=\"medium\" aria-label=\"Conclus\u00e3o do Curso de Gradua\u00e7\u00e3o com Licenciatura Plena na \u00e1rea de atua\u00e7\u00e3o com Diploma devidamente registrado.\" data-balloon-pos=\"up\">Professor de L\u00edngua Estrangeira Ingl\u00eas<\/span><\/td>\r\n<td class=\"cvagas\">CR<\/td>\r\n<td class=\"cremuneracao\">R$ 2.425,58 \/20h<\/td>\r\n<\/tr><tr>\r\n<td class=\"ccargos\">\r\n<span data-balloon-length=\"medium\" aria-label=\"Conclus\u00e3o do Curso de Gradua\u00e7\u00e3o com Licenciatura Plena na \u00e1rea de atua\u00e7\u00e3o com Diploma devidamente registrado.\" data-balloon-pos=\"up\">Professor de Matem\u00e1tica<\/span><\/td>\r\n<td class=\"cvagas\">CR<\/td>\r\n<td class=\"cremuneracao\">R$ 2.425,58 \/20h<\/td>\r\n<\/tr><tr>\r\n<td class=\"ccargos\">\r\n<span data-balloon-length=\"medium\" aria-label=\"Conclus\u00e3o do Curso de Gradua\u00e7\u00e3o com Licenciatura Plena na \u00e1rea de atua\u00e7\u00e3o com Diploma devidamente registrado.\" data-balloon-pos=\"up\">Professor de Portugu\u00eas<\/span><\/td>\r\n<td class=\"cvagas\">CR<\/td>\r\n<td class=\"cremuneracao\">R$ 2.425,58 \/20h<\/td>\r\n<\/tr><tr>\r\n<td class=\"ccargos\">\r\n<span data-balloon-length=\"medium\" aria-label=\"Conclus\u00e3o do Curso de Gradua\u00e7\u00e3o com Licenciatura Plena na \u00e1rea de atua\u00e7\u00e3o com Diploma devidamente registrado.\" data-balloon-pos=\"up\">Segundo Professor<\/span><\/td>\r\n<td class=\"cvagas\">CR<\/td>\r\n<td class=\"cremuneracao\">R$ 2.425,58 \/20h<\/td>\r\n<\/tr><tr>\r\n<td class=\"ccargos\">\r\n<span data-balloon-length=\"medium\" aria-label=\"Cursando n\u00edvel superior na \u00e1rea espec\u00edfica.\" data-balloon-pos=\"up\">Professor de Arte<\/span><\/td>\r\n<td class=\"cvagas\">CR<\/td>\r\n<td class=\"cremuneracao\">R$ 1.940,46 \/20h<\/td>\r\n<\/tr><tr>\r\n<td class=\"ccargos\">\r\n<span data-balloon-length=\"medium\" aria-label=\"Cursando n\u00edvel superior na \u00e1rea espec\u00edfica.\" data-balloon-pos=\"up\">Professor de Ci\u00eancias<\/span><\/td>\r\n<td class=\"cvagas\">CR<\/td>\r\n<td class=\"cremuneracao\">R$ 1.940,46 \/20h<\/td>\r\n<\/tr><tr>\r\n<td class=\"ccargos\">\r\n<span data-balloon-length=\"medium\" aria-label=\"Cursando n\u00edvel superior na \u00e1rea espec\u00edfica.\" data-balloon-pos=\"up\">Professor de Educa\u00e7\u00e3o F\u00edsica<\/span><\/td>\r\n<td class=\"cvagas\">CR<\/td>\r\n<td class=\"cremuneracao\">R$ 1.940,46 \/20h<\/td>\r\n<\/tr><tr>\r\n<td class=\"ccargos\">\r\n<span data-balloon-length=\"medium\" aria-label=\"Cursando n\u00edvel superior na \u00e1rea espec\u00edfica.\" data-balloon-pos=\"up\">Professor de Educa\u00e7\u00e3o Infantil (40 horas)<\/span><\/td>\r\n<td class=\"cvagas\">CR<\/td>\r\n<td class=\"cremuneracao\">R$ 4.851,16 \/40h<\/td>\r\n<\/tr><tr>\r\n<td class=\"ccargos\">\r\n<span data-balloon-length=\"medium\" aria-label=\"Cursando n\u00edvel superior na \u00e1rea espec\u00edfica.\" data-balloon-pos=\"up\">Professor de Educa\u00e7\u00e3o Infantil (20 horas)<\/span><\/td>\r\n<td class=\"cvagas\">CR<\/td>\r\n<td class=\"cremuneracao\">R$ 1.940,46 \/20h<\/td>\r\n<\/tr><tr>\r\n<td class=\"ccargos\">\r\n<span data-balloon-length=\"medium\" aria-label=\"Cursando n\u00edvel superior na \u00e1rea espec\u00edfica.\" data-balloon-pos=\"up\">Professor de Ensino Fundamental 1\u00b0 ao 5\u00b0 ano<\/span><\/td>\r\n<td class=\"cvagas\">CR<\/td>\r\n<td class=\"cremuneracao\">R$ 1.940,46 \/20h<\/td>\r\n<\/tr><tr>\r\n<td class=\"ccargos\">\r\n<span data-balloon-length=\"medium\" aria-label=\"Cursando n\u00edvel superior na \u00e1rea espec\u00edfica.\" data-balloon-pos=\"up\">Professor de Geografia<\/span><\/td>\r\n<td class=\"cvagas\">CR<\/td>\r\n<td class=\"cremuneracao\">R$ 1.940,46 \/20h<\/td>\r\n<\/tr><tr>\r\n<td class=\"ccargos\">\r\n<span data-balloon-length=\"medium\" aria-label=\"Cursando n\u00edvel superior na \u00e1rea espec\u00edfica.\" data-balloon-pos=\"up\">Professor de Hist\u00f3ria<\/span><\/td>\r\n<td class=\"cvagas\">CR<\/td>\r\n<td class=\"cremuneracao\">R$ 1.940,46 \/20h<\/td>\r\n<\/tr><tr>\r\n<td class=\"ccargos\">\r\n<span data-balloon-length=\"medium\" aria-label=\"Cursando n\u00edvel superior na \u00e1rea espec\u00edfica.\" data-balloon-pos=\"up\">Professor de L\u00edngua Estrangeira Espanhol<\/span><\/td>\r\n<td class=\"cvagas\">CR<\/td>\r\n<td class=\"cremuneracao\">R$ 1.940,46 \/20h<\/td>\r\n<\/tr><tr>\r\n<td class=\"ccargos\">\r\n<span data-balloon-length=\"medium\" aria-label=\"Cursando n\u00edvel superior na \u00e1rea espec\u00edfica.\" data-balloon-pos=\"up\">Professor de L\u00edngua Estrangeira Ingl\u00eas<\/span><\/td>\r\n<td class=\"cvagas\">CR<\/td>\r\n<td class=\"cremuneracao\">R$ 1.940,46 \/20h<\/td>\r\n<\/tr><tr>\r\n<td class=\"ccargos\">\r\n<span data-balloon-length=\"medium\" aria-label=\"Cursando n\u00edvel superior na \u00e1rea espec\u00edfica.\" data-balloon-pos=\"up\">Professor de Matem\u00e1tica<\/span><\/td>\r\n<td class=\"cvagas\">CR<\/td>\r\n<td class=\"cremuneracao\">R$ 1.940,46 \/20h<\/td>\r\n<\/tr><tr>\r\n<td class=\"ccargos\">\r\n<span data-balloon-length=\"medium\" aria-label=\"Cursando n\u00edvel superior na \u00e1rea espec\u00edfica.\" data-balloon-pos=\"up\">Professor de Portugu\u00eas<\/span><\/td>\r\n<td class=\"cvagas\">CR<\/td>\r\n<td class=\"cremuneracao\">R$ 1.940,46 \/20h<\/td>\r\n<\/tr><tr>\r\n<td class=\"ccargos\">\r\n<span data-balloon-length=\"medium\" aria-label=\"Cursando n\u00edvel superior na \u00e1rea espec\u00edfica.\" data-balloon-pos=\"up\">Segundo Professor<\/span><\/td>\r\n<td class=\"cvagas\">CR<\/td>\r\n<td class=\"cremuneracao\">R$ 1.940,46 \/20h<\/td>\r\n<\/tr><tr>\r\n<td class=\"ccargos\">\r\n<span data-balloon-length=\"medium\" aria-label=\"Portador de diploma de gradua\u00e7\u00e3o em Direito, Contabilidade ou Administra\u00e7\u00e3o.\" data-balloon-pos=\"up\">Auditor de Tributos<\/span><\/td>\r\n<td class=\"cvagas\">CR<\/td>\r\n<td class=\"cremuneracao\">R$ 4.231,25 \/40h<\/td>\r\n<\/tr><tr>\r\n<td class=\"ccargos\">\r\n<span data-balloon-length=\"medium\" aria-label=\"Habilita\u00e7\u00e3o legal para o exerc\u00edcio da profiss\u00e3o de Enfermeiro com registro no COREN.\" data-balloon-pos=\"up\">Enfermeiro<\/span><\/td>\r\n<td class=\"cvagas\">CR<\/td>\r\n<td class=\"cremuneracao\">R$ 4.750,00 \/40h<\/td>\r\n<\/tr><tr>\r\n<td class=\"ccargos\">\r\n<span data-balloon-length=\"medium\" aria-label=\"Habilita\u00e7\u00e3o legal para o exerc\u00edcio da profiss\u00e3o de Fisioterapeuta com registro no CREFITO.\" data-balloon-pos=\"up\">Fisioterapeuta<\/span><\/td>\r\n<td class=\"cvagas\">CR<\/td>\r\n<td class=\"cremuneracao\">R$ 4.231,23 \/30h<\/td>\r\n<\/tr><tr>\r\n<td class=\"ccargos\">\r\n<span data-balloon-length=\"medium\" aria-label=\"Habilita\u00e7\u00e3o legal para o exerc\u00edcio da profiss\u00e3o de M\u00e9dico da Sa\u00fade da Fam\u00edlia, com registro no CRM.\" data-balloon-pos=\"up\">M\u00e9dico<\/span><\/td>\r\n<td class=\"cvagas\">CR<\/td>\r\n<td class=\"cremuneracao\">R$ 26.540,30 \/40h<\/td>\r\n<\/tr><tr>\r\n<td class=\"ccargos\">\r\n<span data-balloon-length=\"medium\" aria-label=\"Habilita\u00e7\u00e3o legal para o exerc\u00edcio da profiss\u00e3o de Nutricionista, com registro no CRN.\" data-balloon-pos=\"up\">Nutricionista<\/span><\/td>\r\n<td class=\"cvagas\">CR<\/td>\r\n<td class=\"cremuneracao\">R$ 2.115,63 \/20h<\/td>\r\n<\/tr><tr>\r\n<td class=\"ccargos\">\r\n<span data-balloon-length=\"medium\" aria-label=\"Habilita\u00e7\u00e3o legal para o exerc\u00edcio da profiss\u00e3o de Advogado, com registo na OAB.\" data-balloon-pos=\"up\">Procurador Municipal<\/span><\/td>\r\n<td class=\"cvagas\">CR<\/td>\r\n<td class=\"cremuneracao\">R$ 4.654,34 \/20h<\/td>\r\n<\/tr><tr>\r\n<td class=\"ccargos\">\r\n<span data-balloon-length=\"medium\" aria-label=\"Habilita\u00e7\u00e3o legal para o exerc\u00edcio da profiss\u00e3o de Psic\u00f3logo, com registro no CRP.\" data-balloon-pos=\"up\">Psic\u00f3logo<\/span><\/td>\r\n<td class=\"cvagas\">CR<\/td>\r\n<td class=\"cremuneracao\">R$ 2.115,62 \/20h<\/td>\r\n<\/tr>\r\n    <\/tbody>\r\n  <\/table>\r\n<\/div>"},"_links":{"self":[{"href":"https:\/\/www.agrobase.com.br\/concursos\/wp-json\/wp\/v2\/posts\/272146","targetHints":{"allow":["GET"]}}],"collection":[{"href":"https:\/\/www.agrobase.com.br\/concursos\/wp-json\/wp\/v2\/posts"}],"about":[{"href":"https:\/\/www.agrobase.com.br\/concursos\/wp-json\/wp\/v2\/types\/post"}],"author":[{"embeddable":true,"href":"https:\/\/www.agrobase.com.br\/concursos\/wp-json\/wp\/v2\/users\/7"}],"replies":[{"embeddable":true,"href":"https:\/\/www.agrobase.com.br\/concursos\/wp-json\/wp\/v2\/comments?post=272146"}],"version-history":[{"count":2,"href":"https:\/\/www.agrobase.com.br\/concursos\/wp-json\/wp\/v2\/posts\/272146\/revisions"}],"predecessor-version":[{"id":272150,"href":"https:\/\/www.agrobase.com.br\/concursos\/wp-json\/wp\/v2\/posts\/272146\/revisions\/272150"}],"wp:featuredmedia":[{"embeddable":true,"href":"https:\/\/www.agrobase.com.br\/concursos\/wp-json\/wp\/v2\/media\/272145"}],"wp:attachment":[{"href":"https:\/\/www.agrobase.com.br\/concursos\/wp-json\/wp\/v2\/media?parent=272146"}],"wp:term":[{"taxonomy":"category","embeddable":true,"href":"https:\/\/www.agrobase.com.br\/concursos\/wp-json\/wp\/v2\/categories?post=272146"},{"taxonomy":"post_tag","embeddable":true,"href":"https:\/\/www.agrobase.com.br\/concursos\/wp-json\/wp\/v2\/tags?post=272146"},{"taxonomy":"_amplo","embeddable":true,"href":"https:\/\/www.agrobase.com.br\/concursos\/wp-json\/wp\/v2\/_amplo?post=272146"},{"taxonomy":"destaque","embeddable":true,"href":"https:\/\/www.agrobase.com.br\/concursos\/wp-json\/wp\/v2\/destaque?post=272146"},{"taxonomy":"instituicoes","embeddable":true,"href":"https:\/\/www.agrobase.com.br\/concursos\/wp-json\/wp\/v2\/instituicoes?post=272146"}],"curies":[{"name":"wp","href":"https:\/\/api.w.org\/{rel}","templated":true}]}}