{"id":272113,"date":"2025-10-06T07:50:29","date_gmt":"2025-10-06T10:50:29","guid":{"rendered":"https:\/\/www.agrobase.com.br\/concursos\/?p=272113"},"modified":"2025-10-03T12:31:21","modified_gmt":"2025-10-03T15:31:21","slug":"prefeitura-vila-rica-mt-selecao-simplificada-01-2025","status":"publish","type":"post","link":"https:\/\/www.agrobase.com.br\/concursos\/2025\/prefeitura-vila-rica-mt-selecao-simplificada-01-2025\/","title":{"rendered":"Prefeitura Vila Rica (MT) &#8211; Sele\u00e7\u00e3o Simplificada 01\/2025"},"content":{"rendered":"<h2>Informa\u00e7\u00f5es Gerais<\/h2>\n<p>A Prefeitura Municipal de Vila Rica, no estado de Mato Grosso, publicou o edital para seu Processo Seletivo Simplificado 01\/2025, organizado pela banca IMP\u00c9RIO Assessoria e Concursos. O certame tem como objetivo a forma\u00e7\u00e3o de cadastro de reserva para futuras contrata\u00e7\u00f5es tempor\u00e1rias sob o Regime Estatut\u00e1rio. As oportunidades abrangem os n\u00edveis de escolaridade fundamental, m\u00e9dio\/t\u00e9cnico e superior, com vagas em setores como educa\u00e7\u00e3o, sa\u00fade, assist\u00eancia social, fiscaliza\u00e7\u00e3o e transporte.<\/p>\n<p>Para os profissionais das \u00e1reas de ci\u00eancias agr\u00e1rias e biol\u00f3gicas, o edital destaca a oportunidade para o cargo de <strong>M\u00e9dico Veterin\u00e1rio<\/strong>. Este processo seletivo representa uma excelente chance para ingressar no servi\u00e7o p\u00fablico municipal e contribuir com o desenvolvimento da regi\u00e3o. Para entender como participar, confira os detalhes sobre inscri\u00e7\u00f5es, etapas e cronograma nas se\u00e7\u00f5es a seguir.<\/p>\n<h2>Inscri\u00e7\u00f5es<\/h2>\n<p>As inscri\u00e7\u00f5es para o Processo Seletivo de Vila Rica\/MT ser\u00e3o realizadas exclusivamente pela internet, atrav\u00e9s do site oficial da banca organizadora. O per\u00edodo para se inscrever ter\u00e1 in\u00edcio \u00e0s <strong>08h00 do dia 15 de outubro de 2025<\/strong> e se encerrar\u00e1 \u00e0s <strong>23h59 do dia 23 de outubro de 2025<\/strong>. Para confirmar a participa\u00e7\u00e3o, o candidato dever\u00e1 preencher o formul\u00e1rio eletr\u00f4nico, gerar e pagar o boleto banc\u00e1rio at\u00e9 a data de vencimento, estipulada para 24 de outubro de 2025.<\/p>\n<p>Os candidatos que desejarem solicitar a isen\u00e7\u00e3o da taxa de inscri\u00e7\u00e3o dever\u00e3o realizar o pedido nos dias 15 e 16 de outubro de 2025, seguindo os procedimentos e crit\u00e9rios detalhados no edital. Ap\u00f3s a inscri\u00e7\u00e3o, \u00e9 responsabilidade do candidato acompanhar o status de sua solicita\u00e7\u00e3o e a homologa\u00e7\u00e3o da inscri\u00e7\u00e3o atrav\u00e9s da \u201c\u00c1rea do Candidato\u201d no portal da IMP\u00c9RIO Assessoria e Concursos. \u00c9 fundamental a leitura completa do edital para conhecer todas as regras e requisitos.<\/p>\n<h2>Etapas e Provas<\/h2>\n<p>O processo de sele\u00e7\u00e3o dos candidatos ser\u00e1 realizado por meio de diferentes etapas, variando conforme o cargo pretendido. A estrutura de avalia\u00e7\u00e3o foi projetada para analisar as compet\u00eancias te\u00f3ricas e pr\u00e1ticas dos participantes. Confira as principais fases do certame:<\/p>\n<ul>\n<li><strong>Prova Escrita Objetiva:<\/strong> De car\u00e1ter eliminat\u00f3rio, ser\u00e1 aplicada para todos os cargos. A prova ser\u00e1 composta por quest\u00f5es de m\u00faltipla escolha e ter\u00e1 dura\u00e7\u00e3o m\u00e1xima de 3 horas. Para ser considerado classificado, o candidato dever\u00e1 obter, no m\u00ednimo, 30% da pontua\u00e7\u00e3o total.<\/li>\n<li><strong>Prova Escrita Dissertativa:<\/strong> De car\u00e1ter classificat\u00f3rio, esta etapa \u00e9 exclusiva para os cargos de Professor. Consistir\u00e1 na elabora\u00e7\u00e3o de uma reda\u00e7\u00e3o sobre um tema proposto, com pontua\u00e7\u00e3o de 0 a 10.<\/li>\n<li><strong>Prova de T\u00edtulos:<\/strong> Tamb\u00e9m de car\u00e1ter classificat\u00f3rio e exclusiva para os cargos de Professor. Os candidatos aprovados na prova objetiva poder\u00e3o submeter documentos que comprovem sua forma\u00e7\u00e3o acad\u00eamica e experi\u00eancia para obter pontua\u00e7\u00e3o adicional, limitada a 7,0 pontos.<\/li>\n<li><strong>Prova Pr\u00e1tica:<\/strong> De car\u00e1ter eliminat\u00f3rio, destinada aos candidatos aos cargos de Motorista de Ambul\u00e2ncia e Motorista Escolar. A avalia\u00e7\u00e3o consistir\u00e1 em um teste de condu\u00e7\u00e3o veicular, e ser\u00e1 necess\u00e1rio atingir ao menos 50 dos 100 pontos para ser aprovado.<\/li>\n<\/ul>\n<p>Para informa\u00e7\u00f5es detalhadas sobre o conte\u00fado program\u00e1tico, crit\u00e9rios de avalia\u00e7\u00e3o e o cronograma espec\u00edfico de cada etapa, \u00e9 indispens\u00e1vel a consulta ao edital completo.<\/p>\n<h2>Resultados e Gabarito<\/h2>\n<p>A divulga\u00e7\u00e3o dos resultados seguir\u00e1 um cronograma pr\u00e9-estabelecido, que pode ser consultado no Anexo II do edital. O gabarito preliminar da prova objetiva est\u00e1 previsto para ser publicado em <strong>10 de novembro de 2025<\/strong>, com per\u00edodo para recursos nos dias 11 e 12 de novembro. O resultado preliminar do certame ser\u00e1 divulgado em 24 de novembro, e o resultado final, ap\u00f3s a an\u00e1lise de todos os recursos, est\u00e1 previsto para <strong>28 de novembro de 2025<\/strong>.<\/p>\n<p>Em caso de empate na pontua\u00e7\u00e3o final, os crit\u00e9rios de desempate seguir\u00e3o a seguinte ordem: idade igual ou superior a 60 anos (com prefer\u00eancia ao mais idoso), maior nota em Conhecimentos Espec\u00edficos, maior nota em Conhecimentos Gerais e, por fim, maior idade. A homologa\u00e7\u00e3o do resultado final ser\u00e1 realizada pelo Prefeito Municipal. A convoca\u00e7\u00e3o dos aprovados ser\u00e1 publicada nos sites da banca organizadora e da prefeitura, al\u00e9m de ser comunicada por e-mail.<\/p>\n<p>Ressalta-se que o acompanhamento de todas as publica\u00e7\u00f5es oficiais, como editais de convoca\u00e7\u00e3o, resultados e comunicados, no site da banca organizadora e nos meios oficiais da Prefeitura de Vila Rica, \u00e9 de responsabilidade exclusiva do candidato.<\/p>\n","protected":false},"excerpt":{"rendered":"<p>Sel. Simplificada Pref. Vila Rica (MT) com edital publicado! Vagas p\/ Professor e T\u00e9cnico (Fund. a Sup.). Inscri\u00e7\u00f5es a partir de 15\/10. Confira detalhes!<\/p>\n","protected":false},"author":7,"featured_media":272112,"comment_status":"open","ping_status":"open","sticky":false,"template":"","format":"standard","meta":{"_acf_changed":false,"_breakdance_hide_in_design_set":false,"_breakdance_tags":"","footnotes":""},"categories":[6434,20,6871,22,25,26,101,108],"tags":[47],"_amplo":[],"destaque":[],"instituicoes":[],"class_list":["post-272113","post","type-post","status-publish","format-standard","has-post-thumbnail","hentry","category-educacao-fisica-licenciatura","category-letras","category-letras-ingles","category-veterinaria","category-pedagogia","category-psicologia","category-servico-social","category-tecnico-enfermagem","tag-mato-grosso"],"acf":{"_tipo_vagas":"vagas","_numero_vagas":"","_quadro_vagas":"","_cargos":"diversos","_cargos_especificos":"","_salario_max":"R$ 7562.89","_abertura":"20251015","_encerramento":"20251023","_inscricoes":"https:\/\/portal.imperioconcursos.com.br","_executora_concurso":"","_instituicao_concurso":[],"_link_adicional":null,"_anexos":null,"_produtos":null,"_vagas":"CR","_salario_min":"R$ 1518","_instituicao":"Prefeitura de Vila Rica","_edital":"https:\/\/www.agrobase.com.br\/concursos\/wp-content\/uploads\/sites\/4\/2025\/10\/edital-01-2025-da-prefeitura-de-vila-rica-mt.pdf","_anexos_edital":"https:\/\/www.agrobase.com.br\/concursos\/wp-content\/uploads\/sites\/4\/2025\/10\/anexos-edital-01-2025-da-prefeitura-de-vila-rica-mt.pdf","_fund_incompleto":"","_fund_completo":"<div>\r\n<table class=\"quadro\">\r\n<thead>\r\n<tr>\r\n<th class=\"hcargo\">Cargo<\/th>\r\n<th class=\"hvagas\">Vagas<\/th>\r\n<th class=\"hremuneracao\">Remunera\u00e7\u00e3o<\/th>\r\n<\/tr>\r\n<\/thead>\r\n    <tbody>\r\n      <td class=\"ccargos\">\r\n<span data-balloon-length=\"medium\" data-balloon-pos=\"up\">Motorista de Ambul\u00e2ncia<\/span><\/td>\r\n<td class=\"cvagas\">2<\/td>\r\n<td class=\"cremuneracao\">R$ 2.252,25 \/40h<\/td>\r\n<\/tr>\r\n    <\/tbody>\r\n  <\/table>\r\n<\/div>","_medio":"<div>\r\n<table class=\"quadro\">\r\n<thead>\r\n<tr>\r\n<th class=\"hcargo\">Cargo<\/th>\r\n<th class=\"hvagas\">Vagas<\/th>\r\n<th class=\"hremuneracao\">Remunera\u00e7\u00e3o<\/th>\r\n<\/tr>\r\n<\/thead>\r\n    <tbody>\r\n      <td class=\"ccargos\">\r\n<span data-balloon-length=\"medium\">Agente de Operacionais Social<\/span><\/td>\r\n<td class=\"cvagas\">1<\/td>\r\n<td class=\"cremuneracao\">R$ 1.900,00 \/40h<\/td>\r\n<\/tr><td class=\"ccargos\">\r\n<span data-balloon-length=\"medium\">Agente de Visita\u00e7\u00e3o Social<\/span><\/td>\r\n<td class=\"cvagas\">5<\/td>\r\n<td class=\"cremuneracao\">R$ 1.518,00 \/40h<\/td>\r\n<\/tr><td class=\"ccargos\">\r\n<span data-balloon-length=\"medium\" aria-label=\"Ensino M\u00e9dio Completo, Carteira Nacional de Habilita\u00e7\u00e3o (CNH) na\" data-balloon-pos=\"up\">Auxiliar de inspe\u00e7\u00e3o Sanit\u00e1ria<\/span><\/td>\r\n<td class=\"cvagas\">1<\/td>\r\n<td class=\"cremuneracao\">R$ 1.963,51 \/40h<\/td>\r\n<\/tr><td class=\"ccargos\">\r\n<span data-balloon-length=\"medium\" data-balloon-pos=\"up\">Fiscal Sanit\u00e1rio<\/span><\/td>\r\n<td class=\"cvagas\">2<\/td>\r\n<td class=\"cremuneracao\">R$ 1.591,42 \/40h<\/td>\r\n<\/tr><td class=\"ccargos\">\r\n<span data-balloon-length=\"medium\" data-balloon-pos=\"up\">Motorista Escolar - Escolas do Campo (E.M. Nova Lisboa P.A. Vila da Paz; E.M. Domingos Pereira de \u00c1vila P.A. Paraiso do Rio Preto; E.M. Proc\u00f3pio Faria P.A. Caxang\u00e1; E.M. Nossa Senhora Aparecida P.A. Beleza I; E.M. Rui Ramos P.A. Ip\u00ea; E.M. Sagrado Cora\u00e7\u00e3o de Jesus P.A Santo Ant\u00f4nio; E.M. Santaninha P.A. Alvorada<\/span><\/td>\r\n<td class=\"cvagas\">12<\/td>\r\n<td class=\"cremuneracao\">R$ 2.306,41 \/40h<\/td>\r\n<\/tr><td class=\"ccargos\">\r\n<span data-balloon-length=\"medium\" aria-label=\"Curso T\u00e9cnico de Enfermagem e Registro no respectivo Conselho.\" data-balloon-pos=\"up\">T\u00e9cnico de Enfermagem<\/span><\/td>\r\n<td class=\"cvagas\">15<\/td>\r\n<td class=\"cremuneracao\">R$ 2.230,99 \/40h<\/td>\r\n<\/tr>\r\n    <\/tbody>\r\n  <\/table>\r\n<\/div>","_superior":"<div>\r\n<table class=\"quadro\">\r\n<thead>\r\n<tr>\r\n<th class=\"hcargo\">Cargo<\/th>\r\n<th class=\"hvagas\">Vagas<\/th>\r\n<th class=\"hremuneracao\">Remunera\u00e7\u00e3o<\/th>\r\n<\/tr>\r\n<\/thead>\r\n    <tbody>\r\n      <tr>\r\n<td class=\"ccargos\">\r\n<span data-balloon-length=\"medium\" aria-label=\"Diploma de gradua\u00e7\u00e3o em servi\u00e7o Social, Registro no Conselho Regional de Servi\u00e7o Social (CRESS). Carteira Nacional de Habilita\u00e7\u00e3o (CNH) na \u201ccategoria A e B\" data-balloon-pos=\"up\">Assistente Social<\/span><\/td>\r\n<td class=\"cvagas\">1<\/td>\r\n<td class=\"cremuneracao\">R$ 7.562,89 \/30h<\/td>\r\n<\/tr><tr>\r\n<td class=\"ccargos\">\r\n<span data-balloon-length=\"medium\" data-balloon-pos=\"up\">M\u00e9dico Veterin\u00e1rio<\/span><\/td>\r\n<td class=\"cvagas\">1<\/td>\r\n<td class=\"cremuneracao\">R$ 3.739,56 \/20h<\/td>\r\n<\/tr><tr>\r\n<td class=\"ccargos\">\r\n<span data-balloon-length=\"medium\" aria-label=\"Curso Superior de Licenciatura Plena em Pedagogia.\" data-balloon-pos=\"up\">Professor I a IV - EMEF Nova Lisboa\/Projeto Vila da Paz<\/span><\/td>\r\n<td class=\"cvagas\">1<\/td>\r\n<td class=\"cremuneracao\">R$ 4.083,97 \/30h<\/td>\r\n<\/tr><tr>\r\n<td class=\"ccargos\">\r\n<span data-balloon-length=\"medium\" aria-label=\"Curso Superior de Licenciatura Plena em Qualquer Licenciatura.\" data-balloon-pos=\"up\">Professor V a VIII \u2013 EMEF Nova Lisboa\/Projeto Vila da Paz<\/span><\/td>\r\n<td class=\"cvagas\">1<\/td>\r\n<td class=\"cremuneracao\">R$ 4.083,97 \/30h<\/td>\r\n<\/tr><tr>\r\n<td class=\"ccargos\">\r\n<span data-balloon-length=\"medium\" aria-label=\"Curso Superior de Licenciatura Plena em Pedagogia.\" data-balloon-pos=\"up\">Professor I a IV EMEF Domingos Pereira de \u00c1vila\/Projeto Para\u00edso Rio Preto<\/span><\/td>\r\n<td class=\"cvagas\">6<\/td>\r\n<td class=\"cremuneracao\">R$ 4.083,97 \/30h<\/td>\r\n<\/tr><tr>\r\n<td class=\"ccargos\">\r\n<span data-balloon-length=\"medium\" aria-label=\"Curso Superior de Licenciatura Plena em Qualquer Licenciatura.\" data-balloon-pos=\"up\">Professor V a VIII EMEF Domingos Pereira de \u00c1vila\/Projeto Para\u00edso Rio Preto<\/span><\/td>\r\n<td class=\"cvagas\">2<\/td>\r\n<td class=\"cremuneracao\">R$ 4.083,97 \/30h<\/td>\r\n<\/tr><tr>\r\n<td class=\"ccargos\">\r\n<span data-balloon-length=\"medium\" aria-label=\"Curso Superior de Licenciatura Plena em Pedagogia.\" data-balloon-pos=\"up\">Professor I a IV EMEF Proc\u00f3pio Faria\/Projeto Caxang\u00e1<\/span><\/td>\r\n<td class=\"cvagas\">3<\/td>\r\n<td class=\"cremuneracao\">R$ 4.083,97 \/30h<\/td>\r\n<\/tr><tr>\r\n<td class=\"ccargos\">\r\n<span data-balloon-length=\"medium\" aria-label=\"Curso Superior de Licenciatura Plena em Qualquer Licenciatura.\" data-balloon-pos=\"up\">Professor V a VIII EMEF Proc\u00f3pio Faria\/Projeto Caxang\u00e1<\/span><\/td>\r\n<td class=\"cvagas\">1<\/td>\r\n<td class=\"cremuneracao\">R$ 4.083,97 \/30h<\/td>\r\n<\/tr><tr>\r\n<td class=\"ccargos\">\r\n<span data-balloon-length=\"medium\" aria-label=\"Curso Superior de Licenciatura Plena em Pedagogia.\" data-balloon-pos=\"up\">Professor I a IV EMEF Nazar\u00e9\/PA S\u00e3o Jos\u00e9<\/span><\/td>\r\n<td class=\"cvagas\">1<\/td>\r\n<td class=\"cremuneracao\">R$ 4.083,97 \/30h<\/td>\r\n<\/tr><tr>\r\n<td class=\"ccargos\">\r\n<span data-balloon-length=\"medium\" aria-label=\"Curso Superior de Licenciatura Plena em Qualquer Licenciatura.\" data-balloon-pos=\"up\">Professor V a VIII EMEF Nazar\u00e9\/PA S\u00e3o Jos\u00e9<\/span><\/td>\r\n<td class=\"cvagas\">1<\/td>\r\n<td class=\"cremuneracao\">R$ 4.083,97 \/30h<\/td>\r\n<\/tr><tr>\r\n<td class=\"ccargos\">\r\n<span data-balloon-length=\"medium\" aria-label=\"Curso Superior de Licenciatura Plena em Pedagogia.\" data-balloon-pos=\"up\">Professor I a IV EMEF Santaninha\/PA Alvorada<\/span><\/td>\r\n<td class=\"cvagas\">1<\/td>\r\n<td class=\"cremuneracao\">R$ 4.083,97 \/30h<\/td>\r\n<\/tr><tr>\r\n<td class=\"ccargos\">\r\n<span data-balloon-length=\"medium\" aria-label=\"Curso Superior de Licenciatura Plena em Qualquer Licenciatura.\" data-balloon-pos=\"up\">Professor V a VIII EMEF Santaninha\/PA Alvorada<\/span><\/td>\r\n<td class=\"cvagas\">1<\/td>\r\n<td class=\"cremuneracao\">R$ 4.083,97 \/30h<\/td>\r\n<\/tr><tr>\r\n<td class=\"ccargos\">\r\n<span data-balloon-length=\"medium\" aria-label=\"Curso Superior de Licenciatura Plena em Pedagogia.\" data-balloon-pos=\"up\">Professor I a IV EMEF Sagrado Cora\u00e7\u00e3o de Jesus\/PA Santo Ant\u00f4nio do Beleza<\/span><\/td>\r\n<td class=\"cvagas\">3<\/td>\r\n<td class=\"cremuneracao\">R$ 4.083,97 \/30h<\/td>\r\n<\/tr><tr>\r\n<td class=\"ccargos\">\r\n<span data-balloon-length=\"medium\" aria-label=\"Curso Superior de Licenciatura Plena em Qualquer Licenciatura.\" data-balloon-pos=\"up\">Professor V a VIII EMEF Sagrado Cora\u00e7\u00e3o de Jesus\/PA Santo Ant\u00f4nio do Beleza<\/span><\/td>\r\n<td class=\"cvagas\">2<\/td>\r\n<td class=\"cremuneracao\">R$ 4.083,97 \/30h<\/td>\r\n<\/tr><tr>\r\n<td class=\"ccargos\">\r\n<span data-balloon-length=\"medium\" aria-label=\"Curso Superior de Licenciatura Plena em Educa\u00e7\u00e3o F\u00edsica e Registro no respectivo Conselho.\" data-balloon-pos=\"up\">Professor de Educa\u00e7\u00e3o F\u00edsica - Escolas Municipal Sagrado Cora\u00e7\u00e3o de Jesus P.A. Santo Ant\u00f4nio do Beleza e Escola Municipal Santaninha P.A. Alvorada<\/span><\/td>\r\n<td class=\"cvagas\">1<\/td>\r\n<td class=\"cremuneracao\">R$ 4.083,97 \/30h<\/td>\r\n<\/tr><tr>\r\n<td class=\"ccargos\">\r\n<span data-balloon-length=\"medium\" aria-label=\"Curso Superior de Licenciatura Plena em Pedagogia.\" data-balloon-pos=\"up\">Professor I a IV EMEF Nossa Senhora Aparecida I\/Projeto Beleza I<\/span><\/td>\r\n<td class=\"cvagas\">4<\/td>\r\n<td class=\"cremuneracao\">R$ 4.083,97 \/30h<\/td>\r\n<\/tr><tr>\r\n<td class=\"ccargos\">\r\n<span data-balloon-length=\"medium\" aria-label=\"Curso Superior de Licenciatura Plena em Qualquer Licenciatura.\" data-balloon-pos=\"up\">Professor V a VIII EMEF Nossa Senhora Aparecida I\/Projeto Beleza I<\/span><\/td>\r\n<td class=\"cvagas\">2<\/td>\r\n<td class=\"cremuneracao\">R$ 4.083,97 \/30h<\/td>\r\n<\/tr><tr>\r\n<td class=\"ccargos\">\r\n<span data-balloon-length=\"medium\" aria-label=\"Curso Superior de Licenciatura Plena em Pedagogia.\" data-balloon-pos=\"up\">Professor IaIV EMEF Rui Ramos\/PA Ip\u00ea<\/span><\/td>\r\n<td class=\"cvagas\">5<\/td>\r\n<td class=\"cremuneracao\">R$ 4.083,97 \/30h<\/td>\r\n<\/tr><tr>\r\n<td class=\"ccargos\">\r\n<span data-balloon-length=\"medium\" aria-label=\"Curso Superior de Licenciatura Plena em Qualquer Licenciatura.\" data-balloon-pos=\"up\">Professor V a VIII - EMEF Rui Ramos\/PA Ip\u00ea<\/span><\/td>\r\n<td class=\"cvagas\">2<\/td>\r\n<td class=\"cremuneracao\">R$ 4.083,97 \/30h<\/td>\r\n<\/tr><tr>\r\n<td class=\"ccargos\">\r\n<span data-balloon-length=\"medium\" aria-label=\"Curso Superior de Licenciatura Plena em Letras.\" data-balloon-pos=\"up\">Professor Licenciatura em Letras - EMEF Rui Ramos\/PA Ip\u00ea<\/span><\/td>\r\n<td class=\"cvagas\">1<\/td>\r\n<td class=\"cremuneracao\">R$ 4.083,97 \/30h<\/td>\r\n<\/tr><tr>\r\n<td class=\"ccargos\">\r\n<span data-balloon-length=\"medium\" aria-label=\"Curso Superior de Licenciatura Plena em Pedagogia.\" data-balloon-pos=\"up\">Professor Ia IV Escolas Municipais - Sede<\/span><\/td>\r\n<td class=\"cvagas\">53<\/td>\r\n<td class=\"cremuneracao\">R$ 4.083,97 \/30h<\/td>\r\n<\/tr><tr>\r\n<td class=\"ccargos\">\r\n<span data-balloon-length=\"medium\" aria-label=\"Curso Superior de Licenciatura Plena em Educa\u00e7\u00e3o F\u00edsica e Registro no respectivo Conselho.\" data-balloon-pos=\"up\">Professor Educa\u00e7\u00e3o F\u00edsica Escolas Municipais \u2013 Sede<\/span><\/td>\r\n<td class=\"cvagas\">1<\/td>\r\n<td class=\"cremuneracao\">R$ 4.083,97 \/30h<\/td>\r\n<\/tr><tr>\r\n<td class=\"ccargos\">\r\n<span data-balloon-length=\"medium\" aria-label=\"Curso Superior de Licenciatura Plena em Educa\u00e7\u00e3o F\u00edsica e Registro no respectivo Conselho.\" data-balloon-pos=\"up\">Professor de Educa\u00e7\u00e3o F\u00edsica Zona Rural Escolas E.M.<\/span><\/td>\r\n<td class=\"cvagas\">2<\/td>\r\n<td class=\"cremuneracao\">R$ 4.083,97 \/30h<\/td>\r\n<\/tr><tr>\r\n<td class=\"ccargos\">\r\n<span data-balloon-length=\"medium\" aria-label=\"Licenciatura \u00fanica em ingl\u00eas ou Curso Superior de Licenciatura Plena em Letras, com habilita\u00e7\u00e3o em Ingl\u00eas.\" data-balloon-pos=\"up\">Professor Ingl\u00eas Escolas Municipais da Zona Rural<\/span><\/td>\r\n<td class=\"cvagas\">1<\/td>\r\n<td class=\"cremuneracao\">R$ 4.083,97 \/30h<\/td>\r\n<\/tr><tr>\r\n<td class=\"ccargos\">\r\n<span data-balloon-length=\"medium\">Psic\u00f3logo<\/span><\/td>\r\n<td class=\"cvagas\">1<\/td>\r\n<td class=\"cremuneracao\">R$ 7.479,13 \/40h<\/td>\r\n<\/tr>\r\n    <\/tbody>\r\n  <\/table>\r\n<\/div>"},"_links":{"self":[{"href":"https:\/\/www.agrobase.com.br\/concursos\/wp-json\/wp\/v2\/posts\/272113","targetHints":{"allow":["GET"]}}],"collection":[{"href":"https:\/\/www.agrobase.com.br\/concursos\/wp-json\/wp\/v2\/posts"}],"about":[{"href":"https:\/\/www.agrobase.com.br\/concursos\/wp-json\/wp\/v2\/types\/post"}],"author":[{"embeddable":true,"href":"https:\/\/www.agrobase.com.br\/concursos\/wp-json\/wp\/v2\/users\/7"}],"replies":[{"embeddable":true,"href":"https:\/\/www.agrobase.com.br\/concursos\/wp-json\/wp\/v2\/comments?post=272113"}],"version-history":[{"count":3,"href":"https:\/\/www.agrobase.com.br\/concursos\/wp-json\/wp\/v2\/posts\/272113\/revisions"}],"predecessor-version":[{"id":272125,"href":"https:\/\/www.agrobase.com.br\/concursos\/wp-json\/wp\/v2\/posts\/272113\/revisions\/272125"}],"wp:featuredmedia":[{"embeddable":true,"href":"https:\/\/www.agrobase.com.br\/concursos\/wp-json\/wp\/v2\/media\/272112"}],"wp:attachment":[{"href":"https:\/\/www.agrobase.com.br\/concursos\/wp-json\/wp\/v2\/media?parent=272113"}],"wp:term":[{"taxonomy":"category","embeddable":true,"href":"https:\/\/www.agrobase.com.br\/concursos\/wp-json\/wp\/v2\/categories?post=272113"},{"taxonomy":"post_tag","embeddable":true,"href":"https:\/\/www.agrobase.com.br\/concursos\/wp-json\/wp\/v2\/tags?post=272113"},{"taxonomy":"_amplo","embeddable":true,"href":"https:\/\/www.agrobase.com.br\/concursos\/wp-json\/wp\/v2\/_amplo?post=272113"},{"taxonomy":"destaque","embeddable":true,"href":"https:\/\/www.agrobase.com.br\/concursos\/wp-json\/wp\/v2\/destaque?post=272113"},{"taxonomy":"instituicoes","embeddable":true,"href":"https:\/\/www.agrobase.com.br\/concursos\/wp-json\/wp\/v2\/instituicoes?post=272113"}],"curies":[{"name":"wp","href":"https:\/\/api.w.org\/{rel}","templated":true}]}}