{"id":272059,"date":"2025-10-03T08:20:08","date_gmt":"2025-10-03T11:20:08","guid":{"rendered":"https:\/\/www.agrobase.com.br\/concursos\/?p=272059"},"modified":"2025-10-02T15:04:22","modified_gmt":"2025-10-02T18:04:22","slug":"prefeitura-lages-sc-selecao-publica-06-2025","status":"publish","type":"post","link":"https:\/\/www.agrobase.com.br\/concursos\/2025\/prefeitura-lages-sc-selecao-publica-06-2025\/","title":{"rendered":"Prefeitura Lages (SC) &#8211; Sele\u00e7\u00e3o P\u00fablica 06\/2025"},"content":{"rendered":"<h2>Informa\u00e7\u00f5es Gerais<\/h2>\n<p>A Prefeitura Municipal de Lages, em Santa Catarina, por meio da Secretaria da Administra\u00e7\u00e3o, publicou o edital para seu novo Processo Seletivo. Organizado pelo Instituto Brasileiro de Administra\u00e7\u00e3o Municipal (IBAM), o certame visa o preenchimento de vagas tempor\u00e1rias e a forma\u00e7\u00e3o de cadastro de reserva para o quadro de pessoal da Secretaria Municipal de Educa\u00e7\u00e3o.<\/p>\n<p>Com o edital j\u00e1 divulgado, a sele\u00e7\u00e3o oferece oportunidades para candidatos de n\u00edveis m\u00e9dio, superior e superior incompleto, abrangendo diversas \u00e1reas da educa\u00e7\u00e3o. As contrata\u00e7\u00f5es ser\u00e3o tempor\u00e1rias, regidas pela Lei Complementar N\u00b0 497\/2017 e pelo Decreto N\u00b0 16.947\/2017. A validade do processo seletivo ser\u00e1 de 24 meses, com possibilidade de prorroga\u00e7\u00e3o por igual per\u00edodo.<\/p>\n<p>Entre as oportunidades, destacam-se vagas para Professores em diversas especialidades, como Educa\u00e7\u00e3o Infantil, Anos Iniciais, Educa\u00e7\u00e3o Especial e Ensino M\u00e9dio. <strong>Para profissionais da \u00e1rea de Biologia, h\u00e1 vagas para Professor de Ci\u00eancias, Professor de Educa\u00e7\u00e3o para a Sustentabilidade e Professor de Biologia no Ensino M\u00e9dio.<\/strong> Al\u00e9m disso, h\u00e1 cargos de n\u00edvel m\u00e9dio, como Assistente T\u00e9cnico Educacional e Monitor de Transporte Escolar.<\/p>\n<p>Para saber mais sobre como se inscrever, quais s\u00e3o as etapas da sele\u00e7\u00e3o e como acompanhar os resultados, continue a leitura desta p\u00e1gina.<\/p>\n<h2>Inscri\u00e7\u00f5es<\/h2>\n<p>As inscri\u00e7\u00f5es para o Processo Seletivo da Prefeitura de Lages\/SC estar\u00e3o abertas e dever\u00e3o ser realizadas exclusivamente pela internet. O per\u00edodo para se inscrever ser\u00e1 <strong>de 29 de setembro de 2025, a partir das 06h, at\u00e9 as 18h do dia 27 de outubro de 2025<\/strong>.<\/p>\n<p>Para efetivar a participa\u00e7\u00e3o, os candidatos devem seguir estes passos:<\/p>\n<ul>\n<li>Acessar o site da banca organizadora, IBAM, no endere\u00e7o <em>www.ibam-concursos.org.br<\/em>.<\/li>\n<li>Preencher a ficha de inscri\u00e7\u00e3o online e seguir os procedimentos indicados.<\/li>\n<li>Gerar e pagar o boleto banc\u00e1rio referente \u00e0 taxa de inscri\u00e7\u00e3o.<\/li>\n<\/ul>\n<p>Os valores das taxas s\u00e3o:<\/p>\n<ul>\n<li><strong>R$ 120,00<\/strong> para fun\u00e7\u00f5es de N\u00edvel Superior.<\/li>\n<li><strong>R$ 110,00<\/strong> para fun\u00e7\u00f5es de N\u00edvel M\u00e9dio e Superior Incompleto.<\/li>\n<\/ul>\n<p>O pagamento do boleto deve ser realizado em esp\u00e9cie ou via internet banking at\u00e9 a data de vencimento. N\u00e3o ser\u00e3o aceitos pagamentos por cheque ou agendamento banc\u00e1rio. A confirma\u00e7\u00e3o da inscri\u00e7\u00e3o estar\u00e1 dispon\u00edvel na &#8220;\u00c1rea do Candidato&#8221; no site do IBAM, ap\u00f3s a confirma\u00e7\u00e3o do pagamento pela institui\u00e7\u00e3o banc\u00e1ria.<\/p>\n<p>Candidatos que desejarem solicitar a isen\u00e7\u00e3o da taxa de inscri\u00e7\u00e3o dever\u00e3o realizar o pedido nos dias <strong>09 e 10 de outubro de 2025<\/strong>, conforme as regras detalhadas no edital. \u00c9 fundamental ler o edital completo para conhecer todos os crit\u00e9rios e procedimentos para a inscri\u00e7\u00e3o e solicita\u00e7\u00e3o de isen\u00e7\u00e3o.<\/p>\n<h2>Etapas e Provas<\/h2>\n<p>O Processo Seletivo da Prefeitura de Lages ser\u00e1 composto por duas etapas principais, com car\u00e1ter classificat\u00f3rio, destinadas a avaliar os conhecimentos e a qualifica\u00e7\u00e3o dos candidatos. A estrutura da sele\u00e7\u00e3o \u00e9 a seguinte:<\/p>\n<ul>\n<li><strong>Prova Escrita Objetiva:<\/strong> de car\u00e1ter classificat\u00f3rio, aplicada a <em>todos os cargos<\/em>.<\/li>\n<li><strong>Prova de T\u00edtulos:<\/strong> de car\u00e1ter classificat\u00f3rio, exclusiva para os cargos de <em>Professor<\/em>.<\/li>\n<\/ul>\n<p>A <strong>Prova Escrita Objetiva<\/strong> est\u00e1 marcada para o dia <strong>23 de novembro de 2025<\/strong>, com dura\u00e7\u00e3o de 2 horas e 30 minutos. A avalia\u00e7\u00e3o ser\u00e1 composta por quest\u00f5es de m\u00faltipla escolha, distribu\u00eddas entre as disciplinas de L\u00edngua Portuguesa, Conhecimentos Gerais e Conhecimentos Espec\u00edficos da \u00e1rea de atua\u00e7\u00e3o. A pontua\u00e7\u00e3o m\u00e1xima nesta etapa \u00e9 de 200 pontos. Os locais e hor\u00e1rios espec\u00edficos ser\u00e3o divulgados a partir de 13 de novembro de 2025 no site da banca.<\/p>\n<p>A <strong>Prova de T\u00edtulos<\/strong> \u00e9 uma etapa classificat\u00f3ria destinada apenas aos candidatos aos cargos de Professor. A pontua\u00e7\u00e3o m\u00e1xima \u00e9 de 100 pontos, e a n\u00e3o apresenta\u00e7\u00e3o de t\u00edtulos n\u00e3o desclassifica o candidato. Os documentos dever\u00e3o ser enviados digitalmente, via site do IBAM, entre os dias <strong>28 e 30 de outubro de 2025<\/strong>. Ser\u00e3o avaliados os seguintes t\u00edtulos:<\/p>\n<ul>\n<li>Doutorado na \u00e1rea de atua\u00e7\u00e3o (at\u00e9 30 pontos).<\/li>\n<li>Mestrado na \u00e1rea de atua\u00e7\u00e3o (at\u00e9 20 pontos).<\/li>\n<li>Especializa\u00e7\u00e3o (lato sensu) com no m\u00ednimo 360h (at\u00e9 15 pontos).<\/li>\n<li>Certificado de Magist\u00e9rio (5 pontos).<\/li>\n<li>Cursos de forma\u00e7\u00e3o continuada na \u00e1rea da educa\u00e7\u00e3o, com no m\u00ednimo 20h cada, realizados entre 2021 e 2025 (at\u00e9 30 pontos).<\/li>\n<\/ul>\n<p>A pontua\u00e7\u00e3o final do candidato ser\u00e1 a soma dos pontos obtidos na prova objetiva e na prova de t\u00edtulos (quando aplic\u00e1vel), podendo chegar a um total de 300 pontos. Para informa\u00e7\u00f5es detalhadas sobre o conte\u00fado program\u00e1tico, os crit\u00e9rios de avalia\u00e7\u00e3o e o cronograma completo, \u00e9 indispens\u00e1vel a leitura atenta do edital.<\/p>\n<h2>Resultados e Gabarito<\/h2>\n<p>O acompanhamento dos resultados do Processo Seletivo de Lages\/SC \u00e9 uma etapa crucial e de responsabilidade do candidato. As publica\u00e7\u00f5es ocorrer\u00e3o no site da banca organizadora, o IBAM (<em>www.ibam-concursos.org.br<\/em>), e as datas previstas no cronograma s\u00e3o as seguintes:<\/p>\n<ul>\n<li><strong>Divulga\u00e7\u00e3o do Gabarito Preliminar:<\/strong> 24 de novembro de 2025.<\/li>\n<li><strong>Recursos contra quest\u00f5es e gabarito:<\/strong> 25 e 26 de novembro de 2025.<\/li>\n<li><strong>Divulga\u00e7\u00e3o do Gabarito Definitivo e Classifica\u00e7\u00e3o Preliminar:<\/strong> 10 de dezembro de 2025.<\/li>\n<li><strong>Recursos contra a pontua\u00e7\u00e3o:<\/strong> 11 e 12 de dezembro de 2025.<\/li>\n<li><strong>Publica\u00e7\u00e3o da Classifica\u00e7\u00e3o Final:<\/strong> 22 de dezembro de 2025.<\/li>\n<\/ul>\n<p>Em caso de empate na pontua\u00e7\u00e3o final, ser\u00e3o aplicados os seguintes crit\u00e9rios de desempate, nesta ordem: 1\u00ba) maior pontua\u00e7\u00e3o em Conhecimentos Espec\u00edficos; 2\u00ba) maior pontua\u00e7\u00e3o em Conhecimentos Gerais; 3\u00ba) maior pontua\u00e7\u00e3o em L\u00edngua Portuguesa; e 4\u00ba) maior idade. Para candidatos com 60 anos ou mais, o crit\u00e9rio de maior idade ser\u00e1 o primeiro a ser aplicado.<\/p>\n<p>Ap\u00f3s a divulga\u00e7\u00e3o da classifica\u00e7\u00e3o final, o resultado ser\u00e1 homologado pela Prefeitura Municipal de Lages e publicado nos sites oficiais do munic\u00edpio (<em>www.lages.sc.gov.br<\/em> e <em>www.educacaolages.sc.gov.br<\/em>) e no Di\u00e1rio Oficial dos Munic\u00edpios de Santa Catarina. A convoca\u00e7\u00e3o dos aprovados seguir\u00e1 a ordem de classifica\u00e7\u00e3o e a necessidade da administra\u00e7\u00e3o, devendo ser acompanhada por esses mesmos canais.<\/p>\n<p>\u00c9 de responsabilidade exclusiva do candidato acompanhar todas as publica\u00e7\u00f5es oficiais, incluindo convoca\u00e7\u00f5es, retifica\u00e7\u00f5es e comunicados, tanto no site do IBAM quanto nos ve\u00edculos de comunica\u00e7\u00e3o oficiais do Munic\u00edpio de Lages.<\/p>\n","protected":false},"excerpt":{"rendered":"<p>Processo Seletivo Pref. Lages (SC) com edital publicado! Vagas p\/ Professores (Fund. a Sup.). Inscri\u00e7\u00f5es a partir de 29\/09. Sal\u00e1rios at\u00e9 R$ 3.9k. Confira detalhes!<\/p>\n","protected":false},"author":7,"featured_media":272058,"comment_status":"open","ping_status":"open","sticky":false,"template":"","format":"standard","meta":{"_acf_changed":false,"_breakdance_hide_in_design_set":false,"_breakdance_tags":"","footnotes":""},"categories":[6433,126,121,11,6434,112,6436,111,100,20,6871,116,119,25,6435,118],"tags":[61],"_amplo":[],"destaque":[],"instituicoes":[],"class_list":["post-272059","post","type-post","status-publish","format-standard","has-post-thumbnail","hentry","category-biologia-licenciatura","category-ciencia-computacao","category-ciencias-sociais","category-educacao-fisica","category-educacao-fisica-licenciatura","category-filosofia","category-fisica-licenciatura","category-geografia","category-historia","category-letras","category-letras-ingles","category-matematica","category-musica","category-pedagogia","category-quimica-licenciatura","category-sociologia","tag-santa-catarina"],"acf":{"_tipo_vagas":"vagas","_numero_vagas":"","_quadro_vagas":"","_cargos":"diversos","_cargos_especificos":"","_salario_max":"R$ 3993.98","_abertura":"20250929","_encerramento":"20251027","_inscricoes":"https:\/\/www.ibam-concursos.org.br","_executora_concurso":"","_instituicao_concurso":[],"_link_adicional":null,"_anexos":null,"_produtos":null,"_vagas":"590 vagas + 20 CR","_salario_min":"R$ 998.51","_instituicao":"Prefeitura de Lages","_edital":"https:\/\/www.agrobase.com.br\/concursos\/wp-content\/uploads\/sites\/4\/2025\/10\/edital-06-2025-prefeitura-de-lages-sc.pdf","_anexos_edital":"https:\/\/www.agrobase.com.br\/concursos\/wp-content\/uploads\/sites\/4\/2025\/10\/anexos-edital-06-2025-prefeitura-de-lages-sc.pdf","_fund_incompleto":"","_fund_completo":"","_medio":"<div>\r\n<table class=\"quadro\">\r\n<thead>\r\n<tr>\r\n<th class=\"hcargo\">Cargo<\/th>\r\n\r\n\r\n<\/tr>\r\n<\/thead>\r\n    <tbody>\r\n      <td class=\"ccargos\">ASSISTENTE T\u00c9CNICO EDUCACIONAL<\/td>\r\n\r\n\r\n<\/tr><td class=\"ccargos\">MONITOR DE TRANSPORTE ESCOLAR<\/td>\r\n\r\n\r\n<\/tr>\r\n    <\/tbody>\r\n  <\/table>\r\n<\/div>","_superior":"<div>\r\n<table class=\"quadro\">\r\n<thead>\r\n<tr>\r\n<th class=\"hcargo\">Cargo<\/th>\r\n\r\n\r\n<\/tr>\r\n<\/thead>\r\n    <tbody>\r\n      <tr>\r\n<td class=\"ccargos\">PROFESSOR DE ANOS INICIAIS<\/td>\r\n\r\n\r\n<\/tr><tr>\r\n<td class=\"ccargos\">PROFESSOR DE EDUCA\u00c7\u00c3O ESPECIAL<\/td>\r\n\r\n\r\n<\/tr><tr>\r\n<td class=\"ccargos\">PROFESSOR DE EDUCA\u00c7\u00c3O ESPECIAL - MASCULINO<\/td>\r\n\r\n\r\n<\/tr><tr>\r\n<td class=\"ccargos\">PROFESSOR DE EDUCA\u00c7\u00c3O ESPECIAL - INT\u00c9RPRETE DE BRAILE<\/td>\r\n\r\n\r\n<\/tr><tr>\r\n<td class=\"ccargos\">PROFESSOR DE EDUCA\u00c7\u00c3O ESPECIAL \u2013 INT\u00c9RPRETE DE LIBRAS<\/td>\r\n\r\n\r\n<\/tr><tr>\r\n<td class=\"ccargos\">PROFESSOR DE ARTE<\/td>\r\n\r\n\r\n<\/tr><tr>\r\n<td class=\"ccargos\">PROFESSOR DE CI\u00caNCIAS<\/td>\r\n\r\n\r\n<\/tr><tr>\r\n<td class=\"ccargos\">PROFESSOR DE EDUCA\u00c7\u00c3O F\u00cdSICA<\/td>\r\n\r\n\r\n<\/tr><tr>\r\n<td class=\"ccargos\">PROFESSOR DE EDUCA\u00c7\u00c3O INFANTIL<\/td>\r\n\r\n\r\n<\/tr><tr>\r\n<td class=\"ccargos\">PROF. DE EDUCA\u00c7\u00c3O INFANTIL E ENSINO FUNDAMENTAL (1\u00b0 AO 5\u00b0) \u2013 EDUCA\u00c7\u00c3O DO CAMPO<\/td>\r\n\r\n\r\n<\/tr><tr>\r\n<td class=\"ccargos\">PROFESSOR DE EDUCA\u00c7\u00c3O PARA A SUSTENTABILIDADE<\/td>\r\n\r\n\r\n<\/tr><tr>\r\n<td class=\"ccargos\">PROFESSOR DE ENSINO RELIGIOSO<\/td>\r\n\r\n\r\n<\/tr><tr>\r\n<td class=\"ccargos\">PROFESSOR DE GEOGRAFIA<\/td>\r\n\r\n\r\n<\/tr><tr>\r\n<td class=\"ccargos\">PROFESSOR DE HIST\u00d3RIA<\/td>\r\n\r\n\r\n<\/tr><tr>\r\n<td class=\"ccargos\">PROFESSOR DE INGL\u00caS<\/td>\r\n\r\n\r\n<\/tr><tr>\r\n<td class=\"ccargos\">PROFESSOR DE L\u00cdNGUA PORTUGUESA<\/td>\r\n\r\n\r\n<\/tr><tr>\r\n<td class=\"ccargos\">PROFESSOR DE CONTA\u00c7\u00c3O DE HIST\u00d3RIAS E MUSICALIZA\u00c7\u00c3O<\/td>\r\n\r\n\r\n<\/tr><tr>\r\n<td class=\"ccargos\">PROFESSOR DE MATEM\u00c1TICA<\/td>\r\n\r\n\r\n<\/tr><tr>\r\n<td class=\"ccargos\">PROFESSOR DE ENSINO M\u00c9DIO - BIOLOGIA<\/td>\r\n\r\n\r\n<\/tr><tr>\r\n<td class=\"ccargos\">PROFESSOR DE ENSINO M\u00c9DIO - FILOSOFIA<\/td>\r\n\r\n\r\n<\/tr><tr>\r\n<td class=\"ccargos\">PROFESSOR DE ENSINO M\u00c9DIO - F\u00cdSICA<\/td>\r\n\r\n\r\n<\/tr><tr>\r\n<td class=\"ccargos\">PROFESSOR DE ENSINO M\u00c9DIO - QU\u00cdMICA<\/td>\r\n\r\n\r\n<\/tr><tr>\r\n<td class=\"ccargos\">PROFESSOR DE ENSINO M\u00c9DIO - SOCIOLOGIA<\/td>\r\n\r\n\r\n<\/tr><tr>\r\n<td class=\"ccargos\">PROFESSOR EJA \u2013 CI\u00caNCIAS HUMANAS E SOCIAIS APLICADAS<\/td>\r\n\r\n\r\n<\/tr><tr>\r\n<td class=\"ccargos\">PROFESSOR EJA \u2013 LINGUAGENS E SUAS TECNOLOGIAS<\/td>\r\n\r\n\r\n<\/tr><tr>\r\n<td class=\"ccargos\">PROFESSOR EJA \u2013 CI\u00caNCIAS DA NATUREZA E SUAS TECNOLOGIAS<\/td>\r\n\r\n\r\n<\/tr><tr>\r\n<td class=\"ccargos\">PROFESSOR INTERMEDI\u00c1RIO E DE CONVIV\u00caNCIA<\/td>\r\n\r\n\r\n<\/tr><tr>\r\n<td class=\"ccargos\">PROFESSOR DE PROJETOS PEDAG\u00d3GICOS<\/td>\r\n\r\n\r\n<\/tr><tr>\r\n<td class=\"ccargos\">PROFESSOR DE CONTRATURNO - PR\u00c1TICAS ESPORTIVAS: V\u00d4LEI, FUTSAL E HANDEBOL<\/td>\r\n\r\n\r\n<\/tr><tr>\r\n<td class=\"ccargos\">PROFESSOR DE CONTRATURNO PR\u00c1TICAS ART\u00cdSTICAS: DAN\u00c7A (BAL\u00c9, STREET DANCE E CENTRO TRADI\u00c7\u00d5ES GA\u00daCHAS)<\/td>\r\n\r\n\r\n<\/tr><tr>\r\n<td class=\"ccargos\">PROFESSOR DE CONTRATURNO PR\u00c1TICAS ART\u00cdSTICAS: TEATRO<\/td>\r\n\r\n\r\n<\/tr><tr>\r\n<td class=\"ccargos\">PROFESSOR DE CONTRATURNO - PR\u00c1TICAS ART\u00cdSTICAS: M\u00daSICA (FANFARRA; CORAL E MUSICALIZA\u00c7\u00c3O<\/td>\r\n\r\n\r\n<\/tr><tr>\r\n<td class=\"ccargos\">PROFESSOR DE CONTRATURNO PR\u00c1TICAS ART\u00cdSTICAS: ARTESANATO, DESENHO E PINTURA<\/td>\r\n\r\n\r\n<\/tr><tr>\r\n<td class=\"ccargos\">PROFESSOR DE CONTRATURNO PR\u00c1TICAS PEDAG\u00d3GICAS: JOGOS DE TABULEIRO<\/td>\r\n\r\n\r\n<\/tr><tr>\r\n<td class=\"ccargos\">PROFESSOR DE CONTRATURNO - PR\u00c1TICAS PEDAG\u00d3GICAS: OFICINAS L\u00daDICAS DE L\u00cdNGUA PORTUGUESA E INGLESA<\/td>\r\n\r\n\r\n<\/tr><tr>\r\n<td class=\"ccargos\">PROFESSOR DE CONTRATURNO PR\u00c1TICAS PEDAG\u00d3GICAS: OFICINAS L\u00daDICAS DE MATEM\u00c1TICA<\/td>\r\n\r\n\r\n<\/tr><tr>\r\n<td class=\"ccargos\">PROFESSOR DE CONTRATURNO - INFORM\u00c1TICA<\/td>\r\n\r\n\r\n<\/tr><tr>\r\n<td class=\"ccargos\">PROFESSOR DE ANOS INICIAIS (N\u00cdVEL SUPERIOR INCOMPLETO)<\/td>\r\n\r\n\r\n<\/tr><tr>\r\n<td class=\"ccargos\">PROFESSOR DE EDUCA\u00c7\u00c3O ESPECIAL (N\u00cdVEL SUPERIOR INCOMPLETO)<\/td>\r\n\r\n\r\n<\/tr><tr>\r\n<td class=\"ccargos\">PROFESSOR DE EDUCA\u00c7\u00c3O ESPECIAL - MASCULINO (N\u00cdVEL SUPERIOR INCOMPLETO)<\/td>\r\n\r\n\r\n<\/tr><tr>\r\n<td class=\"ccargos\">PROFESSOR DE EDUCA\u00c7\u00c3O ESPECIAL \u2013 INT\u00c9RPRETE DE BRAILE (N\u00cdVEL SUPERIOR INCOMPLETO)<\/td>\r\n\r\n\r\n<\/tr><tr>\r\n<td class=\"ccargos\">PROFESSOR DE EDUCA\u00c7\u00c3O ESPECIAL - INT\u00c9RPRETE DE LIBRAS (N\u00cdVEL SUPERIOR INCOMPLETO)<\/td>\r\n\r\n\r\n<\/tr><tr>\r\n<td class=\"ccargos\">PROFESSOR DE ARTE (N\u00cdVEL SUPERIOR INCOMPLETO)<\/td>\r\n\r\n\r\n<\/tr><tr>\r\n<td class=\"ccargos\">PROFESSOR DE CI\u00caNCIAS (N\u00cdVEL SUPERIOR INCOMPLETO)<\/td>\r\n\r\n\r\n<\/tr><tr>\r\n<td class=\"ccargos\">PROF. DE EDUCA\u00c7\u00c3O INFANTIL (N\u00cdVEL SUPERIOR INCOMPLETO)<\/td>\r\n\r\n\r\n<\/tr><tr>\r\n<td class=\"ccargos\">PROF. DE EDUCA\u00c7\u00c3O INFANTIL E ENSINO FUNDAMENTAL (1\u00b0 AO 5\u00b0) \u2013 EDUCA\u00c7\u00c3O DO CAMPO (N\u00cdVEL SUPERIOR INCOMPLETO)<\/td>\r\n\r\n\r\n<\/tr><tr>\r\n<td class=\"ccargos\">PROFESSOR DE EDUCA\u00c7\u00c3O PARA A SUSTENTABILIDADE (N\u00cdVEL SUPERIOR INCOMPLETO)<\/td>\r\n\r\n\r\n<\/tr><tr>\r\n<td class=\"ccargos\">PROFESSOR DE ENSINO RELIGIOSO (N\u00cdVEL SUPERIOR INCOMPLETO)<\/td>\r\n\r\n\r\n<\/tr><tr>\r\n<td class=\"ccargos\">PROFESSOR DE GEOGRAFIA (N\u00cdVEL SUPERIOR INCOMPLETO)<\/td>\r\n\r\n\r\n<\/tr><tr>\r\n<td class=\"ccargos\">PROFESSOR DE HIST\u00d3RIA (N\u00cdVEL SUPERIOR INCOMPLETO)<\/td>\r\n\r\n\r\n<\/tr><tr>\r\n<td class=\"ccargos\">PROFESSOR DE INGL\u00caS (N\u00cdVEL SUPERIOR INCOMPLETO)<\/td>\r\n\r\n\r\n<\/tr><tr>\r\n<td class=\"ccargos\">PROFESSOR DE L\u00cdNGUA PORTUGUESA (N\u00cdVEL SUPERIOR INCOMPLETO)<\/td>\r\n\r\n\r\n<\/tr><tr>\r\n<td class=\"ccargos\">PROFESSOR DE CONTA\u00c7\u00c3O DE HIST\u00d3RIA E MUSICALIZA\u00c7\u00c3O (N\u00cdVEL SUPERIOR INCOMPLETO)<\/td>\r\n\r\n\r\n<\/tr><tr>\r\n<td class=\"ccargos\">PROFESSOR DE MATEM\u00c1TICA (N\u00cdVEL SUPERIOR INCOMPLETO)<\/td>\r\n\r\n\r\n<\/tr><tr>\r\n<td class=\"ccargos\">PROFESSOR DE ENSINO M\u00c9DIO BIOLOGIA (N\u00cdVEL SUPERIOR INCOMPLETO)<\/td>\r\n\r\n\r\n<\/tr><tr>\r\n<td class=\"ccargos\">PROFESSOR DE ENSINO M\u00c9DIO FILOSOFIA (N\u00cdVEL SUPERIOR INCOMPLETO)<\/td>\r\n\r\n\r\n<\/tr><tr>\r\n<td class=\"ccargos\">PROFESSOR DE ENSINO M\u00c9DIO - F\u00cdSICA (N\u00cdVEL SUPERIOR INCOMPLETO)<\/td>\r\n\r\n\r\n<\/tr><tr>\r\n<td class=\"ccargos\">PROFESSOR DE ENSINO M\u00c9DIO - QU\u00cdMICA (N\u00cdVEL SUPERIOR INCOMPLETO)<\/td>\r\n\r\n\r\n<\/tr><tr>\r\n<td class=\"ccargos\">PROFESSOR DE ENSINO M\u00c9DIO SOCIOLOGIA (N\u00cdVEL SUPERIOR INCOMPLETO)<\/td>\r\n\r\n\r\n<\/tr><tr>\r\n<td class=\"ccargos\">PROFESSOR EJA \u2013 CI\u00caNCIAS HUMANAS E SOCIAIS APLICADAS (N\u00cdVEL SUPERIOR INCOMPLETO)<\/td>\r\n\r\n\r\n<\/tr><tr>\r\n<td class=\"ccargos\">PROFESSOR EJA \u2013 LINGUAGENS E SUAS TECNOLOGIAS (N\u00cdVEL SUPERIOR INCOMPLETO)<\/td>\r\n\r\n\r\n<\/tr><tr>\r\n<td class=\"ccargos\">PROFESSOR EJA \u2013 CI\u00caNCIAS DA NATUREZA E SUAS TECNOLOGIAS (N\u00cdVEL SUPERIOR INCOMPLETO)<\/td>\r\n\r\n\r\n<\/tr><tr>\r\n<td class=\"ccargos\">PROFESSOR INTERMEDI\u00c1RIO E DE CONVIV\u00caNCIA (N\u00cdVEL SUPERIOR INCOMPLETO)<\/td>\r\n\r\n\r\n<\/tr><tr>\r\n<td class=\"ccargos\">PROFESSOR DE PROJETOS PEDAG\u00d3GICOS (N\u00cdVEL SUPERIOR INCOMPLETO)<\/td>\r\n\r\n\r\n<\/tr><tr>\r\n<td class=\"ccargos\">PROFESSOR DE CONTRATURNO PR\u00c1TICAS ART\u00cdSTICAS: DAN\u00c7A (BAL\u00c9, STREET DANCE E CTG) (N\u00cdVEL SUPERIOR INCOMPLETO)<\/td>\r\n\r\n\r\n<\/tr><tr>\r\n<td class=\"ccargos\">PROFESSOR DE CONTRATURNO PR\u00c1TICAS ART\u00cdSTICAS: TEATRO (N\u00cdVEL SUPERIOR INCOMPLETO)<\/td>\r\n\r\n\r\n<\/tr><tr>\r\n<td class=\"ccargos\">PROFESSOR DE CONTRATURNO PR\u00c1TICAS ART\u00cdSTICAS: M\u00daSICA (CORAL, FANFAFARRA E MUSICALIZA\u00c7\u00c3O (N\u00cdVEL SUPERIOR INCOMPLETO)<\/td>\r\n\r\n\r\n<\/tr><tr>\r\n<td class=\"ccargos\">PROFESSOR DE CONTRATURNO PR\u00c1TICAS ART\u00cdSTICAS: ARTESANATO, DESENHO E PINTURA (N\u00cdVEL SUPERIOR INCOMPLETO)<\/td>\r\n\r\n\r\n<\/tr><tr>\r\n<td class=\"ccargos\">PROFESSOR DE CONTRATURNO PR\u00c1TICAS PEDAG\u00d3GICAS: JOGOS DE TABULEIRO (N\u00cdVEL SUPERIOR INCOMPLETO)<\/td>\r\n\r\n\r\n<\/tr><tr>\r\n<td class=\"ccargos\">PROFESSOR DE CONTRATURNO PR\u00c1TICAS PEDAG\u00d3GICAS: OFICINAS L\u00daDICAS DE L\u00cdNGUA PORTUGUESA E INGLESA (N\u00cdVEL SUPERIOR INCOMPLETO)<\/td>\r\n\r\n\r\n<\/tr><tr>\r\n<td class=\"ccargos\">PROFESSOR DE CONTRATURNO PR\u00c1TICAS PEDAG\u00d3GICAS: OFICINAS L\u00daDICAS DE MATEM\u00c1TICA (N\u00cdVEL SUPERIOR INCOMPLETO)<\/td>\r\n\r\n\r\n<\/tr><tr>\r\n<td class=\"ccargos\">PROFESSOR DE CONTRATURNO INFORM\u00c1TICA (N\u00cdVEL SUPERIOR INCOMPLETO)<\/td>\r\n\r\n\r\n<\/tr>\r\n    <\/tbody>\r\n  <\/table>\r\n<\/div>"},"_links":{"self":[{"href":"https:\/\/www.agrobase.com.br\/concursos\/wp-json\/wp\/v2\/posts\/272059","targetHints":{"allow":["GET"]}}],"collection":[{"href":"https:\/\/www.agrobase.com.br\/concursos\/wp-json\/wp\/v2\/posts"}],"about":[{"href":"https:\/\/www.agrobase.com.br\/concursos\/wp-json\/wp\/v2\/types\/post"}],"author":[{"embeddable":true,"href":"https:\/\/www.agrobase.com.br\/concursos\/wp-json\/wp\/v2\/users\/7"}],"replies":[{"embeddable":true,"href":"https:\/\/www.agrobase.com.br\/concursos\/wp-json\/wp\/v2\/comments?post=272059"}],"version-history":[{"count":2,"href":"https:\/\/www.agrobase.com.br\/concursos\/wp-json\/wp\/v2\/posts\/272059\/revisions"}],"predecessor-version":[{"id":272063,"href":"https:\/\/www.agrobase.com.br\/concursos\/wp-json\/wp\/v2\/posts\/272059\/revisions\/272063"}],"wp:featuredmedia":[{"embeddable":true,"href":"https:\/\/www.agrobase.com.br\/concursos\/wp-json\/wp\/v2\/media\/272058"}],"wp:attachment":[{"href":"https:\/\/www.agrobase.com.br\/concursos\/wp-json\/wp\/v2\/media?parent=272059"}],"wp:term":[{"taxonomy":"category","embeddable":true,"href":"https:\/\/www.agrobase.com.br\/concursos\/wp-json\/wp\/v2\/categories?post=272059"},{"taxonomy":"post_tag","embeddable":true,"href":"https:\/\/www.agrobase.com.br\/concursos\/wp-json\/wp\/v2\/tags?post=272059"},{"taxonomy":"_amplo","embeddable":true,"href":"https:\/\/www.agrobase.com.br\/concursos\/wp-json\/wp\/v2\/_amplo?post=272059"},{"taxonomy":"destaque","embeddable":true,"href":"https:\/\/www.agrobase.com.br\/concursos\/wp-json\/wp\/v2\/destaque?post=272059"},{"taxonomy":"instituicoes","embeddable":true,"href":"https:\/\/www.agrobase.com.br\/concursos\/wp-json\/wp\/v2\/instituicoes?post=272059"}],"curies":[{"name":"wp","href":"https:\/\/api.w.org\/{rel}","templated":true}]}}