{"id":272018,"date":"2025-10-03T07:10:38","date_gmt":"2025-10-03T10:10:38","guid":{"rendered":"https:\/\/www.agrobase.com.br\/concursos\/?p=272018"},"modified":"2025-10-02T10:59:25","modified_gmt":"2025-10-02T13:59:25","slug":"prefeitura-araci-ba-selecao-simplificada-01-2025","status":"publish","type":"post","link":"https:\/\/www.agrobase.com.br\/concursos\/2025\/prefeitura-araci-ba-selecao-simplificada-01-2025\/","title":{"rendered":"Prefeitura Araci (BA) &#8211; Sele\u00e7\u00e3o Simplificada 01\/2025"},"content":{"rendered":"<h2>Informa\u00e7\u00f5es Gerais<\/h2>\n<p>A Prefeitura Municipal de Araci, na Bahia, publicou o edital para seu Processo Seletivo Simplificado n\u00ba 001\/2025, organizado pelo Instituto de Desenvolvimento e Capacita\u00e7\u00e3o (IDCAP). O objetivo do certame \u00e9 a contrata\u00e7\u00e3o de pessoal por tempo determinado, sob o Regime Especial de Direito Administrativo (REDA), para atender a necessidades tempor\u00e1rias e excepcionais do munic\u00edpio.<\/p>\n<p>O processo seletivo oferece vagas para candidatos de n\u00edveis <strong>fundamental<\/strong>, <strong>m\u00e9dio\/t\u00e9cnico<\/strong> e <strong>superior<\/strong>, abrangendo diversas \u00e1reas de atua\u00e7\u00e3o, como educa\u00e7\u00e3o, sa\u00fade, assist\u00eancia social, engenharia, arquitetura, al\u00e9m de cargos operacionais e administrativos.<\/p>\n<p>Para os profissionais das \u00e1reas de ci\u00eancias agr\u00e1rias e biol\u00f3gicas, o edital traz oportunidades importantes, com vagas para <strong>Engenheiro Agr\u00f4nomo<\/strong>, <strong>Engenheiro Ambiental<\/strong>, <strong>M\u00e9dico Veterin\u00e1rio<\/strong> e <strong>Nutricionista<\/strong>. A sele\u00e7\u00e3o representa uma excelente chance para ingressar no servi\u00e7o p\u00fablico municipal e contribuir com o desenvolvimento local.<\/p>\n<p>Continue a leitura para obter informa\u00e7\u00f5es detalhadas sobre o per\u00edodo de inscri\u00e7\u00f5es, as etapas de avalia\u00e7\u00e3o e como acompanhar os resultados.<\/p>\n<h2>Inscri\u00e7\u00f5es<\/h2>\n<p>As inscri\u00e7\u00f5es para o Processo Seletivo da Prefeitura de Araci\/BA ser\u00e3o realizadas exclusivamente pela internet, atrav\u00e9s do site oficial da banca organizadora, o IDCAP. O per\u00edodo para se inscrever estar\u00e1 aberto de <strong>8 de outubro de 2025<\/strong> at\u00e9 o dia <strong>22 de outubro de 2025<\/strong>. \u00c9 fundamental que os candidatos n\u00e3o percam o prazo para garantir sua participa\u00e7\u00e3o.<\/p>\n<p>Os valores da taxa de inscri\u00e7\u00e3o variam de acordo com o n\u00edvel de escolaridade do cargo pretendido:<\/p>\n<ul>\n<li><strong>N\u00edvel Fundamental:<\/strong> R$ 80,00<\/li>\n<li><strong>N\u00edvel M\u00e9dio\/T\u00e9cnico:<\/strong> R$ 90,00<\/li>\n<li><strong>N\u00edvel Superior:<\/strong> R$ 110,00<\/li>\n<\/ul>\n<p>O pagamento deve ser efetuado por meio de boleto banc\u00e1rio, que ser\u00e1 gerado ao final do preenchimento do formul\u00e1rio de inscri\u00e7\u00e3o online. O edital prev\u00ea a possibilidade de solicitar a isen\u00e7\u00e3o da taxa, e os candidatos interessados devem consultar as regras e os prazos espec\u00edficos para o procedimento diretamente no documento oficial. Ap\u00f3s a confirma\u00e7\u00e3o do pagamento ou do deferimento da isen\u00e7\u00e3o, o comprovante de inscri\u00e7\u00e3o estar\u00e1 dispon\u00edvel na \u00e1rea restrita do candidato no site do IDCAP.<\/p>\n<p>\u00c9 de inteira responsabilidade do candidato acompanhar todas as etapas e o status de sua inscri\u00e7\u00e3o. Para evitar imprevistos, recomenda-se a leitura completa do edital antes de realizar a inscri\u00e7\u00e3o.<\/p>\n<h2>Etapas e Provas<\/h2>\n<p>A sele\u00e7\u00e3o dos candidatos no Processo Seletivo Simplificado da Prefeitura de Araci\/BA ser\u00e1 realizada por meio de uma etapa principal de avalia\u00e7\u00e3o, complementada por procedimentos de verifica\u00e7\u00e3o para os candidatos inscritos em vagas de a\u00e7\u00e3o afirmativa.<\/p>\n<p>As etapas do certame s\u00e3o as seguintes:<\/p>\n<ul>\n<li><strong>Prova de T\u00edtulos e Experi\u00eancia Profissional:<\/strong> De car\u00e1ter apenas <em>classificat\u00f3rio<\/em>, esta etapa ser\u00e1 aplicada a todos os cargos. A avalia\u00e7\u00e3o consistir\u00e1 na an\u00e1lise da documenta\u00e7\u00e3o comprobat\u00f3ria de forma\u00e7\u00e3o acad\u00eamica e experi\u00eancia profissional, que dever\u00e1 ser enviada eletronicamente pelo candidato atrav\u00e9s da plataforma do IDCAP, nos prazos definidos no cronograma. O candidato que n\u00e3o enviar a documenta\u00e7\u00e3o ou obtiver pontua\u00e7\u00e3o zero ser\u00e1 desclassificado do processo seletivo.<\/li>\n<li><strong>Procedimento de Heteroidentifica\u00e7\u00e3o:<\/strong> De car\u00e1ter <em>verificat\u00f3rio<\/em>, destinado aos candidatos que se autodeclararem negros (pretos ou pardos) no ato da inscri\u00e7\u00e3o. A etapa visa confirmar a veracidade da autodeclara\u00e7\u00e3o para concorrer \u00e0s vagas reservadas.<\/li>\n<li><strong>Per\u00edcia M\u00e9dica:<\/strong> De car\u00e1ter <em>verificat\u00f3rio<\/em>, esta fase \u00e9 exclusiva para os candidatos que se declararem Pessoas com Defici\u00eancia (PcD). A per\u00edcia avaliar\u00e1 a compatibilidade entre a defici\u00eancia declarada e as atribui\u00e7\u00f5es do cargo pretendido.<\/li>\n<\/ul>\n<p>Para obter informa\u00e7\u00f5es detalhadas sobre os crit\u00e9rios de pontua\u00e7\u00e3o dos t\u00edtulos, a documenta\u00e7\u00e3o exigida e o cronograma completo de cada fase, \u00e9 indispens\u00e1vel a consulta ao edital oficial do certame.<\/p>\n<h2>Resultados e Gabarito<\/h2>\n<p>A divulga\u00e7\u00e3o de todos os resultados do Processo Seletivo da Prefeitura de Araci\/BA ser\u00e1 centralizada no site da banca organizadora, o IDCAP. Os candidatos devem acompanhar as publica\u00e7\u00f5es para se manterem informados sobre o andamento do certame. O cronograma oficial, dispon\u00edvel no Anexo I do edital, detalha as datas previstas para cada divulga\u00e7\u00e3o.<\/p>\n<p>Ap\u00f3s a publica\u00e7\u00e3o dos resultados preliminares de cada etapa, como a an\u00e1lise de t\u00edtulos e o procedimento de heteroidentifica\u00e7\u00e3o, os candidatos ter\u00e3o um prazo para interpor recursos. As contesta\u00e7\u00f5es dever\u00e3o ser feitas exclusivamente pela internet, na \u00e1rea do candidato no site do IDCAP, e devem ser claras e bem fundamentadas.<\/p>\n<p>A classifica\u00e7\u00e3o final dos candidatos ser\u00e1 feita em ordem decrescente, com base na pontua\u00e7\u00e3o obtida na Prova de T\u00edtulos. O resultado final do processo seletivo ser\u00e1 homologado pela Prefeitura Municipal de Araci\/BA e publicado no Di\u00e1rio Oficial do Munic\u00edpio, momento a partir do qual o certame passa a ter validade.<\/p>\n<p>A convoca\u00e7\u00e3o dos aprovados obedecer\u00e1 rigorosamente \u00e0 ordem de classifica\u00e7\u00e3o. \u00c9 de responsabilidade exclusiva do candidato acompanhar todas as publica\u00e7\u00f5es oficiais no site do IDCAP e nos ve\u00edculos de comunica\u00e7\u00e3o da Prefeitura para n\u00e3o perder os prazos de convoca\u00e7\u00e3o.<\/p>\n","protected":false},"excerpt":{"rendered":"<p>Sel. Simplificada Pref. Araci (BA) com edital publicado! Vagas p\/ Motorista e Educador (Fund. a Sup.). Inscri\u00e7\u00f5es a partir de 08\/10. Sal\u00e1rios at\u00e9 R$ 5k. Confira!<\/p>\n","protected":false},"author":7,"featured_media":272017,"comment_status":"open","ping_status":"open","sticky":false,"template":"","format":"standard","meta":{"_acf_changed":false,"_breakdance_hide_in_design_set":false,"_breakdance_tags":"","footnotes":""},"categories":[4,5,7,11,6434,13,14,17,18,19,6871,116,21,22,23,24,25,26,101,30,130,161,157,134],"tags":[42],"_amplo":[],"destaque":[],"instituicoes":[],"class_list":["post-272018","post","type-post","status-publish","format-standard","has-post-thumbnail","hentry","category-agronomia","category-arquitetura","category-biomedicina","category-educacao-fisica","category-educacao-fisica-licenciatura","category-engenharia-ambiental","category-engenharia","category-farmacia","category-fisioterapia","category-fonoaudiologia","category-letras-ingles","category-matematica","category-medicina","category-veterinaria","category-nutricao","category-odontologia","category-pedagogia","category-psicologia","category-servico-social","category-tecnico-agropecuaria","category-tecnico-informatica","category-tecnico-laboratorio","category-tecnico-seguranca-trabalho","category-terapia-ocupacional","tag-bahia"],"acf":{"_tipo_vagas":"vagas","_numero_vagas":"","_quadro_vagas":"","_cargos":"diversos","_cargos_especificos":"","_salario_max":"R$ 5000","_abertura":"20251008","_encerramento":"20251022","_inscricoes":"https:\/\/www.idcap.org.br","_executora_concurso":"","_instituicao_concurso":[],"_link_adicional":null,"_anexos":null,"_produtos":null,"_vagas":"130 + CR","_salario_min":"R$ 1518","_instituicao":"Prefeitura de Araci","_edital":"https:\/\/www.agrobase.com.br\/concursos\/wp-content\/uploads\/sites\/4\/2025\/10\/edital-01-2025-prefeitura-de-araci-ba.pdf","_anexos_edital":"https:\/\/www.agrobase.com.br\/concursos\/wp-content\/uploads\/sites\/4\/2025\/10\/anexos-edital-01-2025-prefeitura-de-araci-ba.pdf","_fund_incompleto":"<div>\r\n<table class=\"quadro\">\r\n<thead>\r\n<tr>\r\n<th class=\"hcargo\">Cargo<\/th>\r\n<th class=\"hvagas\">Vagas<\/th>\r\n<th class=\"hremuneracao\">Remunera\u00e7\u00e3o<\/th>\r\n<\/tr>\r\n<\/thead>\r\n    <tbody>\r\n      <td class=\"ccargos\">\r\n<span data-balloon-length=\"medium\" aria-label=\"Ensino Fundamental incompleto\" data-balloon-pos=\"up\">Agente de Portaria - Porteiro<\/span><\/td>\r\n<td class=\"cvagas\">15 + CR<\/td>\r\n<td class=\"cremuneracao\">R$ 1.518,00 \/40h<\/td>\r\n<\/tr><td class=\"ccargos\">\r\n<span data-balloon-length=\"medium\" aria-label=\"Ensino Fundamental incompleto\" data-balloon-pos=\"up\">Agente de Portaria - Porteiro<\/span><\/td>\r\n<td class=\"cvagas\">01 + CR<\/td>\r\n<td class=\"cremuneracao\">R$ 1.518,00 \/40h<\/td>\r\n<\/tr><td class=\"ccargos\">\r\n<span data-balloon-length=\"medium\" aria-label=\"Ensino Fundamental incompleto\" data-balloon-pos=\"up\">Agente de Portaria - Porteiro<\/span><\/td>\r\n<td class=\"cvagas\">01 + CR<\/td>\r\n<td class=\"cremuneracao\">R$ 1.518,00 \/40h<\/td>\r\n<\/tr><td class=\"ccargos\">\r\n<span data-balloon-length=\"medium\" aria-label=\"Ensino Fundamental incompleto\" data-balloon-pos=\"up\">Agente de Portaria - Porteiro<\/span><\/td>\r\n<td class=\"cvagas\">01 + CR<\/td>\r\n<td class=\"cremuneracao\">R$ 1.518,00 \/40h<\/td>\r\n<\/tr><td class=\"ccargos\">\r\n<span data-balloon-length=\"medium\" aria-label=\"Ensino Fundamental incompleto\" data-balloon-pos=\"up\">Agente de Portaria - Porteiro<\/span><\/td>\r\n<td class=\"cvagas\">02 + CR<\/td>\r\n<td class=\"cremuneracao\">R$ 1.518,00 \/40h<\/td>\r\n<\/tr><td class=\"ccargos\">\r\n<span data-balloon-length=\"medium\" aria-label=\"Ensino Fundamental incompleto\" data-balloon-pos=\"up\">Agente de Portaria - Porteiro<\/span><\/td>\r\n<td class=\"cvagas\">01 + CR<\/td>\r\n<td class=\"cremuneracao\">R$ 1.518,00 \/40h<\/td>\r\n<\/tr><td class=\"ccargos\">\r\n<span data-balloon-length=\"medium\" aria-label=\"Ensino Fundamental incompleto\" data-balloon-pos=\"up\">Agente de Portaria - Porteiro<\/span><\/td>\r\n<td class=\"cvagas\">01 + CR<\/td>\r\n<td class=\"cremuneracao\">R$ 1.518,00 \/40h<\/td>\r\n<\/tr><td class=\"ccargos\">\r\n<span data-balloon-length=\"medium\" aria-label=\"Ensino Fundamental incompleto\" data-balloon-pos=\"up\">Agente de Portaria - Porteiro<\/span><\/td>\r\n<td class=\"cvagas\">01 + CR<\/td>\r\n<td class=\"cremuneracao\">R$ 1.518,00 \/40h<\/td>\r\n<\/tr><td class=\"ccargos\">\r\n<span data-balloon-length=\"medium\" aria-label=\"Ensino Fundamental incompleto\" data-balloon-pos=\"up\">Agente de Portaria - Porteiro<\/span><\/td>\r\n<td class=\"cvagas\">01 + CR<\/td>\r\n<td class=\"cremuneracao\">R$ 1.518,00 \/40h<\/td>\r\n<\/tr><td class=\"ccargos\">\r\n<span data-balloon-length=\"medium\" aria-label=\"Ensino Fundamental incompleto\" data-balloon-pos=\"up\">Agente de Portaria - Porteiro<\/span><\/td>\r\n<td class=\"cvagas\">01 + CR<\/td>\r\n<td class=\"cremuneracao\">R$ 1.518,00 \/40h<\/td>\r\n<\/tr><td class=\"ccargos\">\r\n<span data-balloon-length=\"medium\" aria-label=\"Ensino Fundamental incompleto\" data-balloon-pos=\"up\">Agente de Portaria - Porteiro<\/span><\/td>\r\n<td class=\"cvagas\">01 + CR<\/td>\r\n<td class=\"cremuneracao\">R$ 1.518,00 \/40h<\/td>\r\n<\/tr><td class=\"ccargos\">\r\n<span data-balloon-length=\"medium\" aria-label=\"Ensino Fundamental incompleto\" data-balloon-pos=\"up\">Agente de Portaria - Porteiro<\/span><\/td>\r\n<td class=\"cvagas\">01 + CR<\/td>\r\n<td class=\"cremuneracao\">R$ 1.518,00 \/40h<\/td>\r\n<\/tr><td class=\"ccargos\">\r\n<span data-balloon-length=\"medium\" aria-label=\"Ensino Fundamental incompleto\" data-balloon-pos=\"up\">Agente de Portaria - Porteiro<\/span><\/td>\r\n<td class=\"cvagas\">01 + CR<\/td>\r\n<td class=\"cremuneracao\">R$ 1.518,00 \/40h<\/td>\r\n<\/tr><td class=\"ccargos\">\r\n<span data-balloon-length=\"medium\" aria-label=\"Ensino Fundamental incompleto\" data-balloon-pos=\"up\">Agente de Portaria - Porteiro<\/span><\/td>\r\n<td class=\"cvagas\">01 + CR<\/td>\r\n<td class=\"cremuneracao\">R$ 1.518,00 \/40h<\/td>\r\n<\/tr><td class=\"ccargos\">\r\n<span data-balloon-length=\"medium\" aria-label=\"Ensino Fundamental incompleto. Experi\u00eancia comprovada na \u00e1rea.\" data-balloon-pos=\"up\">Ajudante de Pedreiro<\/span><\/td>\r\n<td class=\"cvagas\">02 + CR<\/td>\r\n<td class=\"cremuneracao\">R$ 1.518,00 \/40h<\/td>\r\n<\/tr><td class=\"ccargos\">\r\n<span data-balloon-length=\"medium\" aria-label=\"Ensino Fundamental incompleto\" data-balloon-pos=\"up\">Auxiliar de Copa e Cozinha<\/span><\/td>\r\n<td class=\"cvagas\">04 + CR<\/td>\r\n<td class=\"cremuneracao\">R$ 1.518,00 \/40h<\/td>\r\n<\/tr><td class=\"ccargos\">\r\n<span data-balloon-length=\"medium\" aria-label=\"Ensino Fundamental incompleto\" data-balloon-pos=\"up\">Auxiliar de Servi\u00e7os Gerais<\/span><\/td>\r\n<td class=\"cvagas\">15 + CR<\/td>\r\n<td class=\"cremuneracao\">R$ 1.518,00 \/40h<\/td>\r\n<\/tr><td class=\"ccargos\">\r\n<span data-balloon-length=\"medium\" aria-label=\"Ensino Fundamental incompleto\" data-balloon-pos=\"up\">Auxiliar de Servi\u00e7os Gerais<\/span><\/td>\r\n<td class=\"cvagas\">03 + CR<\/td>\r\n<td class=\"cremuneracao\">R$ 1.518,00 \/40h<\/td>\r\n<\/tr><td class=\"ccargos\">\r\n<span data-balloon-length=\"medium\" aria-label=\"Ensino Fundamental incompleto\" data-balloon-pos=\"up\">Auxiliar de Servi\u00e7os Gerais<\/span><\/td>\r\n<td class=\"cvagas\">03 + CR<\/td>\r\n<td class=\"cremuneracao\">R$ 1.518,00 \/40h<\/td>\r\n<\/tr><td class=\"ccargos\">\r\n<span data-balloon-length=\"medium\" aria-label=\"Ensino Fundamental incompleto\" data-balloon-pos=\"up\">Auxiliar de Servi\u00e7os Gerais<\/span><\/td>\r\n<td class=\"cvagas\">03 + CR<\/td>\r\n<td class=\"cremuneracao\">R$ 1.518,00 \/40h<\/td>\r\n<\/tr><td class=\"ccargos\">\r\n<span data-balloon-length=\"medium\" aria-label=\"Ensino Fundamental incompleto\" data-balloon-pos=\"up\">Auxiliar de Servi\u00e7os Gerais<\/span><\/td>\r\n<td class=\"cvagas\">04 + CR<\/td>\r\n<td class=\"cremuneracao\">R$ 1.518,00 \/40h<\/td>\r\n<\/tr><td class=\"ccargos\">\r\n<span data-balloon-length=\"medium\" aria-label=\"Ensino Fundamental incompleto\" data-balloon-pos=\"up\">Auxiliar de Servi\u00e7os Gerais<\/span><\/td>\r\n<td class=\"cvagas\">04 + CR<\/td>\r\n<td class=\"cremuneracao\">R$ 1.518,00 \/40h<\/td>\r\n<\/tr><td class=\"ccargos\">\r\n<span data-balloon-length=\"medium\" aria-label=\"Ensino Fundamental incompleto\" data-balloon-pos=\"up\">Auxiliar de Servi\u00e7os Gerais<\/span><\/td>\r\n<td class=\"cvagas\">03 + CR<\/td>\r\n<td class=\"cremuneracao\">R$ 1.518,00 \/40h<\/td>\r\n<\/tr><td class=\"ccargos\">\r\n<span data-balloon-length=\"medium\" aria-label=\"Ensino Fundamental incompleto\" data-balloon-pos=\"up\">Auxiliar de Servi\u00e7os Gerais<\/span><\/td>\r\n<td class=\"cvagas\">03 + CR<\/td>\r\n<td class=\"cremuneracao\">R$ 1.518,00 \/40h<\/td>\r\n<\/tr><td class=\"ccargos\">\r\n<span data-balloon-length=\"medium\" aria-label=\"Ensino Fundamental incompleto\" data-balloon-pos=\"up\">Auxiliar de Servi\u00e7os Gerais<\/span><\/td>\r\n<td class=\"cvagas\">04 + CR<\/td>\r\n<td class=\"cremuneracao\">R$ 1.518,00 \/40h<\/td>\r\n<\/tr><td class=\"ccargos\">\r\n<span data-balloon-length=\"medium\" aria-label=\"Ensino Fundamental incompleto\" data-balloon-pos=\"up\">Auxiliar de Servi\u00e7os Gerais<\/span><\/td>\r\n<td class=\"cvagas\">03 + CR<\/td>\r\n<td class=\"cremuneracao\">R$ 1.518,00 \/40h<\/td>\r\n<\/tr><td class=\"ccargos\">\r\n<span data-balloon-length=\"medium\" aria-label=\"Ensino Fundamental incompleto\" data-balloon-pos=\"up\">Auxiliar de Servi\u00e7os Gerais<\/span><\/td>\r\n<td class=\"cvagas\">03 + CR<\/td>\r\n<td class=\"cremuneracao\">R$ 1.518,00 \/40h<\/td>\r\n<\/tr><td class=\"ccargos\">\r\n<span data-balloon-length=\"medium\" aria-label=\"Ensino Fundamental incompleto\" data-balloon-pos=\"up\">Auxiliar de Servi\u00e7os Gerais<\/span><\/td>\r\n<td class=\"cvagas\">03 + CR<\/td>\r\n<td class=\"cremuneracao\">R$ 1.518,00 \/40h<\/td>\r\n<\/tr><td class=\"ccargos\">\r\n<span data-balloon-length=\"medium\" aria-label=\"Ensino Fundamental incompleto\" data-balloon-pos=\"up\">Auxiliar de Servi\u00e7os Gerais<\/span><\/td>\r\n<td class=\"cvagas\">03 + CR<\/td>\r\n<td class=\"cremuneracao\">R$ 1.518,00 \/40h<\/td>\r\n<\/tr><td class=\"ccargos\">\r\n<span data-balloon-length=\"medium\" aria-label=\"Ensino Fundamental incompleto\" data-balloon-pos=\"up\">Auxiliar de Servi\u00e7os Gerais<\/span><\/td>\r\n<td class=\"cvagas\">03 + CR<\/td>\r\n<td class=\"cremuneracao\">R$ 1.518,00 \/40h<\/td>\r\n<\/tr><td class=\"ccargos\">\r\n<span data-balloon-length=\"medium\" aria-label=\"Ensino Fundamental incompleto\" data-balloon-pos=\"up\">Auxiliar de Servi\u00e7os Gerais<\/span><\/td>\r\n<td class=\"cvagas\">03 + CR<\/td>\r\n<td class=\"cremuneracao\">R$ 1.518,00 \/40h<\/td>\r\n<\/tr><td class=\"ccargos\">\r\n<span data-balloon-length=\"medium\" aria-label=\"Ensino Fundamental incompleto\" data-balloon-pos=\"up\">Auxiliar de Servi\u00e7os Gerais<\/span><\/td>\r\n<td class=\"cvagas\">03 + CR<\/td>\r\n<td class=\"cremuneracao\">R$ 1.518,00 \/40h<\/td>\r\n<\/tr><td class=\"ccargos\">\r\n<span data-balloon-length=\"medium\" aria-label=\"Ensino Fundamental incompleto\" data-balloon-pos=\"up\">Auxiliar de Servi\u00e7os Gerais<\/span><\/td>\r\n<td class=\"cvagas\">03 + CR<\/td>\r\n<td class=\"cremuneracao\">R$ 1.518,00 \/40h<\/td>\r\n<\/tr><td class=\"ccargos\">\r\n<span data-balloon-length=\"medium\" aria-label=\"Ensino Fundamental incompleto\" data-balloon-pos=\"up\">Auxiliar de Servi\u00e7os Gerais<\/span><\/td>\r\n<td class=\"cvagas\">03 + CR<\/td>\r\n<td class=\"cremuneracao\">R$ 1.518,00 \/40h<\/td>\r\n<\/tr><td class=\"ccargos\">\r\n<span data-balloon-length=\"medium\" aria-label=\"Ensino Fundamental incompleto\" data-balloon-pos=\"up\">Auxiliar de Servi\u00e7os Gerais<\/span><\/td>\r\n<td class=\"cvagas\">03 + CR<\/td>\r\n<td class=\"cremuneracao\">R$ 1.518,00 \/40h<\/td>\r\n<\/tr><td class=\"ccargos\">\r\n<span data-balloon-length=\"medium\" aria-label=\"Ensino Fundamental incompleto\" data-balloon-pos=\"up\">Auxiliar de Servi\u00e7os Gerais<\/span><\/td>\r\n<td class=\"cvagas\">05 + CR<\/td>\r\n<td class=\"cremuneracao\">R$ 1.518,00 \/40h<\/td>\r\n<\/tr><td class=\"ccargos\">\r\n<span data-balloon-length=\"medium\" aria-label=\"Ensino Fundamental incompleto. Experi\u00eancia comprovada em produ\u00e7\u00e3o e manipula\u00e7\u00e3o de alimentos.\" data-balloon-pos=\"up\">Auxiliar de Servi\u00e7os Gerais - Merendeira<\/span><\/td>\r\n<td class=\"cvagas\">02 + CR<\/td>\r\n<td class=\"cremuneracao\">R$ 1.518,00 \/40h<\/td>\r\n<\/tr><td class=\"ccargos\">\r\n<span data-balloon-length=\"medium\" aria-label=\"Ensino Fundamental incompleto. Experi\u00eancia comprovada em produ\u00e7\u00e3o e manipula\u00e7\u00e3o de alimentos.\" data-balloon-pos=\"up\">Auxiliar de Servi\u00e7os Gerais - Merendeira<\/span><\/td>\r\n<td class=\"cvagas\">02 + CR<\/td>\r\n<td class=\"cremuneracao\">R$ 1.518,00 \/40h<\/td>\r\n<\/tr><td class=\"ccargos\">\r\n<span data-balloon-length=\"medium\" aria-label=\"Ensino Fundamental incompleto. Experi\u00eancia comprovada em produ\u00e7\u00e3o e manipula\u00e7\u00e3o de alimentos.\" data-balloon-pos=\"up\">Auxiliar de Servi\u00e7os Gerais - Merendeira<\/span><\/td>\r\n<td class=\"cvagas\">02 + CR<\/td>\r\n<td class=\"cremuneracao\">R$ 1.518,00 \/40h<\/td>\r\n<\/tr><td class=\"ccargos\">\r\n<span data-balloon-length=\"medium\" aria-label=\"Ensino Fundamental incompleto. Experi\u00eancia comprovada em produ\u00e7\u00e3o e manipula\u00e7\u00e3o de alimentos.\" data-balloon-pos=\"up\">Auxiliar de Servi\u00e7os Gerais - Merendeira<\/span><\/td>\r\n<td class=\"cvagas\">02 + CR<\/td>\r\n<td class=\"cremuneracao\">R$ 1.518,00 \/40h<\/td>\r\n<\/tr><td class=\"ccargos\">\r\n<span data-balloon-length=\"medium\" aria-label=\"Ensino Fundamental incompleto. Experi\u00eancia comprovada em produ\u00e7\u00e3o e manipula\u00e7\u00e3o de alimentos.\" data-balloon-pos=\"up\">Auxiliar de Servi\u00e7os Gerais - Merendeira<\/span><\/td>\r\n<td class=\"cvagas\">02 + CR<\/td>\r\n<td class=\"cremuneracao\">R$ 1.518,00 \/40h<\/td>\r\n<\/tr><td class=\"ccargos\">\r\n<span data-balloon-length=\"medium\" aria-label=\"Ensino Fundamental incompleto. Experi\u00eancia comprovada em produ\u00e7\u00e3o e manipula\u00e7\u00e3o de alimentos.\" data-balloon-pos=\"up\">Auxiliar de Servi\u00e7os Gerais - Merendeira<\/span><\/td>\r\n<td class=\"cvagas\">01 + CR<\/td>\r\n<td class=\"cremuneracao\">R$ 1.518,00 \/40h<\/td>\r\n<\/tr><td class=\"ccargos\">\r\n<span data-balloon-length=\"medium\" aria-label=\"Ensino Fundamental incompleto. Experi\u00eancia comprovada em produ\u00e7\u00e3o e manipula\u00e7\u00e3o de alimentos.\" data-balloon-pos=\"up\">Auxiliar de Servi\u00e7os Gerais - Merendeira<\/span><\/td>\r\n<td class=\"cvagas\">02 + CR<\/td>\r\n<td class=\"cremuneracao\">R$ 1.518,00 \/40h<\/td>\r\n<\/tr><td class=\"ccargos\">\r\n<span data-balloon-length=\"medium\" aria-label=\"Ensino Fundamental incompleto. Experi\u00eancia comprovada em produ\u00e7\u00e3o e manipula\u00e7\u00e3o de alimentos.\" data-balloon-pos=\"up\">Auxiliar de Servi\u00e7os Gerais - Merendeira<\/span><\/td>\r\n<td class=\"cvagas\">01 + CR<\/td>\r\n<td class=\"cremuneracao\">R$ 1.518,00 \/40h<\/td>\r\n<\/tr><td class=\"ccargos\">\r\n<span data-balloon-length=\"medium\" aria-label=\"Ensino Fundamental incompleto. Experi\u00eancia comprovada em produ\u00e7\u00e3o e manipula\u00e7\u00e3o de alimentos.\" data-balloon-pos=\"up\">Auxiliar de Servi\u00e7os Gerais - Merendeira<\/span><\/td>\r\n<td class=\"cvagas\">01 + CR<\/td>\r\n<td class=\"cremuneracao\">R$ 1.518,00 \/40h<\/td>\r\n<\/tr><td class=\"ccargos\">\r\n<span data-balloon-length=\"medium\" aria-label=\"Ensino Fundamental incompleto. Experi\u00eancia comprovada em produ\u00e7\u00e3o e manipula\u00e7\u00e3o de alimentos.\" data-balloon-pos=\"up\">Auxiliar de Servi\u00e7os Gerais - Merendeira<\/span><\/td>\r\n<td class=\"cvagas\">01 + CR<\/td>\r\n<td class=\"cremuneracao\">R$ 1.518,00 \/40h<\/td>\r\n<\/tr><td class=\"ccargos\">\r\n<span data-balloon-length=\"medium\" aria-label=\"Ensino Fundamental incompleto\" data-balloon-pos=\"up\">Auxiliar de Servi\u00e7os Gerais em Sa\u00fade<\/span><\/td>\r\n<td class=\"cvagas\">10 + CR<\/td>\r\n<td class=\"cremuneracao\">R$ 1.518,00 \/40h<\/td>\r\n<\/tr><td class=\"ccargos\">\r\n<span data-balloon-length=\"medium\" aria-label=\"Ensino Fundamental incompleto\" data-balloon-pos=\"up\">Auxiliar Operacional de Lavanderia<\/span><\/td>\r\n<td class=\"cvagas\">03 + CR<\/td>\r\n<td class=\"cremuneracao\">R$ 1.518,00 \/40h<\/td>\r\n<\/tr><td class=\"ccargos\">\r\n<span data-balloon-length=\"medium\" aria-label=\"Ensino Fundamental incompleto\" data-balloon-pos=\"up\">Capinagem<\/span><\/td>\r\n<td class=\"cvagas\">02 + CR<\/td>\r\n<td class=\"cremuneracao\">R$ 1.518,00 \/40h<\/td>\r\n<\/tr><td class=\"ccargos\">\r\n<span data-balloon-length=\"medium\" aria-label=\"Ensino Fundamental incompleto\" data-balloon-pos=\"up\">Cozinheiro<\/span><\/td>\r\n<td class=\"cvagas\">05 + CR<\/td>\r\n<td class=\"cremuneracao\">R$ 1.518,00 \/40h<\/td>\r\n<\/tr><td class=\"ccargos\">\r\n<span data-balloon-length=\"medium\" aria-label=\"Ensino Fundamental incompleto\" data-balloon-pos=\"up\">Cuidador de Idosos<\/span><\/td>\r\n<td class=\"cvagas\">07 + CR<\/td>\r\n<td class=\"cremuneracao\">R$ 1.518,00 \/40h<\/td>\r\n<\/tr><td class=\"ccargos\">\r\n<span data-balloon-length=\"medium\" aria-label=\"Ensino Fundamental incompleto. Experi\u00eancia comprovada na \u00e1rea.\" data-balloon-pos=\"up\">Eletricista<\/span><\/td>\r\n<td class=\"cvagas\">02 + CR<\/td>\r\n<td class=\"cremuneracao\">R$ 1.800,00 \/40h<\/td>\r\n<\/tr><td class=\"ccargos\">\r\n<span data-balloon-length=\"medium\" aria-label=\"Ensino Fundamental incompleto. Curso de certifica\u00e7\u00e3o na \u00e1rea. Experi\u00eancia comprovada na \u00e1rea.\" data-balloon-pos=\"up\">Monitor - Oficina de Dan\u00e7a<\/span><\/td>\r\n<td class=\"cvagas\">01 + CR<\/td>\r\n<td class=\"cremuneracao\">R$ 1.518,00 \/20h<\/td>\r\n<\/tr><td class=\"ccargos\">\r\n<span data-balloon-length=\"medium\" aria-label=\"Ensino Fundamental incompleto. Curso de certifica\u00e7\u00e3o na \u00e1rea. Experi\u00eancia comprovada na \u00e1rea.\" data-balloon-pos=\"up\">Monitor - Oficina de Boxe<\/span><\/td>\r\n<td class=\"cvagas\">01 + CR<\/td>\r\n<td class=\"cremuneracao\">R$ 1.518,00 \/20h<\/td>\r\n<\/tr><td class=\"ccargos\">\r\n<span data-balloon-length=\"medium\" aria-label=\"Ensino Fundamental incompleto. Curso de certifica\u00e7\u00e3o na \u00e1rea. Experi\u00eancia comprovada na \u00e1rea.\" data-balloon-pos=\"up\">Monitor - Oficina de Boxe<\/span><\/td>\r\n<td class=\"cvagas\">01 + CR<\/td>\r\n<td class=\"cremuneracao\">R$ 1.518,00 \/20h<\/td>\r\n<\/tr><td class=\"ccargos\">\r\n<span data-balloon-length=\"medium\" aria-label=\"Ensino Fundamental incompleto. Curso de certifica\u00e7\u00e3o na \u00e1rea. Experi\u00eancia comprovada na \u00e1rea.\" data-balloon-pos=\"up\">Monitor - Oficineiro de Capoeira<\/span><\/td>\r\n<td class=\"cvagas\">02 + CR<\/td>\r\n<td class=\"cremuneracao\">R$ 1.518,00 \/20h<\/td>\r\n<\/tr><td class=\"ccargos\">\r\n<span data-balloon-length=\"medium\" aria-label=\"Ensino Fundamental incompleto. Curso de certifica\u00e7\u00e3o na \u00e1rea. Experi\u00eancia devidamente comprovada na \u00e1rea.\" data-balloon-pos=\"up\">Monitor - Oficineiro de Capoeira<\/span><\/td>\r\n<td class=\"cvagas\">01 + CR<\/td>\r\n<td class=\"cremuneracao\">R$ 1.518,00 \/20h<\/td>\r\n<\/tr><td class=\"ccargos\">\r\n<span data-balloon-length=\"medium\" aria-label=\"Ensino Fundamental incompleto. Curso de certifica\u00e7\u00e3o na \u00e1rea. Experi\u00eancia devidamente comprovada na \u00e1rea.\" data-balloon-pos=\"up\">Monitor - Oficina de M\u00fasica<\/span><\/td>\r\n<td class=\"cvagas\">01 + CR<\/td>\r\n<td class=\"cremuneracao\">R$ 1.518,00 \/20h<\/td>\r\n<\/tr><td class=\"ccargos\">\r\n<span data-balloon-length=\"medium\" aria-label=\"Ensino Fundamental incompleto. Curso de certifica\u00e7\u00e3o na \u00e1rea. Experi\u00eancia devidamente comprovada em m\u00fasica, instrumentos de sopro, corda e percuss\u00e3o ou experi\u00eancia comprovada em reg\u00eancia de banda do tipo fanfarra.\" data-balloon-pos=\"up\">Monitor - Oficina de M\u00fasica<\/span><\/td>\r\n<td class=\"cvagas\">01 + CR<\/td>\r\n<td class=\"cremuneracao\">R$ 1.518,00 \/20h<\/td>\r\n<\/tr><td class=\"ccargos\">\r\n<span data-balloon-length=\"medium\" aria-label=\"Ensino Fundamental incompleto. Curso de certifica\u00e7\u00e3o na \u00e1rea. Experi\u00eancia devidamente comprovada em m\u00fasica, instrumentos de sopro, corda e percuss\u00e3o ou experi\u00eancia comprovada em reg\u00eancia de banda do tipo fanfarra.\" data-balloon-pos=\"up\">Monitor - Oficina de M\u00fasica<\/span><\/td>\r\n<td class=\"cvagas\">02 + CR<\/td>\r\n<td class=\"cremuneracao\">R$ 1.518,00 \/20h<\/td>\r\n<\/tr><td class=\"ccargos\">\r\n<span data-balloon-length=\"medium\" aria-label=\"Ensino Fundamental incompleto. Curso de certifica\u00e7\u00e3o na \u00e1rea. Experi\u00eancia devidamente comprovada em m\u00fasica, instrumentos de sopro, corda e percuss\u00e3o ou experi\u00eancia comprovada em reg\u00eancia de banda do tipo fanfarra.\" data-balloon-pos=\"up\">Monitor - Oficina de M\u00fasica<\/span><\/td>\r\n<td class=\"cvagas\">01 + CR<\/td>\r\n<td class=\"cremuneracao\">R$ 1.518,00 \/20h<\/td>\r\n<\/tr><td class=\"ccargos\">\r\n<span data-balloon-length=\"medium\" aria-label=\"Ensino Fundamental incompleto.\" data-balloon-pos=\"up\">Monitor - Oficina de M\u00fasica<\/span><\/td>\r\n<td class=\"cvagas\">01 + CR<\/td>\r\n<td class=\"cremuneracao\">R$ 1.518,00 \/20h<\/td>\r\n<\/tr><td class=\"ccargos\">\r\n<span data-balloon-length=\"medium\" aria-label=\"Ensino Fundamental incompleto. Curso de certifica\u00e7\u00e3o na \u00e1rea. Experi\u00eancia devidamente comprovada na \u00e1rea.\" data-balloon-pos=\"up\">Monitor - Oficina de Karat\u00ea<\/span><\/td>\r\n<td class=\"cvagas\">01 + CR<\/td>\r\n<td class=\"cremuneracao\">R$ 1.518,00 \/20h<\/td>\r\n<\/tr><td class=\"ccargos\">\r\n<span data-balloon-length=\"medium\" aria-label=\"Ensino Fundamental incompleto. Curso de certifica\u00e7\u00e3o na \u00e1rea. Experi\u00eancia devidamente comprovada na \u00e1rea.\" data-balloon-pos=\"up\">Monitor - Oficina de Jiu-jitsu<\/span><\/td>\r\n<td class=\"cvagas\">01 + CR<\/td>\r\n<td class=\"cremuneracao\">R$ 1.518,00 \/20h<\/td>\r\n<\/tr><td class=\"ccargos\">\r\n<span data-balloon-length=\"medium\" aria-label=\"Ensino fundamental incompleto. Curso de certifica\u00e7\u00e3o na \u00e1rea. Experi\u00eancia devidamente comprovada na \u00e1rea.\" data-balloon-pos=\"up\">Monitor - Oficina de Arte e Cultura<\/span><\/td>\r\n<td class=\"cvagas\">02 + CR<\/td>\r\n<td class=\"cremuneracao\">R$ 1.518,00 \/20h<\/td>\r\n<\/tr><td class=\"ccargos\">\r\n<span data-balloon-length=\"medium\" aria-label=\"Ensino Fundamental incompleto. Curso de certifica\u00e7\u00e3o na \u00e1rea. Experi\u00eancia devidamente comprovada na \u00e1rea.\" data-balloon-pos=\"up\">Monitor - Oficina de Arte e Cultura<\/span><\/td>\r\n<td class=\"cvagas\">01 + CR<\/td>\r\n<td class=\"cremuneracao\">R$ 1.518,00 \/20h<\/td>\r\n<\/tr><td class=\"ccargos\">\r\n<span data-balloon-length=\"medium\" aria-label=\"Ensino Fundamental incompleto. Curso de certifica\u00e7\u00e3o na \u00e1rea. Experi\u00eancia devidamente comprovada na \u00e1rea.\" data-balloon-pos=\"up\">Monitor - Oficina de Arte e Cultura<\/span><\/td>\r\n<td class=\"cvagas\">01 + CR<\/td>\r\n<td class=\"cremuneracao\">R$ 1.518,00 \/20h<\/td>\r\n<\/tr><td class=\"ccargos\">\r\n<span data-balloon-length=\"medium\" aria-label=\"Ensino fundamental incompleto. Experi\u00eancia devidamente comprovada na \u00e1rea.\" data-balloon-pos=\"up\">Monitor de Transporte e Espa\u00e7o Escolar<\/span><\/td>\r\n<td class=\"cvagas\">01 + CR<\/td>\r\n<td class=\"cremuneracao\">R$ 1.518,00 \/40h<\/td>\r\n<\/tr><td class=\"ccargos\">\r\n<span data-balloon-length=\"medium\" aria-label=\"Ensino fundamental incompleto. Experi\u00eancia devidamente comprovada na \u00e1rea.\" data-balloon-pos=\"up\">Monitor de Transporte e Espa\u00e7o Escolar<\/span><\/td>\r\n<td class=\"cvagas\">01 + CR<\/td>\r\n<td class=\"cremuneracao\">R$ 1.518,00 \/40h<\/td>\r\n<\/tr><td class=\"ccargos\">\r\n<span data-balloon-length=\"medium\" aria-label=\"Ensino fundamental incompleto. Experi\u00eancia devidamente comprovada na \u00e1rea.\" data-balloon-pos=\"up\">Monitor de Transporte e Espa\u00e7o Escolar<\/span><\/td>\r\n<td class=\"cvagas\">01 + CR<\/td>\r\n<td class=\"cremuneracao\">R$ 1.518,00 \/40h<\/td>\r\n<\/tr><td class=\"ccargos\">\r\n<span data-balloon-length=\"medium\" aria-label=\"Ensino fundamental incompleto. Experi\u00eancia devidamente comprovada na \u00e1rea.\" data-balloon-pos=\"up\">Monitor de Transporte e Espa\u00e7o Escolar<\/span><\/td>\r\n<td class=\"cvagas\">10 + CR<\/td>\r\n<td class=\"cremuneracao\">R$ 1.518,00 \/40h<\/td>\r\n<\/tr><td class=\"ccargos\">\r\n<span data-balloon-length=\"medium\" aria-label=\"Ensino Fundamental incompleto. Curso de certifica\u00e7\u00e3o na \u00e1rea. Experi\u00eancia devidamente comprovada na \u00e1rea.\" data-balloon-pos=\"up\">Monitor - Oficina de Horticultura<\/span><\/td>\r\n<td class=\"cvagas\">01 + CR<\/td>\r\n<td class=\"cremuneracao\">R$ 1.518,00 \/20h<\/td>\r\n<\/tr><td class=\"ccargos\">\r\n<span data-balloon-length=\"medium\" aria-label=\"Ensino Fundamental incompleto. Curso de certifica\u00e7\u00e3o na \u00e1rea. Experi\u00eancia devidamente comprovada na \u00e1rea.\" data-balloon-pos=\"up\">Monitor - Oficina de Xadrez<\/span><\/td>\r\n<td class=\"cvagas\">01 + CR<\/td>\r\n<td class=\"cremuneracao\">R$ 1.518,00 \/20h<\/td>\r\n<\/tr><td class=\"ccargos\">\r\n<span data-balloon-length=\"medium\" aria-label=\"Ensino Fundamental incompleto. Curso de certifica\u00e7\u00e3o na \u00e1rea. Experi\u00eancia devidamente comprovada na \u00e1rea.\" data-balloon-pos=\"up\">Monitor - Oficina de Xadrez<\/span><\/td>\r\n<td class=\"cvagas\">01 + CR<\/td>\r\n<td class=\"cremuneracao\">R$ 1.518,00 \/20h<\/td>\r\n<\/tr><td class=\"ccargos\">\r\n<span data-balloon-length=\"medium\" aria-label=\"Ensino Fundamental incompleto.\" data-balloon-pos=\"up\">Vigilante<\/span><\/td>\r\n<td class=\"cvagas\">03 + CR<\/td>\r\n<td class=\"cremuneracao\">R$ 2.000,00 \/40h<\/td>\r\n<\/tr><td class=\"ccargos\">\r\n<span data-balloon-length=\"medium\" aria-label=\"Ensino Fundamental incompleto. Habilita\u00e7\u00e3o categoria B.\" data-balloon-pos=\"up\">Motorista para Ve\u00edculos Leves<\/span><\/td>\r\n<td class=\"cvagas\">24 + CR<\/td>\r\n<td class=\"cremuneracao\">R$ 2.500,00 \/40h<\/td>\r\n<\/tr><td class=\"ccargos\">\r\n<span data-balloon-length=\"medium\" aria-label=\"Ensino Fundamental incompleto. Habilita\u00e7\u00e3o categoria D.\" data-balloon-pos=\"up\">Motoristas para ve\u00edculos pesados<\/span><\/td>\r\n<td class=\"cvagas\">32 + CR<\/td>\r\n<td class=\"cremuneracao\">R$ 2.500,00 \/40h<\/td>\r\n<\/tr><td class=\"ccargos\">\r\n<span data-balloon-length=\"medium\" aria-label=\"Ensino Fundamental incompleto. CNH Categoria D v\u00e1lida + Curso de Primeiros Socorros.\" data-balloon-pos=\"up\">Motoristas para Ve\u00edculos Pesados\/ Socorrista<\/span><\/td>\r\n<td class=\"cvagas\">10 + CR<\/td>\r\n<td class=\"cremuneracao\">R$ 1.600,00 \/40h<\/td>\r\n<\/tr><td class=\"ccargos\">\r\n<span data-balloon-length=\"medium\" aria-label=\"Ensino Fundamental incompleto. Experi\u00eancia devidamente comprovada na \u00e1rea.\" data-balloon-pos=\"up\">Pedreiro<\/span><\/td>\r\n<td class=\"cvagas\">02 + CR<\/td>\r\n<td class=\"cremuneracao\">R$ 1.518,00 \/40h<\/td>\r\n<\/tr><td class=\"ccargos\">\r\n<span data-balloon-length=\"medium\" aria-label=\"Ensino Fundamental incompleto. Curso de certifica\u00e7\u00e3o na \u00e1rea com carga hor\u00e1ria de 32h. Experi\u00eancia devidamente comprovada na \u00e1rea.\" data-balloon-pos=\"up\">Profissional de Apoio Escolar - PAE<\/span><\/td>\r\n<td class=\"cvagas\">02 + CR<\/td>\r\n<td class=\"cremuneracao\">R$ 1.518,00 \/40h<\/td>\r\n<\/tr><td class=\"ccargos\">\r\n<span data-balloon-length=\"medium\" aria-label=\"Ensino Fundamental incompleto. Curso de certifica\u00e7\u00e3o na \u00e1rea com carga hor\u00e1ria de 32h. Experi\u00eancia devidamente comprovada na \u00e1rea.\" data-balloon-pos=\"up\">Profissional de Apoio Escolar - PAE<\/span><\/td>\r\n<td class=\"cvagas\">02 + CR<\/td>\r\n<td class=\"cremuneracao\">R$ 1.518,00 \/40h<\/td>\r\n<\/tr><td class=\"ccargos\">\r\n<span data-balloon-length=\"medium\" aria-label=\"Ensino Fundamental incompleto. Curso de certifica\u00e7\u00e3o na \u00e1rea com carga hor\u00e1ria de 32h. Experi\u00eancia devidamente comprovada na \u00e1rea.\" data-balloon-pos=\"up\">Profissional de Apoio Escolar - PAE<\/span><\/td>\r\n<td class=\"cvagas\">02 + CR<\/td>\r\n<td class=\"cremuneracao\">R$ 1.518,00 \/40h<\/td>\r\n<\/tr><td class=\"ccargos\">\r\n<span data-balloon-length=\"medium\" aria-label=\"Ensino Fundamental incompleto. Curso de certifica\u00e7\u00e3o na \u00e1rea com carga hor\u00e1ria de 32h. Experi\u00eancia devidamente comprovada na \u00e1rea.\" data-balloon-pos=\"up\">Profissional de Apoio Escolar - PAE<\/span><\/td>\r\n<td class=\"cvagas\">02 + CR<\/td>\r\n<td class=\"cremuneracao\">R$ 1.518,00 \/40h<\/td>\r\n<\/tr><td class=\"ccargos\">\r\n<span data-balloon-length=\"medium\" aria-label=\"Ensino Fundamental incompleto. Curso de certifica\u00e7\u00e3o na \u00e1rea com carga hor\u00e1ria de 32h. Experi\u00eancia devidamente comprovada na \u00e1rea.\" data-balloon-pos=\"up\">Profissional de Apoio Escolar - PAE<\/span><\/td>\r\n<td class=\"cvagas\">02 + CR<\/td>\r\n<td class=\"cremuneracao\">R$ 1.518,00 \/40h<\/td>\r\n<\/tr><td class=\"ccargos\">\r\n<span data-balloon-length=\"medium\" aria-label=\"Ensino Fundamental incompleto. Curso de certifica\u00e7\u00e3o na \u00e1rea com carga hor\u00e1ria de 32h. Experi\u00eancia devidamente comprovada na \u00e1rea.\" data-balloon-pos=\"up\">Profissional de Apoio Escolar - PAE<\/span><\/td>\r\n<td class=\"cvagas\">02 + CR<\/td>\r\n<td class=\"cremuneracao\">R$ 1.518,00 \/40h<\/td>\r\n<\/tr><td class=\"ccargos\">\r\n<span data-balloon-length=\"medium\" aria-label=\"Ensino Fundamental incompleto. Curso de certifica\u00e7\u00e3o na \u00e1rea com carga hor\u00e1ria de 32h. Experi\u00eancia devidamente comprovada na \u00e1rea.\" data-balloon-pos=\"up\">Profissional de Apoio Escolar - PAE<\/span><\/td>\r\n<td class=\"cvagas\">02 + CR<\/td>\r\n<td class=\"cremuneracao\">R$ 1.518,00 \/40h<\/td>\r\n<\/tr><td class=\"ccargos\">\r\n<span data-balloon-length=\"medium\" aria-label=\"Ensino Fundamental incompleto. Curso de certifica\u00e7\u00e3o na \u00e1rea com carga hor\u00e1ria de 32h. Experi\u00eancia devidamente comprovada na \u00e1rea.\" data-balloon-pos=\"up\">Profissional de Apoio Escolar - PAE<\/span><\/td>\r\n<td class=\"cvagas\">01 + CR<\/td>\r\n<td class=\"cremuneracao\">R$ 1.518,00 \/40h<\/td>\r\n<\/tr><td class=\"ccargos\">\r\n<span data-balloon-length=\"medium\" aria-label=\"Ensino Fundamental incompleto. Curso de certifica\u00e7\u00e3o na \u00e1rea com carga hor\u00e1ria de 32h. Experi\u00eancia devidamente comprovada na \u00e1rea.\" data-balloon-pos=\"up\">Profissional de Apoio Escolar - PAE<\/span><\/td>\r\n<td class=\"cvagas\">01 + CR<\/td>\r\n<td class=\"cremuneracao\">R$ 1.518,00 \/40h<\/td>\r\n<\/tr><td class=\"ccargos\">\r\n<span data-balloon-length=\"medium\" aria-label=\"Ensino Fundamental incompleto. Curso de certifica\u00e7\u00e3o na \u00e1rea com carga hor\u00e1ria de 32h. Experi\u00eancia devidamente comprovada na \u00e1rea.\" data-balloon-pos=\"up\">Profissional de Apoio Escolar - PAE<\/span><\/td>\r\n<td class=\"cvagas\">01 + CR<\/td>\r\n<td class=\"cremuneracao\">R$ 1.518,00 \/40h<\/td>\r\n<\/tr><td class=\"ccargos\">\r\n<span data-balloon-length=\"medium\" aria-label=\"Ensino Fundamental incompleto. Curso de certifica\u00e7\u00e3o na \u00e1rea com carga hor\u00e1ria de 32h. Experi\u00eancia devidamente comprovada na \u00e1rea.\" data-balloon-pos=\"up\">Profissional de Apoio Escolar - PAE<\/span><\/td>\r\n<td class=\"cvagas\">01 + CR<\/td>\r\n<td class=\"cremuneracao\">R$ 1.518,00 \/40h<\/td>\r\n<\/tr><td class=\"ccargos\">\r\n<span data-balloon-length=\"medium\" aria-label=\"Ensino Fundamental incompleto. Curso de certifica\u00e7\u00e3o na \u00e1rea com carga hor\u00e1ria de 32h. Experi\u00eancia devidamente comprovada na \u00e1rea.\" data-balloon-pos=\"up\">Profissional de Apoio Escolar - PAE<\/span><\/td>\r\n<td class=\"cvagas\">01 + CR<\/td>\r\n<td class=\"cremuneracao\">R$ 1.518,00 \/40h<\/td>\r\n<\/tr><td class=\"ccargos\">\r\n<span data-balloon-length=\"medium\" aria-label=\"Ensino Fundamental incompleto. Curso de certifica\u00e7\u00e3o na \u00e1rea com carga hor\u00e1ria de 32h. Experi\u00eancia devidamente comprovada na \u00e1rea.\" data-balloon-pos=\"up\">Profissional de Apoio Escolar - PAE<\/span><\/td>\r\n<td class=\"cvagas\">01 + CR<\/td>\r\n<td class=\"cremuneracao\">R$ 1.518,00 \/40h<\/td>\r\n<\/tr><td class=\"ccargos\">\r\n<span data-balloon-length=\"medium\" aria-label=\"Ensino Fundamental incompleto. Curso de certifica\u00e7\u00e3o na \u00e1rea com carga hor\u00e1ria de 32h. Experi\u00eancia devidamente comprovada na \u00e1rea.\" data-balloon-pos=\"up\">Profissional de Apoio Escolar - PAE<\/span><\/td>\r\n<td class=\"cvagas\">01 + CR<\/td>\r\n<td class=\"cremuneracao\">R$ 1.518,00 \/40h<\/td>\r\n<\/tr><td class=\"ccargos\">\r\n<span data-balloon-length=\"medium\" aria-label=\"Ensino Fundamental incompleto. Curso de certifica\u00e7\u00e3o na \u00e1rea com carga hor\u00e1ria de 32h. Experi\u00eancia devidamente comprovada na \u00e1rea.\" data-balloon-pos=\"up\">Profissional de Apoio Escolar - PAE<\/span><\/td>\r\n<td class=\"cvagas\">01 + CR<\/td>\r\n<td class=\"cremuneracao\">R$ 1.518,00 \/40h<\/td>\r\n<\/tr><td class=\"ccargos\">\r\n<span data-balloon-length=\"medium\" aria-label=\"Ensino Fundamental incompleto. Curso de certifica\u00e7\u00e3o na \u00e1rea com carga hor\u00e1ria de 32h. Experi\u00eancia devidamente comprovada na \u00e1rea.\" data-balloon-pos=\"up\">Profissional de Apoio Escolar - PAE<\/span><\/td>\r\n<td class=\"cvagas\">01 + CR<\/td>\r\n<td class=\"cremuneracao\">R$ 1.518,00 \/40h<\/td>\r\n<\/tr><td class=\"ccargos\">\r\n<span data-balloon-length=\"medium\" aria-label=\"Ensino Fundamental incompleto. Curso de certifica\u00e7\u00e3o na \u00e1rea com carga hor\u00e1ria de 32h. Experi\u00eancia devidamente comprovada na \u00e1rea.\" data-balloon-pos=\"up\">Profissional de Apoio Escolar - PAE<\/span><\/td>\r\n<td class=\"cvagas\">01 + CR<\/td>\r\n<td class=\"cremuneracao\">R$ 1.518,00 \/40h<\/td>\r\n<\/tr><td class=\"ccargos\">\r\n<span data-balloon-length=\"medium\" aria-label=\"Ensino Fundamental incompleto. Curso de certifica\u00e7\u00e3o na \u00e1rea com carga hor\u00e1ria de 32h. Experi\u00eancia devidamente comprovada na \u00e1rea.\" data-balloon-pos=\"up\">Profissional de Apoio Escolar - PAE<\/span><\/td>\r\n<td class=\"cvagas\">01 + CR<\/td>\r\n<td class=\"cremuneracao\">R$ 1.518,00 \/40h<\/td>\r\n<\/tr><td class=\"ccargos\">\r\n<span data-balloon-length=\"medium\" aria-label=\"Ensino Fundamental incompleto. Curso de certifica\u00e7\u00e3o na \u00e1rea com carga hor\u00e1ria de 32h. Experi\u00eancia devidamente comprovada na \u00e1rea.\" data-balloon-pos=\"up\">Profissional de Apoio Escolar - PAE<\/span><\/td>\r\n<td class=\"cvagas\">01 + CR<\/td>\r\n<td class=\"cremuneracao\">R$ 1.518,00 \/40h<\/td>\r\n<\/tr><td class=\"ccargos\">\r\n<span data-balloon-length=\"medium\" aria-label=\"Ensino Fundamental incompleto. Curso de certifica\u00e7\u00e3o na \u00e1rea com carga hor\u00e1ria de 32h. Experi\u00eancia devidamente comprovada na \u00e1rea.\" data-balloon-pos=\"up\">Profissional de Apoio Escolar - PAE<\/span><\/td>\r\n<td class=\"cvagas\">01 + CR<\/td>\r\n<td class=\"cremuneracao\">R$ 1.518,00 \/40h<\/td>\r\n<\/tr><td class=\"ccargos\">\r\n<span data-balloon-length=\"medium\" aria-label=\"Ensino Fundamental incompleto.\" data-balloon-pos=\"up\">Vigilante Escolar<\/span><\/td>\r\n<td class=\"cvagas\">02 + CR<\/td>\r\n<td class=\"cremuneracao\">R$ 2.000,00 \/40h<\/td>\r\n<\/tr><td class=\"ccargos\">\r\n<span data-balloon-length=\"medium\" aria-label=\"Ensino Fundamental incompleto.\" data-balloon-pos=\"up\">Vigilante Escolar<\/span><\/td>\r\n<td class=\"cvagas\">01 + CR<\/td>\r\n<td class=\"cremuneracao\">R$ 2.000,00 \/40h<\/td>\r\n<\/tr><td class=\"ccargos\">\r\n<span data-balloon-length=\"medium\" aria-label=\"Ensino Fundamental incompleto.\" data-balloon-pos=\"up\">Vigilante Escolar<\/span><\/td>\r\n<td class=\"cvagas\">01 + CR<\/td>\r\n<td class=\"cremuneracao\">R$ 2.000,00 \/40h<\/td>\r\n<\/tr><td class=\"ccargos\">\r\n<span data-balloon-length=\"medium\" aria-label=\"Ensino Fundamental incompleto.\" data-balloon-pos=\"up\">Vigilante Escolar<\/span><\/td>\r\n<td class=\"cvagas\">01 + CR<\/td>\r\n<td class=\"cremuneracao\">R$ 2.000,00 \/40h<\/td>\r\n<\/tr><td class=\"ccargos\">\r\n<span data-balloon-length=\"medium\" aria-label=\"Ensino Fundamental incompleto.\" data-balloon-pos=\"up\">Vigilante Escolar<\/span><\/td>\r\n<td class=\"cvagas\">01 + CR<\/td>\r\n<td class=\"cremuneracao\">R$ 2.000,00 \/40h<\/td>\r\n<\/tr><td class=\"ccargos\">\r\n<span data-balloon-length=\"medium\" aria-label=\"Ensino Fundamental incompleto.\" data-balloon-pos=\"up\">Vigilante Escolar<\/span><\/td>\r\n<td class=\"cvagas\">01 + CR<\/td>\r\n<td class=\"cremuneracao\">R$ 2.000,00 \/40h<\/td>\r\n<\/tr><td class=\"ccargos\">\r\n<span data-balloon-length=\"medium\" aria-label=\"Ensino Fundamental incompleto.\" data-balloon-pos=\"up\">Vigilante Escolar<\/span><\/td>\r\n<td class=\"cvagas\">01 + CR<\/td>\r\n<td class=\"cremuneracao\">R$ 2.000,00 \/40h<\/td>\r\n<\/tr><td class=\"ccargos\">\r\n<span data-balloon-length=\"medium\" aria-label=\"Ensino Fundamental incompleto.\" data-balloon-pos=\"up\">Vigilante Escolar<\/span><\/td>\r\n<td class=\"cvagas\">01 + CR<\/td>\r\n<td class=\"cremuneracao\">R$ 2.000,00 \/40h<\/td>\r\n<\/tr><td class=\"ccargos\">\r\n<span data-balloon-length=\"medium\" aria-label=\"Ensino Fundamental incompleto.\" data-balloon-pos=\"up\">Vigilante Escolar<\/span><\/td>\r\n<td class=\"cvagas\">01 + CR<\/td>\r\n<td class=\"cremuneracao\">R$ 2.000,00 \/40h<\/td>\r\n<\/tr><td class=\"ccargos\">\r\n<span data-balloon-length=\"medium\" aria-label=\"Ensino Fundamental incompleto.\" data-balloon-pos=\"up\">Vigilante Escolar<\/span><\/td>\r\n<td class=\"cvagas\">01 + CR<\/td>\r\n<td class=\"cremuneracao\">R$ 2.000,00 \/40h<\/td>\r\n<\/tr><td class=\"ccargos\">\r\n<span data-balloon-length=\"medium\" aria-label=\"Gradua\u00e7\u00e3o em Medicina Veterin\u00e1ria. Registro regular e ativo no Conselho Regional de Medicina Veterin\u00e1ria (CRMV); Experi\u00eancia comprovada em servi\u00e7o p\u00fablico municipal no m\u00ednimo 5 anos; Conhecimentos sobre legisla\u00e7\u00e3o sanit\u00e1ria e agroindustrial (MAPA, ANVISA, normas do SIM, SISBI-POA etc.; Habilidades em elabora\u00e7\u00e3o de laudos e relat\u00f3rios t\u00e9cnicos.\" data-balloon-pos=\"up\">Veterin\u00e1rio<\/span><\/td>\r\n<td class=\"cvagas\">01+CR*<\/td>\r\n<td class=\"cremuneracao\">R$ 4.500,00 \/40h<\/td>\r\n<\/tr>\r\n    <\/tbody>\r\n  <\/table>\r\n<\/div>","_fund_completo":"","_medio":"<div>\r\n<table class=\"quadro\">\r\n<thead>\r\n<tr>\r\n<th class=\"hcargo\">Cargo<\/th>\r\n<th class=\"hvagas\">Vagas<\/th>\r\n<th class=\"hremuneracao\">Remunera\u00e7\u00e3o<\/th>\r\n<\/tr>\r\n<\/thead>\r\n    <tbody>\r\n      <td class=\"ccargos\">\r\n<span data-balloon-length=\"medium\" aria-label=\"Ensino m\u00e9dio completo. Curso de certifica\u00e7\u00e3o na \u00e1rea. Experi\u00eancia devidamente comprovada na \u00e1rea.\" data-balloon-pos=\"up\">Assistente de Creche<\/span><\/td>\r\n<td class=\"cvagas\">10 + CR<\/td>\r\n<td class=\"cremuneracao\">R$ 1.650,00 \/40h<\/td>\r\n<\/tr><td class=\"ccargos\">\r\n<span data-balloon-length=\"medium\" aria-label=\"Ensino m\u00e9dio completo. Curso de certifica\u00e7\u00e3o na \u00e1rea. Experi\u00eancia devidamente comprovada na \u00e1rea.\" data-balloon-pos=\"up\">Assistente de Creche<\/span><\/td>\r\n<td class=\"cvagas\">02 + CR<\/td>\r\n<td class=\"cremuneracao\">R$ 1.650,00 \/40h<\/td>\r\n<\/tr><td class=\"ccargos\">\r\n<span data-balloon-length=\"medium\" aria-label=\"Ensino m\u00e9dio completo. Curso de certifica\u00e7\u00e3o na \u00e1rea. Experi\u00eancia devidamente comprovada na \u00e1rea.\" data-balloon-pos=\"up\">Assistente de Creche<\/span><\/td>\r\n<td class=\"cvagas\">01 + CR<\/td>\r\n<td class=\"cremuneracao\">R$ 1.650,00 \/40h<\/td>\r\n<\/tr><td class=\"ccargos\">\r\n<span data-balloon-length=\"medium\" aria-label=\"Ensino m\u00e9dio completo. Curso de certifica\u00e7\u00e3o na \u00e1rea. Experi\u00eancia devidamente comprovada na \u00e1rea.\" data-balloon-pos=\"up\">Assistente de Creche<\/span><\/td>\r\n<td class=\"cvagas\">02 + CR<\/td>\r\n<td class=\"cremuneracao\">R$ 1.650,00 \/40h<\/td>\r\n<\/tr><td class=\"ccargos\">\r\n<span data-balloon-length=\"medium\" aria-label=\"Ensino m\u00e9dio completo. Curso de certifica\u00e7\u00e3o na \u00e1rea. Experi\u00eancia devidamente comprovada na \u00e1rea.\" data-balloon-pos=\"up\">Assistente de Creche<\/span><\/td>\r\n<td class=\"cvagas\">02 + CR<\/td>\r\n<td class=\"cremuneracao\">R$ 1.650,00 \/40h<\/td>\r\n<\/tr><td class=\"ccargos\">\r\n<span data-balloon-length=\"medium\" aria-label=\"Ensino m\u00e9dio completo. Curso de certifica\u00e7\u00e3o na \u00e1rea. Experi\u00eancia devidamente comprovada na \u00e1rea.\" data-balloon-pos=\"up\">Assistente de Creche<\/span><\/td>\r\n<td class=\"cvagas\">01 + CR<\/td>\r\n<td class=\"cremuneracao\">R$ 1.650,00 \/40h<\/td>\r\n<\/tr><td class=\"ccargos\">\r\n<span data-balloon-length=\"medium\" aria-label=\"Ensino m\u00e9dio completo. Curso de certifica\u00e7\u00e3o na \u00e1rea. Experi\u00eancia devidamente comprovada na \u00e1rea.\" data-balloon-pos=\"up\">Assistente de Creche<\/span><\/td>\r\n<td class=\"cvagas\">02 + CR<\/td>\r\n<td class=\"cremuneracao\">R$ 1.650,00 \/40h<\/td>\r\n<\/tr><td class=\"ccargos\">\r\n<span data-balloon-length=\"medium\" aria-label=\"Ensino m\u00e9dio completo. Curso de certifica\u00e7\u00e3o na \u00e1rea. Experi\u00eancia devidamente comprovada na \u00e1rea.\" data-balloon-pos=\"up\">Assistente de Creche<\/span><\/td>\r\n<td class=\"cvagas\">02 + CR<\/td>\r\n<td class=\"cremuneracao\">R$ 1.650,00 \/40h<\/td>\r\n<\/tr><td class=\"ccargos\">\r\n<span data-balloon-length=\"medium\" aria-label=\"Ensino m\u00e9dio completo. Curso de certifica\u00e7\u00e3o na \u00e1rea. Experi\u00eancia devidamente comprovada na \u00e1rea.\" data-balloon-pos=\"up\">Assistente Educacional<\/span><\/td>\r\n<td class=\"cvagas\">05 + CR<\/td>\r\n<td class=\"cremuneracao\">R$ 1.650,00 \/40h<\/td>\r\n<\/tr><td class=\"ccargos\">\r\n<span data-balloon-length=\"medium\" aria-label=\"Ensino m\u00e9dio completo. Curso de certifica\u00e7\u00e3o na \u00e1rea. Experi\u00eancia devidamente comprovada na \u00e1rea.\" data-balloon-pos=\"up\">Assistente Educacional<\/span><\/td>\r\n<td class=\"cvagas\">01 + CR<\/td>\r\n<td class=\"cremuneracao\">R$ 1.650,00 \/40h<\/td>\r\n<\/tr><td class=\"ccargos\">\r\n<span data-balloon-length=\"medium\" aria-label=\"Ensino m\u00e9dio completo. Curso de certifica\u00e7\u00e3o na \u00e1rea. Experi\u00eancia devidamente comprovada na \u00e1rea.\" data-balloon-pos=\"up\">Assistente Educacional<\/span><\/td>\r\n<td class=\"cvagas\">01 + CR<\/td>\r\n<td class=\"cremuneracao\">R$ 1.650,00 \/40h<\/td>\r\n<\/tr><td class=\"ccargos\">\r\n<span data-balloon-length=\"medium\" aria-label=\"Ensino m\u00e9dio completo. Curso de certifica\u00e7\u00e3o na \u00e1rea. Experi\u00eancia devidamente comprovada na \u00e1rea.\" data-balloon-pos=\"up\">Assistente Educacional<\/span><\/td>\r\n<td class=\"cvagas\">01 + CR<\/td>\r\n<td class=\"cremuneracao\">R$ 1.650,00 \/40h<\/td>\r\n<\/tr><td class=\"ccargos\">\r\n<span data-balloon-length=\"medium\" aria-label=\"Ensino m\u00e9dio completo. Curso de certifica\u00e7\u00e3o na \u00e1rea. Experi\u00eancia devidamente comprovada na \u00e1rea.\" data-balloon-pos=\"up\">Assistente Educacional<\/span><\/td>\r\n<td class=\"cvagas\">01 + CR<\/td>\r\n<td class=\"cremuneracao\">R$ 1.650,00 \/40h<\/td>\r\n<\/tr><td class=\"ccargos\">\r\n<span data-balloon-length=\"medium\" aria-label=\"Ensino m\u00e9dio completo. Curso de certifica\u00e7\u00e3o na \u00e1rea. Experi\u00eancia devidamente comprovada na \u00e1rea.\" data-balloon-pos=\"up\">Assistente Educacional<\/span><\/td>\r\n<td class=\"cvagas\">01 + CR<\/td>\r\n<td class=\"cremuneracao\">R$ 1.650,00 \/40h<\/td>\r\n<\/tr><td class=\"ccargos\">\r\n<span data-balloon-length=\"medium\" aria-label=\"Ensino m\u00e9dio completo.\" data-balloon-pos=\"up\">Agente de Disciplina Escolar<\/span><\/td>\r\n<td class=\"cvagas\">10 + CR<\/td>\r\n<td class=\"cremuneracao\">R$ 1.650,00 \/40h<\/td>\r\n<\/tr><td class=\"ccargos\">\r\n<span data-balloon-length=\"medium\" aria-label=\"Ensino m\u00e9dio completo.\" data-balloon-pos=\"up\">Auxiliar de Cuidador\/ Educador Crian\u00e7a e Adolescente<\/span><\/td>\r\n<td class=\"cvagas\">02 + CR<\/td>\r\n<td class=\"cremuneracao\">R$ 1.518,00 \/40h<\/td>\r\n<\/tr><td class=\"ccargos\">\r\n<span data-balloon-length=\"medium\" aria-label=\"Ensino m\u00e9dio completo + Curso de Auxiliar de Sa\u00fade Bucal.\" data-balloon-pos=\"up\">Auxiliar de Sa\u00fade Bucal<\/span><\/td>\r\n<td class=\"cvagas\">05 + CR<\/td>\r\n<td class=\"cremuneracao\">R$ 1.518,00 \/40h<\/td>\r\n<\/tr><td class=\"ccargos\">\r\n<span data-balloon-length=\"medium\" aria-label=\"Ensino m\u00e9dio completo + Curso de Auxiliar de Sa\u00fade Bucal.\" data-balloon-pos=\"up\">Auxiliar de Sa\u00fade Bucal<\/span><\/td>\r\n<td class=\"cvagas\">05 + CR<\/td>\r\n<td class=\"cremuneracao\">R$ 1.518,00 \/40h<\/td>\r\n<\/tr><td class=\"ccargos\">\r\n<span data-balloon-length=\"medium\" aria-label=\"Ensino m\u00e9dio completo.\" data-balloon-pos=\"up\">Cuidador\/ Educador - Crian\u00e7a e Adolescente<\/span><\/td>\r\n<td class=\"cvagas\">04 + CR<\/td>\r\n<td class=\"cremuneracao\">R$ 1.518,00 \/40h<\/td>\r\n<\/tr><td class=\"ccargos\">\r\n<span data-balloon-length=\"medium\" aria-label=\"Ensino M\u00e9dio completo e estar cursando a partir do 3\u00ba semestre da gradua\u00e7\u00e3o de Pedagogia, devendo tal condi\u00e7\u00e3o ser comprovada no momento da convoca\u00e7\u00e3o. Experi\u00eancia comprovada na \u00e1rea.\" data-balloon-pos=\"up\">Educador do Tempo Integral - Educa\u00e7\u00e3o Infantil e Ensino Fundamental I<\/span><\/td>\r\n<td class=\"cvagas\">10 + CR<\/td>\r\n<td class=\"cremuneracao\">R$ 4.000,00 \/40h<\/td>\r\n<\/tr><td class=\"ccargos\">\r\n<span data-balloon-length=\"medium\" aria-label=\"Ensino M\u00e9dio completo e estar cursando a partir do 3\u00ba semestre da gradua\u00e7\u00e3o de Pedagogia, devendo tal condi\u00e7\u00e3o ser comprovada no momento da convoca\u00e7\u00e3o. Experi\u00eancia comprovada na \u00e1rea.\" data-balloon-pos=\"up\">Educador do Tempo Integral - Educa\u00e7\u00e3o Infantil e Ensino Fundamental I<\/span><\/td>\r\n<td class=\"cvagas\">20 + CR<\/td>\r\n<td class=\"cremuneracao\">R$ 2.000,00 \/20h<\/td>\r\n<\/tr><td class=\"ccargos\">\r\n<span data-balloon-length=\"medium\" aria-label=\"Ensino M\u00e9dio completo e estar cursando a partir do 3\u00ba semestre da gradua\u00e7\u00e3o de Pedagogia, devendo tal condi\u00e7\u00e3o ser comprovada no momento da convoca\u00e7\u00e3o. Experi\u00eancia comprovada na \u00e1rea.\" data-balloon-pos=\"up\">Educador do Tempo Integral - Educa\u00e7\u00e3o Infantil e Ensino Fundamental I<\/span><\/td>\r\n<td class=\"cvagas\">03 + CR<\/td>\r\n<td class=\"cremuneracao\">R$ 4.000,00 \/40h<\/td>\r\n<\/tr><td class=\"ccargos\">\r\n<span data-balloon-length=\"medium\" aria-label=\"Ensino M\u00e9dio completo e estar cursando a partir do 3\u00ba semestre da gradua\u00e7\u00e3o de Pedagogia, devendo tal condi\u00e7\u00e3o ser comprovada no momento da convoca\u00e7\u00e3o. Experi\u00eancia comprovada na \u00e1rea.\" data-balloon-pos=\"up\">Educador do Tempo Integral - Educa\u00e7\u00e3o Infantil e Ensino Fundamental I<\/span><\/td>\r\n<td class=\"cvagas\">03 + CR<\/td>\r\n<td class=\"cremuneracao\">R$ 2.000,00 \/20h<\/td>\r\n<\/tr><td class=\"ccargos\">\r\n<span data-balloon-length=\"medium\" aria-label=\"Ensino M\u00e9dio completo e estar cursando a partir do 3\u00ba semestre da gradua\u00e7\u00e3o de Pedagogia, devendo tal condi\u00e7\u00e3o ser comprovada no momento da convoca\u00e7\u00e3o. Experi\u00eancia comprovada na \u00e1rea.\" data-balloon-pos=\"up\">Educador do Tempo Integral - Educa\u00e7\u00e3o Infantil e Ensino Fundamental I<\/span><\/td>\r\n<td class=\"cvagas\">01 + CR<\/td>\r\n<td class=\"cremuneracao\">R$ 4.000,00 \/40h<\/td>\r\n<\/tr><td class=\"ccargos\">\r\n<span data-balloon-length=\"medium\" aria-label=\"Ensino M\u00e9dio completo e estar cursando a partir do 3\u00ba semestre da gradua\u00e7\u00e3o de Pedagogia, devendo tal condi\u00e7\u00e3o ser comprovada no momento da convoca\u00e7\u00e3o. Experi\u00eancia comprovada na \u00e1rea.\" data-balloon-pos=\"up\">Educador do Tempo Integral - Educa\u00e7\u00e3o Infantil e Ensino Fundamental I<\/span><\/td>\r\n<td class=\"cvagas\">01 + CR<\/td>\r\n<td class=\"cremuneracao\">R$ 2.000,00 \/20h<\/td>\r\n<\/tr><td class=\"ccargos\">\r\n<span data-balloon-length=\"medium\" aria-label=\"Ensino M\u00e9dio completo e estar cursando a partir do 3\u00ba semestre da gradua\u00e7\u00e3o de Pedagogia, devendo tal condi\u00e7\u00e3o ser comprovada no momento da convoca\u00e7\u00e3o. Experi\u00eancia comprovada na \u00e1rea.\" data-balloon-pos=\"up\">Educador do Tempo Integral - Educa\u00e7\u00e3o Infantil e Ensino Fundamental I<\/span><\/td>\r\n<td class=\"cvagas\">01 + CR<\/td>\r\n<td class=\"cremuneracao\">R$ 4.000,00 \/40h<\/td>\r\n<\/tr><td class=\"ccargos\">\r\n<span data-balloon-length=\"medium\" aria-label=\"Ensino M\u00e9dio completo e estar cursando a partir do 3\u00ba semestre da gradua\u00e7\u00e3o de Pedagogia, devendo tal condi\u00e7\u00e3o ser comprovada no momento da convoca\u00e7\u00e3o. Experi\u00eancia comprovada na \u00e1rea.\" data-balloon-pos=\"up\">Educador do Tempo Integral - Educa\u00e7\u00e3o Infantil e Ensino Fundamental I<\/span><\/td>\r\n<td class=\"cvagas\">02 + CR<\/td>\r\n<td class=\"cremuneracao\">R$ 4.000,00 \/40h<\/td>\r\n<\/tr><td class=\"ccargos\">\r\n<span data-balloon-length=\"medium\" aria-label=\"Ensino M\u00e9dio completo e estar cursando a partir do 3\u00ba semestre da gradua\u00e7\u00e3o de Pedagogia, devendo tal condi\u00e7\u00e3o ser comprovada no momento da convoca\u00e7\u00e3o. Experi\u00eancia comprovada na \u00e1rea.\" data-balloon-pos=\"up\">Educador do Tempo Integral - Educa\u00e7\u00e3o Infantil e Ensino Fundamental I<\/span><\/td>\r\n<td class=\"cvagas\">01 + CR<\/td>\r\n<td class=\"cremuneracao\">R$ 4.000,00 \/40h<\/td>\r\n<\/tr><td class=\"ccargos\">\r\n<span data-balloon-length=\"medium\" aria-label=\"Ensino M\u00e9dio completo; curso de forma\u00e7\u00e3o em Tradu\u00e7\u00e3o e Interpreta\u00e7\u00e3o de Libras\/L\u00edngua Portuguesa, ofertado por institui\u00e7\u00f5es reconhecidas pelo MEC.\" data-balloon-pos=\"up\">Int\u00e9rprete de Libras<\/span><\/td>\r\n<td class=\"cvagas\">02 + CR<\/td>\r\n<td class=\"cremuneracao\">R$ 2.000,00 \/20h<\/td>\r\n<\/tr><td class=\"ccargos\">\r\n<span data-balloon-length=\"medium\" aria-label=\"Ensino M\u00e9dio completo. Curso de certifica\u00e7\u00e3o na \u00e1rea. Experi\u00eancia devidamente comprovada na \u00e1rea.\" data-balloon-pos=\"up\">Monitor - Oficina de Inform\u00e1tica<\/span><\/td>\r\n<td class=\"cvagas\">03 + CR<\/td>\r\n<td class=\"cremuneracao\">R$ 1.518,00 \/20h<\/td>\r\n<\/tr><td class=\"ccargos\">\r\n<span data-balloon-length=\"medium\" aria-label=\"Ensino M\u00e9dio completo. Curso de certifica\u00e7\u00e3o na \u00e1rea. Experi\u00eancia devidamente comprovada na \u00e1rea.\" data-balloon-pos=\"up\">Monitor - Oficina de Inform\u00e1tica<\/span><\/td>\r\n<td class=\"cvagas\">01 + CR<\/td>\r\n<td class=\"cremuneracao\">R$ 1.518,00 \/20h<\/td>\r\n<\/tr><td class=\"ccargos\">\r\n<span data-balloon-length=\"medium\" aria-label=\"Ensino M\u00e9dio completo. Curso de certifica\u00e7\u00e3o na \u00e1rea. Experi\u00eancia devidamente comprovada na \u00e1rea.\" data-balloon-pos=\"up\">Monitor - Oficina de Inform\u00e1tica<\/span><\/td>\r\n<td class=\"cvagas\">01 + CR<\/td>\r\n<td class=\"cremuneracao\">R$ 1.518,00 \/20h<\/td>\r\n<\/tr><td class=\"ccargos\">\r\n<span data-balloon-length=\"medium\" aria-label=\"Ensino M\u00e9dio completo. Curso de certifica\u00e7\u00e3o na \u00e1rea. Experi\u00eancia devidamente comprovada na \u00e1rea.\" data-balloon-pos=\"up\">Monitor - Oficina de Inform\u00e1tica<\/span><\/td>\r\n<td class=\"cvagas\">01 + CR<\/td>\r\n<td class=\"cremuneracao\">R$ 1.518,00 \/20h<\/td>\r\n<\/tr><td class=\"ccargos\">\r\n<span data-balloon-length=\"medium\" aria-label=\"Ensino m\u00e9dio completo; Cursos (200h) em \u00e1reas correlatas.\" data-balloon-pos=\"up\">Operador de Cadastro \u00danico<\/span><\/td>\r\n<td class=\"cvagas\">04 + CR<\/td>\r\n<td class=\"cremuneracao\">R$ 1.518,00 \/40h<\/td>\r\n<\/tr><td class=\"ccargos\">\r\n<span data-balloon-length=\"medium\" aria-label=\"Ensino m\u00e9dio completo; Cursos (200h) em \u00e1reas correlatas.\" data-balloon-pos=\"up\">Operador de Cadastro \u00danico<\/span><\/td>\r\n<td class=\"cvagas\">01 + CR<\/td>\r\n<td class=\"cremuneracao\">R$ 1.518,00 \/40h<\/td>\r\n<\/tr><td class=\"ccargos\">\r\n<span data-balloon-length=\"medium\" aria-label=\"Ensino m\u00e9dio completo; Cursos (200h) em \u00e1reas correlatas.\" data-balloon-pos=\"up\">Operador de Cadastro \u00danico<\/span><\/td>\r\n<td class=\"cvagas\">01 + CR<\/td>\r\n<td class=\"cremuneracao\">R$ 1.518,00 \/40h<\/td>\r\n<\/tr><td class=\"ccargos\">\r\n<span data-balloon-length=\"medium\" aria-label=\"Ensino m\u00e9dio completo; Cursos (200h) em \u00e1reas correlatas.\" data-balloon-pos=\"up\">Operador de Cadastro \u00danico<\/span><\/td>\r\n<td class=\"cvagas\">01 + CR<\/td>\r\n<td class=\"cremuneracao\">R$ 1.518,00 \/40h<\/td>\r\n<\/tr><td class=\"ccargos\">\r\n<span data-balloon-length=\"medium\" aria-label=\"Ensino m\u00e9dio completo; Cursos (200h) em \u00e1reas correlatas.\" data-balloon-pos=\"up\">Orientador Social - Servi\u00e7o de Conviv\u00eancia e Fortalecimento de V\u00ednculos<\/span><\/td>\r\n<td class=\"cvagas\">04 + CR<\/td>\r\n<td class=\"cremuneracao\">R$ 1.518,00 \/40h<\/td>\r\n<\/tr><td class=\"ccargos\">\r\n<span data-balloon-length=\"medium\" aria-label=\"Ensino m\u00e9dio completo; Cursos (200h) em \u00e1reas correlatas.\" data-balloon-pos=\"up\">Orientador Social - Servi\u00e7o de Conviv\u00eancia e Fortalecimento de V\u00ednculos<\/span><\/td>\r\n<td class=\"cvagas\">01 + CR<\/td>\r\n<td class=\"cremuneracao\">R$ 1.518,00 \/40h<\/td>\r\n<\/tr><td class=\"ccargos\">\r\n<span data-balloon-length=\"medium\" aria-label=\"Ensino m\u00e9dio completo; Cursos (200h) em \u00e1reas correlatas.\" data-balloon-pos=\"up\">Orientador Social - Servi\u00e7o de Conviv\u00eancia e Fortalecimento de V\u00ednculos<\/span><\/td>\r\n<td class=\"cvagas\">01 + CR<\/td>\r\n<td class=\"cremuneracao\">R$ 1.518,00 \/40h<\/td>\r\n<\/tr><td class=\"ccargos\">\r\n<span data-balloon-length=\"medium\" aria-label=\"Ensino m\u00e9dio completo; Cursos (200h) em \u00e1reas correlatas.\" data-balloon-pos=\"up\">Orientador Social - Servi\u00e7o de Conviv\u00eancia e Fortalecimento de V\u00ednculos<\/span><\/td>\r\n<td class=\"cvagas\">01 + CR<\/td>\r\n<td class=\"cremuneracao\">R$ 1.518,00 \/40h<\/td>\r\n<\/tr><td class=\"ccargos\">\r\n<span data-balloon-length=\"medium\" aria-label=\"Ensino m\u00e9dio completo; Cursos (200h) em \u00e1reas correlatas.\" data-balloon-pos=\"up\">Orientador Social - Servi\u00e7o de Conviv\u00eancia e Fortalecimento de V\u00ednculos<\/span><\/td>\r\n<td class=\"cvagas\">01 + CR<\/td>\r\n<td class=\"cremuneracao\">R$ 1.518,00 \/40h<\/td>\r\n<\/tr><td class=\"ccargos\">\r\n<span data-balloon-length=\"medium\" aria-label=\"Ensino m\u00e9dio completo; Cursos (200h) em \u00e1reas correlatas.\" data-balloon-pos=\"up\">Orientador Social - Servi\u00e7o de Conviv\u00eancia e Fortalecimento de V\u00ednculos<\/span><\/td>\r\n<td class=\"cvagas\">01 + CR<\/td>\r\n<td class=\"cremuneracao\">R$ 1.518,00 \/40h<\/td>\r\n<\/tr><td class=\"ccargos\">\r\n<span data-balloon-length=\"medium\" aria-label=\"Ensino m\u00e9dio completo; Cursos (200h) em \u00e1reas correlatas.\" data-balloon-pos=\"up\">Visitador Social - Primeira Inf\u00e2ncia no SUAS<\/span><\/td>\r\n<td class=\"cvagas\">03 + CR<\/td>\r\n<td class=\"cremuneracao\">R$ 1.518,00 \/40h<\/td>\r\n<\/tr><td class=\"ccargos\">\r\n<span data-balloon-length=\"medium\" aria-label=\"Ensino m\u00e9dio completo; Cursos (200h) em \u00e1reas correlatas.\" data-balloon-pos=\"up\">Visitador Social - Primeira Inf\u00e2ncia no SUAS<\/span><\/td>\r\n<td class=\"cvagas\">01 + CR<\/td>\r\n<td class=\"cremuneracao\">R$ 1.518,00 \/40h<\/td>\r\n<\/tr><td class=\"ccargos\">\r\n<span data-balloon-length=\"medium\" aria-label=\"Ensino m\u00e9dio completo; Cursos (200h) em \u00e1reas correlatas.\" data-balloon-pos=\"up\">Visitador Social - Primeira Inf\u00e2ncia no SUAS<\/span><\/td>\r\n<td class=\"cvagas\">01 + CR<\/td>\r\n<td class=\"cremuneracao\">R$ 1.518,00 \/40h<\/td>\r\n<\/tr><td class=\"ccargos\">\r\n<span data-balloon-length=\"medium\" aria-label=\"Ensino m\u00e9dio completo; Cursos (200h) em \u00e1reas correlatas.\" data-balloon-pos=\"up\">Visitador Social - Primeira Inf\u00e2ncia no SUAS<\/span><\/td>\r\n<td class=\"cvagas\">01 + CR<\/td>\r\n<td class=\"cremuneracao\">R$ 1.518,00 \/40h<\/td>\r\n<\/tr><td class=\"ccargos\">\r\n<span data-balloon-length=\"medium\" aria-label=\"Ensino m\u00e9dio completo; Cursos (200h) em \u00e1reas correlatas.\" data-balloon-pos=\"up\">Visitador Social - Primeira Inf\u00e2ncia no SUAS<\/span><\/td>\r\n<td class=\"cvagas\">01 + CR<\/td>\r\n<td class=\"cremuneracao\">R$ 1.518,00 \/40h<\/td>\r\n<\/tr><td class=\"ccargos\">\r\n<span data-balloon-length=\"medium\" aria-label=\"Ensino M\u00e9dio completo; Cursos (200h) em \u00e1reas correlatas.\" data-balloon-pos=\"up\">Visitador Social - Primeira Inf\u00e2ncia no SUAS<\/span><\/td>\r\n<td class=\"cvagas\">1 + CR<\/td>\r\n<td class=\"cremuneracao\">R$ 1.518,00 \/40h<\/td>\r\n<\/tr><td class=\"ccargos\">\r\n<span data-balloon-length=\"medium\" aria-label=\"Ensino M\u00e9dio completo; Cursos (200h) em \u00e1reas correlatas.\" data-balloon-pos=\"up\">Visitador Social - Primeira Inf\u00e2ncia no SUAS<\/span><\/td>\r\n<td class=\"cvagas\">1 + CR<\/td>\r\n<td class=\"cremuneracao\">R$ 1.518,00 \/40h<\/td>\r\n<\/tr><td class=\"ccargos\">\r\n<span data-balloon-length=\"medium\" aria-label=\"Curso T\u00e9cnico em Agropecu\u00e1ria ou Agricultura com certifica\u00e7\u00e3o comprovada nas \u00e1reas.\" data-balloon-pos=\"up\">Horticultor<\/span><\/td>\r\n<td class=\"cvagas\">02 + CR<\/td>\r\n<td class=\"cremuneracao\">R$ 2.400,00 \/20h<\/td>\r\n<\/tr><td class=\"ccargos\">\r\n<span data-balloon-length=\"medium\" aria-label=\"Curso T\u00e9cnico em Design de Moda. Experi\u00eancia como facilitador em cursos voltados para a moda (m\u00ednimo 100h).\" data-balloon-pos=\"up\">Oficineiro<\/span><\/td>\r\n<td class=\"cvagas\">01 + CR<\/td>\r\n<td class=\"cremuneracao\">R$ 1.600,00 \/40h<\/td>\r\n<\/tr><td class=\"ccargos\">\r\n<span data-balloon-length=\"medium\" aria-label=\"Curso T\u00e9cnico de An\u00e1lises Cl\u00ednicas e habilita\u00e7\u00e3o no Conselho da Classe.\" data-balloon-pos=\"up\">T\u00e9cnico em An\u00e1lises Cl\u00ednicas<\/span><\/td>\r\n<td class=\"cvagas\">04 + CR<\/td>\r\n<td class=\"cremuneracao\">R$ 1.600,00 \/40h<\/td>\r\n<\/tr><td class=\"ccargos\">\r\n<span data-balloon-length=\"medium\" aria-label=\"Curso T\u00e9cnico em Inform\u00e1tica ou \u00e1reas correlatas (ex.: T\u00e9cnico em Redes de Computadores, T\u00e9cnico em Manuten\u00e7\u00e3o e Suporte em Inform\u00e1tica), conclu\u00eddo em institui\u00e7\u00e3o reconhecida pelo MEC.\" data-balloon-pos=\"up\">T\u00e9cnico em Inform\u00e1tica<\/span><\/td>\r\n<td class=\"cvagas\">02 + CR<\/td>\r\n<td class=\"cremuneracao\">R$ 1.518,00 \/40h<\/td>\r\n<\/tr><td class=\"ccargos\">\r\n<span data-balloon-length=\"medium\" aria-label=\"Curso T\u00e9cnico de Radiologia e habilita\u00e7\u00e3o no Conselho da Classe.\" data-balloon-pos=\"up\">T\u00e9cnico em Radiologia<\/span><\/td>\r\n<td class=\"cvagas\">07 + CR<\/td>\r\n<td class=\"cremuneracao\">R$ 1.600,00 \/30h<\/td>\r\n<\/tr><td class=\"ccargos\">\r\n<span data-balloon-length=\"medium\" aria-label=\"Curso T\u00e9cnico em Imobiliza\u00e7\u00e3o Ortop\u00e9dica.\" data-balloon-pos=\"up\">T\u00e9cnico em Imobiliza\u00e7\u00e3o Ortop\u00e9dica<\/span><\/td>\r\n<td class=\"cvagas\">04 + CR<\/td>\r\n<td class=\"cremuneracao\">R$ 1.600,00 \/40h<\/td>\r\n<\/tr><td class=\"ccargos\">\r\n<span data-balloon-length=\"medium\" aria-label=\"Curso T\u00e9cnico de Seguran\u00e7a do Trabalho.\" data-balloon-pos=\"up\">T\u00e9cnico em Seguran\u00e7a do Trabalho<\/span><\/td>\r\n<td class=\"cvagas\">01 + CR<\/td>\r\n<td class=\"cremuneracao\">R$ 1.600,00 \/40h<\/td>\r\n<\/tr>\r\n    <\/tbody>\r\n  <\/table>\r\n<\/div>","_superior":"<div>\r\n<table class=\"quadro\">\r\n<thead>\r\n<tr>\r\n<th class=\"hcargo\">Cargo<\/th>\r\n<th class=\"hvagas\">Vagas<\/th>\r\n<th class=\"hremuneracao\">Remunera\u00e7\u00e3o<\/th>\r\n<\/tr>\r\n<\/thead>\r\n    <tbody>\r\n      <tr>\r\n<td class=\"ccargos\">\r\n<span data-balloon-length=\"medium\" aria-label=\"Ensino Superior em Arquitetura e registro regular e ativo no respectivo \u00f3rg\u00e3o fiscalizador da profiss\u00e3o. Experi\u00eancia no setor p\u00fablico. P\u00f3s-gradua\u00e7\u00e3o ou mestrado na \u00e1rea de atua\u00e7\u00e3o.\" data-balloon-pos=\"up\">Arquiteto<\/span><\/td>\r\n<td class=\"cvagas\">01 + CR<\/td>\r\n<td class=\"cremuneracao\">R$ 5.000,00 \/40h<\/td>\r\n<\/tr><tr>\r\n<td class=\"ccargos\">\r\n<span data-balloon-length=\"medium\" aria-label=\"Gradua\u00e7\u00e3o em Servi\u00e7o Social, reconhecida pelo MEC. Registro ativo e regular no CRESS (Conselho Regional de Servi\u00e7o Social). Experi\u00eancia comprovada: Atua\u00e7\u00e3o pr\u00e9via em Educa\u00e7\u00e3o, Educa\u00e7\u00e3o inclusiva\/ especial, escolas ou programas voltados a pessoas com defici\u00eancia.\" data-balloon-pos=\"up\">Assistente Social<\/span><\/td>\r\n<td class=\"cvagas\">01 + CR<\/td>\r\n<td class=\"cremuneracao\">R$ 2.870,00 \/30h<\/td>\r\n<\/tr><tr>\r\n<td class=\"ccargos\">\r\n<span data-balloon-length=\"medium\" aria-label=\"Bacharel em Servi\u00e7o Social. Registro ativo e regular no conselho (CRESS);\" data-balloon-pos=\"up\">Assistente Social<\/span><\/td>\r\n<td class=\"cvagas\">01 + CR<\/td>\r\n<td class=\"cremuneracao\">R$ 2.870,00 \/30h<\/td>\r\n<\/tr><tr>\r\n<td class=\"ccargos\">\r\n<span data-balloon-length=\"medium\" aria-label=\"Bacharel em Servi\u00e7o Social.\" data-balloon-pos=\"up\">Assistente Social<\/span><\/td>\r\n<td class=\"cvagas\">01 + CR<\/td>\r\n<td class=\"cremuneracao\">R$ 2.250,00 \/20h<\/td>\r\n<\/tr><tr>\r\n<td class=\"ccargos\">\r\n<span data-balloon-length=\"medium\" aria-label=\"Bacharelado em Biomedicina. Registro ativo e regular no Conselho de Classe. Cursos (200h) em \u00e1reas correlatas.\" data-balloon-pos=\"up\">Biom\u00e9dico<\/span><\/td>\r\n<td class=\"cvagas\">01 + CR*<\/td>\r\n<td class=\"cremuneracao\">R$ 3.000,00 \/40h<\/td>\r\n<\/tr><tr>\r\n<td class=\"ccargos\">\r\n<span data-balloon-length=\"medium\" aria-label=\"Bacharel em Educa\u00e7\u00e3o F\u00edsica. Cursos (200h) em \u00e1reas correlatas.\" data-balloon-pos=\"up\">Educador f\u00edsico- Servi\u00e7o de Conviv\u00eancia e Fortalecimento de V\u00ednculos<\/span><\/td>\r\n<td class=\"cvagas\">01 + CR*<\/td>\r\n<td class=\"cremuneracao\">R$ 2.250,00 \/20h<\/td>\r\n<\/tr><tr>\r\n<td class=\"ccargos\">\r\n<span data-balloon-length=\"medium\" aria-label=\"Bacharelado em Educa\u00e7\u00e3o F\u00edsica.\" data-balloon-pos=\"up\">Educador F\u00edsico<\/span><\/td>\r\n<td class=\"cvagas\">01 + CR<\/td>\r\n<td class=\"cremuneracao\">R$ 3.000,00 \/40h<\/td>\r\n<\/tr><tr>\r\n<td class=\"ccargos\">\r\n<span data-balloon-length=\"medium\" aria-label=\"N\u00edvel Superior em Engenharia Agron\u00f4mica + Especializa\u00e7\u00e3o ou P\u00f3s-gradua\u00e7\u00e3o em Desenvolvimento Rural; Registro regular e ativo no conselho de classe (CREA).\" data-balloon-pos=\"up\">Engenheiro Agr\u00f4nomo<\/span><\/td>\r\n<td class=\"cvagas\">01 + CR*<\/td>\r\n<td class=\"cremuneracao\">R$ 3.000,00 \/40h<\/td>\r\n<\/tr><tr>\r\n<td class=\"ccargos\">\r\n<span data-balloon-length=\"medium\" aria-label=\"Bacharelado em Engenharia Ambiental + Especializa\u00e7\u00e3o em Licenciamento Ambiental e Gerenciamento de Res\u00edduos S\u00f3lidos. Registro profissional regular e ativo no conselho de classe (CREA); CAT de presta\u00e7\u00e3o de servi\u00e7os com Poder P\u00fablico Municipal.\" data-balloon-pos=\"up\">Engenheiro Ambiental<\/span><\/td>\r\n<td class=\"cvagas\">01 + CR*<\/td>\r\n<td class=\"cremuneracao\">R$ 3.500,00 \/40h<\/td>\r\n<\/tr><tr>\r\n<td class=\"ccargos\">\r\n<span data-balloon-length=\"medium\" aria-label=\"Ensino superior em Engenharia Civil e registro ativo e regular no respectivo \u00f3rg\u00e3o fiscalizador da profiss\u00e3o. Experi\u00eancia no setor p\u00fablico. Curso de Autocard, Revit e Or\u00e7amento.\" data-balloon-pos=\"up\">Engenheiro Civil<\/span><\/td>\r\n<td class=\"cvagas\">01 + CR*<\/td>\r\n<td class=\"cremuneracao\">R$ 5.000,00 \/40h<\/td>\r\n<\/tr><tr>\r\n<td class=\"ccargos\">\r\n<span data-balloon-length=\"medium\" aria-label=\"Ensino superior em engenharia civil e registro ativo e regular no respectivo \u00f3rg\u00e3o fiscalizador da profiss\u00e3o. Curso (200h) na \u00e1rea de defesa civil ou correlata.\" data-balloon-pos=\"up\">Engenheiro Civil<\/span><\/td>\r\n<td class=\"cvagas\">01 + CR*<\/td>\r\n<td class=\"cremuneracao\">R$ 2.500,00 \/20h<\/td>\r\n<\/tr><tr>\r\n<td class=\"ccargos\">\r\n<span data-balloon-length=\"medium\" aria-label=\"Ensino superior em engenharia civil e registro ativo e regular no respectivo \u00f3rg\u00e3o fiscalizador da profiss\u00e3o. Curso (200h) na \u00e1rea de im\u00f3veis urbanos ou rural ou \u00e1rea correlata.\" data-balloon-pos=\"up\">Engenheiro Civil<\/span><\/td>\r\n<td class=\"cvagas\">01 + CR*<\/td>\r\n<td class=\"cremuneracao\">R$ 2.500,00 \/20h<\/td>\r\n<\/tr><tr>\r\n<td class=\"ccargos\">\r\n<span data-balloon-length=\"medium\" aria-label=\"Bacharelado em Farm\u00e1cia. Registro ativo e regular no Conselho da Classe.\" data-balloon-pos=\"up\">Farmac\u00eautico<\/span><\/td>\r\n<td class=\"cvagas\">01 + CR*<\/td>\r\n<td class=\"cremuneracao\">R$ 3.000,00 \/40h<\/td>\r\n<\/tr><tr>\r\n<td class=\"ccargos\">\r\n<span data-balloon-length=\"medium\" aria-label=\"Gradua\u00e7\u00e3o em Fisioterapia reconhecida pelo MEC; Registro ativo e regular no CREFITO (Conselho Regional de Fisioterapia e Terapia Ocupacional); Experi\u00eancia comprovada na \u00e1rea de Educa\u00e7\u00e3o Especial ou em atendimentos voltados a pessoas com defici\u00eancia. Cursos de especializa\u00e7\u00e3o, ou certifica\u00e7\u00e3o complementares na \u00e1rea de Educa\u00e7\u00e3o Inclusiva, Reabilita\u00e7\u00e3o Motora, Neurofuncional ou \u00e1reas afins.\" data-balloon-pos=\"up\">Fisioterapeuta<\/span><\/td>\r\n<td class=\"cvagas\">01 + CR*<\/td>\r\n<td class=\"cremuneracao\">R$ 2.640,00 \/30h<\/td>\r\n<\/tr><tr>\r\n<td class=\"ccargos\">\r\n<span data-balloon-length=\"medium\" aria-label=\"Bacharelado em Fisioterapia. Registro ativo e regular no Conselho da Classe.\" data-balloon-pos=\"up\">Fisioterapeuta<\/span><\/td>\r\n<td class=\"cvagas\">01 + CR*<\/td>\r\n<td class=\"cremuneracao\">R$ 2.250,00 \/30h<\/td>\r\n<\/tr><tr>\r\n<td class=\"ccargos\">\r\n<span data-balloon-length=\"medium\" aria-label=\"Gradua\u00e7\u00e3o em Fisioterapia, com diploma reconhecido pelo MEC. Registro ativo e regular no Conselho Regional de Fisioterapia e Terapia Ocupacional (CREFITO). Especializa\u00e7\u00e3o, cursos espec\u00edficos em Hidroterapia, Fisioterapia Aqu\u00e1tica. Experi\u00eancia Comprovada em Hidrogin\u00e1stica Experi\u00eancia viv\u00eancia com reabilita\u00e7\u00e3o de pessoas com defici\u00eancia.\" data-balloon-pos=\"up\">Fisioterapeuta com Especializa\u00e7\u00e3o em Hidroterapia\/ Hidrogin\u00e1stica<\/span><\/td>\r\n<td class=\"cvagas\">01 + CR*<\/td>\r\n<td class=\"cremuneracao\">R$ 2.640,00 \/30h<\/td>\r\n<\/tr><tr>\r\n<td class=\"ccargos\">\r\n<span data-balloon-length=\"medium\" aria-label=\"Gradua\u00e7\u00e3o em Fonoaudiologia, com diploma reconhecido pelo MEC. Registro ativo e regular no Conselho Regional de Fonoaudiologia (CREFO NO). Experi\u00eancia comprovada: Atua\u00e7\u00e3o com crian\u00e7as e adolescentes com defici\u00eancia, transtornos do neurodesenvolvimento (TEA, TDL, TDAH), s\u00edndromes gen\u00e9ticas, defici\u00eancias m\u00faltiplas, entre outros.\" data-balloon-pos=\"up\">Fonoaudi\u00f3logo<\/span><\/td>\r\n<td class=\"cvagas\">01+ CR*<\/td>\r\n<td class=\"cremuneracao\">R$ 2.250,00 \/30h<\/td>\r\n<\/tr><tr>\r\n<td class=\"ccargos\">\r\n<span data-balloon-length=\"medium\" aria-label=\"Bacharelado em Fonoaudiologia. Registro ativo e regular no Conselho Regional de Fonoaudiologia (CREFO NO).\" data-balloon-pos=\"up\">Fonoaudi\u00f3logo<\/span><\/td>\r\n<td class=\"cvagas\">01 + CR*<\/td>\r\n<td class=\"cremuneracao\">R$ 2.250,00 \/30h<\/td>\r\n<\/tr><tr>\r\n<td class=\"ccargos\">\r\n<span data-balloon-length=\"medium\" aria-label=\"Gradua\u00e7\u00e3o em Medicina + Resid\u00eancia M\u00e9dica em Ginecologia e registro ativo e regular no Conselho Regional de Medicina (CRM).\" data-balloon-pos=\"up\">M\u00e9dico Ginecologista<\/span><\/td>\r\n<td class=\"cvagas\">01+ CR*<\/td>\r\n<td class=\"cremuneracao\">R$ 4.700,00 \/20h<\/td>\r\n<\/tr><tr>\r\n<td class=\"ccargos\">\r\n<span data-balloon-length=\"medium\" aria-label=\"Gradua\u00e7\u00e3o em Medicina + Resid\u00eancia M\u00e9dica em Pediatria e registro ativo e regular no Conselho Regional de Medicina (CRM).\" data-balloon-pos=\"up\">M\u00e9dico Pediatra<\/span><\/td>\r\n<td class=\"cvagas\">01+ CR*<\/td>\r\n<td class=\"cremuneracao\">R$ 4.700,00 \/20h<\/td>\r\n<\/tr><tr>\r\n<td class=\"ccargos\">\r\n<span data-balloon-length=\"medium\" aria-label=\"Gradua\u00e7\u00e3o em Medicina + Resid\u00eancia M\u00e9dica em Otorrinolaringologia e registro ativo e regular no Conselho Regional de Medicina (CRM).\" data-balloon-pos=\"up\">M\u00e9dico Otorrinolaringologista<\/span><\/td>\r\n<td class=\"cvagas\">01+ CR*<\/td>\r\n<td class=\"cremuneracao\">R$ 4.700,00 \/20h<\/td>\r\n<\/tr><tr>\r\n<td class=\"ccargos\">\r\n<span data-balloon-length=\"medium\" aria-label=\"Gradua\u00e7\u00e3o em Medicina + Resid\u00eancia M\u00e9dica em Ginecologia e Obstetr\u00edcia e registro ativo e regular no Conselho Regional de Medicina (CRM).\" data-balloon-pos=\"up\">M\u00e9dico Obstetra<\/span><\/td>\r\n<td class=\"cvagas\">01 + CR*<\/td>\r\n<td class=\"cremuneracao\">R$ 4.700,00 \/20h<\/td>\r\n<\/tr><tr>\r\n<td class=\"ccargos\">\r\n<span data-balloon-length=\"medium\" aria-label=\"Gradua\u00e7\u00e3o em Medicina + Resid\u00eancia M\u00e9dica em Neurologia e registro ativo e regular no Conselho Regional de Medicina (CRM).\" data-balloon-pos=\"up\">M\u00e9dico Neurologista<\/span><\/td>\r\n<td class=\"cvagas\">01 + CR*<\/td>\r\n<td class=\"cremuneracao\">R$ 4.700,00 \/20h<\/td>\r\n<\/tr><tr>\r\n<td class=\"ccargos\">\r\n<span data-balloon-length=\"medium\" aria-label=\"Gradua\u00e7\u00e3o em Medicina + Resid\u00eancia M\u00e9dica em Endocrinologia e Metabologia e registro ativo e regular no Conselho Regional de Medicina (CRM).\" data-balloon-pos=\"up\">M\u00e9dico Endocrinologista<\/span><\/td>\r\n<td class=\"cvagas\">01 + CR*<\/td>\r\n<td class=\"cremuneracao\">R$ 4.700,00 \/20h<\/td>\r\n<\/tr><tr>\r\n<td class=\"ccargos\">\r\n<span data-balloon-length=\"medium\" aria-label=\"Gradua\u00e7\u00e3o em Medicina + Cl\u00ednica M\u00e9dica e registro ativo e regular no Conselho Regional de Medicina (CRM).\" data-balloon-pos=\"up\">M\u00e9dico Cl\u00ednico<\/span><\/td>\r\n<td class=\"cvagas\">01 + CR*<\/td>\r\n<td class=\"cremuneracao\">R$ 4.300,00 \/20h<\/td>\r\n<\/tr><tr>\r\n<td class=\"ccargos\">\r\n<span data-balloon-length=\"medium\" aria-label=\"Gradua\u00e7\u00e3o em Medicina + Resid\u00eancia M\u00e9dica em Oftalmologia e registro ativo e regular no Conselho Regional de Medicina (CRM).\" data-balloon-pos=\"up\">M\u00e9dico Oftalmologista<\/span><\/td>\r\n<td class=\"cvagas\">01 + CR*<\/td>\r\n<td class=\"cremuneracao\">R$ 4.700,00 \/20h<\/td>\r\n<\/tr><tr>\r\n<td class=\"ccargos\">\r\n<span data-balloon-length=\"medium\" aria-label=\"Gradua\u00e7\u00e3o em Medicina + Resid\u00eancia M\u00e9dica em Ortopedia e registro ativo e regular no Conselho Regional de Medicina (CRM).\" data-balloon-pos=\"up\">M\u00e9dico Ortopedista<\/span><\/td>\r\n<td class=\"cvagas\">01 + CR*<\/td>\r\n<td class=\"cremuneracao\">R$ 4.700,00 \/20h<\/td>\r\n<\/tr><tr>\r\n<td class=\"ccargos\">\r\n<span data-balloon-length=\"medium\" aria-label=\"Gradua\u00e7\u00e3o em Medicina + Resid\u00eancia M\u00e9dica em Ginecologia e\/ou Cirurgia Geral com especializa\u00e7\u00e3o em Mastologia e registro ativo e regular no Conselho Regional de Medicina (CRM).\" data-balloon-pos=\"up\">M\u00e9dico Mastologista<\/span><\/td>\r\n<td class=\"cvagas\">01 + CR*<\/td>\r\n<td class=\"cremuneracao\">R$ 4.700,00 \/20h<\/td>\r\n<\/tr><tr>\r\n<td class=\"ccargos\">\r\n<span data-balloon-length=\"medium\" aria-label=\"Gradua\u00e7\u00e3o em Medicina + Resid\u00eancia M\u00e9dica em Urologia e registro ativo e regular no Conselho Regional de Medicina (CRM).\" data-balloon-pos=\"up\">M\u00e9dico Urologista<\/span><\/td>\r\n<td class=\"cvagas\">01 + CR*<\/td>\r\n<td class=\"cremuneracao\">R$ 4.700,00 \/20h<\/td>\r\n<\/tr><tr>\r\n<td class=\"ccargos\">\r\n<span data-balloon-length=\"medium\" aria-label=\"Gradua\u00e7\u00e3o em Medicina + Resid\u00eancia M\u00e9dica em Cardiologia, reconhecida pelo MEC. Especialista em Cardiologia emitido pela AMB\/Sociedade Brasileira de Cardiologia (SBC).\" data-balloon-pos=\"up\">M\u00e9dico Cardiologista<\/span><\/td>\r\n<td class=\"cvagas\">01 + CR*<\/td>\r\n<td class=\"cremuneracao\">R$ 4.700,00 \/20h<\/td>\r\n<\/tr><tr>\r\n<td class=\"ccargos\">\r\n<span data-balloon-length=\"medium\" aria-label=\"Gradua\u00e7\u00e3o em Medicina + Resid\u00eancia M\u00e9dica em Neurologia ou Pediatria + Especializa\u00e7\u00e3o em Neurologia Infantil e registro ativo e regular no Conselho Regional de Medicina (CRM).\" data-balloon-pos=\"up\">M\u00e9dico Neuropediatra<\/span><\/td>\r\n<td class=\"cvagas\">01 + CR*<\/td>\r\n<td class=\"cremuneracao\">R$ 4.700,00 \/20h<\/td>\r\n<\/tr><tr>\r\n<td class=\"ccargos\">\r\n<span data-balloon-length=\"medium\" aria-label=\"Gradua\u00e7\u00e3o em Medicina + Resid\u00eancia M\u00e9dica em Psiquiatria e registro ativo e regular no Conselho Regional de Medicina (CRM).\" data-balloon-pos=\"up\">M\u00e9dico Psiquiatra<\/span><\/td>\r\n<td class=\"cvagas\">01 + CR*<\/td>\r\n<td class=\"cremuneracao\">R$ 4.700,00 \/20h<\/td>\r\n<\/tr><tr>\r\n<td class=\"ccargos\">\r\n<span data-balloon-length=\"medium\" aria-label=\"Curso Superior em Musicoterapia com diploma reconhecido pelo MEC; ou Gradua\u00e7\u00e3o em \u00e1reas afins (como M\u00fasica, Psicologia, Educa\u00e7\u00e3o, Terapia Ocupacional) com especializa\u00e7\u00e3o em Musicoterapia (m\u00ednimo 360h). Experi\u00eancia comprovada de atua\u00e7\u00e3o na \u00e1rea.\" data-balloon-pos=\"up\">Musicoterapeuta<\/span><\/td>\r\n<td class=\"cvagas\">01 + CR*<\/td>\r\n<td class=\"cremuneracao\">R$ 2.500,00 \/40h<\/td>\r\n<\/tr><tr>\r\n<td class=\"ccargos\">\r\n<span data-balloon-length=\"medium\" aria-label=\"Gradua\u00e7\u00e3o em Psicologia. com Especializa\u00e7\u00e3o em Neuropsicologia. Registro ativo e regular no Conselho Regional de Psicologia (CRP). Forma\u00e7\u00e3o complementar para Aplica\u00e7\u00e3o de Testes neuropsicol\u00f3gicos. Os Cursos (somados) devem possuir carga hor\u00e1ria m\u00ednima de 30h e devem versar sobre utiliza\u00e7\u00e3o, aplica\u00e7\u00e3o e corre\u00e7\u00e3o dos instrumentos espec\u00edficos utilizados nas avalia\u00e7\u00f5es neuropsicol\u00f3gicas, como por exemplo: \u0392\u03a1\u0391, RAVLT, Neupsilin, Wisc-IV etc. Experi\u00eancia Comprovada: atua\u00e7\u00e3o como neuropsic\u00f3logo\" data-balloon-pos=\"up\">Neuropsic\u00f3logo<\/span><\/td>\r\n<td class=\"cvagas\">01 + CR*<\/td>\r\n<td class=\"cremuneracao\">R$ 4.450,00 \/30h<\/td>\r\n<\/tr><tr>\r\n<td class=\"ccargos\">\r\n<span data-balloon-length=\"medium\" aria-label=\"Gradua\u00e7\u00e3o em Nutri\u00e7\u00e3o, com diploma reconhecido pelo MEC. Registro ativo e regular no Conselho Regional de Nutricionistas (CRN). Experi\u00eancia Comprovada em atendimento multiprofissional com atua\u00e7\u00e3o pr\u00e9via em Educa\u00e7\u00e3o, Educa\u00e7\u00e3o Inclusiva, ou programas voltados a pessoas com defici\u00eancia. Experi\u00eancia ou conhecimento em alimenta\u00e7\u00e3o escolar, terapia alimentar e experi\u00eancia comprovada em atendimentos a pessoas com defici\u00eancia. Cursos de especializa\u00e7\u00e3o, terapia alimentar ou \u00e1reas afins.\" data-balloon-pos=\"up\">Nutricionista<\/span><\/td>\r\n<td class=\"cvagas\">01 + CR*<\/td>\r\n<td class=\"cremuneracao\">R$ 3.000,00 \/40h<\/td>\r\n<\/tr><tr>\r\n<td class=\"ccargos\">\r\n<span data-balloon-length=\"medium\" aria-label=\"Bacharel em Nutri\u00e7\u00e3o. Registro ativo e regular no Conselho de Classe.\" data-balloon-pos=\"up\">Nutricionista<\/span><\/td>\r\n<td class=\"cvagas\">01 + CR*<\/td>\r\n<td class=\"cremuneracao\">R$ 3.000,00 \/40h<\/td>\r\n<\/tr><tr>\r\n<td class=\"ccargos\">\r\n<span data-balloon-length=\"medium\" aria-label=\"Gradua\u00e7\u00e3o em Nutri\u00e7\u00e3o, com diploma reconhecido pelo MEC. Registro ativo e regular no Conselho Regional de Nutricionistas (CRN). Experi\u00eancia Comprovada com atua\u00e7\u00e3o anterior em institui\u00e7\u00f5es de ensino, no setor educacional e \u00e1reas afins.\" data-balloon-pos=\"up\">Nutricionista - Setor de Alimenta\u00e7\u00e3o Escolar<\/span><\/td>\r\n<td class=\"cvagas\">01 + CR*<\/td>\r\n<td class=\"cremuneracao\">R$ 3.500,00 \/40h<\/td>\r\n<\/tr><tr>\r\n<td class=\"ccargos\">\r\n<span data-balloon-length=\"medium\" aria-label=\"Bacharelado em Odontologia. Registro ativo e regular no Conselho de Classe.\" data-balloon-pos=\"up\">Odont\u00f3logo<\/span><\/td>\r\n<td class=\"cvagas\">01 + CR*<\/td>\r\n<td class=\"cremuneracao\">R$ 3.000,00 \/40h<\/td>\r\n<\/tr><tr>\r\n<td class=\"ccargos\">\r\n<span data-balloon-length=\"medium\" aria-label=\"Bacharelado em Odontologia. Registro ativo e regular no Conselho de Classe.\" data-balloon-pos=\"up\">Odont\u00f3logo<\/span><\/td>\r\n<td class=\"cvagas\">01 + CR*<\/td>\r\n<td class=\"cremuneracao\">R$ 3.000,00 \/40h<\/td>\r\n<\/tr><tr>\r\n<td class=\"ccargos\">\r\n<span data-balloon-length=\"medium\" aria-label=\"Bacharelado em Odontologia. Registro ativo e regular no Conselho de Classe.\" data-balloon-pos=\"up\">Odont\u00f3logo<\/span><\/td>\r\n<td class=\"cvagas\">01 + CR*<\/td>\r\n<td class=\"cremuneracao\">R$ 3.000,00 \/40h<\/td>\r\n<\/tr><tr>\r\n<td class=\"ccargos\">\r\n<span data-balloon-length=\"medium\" aria-label=\"Bacharelado em Odontologia. Registro ativo e regular no Conselho de Classe.\" data-balloon-pos=\"up\">Odont\u00f3logo<\/span><\/td>\r\n<td class=\"cvagas\">01 + CR*<\/td>\r\n<td class=\"cremuneracao\">R$ 3.000,00 \/40h<\/td>\r\n<\/tr><tr>\r\n<td class=\"ccargos\">\r\n<span data-balloon-length=\"medium\" aria-label=\"Licenciatura em Pedagogia, com diploma reconhecido pelo MEC. Experi\u00eancia Comprovada na \u00e1rea.\" data-balloon-pos=\"up\">Pedagogo<\/span><\/td>\r\n<td class=\"cvagas\">01 + CR*<\/td>\r\n<td class=\"cremuneracao\">R$ 2.434,00 \/20h<\/td>\r\n<\/tr><tr>\r\n<td class=\"ccargos\">\r\n<span data-balloon-length=\"medium\" aria-label=\"Licenciatura em Libras ou P\u00f3s-Gradua\u00e7\u00e3o em Libras ou Forma\u00e7\u00e3o espec\u00edfica que aborde o ensino e a cultura surda.\" data-balloon-pos=\"up\">Professor em Libras<\/span><\/td>\r\n<td class=\"cvagas\">01 + CR*<\/td>\r\n<td class=\"cremuneracao\">R$ 4.868,00 \/40h<\/td>\r\n<\/tr><tr>\r\n<td class=\"ccargos\">\r\n<span data-balloon-length=\"medium\" aria-label=\"Licenciada em Pedagogia ou Pedagogia, com diploma reconhecido pelo MEC. Experi\u00eancia comprovada na \u00e1rea.\" data-balloon-pos=\"up\">Professor Licenciado em Pedagogia - Educa\u00e7\u00e3o Fundamental I<\/span><\/td>\r\n<td class=\"cvagas\">01 + CR*<\/td>\r\n<td class=\"cremuneracao\">R$ 2.434,00 \/20h<\/td>\r\n<\/tr><tr>\r\n<td class=\"ccargos\">\r\n<span data-balloon-length=\"medium\" aria-label=\"Licenciatura em Pedagogia com diploma reconhecido pelo MEC Experi\u00eancia comprovada na \u00e1rea.\" data-balloon-pos=\"up\">Professor Licenciado em Pedagogia - Educa\u00e7\u00e3o Infantil (Creche - Ber\u00e7\u00e1rio I e II)<\/span><\/td>\r\n<td class=\"cvagas\">01 + CR*<\/td>\r\n<td class=\"cremuneracao\">R$ 4.868,00 \/40h<\/td>\r\n<\/tr><tr>\r\n<td class=\"ccargos\">\r\n<span data-balloon-length=\"medium\" aria-label=\"Licenciatura em Pedagogia com diploma reconhecido pelo MEC Experi\u00eancia comprovada na \u00e1rea.\" data-balloon-pos=\"up\">Professor - Infantil e Fundamental I<\/span><\/td>\r\n<td class=\"cvagas\">01 + CR*<\/td>\r\n<td class=\"cremuneracao\">R$ 4.868,00 \/40h<\/td>\r\n<\/tr><tr>\r\n<td class=\"ccargos\">\r\n<span data-balloon-length=\"medium\" aria-label=\"Licenciatura em Pedagogia com diploma reconhecido pelo MEC Experi\u00eancia comprovada na \u00e1rea.\" data-balloon-pos=\"up\">Professor - Infantil e Fundamental I<\/span><\/td>\r\n<td class=\"cvagas\">01 + CR*<\/td>\r\n<td class=\"cremuneracao\">R$ 4.868,00 \/40h<\/td>\r\n<\/tr><tr>\r\n<td class=\"ccargos\">\r\n<span data-balloon-length=\"medium\" aria-label=\"Licenciatura plena em Letras - Ingl\u00eas ou Letras com habilita\u00e7\u00e3o em L\u00edngua Inglesa; e \u00e1reas afins. (licenciatura em letras - portugu\u00eas\/ingl\u00eas).\" data-balloon-pos=\"up\">Professor Licenciado em ingl\u00eas - Ensino Fundamental II<\/span><\/td>\r\n<td class=\"cvagas\">01 + CR*<\/td>\r\n<td class=\"cremuneracao\">R$ 2.434,00 \/20h<\/td>\r\n<\/tr><tr>\r\n<td class=\"ccargos\">\r\n<span data-balloon-length=\"medium\" aria-label=\"Licenciatura em Matem\u00e1tica com certificado reconhecido pelo MEC. Experi\u00eancia comprovada na \u00e1rea.\" data-balloon-pos=\"up\">Professor Licenciado de Matem\u00e1tica \u2013 Ensino Fundamental II<\/span><\/td>\r\n<td class=\"cvagas\">01 + CR*<\/td>\r\n<td class=\"cremuneracao\">R$ 2.434,00 \/20h<\/td>\r\n<\/tr><tr>\r\n<td class=\"ccargos\">\r\n<span data-balloon-length=\"medium\" aria-label=\"Licenciatura em Pedagogia reconhecida pelo MEC. Com especializa\u00e7\u00e3o em Psicopedagogia Cl\u00ednica ou institucional. Experi\u00eancia comprovada: com educa\u00e7\u00e3o inclusiva, transtornos do neurodesenvolvimento (como TEA, TDAH), defici\u00eancia intelectual, sensorial, f\u00edsica, entre outras\" data-balloon-pos=\"up\">Professor Licenciado em Pedagogia com Especializa\u00e7\u00e3o em Psicopedagogia Cl\u00ednica ou Institucional<\/span><\/td>\r\n<td class=\"cvagas\">01 + CR*<\/td>\r\n<td class=\"cremuneracao\">R$ 4.868,00 \/40h<\/td>\r\n<\/tr><tr>\r\n<td class=\"ccargos\">\r\n<span data-balloon-length=\"medium\" aria-label=\"Licenciatura em Educa\u00e7\u00e3o F\u00edsica reconhecida pelo MEC. Experi\u00eancia comprovada com atua\u00e7\u00e3o em \u00e1reas da educa\u00e7\u00e3o, em planejamento, execu\u00e7\u00e3o e avalia\u00e7\u00e3o de atividades f\u00edsicas, esportivas escolares.\" data-balloon-pos=\"up\">Professor de Educa\u00e7\u00e3o F\u00edsica<\/span><\/td>\r\n<td class=\"cvagas\">01 + CR*<\/td>\r\n<td class=\"cremuneracao\">R$ 4.868,00 \/40h<\/td>\r\n<\/tr><tr>\r\n<td class=\"ccargos\">\r\n<span data-balloon-length=\"medium\" aria-label=\"Bacharelado em Psicologia. Registro ativo e regular no Conselho Regional de Psicologia (CRP).\" data-balloon-pos=\"up\">Psic\u00f3logo<\/span><\/td>\r\n<td class=\"cvagas\">01 + CR*<\/td>\r\n<td class=\"cremuneracao\">R$ 3.500,00 \/40h<\/td>\r\n<\/tr><tr>\r\n<td class=\"ccargos\">\r\n<span data-balloon-length=\"medium\" aria-label=\"Bacharel em Psicologia. Registro ativo e regular no Conselho Regional de Psicologia (CRP); Cursos (200h) em \u00e1reas correlatas.\" data-balloon-pos=\"up\">Psic\u00f3logo<\/span><\/td>\r\n<td class=\"cvagas\">01 + CR*<\/td>\r\n<td class=\"cremuneracao\">R$ 2.250,00 \/20h<\/td>\r\n<\/tr><tr>\r\n<td class=\"ccargos\">\r\n<span data-balloon-length=\"medium\" aria-label=\"Gradua\u00e7\u00e3o em Psicologia, com diploma reconhecido pelo MEC. Registro ativo e regular no Conselho Regional de Psicologia (CRP). Especializa\u00e7\u00e3o em Educa\u00e7\u00e3o Especial ou \u00e1reas correlatas. \u00e0 psicologia. Experi\u00eancia Comprovada: com Psicologia educacional, educa\u00e7\u00e3o inclusiva, transtornos do neurodesenvolvimento (como TEA, TDAH), defici\u00eancia intelectual, sensorial, f\u00edsica, entre outras.\" data-balloon-pos=\"up\">Psic\u00f3logo Educacional<\/span><\/td>\r\n<td class=\"cvagas\">01 + CR*<\/td>\r\n<td class=\"cremuneracao\">R$ 3.500,00 \/40h<\/td>\r\n<\/tr><tr>\r\n<td class=\"ccargos\">\r\n<span data-balloon-length=\"medium\" aria-label=\"Gradua\u00e7\u00e3o completa em Psicologia, com diploma reconhecido pelo MEC. Registro ativo e regular no Conselho Regional de Psicologia (CRP). Especializa\u00e7\u00e3o Espec\u00edfica Certifica\u00e7\u00e3o ou p\u00f3s-gradua\u00e7\u00e3o em ABA (An\u00e1lise do Comportamento Aplicada), com carga hor\u00e1ria m\u00ednima de 360h (ou conforme exigido pela legisla\u00e7\u00e3o vigente). Experi\u00eancia comprovada: com atua\u00e7\u00e3o em Psicologia com Especializa\u00e7\u00e3o ABA, no contexto educacional, transtornos do neurodesenvolvimento (como TEA, TDAH), defici\u00eancia intelectual, sensorial, f\u00edsica, entre outras.\" data-balloon-pos=\"up\">Psic\u00f3logo Educacional com Especializa\u00e7\u00e3o em ABA<\/span><\/td>\r\n<td class=\"cvagas\">01 + CR*<\/td>\r\n<td class=\"cremuneracao\">R$ 3.500,00 \/30h<\/td>\r\n<\/tr><tr>\r\n<td class=\"ccargos\">\r\n<span data-balloon-length=\"medium\" aria-label=\"Gradua\u00e7\u00e3o em Terapia Ocupacional, com diploma reconhecido pelo MEC. Registro Profissional ativo e regular no Conselho da Classe. Experi\u00eancia\" data-balloon-pos=\"up\">Terapeuta Ocupacional<\/span><\/td>\r\n<td class=\"cvagas\">01 + CR*<\/td>\r\n<td class=\"cremuneracao\">R$ 4.000,00 \/30h<\/td>\r\n<\/tr>\r\n    <\/tbody>\r\n  <\/table>\r\n<\/div>"},"_links":{"self":[{"href":"https:\/\/www.agrobase.com.br\/concursos\/wp-json\/wp\/v2\/posts\/272018","targetHints":{"allow":["GET"]}}],"collection":[{"href":"https:\/\/www.agrobase.com.br\/concursos\/wp-json\/wp\/v2\/posts"}],"about":[{"href":"https:\/\/www.agrobase.com.br\/concursos\/wp-json\/wp\/v2\/types\/post"}],"author":[{"embeddable":true,"href":"https:\/\/www.agrobase.com.br\/concursos\/wp-json\/wp\/v2\/users\/7"}],"replies":[{"embeddable":true,"href":"https:\/\/www.agrobase.com.br\/concursos\/wp-json\/wp\/v2\/comments?post=272018"}],"version-history":[{"count":2,"href":"https:\/\/www.agrobase.com.br\/concursos\/wp-json\/wp\/v2\/posts\/272018\/revisions"}],"predecessor-version":[{"id":272023,"href":"https:\/\/www.agrobase.com.br\/concursos\/wp-json\/wp\/v2\/posts\/272018\/revisions\/272023"}],"wp:featuredmedia":[{"embeddable":true,"href":"https:\/\/www.agrobase.com.br\/concursos\/wp-json\/wp\/v2\/media\/272017"}],"wp:attachment":[{"href":"https:\/\/www.agrobase.com.br\/concursos\/wp-json\/wp\/v2\/media?parent=272018"}],"wp:term":[{"taxonomy":"category","embeddable":true,"href":"https:\/\/www.agrobase.com.br\/concursos\/wp-json\/wp\/v2\/categories?post=272018"},{"taxonomy":"post_tag","embeddable":true,"href":"https:\/\/www.agrobase.com.br\/concursos\/wp-json\/wp\/v2\/tags?post=272018"},{"taxonomy":"_amplo","embeddable":true,"href":"https:\/\/www.agrobase.com.br\/concursos\/wp-json\/wp\/v2\/_amplo?post=272018"},{"taxonomy":"destaque","embeddable":true,"href":"https:\/\/www.agrobase.com.br\/concursos\/wp-json\/wp\/v2\/destaque?post=272018"},{"taxonomy":"instituicoes","embeddable":true,"href":"https:\/\/www.agrobase.com.br\/concursos\/wp-json\/wp\/v2\/instituicoes?post=272018"}],"curies":[{"name":"wp","href":"https:\/\/api.w.org\/{rel}","templated":true}]}}