{"id":271936,"date":"2025-10-01T08:00:41","date_gmt":"2025-10-01T11:00:41","guid":{"rendered":"https:\/\/www.agrobase.com.br\/concursos\/?p=271936"},"modified":"2025-09-30T13:32:04","modified_gmt":"2025-09-30T16:32:04","slug":"prefeitura-planaltina-go-selecao-simplificada-05-2025","status":"publish","type":"post","link":"https:\/\/www.agrobase.com.br\/concursos\/2025\/prefeitura-planaltina-go-selecao-simplificada-05-2025\/","title":{"rendered":"Prefeitura Planaltina (GO) &#8211; Sele\u00e7\u00e3o Simplificada 05\/2025"},"content":{"rendered":"<h2>Informa\u00e7\u00f5es Gerais<\/h2>\n<p>A Secretaria Municipal de Educa\u00e7\u00e3o de Planaltina, em Goi\u00e1s, publicou o edital n\u00ba 005\/2025 para seu novo Processo Seletivo Simplificado. O objetivo \u00e9 a contrata\u00e7\u00e3o tempor\u00e1ria e a forma\u00e7\u00e3o de cadastro de reserva para o cargo de Professor de N\u00edvel Superior, visando atender \u00e0s necessidades da rede municipal de ensino para o ano letivo de 2026. As oportunidades abrangem diversas \u00e1reas da educa\u00e7\u00e3o, incluindo Pedagogia, Matem\u00e1tica, L\u00edngua Portuguesa e Educa\u00e7\u00e3o F\u00edsica. <strong>H\u00e1 vagas para Professor de Ci\u00eancias F\u00edsicas e Biol\u00f3gicas<\/strong>, uma excelente oportunidade para profissionais formados em <em>Biologia<\/em>. Se voc\u00ea possui forma\u00e7\u00e3o na \u00e1rea e busca uma coloca\u00e7\u00e3o no servi\u00e7o p\u00fablico, continue a leitura para conferir os detalhes sobre inscri\u00e7\u00f5es, etapas e cronograma deste certame.<\/p>\n<h2>Inscri\u00e7\u00f5es<\/h2>\n<p>As inscri\u00e7\u00f5es para este processo seletivo ser\u00e3o gratuitas e realizadas exclusivamente pela internet. Os interessados dever\u00e3o se cadastrar no site oficial do certame, no endere\u00e7o <strong>https:\/\/planaltina.bsit-br.com.br\/portal\/selection-process-registrations.jsf<\/strong>, no per\u00edodo previsto entre <strong>14h do dia 08 de outubro de 2025 e 23h59 do dia 23 de outubro de 2025<\/strong>. Durante o cadastro, o candidato dever\u00e1 preencher o formul\u00e1rio com dados pessoais e curriculares, al\u00e9m de realizar o upload (anexar) de todos os documentos comprobat\u00f3rios de forma\u00e7\u00e3o e experi\u00eancia profissional em formato PDF. Como n\u00e3o h\u00e1 taxa de inscri\u00e7\u00e3o, n\u00e3o existem procedimentos para solicita\u00e7\u00e3o de isen\u00e7\u00e3o. Ap\u00f3s a conclus\u00e3o, o sistema gerar\u00e1 um comprovante que o candidato poder\u00e1 acessar com seu CPF e senha. \u00c9 fundamental que todos os documentos sejam anexados corretamente, pois n\u00e3o ser\u00e1 poss\u00edvel adicionar ou corrigir informa\u00e7\u00f5es ap\u00f3s o t\u00e9rmino do prazo. Para garantir a participa\u00e7\u00e3o, leia atentamente o edital completo.<\/p>\n<h2>Etapas e Provas<\/h2>\n<p>O Processo Seletivo Simplificado ser\u00e1 realizado em uma \u00fanica fase: <strong>An\u00e1lise Curricular<\/strong>, de car\u00e1ter classificat\u00f3rio e eliminat\u00f3rio. Nesta etapa, a comiss\u00e3o avaliadora analisar\u00e1 os documentos enviados pelo candidato no ato da inscri\u00e7\u00e3o para atribuir a pontua\u00e7\u00e3o, que pode chegar a um m\u00e1ximo de 100 pontos. Para ser aprovado, o candidato precisa obter uma nota m\u00ednima de 50 pontos.<\/p>\n<ul>\n<li><strong>Forma\u00e7\u00e3o Acad\u00eamica (at\u00e9 48 pontos):<\/strong> Gradua\u00e7\u00e3o (12 pontos), at\u00e9 duas especializa\u00e7\u00f5es (10 pontos cada) e mestrado (16 pontos).<\/li>\n<li><strong>Cursos Complementares (at\u00e9 16 pontos):<\/strong> Ser\u00e3o pontuados at\u00e9 quatro cursos na \u00e1rea de atua\u00e7\u00e3o com carga hor\u00e1ria m\u00ednima de 100 horas cada, realizados nos \u00faltimos 36 meses.<\/li>\n<li><strong>Experi\u00eancia Profissional (at\u00e9 36 pontos):<\/strong> Ser\u00e1 atribu\u00eddo 1 ponto por m\u00eas trabalhado na fun\u00e7\u00e3o pretendida, considerando um limite m\u00e1ximo de 36 meses nos \u00faltimos 10 anos.<\/li>\n<\/ul>\n<p>A n\u00e3o comprova\u00e7\u00e3o do diploma de licenciatura ou do documento de identifica\u00e7\u00e3o resultar\u00e1 na elimina\u00e7\u00e3o do candidato. Para conhecer todos os crit\u00e9rios de pontua\u00e7\u00e3o e as regras de envio da documenta\u00e7\u00e3o, consulte o edital oficial.<\/p>\n<h2>Resultados e Gabarito<\/h2>\n<p>O cronograma oficial do certame estabelece as principais datas para acompanhamento dos resultados. O resultado preliminar da An\u00e1lise Curricular est\u00e1 previsto para ser divulgado em <strong>02 de dezembro de 2025<\/strong>. Os candidatos que desejarem interpor recurso poder\u00e3o faz\u00ea-lo nos dias 04 e 05 de dezembro de 2025, diretamente no sistema de inscri\u00e7\u00f5es. O resultado final do processo seletivo ser\u00e1 publicado em <strong>22 de dezembro de 2025<\/strong>. Em caso de empate na pontua\u00e7\u00e3o final, os crit\u00e9rios de desempate seguir\u00e3o a seguinte ordem: idade igual ou superior a 60 anos, maior pontua\u00e7\u00e3o em experi\u00eancia profissional, maior pontua\u00e7\u00e3o em forma\u00e7\u00e3o acad\u00eamica e, por fim, maior idade. A homologa\u00e7\u00e3o do resultado final dar\u00e1 in\u00edcio \u00e0 validade do certame, que ser\u00e1 de um ano, prorrog\u00e1vel por igual per\u00edodo. A convoca\u00e7\u00e3o para contrata\u00e7\u00e3o, prevista para iniciar em 15 de janeiro de 2026, ser\u00e1 publicada no site da Prefeitura de Planaltina\/GO, de acordo com a necessidade da administra\u00e7\u00e3o.<\/p>\n<p>\u00c9 de responsabilidade exclusiva do candidato acompanhar todas as publica\u00e7\u00f5es, convoca\u00e7\u00f5es e comunicados referentes ao processo seletivo no site oficial da Prefeitura Municipal de Planaltina.<\/p>\n","protected":false},"excerpt":{"rendered":"<p>Sel. Simplificada Pref. Planaltina (GO) com edital publicado! Vagas p\/ Professores (Superior). Inscri\u00e7\u00f5es a partir de 08\/10. Sal\u00e1rio R$ 3.6k. Confira detalhes!<\/p>\n","protected":false},"author":7,"featured_media":271935,"comment_status":"open","ping_status":"open","sticky":false,"template":"","format":"standard","meta":{"_acf_changed":false,"_breakdance_hide_in_design_set":false,"_breakdance_tags":"","footnotes":""},"categories":[6433,6434,111,100,20,6871,116,25],"tags":[46],"_amplo":[],"destaque":[],"instituicoes":[],"class_list":["post-271936","post","type-post","status-publish","format-standard","has-post-thumbnail","hentry","category-biologia-licenciatura","category-educacao-fisica-licenciatura","category-geografia","category-historia","category-letras","category-letras-ingles","category-matematica","category-pedagogia","tag-goias"],"acf":{"_tipo_vagas":"vagas","_numero_vagas":"","_quadro_vagas":"","_cargos":"diversos","_cargos_especificos":"","_salario_max":"R$ 3650.83","_abertura":"20251008","_encerramento":"20251023","_inscricoes":"https:\/\/planaltina.bsit-br.com.br\/portal\/selection-process-registrations.jsf","_executora_concurso":"","_instituicao_concurso":[],"_link_adicional":null,"_anexos":null,"_produtos":null,"_vagas":"167 vagas + CR","_salario_min":"R$ 3650.83","_instituicao":"Prefeitura de Planaltina","_edital":"https:\/\/www.agrobase.com.br\/concursos\/wp-content\/uploads\/sites\/4\/2025\/09\/edital-05-2025-prefeitura-de-planaltina-go.pdf","_anexos_edital":"","_fund_incompleto":"","_fund_completo":"","_medio":"","_superior":"<div>\r\n<table class=\"quadro\">\r\n<thead>\r\n<tr>\r\n<th class=\"hcargo\">Cargo<\/th>\r\n<th class=\"hvagas\">Vagas<\/th>\r\n<th class=\"hremuneracao\">Remunera\u00e7\u00e3o<\/th>\r\n<\/tr>\r\n<\/thead>\r\n    <tbody>\r\n      <tr>\r\n<td class=\"ccargos\">\r\n<span data-balloon-length=\"medium\" aria-label=\"Licenciatura Plena em Pedagogia ou Normal Superior.\" data-balloon-pos=\"up\">Professor Pedagogo<\/span><\/td>\r\n<td class=\"cvagas\">150 + CR<\/td>\r\n<td class=\"cremuneracao\">R$ 3.650,83 \/30h<\/td>\r\n<\/tr><tr>\r\n<td class=\"ccargos\">\r\n<span data-balloon-length=\"medium\" aria-label=\"Licenciatura Plena em Matem\u00e1tica.\" data-balloon-pos=\"up\">Professor de Matem\u00e1tica<\/span><\/td>\r\n<td class=\"cvagas\">05 + CR<\/td>\r\n<td class=\"cremuneracao\">R$ 3.650,83 \/30h<\/td>\r\n<\/tr><tr>\r\n<td class=\"ccargos\">\r\n<span data-balloon-length=\"medium\" aria-label=\"Licenciatura Plena em L\u00edngua Portuguesa.\" data-balloon-pos=\"up\">Professor de L\u00edngua Portuguesa<\/span><\/td>\r\n<td class=\"cvagas\">05 + CR<\/td>\r\n<td class=\"cremuneracao\">R$ 3.650,83 \/30h<\/td>\r\n<\/tr><tr>\r\n<td class=\"ccargos\">\r\n<span data-balloon-length=\"medium\" aria-label=\"Licenciatura Plena em Educa\u00e7\u00e3o F\u00edsica.\" data-balloon-pos=\"up\">Professor de Educa\u00e7\u00e3o F\u00edsica<\/span><\/td>\r\n<td class=\"cvagas\">01 + CR<\/td>\r\n<td class=\"cremuneracao\">R$ 3.650,83 \/30h<\/td>\r\n<\/tr><tr>\r\n<td class=\"ccargos\">\r\n<span data-balloon-length=\"medium\" aria-label=\"Licenciatura Plena em L\u00edngua Inglesa.\" data-balloon-pos=\"up\">Professor de L\u00edngua Inglesa<\/span><\/td>\r\n<td class=\"cvagas\">03 + CR<\/td>\r\n<td class=\"cremuneracao\">R$ 3.650,83 \/30h<\/td>\r\n<\/tr><tr>\r\n<td class=\"ccargos\">\r\n<span data-balloon-length=\"medium\" aria-label=\"Licenciatura Plena em Ci\u00eancias F\u00edsicas e Biol\u00f3gicas.\" data-balloon-pos=\"up\">Professor de Ci\u00eancias F\u00edsicas e Biol\u00f3gicas<\/span><\/td>\r\n<td class=\"cvagas\">01 + CR<\/td>\r\n<td class=\"cremuneracao\">R$ 3.650,83 \/30h<\/td>\r\n<\/tr><tr>\r\n<td class=\"ccargos\">\r\n<span data-balloon-length=\"medium\" aria-label=\"Licenciatura Plena em Geografia.\" data-balloon-pos=\"up\">Professor de Geografia<\/span><\/td>\r\n<td class=\"cvagas\">01 + CR<\/td>\r\n<td class=\"cremuneracao\">R$ 3.650,83 \/30h<\/td>\r\n<\/tr><tr>\r\n<td class=\"ccargos\">\r\n<span data-balloon-length=\"medium\" aria-label=\"Licenciatura Plena em Hist\u00f3ria.\" data-balloon-pos=\"up\">Professor de Hist\u00f3ria<\/span><\/td>\r\n<td class=\"cvagas\">01 + CR<\/td>\r\n<td class=\"cremuneracao\">R$ 3.650,83 \/30h<\/td>\r\n<\/tr>\r\n    <\/tbody>\r\n  <\/table>\r\n<\/div>"},"_links":{"self":[{"href":"https:\/\/www.agrobase.com.br\/concursos\/wp-json\/wp\/v2\/posts\/271936","targetHints":{"allow":["GET"]}}],"collection":[{"href":"https:\/\/www.agrobase.com.br\/concursos\/wp-json\/wp\/v2\/posts"}],"about":[{"href":"https:\/\/www.agrobase.com.br\/concursos\/wp-json\/wp\/v2\/types\/post"}],"author":[{"embeddable":true,"href":"https:\/\/www.agrobase.com.br\/concursos\/wp-json\/wp\/v2\/users\/7"}],"replies":[{"embeddable":true,"href":"https:\/\/www.agrobase.com.br\/concursos\/wp-json\/wp\/v2\/comments?post=271936"}],"version-history":[{"count":2,"href":"https:\/\/www.agrobase.com.br\/concursos\/wp-json\/wp\/v2\/posts\/271936\/revisions"}],"predecessor-version":[{"id":271939,"href":"https:\/\/www.agrobase.com.br\/concursos\/wp-json\/wp\/v2\/posts\/271936\/revisions\/271939"}],"wp:featuredmedia":[{"embeddable":true,"href":"https:\/\/www.agrobase.com.br\/concursos\/wp-json\/wp\/v2\/media\/271935"}],"wp:attachment":[{"href":"https:\/\/www.agrobase.com.br\/concursos\/wp-json\/wp\/v2\/media?parent=271936"}],"wp:term":[{"taxonomy":"category","embeddable":true,"href":"https:\/\/www.agrobase.com.br\/concursos\/wp-json\/wp\/v2\/categories?post=271936"},{"taxonomy":"post_tag","embeddable":true,"href":"https:\/\/www.agrobase.com.br\/concursos\/wp-json\/wp\/v2\/tags?post=271936"},{"taxonomy":"_amplo","embeddable":true,"href":"https:\/\/www.agrobase.com.br\/concursos\/wp-json\/wp\/v2\/_amplo?post=271936"},{"taxonomy":"destaque","embeddable":true,"href":"https:\/\/www.agrobase.com.br\/concursos\/wp-json\/wp\/v2\/destaque?post=271936"},{"taxonomy":"instituicoes","embeddable":true,"href":"https:\/\/www.agrobase.com.br\/concursos\/wp-json\/wp\/v2\/instituicoes?post=271936"}],"curies":[{"name":"wp","href":"https:\/\/api.w.org\/{rel}","templated":true}]}}