{"id":271925,"date":"2025-10-01T07:40:33","date_gmt":"2025-10-01T10:40:33","guid":{"rendered":"https:\/\/www.agrobase.com.br\/concursos\/?p=271925"},"modified":"2025-10-03T12:06:05","modified_gmt":"2025-10-03T15:06:05","slug":"prefeitura-alto-garcas-mt-selecao-publica-03-2025","status":"publish","type":"post","link":"https:\/\/www.agrobase.com.br\/concursos\/2025\/prefeitura-alto-garcas-mt-selecao-publica-03-2025\/","title":{"rendered":"Prefeitura Alto Gar\u00e7as (MT) &#8211; Sele\u00e7\u00e3o P\u00fablica 03\/2025"},"content":{"rendered":"<h2>Informa\u00e7\u00f5es Gerais<\/h2>\n<p>O edital para o Processo Seletivo da <strong>Prefeitura de Alto Gar\u00e7as<\/strong>, no estado do Mato Grosso, foi publicado! Organizado pelo Instituto OMNI, o certame (<strong>Edital n\u00ba 003\/2025<\/strong>) visa a forma\u00e7\u00e3o de cadastro reserva para cargos de n\u00edveis fundamental (incompleto e completo), m\u00e9dio\/t\u00e9cnico e superior. As oportunidades abrangem diversas \u00e1reas, como administrativa, operacional, fiscaliza\u00e7\u00e3o, sa\u00fade e engenharia.<\/p>\n<p>Para profissionais das \u00e1reas de ci\u00eancias agr\u00e1rias e ambientais, o concurso oferece vagas em cadastro reserva para <strong>M\u00e9dico Veterin\u00e1rio<\/strong>, <strong>T\u00e9cnico Agr\u00edcola<\/strong>, <strong>Analista Ambiental<\/strong> e <strong>Agente Ambiental<\/strong>, representando uma excelente oportunidade de carreira no servi\u00e7o p\u00fablico municipal.<\/p>\n<p>Se voc\u00ea busca uma vaga na regi\u00e3o e atende aos requisitos, continue a leitura para conferir os detalhes sobre o cronograma de inscri\u00e7\u00f5es, as etapas de avalia\u00e7\u00e3o e como acompanhar os resultados.<\/p>\n<h2>Inscri\u00e7\u00f5es<\/h2>\n<p>As inscri\u00e7\u00f5es para o processo seletivo estar\u00e3o abertas e devem ser realizadas exclusivamente pela internet. O per\u00edodo para se inscrever vai de <strong>27 de setembro de 2025 at\u00e9 as 23h59 do dia 16 de outubro de 2025<\/strong>.<\/p>\n<p>Para confirmar a participa\u00e7\u00e3o, o candidato deve preencher o formul\u00e1rio online no site da banca organizadora, <em>www.omniinstituto.org.br<\/em>, e efetuar o pagamento da taxa de inscri\u00e7\u00e3o por meio de boleto banc\u00e1rio at\u00e9 o dia <strong>17 de outubro de 2025<\/strong>. A inscri\u00e7\u00e3o s\u00f3 ser\u00e1 validada ap\u00f3s a confirma\u00e7\u00e3o do pagamento. \u00c9 fundamental que o candidato observe os hor\u00e1rios de funcionamento da rede banc\u00e1ria para n\u00e3o perder o prazo.<\/p>\n<p>A partir de 21 de outubro de 2025, ser\u00e1 poss\u00edvel conferir o status da inscri\u00e7\u00e3o na \u00e1rea do candidato, no mesmo site. O Instituto OMNI n\u00e3o se responsabiliza por inscri\u00e7\u00f5es n\u00e3o recebidas por problemas t\u00e9cnicos ou falhas de comunica\u00e7\u00e3o.<\/p>\n<p>Para informa\u00e7\u00f5es completas sobre os procedimentos, recomendamos a leitura atenta do edital oficial.<\/p>\n<h2>Etapas e Provas<\/h2>\n<p>O processo seletivo ser\u00e1 composto por duas etapas principais, com car\u00e1ter eliminat\u00f3rio e classificat\u00f3rio, planejadas para avaliar as compet\u00eancias te\u00f3ricas e pr\u00e1ticas dos candidatos. As fases s\u00e3o:<\/p>\n<ul>\n<li><strong>Prova Objetiva:<\/strong> De car\u00e1ter eliminat\u00f3rio e classificat\u00f3rio, ser\u00e1 aplicada a todos os candidatos no dia <strong>02 de novembro de 2025<\/strong>. A prova ter\u00e1 dura\u00e7\u00e3o de 3 horas e ser\u00e1 composta por 25 quest\u00f5es de m\u00faltipla escolha, com quatro alternativas cada. A avalia\u00e7\u00e3o ter\u00e1 pontua\u00e7\u00e3o de 0 a 100, e ser\u00e1 considerado habilitado o candidato que obtiver nota igual ou superior a 50 pontos. O conte\u00fado program\u00e1tico detalhado est\u00e1 dispon\u00edvel no Anexo II do edital.<\/li>\n<li><strong>Prova Pr\u00e1tica:<\/strong> De car\u00e1ter eliminat\u00f3rio e classificat\u00f3rio, esta etapa ser\u00e1 destinada apenas aos candidatos aprovados na prova objetiva para os cargos de <em>Motorista<\/em> e <em>Operador de M\u00e1quinas Pesadas II<\/em>. A prova est\u00e1 prevista para os dias <strong>22 e 23 de novembro de 2025<\/strong> e avaliar\u00e1 as habilidades pr\u00e1ticas necess\u00e1rias para o desempenho da fun\u00e7\u00e3o. Para ser aprovado, o candidato dever\u00e1 atingir no m\u00ednimo 50% da pontua\u00e7\u00e3o total. A apresenta\u00e7\u00e3o da CNH na categoria exigida \u00e9 obrigat\u00f3ria.<\/li>\n<\/ul>\n<p>Para conhecer todos os detalhes sobre os crit\u00e9rios de avalia\u00e7\u00e3o, conte\u00fado das provas e o cronograma completo, \u00e9 indispens\u00e1vel a leitura do edital.<\/p>\n<h2>Resultados e Gabarito<\/h2>\n<p>A divulga\u00e7\u00e3o dos resultados do processo seletivo seguir\u00e1 um cronograma oficial. Ap\u00f3s a realiza\u00e7\u00e3o das provas objetivas, o <strong>gabarito preliminar<\/strong> ser\u00e1 publicado no site do Instituto OMNI. Os candidatos ter\u00e3o um prazo de dois dias \u00fateis para interpor recursos. Ap\u00f3s a an\u00e1lise dos recursos, o <strong>gabarito definitivo<\/strong> e os resultados preliminares ser\u00e3o divulgados.<\/p>\n<p>A classifica\u00e7\u00e3o final ser\u00e1 publicada em lista \u00fanica. Em caso de empate, os crit\u00e9rios de desempate seguir\u00e3o a seguinte ordem:<\/p>\n<ul>\n<li>Candidato com idade igual ou superior a 60 anos (Estatuto do Idoso);<\/li>\n<li>Maior n\u00famero de pontos na prova de Conhecimentos Espec\u00edficos (quando houver);<\/li>\n<li>Maior n\u00famero de pontos na prova de Portugu\u00eas (quando houver);<\/li>\n<li>Candidato com maior idade (dentre os n\u00e3o alcan\u00e7ados pelo Estatuto do Idoso).<\/li>\n<\/ul>\n<p>O resultado final do certame ser\u00e1 homologado pelo Prefeito Municipal de Alto Gar\u00e7as. A convoca\u00e7\u00e3o dos aprovados obedecer\u00e1 \u00e0 ordem de classifica\u00e7\u00e3o e ocorrer\u00e1 dentro do prazo de validade do processo seletivo, que \u00e9 de um ano, podendo ser prorrogado por igual per\u00edodo. A aprova\u00e7\u00e3o gera expectativa de direito, e as nomea\u00e7\u00f5es ser\u00e3o feitas conforme a necessidade da administra\u00e7\u00e3o municipal.<\/p>\n<p>\u00c9 de responsabilidade exclusiva do candidato acompanhar todas as publica\u00e7\u00f5es, convoca\u00e7\u00f5es e comunicados referentes ao certame nos sites oficiais da <strong>Prefeitura de Alto Gar\u00e7as<\/strong> e do <strong>Instituto OMNI<\/strong>.<\/p>\n","protected":false},"excerpt":{"rendered":"<p>Processo Seletivo Pref. Alto Gar\u00e7as (MT) com edital publicado! Vagas p\/ M\u00e9dico e Engenheiro (Fund. a Sup.). Inscri\u00e7\u00f5es a partir de 27\/09. Confira detalhes!<\/p>\n","protected":false},"author":7,"featured_media":271924,"comment_status":"open","ping_status":"open","sticky":false,"template":"","format":"standard","meta":{"_acf_changed":false,"_breakdance_hide_in_design_set":false,"_breakdance_tags":"","footnotes":""},"categories":[3,6,126,9,117,11,13,14,19,111,21,22,26,101,29,31,130,159],"tags":[47],"_amplo":[],"destaque":[],"instituicoes":[],"class_list":["post-271925","post","type-post","status-publish","format-standard","has-post-thumbnail","hentry","category-administracao","category-biologia","category-ciencia-computacao","category-ciencias-contabeis","category-economia","category-educacao-fisica","category-engenharia-ambiental","category-engenharia","category-fonoaudiologia","category-geografia","category-medicina","category-veterinaria","category-psicologia","category-servico-social","category-tecnico-agricola","category-tecnico-ambiental","category-tecnico-informatica","category-tecnologia-da-informacao","tag-mato-grosso"],"acf":{"_tipo_vagas":"vagas","_numero_vagas":"","_quadro_vagas":"","_cargos":"diversos","_cargos_especificos":"","_salario_max":"R$ 16200.55","_abertura":"20250927","_encerramento":"20251016","_inscricoes":"https:\/\/www.omniinstituto.org.br","_executora_concurso":"","_instituicao_concurso":[],"_link_adicional":null,"_anexos":null,"_produtos":null,"_vagas":"CR","_salario_min":"R$ 1388.61","_instituicao":"Prefeitura de Alto Gar\u00e7as","_edital":"https:\/\/www.agrobase.com.br\/concursos\/wp-content\/uploads\/sites\/4\/2025\/09\/edital-03-2025-prefeitura-de-alto-garcas-mt.pdf","_anexos_edital":"https:\/\/www.agrobase.com.br\/concursos\/wp-content\/uploads\/sites\/4\/2025\/09\/anexos-edital-03-2025-prefeitura-de-alto-garcas-mt.pdf","_fund_incompleto":"<div>\r\n<table class=\"quadro\">\r\n<thead>\r\n<tr>\r\n<th class=\"hcargo\">Cargo<\/th>\r\n<th class=\"hvagas\">Vagas<\/th>\r\n<th class=\"hremuneracao\">Remunera\u00e7\u00e3o<\/th>\r\n<\/tr>\r\n<\/thead>\r\n    <tbody>\r\n      <td class=\"ccargos\">\r\n<span data-balloon-length=\"medium\" aria-label=\"Alfabetizado\" data-balloon-pos=\"up\">Agente de Limpeza P\u00fablica<\/span><\/td>\r\n<td class=\"cvagas\">CR<\/td>\r\n<td class=\"cremuneracao\">R$ 1.388,61 \/40h semanais<\/td>\r\n<\/tr><td class=\"ccargos\">\r\n<span data-balloon-length=\"medium\" aria-label=\"Alfabetizado\" data-balloon-pos=\"up\">Auxiliar de Oficina<\/span><\/td>\r\n<td class=\"cvagas\">CR<\/td>\r\n<td class=\"cremuneracao\">R$ 1.388,61 \/40h semanais<\/td>\r\n<\/tr><td class=\"ccargos\">\r\n<span data-balloon-length=\"medium\" aria-label=\"Alfabetizado\" data-balloon-pos=\"up\">Auxiliar de Servi\u00e7os Gerais<\/span><\/td>\r\n<td class=\"cvagas\">CR<\/td>\r\n<td class=\"cremuneracao\">R$ 1.388,61 \/40h semanais<\/td>\r\n<\/tr><td class=\"ccargos\">\r\n<span data-balloon-length=\"medium\" aria-label=\"Alfabetizado\" data-balloon-pos=\"up\">Coveiro<\/span><\/td>\r\n<td class=\"cvagas\">CR<\/td>\r\n<td class=\"cremuneracao\">R$ 1.388,61 \/40h semanais<\/td>\r\n<\/tr><td class=\"ccargos\">\r\n<span data-balloon-length=\"medium\" aria-label=\"Alfabetizado\" data-balloon-pos=\"up\">Eletricista<\/span><\/td>\r\n<td class=\"cvagas\">CR<\/td>\r\n<td class=\"cremuneracao\">R$ 1.805,22 \/40h semanais<\/td>\r\n<\/tr><td class=\"ccargos\">\r\n<span data-balloon-length=\"medium\" aria-label=\"Alfabetizado\" data-balloon-pos=\"up\">Encanador<\/span><\/td>\r\n<td class=\"cvagas\">CR<\/td>\r\n<td class=\"cremuneracao\">R$ 1.805,22 \/40h semanais<\/td>\r\n<\/tr><td class=\"ccargos\">\r\n<span data-balloon-length=\"medium\" aria-label=\"Alfabetizado e carteira nacional de habilita\u00e7\u00e3o nas categorias C, D ou E.\" data-balloon-pos=\"up\">Motorista<\/span><\/td>\r\n<td class=\"cvagas\">CR<\/td>\r\n<td class=\"cremuneracao\">R$ 2.036,61 \/40h semanais<\/td>\r\n<\/tr><td class=\"ccargos\">\r\n<span data-balloon-length=\"medium\" aria-label=\"Alfabetizado e carteira nacional de habilita\u00e7\u00e3o na categoria C, D ou E. + Curso de operador de m\u00e1quinas.\" data-balloon-pos=\"up\">Operador de M\u00e1quinas Pesadas II<\/span><\/td>\r\n<td class=\"cvagas\">CR<\/td>\r\n<td class=\"cremuneracao\">R$ 2.545,78 \/40h semanais<\/td>\r\n<\/tr><td class=\"ccargos\">\r\n<span data-balloon-length=\"medium\" aria-label=\"Alfabetizado\" data-balloon-pos=\"up\">Pedreiro<\/span><\/td>\r\n<td class=\"cvagas\">CR<\/td>\r\n<td class=\"cremuneracao\">R$ 1.805,22 \/40h semanais<\/td>\r\n<\/tr><td class=\"ccargos\">\r\n<span data-balloon-length=\"medium\" aria-label=\"Alfabetizado\" data-balloon-pos=\"up\">Vigia<\/span><\/td>\r\n<td class=\"cvagas\">CR<\/td>\r\n<td class=\"cremuneracao\">R$ 1.388,61 \/40h semanais<\/td>\r\n<\/tr>\r\n    <\/tbody>\r\n  <\/table>\r\n<\/div>","_fund_completo":"<div>\r\n<table class=\"quadro\">\r\n<thead>\r\n<tr>\r\n<th class=\"hcargo\">Cargo<\/th>\r\n<th class=\"hvagas\">Vagas<\/th>\r\n<th class=\"hremuneracao\">Remunera\u00e7\u00e3o<\/th>\r\n<\/tr>\r\n<\/thead>\r\n    <tbody>\r\n      <td class=\"ccargos\">\r\n<span data-balloon-length=\"medium\" aria-label=\"Ensino Fundamental Completo\" data-balloon-pos=\"up\">Agente Administrativo<\/span><\/td>\r\n<td class=\"cvagas\">CR<\/td>\r\n<td class=\"cremuneracao\">R$ 1.504,32 \/40h semanais<\/td>\r\n<\/tr><td class=\"ccargos\">\r\n<span data-balloon-length=\"medium\" aria-label=\"Ensino fundamental + Registro no Conselho Regional de Odontologia - CRO.\" data-balloon-pos=\"up\">Auxiliar de Sa\u00fade Bucal<\/span><\/td>\r\n<td class=\"cvagas\">CR<\/td>\r\n<td class=\"cremuneracao\">R$ 1.805,22 \/40h semanais<\/td>\r\n<\/tr>\r\n    <\/tbody>\r\n  <\/table>\r\n<\/div>","_medio":"<div>\r\n<table class=\"quadro\">\r\n<thead>\r\n<tr>\r\n<th class=\"hcargo\">Cargo<\/th>\r\n<th class=\"hvagas\">Vagas<\/th>\r\n<th class=\"hremuneracao\">Remunera\u00e7\u00e3o<\/th>\r\n<\/tr>\r\n<\/thead>\r\n    <tbody>\r\n      <td class=\"ccargos\">\r\n<span data-balloon-length=\"medium\" aria-label=\"Ensino M\u00e9dio Completo\" data-balloon-pos=\"up\">Assistente Administrativo<\/span><\/td>\r\n<td class=\"cvagas\">CR<\/td>\r\n<td class=\"cremuneracao\">R$ 4.628,69 \/40h semanais<\/td>\r\n<\/tr><td class=\"ccargos\">\r\n<span data-balloon-length=\"medium\" aria-label=\"Ensino m\u00e9dio completo\" data-balloon-pos=\"up\">Analista Ambiental<\/span><\/td>\r\n<td class=\"cvagas\">CR<\/td>\r\n<td class=\"cremuneracao\">R$ 2.545,78 \/40h semanais<\/td>\r\n<\/tr><td class=\"ccargos\">\r\n<span data-balloon-length=\"medium\" aria-label=\"Ensino m\u00e9dio completo\" data-balloon-pos=\"up\">Agente Ambiental<\/span><\/td>\r\n<td class=\"cvagas\">CR<\/td>\r\n<td class=\"cremuneracao\">R$ 4.628,69 \/40h semanais<\/td>\r\n<\/tr><td class=\"ccargos\">\r\n<span data-balloon-length=\"medium\" aria-label=\"Ensino m\u00e9dio completo e carteira nacional de habilita\u00e7\u00e3o na categoria A\" data-balloon-pos=\"up\">Fiscal de Obras e Posturas<\/span><\/td>\r\n<td class=\"cvagas\">CR<\/td>\r\n<td class=\"cremuneracao\">R$ 1.805,22 \/40h semanais<\/td>\r\n<\/tr><td class=\"ccargos\">\r\n<span data-balloon-length=\"medium\" aria-label=\"Ensino m\u00e9dio completo e carteira nacional de habilita\u00e7\u00e3o na categoria A\" data-balloon-pos=\"up\">Fiscal de Tributos<\/span><\/td>\r\n<td class=\"cvagas\">CR<\/td>\r\n<td class=\"cremuneracao\">R$ 1.805,22 \/40h semanais<\/td>\r\n<\/tr><td class=\"ccargos\">\r\n<span data-balloon-length=\"medium\" aria-label=\"Ensino m\u00e9dio completo e carteira nacional de habilita\u00e7\u00e3o na categoria A\" data-balloon-pos=\"up\">Fiscal de Vigil\u00e2ncia Sanit\u00e1ria<\/span><\/td>\r\n<td class=\"cvagas\">CR<\/td>\r\n<td class=\"cremuneracao\">R$ 1.805,22 \/40h semanais<\/td>\r\n<\/tr><td class=\"ccargos\">\r\n<span data-balloon-length=\"medium\" aria-label=\"Ensino m\u00e9dio completo\" data-balloon-pos=\"up\">Mec\u00e2nico de Carros e Caminh\u00f5es<\/span><\/td>\r\n<td class=\"cvagas\">CR<\/td>\r\n<td class=\"cremuneracao\">R$ 1.805,22 \/40h semanais<\/td>\r\n<\/tr><td class=\"ccargos\">\r\n<span data-balloon-length=\"medium\" aria-label=\"Ensino m\u00e9dio completo\" data-balloon-pos=\"up\">Mec\u00e2nico de M\u00e1quinas Pesadas<\/span><\/td>\r\n<td class=\"cvagas\">CR<\/td>\r\n<td class=\"cremuneracao\">R$ 2.545,78 \/40h semanais<\/td>\r\n<\/tr><td class=\"ccargos\">\r\n<span data-balloon-length=\"medium\" aria-label=\"Ensino m\u00e9dio completo, curso completo de t\u00e9cnico na \u00e1rea e registro no respectivo Conselho Profissional\" data-balloon-pos=\"up\">T\u00e9cnico Agr\u00edcola<\/span><\/td>\r\n<td class=\"cvagas\">CR<\/td>\r\n<td class=\"cremuneracao\">R$ 2.545,78 \/40h semanais<\/td>\r\n<\/tr><td class=\"ccargos\">\r\n<span data-balloon-length=\"medium\" aria-label=\"Ensino m\u00e9dio completo, curso completo de t\u00e9cnico na \u00e1rea.\" data-balloon-pos=\"up\">T\u00e9cnico em Inform\u00e1tica<\/span><\/td>\r\n<td class=\"cvagas\">CR<\/td>\r\n<td class=\"cremuneracao\">R$ 2.545,78 \/40h semanais<\/td>\r\n<\/tr><td class=\"ccargos\">\r\n<span data-balloon-length=\"medium\" aria-label=\"Ensino m\u00e9dio completo, curso completo de t\u00e9cnico na \u00e1rea e registrado no respectivo Conselho Profissional\" data-balloon-pos=\"up\">Top\u00f3grafo<\/span><\/td>\r\n<td class=\"cvagas\">CR<\/td>\r\n<td class=\"cremuneracao\">R$ 2.545,78 \/40h semanais<\/td>\r\n<\/tr>\r\n    <\/tbody>\r\n  <\/table>\r\n<\/div>","_superior":"<div>\r\n<table class=\"quadro\">\r\n<thead>\r\n<tr>\r\n<th class=\"hcargo\">Cargo<\/th>\r\n<th class=\"hvagas\">Vagas<\/th>\r\n<th class=\"hremuneracao\">Remunera\u00e7\u00e3o<\/th>\r\n<\/tr>\r\n<\/thead>\r\n    <tbody>\r\n      <tr>\r\n<td class=\"ccargos\">\r\n<span data-balloon-length=\"medium\" aria-label=\"Curso Superior em Administra\u00e7\u00e3o, Cont\u00e1beis ou Economia + Registro Profissional\" data-balloon-pos=\"up\">Analista Administrativo<\/span><\/td>\r\n<td class=\"cvagas\">CR<\/td>\r\n<td class=\"cremuneracao\">R$ 7.637,38 \/40h semanais<\/td>\r\n<\/tr><tr>\r\n<td class=\"ccargos\">\r\n<span data-balloon-length=\"medium\" aria-label=\"Curso Superior Completo em Servi\u00e7o Social + Registro Profissional\" data-balloon-pos=\"up\">Assistente Social<\/span><\/td>\r\n<td class=\"cvagas\">CR<\/td>\r\n<td class=\"cremuneracao\">R$ 4.628,69 \/30h semanais<\/td>\r\n<\/tr><tr>\r\n<td class=\"ccargos\">\r\n<span data-balloon-length=\"medium\" aria-label=\"Curso superior completo de Engenharia Civil, com registro no respectivo Conselho Profissional\" data-balloon-pos=\"up\">Engenheiro Civil<\/span><\/td>\r\n<td class=\"cvagas\">CR<\/td>\r\n<td class=\"cremuneracao\">R$ 7.637,38 \/40h semanais<\/td>\r\n<\/tr><tr>\r\n<td class=\"ccargos\">\r\n<span data-balloon-length=\"medium\" aria-label=\"Ensino superior completo em Fonoaudiologia e registro no respectivo Conselho Profissional\" data-balloon-pos=\"up\">Fonoaudi\u00f3logo<\/span><\/td>\r\n<td class=\"cvagas\">CR<\/td>\r\n<td class=\"cremuneracao\">R$ 4.628,69 \/30h semanais<\/td>\r\n<\/tr><tr>\r\n<td class=\"ccargos\">\r\n<span data-balloon-length=\"medium\" aria-label=\"Ensino superior completo em Ci\u00eancia da Computa\u00e7\u00e3o ou Tecnologia da Informa\u00e7\u00e3o\" data-balloon-pos=\"up\">Instrutor de Inform\u00e1tica<\/span><\/td>\r\n<td class=\"cvagas\">CR<\/td>\r\n<td class=\"cremuneracao\">R$ 3.702,94 \/40h semanais<\/td>\r\n<\/tr><tr>\r\n<td class=\"ccargos\">\r\n<span data-balloon-length=\"medium\" aria-label=\"Ensino superior completo em Medicina e registro no respectivo Conselho Profissional\" data-balloon-pos=\"up\">M\u00e9dico Cl\u00ednico Geral<\/span><\/td>\r\n<td class=\"cvagas\">CR<\/td>\r\n<td class=\"cremuneracao\">R$ 8.100,25 \/20h semanais<\/td>\r\n<\/tr><tr>\r\n<td class=\"ccargos\">\r\n<span data-balloon-length=\"medium\" aria-label=\"Ensino superior completo em Medicina e registro no respectivo Conselho Profissional\" data-balloon-pos=\"up\">M\u00e9dico Cl\u00ednico Geral<\/span><\/td>\r\n<td class=\"cvagas\">CR<\/td>\r\n<td class=\"cremuneracao\">R$ 16.200,55 \/40h semanais<\/td>\r\n<\/tr><tr>\r\n<td class=\"ccargos\">\r\n<span data-balloon-length=\"medium\" aria-label=\"Ensino superior completo em Medicina, especializa\u00e7\u00e3o na \u00e1rea da medicina requisitada e registro no respectivo Conselho Profissional\" data-balloon-pos=\"up\">M\u00e9dico Especialista<\/span><\/td>\r\n<td class=\"cvagas\">CR<\/td>\r\n<td class=\"cremuneracao\">R$ 8.100,25 \/20h semanais<\/td>\r\n<\/tr><tr>\r\n<td class=\"ccargos\">\r\n<span data-balloon-length=\"medium\" aria-label=\"Ensino superior completo em Medicina, especializa\u00e7\u00e3o na \u00e1rea da medicina requisitada e registro no respectivo Conselho Profissional\" data-balloon-pos=\"up\">M\u00e9dico Especialista<\/span><\/td>\r\n<td class=\"cvagas\">CR<\/td>\r\n<td class=\"cremuneracao\">R$ 16.200,55 \/40h semanais<\/td>\r\n<\/tr><tr>\r\n<td class=\"ccargos\">\r\n<span data-balloon-length=\"medium\" aria-label=\"Ensino superior completo em Medicina Veterin\u00e1ria e registro no respectivo Conselho Profissional\" data-balloon-pos=\"up\">M\u00e9dico Veterin\u00e1rio<\/span><\/td>\r\n<td class=\"cvagas\">CR<\/td>\r\n<td class=\"cremuneracao\">R$ 7.637,38 \/40h semanais<\/td>\r\n<\/tr><tr>\r\n<td class=\"ccargos\">\r\n<span data-balloon-length=\"medium\" aria-label=\"Ensino superior completo em Psicologia e registro no respectivo Conselho Profissional\" data-balloon-pos=\"up\">Psic\u00f3logo<\/span><\/td>\r\n<td class=\"cvagas\">CR<\/td>\r\n<td class=\"cremuneracao\">R$ 7.637,38 \/40h semanais<\/td>\r\n<\/tr><tr>\r\n<td class=\"ccargos\">\r\n<span data-balloon-length=\"medium\" aria-label=\"Ensino superior completo em Psicologia e registro no respectivo Conselho Profissional\" data-balloon-pos=\"up\">Psic\u00f3logo<\/span><\/td>\r\n<td class=\"cvagas\">CR<\/td>\r\n<td class=\"cremuneracao\">R$ 5.728,03 \/30h semanais<\/td>\r\n<\/tr><tr>\r\n<td class=\"ccargos\">\r\n<span data-balloon-length=\"medium\" aria-label=\"Ensino superior completo em Educa\u00e7\u00e3o F\u00edsica e registro no respectivo Conselho Profissional.\" data-balloon-pos=\"up\">T\u00e9cnico Esportivo<\/span><\/td>\r\n<td class=\"cvagas\">CR<\/td>\r\n<td class=\"cremuneracao\">R$ 3.702,94 \/40h semanais<\/td>\r\n<\/tr>\r\n    <\/tbody>\r\n  <\/table>\r\n<\/div>"},"_links":{"self":[{"href":"https:\/\/www.agrobase.com.br\/concursos\/wp-json\/wp\/v2\/posts\/271925","targetHints":{"allow":["GET"]}}],"collection":[{"href":"https:\/\/www.agrobase.com.br\/concursos\/wp-json\/wp\/v2\/posts"}],"about":[{"href":"https:\/\/www.agrobase.com.br\/concursos\/wp-json\/wp\/v2\/types\/post"}],"author":[{"embeddable":true,"href":"https:\/\/www.agrobase.com.br\/concursos\/wp-json\/wp\/v2\/users\/7"}],"replies":[{"embeddable":true,"href":"https:\/\/www.agrobase.com.br\/concursos\/wp-json\/wp\/v2\/comments?post=271925"}],"version-history":[{"count":2,"href":"https:\/\/www.agrobase.com.br\/concursos\/wp-json\/wp\/v2\/posts\/271925\/revisions"}],"predecessor-version":[{"id":271929,"href":"https:\/\/www.agrobase.com.br\/concursos\/wp-json\/wp\/v2\/posts\/271925\/revisions\/271929"}],"wp:featuredmedia":[{"embeddable":true,"href":"https:\/\/www.agrobase.com.br\/concursos\/wp-json\/wp\/v2\/media\/271924"}],"wp:attachment":[{"href":"https:\/\/www.agrobase.com.br\/concursos\/wp-json\/wp\/v2\/media?parent=271925"}],"wp:term":[{"taxonomy":"category","embeddable":true,"href":"https:\/\/www.agrobase.com.br\/concursos\/wp-json\/wp\/v2\/categories?post=271925"},{"taxonomy":"post_tag","embeddable":true,"href":"https:\/\/www.agrobase.com.br\/concursos\/wp-json\/wp\/v2\/tags?post=271925"},{"taxonomy":"_amplo","embeddable":true,"href":"https:\/\/www.agrobase.com.br\/concursos\/wp-json\/wp\/v2\/_amplo?post=271925"},{"taxonomy":"destaque","embeddable":true,"href":"https:\/\/www.agrobase.com.br\/concursos\/wp-json\/wp\/v2\/destaque?post=271925"},{"taxonomy":"instituicoes","embeddable":true,"href":"https:\/\/www.agrobase.com.br\/concursos\/wp-json\/wp\/v2\/instituicoes?post=271925"}],"curies":[{"name":"wp","href":"https:\/\/api.w.org\/{rel}","templated":true}]}}