{"id":271865,"date":"2025-09-30T07:40:49","date_gmt":"2025-09-30T10:40:49","guid":{"rendered":"https:\/\/www.agrobase.com.br\/concursos\/?p=271865"},"modified":"2025-09-29T12:18:10","modified_gmt":"2025-09-29T15:18:10","slug":"prefeitura-palotina-pr-concurso-92-2025","status":"publish","type":"post","link":"https:\/\/www.agrobase.com.br\/concursos\/2025\/prefeitura-palotina-pr-concurso-92-2025\/","title":{"rendered":"Prefeitura Palotina (PR) &#8211; Concurso 92\/2025"},"content":{"rendered":"<h2>Informa\u00e7\u00f5es Gerais<\/h2>\n<p>A Prefeitura Municipal de Palotina, no Paran\u00e1, publicou o edital de seu novo Concurso P\u00fablico (n\u00ba 092\/2025), organizado pela UNIOESTE. O certame visa o preenchimento de 23 vagas imediatas e a forma\u00e7\u00e3o de cadastro de reserva para cargos de n\u00edveis fundamental (incompleto e completo), m\u00e9dio, t\u00e9cnico e superior. As oportunidades abrangem diversas \u00e1reas da administra\u00e7\u00e3o p\u00fablica, incluindo os setores administrativo, operacional, de sa\u00fade, educa\u00e7\u00e3o e manuten\u00e7\u00e3o.<\/p>\n<p>Este concurso se destaca por oferecer vagas em \u00e1reas de grande interesse, como <strong>Medicina Veterin\u00e1ria<\/strong> e <strong>Nutri\u00e7\u00e3o<\/strong>, al\u00e9m de oportunidades para <strong>T\u00e9cnico Agr\u00edcola<\/strong> e <strong>T\u00e9cnico em Meio Ambiente<\/strong>. Os aprovados ser\u00e3o contratados para o quadro de pessoal efetivo do munic\u00edpio. Para saber como participar e se preparar, continue a leitura e confira os detalhes sobre as inscri\u00e7\u00f5es, etapas e cronograma do processo seletivo.<\/p>\n<h2>Inscri\u00e7\u00f5es<\/h2>\n<p>As inscri\u00e7\u00f5es para o Concurso P\u00fablico da Prefeitura de Palotina &#8211; PR estar\u00e3o abertas no per\u00edodo de <strong>19 de setembro de 2025 a 30 de outubro de 2025<\/strong>. Todo o processo deve ser realizado exclusivamente de forma online, atrav\u00e9s do site oficial da banca organizadora, a UNIOESTE\/COGEPS.<\/p>\n<p>Para confirmar a participa\u00e7\u00e3o, o candidato deve preencher o formul\u00e1rio de inscri\u00e7\u00e3o e efetuar o pagamento da taxa correspondente por meio da guia de recolhimento (boleto banc\u00e1rio), que pode ser paga no Banco do Brasil ou em agentes credenciados. Os valores das taxas variam conforme o cargo e devem ser consultados no edital. Candidatos que atendam aos crit\u00e9rios especificados no certame poder\u00e3o solicitar a isen\u00e7\u00e3o do pagamento da taxa dentro do prazo estipulado no cronograma.<\/p>\n<p>\u00c9 fundamental que o candidato se certifique de que o pagamento foi efetivado, e n\u00e3o apenas agendado, para garantir a homologa\u00e7\u00e3o de sua inscri\u00e7\u00e3o. Para conhecer todos os procedimentos, regras e prazos, a leitura completa do edital \u00e9 indispens\u00e1vel.<\/p>\n<h2>Etapas e Provas<\/h2>\n<p>O processo seletivo do Concurso de Palotina &#8211; PR ser\u00e1 realizado em m\u00faltiplas etapas, variando de acordo com o cargo pretendido. A estrutura de avalia\u00e7\u00e3o foi projetada para verificar as compet\u00eancias te\u00f3ricas e pr\u00e1ticas dos candidatos.<\/p>\n<p>As etapas previstas s\u00e3o:<\/p>\n<ul>\n<li><strong>Prova Pr\u00e1tica:<\/strong> De car\u00e1ter eliminat\u00f3rio e classificat\u00f3rio, destinada exclusivamente aos candidatos aos cargos de Motorista e Operador de M\u00e1quinas. Esta \u00e9 a primeira fase para esses concorrentes, e a aprova\u00e7\u00e3o, com nota m\u00ednima de 50 pontos, \u00e9 pr\u00e9-requisito para avan\u00e7ar para a prova objetiva.<\/li>\n<li><strong>Prova Objetiva:<\/strong> De car\u00e1ter eliminat\u00f3rio e classificat\u00f3rio, aplic\u00e1vel a todos os cargos. A prova ser\u00e1 composta por 50 quest\u00f5es de m\u00faltipla escolha sobre L\u00edngua Portuguesa, Matem\u00e1tica e Racioc\u00ednio L\u00f3gico, Conhecimentos Gerais e Legisla\u00e7\u00e3o, e Conhecimentos Espec\u00edficos. A dura\u00e7\u00e3o ser\u00e1 de 4 horas (ou 4h30min para o cargo de Advogado), e a nota m\u00ednima para classifica\u00e7\u00e3o \u00e9 de 50 pontos.<\/li>\n<li><strong>Prova Dissertativa:<\/strong> De car\u00e1ter eliminat\u00f3rio e classificat\u00f3rio, exclusiva para o cargo de Advogado. Ser\u00e1 realizada juntamente com a prova objetiva e consistir\u00e1 em duas quest\u00f5es discursivas sobre conhecimentos espec\u00edficos da \u00e1rea.<\/li>\n<li><strong>Avalia\u00e7\u00e3o de T\u00edtulos:<\/strong> De car\u00e1ter apenas classificat\u00f3rio, esta etapa \u00e9 destinada a todos os candidatos de n\u00edvel superior que forem aprovados nas fases anteriores.<\/li>\n<li><strong>Avalia\u00e7\u00e3o M\u00e9dica e Psicol\u00f3gica:<\/strong> De car\u00e1ter eliminat\u00f3rio, ser\u00e1 aplicada aos candidatos aprovados e convocados para verificar sua aptid\u00e3o f\u00edsica e mental para o exerc\u00edcio do cargo.<\/li>\n<\/ul>\n<p>Para obter informa\u00e7\u00f5es detalhadas sobre o conte\u00fado program\u00e1tico, os crit\u00e9rios de avalia\u00e7\u00e3o de cada etapa e o cronograma completo, \u00e9 essencial consultar o edital oficial do concurso.<\/p>\n<h2>Resultados e Gabarito<\/h2>\n<p>A divulga\u00e7\u00e3o dos resultados do concurso ser\u00e1 realizada por etapas. Os gabaritos preliminares da prova objetiva ser\u00e3o publicados nos sites da UNIOESTE e da Prefeitura de Palotina, abrindo-se o prazo para recursos. Ap\u00f3s a an\u00e1lise, o gabarito definitivo e os resultados preliminares ser\u00e3o divulgados. A classifica\u00e7\u00e3o final dos candidatos ser\u00e1 obtida pela soma das notas de todas as etapas, aplicando-se os pesos definidos no edital para cada cargo.<\/p>\n<p>Em caso de empate na pontua\u00e7\u00e3o final, ser\u00e3o aplicados os seguintes crit\u00e9rios de desempate, sucessivamente:<\/p>\n<ul>\n<li>Idade igual ou superior a 60 anos;<\/li>\n<li>Maior nota na Prova Pr\u00e1tica (quando houver);<\/li>\n<li>Maior nota na Prova Dissertativa (quando houver);<\/li>\n<li>Maior nota na prova de Conhecimentos Espec\u00edficos;<\/li>\n<li>Maior nota na prova de L\u00edngua Portuguesa;<\/li>\n<li>Maior idade (para candidatos com menos de 60 anos).<\/li>\n<\/ul>\n<p>A homologa\u00e7\u00e3o do resultado final ser\u00e1 publicada em edital espec\u00edfico pela Prefeitura de Palotina. A partir de ent\u00e3o, as convoca\u00e7\u00f5es dos candidatos aprovados ser\u00e3o realizadas de acordo com a necessidade da administra\u00e7\u00e3o e a ordem de classifica\u00e7\u00e3o.<\/p>\n<p>\u00c9 de responsabilidade exclusiva do candidato acompanhar todas as publica\u00e7\u00f5es, editais e comunicados referentes ao andamento do concurso nos sites oficiais da Prefeitura de Palotina e da banca organizadora, a UNIOESTE\/COGEPS.<\/p>\n","protected":false},"excerpt":{"rendered":"<p>Concurso Pref. Palotina (PR) com edital publicado! Vagas p\/ Professor, Enfermeiro (Fund. a Sup.). Inscri\u00e7\u00f5es a partir de 19\/09. Sal\u00e1rios at\u00e9 R$ 18.8k. Confira detalhes!<\/p>\n","protected":false},"author":7,"featured_media":271864,"comment_status":"open","ping_status":"open","sticky":false,"template":"","format":"standard","meta":{"_acf_changed":false,"_breakdance_hide_in_design_set":false,"_breakdance_tags":"","footnotes":""},"categories":[5,6433,9,10,117,6434,12,14,17,18,19,6871,21,22,23,24,25,26,101,29,31,108,157],"tags":[52],"_amplo":[],"destaque":[],"instituicoes":[],"class_list":["post-271865","post","type-post","status-publish","format-standard","has-post-thumbnail","hentry","category-arquitetura","category-biologia-licenciatura","category-ciencias-contabeis","category-direito","category-economia","category-educacao-fisica-licenciatura","category-enfermagem","category-engenharia","category-farmacia","category-fisioterapia","category-fonoaudiologia","category-letras-ingles","category-medicina","category-veterinaria","category-nutricao","category-odontologia","category-pedagogia","category-psicologia","category-servico-social","category-tecnico-agricola","category-tecnico-ambiental","category-tecnico-enfermagem","category-tecnico-seguranca-trabalho","tag-parana"],"acf":{"_tipo_vagas":"vagas","_numero_vagas":"","_quadro_vagas":"","_cargos":"diversos","_cargos_especificos":"","_salario_max":"R$ 18801.94","_abertura":"20250919","_encerramento":"20251030","_inscricoes":"https:\/\/concursos.unioeste.br\/","_executora_concurso":"","_instituicao_concurso":[],"_link_adicional":null,"_anexos":null,"_produtos":null,"_vagas":"23 vagas + CR","_salario_min":"R$ 1721.45","_instituicao":"Prefeitura de Palotina","_edital":"https:\/\/www.agrobase.com.br\/concursos\/wp-content\/uploads\/sites\/4\/2025\/09\/edital-92-2025-prefeitura-de-palotina-pr.pdf","_anexos_edital":"https:\/\/www.agrobase.com.br\/concursos\/wp-content\/uploads\/sites\/4\/2025\/09\/anexos-edital-92-2025-prefeitura-de-palotina-pr.pdf","_fund_incompleto":"<div>\r\n<table class=\"quadro\">\r\n<thead>\r\n<tr>\r\n<th class=\"hcargo\">Cargo<\/th>\r\n<th class=\"hvagas\">Vagas<\/th>\r\n<th class=\"hremuneracao\">Remunera\u00e7\u00e3o<\/th>\r\n<\/tr>\r\n<\/thead>\r\n    <tbody>\r\n      <td class=\"ccargos\">\r\n<span data-balloon-length=\"medium\" aria-label=\"Ensino Fundamental Incompleto, Conhecimentos na \u00c1rea de Atua\u00e7\u00e3o\" data-balloon-pos=\"up\">Auxiliar de Manuten\u00e7\u00e3o<\/span><\/td>\r\n<td class=\"cvagas\">1<\/td>\r\n<td class=\"cremuneracao\">R$ 1.721,45 \/44h<\/td>\r\n<\/tr><td class=\"ccargos\">\r\n<span data-balloon-length=\"medium\" aria-label=\"Ensino Fundamental Incompleto, Conhecimentos na \u00c1rea de Atua\u00e7\u00e3o\" data-balloon-pos=\"up\">Auxiliar de Servi\u00e7os Gerais<\/span><\/td>\r\n<td class=\"cvagas\">1<\/td>\r\n<td class=\"cremuneracao\">R$ 1.721,45 \/44h<\/td>\r\n<\/tr><td class=\"ccargos\">\r\n<span data-balloon-length=\"medium\" aria-label=\"Ensino Fundamental Incompleto, Conhecimentos na \u00c1rea de Atua\u00e7\u00e3o\" data-balloon-pos=\"up\">Encanador<\/span><\/td>\r\n<td class=\"cvagas\">CR<\/td>\r\n<td class=\"cremuneracao\">R$ 2.076,87 \/44h<\/td>\r\n<\/tr><td class=\"ccargos\">\r\n<span data-balloon-length=\"medium\" data-balloon-pos=\"up\">Operador de M\u00e1quinas<\/span><\/td>\r\n<td class=\"cvagas\">2<\/td>\r\n<td class=\"cremuneracao\">R$ 2.368,40 \/44h<\/td>\r\n<\/tr><td class=\"ccargos\">\r\n<span data-balloon-length=\"medium\" aria-label=\"Ensino Fundamental Incompleto e Conhecimentos na \u00c1rea de Atua\u00e7\u00e3o\" data-balloon-pos=\"up\">Pedreiro<\/span><\/td>\r\n<td class=\"cvagas\">3<\/td>\r\n<td class=\"cremuneracao\">R$ 2.076,87 \/44h<\/td>\r\n<\/tr>\r\n    <\/tbody>\r\n  <\/table>\r\n<\/div>","_fund_completo":"<div>\r\n<table class=\"quadro\">\r\n<thead>\r\n<tr>\r\n<th class=\"hcargo\">Cargo<\/th>\r\n<th class=\"hvagas\">Vagas<\/th>\r\n<th class=\"hremuneracao\">Remunera\u00e7\u00e3o<\/th>\r\n<\/tr>\r\n<\/thead>\r\n    <tbody>\r\n      <td class=\"ccargos\">\r\n<span data-balloon-length=\"medium\" aria-label=\"Ensino Fundamental Completo\" data-balloon-pos=\"up\">Auxiliar Administrativo<\/span><\/td>\r\n<td class=\"cvagas\">4<\/td>\r\n<td class=\"cremuneracao\">R$ 2.076,87 \/37h30min<\/td>\r\n<\/tr><td class=\"ccargos\">\r\n<span data-balloon-length=\"medium\" aria-label=\"Ensino Fundamental Completo\" data-balloon-pos=\"up\">Auxiliar de Biblioteca<\/span><\/td>\r\n<td class=\"cvagas\">2<\/td>\r\n<td class=\"cremuneracao\">R$ 1.768,31 \/37h30min<\/td>\r\n<\/tr><td class=\"ccargos\">\r\n<span data-balloon-length=\"medium\" aria-label=\"Ensino Fundamental Completo\" data-balloon-pos=\"up\">Auxiliar de Dentista<\/span><\/td>\r\n<td class=\"cvagas\">3<\/td>\r\n<td class=\"cremuneracao\">R$ 2.076,87 \/37h30min<\/td>\r\n<\/tr><td class=\"ccargos\">\r\n<span data-balloon-length=\"medium\" aria-label=\"Ensino Fundamental Completo\" data-balloon-pos=\"up\">Inspetor de Aluno<\/span><\/td>\r\n<td class=\"cvagas\">3<\/td>\r\n<td class=\"cremuneracao\">R$ 1.721,45 \/37h30min<\/td>\r\n<\/tr><td class=\"ccargos\">\r\n<span data-balloon-length=\"medium\" data-balloon-pos=\"up\">Motorista<\/span><\/td>\r\n<td class=\"cvagas\">CR<\/td>\r\n<td class=\"cremuneracao\">R$ 2.076,87 \/44h<\/td>\r\n<\/tr>\r\n    <\/tbody>\r\n  <\/table>\r\n<\/div>","_medio":"<div>\r\n<table class=\"quadro\">\r\n<thead>\r\n<tr>\r\n<th class=\"hcargo\">Cargo<\/th>\r\n<th class=\"hvagas\">Vagas<\/th>\r\n<th class=\"hremuneracao\">Remunera\u00e7\u00e3o<\/th>\r\n<\/tr>\r\n<\/thead>\r\n    <tbody>\r\n      <td class=\"ccargos\">\r\n<span data-balloon-length=\"medium\" aria-label=\"Ensino M\u00e9dio Completo\" data-balloon-pos=\"up\">Auxiliar de Biblioteca Escolar<\/span><\/td>\r\n<td class=\"cvagas\">3<\/td>\r\n<td class=\"cremuneracao\">R$ 2.891,40 \/37h30min<\/td>\r\n<\/tr><td class=\"ccargos\">\r\n<span data-balloon-length=\"medium\" aria-label=\"Ensino M\u00e9dio Completo\" data-balloon-pos=\"up\">Escritur\u00e1rio<\/span><\/td>\r\n<td class=\"cvagas\">1<\/td>\r\n<td class=\"cremuneracao\">R$ 2.891,40 \/37h30min<\/td>\r\n<\/tr><td class=\"ccargos\">\r\n<span data-balloon-length=\"medium\" aria-label=\"Ensino M\u00e9dio Completo\" data-balloon-pos=\"up\">Maestro da banda<\/span><\/td>\r\n<td class=\"cvagas\">CR<\/td>\r\n<td class=\"cremuneracao\">R$ 2.891,40 \/37h30min<\/td>\r\n<\/tr><td class=\"ccargos\">\r\n<span data-balloon-length=\"medium\" aria-label=\"Ensino M\u00e9dio Completo\" data-balloon-pos=\"up\">Monitor de Apoio a Inf\u00e2ncia<\/span><\/td>\r\n<td class=\"cvagas\">3<\/td>\r\n<td class=\"cremuneracao\">R$ 2.891,40 \/40h<\/td>\r\n<\/tr><td class=\"ccargos\">\r\n<span data-balloon-length=\"medium\" aria-label=\"Ensino M\u00e9dio Completo, Curso de T\u00e9cnico Agr\u00edcola e Habilita\u00e7\u00e3o Legal para o Exerc\u00edcio da Profiss\u00e3o\" data-balloon-pos=\"up\">T\u00e9cnico Agr\u00edcola<\/span><\/td>\r\n<td class=\"cvagas\">CR<\/td>\r\n<td class=\"cremuneracao\">R$ 3.424,55 \/37h30min<\/td>\r\n<\/tr><td class=\"ccargos\">\r\n<span data-balloon-length=\"medium\" aria-label=\"Ensino M\u00e9dio Completo, Curso T\u00e9cnico em Enfermagem e Habilita\u00e7\u00e3o Legal para o Exerc\u00edcio da Profiss\u00e3o\" data-balloon-pos=\"up\">T\u00e9cnico em enfermagem<\/span><\/td>\r\n<td class=\"cvagas\">CR<\/td>\r\n<td class=\"cremuneracao\">R$ 3.752,57 \/40h<\/td>\r\n<\/tr><td class=\"ccargos\">\r\n<span data-balloon-length=\"medium\" aria-label=\"Ensino M\u00e9dio Completo, Curso T\u00e9cnico em Mejo Ambiente Devidamente Reconhecido no \u00d3rg\u00e3o de Classe e Habilita\u00e7\u00e3o Legal para o Exerc\u00edcio da Profiss\u00e3o\" data-balloon-pos=\"up\">T\u00e9cnico em Meio Ambiente<\/span><\/td>\r\n<td class=\"cvagas\">CR<\/td>\r\n<td class=\"cremuneracao\">R$ 3.424,55 \/37h30min<\/td>\r\n<\/tr><td class=\"ccargos\">\r\n<span data-balloon-length=\"medium\" aria-label=\"Ensino M\u00e9dio Completo, Curso T\u00e9cnico em Seguran\u00e7a do Trabalho e Registro no Minist\u00e9rio do Trabalho e Emprego.\" data-balloon-pos=\"up\">T\u00e9cnico em Seguran\u00e7a do Trabalho<\/span><\/td>\r\n<td class=\"cvagas\">CR<\/td>\r\n<td class=\"cremuneracao\">R$ 3.424,55 \/37h30min<\/td>\r\n<\/tr><td class=\"ccargos\">\r\n<span data-balloon-length=\"medium\" aria-label=\"Ensino M\u00e9dio Completo e Habilita\u00e7\u00e3o Legal para o Exerc\u00edcio da Profiss\u00e3o\" data-balloon-pos=\"up\">Top\u00f3grafo<\/span><\/td>\r\n<td class=\"cvagas\">CR<\/td>\r\n<td class=\"cremuneracao\">R$ 3.424,55 \/37h30min<\/td>\r\n<\/tr>\r\n    <\/tbody>\r\n  <\/table>\r\n<\/div>","_superior":"<div>\r\n<table class=\"quadro\">\r\n<thead>\r\n<tr>\r\n<th class=\"hcargo\">Cargo<\/th>\r\n<th class=\"hvagas\">Vagas<\/th>\r\n<th class=\"hremuneracao\">Remunera\u00e7\u00e3o<\/th>\r\n<\/tr>\r\n<\/thead>\r\n    <tbody>\r\n      <tr>\r\n<td class=\"ccargos\">\r\n<span data-balloon-length=\"medium\" aria-label=\"Curso Superior em Direito e Habilita\u00e7\u00e3o Legal para o Exerc\u00edcio da Profiss\u00e3o.\" data-balloon-pos=\"up\">Advogado<\/span><\/td>\r\n<td class=\"cvagas\">CR<\/td>\r\n<td class=\"cremuneracao\">R$ 5.753,38 \/20h<\/td>\r\n<\/tr><tr>\r\n<td class=\"ccargos\">\r\n<span data-balloon-length=\"medium\" aria-label=\"Curso Superior em Arquitetura e Habilita\u00e7\u00e3o Legal para o Exerc\u00edcio da Profiss\u00e3o\" data-balloon-pos=\"up\">Arquiteto<\/span><\/td>\r\n<td class=\"cvagas\">CR<\/td>\r\n<td class=\"cremuneracao\">R$ 5.753,38 \/37h30min<\/td>\r\n<\/tr><tr>\r\n<td class=\"ccargos\">\r\n<span data-balloon-length=\"medium\" aria-label=\"Curso Superior em Assistente Social e Habilita\u00e7\u00e3o Legal para o Exerc\u00edcio da Profiss\u00e3o\" data-balloon-pos=\"up\">Assistente Social<\/span><\/td>\r\n<td class=\"cvagas\">CR<\/td>\r\n<td class=\"cremuneracao\">R$ 4.064,38 \/30h<\/td>\r\n<\/tr><tr>\r\n<td class=\"ccargos\">\r\n<span data-balloon-length=\"medium\" aria-label=\"Curso Superior em Contabilidade e Habilita\u00e7\u00e3o Legal para o Exerc\u00edcio da Profiss\u00e3o\" data-balloon-pos=\"up\">Contador<\/span><\/td>\r\n<td class=\"cvagas\">1<\/td>\r\n<td class=\"cremuneracao\">R$ 4.832,23 \/37h30min<\/td>\r\n<\/tr><tr>\r\n<td class=\"ccargos\">\r\n<span data-balloon-length=\"medium\" aria-label=\"Curso Superior em Odontologia e Habilita\u00e7\u00e3o Legal para o Exerc\u00edcio da Profiss\u00e3o\" data-balloon-pos=\"up\">Dentista<\/span><\/td>\r\n<td class=\"cvagas\">4<\/td>\r\n<td class=\"cremuneracao\">R$ 4.064,38 \/20h<\/td>\r\n<\/tr><tr>\r\n<td class=\"ccargos\">\r\n<span data-balloon-length=\"medium\" aria-label=\"Curso Superior em Enfermagem e Habilita\u00e7\u00e3o Legal para o Exerc\u00edcio da Profiss\u00e3o.\" data-balloon-pos=\"up\">Enfermeiro Padr\u00e3o<\/span><\/td>\r\n<td class=\"cvagas\">5<\/td>\r\n<td class=\"cremuneracao\">R$ 5.304,23 \/40h<\/td>\r\n<\/tr><tr>\r\n<td class=\"ccargos\">\r\n<span data-balloon-length=\"medium\" aria-label=\"Curso Superior em Engenharia e Habilita\u00e7\u00e3o Legal para o Exerc\u00edcio da Profiss\u00e3o\" data-balloon-pos=\"up\">Engenheiro Civil<\/span><\/td>\r\n<td class=\"cvagas\">1<\/td>\r\n<td class=\"cremuneracao\">R$ 5.753,38 \/37h30min<\/td>\r\n<\/tr><tr>\r\n<td class=\"ccargos\">\r\n<span data-balloon-length=\"medium\" aria-label=\"Curso Superior em Farm\u00e1cia e Habilita\u00e7\u00e3o Legal para o Exerc\u00edcio da Profiss\u00e3o.\" data-balloon-pos=\"up\">Farmac\u00eautico<\/span><\/td>\r\n<td class=\"cvagas\">CR<\/td>\r\n<td class=\"cremuneracao\">R$ 4.457,82 \/40h<\/td>\r\n<\/tr><tr>\r\n<td class=\"ccargos\">\r\n<span data-balloon-length=\"medium\" aria-label=\"Curso Superior em Direito ou Contabilidade ou Administra\u00e7\u00e3o ou Ci\u00eancias Econ\u00f4micas\" data-balloon-pos=\"up\">Fiscal Fazend\u00e1rio<\/span><\/td>\r\n<td class=\"cvagas\">1<\/td>\r\n<td class=\"cremuneracao\">R$ 4.064,38 \/37h30min<\/td>\r\n<\/tr><tr>\r\n<td class=\"ccargos\">\r\n<span data-balloon-length=\"medium\" aria-label=\"Curso Superior em Fisioterapia e Habilita\u00e7\u00e3o Legal para o Exerc\u00edcio da Profiss\u00e3o, Condi\u00e7\u00e3o Ativa. Acrescentado pelo Decreto 11.502 de 31\/07\/2025\" data-balloon-pos=\"up\">Fisioterapeuta<\/span><\/td>\r\n<td class=\"cvagas\">4<\/td>\r\n<td class=\"cremuneracao\">R$ 4.064,38 \/30h<\/td>\r\n<\/tr><tr>\r\n<td class=\"ccargos\">\r\n<span data-balloon-length=\"medium\" aria-label=\"Curso Superior em Fonoaudiologia e Habilita\u00e7\u00e3o Legal para o Exerc\u00edcio da Profiss\u00e3o\" data-balloon-pos=\"up\">Fonoaudi\u00f3logo<\/span><\/td>\r\n<td class=\"cvagas\">1<\/td>\r\n<td class=\"cremuneracao\">R$ 3.424,55 \/20h<\/td>\r\n<\/tr><tr>\r\n<td class=\"ccargos\">\r\n<span data-balloon-length=\"medium\" aria-label=\"Curso Superior em Medicina, Registro de Qualifica\u00e7\u00e3o de Especialista - RQE de m\u00e9dico em Urg\u00eancia e Emerg\u00eancia; Habilita\u00e7\u00e3o Legal para o Exerc\u00edcio da Profiss\u00e3o.\" data-balloon-pos=\"up\">M\u00e9dico em Urg\u00eancia e Emerg\u00eancia<\/span><\/td>\r\n<td class=\"cvagas\">CR<\/td>\r\n<td class=\"cremuneracao\">R$ 13.098,72 \/24h<\/td>\r\n<\/tr><tr>\r\n<td class=\"ccargos\">\r\n<span data-balloon-length=\"medium\" aria-label=\"Curso Superior em Medicina, Habilita\u00e7\u00e3o Legal para o Exerc\u00edcio da Profiss\u00e3o e Resid\u00eancia M\u00e9dica em Cirurgia Geral em Servi\u00e7o Reconhecido e\/ou T\u00edtulo de Especialista em Cirurgia Geral Fornecido pela Associa\u00e7\u00e3o Brasileira de Cirurgia Geral\" data-balloon-pos=\"up\">M\u00e9dico Cirurgi\u00e3o Geral<\/span><\/td>\r\n<td class=\"cvagas\">1<\/td>\r\n<td class=\"cremuneracao\">R$ 16.476,10 \/30h<\/td>\r\n<\/tr><tr>\r\n<td class=\"ccargos\">\r\n<span data-balloon-length=\"medium\" aria-label=\"Curso Superior em Medicina, Habilita\u00e7\u00e3o Legal para o Exerc\u00edcio da Profiss\u00e3o e resid\u00eancia m\u00e9dica em Ginecologia\/ Obstetr\u00edcia em Servi\u00e7o reconhecido e\/ou T\u00edtulo de Especialista em Ginecologia\/ Obstetr\u00edcia fornecido pela Associa\u00e7\u00e3o Brasileira de Ginecologia\/ Obstetr\u00edcia\" data-balloon-pos=\"up\">M\u00e9dico Ginecologista<\/span><\/td>\r\n<td class=\"cvagas\">2<\/td>\r\n<td class=\"cremuneracao\">R$ 18.801,94 \/30h<\/td>\r\n<\/tr><tr>\r\n<td class=\"ccargos\">\r\n<span data-balloon-length=\"medium\" aria-label=\"Curso Superior em Medicina, Habilita\u00e7\u00e3o Legal para o Exerc\u00edcio da Profiss\u00e3o e resid\u00eancia m\u00e9dica em Ortopedia e Traumatologia reconhecida e\/ou T\u00edtulo de Especialista em Ortopedia e Traumatologia fornecido pela Sociedade Brasileira de Ortopedia e Traumatologia\" data-balloon-pos=\"up\">M\u00e9dico Ortopedista<\/span><\/td>\r\n<td class=\"cvagas\">2<\/td>\r\n<td class=\"cremuneracao\">R$ 10.984,04 \/20h<\/td>\r\n<\/tr><tr>\r\n<td class=\"ccargos\">\r\n<span data-balloon-length=\"medium\" aria-label=\"Curso Superior em Medicina, Habilita\u00e7\u00e3o Legal para o Exerc\u00edcio da Profiss\u00e3o e resid\u00eancia m\u00e9dica em Pediatria em Servi\u00e7o reconhecido e\/ou T\u00edtulo de Especialista em Pediatria fornecido pela Associa\u00e7\u00e3o Brasileira de Pediatria\" data-balloon-pos=\"up\">M\u00e9dico Pediatra<\/span><\/td>\r\n<td class=\"cvagas\">2<\/td>\r\n<td class=\"cremuneracao\">R$ 12.534,63 \/20h<\/td>\r\n<\/tr><tr>\r\n<td class=\"ccargos\">\r\n<span data-balloon-length=\"medium\" aria-label=\"Curso Superior em Medicina, Habilita\u00e7\u00e3o Legal para o Exerc\u00edcio da Profiss\u00e3o e resid\u00eancia m\u00e9dica em Psiquiatria em Servi\u00e7o reconhecido e\/ou T\u00edtulo de Especialista em Psiquiatria fornecido pela Associa\u00e7\u00e3o Brasileira de Psiquiatria\" data-balloon-pos=\"up\">M\u00e9dico Psiquiatra<\/span><\/td>\r\n<td class=\"cvagas\">1<\/td>\r\n<td class=\"cremuneracao\">R$ 10.984,04 \/20h<\/td>\r\n<\/tr><tr>\r\n<td class=\"ccargos\">\r\n<span data-balloon-length=\"medium\" aria-label=\"Curso Superior em Nutri\u00e7\u00e3o e Habilita\u00e7\u00e3o Legal para o Exerc\u00edcio da Profiss\u00e3o\" data-balloon-pos=\"up\">Nutricionista<\/span><\/td>\r\n<td class=\"cvagas\">CR<\/td>\r\n<td class=\"cremuneracao\">R$ 4.064,38 \/37h30min<\/td>\r\n<\/tr><tr>\r\n<td class=\"ccargos\">\r\n<span data-balloon-length=\"medium\" aria-label=\"Curso Superior em Pedagogia com Habilita\u00e7\u00e3o ao Magist\u00e9rio da Educa\u00e7\u00e3o Infantil e Anos Iniciais do Ensino Fundamental ou em Curso Normal Superior ou em N\u00edvel Superior.\" data-balloon-pos=\"up\">Professor<\/span><\/td>\r\n<td class=\"cvagas\">6<\/td>\r\n<td class=\"cremuneracao\">R$ 2.536,77 \/20h<\/td>\r\n<\/tr><tr>\r\n<td class=\"ccargos\">\r\n<span data-balloon-length=\"medium\" aria-label=\"Licenciatura em Artes.\" data-balloon-pos=\"up\">Professor de Artes<\/span><\/td>\r\n<td class=\"cvagas\">1<\/td>\r\n<td class=\"cremuneracao\">R$ 2.536,77 \/20h<\/td>\r\n<\/tr><tr>\r\n<td class=\"ccargos\">\r\n<span data-balloon-length=\"medium\" aria-label=\"Licenciatura em Ci\u00eancias.\" data-balloon-pos=\"up\">Professor de Ci\u00eancias<\/span><\/td>\r\n<td class=\"cvagas\">1<\/td>\r\n<td class=\"cremuneracao\">R$ 2.536,77 \/20h<\/td>\r\n<\/tr><tr>\r\n<td class=\"ccargos\">\r\n<span data-balloon-length=\"medium\" aria-label=\"Forma\u00e7\u00e3o superior em educa\u00e7\u00e3o f\u00edsica, habilita\u00e7\u00e3o legal para o exerc\u00edcio da profiss\u00e3o.\" data-balloon-pos=\"up\">Professor de Educa\u00e7\u00e3o F\u00edsica<\/span><\/td>\r\n<td class=\"cvagas\">3<\/td>\r\n<td class=\"cremuneracao\">R$ 2.536,77 \/20h<\/td>\r\n<\/tr><tr>\r\n<td class=\"ccargos\">\r\n<span data-balloon-length=\"medium\" aria-label=\"Curso superior em pedagogia com habilita\u00e7\u00e3o para atuar na educa\u00e7\u00e3o infantil e s\u00e9ries iniciais do ensino fundamental, devidamente reconhecido pelo MEC.\" data-balloon-pos=\"up\">Professor de Educa\u00e7\u00e3o Infantil<\/span><\/td>\r\n<td class=\"cvagas\">4<\/td>\r\n<td class=\"cremuneracao\">R$ 5.073,54 \/40h<\/td>\r\n<\/tr><tr>\r\n<td class=\"ccargos\">\r\n<span data-balloon-length=\"medium\" aria-label=\"Curso Superior completo de Licenciatura Plena em Letras-Ingl\u00eas, ou, Curso Superior completo em Pedagogia mais Curso Superior completo de Licenciatura Plena em Letras-Ingl\u00eas.\" data-balloon-pos=\"up\">Professor de L\u00edngua Estrangeira - Ingl\u00eas<\/span><\/td>\r\n<td class=\"cvagas\">4<\/td>\r\n<td class=\"cremuneracao\">R$ 2.536,77 \/20h<\/td>\r\n<\/tr><tr>\r\n<td class=\"ccargos\">\r\n<span data-balloon-length=\"medium\" aria-label=\"Curso Superior em Psicologia e Habilita\u00e7\u00e3o Legal para o Exerc\u00edcio da Profiss\u00e3o\" data-balloon-pos=\"up\">Psic\u00f3logo<\/span><\/td>\r\n<td class=\"cvagas\">2<\/td>\r\n<td class=\"cremuneracao\">R$ 4.064,38 \/37h30min<\/td>\r\n<\/tr><tr>\r\n<td class=\"ccargos\">\r\n<span data-balloon-length=\"medium\" aria-label=\"Curso Superior em Medicina Veterin\u00e1ria e Habilita\u00e7\u00e3o Legal para o Exerc\u00edcio da Profiss\u00e3o.\" data-balloon-pos=\"up\">Veterin\u00e1rio<\/span><\/td>\r\n<td class=\"cvagas\">1<\/td>\r\n<td class=\"cremuneracao\">R$ 4.832,23 \/37h30min<\/td>\r\n<\/tr>\r\n    <\/tbody>\r\n  <\/table>\r\n<\/div>"},"_links":{"self":[{"href":"https:\/\/www.agrobase.com.br\/concursos\/wp-json\/wp\/v2\/posts\/271865","targetHints":{"allow":["GET"]}}],"collection":[{"href":"https:\/\/www.agrobase.com.br\/concursos\/wp-json\/wp\/v2\/posts"}],"about":[{"href":"https:\/\/www.agrobase.com.br\/concursos\/wp-json\/wp\/v2\/types\/post"}],"author":[{"embeddable":true,"href":"https:\/\/www.agrobase.com.br\/concursos\/wp-json\/wp\/v2\/users\/7"}],"replies":[{"embeddable":true,"href":"https:\/\/www.agrobase.com.br\/concursos\/wp-json\/wp\/v2\/comments?post=271865"}],"version-history":[{"count":1,"href":"https:\/\/www.agrobase.com.br\/concursos\/wp-json\/wp\/v2\/posts\/271865\/revisions"}],"predecessor-version":[{"id":271867,"href":"https:\/\/www.agrobase.com.br\/concursos\/wp-json\/wp\/v2\/posts\/271865\/revisions\/271867"}],"wp:featuredmedia":[{"embeddable":true,"href":"https:\/\/www.agrobase.com.br\/concursos\/wp-json\/wp\/v2\/media\/271864"}],"wp:attachment":[{"href":"https:\/\/www.agrobase.com.br\/concursos\/wp-json\/wp\/v2\/media?parent=271865"}],"wp:term":[{"taxonomy":"category","embeddable":true,"href":"https:\/\/www.agrobase.com.br\/concursos\/wp-json\/wp\/v2\/categories?post=271865"},{"taxonomy":"post_tag","embeddable":true,"href":"https:\/\/www.agrobase.com.br\/concursos\/wp-json\/wp\/v2\/tags?post=271865"},{"taxonomy":"_amplo","embeddable":true,"href":"https:\/\/www.agrobase.com.br\/concursos\/wp-json\/wp\/v2\/_amplo?post=271865"},{"taxonomy":"destaque","embeddable":true,"href":"https:\/\/www.agrobase.com.br\/concursos\/wp-json\/wp\/v2\/destaque?post=271865"},{"taxonomy":"instituicoes","embeddable":true,"href":"https:\/\/www.agrobase.com.br\/concursos\/wp-json\/wp\/v2\/instituicoes?post=271865"}],"curies":[{"name":"wp","href":"https:\/\/api.w.org\/{rel}","templated":true}]}}