{"id":271842,"date":"2025-09-30T07:00:25","date_gmt":"2025-09-30T10:00:25","guid":{"rendered":"https:\/\/www.agrobase.com.br\/concursos\/?p=271842"},"modified":"2025-09-29T10:57:08","modified_gmt":"2025-09-29T13:57:08","slug":"mp-ap-ap-concurso-01-2025","status":"publish","type":"post","link":"https:\/\/www.agrobase.com.br\/concursos\/2025\/mp-ap-ap-concurso-01-2025\/","title":{"rendered":"MP-AP (AP) &#8211; Concurso 01\/2025"},"content":{"rendered":"<h2>Informa\u00e7\u00f5es Gerais<\/h2>\n<p>O edital do <strong>Concurso P\u00fablico do Minist\u00e9rio P\u00fablico do Estado do Amap\u00e1 (MP-AP)<\/strong> foi publicado, trazendo uma excelente oportunidade para profissionais de n\u00edveis m\u00e9dio, t\u00e9cnico e superior. Organizado pela renomada Funda\u00e7\u00e3o Carlos Chagas (FCC), o certame visa o preenchimento de vagas imediatas e a forma\u00e7\u00e3o de cadastro de reserva para os cargos de Analista Ministerial e T\u00e9cnico Ministerial. As contrata\u00e7\u00f5es ser\u00e3o realizadas sob o regime Estatut\u00e1rio, garantindo estabilidade aos aprovados.<\/p>\n<p>As oportunidades abrangem diversas \u00e1reas de atua\u00e7\u00e3o, como apoio administrativo, tecnologia da informa\u00e7\u00e3o, psicologia, servi\u00e7o social, administra\u00e7\u00e3o, arquitetura, ci\u00eancias cont\u00e1beis e engenharia civil. Este concurso representa uma porta de entrada para uma carreira s\u00f3lida no servi\u00e7o p\u00fablico, com remunera\u00e7\u00f5es atrativas e a chance de contribuir para uma institui\u00e7\u00e3o fundamental para a sociedade. Para conhecer todos os detalhes sobre como participar, continue a leitura e confira as informa\u00e7\u00f5es sobre inscri\u00e7\u00f5es, etapas e cronograma.<\/p>\n<h2>Inscri\u00e7\u00f5es<\/h2>\n<p>As inscri\u00e7\u00f5es para o concurso do MP-AP ser\u00e3o realizadas exclusivamente pela internet, no site da banca organizadora. O per\u00edodo para se candidatar inicia \u00e0s <strong>10h do dia 29 de setembro de 2025<\/strong> e se encerra \u00e0s <strong>23h59 do dia 29 de outubro de 2025<\/strong> (hor\u00e1rio de Bras\u00edlia). \u00c9 fundamental que os interessados realizem o cadastro e o pagamento da taxa dentro dos prazos para garantir a participa\u00e7\u00e3o.<\/p>\n<p>Os valores da taxa de inscri\u00e7\u00e3o foram definidos de acordo com o n\u00edvel de escolaridade:<\/p>\n<ul>\n<li><strong>R$ 120,00<\/strong> para os cargos de Analista Ministerial (N\u00edvel Superior).<\/li>\n<li><strong>R$ 100,00<\/strong> para os cargos de T\u00e9cnico Ministerial (N\u00edvel M\u00e9dio\/T\u00e9cnico).<\/li>\n<\/ul>\n<p>O pagamento deve ser efetuado por meio de boleto banc\u00e1rio, que pode ser gerado no site da Funda\u00e7\u00e3o Carlos Chagas ap\u00f3s o preenchimento do formul\u00e1rio de inscri\u00e7\u00e3o. A data limite para o pagamento do boleto \u00e9 <strong>30 de outubro de 2025<\/strong>. O edital prev\u00ea a possibilidade de solicitar isen\u00e7\u00e3o da taxa, e os candidatos que se enquadram nos crit\u00e9rios devem seguir os procedimentos e prazos espec\u00edficos detalhados no documento oficial. A partir de 03 de outubro de 2025, ser\u00e1 poss\u00edvel conferir o status da inscri\u00e7\u00e3o no portal do candidato. Para informa\u00e7\u00f5es completas, \u00e9 imprescind\u00edvel a leitura atenta do edital.<\/p>\n<h2>Etapas e Provas<\/h2>\n<p>O processo seletivo do concurso MP-AP ser\u00e1 estruturado em duas etapas principais, ambas aplicadas na cidade de Macap\u00e1\/AP, com data de aplica\u00e7\u00e3o prevista para <strong>18 de janeiro de 2026<\/strong>. As avalia\u00e7\u00f5es ocorrer\u00e3o em turnos distintos: per\u00edodo da manh\u00e3 para os cargos de T\u00e9cnico Ministerial e per\u00edodo da tarde para os cargos de Analista Ministerial.<\/p>\n<p>As etapas do certame s\u00e3o:<\/p>\n<ul>\n<li><strong>Prova Objetiva:<\/strong> De car\u00e1ter eliminat\u00f3rio e classificat\u00f3rio, ser\u00e1 aplicada para todos os cargos. A avalia\u00e7\u00e3o ser\u00e1 composta por quest\u00f5es de Conhecimentos Gerais (peso 1) e Conhecimentos Espec\u00edficos (peso 2). Para ser considerado habilitado, o candidato dever\u00e1 obter nota m\u00e9dia ponderada igual ou superior a 6,00.<\/li>\n<li><strong>Prova Discursiva (Reda\u00e7\u00e3o):<\/strong> De car\u00e1ter eliminat\u00f3rio e classificat\u00f3rio, ser\u00e1 aplicada no mesmo dia da prova objetiva. Apenas ser\u00e3o corrigidas as reda\u00e7\u00f5es dos candidatos mais bem classificados na etapa anterior, conforme os limites estabelecidos no edital. A prova consistir\u00e1 na produ\u00e7\u00e3o de um texto dissertativo-argumentativo sobre um tema de interesse geral. Ser\u00e1 avaliada na escala de 0 a 10 pontos, exigindo-se nota m\u00ednima de 6,00 para habilita\u00e7\u00e3o.<\/li>\n<\/ul>\n<p>Para obter detalhes sobre o conte\u00fado program\u00e1tico de cada disciplina, os crit\u00e9rios de corre\u00e7\u00e3o da reda\u00e7\u00e3o e o cronograma completo, \u00e9 fundamental consultar o edital oficial do concurso.<\/p>\n<h2>Resultados e Gabarito<\/h2>\n<p>A divulga\u00e7\u00e3o dos resultados do concurso MP-AP seguir\u00e1 um cronograma definido pela banca organizadora. Ap\u00f3s a aplica\u00e7\u00e3o das provas, ser\u00e3o publicados os gabaritos preliminares, abrindo-se o prazo para interposi\u00e7\u00e3o de recursos. Posteriormente, ser\u00e3o divulgados os gabaritos definitivos e os resultados preliminares das provas objetiva e discursiva.<\/p>\n<p>A classifica\u00e7\u00e3o final dos candidatos habilitados ser\u00e1 calculada pela soma das notas obtidas nas provas objetiva e discursiva. Em caso de empate, os crit\u00e9rios de desempate seguir\u00e3o a seguinte ordem de prioridade: idade igual ou superior a 60 anos, maior nota em Conhecimentos Espec\u00edficos, maior nota em L\u00edngua Portuguesa, maior idade (geral) e exerc\u00edcio da fun\u00e7\u00e3o de jurado. O resultado final ser\u00e1 publicado em tr\u00eas listas: ampla concorr\u00eancia, candidatos com defici\u00eancia e candidatos negros.<\/p>\n<p>A homologa\u00e7\u00e3o do concurso ser\u00e1 publicada no Di\u00e1rio Oficial da Uni\u00e3o e no site da Funda\u00e7\u00e3o Carlos Chagas. A partir da homologa\u00e7\u00e3o, as convoca\u00e7\u00f5es para nomea\u00e7\u00e3o e posse ser\u00e3o publicadas no Di\u00e1rio Oficial Eletr\u00f4nico do Minist\u00e9rio P\u00fablico do Estado do Amap\u00e1.<\/p>\n<p>\u00c9 de responsabilidade exclusiva do candidato acompanhar todas as publica\u00e7\u00f5es oficiais no site da banca organizadora e nos di\u00e1rios oficiais pertinentes para n\u00e3o perder nenhuma informa\u00e7\u00e3o ou prazo importante.<\/p>\n","protected":false},"excerpt":{"rendered":"<p>Concurso MP AP com edital publicado! Vagas p\/ Analista e T\u00e9cnico (M\u00e9dio a Sup.). Inscri\u00e7\u00f5es a partir de 29\/09. Sal\u00e1rios at\u00e9 R$ 7.9k. Confira detalhes!<\/p>\n","protected":false},"author":7,"featured_media":271841,"comment_status":"open","ping_status":"open","sticky":false,"template":"","format":"standard","meta":{"_acf_changed":false,"_breakdance_hide_in_design_set":false,"_breakdance_tags":"","footnotes":""},"categories":[3,5,126,9,14,26,101,159],"tags":[40],"_amplo":[],"destaque":[],"instituicoes":[],"class_list":["post-271842","post","type-post","status-publish","format-standard","has-post-thumbnail","hentry","category-administracao","category-arquitetura","category-ciencia-computacao","category-ciencias-contabeis","category-engenharia","category-psicologia","category-servico-social","category-tecnologia-da-informacao","tag-amapa"],"acf":{"_tipo_vagas":"vagas","_numero_vagas":"","_quadro_vagas":"","_cargos":"diversos","_cargos_especificos":"","_salario_max":"R$ 7978.05","_abertura":"20250929","_encerramento":"20251029","_inscricoes":"https:\/\/www.concursosfcc.com.br","_executora_concurso":"","_instituicao_concurso":[],"_link_adicional":null,"_anexos":null,"_produtos":null,"_vagas":"13 + CR","_salario_min":"R$ 5861.38","_instituicao":"Minist\u00e9rio P\u00fablico do Estado do Amap\u00e1","_edital":"https:\/\/www.agrobase.com.br\/concursos\/wp-content\/uploads\/sites\/4\/2025\/09\/edital-01-2025-mp-ap.pdf","_anexos_edital":"https:\/\/www.agrobase.com.br\/concursos\/wp-content\/uploads\/sites\/4\/2025\/09\/anexos-edital-01-2025-mp-ap.pdf","_fund_incompleto":"","_fund_completo":"","_medio":"<div>\r\n<table class=\"quadro\">\r\n<thead>\r\n<tr>\r\n<th class=\"hcargo\">Cargo<\/th>\r\n<th class=\"hvagas\">Vagas<\/th>\r\n<th class=\"hremuneracao\">Remunera\u00e7\u00e3o<\/th>\r\n<\/tr>\r\n<\/thead>\r\n    <tbody>\r\n      <td class=\"ccargos\">\r\n<span data-balloon-length=\"medium\" aria-label=\"Certificado de conclus\u00e3o de ensino em n\u00edvel m\u00e9dio reconhecido pelo MEC.\" data-balloon-pos=\"up\">T\u00e9cnico Ministerial - Especialidade: Apoio Administrativo<\/span><\/td>\r\n<td class=\"cvagas\">10 + CR<\/td>\r\n<td class=\"cremuneracao\">R$ 5.861,38 \/40h<\/td>\r\n<\/tr><td class=\"ccargos\">\r\n<span data-balloon-length=\"medium\" aria-label=\"Certificado de conclus\u00e3o de ensino em n\u00edvel m\u00e9dio reconhecido pelo MEC, com habilita\u00e7\u00e3o em t\u00e9cnico de inform\u00e1tica.\" data-balloon-pos=\"up\">T\u00e9cnico Ministerial - Especialidade: T\u00e9cnico de Inform\u00e1tica<\/span><\/td>\r\n<td class=\"cvagas\">1 + CR<\/td>\r\n<td class=\"cremuneracao\">R$ 5.861,38 \/40h<\/td>\r\n<\/tr>\r\n    <\/tbody>\r\n  <\/table>\r\n<\/div>","_superior":"<div>\r\n<table class=\"quadro\">\r\n<thead>\r\n<tr>\r\n<th class=\"hcargo\">Cargo<\/th>\r\n<th class=\"hvagas\">Vagas<\/th>\r\n<th class=\"hremuneracao\">Remunera\u00e7\u00e3o<\/th>\r\n<\/tr>\r\n<\/thead>\r\n    <tbody>\r\n      <tr>\r\n<td class=\"ccargos\">\r\n<span data-balloon-length=\"medium\" aria-label=\"Gradua\u00e7\u00e3o em curso superior de Psicologia reconhecido pelo MEC e com registro e\/ou inscri\u00e7\u00e3o no(s) \u00f3rg\u00e3o(s) de classe, na forma da lei ou ato normativo espec\u00edfico.\" data-balloon-pos=\"up\">Analista Ministerial - Especialidade: Psicologia<\/span><\/td>\r\n<td class=\"cvagas\">CR<\/td>\r\n<td class=\"cremuneracao\">R$ 7.978,05 \/40h<\/td>\r\n<\/tr><tr>\r\n<td class=\"ccargos\">\r\n<span data-balloon-length=\"medium\" aria-label=\"Gradua\u00e7\u00e3o em curso superior de Servi\u00e7o Social reconhecido pelo MEC e com registro e\/ou inscri\u00e7\u00e3o no(s) \u00f3rg\u00e3o(s) de classe, na forma da lei ou ato normativo espec\u00edfico.\" data-balloon-pos=\"up\">Analista Ministerial - Especialidade: Servi\u00e7o Social<\/span><\/td>\r\n<td class=\"cvagas\">CR<\/td>\r\n<td class=\"cremuneracao\">R$ 7.978,05 \/40h<\/td>\r\n<\/tr><tr>\r\n<td class=\"ccargos\">\r\n<span data-balloon-length=\"medium\" aria-label=\"Gradua\u00e7\u00e3o em curso superior de Administra\u00e7\u00e3o ou Administra\u00e7\u00e3o P\u00fablica reconhecido pelo MEC e com registro e\/ou inscri\u00e7\u00e3o no(s) \u00f3rg\u00e3o(s) de classe, na forma da lei ou ato normativo espec\u00edfico.\" data-balloon-pos=\"up\">Analista Ministerial - Especialidade: Administra\u00e7\u00e3o<\/span><\/td>\r\n<td class=\"cvagas\">1 + CR<\/td>\r\n<td class=\"cremuneracao\">R$ 7.978,05 \/40h<\/td>\r\n<\/tr><tr>\r\n<td class=\"ccargos\">\r\n<span data-balloon-length=\"medium\" aria-label=\"Gradua\u00e7\u00e3o em curso superior de Arquitetura e Urbanismo reconhecido pelo MEC e com registro e\/ou inscri\u00e7\u00e3o no(s) \u00f3rg\u00e3o(s) competente(s), na forma da lei ou ato normativo espec\u00edfico.\" data-balloon-pos=\"up\">Analista Ministerial - Especialidade: Arquitetura<\/span><\/td>\r\n<td class=\"cvagas\">CR<\/td>\r\n<td class=\"cremuneracao\">R$ 7.978,05 \/40h<\/td>\r\n<\/tr><tr>\r\n<td class=\"ccargos\">\r\n<span data-balloon-length=\"medium\" aria-label=\"Gradua\u00e7\u00e3o em curso superior de Ci\u00eancias Cont\u00e1beis reconhecido pelo MEC e com registro e\/ou inscri\u00e7\u00e3o no(s) \u00f3rg\u00e3o(s) de classe, na forma da lei ou ato normativo espec\u00edfico.\" data-balloon-pos=\"up\">Analista Ministerial - Especialidade: Ci\u00eancias Cont\u00e1beis<\/span><\/td>\r\n<td class=\"cvagas\">1 + CR<\/td>\r\n<td class=\"cremuneracao\">R$ 7.978,05 \/40h<\/td>\r\n<\/tr><tr>\r\n<td class=\"ccargos\">\r\n<span data-balloon-length=\"medium\" aria-label=\"Gradua\u00e7\u00e3o em curso superior de Engenharia Civil reconhecido pelo MEC e com registro e\/ou inscri\u00e7\u00e3o no(s) \u00f3rg\u00e3o(s) de classe, na forma da lei ou ato normativo espec\u00edfico.\" data-balloon-pos=\"up\">Analista Ministerial - Especialidade: Engenharia Civil<\/span><\/td>\r\n<td class=\"cvagas\">1 + CR<\/td>\r\n<td class=\"cremuneracao\">R$ 7.978,05 \/40h<\/td>\r\n<\/tr><tr>\r\n<td class=\"ccargos\">\r\n<span data-balloon-length=\"medium\" aria-label=\"Gradua\u00e7\u00e3o em curso superior de Ci\u00eancia da Computa\u00e7\u00e3o ou Sistemas de Informa\u00e7\u00e3o ou Tecnologia em Processamento de Dados ou outro curso com gradua\u00e7\u00e3o plena em inform\u00e1tica, reconhecido pelo MEC e com registro e\/ou inscri\u00e7\u00e3o no(s) \u00f3rg\u00e3o(s) de classe, na forma da lei ou ato normativo espec\u00edfico.\" data-balloon-pos=\"up\">Analista Ministerial - Especialidade: Tecnologia da Informa\u00e7\u00e3o<\/span><\/td>\r\n<td class=\"cvagas\">1 + CR<\/td>\r\n<td class=\"cremuneracao\">R$ 7.978,05 \/40h<\/td>\r\n<\/tr>\r\n    <\/tbody>\r\n  <\/table>\r\n<\/div>"},"_links":{"self":[{"href":"https:\/\/www.agrobase.com.br\/concursos\/wp-json\/wp\/v2\/posts\/271842","targetHints":{"allow":["GET"]}}],"collection":[{"href":"https:\/\/www.agrobase.com.br\/concursos\/wp-json\/wp\/v2\/posts"}],"about":[{"href":"https:\/\/www.agrobase.com.br\/concursos\/wp-json\/wp\/v2\/types\/post"}],"author":[{"embeddable":true,"href":"https:\/\/www.agrobase.com.br\/concursos\/wp-json\/wp\/v2\/users\/7"}],"replies":[{"embeddable":true,"href":"https:\/\/www.agrobase.com.br\/concursos\/wp-json\/wp\/v2\/comments?post=271842"}],"version-history":[{"count":2,"href":"https:\/\/www.agrobase.com.br\/concursos\/wp-json\/wp\/v2\/posts\/271842\/revisions"}],"predecessor-version":[{"id":271846,"href":"https:\/\/www.agrobase.com.br\/concursos\/wp-json\/wp\/v2\/posts\/271842\/revisions\/271846"}],"wp:featuredmedia":[{"embeddable":true,"href":"https:\/\/www.agrobase.com.br\/concursos\/wp-json\/wp\/v2\/media\/271841"}],"wp:attachment":[{"href":"https:\/\/www.agrobase.com.br\/concursos\/wp-json\/wp\/v2\/media?parent=271842"}],"wp:term":[{"taxonomy":"category","embeddable":true,"href":"https:\/\/www.agrobase.com.br\/concursos\/wp-json\/wp\/v2\/categories?post=271842"},{"taxonomy":"post_tag","embeddable":true,"href":"https:\/\/www.agrobase.com.br\/concursos\/wp-json\/wp\/v2\/tags?post=271842"},{"taxonomy":"_amplo","embeddable":true,"href":"https:\/\/www.agrobase.com.br\/concursos\/wp-json\/wp\/v2\/_amplo?post=271842"},{"taxonomy":"destaque","embeddable":true,"href":"https:\/\/www.agrobase.com.br\/concursos\/wp-json\/wp\/v2\/destaque?post=271842"},{"taxonomy":"instituicoes","embeddable":true,"href":"https:\/\/www.agrobase.com.br\/concursos\/wp-json\/wp\/v2\/instituicoes?post=271842"}],"curies":[{"name":"wp","href":"https:\/\/api.w.org\/{rel}","templated":true}]}}