{"id":271790,"date":"2025-09-29T07:10:36","date_gmt":"2025-09-29T10:10:36","guid":{"rendered":"https:\/\/www.agrobase.com.br\/concursos\/?p=271790"},"modified":"2025-09-26T11:21:37","modified_gmt":"2025-09-26T14:21:37","slug":"prefeitura-itauna-mg-selecao-simplificada-01-2025","status":"publish","type":"post","link":"https:\/\/www.agrobase.com.br\/concursos\/2025\/prefeitura-itauna-mg-selecao-simplificada-01-2025\/","title":{"rendered":"Prefeitura Ita\u00fana (MG) &#8211; Sele\u00e7\u00e3o Simplificada 01\/2025"},"content":{"rendered":"<h2>Informa\u00e7\u00f5es Gerais<\/h2>\n<p>A Prefeitura de Ita\u00fana, em Minas Gerais, por meio da Secretaria Municipal de Sa\u00fade, publicou o edital de seu novo Processo Seletivo Simplificado. O certame visa \u00e0 forma\u00e7\u00e3o de cadastro de reserva para futuras contrata\u00e7\u00f5es em regime estatut\u00e1rio, conforme a Lei Municipal n\u00ba 2.843\/1994.<\/p>\n<p>As oportunidades abrangem os n\u00edveis de escolaridade fundamental incompleto, m\u00e9dio, t\u00e9cnico e superior, contemplando diversas \u00e1reas da sa\u00fade e de apoio administrativo. <strong>Para os profissionais de Medicina Veterin\u00e1ria, h\u00e1 vagas de n\u00edvel superior para o cargo de Veterin\u00e1rio.<\/strong> O processo seletivo busca preencher eventuais vagas que surjam durante o prazo de validade do certame, oferecendo uma excelente oportunidade para ingressar no servi\u00e7o p\u00fablico municipal.<\/p>\n<p>A seguir, voc\u00ea encontrar\u00e1 informa\u00e7\u00f5es detalhadas sobre as inscri\u00e7\u00f5es, as etapas de classifica\u00e7\u00e3o e o cronograma de resultados para planejar sua participa\u00e7\u00e3o. Continue a leitura e prepare-se!<\/p>\n<h2>Inscri\u00e7\u00f5es<\/h2>\n<p>As inscri\u00e7\u00f5es para o Processo Seletivo Simplificado da Prefeitura de Ita\u00fana\/MG estar\u00e3o abertas e dever\u00e3o ser realizadas exclusivamente pela internet. Os interessados poder\u00e3o se inscrever no per\u00edodo de <strong>29 de setembro de 2025, a partir das 08h00, at\u00e9 as 16h00 do dia 03 de outubro de 2025<\/strong>. O formul\u00e1rio de inscri\u00e7\u00e3o ser\u00e1 disponibilizado no site oficial da Prefeitura Municipal de Ita\u00fana.<\/p>\n<p>N\u00e3o h\u00e1 men\u00e7\u00e3o de taxa de inscri\u00e7\u00e3o no edital. Durante o processo de inscri\u00e7\u00e3o online, ser\u00e1 necess\u00e1rio anexar a documenta\u00e7\u00e3o m\u00ednima exigida, como documento de identidade, CPF e comprovante de endere\u00e7o. O candidato poder\u00e1 se inscrever para apenas um cargo. \u00c9 fundamental que toda a documenta\u00e7\u00e3o enviada esteja leg\u00edvel, pois o preenchimento correto dos dados e o envio dos arquivos s\u00e3o de total responsabilidade do candidato.<\/p>\n<p>Ap\u00f3s a conclus\u00e3o, o candidato deve guardar o protocolo de inscri\u00e7\u00e3o, que ser\u00e1 o comprovante para acompanhamento de todas as publica\u00e7\u00f5es futuras. N\u00e3o ser\u00e3o aceitas inscri\u00e7\u00f5es por outros meios ou fora do prazo estabelecido.<\/p>\n<p>Para conhecer todos os detalhes e requisitos, \u00e9 imprescind\u00edvel a leitura completa do edital.<\/p>\n<h2>Etapas e Provas<\/h2>\n<p>O Processo Seletivo Simplificado da Prefeitura de Ita\u00fana\/MG ser\u00e1 realizado em uma \u00fanica etapa, de car\u00e1ter classificat\u00f3rio, que consiste na <strong>An\u00e1lise de T\u00edtulos e Experi\u00eancia Profissional<\/strong>. A pontua\u00e7\u00e3o ser\u00e1 atribu\u00edda com base na documenta\u00e7\u00e3o comprobat\u00f3ria enviada pelo candidato no ato da inscri\u00e7\u00e3o.<\/p>\n<p>A classifica\u00e7\u00e3o dos candidatos ser\u00e1 definida pela soma dos pontos obtidos nos seguintes crit\u00e9rios:<\/p>\n<ul>\n<li><strong>Experi\u00eancia Profissional:<\/strong> 1,0 ponto para cada 12 meses de experi\u00eancia na fun\u00e7\u00e3o, com pontua\u00e7\u00e3o m\u00e1xima de 5,0 pontos.<\/li>\n<li><strong>Forma\u00e7\u00e3o Acad\u00eamica (P\u00f3s-gradua\u00e7\u00e3o):<\/strong> 1,0 ponto por curso de especializa\u00e7\u00e3o (m\u00e1ximo de 3,0 pontos), 1,5 ponto por mestrado (m\u00e1ximo de 3,0 pontos) e 2,0 pontos por doutorado (m\u00e1ximo de 4,0 pontos), todos na \u00e1rea de atua\u00e7\u00e3o.<\/li>\n<li><strong>Cursos de Capacita\u00e7\u00e3o:<\/strong> 0,5 ponto para cada curso de aperfei\u00e7oamento na \u00e1rea de forma\u00e7\u00e3o com carga hor\u00e1ria m\u00ednima de 30 horas (m\u00e1ximo de 2,0 pontos).<\/li>\n<li><strong>Outras Qualifica\u00e7\u00f5es:<\/strong> 1,0 ponto para curso de inform\u00e1tica b\u00e1sica (pacote Office) e 0,5 ponto para Carteira de Habilita\u00e7\u00e3o nas categorias A ou B.<\/li>\n<\/ul>\n<p>Ser\u00e3o classificados apenas os candidatos que comprovarem os requisitos m\u00ednimos exigidos para o cargo pretendido. O crit\u00e9rio de desempate, caso necess\u00e1rio, ser\u00e1 a maior idade, considerando ano, m\u00eas e dia de nascimento.<\/p>\n<p>Para informa\u00e7\u00f5es detalhadas sobre os documentos aceitos para comprova\u00e7\u00e3o e as regras de pontua\u00e7\u00e3o, consulte o edital completo do certame.<\/p>\n<h2>Resultados e Gabarito<\/h2>\n<p>A divulga\u00e7\u00e3o dos resultados do Processo Seletivo da Prefeitura de Ita\u00fana\/MG seguir\u00e1 um cronograma oficial. Ap\u00f3s a an\u00e1lise dos documentos, a comiss\u00e3o organizadora publicar\u00e1 uma lista de classifica\u00e7\u00e3o preliminar no site da prefeitura. Os candidatos poder\u00e3o interpor recurso contra o resultado preliminar nos dois primeiros dias \u00fateis seguintes \u00e0 sua divulga\u00e7\u00e3o, exclusivamente por meio de um link eletr\u00f4nico que ser\u00e1 disponibilizado no mesmo site.<\/p>\n<p>Ap\u00f3s o julgamento dos recursos, o resultado final ser\u00e1 homologado pelo Secret\u00e1rio Municipal de Sa\u00fade e publicado no Jornal Oficial do Munic\u00edpio. A homologa\u00e7\u00e3o torna a classifica\u00e7\u00e3o definitiva e d\u00e1 in\u00edcio ao prazo de validade do certame, que \u00e9 de 1 ano, podendo ser prorrogado por igual per\u00edodo. O \u00fanico crit\u00e9rio de desempate previsto em edital \u00e9 a maior idade do candidato.<\/p>\n<p>A convoca\u00e7\u00e3o para contrata\u00e7\u00e3o ocorrer\u00e1 de acordo com a necessidade da administra\u00e7\u00e3o e seguir\u00e1 rigorosamente a ordem de classifica\u00e7\u00e3o. Os candidatos ser\u00e3o notificados por correio com Aviso de Recebimento (AR) ou por meios eletr\u00f4nicos, como WhatsApp e e-mail. \u00c9 fundamental que os candidatos mantenham seus dados de contato atualizados junto \u00e0 prefeitura durante todo o per\u00edodo de validade do processo seletivo.<\/p>\n<p>O acompanhamento de todas as publica\u00e7\u00f5es, incluindo resultados, convoca\u00e7\u00f5es e comunicados, no site oficial da Prefeitura de Ita\u00fana e no Di\u00e1rio Oficial do Munic\u00edpio, \u00e9 de responsabilidade exclusiva do candidato.<\/p>\n","protected":false},"excerpt":{"rendered":"<p>Sel. Simplificada Pref. Ita\u00fana (MG) com edital publicado! Vagas p\/ Dentista, T\u00e9cnico Enfermagem (Fund. a Sup.). Inscri\u00e7\u00f5es a partir de 29\/09. Confira detalhes!<\/p>\n","protected":false},"author":7,"featured_media":271789,"comment_status":"open","ping_status":"open","sticky":false,"template":"","format":"standard","meta":{"_acf_changed":false,"_breakdance_hide_in_design_set":false,"_breakdance_tags":"","footnotes":""},"categories":[19,22,24,26,108,161,143,134],"tags":[50],"_amplo":[],"destaque":[],"instituicoes":[],"class_list":["post-271790","post","type-post","status-publish","format-standard","has-post-thumbnail","hentry","category-fonoaudiologia","category-veterinaria","category-odontologia","category-psicologia","category-tecnico-enfermagem","category-tecnico-laboratorio","category-tecnico-odontologia","category-terapia-ocupacional","tag-minas-gerais"],"acf":{"_tipo_vagas":"vagas","_numero_vagas":"","_quadro_vagas":"","_cargos":"diversos","_cargos_especificos":"","_salario_max":"R$ 10446.91","_abertura":"20250929","_encerramento":"20251003","_inscricoes":"https:\/\/www.itauna.mg.gov.br\/","_executora_concurso":"","_instituicao_concurso":[],"_link_adicional":null,"_anexos":null,"_produtos":null,"_vagas":"CR","_salario_min":"R$ 1866.14","_instituicao":"Prefeitura de Ita\u00fana","_edital":"https:\/\/www.agrobase.com.br\/concursos\/wp-content\/uploads\/sites\/4\/2025\/09\/edital-01-2025-prefeitura-de-itauna-mg.pdf","_anexos_edital":"https:\/\/www.agrobase.com.br\/concursos\/wp-content\/uploads\/sites\/4\/2025\/09\/anexos-edital-01-2025-prefeitura-de-itauna-mg.pdf","_fund_incompleto":"<div>\r\n<table class=\"quadro\">\r\n<thead>\r\n<tr>\r\n<th class=\"hcargo\">Cargo<\/th>\r\n<th class=\"hvagas\">Vagas<\/th>\r\n<th class=\"hremuneracao\">Remunera\u00e7\u00e3o<\/th>\r\n<\/tr>\r\n<\/thead>\r\n    <tbody>\r\n      <td class=\"ccargos\">\r\n<span data-balloon-length=\"medium\" aria-label=\"Ensino Fundamental incompleto, conhecimento de inform\u00e1tica.\" data-balloon-pos=\"up\">Assistente Administrativo Sa\u00fade<\/span><\/td>\r\n<td class=\"cvagas\">CR<\/td>\r\n<td class=\"cremuneracao\">R$ 1.866,14 \/40h semanais<\/td>\r\n<\/tr><td class=\"ccargos\">\r\n<span data-balloon-length=\"medium\" aria-label=\"Ensino Fundamental, experi\u00eancia m\u00ednimo de 02 anos e registro profissional (CRO), conhecimento em inform\u00e1tica.\" data-balloon-pos=\"up\">Auxiliar de Sa\u00fade Bucal<\/span><\/td>\r\n<td class=\"cvagas\">CR<\/td>\r\n<td class=\"cremuneracao\">R$ 2.679,83 \/40h semanais<\/td>\r\n<\/tr>\r\n    <\/tbody>\r\n  <\/table>\r\n<\/div>","_fund_completo":"","_medio":"<div>\r\n<table class=\"quadro\">\r\n<thead>\r\n<tr>\r\n<th class=\"hcargo\">Cargo<\/th>\r\n<th class=\"hvagas\">Vagas<\/th>\r\n<th class=\"hremuneracao\">Remunera\u00e7\u00e3o<\/th>\r\n<\/tr>\r\n<\/thead>\r\n    <tbody>\r\n      <td class=\"ccargos\">\r\n<span data-balloon-length=\"medium\" aria-label=\"N\u00edvel m\u00e9dio completo com experi\u00eancia m\u00ednima de 1 (um) ano na mat\u00e9rias, contabilidade e recursos humanos, conhecimento de inform\u00e1tica.\" data-balloon-pos=\"up\">Assistente de Gest\u00e3o<\/span><\/td>\r\n<td class=\"cvagas\">CR<\/td>\r\n<td class=\"cremuneracao\">R$ 3.521,01 \/40hs semanais<\/td>\r\n<\/tr><td class=\"ccargos\">\r\n<span data-balloon-length=\"medium\" aria-label=\"experi\u00eancia m\u00ednima de 1 (um) ano na execu\u00e7\u00e3o dos servi\u00e7os operacionais de sistema e distribui\u00e7\u00e3o de medicamentos. conhecimento em inform\u00e1tica.\" data-balloon-pos=\"up\">Auxiliar de Gest\u00e3o<\/span><\/td>\r\n<td class=\"cvagas\">CR<\/td>\r\n<td class=\"cremuneracao\">R$ 2.956,86 \/40 hs semanais<\/td>\r\n<\/tr><td class=\"ccargos\">\r\n<span data-balloon-length=\"medium\" aria-label=\"Ensino m\u00e9dio completo, Certificado de T\u00e9cnico de Enfermagem, expedido de acordo com a Legisla\u00e7\u00e3o e registrado no COREN, \u00f3rg\u00e3o competente, m\u00ednimo de 02 anos de experi\u00eancia.\" data-balloon-pos=\"up\">T\u00e9cnico de Enfermagem<\/span><\/td>\r\n<td class=\"cvagas\">CR<\/td>\r\n<td class=\"cremuneracao\">R$ 3.521,01 \/40h semanais<\/td>\r\n<\/tr><td class=\"ccargos\">\r\n<span data-balloon-length=\"medium\" aria-label=\"Ensino m\u00e9dio completo ou Certificado de T\u00e9cnico de Enfermagem, expedidos de acordo com a legisla\u00e7\u00e3o, registrado no COREN, \u00f3rg\u00e3o competente, m\u00ednimo de 02 anos de experi\u00eancia.\" data-balloon-pos=\"up\">T\u00e9cnico de Enfermagem Sa\u00fade Mental<\/span><\/td>\r\n<td class=\"cvagas\">CR<\/td>\r\n<td class=\"cremuneracao\">R$ 3.168,86 \/12x36 ou 180 semanais<\/td>\r\n<\/tr><td class=\"ccargos\">\r\n<span data-balloon-length=\"medium\" aria-label=\"Ensino m\u00e9dio completo com curso de T\u00e9cnico de Laborat\u00f3rio ou equivalente com registro no conselho de classe, conhecimento em inform\u00e1tica.\" data-balloon-pos=\"up\">T\u00e9cnico de Laborat\u00f3rio<\/span><\/td>\r\n<td class=\"cvagas\">CR<\/td>\r\n<td class=\"cremuneracao\">R$ 3.521,01 \/40 horas semanais<\/td>\r\n<\/tr><td class=\"ccargos\">\r\n<span data-balloon-length=\"medium\" aria-label=\"Ensino M\u00e9dio, conhecimento em inform\u00e1tica (Windows, Word e Excel - Office 365).\" data-balloon-pos=\"up\">Fiscal Sanit\u00e1rio<\/span><\/td>\r\n<td class=\"cvagas\">CR<\/td>\r\n<td class=\"cremuneracao\">R$ 3.521,01 \/40 horas semanais<\/td>\r\n<\/tr><td class=\"ccargos\">\r\n<span data-balloon-length=\"medium\" aria-label=\"01 ano de experi\u00eancia. N\u00edvel M\u00e9dio com curso t\u00e9cnico em radiologia.\" data-balloon-pos=\"up\">T\u00e9cnico em Radiologia<\/span><\/td>\r\n<td class=\"cvagas\">CR<\/td>\r\n<td class=\"cremuneracao\">R$ 3.521,01 \/24 horas semanais<\/td>\r\n<\/tr>\r\n    <\/tbody>\r\n  <\/table>\r\n<\/div>","_superior":"<div>\r\n<table class=\"quadro\">\r\n<thead>\r\n<tr>\r\n<th class=\"hcargo\">Cargo<\/th>\r\n<th class=\"hvagas\">Vagas<\/th>\r\n<th class=\"hremuneracao\">Remunera\u00e7\u00e3o<\/th>\r\n<\/tr>\r\n<\/thead>\r\n    <tbody>\r\n      <tr>\r\n<td class=\"ccargos\">\r\n<span data-balloon-length=\"medium\" aria-label=\"N\u00edvel Superior em Odontologia acrescido de registro no conselho de classe e especializa\u00e7\u00e3o em pacientes com defici\u00eancia com comprova\u00e7\u00e3o de certificado. M\u00ednimo 01(um) ano de experi\u00eancia.\" data-balloon-pos=\"up\">Cirurgi\u00e3o Dentista-EPNE<\/span><\/td>\r\n<td class=\"cvagas\">CR<\/td>\r\n<td class=\"cremuneracao\">R$ 5.223,46 \/20 horas semanais<\/td>\r\n<\/tr><tr>\r\n<td class=\"ccargos\">\r\n<span data-balloon-length=\"medium\" aria-label=\"N\u00edvel Superior em Odontologia Acrescido Registro no conselho de classe e especializa\u00e7\u00e3o em Endodontia com comprova\u00e7\u00e3o de certificado. M\u00ednimo 01(um) ano de experi\u00eancia.\" data-balloon-pos=\"up\">Cirurgi\u00e3o Dentista- EE<\/span><\/td>\r\n<td class=\"cvagas\">CR<\/td>\r\n<td class=\"cremuneracao\">R$ 5.223,46 \/20 horas semanais<\/td>\r\n<\/tr><tr>\r\n<td class=\"ccargos\">\r\n<span data-balloon-length=\"medium\" aria-label=\"N\u00edvel Superior Odontologia Acrescidos Registro No Conselho de classe curso de especialidade em cirurgia com comprova\u00e7\u00e3o de certificado. M\u00ednimo 01 (um) ano de experi\u00eancia.\" data-balloon-pos=\"up\">Cirugi\u00e3o Dentista-ECBMF<\/span><\/td>\r\n<td class=\"cvagas\">CR<\/td>\r\n<td class=\"cremuneracao\">R$ 5.223,46 \/20 horas semanais<\/td>\r\n<\/tr><tr>\r\n<td class=\"ccargos\">\r\n<span data-balloon-length=\"medium\" aria-label=\"N\u00edvel Superior em Odontologia acrescido de registro no conselho de classe e curso de especializa\u00e7\u00e3o em Periodontia com apresenta\u00e7\u00e3o de certificado. M\u00ednimo 01 ( um) ano de experi\u00eancia.\" data-balloon-pos=\"up\">Cirurgi\u00e3o Dentista-EP<\/span><\/td>\r\n<td class=\"cvagas\">CR<\/td>\r\n<td class=\"cremuneracao\">R$ 5.223,46 \/20 horas semanais<\/td>\r\n<\/tr><tr>\r\n<td class=\"ccargos\">\r\n<span data-balloon-length=\"medium\" aria-label=\"N\u00edvel superior em Odontologia com registro no conselho de classe. (CRO)\" data-balloon-pos=\"up\">Odont\u00f3logo<\/span><\/td>\r\n<td class=\"cvagas\">CR<\/td>\r\n<td class=\"cremuneracao\">R$ 5.223,46 \/20 horas semanais<\/td>\r\n<\/tr><tr>\r\n<td class=\"ccargos\">\r\n<span data-balloon-length=\"medium\" aria-label=\"N\u00edvel Superior em Fonoaudiologia, acrescido de registro no respectivo conselho de classe, n\u00e3o necessita experi\u00eancia anterior.\" data-balloon-pos=\"up\">Fonoaudi\u00f3logo<\/span><\/td>\r\n<td class=\"cvagas\">CR<\/td>\r\n<td class=\"cremuneracao\">R$ 5.223,46 \/20 horas semanais<\/td>\r\n<\/tr><tr>\r\n<td class=\"ccargos\">\r\n<span data-balloon-length=\"medium\" aria-label=\"N\u00edvel Superior em Psicologia, acrescido de registro no conselho de classe. Experi\u00eancia: n\u00e3o necessita experi\u00eancia anterior.\" data-balloon-pos=\"up\">Psic\u00f3logo<\/span><\/td>\r\n<td class=\"cvagas\">CR<\/td>\r\n<td class=\"cremuneracao\">R$ 5.223,46 \/20 horas semanais<\/td>\r\n<\/tr><tr>\r\n<td class=\"ccargos\">\r\n<span data-balloon-length=\"medium\" aria-label=\"01 ano de experi\u00eancia. N\u00edvel Superior em Terapia Ocupacional acrescido de registro no conselho de classe (CREFITO).\" data-balloon-pos=\"up\">Terapeuta Ocupacional<\/span><\/td>\r\n<td class=\"cvagas\">CR<\/td>\r\n<td class=\"cremuneracao\">R$ 5.223,46 \/20 horas semanais<\/td>\r\n<\/tr><tr>\r\n<td class=\"ccargos\">\r\n<span data-balloon-length=\"medium\" aria-label=\"N\u00edvel Superior em Medicina Veterin\u00e1ria, acrescido de registro no conselho de classe. Experi\u00eancia: n\u00e3o necessita experi\u00eancia anterior.\" data-balloon-pos=\"up\">Veterin\u00e1rio<\/span><\/td>\r\n<td class=\"cvagas\">CR<\/td>\r\n<td class=\"cremuneracao\">R$ 5.223,46 \/20 horas semanais<\/td>\r\n<\/tr><tr>\r\n<td class=\"ccargos\">\r\n<span data-balloon-length=\"medium\" aria-label=\"N\u00edvel Superior em Odontologia com registro no Conselho de Classe\" data-balloon-pos=\"up\">Cirurgi\u00e3o Dentista<\/span><\/td>\r\n<td class=\"cvagas\">CR<\/td>\r\n<td class=\"cremuneracao\">R$ 10.446,91 \/40 horas semanais<\/td>\r\n<\/tr>\r\n    <\/tbody>\r\n  <\/table>\r\n<\/div>"},"_links":{"self":[{"href":"https:\/\/www.agrobase.com.br\/concursos\/wp-json\/wp\/v2\/posts\/271790","targetHints":{"allow":["GET"]}}],"collection":[{"href":"https:\/\/www.agrobase.com.br\/concursos\/wp-json\/wp\/v2\/posts"}],"about":[{"href":"https:\/\/www.agrobase.com.br\/concursos\/wp-json\/wp\/v2\/types\/post"}],"author":[{"embeddable":true,"href":"https:\/\/www.agrobase.com.br\/concursos\/wp-json\/wp\/v2\/users\/7"}],"replies":[{"embeddable":true,"href":"https:\/\/www.agrobase.com.br\/concursos\/wp-json\/wp\/v2\/comments?post=271790"}],"version-history":[{"count":1,"href":"https:\/\/www.agrobase.com.br\/concursos\/wp-json\/wp\/v2\/posts\/271790\/revisions"}],"predecessor-version":[{"id":271792,"href":"https:\/\/www.agrobase.com.br\/concursos\/wp-json\/wp\/v2\/posts\/271790\/revisions\/271792"}],"wp:featuredmedia":[{"embeddable":true,"href":"https:\/\/www.agrobase.com.br\/concursos\/wp-json\/wp\/v2\/media\/271789"}],"wp:attachment":[{"href":"https:\/\/www.agrobase.com.br\/concursos\/wp-json\/wp\/v2\/media?parent=271790"}],"wp:term":[{"taxonomy":"category","embeddable":true,"href":"https:\/\/www.agrobase.com.br\/concursos\/wp-json\/wp\/v2\/categories?post=271790"},{"taxonomy":"post_tag","embeddable":true,"href":"https:\/\/www.agrobase.com.br\/concursos\/wp-json\/wp\/v2\/tags?post=271790"},{"taxonomy":"_amplo","embeddable":true,"href":"https:\/\/www.agrobase.com.br\/concursos\/wp-json\/wp\/v2\/_amplo?post=271790"},{"taxonomy":"destaque","embeddable":true,"href":"https:\/\/www.agrobase.com.br\/concursos\/wp-json\/wp\/v2\/destaque?post=271790"},{"taxonomy":"instituicoes","embeddable":true,"href":"https:\/\/www.agrobase.com.br\/concursos\/wp-json\/wp\/v2\/instituicoes?post=271790"}],"curies":[{"name":"wp","href":"https:\/\/api.w.org\/{rel}","templated":true}]}}