{"id":271724,"date":"2025-09-26T07:00:09","date_gmt":"2025-09-26T10:00:09","guid":{"rendered":"https:\/\/www.agrobase.com.br\/concursos\/?p=271724"},"modified":"2025-09-25T11:07:14","modified_gmt":"2025-09-25T14:07:14","slug":"prefeitura-touros-rn-selecao-simplificada-02-2025","status":"publish","type":"post","link":"https:\/\/www.agrobase.com.br\/concursos\/2025\/prefeitura-touros-rn-selecao-simplificada-02-2025\/","title":{"rendered":"Prefeitura Touros (RN) &#8211; Sele\u00e7\u00e3o Simplificada 02\/2025"},"content":{"rendered":"<h2>Informa\u00e7\u00f5es Gerais<\/h2>\n<p>A Prefeitura Municipal de Touros, no Rio Grande do Norte, publicou o edital n\u00ba 02\/2025 para seu novo Processo Seletivo Simplificado, organizado pela Secretaria Municipal de Educa\u00e7\u00e3o. O certame, que j\u00e1 est\u00e1 com o edital publicado, visa a contrata\u00e7\u00e3o tempor\u00e1ria de profissionais para atender \u00e0s necessidades da Rede Municipal de Ensino durante o ano de 2025. As oportunidades s\u00e3o destinadas a candidatos com forma\u00e7\u00e3o de n\u00edvel m\u00e9dio\/t\u00e9cnico e superior.<\/p>\n<p>O processo seletivo oferece vagas em diversas \u00e1reas da educa\u00e7\u00e3o, incluindo cargos para professores, coordenadores pedag\u00f3gicos, psic\u00f3logos e assistentes sociais. <strong>Para os profissionais da \u00e1rea de sa\u00fade e biol\u00f3gicas, h\u00e1 vagas para Nutricionistas e Professores de Ci\u00eancias da Natureza.<\/strong> O regime de contrata\u00e7\u00e3o ser\u00e1 administrativo por prazo determinado, com validade de at\u00e9 12 meses, podendo ser prorrogado por igual per\u00edodo.<\/p>\n<p>Este processo \u00e9 uma excelente oportunidade para profissionais que desejam atuar no servi\u00e7o p\u00fablico municipal. Nas se\u00e7\u00f5es seguintes, voc\u00ea encontrar\u00e1 todos os detalhes sobre as inscri\u00e7\u00f5es, as etapas de avalia\u00e7\u00e3o e o cronograma de resultados para planejar sua participa\u00e7\u00e3o.<\/p>\n<h2>Inscri\u00e7\u00f5es<\/h2>\n<p>As inscri\u00e7\u00f5es para o Processo Seletivo de Touros\/RN ser\u00e3o realizadas exclusivamente de forma presencial, entre os dias <strong>29 de setembro e 1\u00ba de outubro de 2025<\/strong>. Os interessados dever\u00e3o comparecer ao Centro de Turismo, localizado na Av. Prefeito Jos\u00e9 Am\u00e9rico, n\u00ba 86, Centro, Touros\/RN. O hor\u00e1rio de atendimento ser\u00e1 das 8h \u00e0s 12h e das 13h \u00e0s 16h, com exce\u00e7\u00e3o do primeiro dia (29\/09), quando o in\u00edcio ser\u00e1 \u00e0s 9h.<\/p>\n<p>No ato da inscri\u00e7\u00e3o, o candidato dever\u00e1 entregar um envelope lacrado contendo a ficha de inscri\u00e7\u00e3o preenchida (Anexo II do edital) e c\u00f3pias dos seguintes documentos:<\/p>\n<ul>\n<li>Documento de identidade com foto (RG ou similar);<\/li>\n<li>Cadastro de Pessoa F\u00edsica (CPF);<\/li>\n<li>T\u00edtulo de Eleitor e comprovante de quita\u00e7\u00e3o eleitoral;<\/li>\n<li>Comprovante de quita\u00e7\u00e3o com o servi\u00e7o militar (para candidatos do sexo masculino);<\/li>\n<li>Comprovante de resid\u00eancia atualizado;<\/li>\n<li>Diploma ou certificado de escolaridade compat\u00edvel com o cargo;<\/li>\n<li>Curr\u00edculo (conforme Anexo III) com os respectivos documentos comprobat\u00f3rios.<\/li>\n<\/ul>\n<p>N\u00e3o ser\u00e1 cobrada taxa de inscri\u00e7\u00e3o. \u00c9 fundamental que o candidato se certifique de que preenche todos os requisitos e entregue a documenta\u00e7\u00e3o completa, pois n\u00e3o ser\u00e1 permitida a juntada posterior de documentos. Cada candidato poder\u00e1 se inscrever para um \u00fanico cargo e uma \u00fanica regi\u00e3o de atua\u00e7\u00e3o. Para informa\u00e7\u00f5es completas sobre os procedimentos, leia atentamente o edital oficial.<\/p>\n<h2>Etapas e Provas<\/h2>\n<p>O Processo Seletivo Simplificado da Prefeitura de Touros ser\u00e1 composto por duas etapas obrigat\u00f3rias, ambas de car\u00e1ter eliminat\u00f3rio e classificat\u00f3rio. A aprova\u00e7\u00e3o em uma fase \u00e9 requisito para avan\u00e7ar para a seguinte.<\/p>\n<p>As etapas s\u00e3o:<\/p>\n<ul>\n<li><strong>1\u00aa Etapa: An\u00e1lise Curricular<\/strong><br \/>De car\u00e1ter eliminat\u00f3rio e classificat\u00f3rio, esta fase consiste na avalia\u00e7\u00e3o dos t\u00edtulos e da experi\u00eancia profissional informados no curr\u00edculo. A pontua\u00e7\u00e3o ser\u00e1 atribu\u00edda com base em crit\u00e9rios como escolaridade, cursos de aperfei\u00e7oamento (m\u00ednimo de 20 horas, realizados nos \u00faltimos 10 anos), tempo de servi\u00e7o na \u00e1rea e titula\u00e7\u00f5es de p\u00f3s-gradua\u00e7\u00e3o (especializa\u00e7\u00e3o, mestrado e doutorado). Ser\u00e1 eliminado o candidato que n\u00e3o atingir a pontua\u00e7\u00e3o m\u00ednima de 10 pontos.<\/li>\n<li><strong>2\u00aa Etapa: Entrevista Presencial<\/strong><br \/>Tamb\u00e9m de car\u00e1ter eliminat\u00f3rio e classificat\u00f3rio, a entrevista ser\u00e1 aplicada aos candidatos aprovados na an\u00e1lise curricular. O objetivo \u00e9 avaliar compet\u00eancias t\u00e9cnicas e comportamentais, como dom\u00ednio dos conhecimentos espec\u00edficos do cargo, clareza na comunica\u00e7\u00e3o, habilidades socioemocionais e postura \u00e9tica. A pontua\u00e7\u00e3o m\u00e1xima nesta fase \u00e9 de 40 pontos, e ser\u00e1 eliminado o candidato que obtiver nota inferior a 20 pontos. O local, a data e o hor\u00e1rio da entrevista ser\u00e3o divulgados juntamente com o resultado final da primeira etapa.<\/li>\n<\/ul>\n<p>Para conhecer detalhadamente os crit\u00e9rios de pontua\u00e7\u00e3o, o conte\u00fado avaliado e o cronograma completo, \u00e9 indispens\u00e1vel a leitura do edital.<\/p>\n<h2>Resultados e Gabarito<\/h2>\n<p>O cronograma do Processo Seletivo de Touros\/RN prev\u00ea a divulga\u00e7\u00e3o dos resultados em etapas. O resultado preliminar da An\u00e1lise Curricular est\u00e1 previsto para <strong>6 de outubro de 2025<\/strong>, com o resultado final desta fase sendo publicado em <strong>9 de outubro de 2025<\/strong>. J\u00e1 o resultado preliminar das entrevistas ser\u00e1 divulgado em <strong>16 de outubro de 2025<\/strong>. O resultado final do certame, com a classifica\u00e7\u00e3o geral e a homologa\u00e7\u00e3o, est\u00e1 programado para <strong>21 de outubro de 2025<\/strong>.<\/p>\n<p>A classifica\u00e7\u00e3o final dos candidatos ser\u00e1 feita em ordem decrescente da pontua\u00e7\u00e3o total. Em caso de empate, os crit\u00e9rios de desempate seguir\u00e3o a seguinte ordem de prefer\u00eancia:<\/p>\n<ul>\n<li>Maior idade;<\/li>\n<li>Residir no munic\u00edpio de Touros\/RN;<\/li>\n<li>Possuir filho(s);<\/li>\n<li>Maior n\u00famero de filhos.<\/li>\n<\/ul>\n<p>A convoca\u00e7\u00e3o dos aprovados ocorrer\u00e1 por meio de Portaria publicada no Di\u00e1rio Oficial dos Munic\u00edpios e\/ou no di\u00e1rio oficial do munic\u00edpio de Touros\/RN, respeitando rigorosamente a ordem de classifica\u00e7\u00e3o. Os candidatos n\u00e3o convocados inicialmente formar\u00e3o um cadastro de reserva e poder\u00e3o ser chamados conforme a necessidade da administra\u00e7\u00e3o durante a validade do certame.<\/p>\n<p>\u00c9 de responsabilidade exclusiva do candidato acompanhar todas as publica\u00e7\u00f5es oficiais, incluindo convoca\u00e7\u00f5es e outros comunicados, nos di\u00e1rios oficiais indicados no edital.<\/p>\n","protected":false},"excerpt":{"rendered":"<p>Sel. Simplificada Pref. Touros (RN) com edital publicado! Vagas p\/ Professor e + (Fund. a Sup.). Inscri\u00e7\u00f5es a partir de 29\/09. Sal\u00e1rios at\u00e9 R$ 3.6k. Confira detalhes!<\/p>\n","protected":false},"author":7,"featured_media":271723,"comment_status":"open","ping_status":"open","sticky":false,"template":"","format":"standard","meta":{"_acf_changed":false,"_breakdance_hide_in_design_set":false,"_breakdance_tags":"","footnotes":""},"categories":[6433,141,6434,6436,111,100,20,6871,116,119,23,25,26,6435,101],"tags":[57],"_amplo":[],"destaque":[],"instituicoes":[],"class_list":["post-271724","post","type-post","status-publish","format-standard","has-post-thumbnail","hentry","category-biologia-licenciatura","category-educacao-artistica","category-educacao-fisica-licenciatura","category-fisica-licenciatura","category-geografia","category-historia","category-letras","category-letras-ingles","category-matematica","category-musica","category-nutricao","category-pedagogia","category-psicologia","category-quimica-licenciatura","category-servico-social","tag-rio-grande-do-norte"],"acf":{"_tipo_vagas":"vagas","_numero_vagas":"","_quadro_vagas":"","_cargos":"diversos","_cargos_especificos":"","_salario_max":"R$ 3650.83","_abertura":"20250929","_encerramento":"20251001","_inscricoes":"","_executora_concurso":"","_instituicao_concurso":[],"_link_adicional":null,"_anexos":null,"_produtos":null,"_vagas":"363 + CR","_salario_min":"R$ 1746.66","_instituicao":"Prefeitura Municipal de Touros","_edital":"https:\/\/www.agrobase.com.br\/concursos\/wp-content\/uploads\/sites\/4\/2025\/09\/edital-02-2025-prefeitura-de-touros-rn.pdf","_anexos_edital":"","_fund_incompleto":"","_fund_completo":"","_medio":"<div>\r\n<table class=\"quadro\">\r\n<thead>\r\n<tr>\r\n<th class=\"hcargo\">Cargo<\/th>\r\n\r\n\r\n<\/tr>\r\n<\/thead>\r\n    <tbody>\r\n      <td class=\"ccargos\">Coordenadores (40H)<\/td>\r\n\r\n\r\n<\/tr><td class=\"ccargos\">Coordenadores (20H)<\/td>\r\n\r\n\r\n<\/tr>\r\n    <\/tbody>\r\n  <\/table>\r\n<\/div>","_superior":"<div>\r\n<table class=\"quadro\">\r\n<thead>\r\n<tr>\r\n<th class=\"hcargo\">Cargo<\/th>\r\n\r\n\r\n<\/tr>\r\n<\/thead>\r\n    <tbody>\r\n      <tr>\r\n<td class=\"ccargos\">Professores Infantil<\/td>\r\n\r\n\r\n<\/tr><tr>\r\n<td class=\"ccargos\">Professores Fundamental I (1\u00ba ao 5\u00ba)<\/td>\r\n\r\n\r\n<\/tr><tr>\r\n<td class=\"ccargos\">Professores de Matem\u00e1tica Fundamental II (6\u00b0 ao 9\u00b0)<\/td>\r\n\r\n\r\n<\/tr><tr>\r\n<td class=\"ccargos\">Professores de Portugu\u00eas Fundamental II (6\u00ba ao 9\u00b0)<\/td>\r\n\r\n\r\n<\/tr><tr>\r\n<td class=\"ccargos\">Professores de Ci\u00eancias da Natureza -Fundamental II (6\u00b0 ao 9\u00b0)<\/td>\r\n\r\n\r\n<\/tr><tr>\r\n<td class=\"ccargos\">Professores de Geografia Fundamental II (6\u00ba ao 9\u00b0)<\/td>\r\n\r\n\r\n<\/tr><tr>\r\n<td class=\"ccargos\">Professores de Hist\u00f3ria, Fundamental II (6\u00ba ao 9\u00b0)<\/td>\r\n\r\n\r\n<\/tr><tr>\r\n<td class=\"ccargos\">Professores de Letras (Habilita\u00e7\u00e3o em Ingl\u00eas) Fundamental II (6\u00b0 ao 9\u00b0)<\/td>\r\n\r\n\r\n<\/tr><tr>\r\n<td class=\"ccargos\">Nutricionistas<\/td>\r\n\r\n\r\n<\/tr><tr>\r\n<td class=\"ccargos\">Psic\u00f3logos<\/td>\r\n\r\n\r\n<\/tr><tr>\r\n<td class=\"ccargos\">Psicopedagogos<\/td>\r\n\r\n\r\n<\/tr><tr>\r\n<td class=\"ccargos\">Assistente Social<\/td>\r\n\r\n\r\n<\/tr><tr>\r\n<td class=\"ccargos\">Professor de Artes<\/td>\r\n\r\n\r\n<\/tr><tr>\r\n<td class=\"ccargos\">Professor de M\u00fasica<\/td>\r\n\r\n\r\n<\/tr><tr>\r\n<td class=\"ccargos\">Professor de Educa\u00e7\u00e3o F\u00edsica<\/td>\r\n\r\n\r\n<\/tr><tr>\r\n<td class=\"ccargos\">Professor para Educa\u00e7\u00e3o em Tempo Integral<\/td>\r\n\r\n\r\n<\/tr>\r\n    <\/tbody>\r\n  <\/table>\r\n<\/div>"},"_links":{"self":[{"href":"https:\/\/www.agrobase.com.br\/concursos\/wp-json\/wp\/v2\/posts\/271724","targetHints":{"allow":["GET"]}}],"collection":[{"href":"https:\/\/www.agrobase.com.br\/concursos\/wp-json\/wp\/v2\/posts"}],"about":[{"href":"https:\/\/www.agrobase.com.br\/concursos\/wp-json\/wp\/v2\/types\/post"}],"author":[{"embeddable":true,"href":"https:\/\/www.agrobase.com.br\/concursos\/wp-json\/wp\/v2\/users\/7"}],"replies":[{"embeddable":true,"href":"https:\/\/www.agrobase.com.br\/concursos\/wp-json\/wp\/v2\/comments?post=271724"}],"version-history":[{"count":2,"href":"https:\/\/www.agrobase.com.br\/concursos\/wp-json\/wp\/v2\/posts\/271724\/revisions"}],"predecessor-version":[{"id":271727,"href":"https:\/\/www.agrobase.com.br\/concursos\/wp-json\/wp\/v2\/posts\/271724\/revisions\/271727"}],"wp:featuredmedia":[{"embeddable":true,"href":"https:\/\/www.agrobase.com.br\/concursos\/wp-json\/wp\/v2\/media\/271723"}],"wp:attachment":[{"href":"https:\/\/www.agrobase.com.br\/concursos\/wp-json\/wp\/v2\/media?parent=271724"}],"wp:term":[{"taxonomy":"category","embeddable":true,"href":"https:\/\/www.agrobase.com.br\/concursos\/wp-json\/wp\/v2\/categories?post=271724"},{"taxonomy":"post_tag","embeddable":true,"href":"https:\/\/www.agrobase.com.br\/concursos\/wp-json\/wp\/v2\/tags?post=271724"},{"taxonomy":"_amplo","embeddable":true,"href":"https:\/\/www.agrobase.com.br\/concursos\/wp-json\/wp\/v2\/_amplo?post=271724"},{"taxonomy":"destaque","embeddable":true,"href":"https:\/\/www.agrobase.com.br\/concursos\/wp-json\/wp\/v2\/destaque?post=271724"},{"taxonomy":"instituicoes","embeddable":true,"href":"https:\/\/www.agrobase.com.br\/concursos\/wp-json\/wp\/v2\/instituicoes?post=271724"}],"curies":[{"name":"wp","href":"https:\/\/api.w.org\/{rel}","templated":true}]}}