{"id":271720,"date":"2025-09-25T08:40:10","date_gmt":"2025-09-25T11:40:10","guid":{"rendered":"https:\/\/www.agrobase.com.br\/concursos\/?p=271720"},"modified":"2025-09-24T15:32:53","modified_gmt":"2025-09-24T18:32:53","slug":"prefeitura-costa-marques-ro-selecao-simplificada-01-2025","status":"publish","type":"post","link":"https:\/\/www.agrobase.com.br\/concursos\/2025\/prefeitura-costa-marques-ro-selecao-simplificada-01-2025\/","title":{"rendered":"Prefeitura Costa Marques (RO) &#8211; Sele\u00e7\u00e3o Simplificada 01\/2025"},"content":{"rendered":"<h2>Informa\u00e7\u00f5es Gerais<\/h2>\n<p>A Prefeitura Municipal de Costa Marques, em Rond\u00f4nia, publicou o edital n\u00ba 001\/SEMAD\/2025 para seu novo Processo Seletivo Simplificado. O objetivo do certame \u00e9 a contrata\u00e7\u00e3o imediata e a forma\u00e7\u00e3o de cadastro de reserva para profissionais que atender\u00e3o \u00e0s necessidades de diversas secretarias municipais \u2014 Administra\u00e7\u00e3o, Educa\u00e7\u00e3o, Sa\u00fade, Obras, Assist\u00eancia Social \u2014 e da C\u00e2mara Municipal. As oportunidades abrangem os n\u00edveis de escolaridade fundamental (incompleto e completo), m\u00e9dio, t\u00e9cnico e superior. O regime de contrata\u00e7\u00e3o \u00e9 tempor\u00e1rio, com validade inicial de um ano, podendo ser prorrogado por igual per\u00edodo. O certame oferece vagas em diversas \u00e1reas da sa\u00fade, incluindo uma oportunidade para o cargo de <strong>Nutricionista<\/strong>. Continue a leitura para conferir os detalhes sobre inscri\u00e7\u00f5es, etapas e cronograma.<\/p>\n<h2>Inscri\u00e7\u00f5es<\/h2>\n<p>As inscri\u00e7\u00f5es para o processo seletivo estar\u00e3o abertas de <strong>6 de outubro de 2025 a 20 de outubro de 2025<\/strong>. Os interessados dever\u00e3o se inscrever exclusivamente de forma <strong>presencial<\/strong>, na sede da Prefeitura Municipal de Costa Marques\/RO, localizada na Av. Chianca, n\u00ba 1381, Centro. O atendimento ocorrer\u00e1 de segunda a sexta-feira, das 7h30 \u00e0s 13h30. Uma boa not\u00edcia para os candidatos \u00e9 que <strong>n\u00e3o haver\u00e1 cobran\u00e7a de taxa de inscri\u00e7\u00e3o<\/strong> para participar do certame. No ato da inscri\u00e7\u00e3o, o candidato dever\u00e1 entregar a Ficha de Inscri\u00e7\u00e3o preenchida, juntamente com os documentos comprobat\u00f3rios dos t\u00edtulos e um comprovante de endere\u00e7o, em envelope lacrado e identificado. \u00c9 importante destacar que cada candidato poder\u00e1 realizar apenas uma \u00fanica inscri\u00e7\u00e3o. Para garantir a participa\u00e7\u00e3o correta, \u00e9 fundamental a leitura completa do edital.<\/p>\n<h2>Etapas e Provas<\/h2>\n<p>O processo seletivo ser\u00e1 realizado em etapa \u00fanica, conforme detalhado abaixo:<\/p>\n<ul>\n<li><strong>An\u00e1lise de T\u00edtulos e Curr\u00edculo<\/strong>: De car\u00e1ter eliminat\u00f3rio e classificat\u00f3rio, esta etapa consistir\u00e1 na avalia\u00e7\u00e3o dos documentos comprobat\u00f3rios apresentados pelo candidato no momento da inscri\u00e7\u00e3o. A pontua\u00e7\u00e3o ser\u00e1 atribu\u00edda com base nos crit\u00e9rios preestabelecidos no edital, considerando a forma\u00e7\u00e3o acad\u00eamica e a experi\u00eancia profissional.<\/li>\n<\/ul>\n<p>Ser\u00e3o considerados apenas os t\u00edtulos obtidos at\u00e9 a data da inscri\u00e7\u00e3o e que sejam relacionados \u00e0 \u00e1rea de atua\u00e7\u00e3o do cargo pretendido. A n\u00e3o comprova\u00e7\u00e3o dos requisitos m\u00ednimos para o cargo resultar\u00e1 na desclassifica\u00e7\u00e3o sum\u00e1ria do candidato. Em caso de empate na pontua\u00e7\u00e3o final, os crit\u00e9rios de desempate seguir\u00e3o a seguinte ordem: maior idade; maior experi\u00eancia profissional comprovada; maior n\u00famero de filhos; filho com menor idade; e, por \u00faltimo, sorteio p\u00fablico. Para conhecer a tabela de pontua\u00e7\u00e3o e todas as regras da avalia\u00e7\u00e3o, consulte o edital completo.<\/p>\n<h2>Resultados e Gabarito<\/h2>\n<p>A homologa\u00e7\u00e3o das inscri\u00e7\u00f5es e a divulga\u00e7\u00e3o do resultado parcial est\u00e3o previstas para o dia <strong>27 de outubro de 2025<\/strong>. Ap\u00f3s essa fase, o resultado final preliminar ser\u00e1 publicado em <strong>10 de novembro de 2025<\/strong>. Os candidatos que desejarem interpor recurso contra o resultado poder\u00e3o faz\u00ea-lo presencialmente nos dias <strong>13 e 14 de novembro de 2025<\/strong>, das 7h30 \u00e0s 13h30. A classifica\u00e7\u00e3o definitiva, ap\u00f3s a an\u00e1lise dos recursos, e a homologa\u00e7\u00e3o do resultado final do processo seletivo ser\u00e3o publicadas na data prov\u00e1vel de <strong>24 de novembro de 2025<\/strong>. A convoca\u00e7\u00e3o dos aprovados ocorrer\u00e1 de acordo com a necessidade da administra\u00e7\u00e3o e seguir\u00e1 rigorosamente a ordem de classifica\u00e7\u00e3o. Os candidatos convocados ter\u00e3o o prazo de cinco dias \u00fateis para se apresentar com a documenta\u00e7\u00e3o exigida.<\/p>\n<p>\u00c9 de responsabilidade exclusiva do candidato acompanhar todas as publica\u00e7\u00f5es oficiais, incluindo resultados, convoca\u00e7\u00f5es e comunicados, no site da Prefeitura de Costa Marques (www.costamarques.ro.gov.br) e no Di\u00e1rio Oficial dos Munic\u00edpios do Estado de Rond\u00f4nia (AROM).<\/p>\n","protected":false},"excerpt":{"rendered":"<p>Sel. Simplificada Pref. Costa Marques (RO) com edital publicado! Vagas p\/ M\u00e9dico, T\u00e9cnico Enfermagem (Fund. a Sup.). Inscri\u00e7\u00f5es a partir de 06\/10. Confira detalhes!<\/p>\n","protected":false},"author":7,"featured_media":271719,"comment_status":"open","ping_status":"open","sticky":false,"template":"","format":"standard","meta":{"_acf_changed":false,"_breakdance_hide_in_design_set":false,"_breakdance_tags":"","footnotes":""},"categories":[12,19,21,23,26,101,108],"tags":[59],"_amplo":[],"destaque":[],"instituicoes":[],"class_list":["post-271720","post","type-post","status-publish","format-standard","has-post-thumbnail","hentry","category-enfermagem","category-fonoaudiologia","category-medicina","category-nutricao","category-psicologia","category-servico-social","category-tecnico-enfermagem","tag-rondonia"],"acf":{"_tipo_vagas":"vagas","_numero_vagas":"","_quadro_vagas":"","_cargos":"diversos","_cargos_especificos":"","_salario_max":"R$ 14000","_abertura":"20251006","_encerramento":"20251020","_inscricoes":"","_executora_concurso":"","_instituicao_concurso":[],"_link_adicional":null,"_anexos":null,"_produtos":null,"_vagas":"60 vagas + CR","_salario_min":"R$ 1350","_instituicao":"Prefeitura de Costa Marques","_edital":"https:\/\/www.agrobase.com.br\/concursos\/wp-content\/uploads\/sites\/4\/2025\/09\/edital-01-2025-prefeitura-de-costa-marques-ro.pdf","_anexos_edital":"","_fund_incompleto":"<div>\r\n<table class=\"quadro\">\r\n<thead>\r\n<tr>\r\n<th class=\"hcargo\">Cargo<\/th>\r\n<th class=\"hvagas\">Vagas<\/th>\r\n<th class=\"hremuneracao\">Remunera\u00e7\u00e3o<\/th>\r\n<\/tr>\r\n<\/thead>\r\n    <tbody>\r\n      <td class=\"ccargos\">\r\n<span data-balloon-length=\"medium\" aria-label=\"Ensino Fundamental Incompleto, m\u00ednimo 5\u00ba ano (4\u00aa s\u00e9rie do antigo prim\u00e1rio)\" data-balloon-pos=\"up\">Aux. Oper. Servi\u00e7os Diversos<\/span><\/td>\r\n<td class=\"cvagas\">03<\/td>\r\n<td class=\"cremuneracao\">R$ 1.350,00 \/40h<\/td>\r\n<\/tr><td class=\"ccargos\">\r\n<span data-balloon-length=\"medium\" aria-label=\"Ensino Fundamental Incompleto, m\u00ednimo 5\u00ba ano (4\u00aa s\u00e9rie do antigo prim\u00e1rio)\" data-balloon-pos=\"up\">Auxiliar de Servi\u00e7os Diversos<\/span><\/td>\r\n<td class=\"cvagas\">01<\/td>\r\n<td class=\"cremuneracao\">R$ 1.350,00 \/40h<\/td>\r\n<\/tr>\r\n    <\/tbody>\r\n  <\/table>\r\n<\/div>","_fund_completo":"<div>\r\n<table class=\"quadro\">\r\n<thead>\r\n<tr>\r\n<th class=\"hcargo\">Cargo<\/th>\r\n<th class=\"hvagas\">Vagas<\/th>\r\n<th class=\"hremuneracao\">Remunera\u00e7\u00e3o<\/th>\r\n<\/tr>\r\n<\/thead>\r\n    <tbody>\r\n      <td class=\"ccargos\">\r\n<span data-balloon-length=\"medium\" aria-label=\"Ensino Fundamental Completo\" data-balloon-pos=\"up\">Agente de Vigil\u00e2ncia<\/span><\/td>\r\n<td class=\"cvagas\">03<\/td>\r\n<td class=\"cremuneracao\">R$ 1.350,00 \/40h<\/td>\r\n<\/tr><td class=\"ccargos\">\r\n<span data-balloon-length=\"medium\" aria-label=\"Ensino Fundamental Completo\" data-balloon-pos=\"up\">Agente de Vigil\u00e2ncia<\/span><\/td>\r\n<td class=\"cvagas\">03<\/td>\r\n<td class=\"cremuneracao\">R$ 1.350,00 \/40h<\/td>\r\n<\/tr><td class=\"ccargos\">\r\n<span data-balloon-length=\"medium\" aria-label=\"Ensino Fundamental Completo\" data-balloon-pos=\"up\">Agente de Vigil\u00e2ncia<\/span><\/td>\r\n<td class=\"cvagas\">02<\/td>\r\n<td class=\"cremuneracao\">R$ 1.350,00 \/40h<\/td>\r\n<\/tr>\r\n    <\/tbody>\r\n  <\/table>\r\n<\/div>","_medio":"<div>\r\n<table class=\"quadro\">\r\n<thead>\r\n<tr>\r\n<th class=\"hcargo\">Cargo<\/th>\r\n<th class=\"hvagas\">Vagas<\/th>\r\n<th class=\"hremuneracao\">Remunera\u00e7\u00e3o<\/th>\r\n<\/tr>\r\n<\/thead>\r\n    <tbody>\r\n      <td class=\"ccargos\">\r\n<span data-balloon-length=\"medium\" aria-label=\"Ensino M\u00e9dio Completo e Curso T\u00e9cnico em Enfermagem. Registro no COREN\" data-balloon-pos=\"up\">T\u00e9cnico de Enfermagem<\/span><\/td>\r\n<td class=\"cvagas\">30<\/td>\r\n<td class=\"cremuneracao\">R$ 1.400,00 \/40h<\/td>\r\n<\/tr><td class=\"ccargos\">\r\n<span data-balloon-length=\"medium\" aria-label=\"Ensino M\u00e9dio Completo e Curso T\u00e9cnico em Microscopista\" data-balloon-pos=\"up\">Microscopista<\/span><\/td>\r\n<td class=\"cvagas\">01<\/td>\r\n<td class=\"cremuneracao\">R$ 1.400,00 \/40h<\/td>\r\n<\/tr><td class=\"ccargos\">\r\n<span data-balloon-length=\"medium\" aria-label=\"Ensino M\u00e9dio Completo e Curso T\u00e9cnico em Radiologia e\/ou Radiografia e\/ou Raios-X. Registro no Conselho de Classe competente.\" data-balloon-pos=\"up\">T\u00e9cnico em Radiologia<\/span><\/td>\r\n<td class=\"cvagas\">03<\/td>\r\n<td class=\"cremuneracao\">R$ 1.400,00 \/40h<\/td>\r\n<\/tr><td class=\"ccargos\">\r\n<span data-balloon-length=\"medium\" data-balloon-pos=\"up\">Fiscal Tribut\u00e1rio<\/span><\/td>\r\n<td class=\"cvagas\">02<\/td>\r\n<td class=\"cremuneracao\">R$ 1.400,00 \/40h<\/td>\r\n<\/tr>\r\n    <\/tbody>\r\n  <\/table>\r\n<\/div>","_superior":"<div>\r\n<table class=\"quadro\">\r\n<thead>\r\n<tr>\r\n<th class=\"hcargo\">Cargo<\/th>\r\n<th class=\"hvagas\">Vagas<\/th>\r\n<th class=\"hremuneracao\">Remunera\u00e7\u00e3o<\/th>\r\n<\/tr>\r\n<\/thead>\r\n    <tbody>\r\n      <tr>\r\n<td class=\"ccargos\">\r\n<span data-balloon-length=\"medium\" aria-label=\"Curso Superior em Enfermagem e Registro no Conselho de Classe competente\" data-balloon-pos=\"up\">Enfermeiro PSF<\/span><\/td>\r\n<td class=\"cvagas\">02<\/td>\r\n<td class=\"cremuneracao\">R$ 2.350,00 \/40h<\/td>\r\n<\/tr><tr>\r\n<td class=\"ccargos\">\r\n<span data-balloon-length=\"medium\" aria-label=\"Curso Superior em Psicologia e Registro no Conselho de Classe competente\" data-balloon-pos=\"up\">Psic\u00f3logo<\/span><\/td>\r\n<td class=\"cvagas\">01<\/td>\r\n<td class=\"cremuneracao\">R$ 2.350,00 \/40h<\/td>\r\n<\/tr><tr>\r\n<td class=\"ccargos\">\r\n<span data-balloon-length=\"medium\" aria-label=\"Curso Superior em Nutri\u00e7\u00e3o e Registro no Conselho de Classe competente\" data-balloon-pos=\"up\">Nutricionista<\/span><\/td>\r\n<td class=\"cvagas\">01<\/td>\r\n<td class=\"cremuneracao\">R$ 2.350,00 \/40h<\/td>\r\n<\/tr><tr>\r\n<td class=\"ccargos\">\r\n<span data-balloon-length=\"medium\" aria-label=\"Curso Superior em Fonoaudiologia e Registro no Conselho de Classe competente\" data-balloon-pos=\"up\">Fonoaudi\u00f3logo<\/span><\/td>\r\n<td class=\"cvagas\">01<\/td>\r\n<td class=\"cremuneracao\">R$ 2.350,00 \/40h<\/td>\r\n<\/tr><tr>\r\n<td class=\"ccargos\">\r\n<span data-balloon-length=\"medium\" aria-label=\"Curso Superior em Medicina e Registro no CRM.\" data-balloon-pos=\"up\">M\u00e9dico Clinico Geral<\/span><\/td>\r\n<td class=\"cvagas\">03 + CR<\/td>\r\n<td class=\"cremuneracao\">R$ 14.000,00 \/40h<\/td>\r\n<\/tr><tr>\r\n<td class=\"ccargos\">\r\n<span data-balloon-length=\"medium\" aria-label=\"Curso Superior em Fonoaudiologia e Registro no Conselho de Classe competente\" data-balloon-pos=\"up\">Fonoaudi\u00f3logo<\/span><\/td>\r\n<td class=\"cvagas\">01<\/td>\r\n<td class=\"cremuneracao\">R$ 2.350,00 \/40h<\/td>\r\n<\/tr><tr>\r\n<td class=\"ccargos\">\r\n<span data-balloon-length=\"medium\" aria-label=\"Curso Superior em Servi\u00e7o Social e Registro no Conselho de Classe competente\" data-balloon-pos=\"up\">Assistente Social<\/span><\/td>\r\n<td class=\"cvagas\">01<\/td>\r\n<td class=\"cremuneracao\">R$ 2.350,00 \/40h<\/td>\r\n<\/tr>\r\n    <\/tbody>\r\n  <\/table>\r\n<\/div>"},"_links":{"self":[{"href":"https:\/\/www.agrobase.com.br\/concursos\/wp-json\/wp\/v2\/posts\/271720","targetHints":{"allow":["GET"]}}],"collection":[{"href":"https:\/\/www.agrobase.com.br\/concursos\/wp-json\/wp\/v2\/posts"}],"about":[{"href":"https:\/\/www.agrobase.com.br\/concursos\/wp-json\/wp\/v2\/types\/post"}],"author":[{"embeddable":true,"href":"https:\/\/www.agrobase.com.br\/concursos\/wp-json\/wp\/v2\/users\/7"}],"replies":[{"embeddable":true,"href":"https:\/\/www.agrobase.com.br\/concursos\/wp-json\/wp\/v2\/comments?post=271720"}],"version-history":[{"count":1,"href":"https:\/\/www.agrobase.com.br\/concursos\/wp-json\/wp\/v2\/posts\/271720\/revisions"}],"predecessor-version":[{"id":271722,"href":"https:\/\/www.agrobase.com.br\/concursos\/wp-json\/wp\/v2\/posts\/271720\/revisions\/271722"}],"wp:featuredmedia":[{"embeddable":true,"href":"https:\/\/www.agrobase.com.br\/concursos\/wp-json\/wp\/v2\/media\/271719"}],"wp:attachment":[{"href":"https:\/\/www.agrobase.com.br\/concursos\/wp-json\/wp\/v2\/media?parent=271720"}],"wp:term":[{"taxonomy":"category","embeddable":true,"href":"https:\/\/www.agrobase.com.br\/concursos\/wp-json\/wp\/v2\/categories?post=271720"},{"taxonomy":"post_tag","embeddable":true,"href":"https:\/\/www.agrobase.com.br\/concursos\/wp-json\/wp\/v2\/tags?post=271720"},{"taxonomy":"_amplo","embeddable":true,"href":"https:\/\/www.agrobase.com.br\/concursos\/wp-json\/wp\/v2\/_amplo?post=271720"},{"taxonomy":"destaque","embeddable":true,"href":"https:\/\/www.agrobase.com.br\/concursos\/wp-json\/wp\/v2\/destaque?post=271720"},{"taxonomy":"instituicoes","embeddable":true,"href":"https:\/\/www.agrobase.com.br\/concursos\/wp-json\/wp\/v2\/instituicoes?post=271720"}],"curies":[{"name":"wp","href":"https:\/\/api.w.org\/{rel}","templated":true}]}}