{"id":271686,"date":"2025-09-25T07:30:06","date_gmt":"2025-09-25T10:30:06","guid":{"rendered":"https:\/\/www.agrobase.com.br\/concursos\/?p=271686"},"modified":"2025-09-24T12:33:16","modified_gmt":"2025-09-24T15:33:16","slug":"etec-andradina-sp-selecao-simplificada-028-21-2025","status":"publish","type":"post","link":"https:\/\/www.agrobase.com.br\/concursos\/2025\/etec-andradina-sp-selecao-simplificada-028-21-2025\/","title":{"rendered":"ETEC Andradina (SP) &#8211; Sele\u00e7\u00e3o Simplificada 028\/21\/2025"},"content":{"rendered":"<h2>Informa\u00e7\u00f5es Gerais<\/h2>\n<p>O Centro Estadual de Educa\u00e7\u00e3o Tecnol\u00f3gica Paula Souza (Ceeteps) publicou o edital n\u00ba 028\/21\/2025 do Processo Seletivo Simplificado para a Escola T\u00e9cnica Estadual Sebastiana Augusta de Moraes, em Andradina (SP). O objetivo do certame \u00e9 a forma\u00e7\u00e3o de <strong>cadastro reserva<\/strong> para a fun\u00e7\u00e3o de Professor de Ensino M\u00e9dio e T\u00e9cnico, visando atender a necessidades tempor\u00e1rias da institui\u00e7\u00e3o.<\/p>\n<p>As oportunidades s\u00e3o destinadas a profissionais com forma\u00e7\u00e3o de <strong>n\u00edvel superior<\/strong>, que atuar\u00e3o na doc\u00eancia em componentes curriculares do Ensino T\u00e9cnico, Integrado e M\u00e9dio. A contrata\u00e7\u00e3o ser\u00e1 por prazo determinado, sob o regime da Consolida\u00e7\u00e3o das Leis do Trabalho (CLT).<\/p>\n<p>Se voc\u00ea possui habilita\u00e7\u00e3o para lecionar e busca uma oportunidade no setor p\u00fablico de educa\u00e7\u00e3o, continue a leitura para conferir os detalhes sobre o processo de inscri\u00e7\u00e3o, as etapas de avalia\u00e7\u00e3o e o cronograma previsto.<\/p>\n<h2>Inscri\u00e7\u00f5es<\/h2>\n<p>As inscri\u00e7\u00f5es para este processo seletivo estar\u00e3o abertas no per\u00edodo de <strong>23 de setembro de 2025 at\u00e9 as 23h59 de 07 de outubro de 2025<\/strong>. Todo o procedimento deve ser realizado exclusivamente pela internet, atrav\u00e9s do portal de sele\u00e7\u00f5es p\u00fablicas do Centro Paula Souza.<\/p>\n<p>Para participar, o candidato deve acessar o site, localizar o edital correspondente, preencher a ficha de inscri\u00e7\u00e3o e realizar o upload de um arquivo \u00fanico em formato PDF, com no m\u00e1ximo 25 MB. Este arquivo deve conter o Memorial Circunstanciado e toda a documenta\u00e7\u00e3o que comprove a forma\u00e7\u00e3o e a experi\u00eancia profissional declaradas. \u00c9 importante destacar que <strong>n\u00e3o ser\u00e1 cobrada taxa de inscri\u00e7\u00e3o<\/strong> para este certame.<\/p>\n<p>Somente uma inscri\u00e7\u00e3o por candidato ser\u00e1 considerada v\u00e1lida. Para garantir a correta participa\u00e7\u00e3o e conhecer todos os requisitos, a leitura completa do edital \u00e9 indispens\u00e1vel.<\/p>\n<h2>Etapas e Provas<\/h2>\n<p>O processo seletivo ser\u00e1 estruturado em duas fases distintas, ambas de car\u00e1ter eliminat\u00f3rio e classificat\u00f3rio, garantindo uma avalia\u00e7\u00e3o completa do perfil do candidato. As etapas s\u00e3o:<\/p>\n<ul>\n<li><strong>Exame de Memorial Circunstanciado (Prova de T\u00edtulos):<\/strong> Nesta fase inicial, a banca examinadora far\u00e1 a an\u00e1lise detalhada dos documentos comprobat\u00f3rios de forma\u00e7\u00e3o acad\u00eamica e experi\u00eancia profissional enviados pelo candidato no ato da inscri\u00e7\u00e3o. A pontua\u00e7\u00e3o seguir\u00e1 os crit\u00e9rios estabelecidos no edital, e os 10 primeiros classificados, al\u00e9m dos empatados na d\u00e9cima posi\u00e7\u00e3o, ser\u00e3o convocados para a etapa seguinte.<\/li>\n<li><strong>Prova de M\u00e9todos Pedag\u00f3gicos:<\/strong> Os candidatos aprovados na prova de t\u00edtulos participar\u00e3o de uma avalia\u00e7\u00e3o pr\u00e1tica, que consiste na apresenta\u00e7\u00e3o de uma aula perante a banca. O tema ser\u00e1 sorteado no dia, a partir de uma lista com tr\u00eas op\u00e7\u00f5es previamente divulgada. O objetivo \u00e9 avaliar o conhecimento espec\u00edfico e a did\u00e1tica do candidato. A nota m\u00ednima para aprova\u00e7\u00e3o nesta fase \u00e9 de 50 pontos.<\/li>\n<\/ul>\n<p>Para obter informa\u00e7\u00f5es detalhadas sobre os crit\u00e9rios de pontua\u00e7\u00e3o, o conte\u00fado program\u00e1tico e as regras de cada fase, consulte o edital completo.<\/p>\n<h2>Resultados e Gabarito<\/h2>\n<p>Todos os resultados, incluindo a lista de inscri\u00e7\u00f5es deferidas, a classifica\u00e7\u00e3o na Prova de T\u00edtulos e o resultado final, ser\u00e3o oficialmente divulgados no Portal do Di\u00e1rio Oficial do Estado (www.doe.sp.gov.br) e no site do Centro Paula Souza. A classifica\u00e7\u00e3o final ser\u00e1 definida pela soma das notas obtidas nas duas etapas do certame.<\/p>\n<p>Os candidatos aprovados ser\u00e3o organizados em duas listas: uma para <strong>Licenciados<\/strong> e outra para <strong>Graduados<\/strong>, com prefer\u00eancia de convoca\u00e7\u00e3o para os licenciados. Em caso de empate, os crit\u00e9rios de desempate incluem maior idade para candidatos com 60 anos ou mais, maior nota na Prova de M\u00e9todos Pedag\u00f3gicos e maior pontua\u00e7\u00e3o no Exame de Memorial Circunstanciado, entre outros.<\/p>\n<p>A homologa\u00e7\u00e3o do resultado final ser\u00e1 publicada no Di\u00e1rio Oficial, e o processo seletivo ter\u00e1 validade de um ano, podendo ser prorrogado por igual per\u00edodo. A convoca\u00e7\u00e3o ocorrer\u00e1 de acordo com a necessidade da institui\u00e7\u00e3o, seguindo a ordem de classifica\u00e7\u00e3o.<\/p>\n<p>\u00c9 de responsabilidade exclusiva do candidato acompanhar todas as publica\u00e7\u00f5es oficiais no site da banca organizadora e no Di\u00e1rio Oficial para n\u00e3o perder prazos e convoca\u00e7\u00f5es.<\/p>\n","protected":false},"excerpt":{"rendered":"<p>Sel. Simplificada ETEC Andradina (SP) com edital publicado! Vagas p\/ Professor (Superior). Inscri\u00e7\u00f5es a partir de 23\/09. Confira detalhes!<\/p>\n","protected":false},"author":7,"featured_media":271685,"comment_status":"open","ping_status":"open","sticky":false,"template":"","format":"standard","meta":{"_acf_changed":false,"_breakdance_hide_in_design_set":false,"_breakdance_tags":"","footnotes":""},"categories":[3,4,117,95,15,22,28],"tags":[62],"_amplo":[],"destaque":[],"instituicoes":[],"class_list":["post-271686","post","type-post","status-publish","format-standard","has-post-thumbnail","hentry","category-administracao","category-agronomia","category-economia","category-engenharia-agricola","category-engenharia-florestal","category-veterinaria","category-zootecnia","tag-sao-paulo"],"acf":{"_tipo_vagas":"vagas","_numero_vagas":"","_quadro_vagas":"","_cargos":"diversos","_cargos_especificos":"","_salario_max":"","_abertura":"20250923","_encerramento":"20251007","_inscricoes":"https:\/\/urhsistemas.cps.sp.gov.br\/dgsdad\/selecaopublica\/","_executora_concurso":"","_instituicao_concurso":[],"_link_adicional":null,"_anexos":null,"_produtos":null,"_vagas":"CR","_salario_min":"","_instituicao":"ETEC Andradina","_edital":"https:\/\/www.agrobase.com.br\/concursos\/wp-content\/uploads\/sites\/4\/2025\/09\/edital-028-21-2025-etec-andradina-sp.pdf","_anexos_edital":"https:\/\/www.agrobase.com.br\/concursos\/wp-content\/uploads\/sites\/4\/2025\/09\/anexos-edital-028-21-2025-etec-andradina-sp.pdf","_fund_incompleto":"","_fund_completo":"","_medio":"","_superior":"<div>\r\n<table class=\"quadro\">\r\n<thead>\r\n<tr>\r\n<th class=\"hcargo\">Cargo<\/th>\r\n<th class=\"hvagas\">Vagas<\/th>\r\n<th class=\"hremuneracao\">Remunera\u00e7\u00e3o<\/th>\r\n<\/tr>\r\n<\/thead>\r\n    <tbody>\r\n      <tr>\r\n<td class=\"ccargos\">\r\n<span data-balloon-length=\"medium\" aria-label=\"Gradua\u00e7\u00e3o superior de bacharelado ou de tecnologia de n\u00edvel superior desde que previsto no requisito, em Componente Curricular em que se inscrever.\" data-balloon-pos=\"up\">Professor de Ensino M\u00e9dio e T\u00e9cnico - Professor de ETEC (Graduado)<\/span><\/td>\r\n<td class=\"cvagas\">CR<\/td>\r\n<td class=\"cremuneracao\">R$ 0,00<\/td>\r\n<\/tr>\r\n    <\/tbody>\r\n  <\/table>\r\n<\/div>"},"_links":{"self":[{"href":"https:\/\/www.agrobase.com.br\/concursos\/wp-json\/wp\/v2\/posts\/271686","targetHints":{"allow":["GET"]}}],"collection":[{"href":"https:\/\/www.agrobase.com.br\/concursos\/wp-json\/wp\/v2\/posts"}],"about":[{"href":"https:\/\/www.agrobase.com.br\/concursos\/wp-json\/wp\/v2\/types\/post"}],"author":[{"embeddable":true,"href":"https:\/\/www.agrobase.com.br\/concursos\/wp-json\/wp\/v2\/users\/7"}],"replies":[{"embeddable":true,"href":"https:\/\/www.agrobase.com.br\/concursos\/wp-json\/wp\/v2\/comments?post=271686"}],"version-history":[{"count":2,"href":"https:\/\/www.agrobase.com.br\/concursos\/wp-json\/wp\/v2\/posts\/271686\/revisions"}],"predecessor-version":[{"id":271690,"href":"https:\/\/www.agrobase.com.br\/concursos\/wp-json\/wp\/v2\/posts\/271686\/revisions\/271690"}],"wp:featuredmedia":[{"embeddable":true,"href":"https:\/\/www.agrobase.com.br\/concursos\/wp-json\/wp\/v2\/media\/271685"}],"wp:attachment":[{"href":"https:\/\/www.agrobase.com.br\/concursos\/wp-json\/wp\/v2\/media?parent=271686"}],"wp:term":[{"taxonomy":"category","embeddable":true,"href":"https:\/\/www.agrobase.com.br\/concursos\/wp-json\/wp\/v2\/categories?post=271686"},{"taxonomy":"post_tag","embeddable":true,"href":"https:\/\/www.agrobase.com.br\/concursos\/wp-json\/wp\/v2\/tags?post=271686"},{"taxonomy":"_amplo","embeddable":true,"href":"https:\/\/www.agrobase.com.br\/concursos\/wp-json\/wp\/v2\/_amplo?post=271686"},{"taxonomy":"destaque","embeddable":true,"href":"https:\/\/www.agrobase.com.br\/concursos\/wp-json\/wp\/v2\/destaque?post=271686"},{"taxonomy":"instituicoes","embeddable":true,"href":"https:\/\/www.agrobase.com.br\/concursos\/wp-json\/wp\/v2\/instituicoes?post=271686"}],"curies":[{"name":"wp","href":"https:\/\/api.w.org\/{rel}","templated":true}]}}