{"id":271629,"date":"2025-09-24T07:40:49","date_gmt":"2025-09-24T10:40:49","guid":{"rendered":"https:\/\/www.agrobase.com.br\/concursos\/?p=271629"},"modified":"2025-09-23T12:32:42","modified_gmt":"2025-09-23T15:32:42","slug":"prefeitura-sao-carlos-sc-selecao-publica-06-2025","status":"publish","type":"post","link":"https:\/\/www.agrobase.com.br\/concursos\/2025\/prefeitura-sao-carlos-sc-selecao-publica-06-2025\/","title":{"rendered":"Prefeitura S\u00e3o Carlos (SC) &#8211; Sele\u00e7\u00e3o P\u00fablica 06\/2025"},"content":{"rendered":"<h2>Informa\u00e7\u00f5es Gerais<\/h2>\n<p>A Prefeitura Municipal de S\u00e3o Carlos, em Santa Catarina, publicou o edital do Processo Seletivo n\u00ba 06\/2025, organizado pela banca HC Assessoria Administrativa. O certame tem como objetivo a forma\u00e7\u00e3o de cadastro reserva para a contrata\u00e7\u00e3o tempor\u00e1ria de profissionais para a Secretaria Municipal de Educa\u00e7\u00e3o.<\/p>\n<p>As oportunidades abrangem os n\u00edveis de escolaridade fundamental, m\u00e9dio e superior, com vagas em diversas \u00e1reas da educa\u00e7\u00e3o, como doc\u00eancia, apoio pedag\u00f3gico e transporte escolar. <strong>Para os profissionais da \u00e1rea de Biologia, h\u00e1 oportunidades para o cargo de Professor de Ci\u00eancias.<\/strong><\/p>\n<p>Este processo seletivo \u00e9 uma excelente chance para quem busca uma coloca\u00e7\u00e3o no servi\u00e7o p\u00fablico municipal. Nas se\u00e7\u00f5es a seguir, voc\u00ea encontrar\u00e1 todas as informa\u00e7\u00f5es sobre como se inscrever, as etapas de avalia\u00e7\u00e3o e o cronograma de resultados.<\/p>\n<h2>Inscri\u00e7\u00f5es<\/h2>\n<p>As inscri\u00e7\u00f5es para o Processo Seletivo de S\u00e3o Carlos\/SC devem ser realizadas exclusivamente pela internet, no per\u00edodo de <strong>17 de setembro de 2025 a 16 de outubro de 2025<\/strong>. Os interessados devem acessar o site da banca organizadora, HC Assessoria Administrativa, no endere\u00e7o <em>www.hcassessoriaadm.com.br<\/em>, para preencher o formul\u00e1rio eletr\u00f4nico.<\/p>\n<p>Os valores da taxa de inscri\u00e7\u00e3o s\u00e3o:<\/p>\n<ul>\n<li><strong>N\u00edvel Fundamental e M\u00e9dio:<\/strong> R$ 60,00<\/li>\n<li><strong>N\u00edvel Superior:<\/strong> R$ 80,00<\/li>\n<\/ul>\n<p>O pagamento deve ser efetuado por meio de boleto banc\u00e1rio, que precisa ser quitado at\u00e9 o dia 17 de outubro de 2025 para confirmar a participa\u00e7\u00e3o. O edital prev\u00ea a possibilidade de solicitar a isen\u00e7\u00e3o do pagamento da taxa, e os candidatos que se enquadram nos crit\u00e9rios devem seguir os procedimentos e prazos especificados no documento. \u00c9 fundamental que o candidato acompanhe a confirma\u00e7\u00e3o de sua inscri\u00e7\u00e3o na \u00e1rea restrita do site da banca.<\/p>\n<p>Para garantir que todos os procedimentos sejam seguidos corretamente, \u00e9 indispens\u00e1vel a leitura atenta e completa do edital.<\/p>\n<h2>Etapas e Provas<\/h2>\n<p>O processo seletivo ser\u00e1 composto por diferentes etapas, variando conforme o cargo pretendido. A avalia\u00e7\u00e3o dos candidatos ocorrer\u00e1 da seguinte forma:<\/p>\n<ul>\n<li><strong>Prova Te\u00f3rica-Objetiva:<\/strong> De car\u00e1ter eliminat\u00f3rio e classificat\u00f3rio, ser\u00e1 aplicada a <em>todos os candidatos<\/em> em 25 de outubro de 2025. A prova ter\u00e1 dura\u00e7\u00e3o de 3 horas e ser\u00e1 composta por 30 quest\u00f5es de m\u00faltipla escolha sobre L\u00edngua Portuguesa, Matem\u00e1tica, Conhecimentos Gerais e Conhecimentos Espec\u00edficos. Para ser aprovado, o candidato deve obter nota final igual ou superior a 40,00 pontos.<\/li>\n<li><strong>Avalia\u00e7\u00e3o de T\u00edtulos:<\/strong> De car\u00e1ter classificat\u00f3rio, exclusiva para os cargos de <em>Professor (Habilitado)<\/em>. Ser\u00e3o pontuados t\u00edtulos de Doutorado, Mestrado e Especializa\u00e7\u00e3o, at\u00e9 o limite de 10 pontos.<\/li>\n<li><strong>Prova Pr\u00e1tica:<\/strong> De car\u00e1ter eliminat\u00f3rio e classificat\u00f3rio, destinada aos candidatos ao cargo de <em>Motorista de Transporte Escolar<\/em>. A etapa avaliar\u00e1 as habilidades pr\u00e1ticas na condu\u00e7\u00e3o de um micro-\u00f4nibus escolar.<\/li>\n<li><strong>Avalia\u00e7\u00e3o F\u00edsica (TAF):<\/strong> De car\u00e1ter eliminat\u00f3rio, aplicada aos candidatos ao cargo de <em>Agente Escolar<\/em>. O teste inclui exerc\u00edcios de polichinelo e corrida de 50 metros.<\/li>\n<li><strong>Avalia\u00e7\u00e3o Psicol\u00f3gica:<\/strong> De car\u00e1ter eliminat\u00f3rio, tamb\u00e9m para o cargo de <em>Agente Escolar<\/em>, sendo convocados apenas os aprovados na Avalia\u00e7\u00e3o F\u00edsica. O resultado ser\u00e1 &#8220;Apto&#8221; ou &#8220;Inapto&#8221;.<\/li>\n<\/ul>\n<p>Para obter informa\u00e7\u00f5es detalhadas sobre o conte\u00fado program\u00e1tico, os crit\u00e9rios de avalia\u00e7\u00e3o de cada etapa e o cronograma completo, \u00e9 fundamental consultar o edital oficial do certame.<\/p>\n<h2>Resultados e Gabarito<\/h2>\n<p>O cronograma de divulga\u00e7\u00e3o dos resultados seguir\u00e1 as datas previstas no edital. O gabarito preliminar da prova objetiva ser\u00e1 publicado em <strong>27 de outubro de 2025<\/strong>, com a vers\u00e3o definitiva divulgada em <strong>05 de novembro de 2025<\/strong>, ap\u00f3s o per\u00edodo de recursos. As notas preliminares de todas as etapas ser\u00e3o disponibilizadas em 06 de novembro, e a classifica\u00e7\u00e3o final do processo seletivo ser\u00e1 publicada em <strong>12 de novembro de 2025<\/strong>.<\/p>\n<p>Em caso de empate na pontua\u00e7\u00e3o final, os crit\u00e9rios de desempate seguir\u00e3o a seguinte ordem:<\/p>\n<ul>\n<li>Idade igual ou superior a 60 anos;<\/li>\n<li>Exerc\u00edcio da fun\u00e7\u00e3o de jurado;<\/li>\n<li>Maior nota em Conhecimentos Espec\u00edficos;<\/li>\n<li>Maior nota em L\u00edngua Portuguesa;<\/li>\n<li>Maior nota em Matem\u00e1tica;<\/li>\n<li>Maior nota em Conhecimentos Gerais;<\/li>\n<li>Maior pontua\u00e7\u00e3o na Prova de T\u00edtulos (quando aplic\u00e1vel);<\/li>\n<li>Candidato com maior idade.<\/li>\n<\/ul>\n<p>A homologa\u00e7\u00e3o do resultado final est\u00e1 prevista para <strong>13 de novembro de 2025<\/strong>, tornando o certame oficialmente v\u00e1lido. A partir dessa data, os candidatos aprovados no cadastro reserva poder\u00e3o ser convocados conforme a necessidade da Prefeitura de S\u00e3o Carlos. O acompanhamento das convoca\u00e7\u00f5es deve ser feito pelos meios oficiais de comunica\u00e7\u00e3o.<\/p>\n<p>\u00c9 de responsabilidade exclusiva do candidato acompanhar todas as publica\u00e7\u00f5es, incluindo convoca\u00e7\u00f5es e outros atos, no site da banca organizadora, HC Assessoria Administrativa, e no Di\u00e1rio Oficial dos Munic\u00edpios de Santa Catarina.<\/p>\n","protected":false},"excerpt":{"rendered":"<p>Processo Seletivo Pref. S\u00e3o Carlos (SC) com edital publicado! Vagas p\/ Professor e + (Fund. a Sup.). Inscri\u00e7\u00f5es a partir de 17\/09. Sal\u00e1rios at\u00e9 R$ 4.9k. Confira detalhes!<\/p>\n","protected":false},"author":7,"featured_media":271628,"comment_status":"open","ping_status":"open","sticky":false,"template":"","format":"standard","meta":{"_acf_changed":false,"_breakdance_hide_in_design_set":false,"_breakdance_tags":"","footnotes":""},"categories":[140,6433,126,6434,111,100,20,6871,116,25],"tags":[61],"_amplo":[],"destaque":[],"instituicoes":[],"class_list":["post-271629","post","type-post","status-publish","format-standard","has-post-thumbnail","hentry","category-artes-plasticas","category-biologia-licenciatura","category-ciencia-computacao","category-educacao-fisica-licenciatura","category-geografia","category-historia","category-letras","category-letras-ingles","category-matematica","category-pedagogia","tag-santa-catarina"],"acf":{"_tipo_vagas":"vagas","_numero_vagas":"","_quadro_vagas":"","_cargos":"diversos","_cargos_especificos":"","_salario_max":"R$ 4920.06","_abertura":"20250917","_encerramento":"20251016","_inscricoes":"https:\/\/www.hcassessoriaadm.com.br","_executora_concurso":"","_instituicao_concurso":[],"_link_adicional":null,"_anexos":[{"_arquivo_anexo":271633,"_titulo_anexo":"Retifica\u00e7\u00e3o"}],"_produtos":null,"_vagas":"30 CR","_salario_min":"R$ 712.47","_instituicao":"Prefeitura de S\u00e3o Carlos","_edital":"https:\/\/www.agrobase.com.br\/concursos\/wp-content\/uploads\/sites\/4\/2025\/09\/edital-06-2025-prefeitura-de-sao-carlos-sc.pdf","_anexos_edital":"https:\/\/www.agrobase.com.br\/concursos\/wp-content\/uploads\/sites\/4\/2025\/09\/anexos-edital-06-2025-prefeitura-de-sao-carlos-sc.pdf","_fund_incompleto":"","_fund_completo":"<div>\r\n<table class=\"quadro\">\r\n<thead>\r\n<tr>\r\n<th class=\"hcargo\">Cargo<\/th>\r\n<th class=\"hvagas\">Vagas<\/th>\r\n<th class=\"hremuneracao\">Remunera\u00e7\u00e3o<\/th>\r\n<\/tr>\r\n<\/thead>\r\n    <tbody>\r\n      <td class=\"ccargos\">\r\n<span data-balloon-length=\"medium\" aria-label=\"Ensino Fundamental Completo\" data-balloon-pos=\"up\">Agente Escolar<\/span><\/td>\r\n<td class=\"cvagas\">CR<\/td>\r\n<td class=\"cremuneracao\">R$ 2.093,93 \/40h<\/td>\r\n<\/tr>\r\n    <\/tbody>\r\n  <\/table>\r\n<\/div>","_medio":"<div>\r\n<table class=\"quadro\">\r\n<thead>\r\n<tr>\r\n<th class=\"hcargo\">Cargo<\/th>\r\n<th class=\"hvagas\">Vagas<\/th>\r\n<th class=\"hremuneracao\">Remunera\u00e7\u00e3o<\/th>\r\n<\/tr>\r\n<\/thead>\r\n    <tbody>\r\n      <td class=\"ccargos\">\r\n<span data-balloon-length=\"medium\" aria-label=\"Ensino M\u00e9dio Completo\" data-balloon-pos=\"up\">Auxiliar de Sala<\/span><\/td>\r\n<td class=\"cvagas\">CR<\/td>\r\n<td class=\"cremuneracao\">R$ 1.570,45 \/30h ou 40h<\/td>\r\n<\/tr><td class=\"ccargos\">\r\n<span data-balloon-length=\"medium\" data-balloon-pos=\"up\">Motorista Transporte Escolar<\/span><\/td>\r\n<td class=\"cvagas\">CR<\/td>\r\n<td class=\"cremuneracao\">R$ 2.829,03 \/40h<\/td>\r\n<\/tr>\r\n    <\/tbody>\r\n  <\/table>\r\n<\/div>","_superior":"<div>\r\n<table class=\"quadro\">\r\n<thead>\r\n<tr>\r\n<th class=\"hcargo\">Cargo<\/th>\r\n<th class=\"hvagas\">Vagas<\/th>\r\n<th class=\"hremuneracao\">Remunera\u00e7\u00e3o<\/th>\r\n<\/tr>\r\n<\/thead>\r\n    <tbody>\r\n      <tr>\r\n<td class=\"ccargos\">\r\n<span data-balloon-length=\"medium\" aria-label=\"Gradua\u00e7\u00e3o completa em Licenciatura Plena em Pedagogia com habilita\u00e7\u00e3o em Orienta\u00e7\u00e3o Educacional; ou Licenciatura Plena em \u00e1rea da Educa\u00e7\u00e3o e P\u00f3s Gradua\u00e7\u00e3o a n\u00edvel de Especializa\u00e7\u00e3o em Orienta\u00e7\u00e3o Educacional ou Diploma em Orienta\u00e7\u00e3o Educacional por Escolas Estrangeiras, cujos t\u00edtulos sejam revalidados na forma da Lei.\" data-balloon-pos=\"up\">Orientador Educacional<\/span><\/td>\r\n<td class=\"cvagas\">CR<\/td>\r\n<td class=\"cremuneracao\">R$ 4.920,06 \/40h<\/td>\r\n<\/tr><tr>\r\n<td class=\"ccargos\">\r\n<span data-balloon-length=\"medium\" aria-label=\"Gradua\u00e7\u00e3o completa em Licenciatura Plena em Pedagogia; ou Orienta\u00e7\u00e3o Educacional; ou Supervis\u00e3o Escolar; ou Administra\u00e7\u00e3o Escolar.\" data-balloon-pos=\"up\">Assistente T\u00e9cnico Pedag\u00f3gico<\/span><\/td>\r\n<td class=\"cvagas\">CR<\/td>\r\n<td class=\"cremuneracao\">R$ 4.920,06 \/40h<\/td>\r\n<\/tr><tr>\r\n<td class=\"ccargos\">\r\n<span data-balloon-length=\"medium\" aria-label=\"Gradua\u00e7\u00e3o completa em Licenciatura Plena em Educa\u00e7\u00e3o Especial ou Pedagogia com Habilita\u00e7\u00e3o em Educa\u00e7\u00e3o Especial\" data-balloon-pos=\"up\">Professor de Educa\u00e7\u00e3o Especial \u2013 Habilitado<\/span><\/td>\r\n<td class=\"cvagas\">CR<\/td>\r\n<td class=\"cremuneracao\">R$ 1.230,01 \/10h a 40h<\/td>\r\n<\/tr><tr>\r\n<td class=\"ccargos\">\r\n<span data-balloon-length=\"medium\" aria-label=\"Cursando Licenciatura em Educa\u00e7\u00e3o Especial; Licenciatura em Pedagogia Completa; ou Cursando Licenciatura em Pedagogia e 100 horas de curso na \u00e1rea da Educa\u00e7\u00e3o Especial.\" data-balloon-pos=\"up\">Professor de Educa\u00e7\u00e3o Especial \u2013 N\u00e3o Habilitado<\/span><\/td>\r\n<td class=\"cvagas\">CR<\/td>\r\n<td class=\"cremuneracao\">R$ 712,47 \/10h a 40h<\/td>\r\n<\/tr><tr>\r\n<td class=\"ccargos\">\r\n<span data-balloon-length=\"medium\" aria-label=\"Gradua\u00e7\u00e3o completa em Licenciatura Plena em Educa\u00e7\u00e3o F\u00edsica com Registro no CREF.\" data-balloon-pos=\"up\">Professor de Educa\u00e7\u00e3o F\u00edsica \u2013 Habilitado<\/span><\/td>\r\n<td class=\"cvagas\">CR<\/td>\r\n<td class=\"cremuneracao\">R$ 1.230,01 \/10h a 40h<\/td>\r\n<\/tr><tr>\r\n<td class=\"ccargos\">\r\n<span data-balloon-length=\"medium\" aria-label=\"Gradua\u00e7\u00e3o completa em Licenciatura Plena em Pedagogia com Habilita\u00e7\u00e3o em Educa\u00e7\u00e3o Infantil.\" data-balloon-pos=\"up\">Professor de Educa\u00e7\u00e3o Infantil \u2013 Pedagogia Habilitado<\/span><\/td>\r\n<td class=\"cvagas\">CR<\/td>\r\n<td class=\"cremuneracao\">R$ 1.230,01 \/10h a 40h<\/td>\r\n<\/tr><tr>\r\n<td class=\"ccargos\">\r\n<span data-balloon-length=\"medium\" aria-label=\"Cursando Gradua\u00e7\u00e3o em Licenciatura Plena em Pedagogia.\" data-balloon-pos=\"up\">Professor de Educa\u00e7\u00e3o Infantil \u2013 Pedagogia N\u00e3o Habilitado<\/span><\/td>\r\n<td class=\"cvagas\">CR<\/td>\r\n<td class=\"cremuneracao\">R$ 712,47 \/10h a 40h<\/td>\r\n<\/tr><tr>\r\n<td class=\"ccargos\">\r\n<span data-balloon-length=\"medium\" aria-label=\"Gradua\u00e7\u00e3o completa em Licenciatura Plena em Pedagogia com Habilita\u00e7\u00e3o em Anos Iniciais\" data-balloon-pos=\"up\">Professor de Ensino Fundamental \u2013 Anos Iniciais Habilitado<\/span><\/td>\r\n<td class=\"cvagas\">CR<\/td>\r\n<td class=\"cremuneracao\">R$ 1.230,01 \/10h a 40h<\/td>\r\n<\/tr><tr>\r\n<td class=\"ccargos\">\r\n<span data-balloon-length=\"medium\" aria-label=\"Cursando Gradua\u00e7\u00e3o em Licenciatura Plena em Pedagogia.\" data-balloon-pos=\"up\">Professor de Ensino Fundamental \u2013 Anos Iniciais N\u00e3o Habilitado<\/span><\/td>\r\n<td class=\"cvagas\">CR<\/td>\r\n<td class=\"cremuneracao\">R$ 712,47 \/10h a 40h<\/td>\r\n<\/tr><tr>\r\n<td class=\"ccargos\">\r\n<span data-balloon-length=\"medium\" aria-label=\"Gradua\u00e7\u00e3o completa em Licenciatura Plena em Inform\u00e1tica ou Ci\u00eancias da Computa\u00e7\u00e3o.\" data-balloon-pos=\"up\">Professor de Inform\u00e1tica \u2013 Habilitado<\/span><\/td>\r\n<td class=\"cvagas\">CR<\/td>\r\n<td class=\"cremuneracao\">R$ 1.230,01 \/10h a 40h<\/td>\r\n<\/tr><tr>\r\n<td class=\"ccargos\">\r\n<span data-balloon-length=\"medium\" aria-label=\"Cursando Gradua\u00e7\u00e3o em Licenciatura Plena em Inform\u00e1tica ou Ci\u00eancias da Computa\u00e7\u00e3o.\" data-balloon-pos=\"up\">Professor de Inform\u00e1tica \u2013 N\u00e3o Habilitado<\/span><\/td>\r\n<td class=\"cvagas\">CR<\/td>\r\n<td class=\"cremuneracao\">R$ 712,47 \/10h a 40h<\/td>\r\n<\/tr><tr>\r\n<td class=\"ccargos\">\r\n<span data-balloon-length=\"medium\" aria-label=\"Gradua\u00e7\u00e3o Completa em Licenciatura Plena em Arte, Artes Visuais ou Artes Pl\u00e1sticas.\" data-balloon-pos=\"up\">Professor Ensino Fundamental \u2013 Artes \u2013 Habilitado (6\u00ba ao 9\u00ba ano)<\/span><\/td>\r\n<td class=\"cvagas\">CR<\/td>\r\n<td class=\"cremuneracao\">R$ 1.230,01 \/10h a 40h<\/td>\r\n<\/tr><tr>\r\n<td class=\"ccargos\">\r\n<span data-balloon-length=\"medium\" aria-label=\"Cursando Gradua\u00e7\u00e3o em Licenciatura Plena em Arte, Artes Visuais ou Artes Pl\u00e1sticas.\" data-balloon-pos=\"up\">Professor Ensino Fundamental \u2013 Artes \u2013 N\u00e3o Habilitado (6\u00ba ao 9\u00ba ano)<\/span><\/td>\r\n<td class=\"cvagas\">CR<\/td>\r\n<td class=\"cremuneracao\">R$ 712,47 \/10h a 40h<\/td>\r\n<\/tr><tr>\r\n<td class=\"ccargos\">\r\n<span data-balloon-length=\"medium\" aria-label=\"Gradua\u00e7\u00e3o completa em Licenciatura Plena: em Ci\u00eancias Naturais ou Complementa\u00e7\u00e3o Pedag\u00f3gica em Ci\u00eancias Biol\u00f3gicas ou Biologia; ou Licenciatura com habilita\u00e7\u00e3o em Ci\u00eancias.\" data-balloon-pos=\"up\">Professor Ensino Fundamental \u2013 Ci\u00eancias \u2013 Habilitado (6\u00ba ao 9\u00ba ano)<\/span><\/td>\r\n<td class=\"cvagas\">CR<\/td>\r\n<td class=\"cremuneracao\">R$ 1.230,01 \/10h a 40h<\/td>\r\n<\/tr><tr>\r\n<td class=\"ccargos\">\r\n<span data-balloon-length=\"medium\" aria-label=\"Cursando Gradua\u00e7\u00e3o em Licenciatura Plena: em Ci\u00eancias Naturais ou em Ci\u00eancias Biol\u00f3gicas ou Biologia.\" data-balloon-pos=\"up\">Professor Ensino Fundamental \u2013 Ci\u00eancias \u2013 N\u00e3o Habilitado (6\u00ba ao 9\u00ba ano)<\/span><\/td>\r\n<td class=\"cvagas\">CR<\/td>\r\n<td class=\"cremuneracao\">R$ 712,47 \/10h a 40h<\/td>\r\n<\/tr><tr>\r\n<td class=\"ccargos\">\r\n<span data-balloon-length=\"medium\" aria-label=\"Gradua\u00e7\u00e3o completa em Licenciatura Plena em Ensino Religioso ou Ci\u00eancias da Religi\u00e3o.\" data-balloon-pos=\"up\">Professor Ensino Fundamental \u2013 Ensino Religioso \u2013 Habilitado (6\u00ba ao 9\u00ba ano)<\/span><\/td>\r\n<td class=\"cvagas\">CR<\/td>\r\n<td class=\"cremuneracao\">R$ 1.230,01 \/10h a 40h<\/td>\r\n<\/tr><tr>\r\n<td class=\"ccargos\">\r\n<span data-balloon-length=\"medium\" aria-label=\"Cursando Gradua\u00e7\u00e3o em Licenciatura Plena em Ensino Religioso ou Ci\u00eancias da Religi\u00e3o.\" data-balloon-pos=\"up\">Professor Ensino Fundamental \u2013 Ensino Religioso \u2013 N\u00e3o Habilitado (6\u00ba ao 9\u00ba ano)<\/span><\/td>\r\n<td class=\"cvagas\">CR<\/td>\r\n<td class=\"cremuneracao\">R$ 712,47 \/10h a 40h<\/td>\r\n<\/tr><tr>\r\n<td class=\"ccargos\">\r\n<span data-balloon-length=\"medium\" aria-label=\"Gradua\u00e7\u00e3o completa em Licenciatura Plena em Geografia.\" data-balloon-pos=\"up\">Professor Ensino Fundamental \u2013 Geografia \u2013 Habilitado (6\u00ba ao 9\u00ba ano)<\/span><\/td>\r\n<td class=\"cvagas\">CR<\/td>\r\n<td class=\"cremuneracao\">R$ 1.230,01 \/10h a 40h<\/td>\r\n<\/tr><tr>\r\n<td class=\"ccargos\">\r\n<span data-balloon-length=\"medium\" aria-label=\"Cursando Gradua\u00e7\u00e3o em Licenciatura Plena em Geografia.\" data-balloon-pos=\"up\">Professor Ensino Fundamental \u2013 Geografia \u2013 N\u00e3o Habilitado (6\u00ba ao 9\u00ba ano)<\/span><\/td>\r\n<td class=\"cvagas\">CR<\/td>\r\n<td class=\"cremuneracao\">R$ 712,47 \/10h a 40h<\/td>\r\n<\/tr><tr>\r\n<td class=\"ccargos\">\r\n<span data-balloon-length=\"medium\" aria-label=\"Gradua\u00e7\u00e3o completa em Licenciatura Plena em Hist\u00f3ria.\" data-balloon-pos=\"up\">Professor Ensino Fundamental \u2013 Hist\u00f3ria \u2013 Habilitado (6\u00ba ao 9\u00ba ano)<\/span><\/td>\r\n<td class=\"cvagas\">CR<\/td>\r\n<td class=\"cremuneracao\">R$ 1.230,01 \/10h a 40h<\/td>\r\n<\/tr><tr>\r\n<td class=\"ccargos\">\r\n<span data-balloon-length=\"medium\" aria-label=\"Cursando Gradua\u00e7\u00e3o em Licenciatura Plena em Hist\u00f3ria.\" data-balloon-pos=\"up\">Professor Ensino Fundamental \u2013 Hist\u00f3ria \u2013 N\u00e3o Habilitado (6\u00ba ao 9\u00ba ano)<\/span><\/td>\r\n<td class=\"cvagas\">CR<\/td>\r\n<td class=\"cremuneracao\">R$ 712,47 \/10h a 40h<\/td>\r\n<\/tr><tr>\r\n<td class=\"ccargos\">\r\n<span data-balloon-length=\"medium\" aria-label=\"Gradua\u00e7\u00e3o completa em Licenciatura Plena em Letras: Habilita\u00e7\u00e3o em L\u00edngua Inglesa.\" data-balloon-pos=\"up\">Professor Ensino Fundamental \u2013 L\u00edngua Inglesa \u2013 Habilitado (6\u00ba ao 9\u00ba ano)<\/span><\/td>\r\n<td class=\"cvagas\">CR<\/td>\r\n<td class=\"cremuneracao\">R$ 1.230,01 \/10h a 40h<\/td>\r\n<\/tr><tr>\r\n<td class=\"ccargos\">\r\n<span data-balloon-length=\"medium\" aria-label=\"Cursando Gradua\u00e7\u00e3o em Licenciatura Plena em Letras: Habilita\u00e7\u00e3o em L\u00edngua Inglesa\" data-balloon-pos=\"up\">Professor Ensino Fundamental \u2013 L\u00edngua Inglesa \u2013 N\u00e3o Habilitado (6\u00ba ao 9\u00ba ano)<\/span><\/td>\r\n<td class=\"cvagas\">CR<\/td>\r\n<td class=\"cremuneracao\">R$ 712,47 \/10h a 40h<\/td>\r\n<\/tr><tr>\r\n<td class=\"ccargos\">\r\n<span data-balloon-length=\"medium\" aria-label=\"Gradua\u00e7\u00e3o completa em Licenciatura Plena em Letras: Habilita\u00e7\u00e3o em L\u00edngua Portuguesa.\" data-balloon-pos=\"up\">Professor Ensino Fundamental \u2013 L\u00edngua Portuguesa \u2013 Habilitado (6\u00ba ao 9\u00ba ano)<\/span><\/td>\r\n<td class=\"cvagas\">CR<\/td>\r\n<td class=\"cremuneracao\">R$ 1.230,01 \/10h a 40h<\/td>\r\n<\/tr><tr>\r\n<td class=\"ccargos\">\r\n<span data-balloon-length=\"medium\" aria-label=\"Cursando Gradua\u00e7\u00e3o em Licenciatura Plena em Letras: Habilita\u00e7\u00e3o em L\u00edngua Portuguesa.\" data-balloon-pos=\"up\">Professor Ensino Fundamental \u2013 L\u00edngua Portuguesa \u2013 N\u00e3o Habilitado (6\u00ba ao 9\u00ba ano)<\/span><\/td>\r\n<td class=\"cvagas\">CR<\/td>\r\n<td class=\"cremuneracao\">R$ 712,47 \/10h a 40h<\/td>\r\n<\/tr><tr>\r\n<td class=\"ccargos\">\r\n<span data-balloon-length=\"medium\" aria-label=\"Gradua\u00e7\u00e3o completa em Licenciatura Plena em Matem\u00e1tica\" data-balloon-pos=\"up\">Professor Ensino Fundamental \u2013 Matem\u00e1tica \u2013 Habilitado (6\u00ba ao 9\u00ba ano)<\/span><\/td>\r\n<td class=\"cvagas\">CR<\/td>\r\n<td class=\"cremuneracao\">R$ 1.230,01 \/10h a 40h<\/td>\r\n<\/tr><tr>\r\n<td class=\"ccargos\">\r\n<span data-balloon-length=\"medium\" aria-label=\"Cursando Gradua\u00e7\u00e3o em Licenciatura Plena em Matem\u00e1tica.\" data-balloon-pos=\"up\">Professor Ensino Fundamental \u2013 Matem\u00e1tica \u2013 N\u00e3o Habilitado (6\u00ba ao 9\u00ba ano)<\/span><\/td>\r\n<td class=\"cvagas\">CR<\/td>\r\n<td class=\"cremuneracao\">R$ 712,47 \/10h a 40h<\/td>\r\n<\/tr>\r\n    <\/tbody>\r\n  <\/table>\r\n<\/div>"},"_links":{"self":[{"href":"https:\/\/www.agrobase.com.br\/concursos\/wp-json\/wp\/v2\/posts\/271629","targetHints":{"allow":["GET"]}}],"collection":[{"href":"https:\/\/www.agrobase.com.br\/concursos\/wp-json\/wp\/v2\/posts"}],"about":[{"href":"https:\/\/www.agrobase.com.br\/concursos\/wp-json\/wp\/v2\/types\/post"}],"author":[{"embeddable":true,"href":"https:\/\/www.agrobase.com.br\/concursos\/wp-json\/wp\/v2\/users\/7"}],"replies":[{"embeddable":true,"href":"https:\/\/www.agrobase.com.br\/concursos\/wp-json\/wp\/v2\/comments?post=271629"}],"version-history":[{"count":2,"href":"https:\/\/www.agrobase.com.br\/concursos\/wp-json\/wp\/v2\/posts\/271629\/revisions"}],"predecessor-version":[{"id":271634,"href":"https:\/\/www.agrobase.com.br\/concursos\/wp-json\/wp\/v2\/posts\/271629\/revisions\/271634"}],"wp:featuredmedia":[{"embeddable":true,"href":"https:\/\/www.agrobase.com.br\/concursos\/wp-json\/wp\/v2\/media\/271628"}],"wp:attachment":[{"href":"https:\/\/www.agrobase.com.br\/concursos\/wp-json\/wp\/v2\/media?parent=271629"}],"wp:term":[{"taxonomy":"category","embeddable":true,"href":"https:\/\/www.agrobase.com.br\/concursos\/wp-json\/wp\/v2\/categories?post=271629"},{"taxonomy":"post_tag","embeddable":true,"href":"https:\/\/www.agrobase.com.br\/concursos\/wp-json\/wp\/v2\/tags?post=271629"},{"taxonomy":"_amplo","embeddable":true,"href":"https:\/\/www.agrobase.com.br\/concursos\/wp-json\/wp\/v2\/_amplo?post=271629"},{"taxonomy":"destaque","embeddable":true,"href":"https:\/\/www.agrobase.com.br\/concursos\/wp-json\/wp\/v2\/destaque?post=271629"},{"taxonomy":"instituicoes","embeddable":true,"href":"https:\/\/www.agrobase.com.br\/concursos\/wp-json\/wp\/v2\/instituicoes?post=271629"}],"curies":[{"name":"wp","href":"https:\/\/api.w.org\/{rel}","templated":true}]}}