{"id":271591,"date":"2025-09-23T08:20:22","date_gmt":"2025-09-23T11:20:22","guid":{"rendered":"https:\/\/www.agrobase.com.br\/concursos\/?p=271591"},"modified":"2025-09-23T10:55:12","modified_gmt":"2025-09-23T13:55:12","slug":"prefeitura-viana-ma-concurso-01-2025","status":"publish","type":"post","link":"https:\/\/www.agrobase.com.br\/concursos\/2025\/prefeitura-viana-ma-concurso-01-2025\/","title":{"rendered":"Prefeitura Viana (MA) &#8211; Concurso 01\/2025"},"content":{"rendered":"<h2>Informa\u00e7\u00f5es Gerais<\/h2>\n<p>A Prefeitura de Viana, no estado do Maranh\u00e3o, publicou o edital para seu Concurso P\u00fablico, organizado pela Funda\u00e7\u00e3o Sous\u00e2ndrade (FSADU). O certame visa o preenchimento de vagas imediatas e a forma\u00e7\u00e3o de cadastro reserva para cargos de n\u00edveis fundamental, m\u00e9dio, t\u00e9cnico e superior, sob o regime jur\u00eddico Estatut\u00e1rio. As oportunidades abrangem diversas \u00e1reas da administra\u00e7\u00e3o p\u00fablica, como educa\u00e7\u00e3o, sa\u00fade e servi\u00e7os operacionais.<\/p>\n<p>Para os profissionais das \u00e1reas de ci\u00eancias agr\u00e1rias e biol\u00f3gicas, o concurso oferece vagas para <strong>M\u00e9dico Veterin\u00e1rio<\/strong> e <strong>Professor de Ci\u00eancias<\/strong> (com habilita\u00e7\u00e3o em Biologia), al\u00e9m de oportunidades para <strong>Agente Ambiental<\/strong> (n\u00edvel t\u00e9cnico). Este \u00e9 um excelente momento para ingressar no servi\u00e7o p\u00fablico municipal e contribuir com o desenvolvimento de Viana. Continue a leitura para obter informa\u00e7\u00f5es detalhadas sobre as inscri\u00e7\u00f5es, etapas do processo seletivo e o cronograma de resultados.<\/p>\n<h2>Inscri\u00e7\u00f5es<\/h2>\n<p>As inscri\u00e7\u00f5es para o concurso da Prefeitura de Viana &#8211; MA ser\u00e3o realizadas exclusivamente pela internet, no per\u00edodo de <strong>16 de setembro de 2025 a 15 de outubro de 2025<\/strong>. Os interessados devem acessar o site oficial da banca organizadora, a FSADU, para preencher o formul\u00e1rio de inscri\u00e7\u00e3o e gerar o boleto banc\u00e1rio.<\/p>\n<p>Os valores da taxa de inscri\u00e7\u00e3o variam conforme o n\u00edvel de escolaridade do cargo pretendido:<\/p>\n<ul>\n<li><strong>N\u00edvel Superior:<\/strong> R$ 110,00<\/li>\n<li><strong>N\u00edvel M\u00e9dio\/T\u00e9cnico:<\/strong> R$ 90,00<\/li>\n<li><strong>N\u00edvel Fundamental:<\/strong> R$ 80,00<\/li>\n<\/ul>\n<p>O pagamento deve ser efetuado por meio do boleto banc\u00e1rio gerado no ato da inscri\u00e7\u00e3o, respeitando o prazo de vencimento. O edital n\u00e3o prev\u00ea outras formas de pagamento, como PIX ou transfer\u00eancia. Candidatos que necessitem de atendimento diferenciado ou que se enquadrem nos crit\u00e9rios para isen\u00e7\u00e3o da taxa devem seguir os procedimentos e prazos especificados no edital. Ap\u00f3s a confirma\u00e7\u00e3o do pagamento, \u00e9 importante acompanhar o status da inscri\u00e7\u00e3o na \u00e1rea do candidato no site da banca. Para garantir a participa\u00e7\u00e3o, \u00e9 fundamental a leitura completa do edital.<\/p>\n<h2>Etapas e Provas<\/h2>\n<p>O processo seletivo para o concurso da Prefeitura de Viana &#8211; MA ser\u00e1 estruturado em duas etapas principais, variando conforme o cargo escolhido pelo candidato:<\/p>\n<ul>\n<li><strong>Prova Objetiva:<\/strong> De car\u00e1ter <em>eliminat\u00f3rio e classificat\u00f3rio<\/em>, esta etapa \u00e9 obrigat\u00f3ria para <strong>todos os cargos<\/strong>. A prova ter\u00e1 dura\u00e7\u00e3o de 4 horas e ser\u00e1 composta por quest\u00f5es de m\u00faltipla escolha com cinco alternativas cada. Para ser considerado aprovado, o candidato dever\u00e1 obter no m\u00ednimo 60% da pontua\u00e7\u00e3o total, n\u00e3o zerar em nenhuma das disciplinas e classificar-se dentro do limite de vagas mais cadastro reserva.<\/li>\n<li><strong>Prova de T\u00edtulos:<\/strong> De car\u00e1ter exclusivamente <em>classificat\u00f3rio<\/em>, esta fase \u00e9 destinada apenas aos candidatos aos cargos de <strong>N\u00edvel Superior<\/strong> que forem aprovados na Prova Objetiva. A pontua\u00e7\u00e3o ser\u00e1 atribu\u00edda com base nos documentos que comprovem a forma\u00e7\u00e3o acad\u00eamica e a experi\u00eancia profissional, conforme os crit\u00e9rios estabelecidos no edital.<\/li>\n<\/ul>\n<p>As disciplinas cobradas na Prova Objetiva incluem conhecimentos gerais e espec\u00edficos, de acordo com a \u00e1rea de atua\u00e7\u00e3o de cada cargo. Para obter informa\u00e7\u00f5es detalhadas sobre o conte\u00fado program\u00e1tico, os crit\u00e9rios de avalia\u00e7\u00e3o da Prova de T\u00edtulos e o cronograma completo, a leitura atenta do edital \u00e9 indispens\u00e1vel.<\/p>\n<h2>Resultados e Gabarito<\/h2>\n<p>A divulga\u00e7\u00e3o dos resultados do concurso seguir\u00e1 um cronograma definido pela banca organizadora. O gabarito oficial preliminar da Prova Objetiva ser\u00e1 publicado no site da FSADU em at\u00e9 24 horas ap\u00f3s a sua realiza\u00e7\u00e3o, abrindo-se o prazo para recursos. Posteriormente, ser\u00e3o divulgados os resultados preliminares de cada etapa, como o da Prova Objetiva e o da Prova de T\u00edtulos, tamb\u00e9m com seus respectivos per\u00edodos recursais.<\/p>\n<p>Em caso de empate na classifica\u00e7\u00e3o final, ser\u00e3o aplicados os seguintes crit\u00e9rios de desempate, em ordem de prioridade:<\/p>\n<ul>\n<li>Idade igual ou superior a 60 anos;<\/li>\n<li>Exerc\u00edcio efetivo da fun\u00e7\u00e3o de jurado;<\/li>\n<li>Maior nota em Conhecimentos Espec\u00edficos;<\/li>\n<li>Maior nota em L\u00edngua Portuguesa;<\/li>\n<li>Maior nota na Prova de T\u00edtulos (para cargos de n\u00edvel superior);<\/li>\n<li>Maior idade (crit\u00e9rio geral).<\/li>\n<\/ul>\n<p>Ap\u00f3s a an\u00e1lise de todos os recursos, o resultado final ser\u00e1 homologado pela Prefeitura de Viana &#8211; MA e publicado nos canais oficiais. A convoca\u00e7\u00e3o dos aprovados seguir\u00e1 a ordem de classifica\u00e7\u00e3o e a necessidade da administra\u00e7\u00e3o. \u00c9 de responsabilidade exclusiva do candidato acompanhar todas as publica\u00e7\u00f5es oficiais no site da banca organizadora e nos meios de comunica\u00e7\u00e3o da prefeitura.<\/p>\n","protected":false},"excerpt":{"rendered":"<p>Concurso Pref. Viana (MA) com edital publicado! Vagas p\/ Professores (Fund. a Sup.). Inscri\u00e7\u00f5es a partir de 16\/09. Sal\u00e1rios at\u00e9 R$ 4k. Confira detalhes!<\/p>\n","protected":false},"author":7,"featured_media":271590,"comment_status":"open","ping_status":"open","sticky":false,"template":"","format":"standard","meta":{"_acf_changed":false,"_breakdance_hide_in_design_set":false,"_breakdance_tags":"","footnotes":""},"categories":[6433,6434,6436,19,111,100,20,6871,116,22,25,6435,31,134],"tags":[49],"_amplo":[],"destaque":[],"instituicoes":[],"class_list":["post-271591","post","type-post","status-publish","format-standard","has-post-thumbnail","hentry","category-biologia-licenciatura","category-educacao-fisica-licenciatura","category-fisica-licenciatura","category-fonoaudiologia","category-geografia","category-historia","category-letras","category-letras-ingles","category-matematica","category-veterinaria","category-pedagogia","category-quimica-licenciatura","category-tecnico-ambiental","category-terapia-ocupacional","tag-maranhao"],"acf":{"_tipo_vagas":"vagas","_numero_vagas":"","_quadro_vagas":"","_cargos":"diversos","_cargos_especificos":"","_salario_max":"R$ 4000","_abertura":"20250916","_encerramento":"20251015","_inscricoes":"https:\/\/www.fsaduconcursos.org.br","_executora_concurso":"","_instituicao_concurso":[],"_link_adicional":null,"_anexos":null,"_produtos":null,"_vagas":"103 vagas + 28 CR","_salario_min":"R$ 1518","_instituicao":"Prefeitura de Viana","_edital":"https:\/\/www.agrobase.com.br\/concursos\/wp-content\/uploads\/sites\/4\/2025\/09\/edital-01-2025-prefeitura-de-viana-ma.pdf","_anexos_edital":"https:\/\/www.agrobase.com.br\/concursos\/wp-content\/uploads\/sites\/4\/2025\/09\/anexos-edital-01-2025-prefeitura-de-viana-ma.pdf","_fund_incompleto":"","_fund_completo":"<div>\r\n<table class=\"quadro\">\r\n<thead>\r\n<tr>\r\n<th class=\"hcargo\">Cargo<\/th>\r\n<th class=\"hvagas\">Vagas<\/th>\r\n<th class=\"hremuneracao\">Remunera\u00e7\u00e3o<\/th>\r\n<\/tr>\r\n<\/thead>\r\n    <tbody>\r\n      <td class=\"ccargos\">\r\n<span data-balloon-length=\"medium\" aria-label=\"N\u00edvel Fundamental Completo\" data-balloon-pos=\"up\">Cozinheiro<\/span><\/td>\r\n<td class=\"cvagas\">02 + CR<\/td>\r\n<td class=\"cremuneracao\">R$ 1.518,00 \/40h<\/td>\r\n<\/tr><td class=\"ccargos\">\r\n<span data-balloon-length=\"medium\" aria-label=\"N\u00edvel Fundamental Completo\" data-balloon-pos=\"up\">Encanador<\/span><\/td>\r\n<td class=\"cvagas\">02 + CR<\/td>\r\n<td class=\"cremuneracao\">R$ 1.518,00 \/40h<\/td>\r\n<\/tr><td class=\"ccargos\">\r\n<span data-balloon-length=\"medium\" aria-label=\"N\u00edvel Fundamental Completo\" data-balloon-pos=\"up\">Porteiro<\/span><\/td>\r\n<td class=\"cvagas\">02 + CR<\/td>\r\n<td class=\"cremuneracao\">R$ 1.518,00 \/40h<\/td>\r\n<\/tr>\r\n    <\/tbody>\r\n  <\/table>\r\n<\/div>","_medio":"<div>\r\n<table class=\"quadro\">\r\n<thead>\r\n<tr>\r\n<th class=\"hcargo\">Cargo<\/th>\r\n<th class=\"hvagas\">Vagas<\/th>\r\n<th class=\"hremuneracao\">Remunera\u00e7\u00e3o<\/th>\r\n<\/tr>\r\n<\/thead>\r\n    <tbody>\r\n      <td class=\"ccargos\">\r\n<span data-balloon-length=\"medium\" aria-label=\"N\u00edvel M\u00e9dio\" data-balloon-pos=\"up\">Agente Administrativo<\/span><\/td>\r\n<td class=\"cvagas\">04 + CR<\/td>\r\n<td class=\"cremuneracao\">R$ 1.518,00 \/40h<\/td>\r\n<\/tr><td class=\"ccargos\">\r\n<span data-balloon-length=\"medium\" aria-label=\"N\u00edvel M\u00e9dio e Curso T\u00e9cnico em Meio Ambiente\" data-balloon-pos=\"up\">Agente Ambiental<\/span><\/td>\r\n<td class=\"cvagas\">02 + CR<\/td>\r\n<td class=\"cremuneracao\">R$ 1.518,00 \/40h<\/td>\r\n<\/tr><td class=\"ccargos\">\r\n<span data-balloon-length=\"medium\" aria-label=\"N\u00edvel M\u00e9dio\" data-balloon-pos=\"up\">Fiscal de Postura<\/span><\/td>\r\n<td class=\"cvagas\">02 + CR<\/td>\r\n<td class=\"cremuneracao\">R$ 1.518,00 \/40h<\/td>\r\n<\/tr>\r\n    <\/tbody>\r\n  <\/table>\r\n<\/div>","_superior":"<div>\r\n<table class=\"quadro\">\r\n<thead>\r\n<tr>\r\n<th class=\"hcargo\">Cargo<\/th>\r\n<th class=\"hvagas\">Vagas<\/th>\r\n<th class=\"hremuneracao\">Remunera\u00e7\u00e3o<\/th>\r\n<\/tr>\r\n<\/thead>\r\n    <tbody>\r\n      <tr>\r\n<td class=\"ccargos\">\r\n<span data-balloon-length=\"medium\" aria-label=\"Gradua\u00e7\u00e3o em Fonoaudiologia e registro no Conselho de Classe correspondente.\" data-balloon-pos=\"up\">Fonoaudi\u00f3logo<\/span><\/td>\r\n<td class=\"cvagas\">01 + CR<\/td>\r\n<td class=\"cremuneracao\">R$ 3.000,00 \/30h<\/td>\r\n<\/tr><tr>\r\n<td class=\"ccargos\">\r\n<span data-balloon-length=\"medium\" aria-label=\"Gradua\u00e7\u00e3o em Medicina Veterin\u00e1ria e registro no Conselho de Classe correspondente.\" data-balloon-pos=\"up\">M\u00e9dico Veterin\u00e1rio<\/span><\/td>\r\n<td class=\"cvagas\">01 + CR<\/td>\r\n<td class=\"cremuneracao\">R$ 4.000,00 \/30h<\/td>\r\n<\/tr><tr>\r\n<td class=\"ccargos\">\r\n<span data-balloon-length=\"medium\" aria-label=\"Gradua\u00e7\u00e3o em Terapia Ocupacional e registro no Conselho de Classe correspondente.\" data-balloon-pos=\"up\">Terapeuta Ocupacional<\/span><\/td>\r\n<td class=\"cvagas\">01 + CR<\/td>\r\n<td class=\"cremuneracao\">R$ 3.000,00 \/30h<\/td>\r\n<\/tr><tr>\r\n<td class=\"ccargos\">\r\n<span data-balloon-length=\"medium\" aria-label=\"Licenciatura em Pedagogia com habilita\u00e7\u00e3o para o Magist\u00e9rio na Educa\u00e7\u00e3o Infantil e nos Anos Iniciais do Ensino Fundamental\" data-balloon-pos=\"up\">Professor Ensino Infantil<\/span><\/td>\r\n<td class=\"cvagas\">47 + CR<\/td>\r\n<td class=\"cremuneracao\">R$ 2.433,88 \/20h<\/td>\r\n<\/tr><tr>\r\n<td class=\"ccargos\">\r\n<span data-balloon-length=\"medium\" aria-label=\"Licenciatura em Pedagogia com habilita\u00e7\u00e3o para o Magist\u00e9rio na Educa\u00e7\u00e3o Infantil e nos Anos Iniciais do Ensino Fundamental\" data-balloon-pos=\"up\">Professor Ensino Fundamental 1\u00ba ao 5\u00ba Ano<\/span><\/td>\r\n<td class=\"cvagas\">47 + CR<\/td>\r\n<td class=\"cremuneracao\">R$ 2.433,88 \/20h<\/td>\r\n<\/tr><tr>\r\n<td class=\"ccargos\">\r\n<span data-balloon-length=\"medium\" aria-label=\"Licenciatura Plena em Ci\u00eancias com habilita\u00e7\u00e3o em Biologia, ou Qu\u00edmica, ou F\u00edsica, ou Licenciatura Plena em Ci\u00eancias Biol\u00f3gicas ou Biologia\" data-balloon-pos=\"up\">Professor Ensino Fundamental 6\u00ba ao 9\u00ba Ano - Ci\u00eancias<\/span><\/td>\r\n<td class=\"cvagas\">04 + CR<\/td>\r\n<td class=\"cremuneracao\">R$ 2.433,88 \/20h<\/td>\r\n<\/tr><tr>\r\n<td class=\"ccargos\">\r\n<span data-balloon-length=\"medium\" aria-label=\"Licenciatura Plena em Educa\u00e7\u00e3o F\u00edsica\" data-balloon-pos=\"up\">Professor Ensino Fundamental 6\u00ba ao 9\u00ba Ano - Educa\u00e7\u00e3o F\u00edsica<\/span><\/td>\r\n<td class=\"cvagas\">04 + CR<\/td>\r\n<td class=\"cremuneracao\">R$ 2.433,88 \/20h<\/td>\r\n<\/tr><tr>\r\n<td class=\"ccargos\">\r\n<span data-balloon-length=\"medium\" aria-label=\"Licenciatura Plena em Geografia ou Licenciatura Plena em Estudos Sociais com habilita\u00e7\u00e3o em Geografia\" data-balloon-pos=\"up\">Professor Ensino Fundamental 6\u00ba ao 9\u00b0 Ano - Geografia<\/span><\/td>\r\n<td class=\"cvagas\">04 + CR<\/td>\r\n<td class=\"cremuneracao\">R$ 2.433,88 \/20h<\/td>\r\n<\/tr><tr>\r\n<td class=\"ccargos\">\r\n<span data-balloon-length=\"medium\" aria-label=\"Licenciatura Plena em Hist\u00f3ria ou Licenciatura Plena em Estudos Sociais com habilita\u00e7\u00e3o em Hist\u00f3ria\" data-balloon-pos=\"up\">Professor Ensino Fundamental 6\u00ba ao 9\u00b0 Ano - Hist\u00f3ria<\/span><\/td>\r\n<td class=\"cvagas\">04 + CR<\/td>\r\n<td class=\"cremuneracao\">R$ 2.433,88 \/20h<\/td>\r\n<\/tr><tr>\r\n<td class=\"ccargos\">\r\n<span data-balloon-length=\"medium\" aria-label=\"Licenciatura Plena em Letras com habilita\u00e7\u00e3o em Ingl\u00eas\" data-balloon-pos=\"up\">Professor Ensino Fundamental 6\u00ba ao 9\u00ba Ano - Ingl\u00eas<\/span><\/td>\r\n<td class=\"cvagas\">04 + CR<\/td>\r\n<td class=\"cremuneracao\">R$ 2.433,88 \/20h<\/td>\r\n<\/tr><tr>\r\n<td class=\"ccargos\">\r\n<span data-balloon-length=\"medium\" aria-label=\"Licenciatura Plena em Matem\u00e1tica ou Licenciatura Plena em Ci\u00eancias com habilita\u00e7\u00e3o em Matem\u00e1tica\" data-balloon-pos=\"up\">Professor Ensino Fundamental 6\u00ba ao 9\u00b0 Ano - Matem\u00e1tica<\/span><\/td>\r\n<td class=\"cvagas\">09 + CR<\/td>\r\n<td class=\"cremuneracao\">R$ 2.433,88 \/20h<\/td>\r\n<\/tr><tr>\r\n<td class=\"ccargos\">\r\n<span data-balloon-length=\"medium\" aria-label=\"Licenciatura Plena em Letras com habilita\u00e7\u00e3o em L\u00edngua Portuguesa\" data-balloon-pos=\"up\">Professor Ensino Fundamental 6\u00ba ao 9\u00ba Ano \u2013 L\u00edngua Portuguesa<\/span><\/td>\r\n<td class=\"cvagas\">09 + CR<\/td>\r\n<td class=\"cremuneracao\">R$ 2.433,88 \/20h<\/td>\r\n<\/tr>\r\n    <\/tbody>\r\n  <\/table>\r\n<\/div>"},"_links":{"self":[{"href":"https:\/\/www.agrobase.com.br\/concursos\/wp-json\/wp\/v2\/posts\/271591","targetHints":{"allow":["GET"]}}],"collection":[{"href":"https:\/\/www.agrobase.com.br\/concursos\/wp-json\/wp\/v2\/posts"}],"about":[{"href":"https:\/\/www.agrobase.com.br\/concursos\/wp-json\/wp\/v2\/types\/post"}],"author":[{"embeddable":true,"href":"https:\/\/www.agrobase.com.br\/concursos\/wp-json\/wp\/v2\/users\/7"}],"replies":[{"embeddable":true,"href":"https:\/\/www.agrobase.com.br\/concursos\/wp-json\/wp\/v2\/comments?post=271591"}],"version-history":[{"count":2,"href":"https:\/\/www.agrobase.com.br\/concursos\/wp-json\/wp\/v2\/posts\/271591\/revisions"}],"predecessor-version":[{"id":271603,"href":"https:\/\/www.agrobase.com.br\/concursos\/wp-json\/wp\/v2\/posts\/271591\/revisions\/271603"}],"wp:featuredmedia":[{"embeddable":true,"href":"https:\/\/www.agrobase.com.br\/concursos\/wp-json\/wp\/v2\/media\/271590"}],"wp:attachment":[{"href":"https:\/\/www.agrobase.com.br\/concursos\/wp-json\/wp\/v2\/media?parent=271591"}],"wp:term":[{"taxonomy":"category","embeddable":true,"href":"https:\/\/www.agrobase.com.br\/concursos\/wp-json\/wp\/v2\/categories?post=271591"},{"taxonomy":"post_tag","embeddable":true,"href":"https:\/\/www.agrobase.com.br\/concursos\/wp-json\/wp\/v2\/tags?post=271591"},{"taxonomy":"_amplo","embeddable":true,"href":"https:\/\/www.agrobase.com.br\/concursos\/wp-json\/wp\/v2\/_amplo?post=271591"},{"taxonomy":"destaque","embeddable":true,"href":"https:\/\/www.agrobase.com.br\/concursos\/wp-json\/wp\/v2\/destaque?post=271591"},{"taxonomy":"instituicoes","embeddable":true,"href":"https:\/\/www.agrobase.com.br\/concursos\/wp-json\/wp\/v2\/instituicoes?post=271591"}],"curies":[{"name":"wp","href":"https:\/\/api.w.org\/{rel}","templated":true}]}}