{"id":271578,"date":"2025-09-23T08:00:02","date_gmt":"2025-09-23T11:00:02","guid":{"rendered":"https:\/\/www.agrobase.com.br\/concursos\/?p=271578"},"modified":"2025-09-22T15:11:44","modified_gmt":"2025-09-22T18:11:44","slug":"if-sul-de-minas-mg-selecao-simplificada-269-2025","status":"publish","type":"post","link":"https:\/\/www.agrobase.com.br\/concursos\/2025\/if-sul-de-minas-mg-selecao-simplificada-269-2025\/","title":{"rendered":"IF Sul de Minas (MG) &#8211; Sele\u00e7\u00e3o Simplificada 269\/2025"},"content":{"rendered":"<h2>Informa\u00e7\u00f5es Gerais<\/h2>\n<p>O Instituto Federal de Educa\u00e7\u00e3o, Ci\u00eancia e Tecnologia do Sul de Minas Gerais (IFSULDEMINAS) publicou o edital para seu novo Processo Seletivo Simplificado, destinado \u00e0 contrata\u00e7\u00e3o tempor\u00e1ria de professor substituto para o Campus Inconfidentes. O certame visa o preenchimento de uma vaga imediata e a forma\u00e7\u00e3o de cadastro de reserva para o n\u00edvel superior.<\/p>\n<p>A oportunidade \u00e9 para a \u00e1rea de <strong>Engenharia Ambiental<\/strong>, com requisitos que abrangem gradua\u00e7\u00e3o em Engenharia Ambiental ou Tecnologia em Gest\u00e3o Ambiental, al\u00e9m de especializa\u00e7\u00e3o, mestrado ou doutorado em \u00e1reas correlatas como Engenharia Florestal ou Engenharia Agr\u00edcola. Este \u00e9 um certame de grande interesse para profissionais das ci\u00eancias agr\u00e1rias e ambientais.<\/p>\n<p>Nas se\u00e7\u00f5es a seguir, voc\u00ea encontrar\u00e1 todos os detalhes sobre o cronograma de inscri\u00e7\u00f5es, as etapas do processo seletivo e como acompanhar os resultados.<\/p>\n<h2>Inscri\u00e7\u00f5es<\/h2>\n<p>As inscri\u00e7\u00f5es para o processo seletivo do IFSULDEMINAS estar\u00e3o abertas e dever\u00e3o ser realizadas exclusivamente pela internet, no site oficial da institui\u00e7\u00e3o. O per\u00edodo para se inscrever vai de <strong>19 de setembro de 2025 at\u00e9 as 23h59 do dia 02 de outubro de 2025<\/strong>, hor\u00e1rio de Bras\u00edlia.<\/p>\n<p>A taxa de inscri\u00e7\u00e3o foi fixada no valor de R$ 50,00 para todos os candidatos. O pagamento deve ser efetuado por meio de boleto banc\u00e1rio, que pode ser gerado no sistema de inscri\u00e7\u00e3o. A data limite para o pagamento \u00e9 de at\u00e9 um dia \u00fatil ap\u00f3s o t\u00e9rmino do per\u00edodo de inscri\u00e7\u00f5es, sendo fundamental observar o expediente banc\u00e1rio.<\/p>\n<p>Durante o processo de inscri\u00e7\u00e3o online, o candidato dever\u00e1 enviar toda a documenta\u00e7\u00e3o comprobat\u00f3ria para a Prova de T\u00edtulos, incluindo o Anexo II (Tabela de Experi\u00eancia). Os documentos devem ser digitalizados e enviados como um <strong>arquivo \u00fanico em formato .pdf<\/strong>, com tamanho m\u00e1ximo de 10 MB, at\u00e9 a data de encerramento das inscri\u00e7\u00f5es. \u00c9 importante ressaltar que n\u00e3o ser\u00e1 poss\u00edvel editar a inscri\u00e7\u00e3o ap\u00f3s o envio dos documentos.<\/p>\n<p>Para garantir sua participa\u00e7\u00e3o, leia atentamente o edital completo dispon\u00edvel no portal do IFSULDEMINAS.<\/p>\n<h2>Etapas e Provas<\/h2>\n<p>O Processo Seletivo Simplificado do IFSULDEMINAS ser\u00e1 realizado em uma \u00fanica etapa, consistindo em uma <strong>Prova de T\u00edtulos<\/strong>, de car\u00e1ter exclusivamente classificat\u00f3rio. Todos os candidatos com inscri\u00e7\u00e3o deferida participar\u00e3o desta fase.<\/p>\n<p>A avalia\u00e7\u00e3o ser\u00e1 baseada na an\u00e1lise da documenta\u00e7\u00e3o comprobat\u00f3ria enviada pelo candidato no ato da inscri\u00e7\u00e3o. A pontua\u00e7\u00e3o total m\u00e1xima que pode ser alcan\u00e7ada \u00e9 de 100 pontos, distribu\u00edda conforme os crit\u00e9rios de titula\u00e7\u00e3o acad\u00eamica e experi\u00eancia profissional.<\/p>\n<ul>\n<li><strong>Titula\u00e7\u00e3o Acad\u00eamica:<\/strong> Ser\u00e3o avaliados os diplomas e certificados de gradua\u00e7\u00e3o, especializa\u00e7\u00e3o, mestrado e doutorado.<\/li>\n<li><strong>Experi\u00eancia Profissional:<\/strong> Ser\u00e3o contabilizados os pontos de experi\u00eancia a partir da data de emiss\u00e3o do diploma de gradua\u00e7\u00e3o exigido para o cargo.<\/li>\n<\/ul>\n<p>A classifica\u00e7\u00e3o final dos candidatos ser\u00e1 determinada pela soma dos pontos obtidos na Prova de T\u00edtulos. O envio incorreto ou fora do prazo da documenta\u00e7\u00e3o resultar\u00e1 no indeferimento da inscri\u00e7\u00e3o.<\/p>\n<p>Para conhecer em detalhes a tabela de pontua\u00e7\u00e3o, os documentos aceitos e todas as regras da avalia\u00e7\u00e3o, \u00e9 indispens\u00e1vel a leitura completa do edital.<\/p>\n<h2>Resultados e Gabarito<\/h2>\n<p>O cronograma de divulga\u00e7\u00e3o dos resultados ser\u00e1 organizado em duas fases principais. A publica\u00e7\u00e3o dos resultados preliminares da Prova de T\u00edtulos est\u00e1 prevista para ocorrer a partir do dia <strong>09 de outubro de 2025<\/strong>. O resultado final do processo seletivo, com a lista de aprovados em ordem de classifica\u00e7\u00e3o, ser\u00e1 divulgado no dia <strong>10 de outubro de 2025<\/strong>.<\/p>\n<p>A classifica\u00e7\u00e3o final ser\u00e1 definida pela ordem decrescente da pontua\u00e7\u00e3o total. Em caso de empate, os crit\u00e9rios de desempate seguir\u00e3o a seguinte ordem de prioridade: idade igual ou superior a 60 anos, maior pontua\u00e7\u00e3o na Titula\u00e7\u00e3o Acad\u00eamica, maior idade (para os demais) e participa\u00e7\u00e3o como jurado.<\/p>\n<p>Ap\u00f3s a divulga\u00e7\u00e3o final, o resultado ser\u00e1 homologado pelo Reitor do IFSULDEMINAS e publicado no Di\u00e1rio Oficial da Uni\u00e3o, al\u00e9m de ser disponibilizado no site oficial do concurso. A validade do certame ser\u00e1 de 12 meses, podendo ser prorrogada por igual per\u00edodo.<\/p>\n<p>\u00c9 de responsabilidade exclusiva do candidato acompanhar todas as publica\u00e7\u00f5es oficiais, incluindo a homologa\u00e7\u00e3o e futuras convoca\u00e7\u00f5es, no endere\u00e7o eletr\u00f4nico do IFSULDEMINAS e no Di\u00e1rio Oficial da Uni\u00e3o.<\/p>\n","protected":false},"excerpt":{"rendered":"<p>Sel. Simplificada IF Sul de Minas (MG) com edital publicado! Vaga p\/ Prof. Eng. Ambiental (Superior). Inscri\u00e7\u00f5es a partir de 19\/09. Confira detalhes!<\/p>\n","protected":false},"author":7,"featured_media":271577,"comment_status":"open","ping_status":"open","sticky":false,"template":"","format":"standard","meta":{"_acf_changed":false,"_breakdance_hide_in_design_set":false,"_breakdance_tags":"","footnotes":""},"categories":[95,13,15,155],"tags":[50],"_amplo":[],"destaque":[],"instituicoes":[],"class_list":["post-271578","post","type-post","status-publish","format-standard","has-post-thumbnail","hentry","category-engenharia-agricola","category-engenharia-ambiental","category-engenharia-florestal","category-gestao-ambiental","tag-minas-gerais"],"acf":{"_tipo_vagas":"vagas","_numero_vagas":"","_quadro_vagas":"","_cargos":"diversos","_cargos_especificos":"","_salario_max":"R$ 8.058,29","_abertura":"20250919","_encerramento":"20251002","_inscricoes":"https:\/\/portal.ifsuldeminas.edu.br\/index.php\/concursos-menu-destaque","_executora_concurso":"","_instituicao_concurso":[],"_link_adicional":null,"_anexos":null,"_produtos":null,"_vagas":"1 vaga + CR","_salario_min":"R$ 4.975,59","_instituicao":"IF Sul de Minas","_edital":"https:\/\/www.agrobase.com.br\/concursos\/wp-content\/uploads\/sites\/4\/2025\/09\/edital-269-2025-if-sul-de-minas-mg.pdf","_anexos_edital":"https:\/\/www.agrobase.com.br\/concursos\/wp-content\/uploads\/sites\/4\/2025\/09\/anexos-edital-269-2025-if-sul-de-minas-mg.pdf","_fund_incompleto":"","_fund_completo":"","_medio":"","_superior":"<div>\r\n<table class=\"quadro\">\r\n<thead>\r\n<tr>\r\n<th class=\"hcargo\">Cargo<\/th>\r\n<th class=\"hvagas\">Vagas<\/th>\r\n<th class=\"hremuneracao\">Remunera\u00e7\u00e3o<\/th>\r\n<\/tr>\r\n<\/thead>\r\n    <tbody>\r\n      <tr>\r\n<td class=\"ccargos\">\r\n<span data-balloon-length=\"medium\" aria-label=\"Bacharelado em Engenharia Ambiental ou Tecn\u00f3logo em Gest\u00e3o Ambiental COM Especializa\u00e7\u00e3o ou Mestrado ou Doutorado em Engenharia Ambiental ou Engenharia Florestal ou Engenharia Agr\u00edcola.\" data-balloon-pos=\"up\">Professor Substituto - Engenharia Ambiental<\/span><\/td>\r\n<td class=\"cvagas\">1 + CR<\/td>\r\n<td class=\"cremuneracao\">R$ 0,00 \/20h ou 40h<\/td>\r\n<\/tr>\r\n    <\/tbody>\r\n  <\/table>\r\n<\/div>"},"_links":{"self":[{"href":"https:\/\/www.agrobase.com.br\/concursos\/wp-json\/wp\/v2\/posts\/271578","targetHints":{"allow":["GET"]}}],"collection":[{"href":"https:\/\/www.agrobase.com.br\/concursos\/wp-json\/wp\/v2\/posts"}],"about":[{"href":"https:\/\/www.agrobase.com.br\/concursos\/wp-json\/wp\/v2\/types\/post"}],"author":[{"embeddable":true,"href":"https:\/\/www.agrobase.com.br\/concursos\/wp-json\/wp\/v2\/users\/7"}],"replies":[{"embeddable":true,"href":"https:\/\/www.agrobase.com.br\/concursos\/wp-json\/wp\/v2\/comments?post=271578"}],"version-history":[{"count":2,"href":"https:\/\/www.agrobase.com.br\/concursos\/wp-json\/wp\/v2\/posts\/271578\/revisions"}],"predecessor-version":[{"id":271582,"href":"https:\/\/www.agrobase.com.br\/concursos\/wp-json\/wp\/v2\/posts\/271578\/revisions\/271582"}],"wp:featuredmedia":[{"embeddable":true,"href":"https:\/\/www.agrobase.com.br\/concursos\/wp-json\/wp\/v2\/media\/271577"}],"wp:attachment":[{"href":"https:\/\/www.agrobase.com.br\/concursos\/wp-json\/wp\/v2\/media?parent=271578"}],"wp:term":[{"taxonomy":"category","embeddable":true,"href":"https:\/\/www.agrobase.com.br\/concursos\/wp-json\/wp\/v2\/categories?post=271578"},{"taxonomy":"post_tag","embeddable":true,"href":"https:\/\/www.agrobase.com.br\/concursos\/wp-json\/wp\/v2\/tags?post=271578"},{"taxonomy":"_amplo","embeddable":true,"href":"https:\/\/www.agrobase.com.br\/concursos\/wp-json\/wp\/v2\/_amplo?post=271578"},{"taxonomy":"destaque","embeddable":true,"href":"https:\/\/www.agrobase.com.br\/concursos\/wp-json\/wp\/v2\/destaque?post=271578"},{"taxonomy":"instituicoes","embeddable":true,"href":"https:\/\/www.agrobase.com.br\/concursos\/wp-json\/wp\/v2\/instituicoes?post=271578"}],"curies":[{"name":"wp","href":"https:\/\/api.w.org\/{rel}","templated":true}]}}