{"id":271422,"date":"2025-09-19T07:10:47","date_gmt":"2025-09-19T10:10:47","guid":{"rendered":"https:\/\/www.agrobase.com.br\/concursos\/?p=271422"},"modified":"2025-09-19T10:57:13","modified_gmt":"2025-09-19T13:57:13","slug":"prefeitura-sapezal-mt-selecao-simplificada-02-2025","status":"publish","type":"post","link":"https:\/\/www.agrobase.com.br\/concursos\/2025\/prefeitura-sapezal-mt-selecao-simplificada-02-2025\/","title":{"rendered":"Prefeitura Sapezal (MT) &#8211; Sele\u00e7\u00e3o Simplificada 02\/2025"},"content":{"rendered":"<h2>Informa\u00e7\u00f5es Gerais<\/h2>\n<p>A Prefeitura Municipal de Sapezal, no estado de Mato Grosso, publicou o edital n\u00ba 002\/2025 do seu Processo Seletivo Simplificado. O certame, organizado pelo Instituto Selecon, visa a forma\u00e7\u00e3o de cadastro de reserva para contrata\u00e7\u00f5es tempor\u00e1rias na Secretaria Municipal de Educa\u00e7\u00e3o e Cultura (SEMEC) durante o ano de 2026. As oportunidades abrangem cargos de n\u00edveis alfabetizado, m\u00e9dio e superior.<\/p>\n<p>As vagas s\u00e3o destinadas a profissionais da \u00e1rea da educa\u00e7\u00e3o, incluindo cargos como Professor, Psic\u00f3logo, Psicopedagogo, Secret\u00e1rio Escolar e Motorista de Transporte Escolar. <strong>\u00c9 importante destacar a presen\u00e7a de oportunidades para Professor de Ci\u00eancias Biol\u00f3gicas<\/strong>, uma \u00e1rea de grande interesse para nossos leitores. O regime de contrata\u00e7\u00e3o \u00e9 tempor\u00e1rio, regido pelas normas espec\u00edficas do munic\u00edpio.<\/p>\n<p>Continue a leitura para obter informa\u00e7\u00f5es detalhadas sobre as inscri\u00e7\u00f5es, as etapas do processo seletivo e o cronograma de resultados.<\/p>\n<h2>Inscri\u00e7\u00f5es<\/h2>\n<p>As inscri\u00e7\u00f5es para o Processo Seletivo da Prefeitura de Sapezal &#8211; MT est\u00e3o abertas e devem ser realizadas exclusivamente pela internet, atrav\u00e9s do site da banca organizadora, o Instituto Selecon. O per\u00edodo para se inscrever vai de <strong>28 de agosto de 2025 at\u00e9 as 23h59 do dia 09 de outubro de 2025<\/strong>.<\/p>\n<p>Os valores da taxa de inscri\u00e7\u00e3o variam conforme o n\u00edvel de escolaridade do cargo pretendido:<\/p>\n<ul>\n<li><strong>N\u00edvel Alfabetizado:<\/strong> R$ 55,00<\/li>\n<li><strong>N\u00edvel M\u00e9dio:<\/strong> R$ 90,00<\/li>\n<li><strong>N\u00edvel Superior:<\/strong> R$ 120,00<\/li>\n<\/ul>\n<p>Para confirmar a participa\u00e7\u00e3o, o candidato deve preencher o formul\u00e1rio eletr\u00f4nico no site <em>https:\/\/selecon.org.br\/<\/em>, gerar o boleto banc\u00e1rio e efetuar o pagamento at\u00e9 a data de vencimento. N\u00e3o ser\u00e3o aceitas outras formas de pagamento, como dep\u00f3sitos ou transfer\u00eancias. Ap\u00f3s 72 horas \u00fateis do pagamento, \u00e9 responsabilidade do candidato conferir a confirma\u00e7\u00e3o da inscri\u00e7\u00e3o na &#8220;\u00c1rea do Candidato&#8221; no portal do Instituto Selecon.<\/p>\n<p>Para informa\u00e7\u00f5es completas sobre os procedimentos de inscri\u00e7\u00e3o, eventuais pedidos de isen\u00e7\u00e3o e retifica\u00e7\u00e3o de dados, \u00e9 fundamental a leitura atenta do edital.<\/p>\n<h2>Etapas e Provas<\/h2>\n<p>O processo seletivo ser\u00e1 composto por diferentes etapas, a depender do cargo escolhido. Para a maioria dos cargos, a avalia\u00e7\u00e3o consistir\u00e1 em uma \u00fanica etapa, enquanto para a fun\u00e7\u00e3o de Professor haver\u00e1 duas fases.<\/p>\n<p>As etapas est\u00e3o estruturadas da seguinte forma:<\/p>\n<ul>\n<li><strong>Prova Objetiva:<\/strong> De car\u00e1ter eliminat\u00f3rio e classificat\u00f3rio, ser\u00e1 aplicada para <em>todos os cargos<\/em>. A prova ter\u00e1 dura\u00e7\u00e3o de 2 horas e 30 minutos e ser\u00e1 composta por quest\u00f5es de m\u00faltipla escolha com quatro alternativas cada. Para ser considerado habilitado, o candidato dever\u00e1 obter no m\u00ednimo 50% do total de pontos. As disciplinas variam por cargo, incluindo L\u00edngua Portuguesa, Matem\u00e1tica, Racioc\u00ednio L\u00f3gico, No\u00e7\u00f5es de Inform\u00e1tica, Fundamentos da Educa\u00e7\u00e3o e Conhecimentos Espec\u00edficos.<\/li>\n<li><strong>An\u00e1lise de T\u00edtulos:<\/strong> De car\u00e1ter exclusivamente classificat\u00f3rio, esta etapa \u00e9 destinada apenas aos candidatos ao cargo de <em>Professor (todas as habilita\u00e7\u00f5es)<\/em> que forem habilitados na Prova Objetiva. A pontua\u00e7\u00e3o m\u00e1xima nesta fase \u00e9 de 20 pontos, e os documentos dever\u00e3o ser enviados via upload no site da banca organizadora, conforme prazo estabelecido no cronograma.<\/li>\n<\/ul>\n<p>Para obter detalhes sobre o conte\u00fado program\u00e1tico de cada disciplina, os crit\u00e9rios de avalia\u00e7\u00e3o da prova de t\u00edtulos e o cronograma completo, consulte o edital oficial do certame.<\/p>\n<h2>Resultados e Gabarito<\/h2>\n<p>A divulga\u00e7\u00e3o dos resultados e demais atos do processo seletivo seguir\u00e1 um cronograma espec\u00edfico. O gabarito preliminar da prova objetiva ser\u00e1 publicado no site do Instituto Selecon at\u00e9 as 17h do dia seguinte \u00e0 aplica\u00e7\u00e3o da prova. Os candidatos poder\u00e3o interpor recursos contra os gabaritos e os resultados preliminares de cada etapa nos prazos definidos no edital.<\/p>\n<p>A classifica\u00e7\u00e3o final ser\u00e1 determinada pela soma dos pontos obtidos na prova objetiva e, para os cargos de Professor, na an\u00e1lise de t\u00edtulos. Os crit\u00e9rios de desempate variam por cargo, mas geralmente seguem a ordem de prefer\u00eancia: idade (conforme Estatuto do Idoso), maior pontua\u00e7\u00e3o em Conhecimentos Espec\u00edficos, maior pontua\u00e7\u00e3o em L\u00edngua Portuguesa, entre outros. O resultado final ser\u00e1 homologado pela Prefeitura de Sapezal e publicado no Di\u00e1rio Oficial dos Munic\u00edpios do Estado de Mato Grosso.<\/p>\n<p>A convoca\u00e7\u00e3o dos candidatos aprovados ocorrer\u00e1 de acordo com a ordem de classifica\u00e7\u00e3o e a necessidade da administra\u00e7\u00e3o, por meio de e-mail, contato telef\u00f4nico e edital de convoca\u00e7\u00e3o. \u00c9 de responsabilidade exclusiva do candidato acompanhar todas as publica\u00e7\u00f5es oficiais no site da banca organizadora e no Di\u00e1rio Oficial durante o prazo de validade do processo seletivo.<\/p>\n","protected":false},"excerpt":{"rendered":"<p>Sel. Simplificada Pref. Sapezal (MT) com edital publicado! Vagas p\/ Professor e Psic\u00f3logo (Fund. a Sup.). Inscri\u00e7\u00f5es a partir de 28\/08. Confira detalhes!<\/p>\n","protected":false},"author":7,"featured_media":271421,"comment_status":"open","ping_status":"open","sticky":false,"template":"","format":"standard","meta":{"_acf_changed":false,"_breakdance_hide_in_design_set":false,"_breakdance_tags":"","footnotes":""},"categories":[6433,6434,6871,116,25,26],"tags":[47],"_amplo":[],"destaque":[],"instituicoes":[],"class_list":["post-271422","post","type-post","status-publish","format-standard","has-post-thumbnail","hentry","category-biologia-licenciatura","category-educacao-fisica-licenciatura","category-letras-ingles","category-matematica","category-pedagogia","category-psicologia","tag-mato-grosso"],"acf":{"_tipo_vagas":"vagas","_numero_vagas":"","_quadro_vagas":"","_cargos":"diversos","_cargos_especificos":"","_salario_max":"R$ 7038.91","_abertura":"20250828","_encerramento":"20251009","_inscricoes":"https:\/\/selecon.org.br\/","_executora_concurso":"","_instituicao_concurso":[],"_link_adicional":null,"_anexos":null,"_produtos":null,"_vagas":"CR","_salario_min":"R$ 3125.47","_instituicao":"Prefeitura de Sapezal","_edital":"https:\/\/www.agrobase.com.br\/concursos\/wp-content\/uploads\/sites\/4\/2025\/09\/edital-02-2025-prefeitura-de-sapezal-mt.pdf","_anexos_edital":"https:\/\/www.agrobase.com.br\/concursos\/wp-content\/uploads\/sites\/4\/2025\/09\/anexos-edital-02-2025-prefeitura-de-sapezal-mt.pdf","_fund_incompleto":"<div>\r\n<table class=\"quadro\">\r\n<thead>\r\n<tr>\r\n<th class=\"hcargo\">Cargo<\/th>\r\n<th class=\"hvagas\">Vagas<\/th>\r\n<th class=\"hremuneracao\">Remunera\u00e7\u00e3o<\/th>\r\n<\/tr>\r\n<\/thead>\r\n    <tbody>\r\n      <td class=\"ccargos\">\r\n<span data-balloon-length=\"medium\" data-balloon-pos=\"up\">Motorista de Transporte Escolar<\/span><\/td>\r\n<td class=\"cvagas\">CR<\/td>\r\n<td class=\"cremuneracao\">R$ 3.361,94 \/40h<\/td>\r\n<\/tr>\r\n    <\/tbody>\r\n  <\/table>\r\n<\/div>","_fund_completo":"","_medio":"<div>\r\n<table class=\"quadro\">\r\n<thead>\r\n<tr>\r\n<th class=\"hcargo\">Cargo<\/th>\r\n<th class=\"hvagas\">Vagas<\/th>\r\n<th class=\"hremuneracao\">Remunera\u00e7\u00e3o<\/th>\r\n<\/tr>\r\n<\/thead>\r\n    <tbody>\r\n      <td class=\"ccargos\">\r\n<span data-balloon-length=\"medium\" aria-label=\"Ensino M\u00e9dio\" data-balloon-pos=\"up\">Secret\u00e1rio Escolar<\/span><\/td>\r\n<td class=\"cvagas\">CR<\/td>\r\n<td class=\"cremuneracao\">R$ 3.125,47 \/40h<\/td>\r\n<\/tr><td class=\"ccargos\">\r\n<span data-balloon-length=\"medium\" aria-label=\"Ensino M\u00e9dio\" data-balloon-pos=\"up\">Professor de Inform\u00e1tica<\/span><\/td>\r\n<td class=\"cvagas\">CR<\/td>\r\n<td class=\"cremuneracao\">R$ 3.994,70 \/40h<\/td>\r\n<\/tr>\r\n    <\/tbody>\r\n  <\/table>\r\n<\/div>","_superior":"<div>\r\n<table class=\"quadro\">\r\n<thead>\r\n<tr>\r\n<th class=\"hcargo\">Cargo<\/th>\r\n<th class=\"hvagas\">Vagas<\/th>\r\n<th class=\"hremuneracao\">Remunera\u00e7\u00e3o<\/th>\r\n<\/tr>\r\n<\/thead>\r\n    <tbody>\r\n      <tr>\r\n<td class=\"ccargos\">\r\n<span data-balloon-length=\"medium\" aria-label=\"Licenciatura em Pedagogia\" data-balloon-pos=\"up\">Professor - Pedagogia<\/span><\/td>\r\n<td class=\"cvagas\">CR<\/td>\r\n<td class=\"cremuneracao\">R$ 5.156,94 \/30h<\/td>\r\n<\/tr><tr>\r\n<td class=\"ccargos\">\r\n<span data-balloon-length=\"medium\" aria-label=\"Licenciatura em Matem\u00e1tica\" data-balloon-pos=\"up\">Professor - Matem\u00e1tica<\/span><\/td>\r\n<td class=\"cvagas\">CR<\/td>\r\n<td class=\"cremuneracao\">R$ 5.156,94 \/30h<\/td>\r\n<\/tr><tr>\r\n<td class=\"ccargos\">\r\n<span data-balloon-length=\"medium\" aria-label=\"Licenciatura em Educa\u00e7\u00e3o F\u00edsica\" data-balloon-pos=\"up\">Professor - Educa\u00e7\u00e3o F\u00edsica<\/span><\/td>\r\n<td class=\"cvagas\">CR<\/td>\r\n<td class=\"cremuneracao\">R$ 5.156,94 \/30h<\/td>\r\n<\/tr><tr>\r\n<td class=\"ccargos\">\r\n<span data-balloon-length=\"medium\" aria-label=\"Licenciatura em Letras\/Ingl\u00eas\" data-balloon-pos=\"up\">Professor - Letras\/Ingl\u00eas<\/span><\/td>\r\n<td class=\"cvagas\">CR<\/td>\r\n<td class=\"cremuneracao\">R$ 5.156,94 \/30h<\/td>\r\n<\/tr><tr>\r\n<td class=\"ccargos\">\r\n<span data-balloon-length=\"medium\" aria-label=\"Licenciatura em Ci\u00eancias F\u00edsicas e Biol\u00f3gicas\" data-balloon-pos=\"up\">Professor - Ci\u00eancias Biol\u00f3gicas<\/span><\/td>\r\n<td class=\"cvagas\">CR<\/td>\r\n<td class=\"cremuneracao\">R$ 5.156,94 \/30h<\/td>\r\n<\/tr><tr>\r\n<td class=\"ccargos\">\r\n<span data-balloon-length=\"medium\" aria-label=\"Gradua\u00e7\u00e3o ou p\u00f3s-gradua\u00e7\u00e3o em psicopedagogia\" data-balloon-pos=\"up\">Psicopedagogo<\/span><\/td>\r\n<td class=\"cvagas\">CR<\/td>\r\n<td class=\"cremuneracao\">R$ 7.038,91 \/30h<\/td>\r\n<\/tr><tr>\r\n<td class=\"ccargos\">\r\n<span data-balloon-length=\"medium\" aria-label=\"Gradua\u00e7\u00e3o em Psicologia e Registro no respectivo Conselho de Classe\" data-balloon-pos=\"up\">Psic\u00f3logo<\/span><\/td>\r\n<td class=\"cvagas\">CR<\/td>\r\n<td class=\"cremuneracao\">R$ 7.038,91 \/30h<\/td>\r\n<\/tr>\r\n    <\/tbody>\r\n  <\/table>\r\n<\/div>"},"_links":{"self":[{"href":"https:\/\/www.agrobase.com.br\/concursos\/wp-json\/wp\/v2\/posts\/271422","targetHints":{"allow":["GET"]}}],"collection":[{"href":"https:\/\/www.agrobase.com.br\/concursos\/wp-json\/wp\/v2\/posts"}],"about":[{"href":"https:\/\/www.agrobase.com.br\/concursos\/wp-json\/wp\/v2\/types\/post"}],"author":[{"embeddable":true,"href":"https:\/\/www.agrobase.com.br\/concursos\/wp-json\/wp\/v2\/users\/7"}],"replies":[{"embeddable":true,"href":"https:\/\/www.agrobase.com.br\/concursos\/wp-json\/wp\/v2\/comments?post=271422"}],"version-history":[{"count":3,"href":"https:\/\/www.agrobase.com.br\/concursos\/wp-json\/wp\/v2\/posts\/271422\/revisions"}],"predecessor-version":[{"id":271488,"href":"https:\/\/www.agrobase.com.br\/concursos\/wp-json\/wp\/v2\/posts\/271422\/revisions\/271488"}],"wp:featuredmedia":[{"embeddable":true,"href":"https:\/\/www.agrobase.com.br\/concursos\/wp-json\/wp\/v2\/media\/271421"}],"wp:attachment":[{"href":"https:\/\/www.agrobase.com.br\/concursos\/wp-json\/wp\/v2\/media?parent=271422"}],"wp:term":[{"taxonomy":"category","embeddable":true,"href":"https:\/\/www.agrobase.com.br\/concursos\/wp-json\/wp\/v2\/categories?post=271422"},{"taxonomy":"post_tag","embeddable":true,"href":"https:\/\/www.agrobase.com.br\/concursos\/wp-json\/wp\/v2\/tags?post=271422"},{"taxonomy":"_amplo","embeddable":true,"href":"https:\/\/www.agrobase.com.br\/concursos\/wp-json\/wp\/v2\/_amplo?post=271422"},{"taxonomy":"destaque","embeddable":true,"href":"https:\/\/www.agrobase.com.br\/concursos\/wp-json\/wp\/v2\/destaque?post=271422"},{"taxonomy":"instituicoes","embeddable":true,"href":"https:\/\/www.agrobase.com.br\/concursos\/wp-json\/wp\/v2\/instituicoes?post=271422"}],"curies":[{"name":"wp","href":"https:\/\/api.w.org\/{rel}","templated":true}]}}