{"id":271410,"date":"2025-09-18T08:20:27","date_gmt":"2025-09-18T11:20:27","guid":{"rendered":"https:\/\/www.agrobase.com.br\/concursos\/?p=271410"},"modified":"2025-09-17T15:50:42","modified_gmt":"2025-09-17T18:50:42","slug":"prefeitura-lavras-da-mangabeira-ce-concurso-02-2025","status":"publish","type":"post","link":"https:\/\/www.agrobase.com.br\/concursos\/2025\/prefeitura-lavras-da-mangabeira-ce-concurso-02-2025\/","title":{"rendered":"Prefeitura Lavras da Mangabeira (CE) &#8211; Concurso 02\/2025"},"content":{"rendered":"<h2>Informa\u00e7\u00f5es Gerais<\/h2>\n<p>A Prefeitura Municipal de Lavras da Mangabeira, no Cear\u00e1, publicou o edital para seu novo Concurso P\u00fablico, organizado pela Universidade Regional do Cariri (URCA). O certame visa o preenchimento de <strong>50 vagas imediatas e a forma\u00e7\u00e3o de cadastro de reserva<\/strong> para cargos efetivos do quadro de pessoal do Poder Executivo, sob regime estatut\u00e1rio.<\/p>\n<p>As oportunidades abrangem os n\u00edveis de escolaridade fundamental, m\u00e9dio, t\u00e9cnico e superior, com vagas em diversas \u00e1reas, como administrativa, operacional, sa\u00fade e educa\u00e7\u00e3o. <strong>O concurso se destaca por oferecer vagas em \u00e1reas de grande interesse, como Engenharia Agron\u00f4mica, Biologia e para T\u00e9cnico em Agropecu\u00e1ria.<\/strong><\/p>\n<p>Este \u00e9 um momento importante para quem busca uma carreira est\u00e1vel no servi\u00e7o p\u00fablico cearense. Nas se\u00e7\u00f5es a seguir, voc\u00ea encontrar\u00e1 todos os detalhes sobre o processo de inscri\u00e7\u00e3o, as etapas de avalia\u00e7\u00e3o e o cronograma de resultados para se preparar da melhor forma.<\/p>\n<h2>Inscri\u00e7\u00f5es<\/h2>\n<p>As inscri\u00e7\u00f5es para o concurso da Prefeitura de Lavras da Mangabeira (CE) ser\u00e3o realizadas exclusivamente pela internet, atrav\u00e9s do site da banca organizadora, a URCA. O per\u00edodo para se inscrever ter\u00e1 in\u00edcio <strong>\u00e0s 8h do dia 5 de setembro de 2025 e se encerrar\u00e1 \u00e0s 23h59 do dia 9 de outubro de 2025<\/strong>.<\/p>\n<p>Para confirmar a participa\u00e7\u00e3o, o candidato dever\u00e1 preencher o formul\u00e1rio eletr\u00f4nico no endere\u00e7o <em>urca.br\/cev<\/em>, gerar e imprimir o boleto banc\u00e1rio. O pagamento da taxa de inscri\u00e7\u00e3o dever\u00e1 ser efetuado at\u00e9 o dia 10 de outubro de 2025. Os valores s\u00e3o definidos de acordo com o n\u00edvel de escolaridade do cargo pretendido:<\/p>\n<ul>\n<li><strong>N\u00edvel Fundamental:<\/strong> R$ 100,00<\/li>\n<li><strong>N\u00edvel M\u00e9dio:<\/strong> R$ 120,00<\/li>\n<li><strong>N\u00edvel Superior:<\/strong> R$ 200,00<\/li>\n<\/ul>\n<p>A inscri\u00e7\u00e3o s\u00f3 ser\u00e1 validada ap\u00f3s a confirma\u00e7\u00e3o do pagamento pela institui\u00e7\u00e3o banc\u00e1ria. O edital n\u00e3o detalha procedimentos para solicita\u00e7\u00e3o de isen\u00e7\u00e3o da taxa. \u00c9 fundamental que o candidato leia atentamente o edital completo para conhecer todas as regras e garantir sua participa\u00e7\u00e3o no certame.<\/p>\n<h2>Etapas e Provas<\/h2>\n<p>O processo seletivo do concurso de Lavras da Mangabeira ser\u00e1 estruturado em at\u00e9 tr\u00eas etapas, variando conforme o cargo escolhido pelo candidato. A organiza\u00e7\u00e3o das fases \u00e9 a seguinte:<\/p>\n<ul>\n<li><strong>Prova Escrita Objetiva:<\/strong> De car\u00e1ter eliminat\u00f3rio e classificat\u00f3rio, esta etapa \u00e9 obrigat\u00f3ria para <em>todos os cargos<\/em>. A prova ter\u00e1 dura\u00e7\u00e3o de 3 horas e ser\u00e1 aplicada no munic\u00edpio de Lavras da Mangabeira (CE).<\/li>\n<li><strong>Prova Did\u00e1tica:<\/strong> De car\u00e1ter eliminat\u00f3rio e classificat\u00f3rio, esta fase \u00e9 exclusiva para os candidatos aos cargos de <em>Professor (Magist\u00e9rio)<\/em>.<\/li>\n<li><strong>Prova de T\u00edtulos:<\/strong> De car\u00e1ter apenas classificat\u00f3rio, esta etapa se aplica a todos os candidatos de <em>n\u00edvel superior<\/em>, sendo a segunda fase para a maioria e a terceira para os cargos de Magist\u00e9rio.<\/li>\n<\/ul>\n<p>Os locais e hor\u00e1rios espec\u00edficos de aplica\u00e7\u00e3o das provas ser\u00e3o divulgados no Cart\u00e3o de Identifica\u00e7\u00e3o do Candidato. No dia da prova objetiva, os port\u00f5es ser\u00e3o abertos \u00e0s 8h e fechados \u00e0s 9h para o turno da manh\u00e3, e abertos \u00e0s 13h30 com fechamento \u00e0s 14h30 para o turno da tarde. Para obter informa\u00e7\u00f5es detalhadas sobre o conte\u00fado program\u00e1tico, crit\u00e9rios de avalia\u00e7\u00e3o e cronograma completo, \u00e9 indispens\u00e1vel a consulta ao edital oficial.<\/p>\n<h2>Resultados e Gabarito<\/h2>\n<p>A divulga\u00e7\u00e3o dos resultados do concurso da Prefeitura de Lavras da Mangabeira ser\u00e1 realizada pela Comiss\u00e3o Executiva do Vestibular da URCA, no site oficial <em>urca.br\/cev<\/em>, e tamb\u00e9m na imprensa oficial do munic\u00edpio. Os resultados finais de cada cargo ser\u00e3o publicados assim que todas as etapas correspondentes forem conclu\u00eddas.<\/p>\n<p>A classifica\u00e7\u00e3o final dos candidatos ser\u00e1 apresentada em ordem decrescente, com base na soma dos pontos obtidos em todas as fases do certame. Em caso de empate na pontua\u00e7\u00e3o final, ser\u00e3o aplicados os seguintes crit\u00e9rios de desempate, nesta ordem:<\/p>\n<ul>\n<li>Maior pontua\u00e7\u00e3o na prova de Conhecimentos Espec\u00edficos;<\/li>\n<li>Maior nota na Prova Did\u00e1tica (apenas para cargos do Magist\u00e9rio);<\/li>\n<li>Maior pontua\u00e7\u00e3o na prova de L\u00edngua Portuguesa;<\/li>\n<li>Maior pontua\u00e7\u00e3o na prova de Conhecimentos Gerais;<\/li>\n<li>Candidato com maior idade.<\/li>\n<\/ul>\n<p>A homologa\u00e7\u00e3o do resultado final \u00e9 de responsabilidade do Poder Executivo Municipal e poder\u00e1 ocorrer de forma segmentada, por categoria de cargo. Ap\u00f3s a homologa\u00e7\u00e3o, os candidatos aprovados dentro do n\u00famero de vagas dever\u00e3o acompanhar as convoca\u00e7\u00f5es nos canais oficiais. \u00c9 de responsabilidade exclusiva do candidato acompanhar todas as publica\u00e7\u00f5es referentes ao concurso no site da banca organizadora e nos meios de comunica\u00e7\u00e3o oficiais da prefeitura.<\/p>\n","protected":false},"excerpt":{"rendered":"<p>Concurso Pref. Lavras da Mangabeira (CE) com edital publicado! Vagas p\/ Professor e M\u00e9dico (Fund. a Sup.). Inscri\u00e7\u00f5es a partir de 05\/09. Confira detalhes!<\/p>\n","protected":false},"author":7,"featured_media":271409,"comment_status":"open","ping_status":"open","sticky":false,"template":"","format":"standard","meta":{"_acf_changed":false,"_breakdance_hide_in_design_set":false,"_breakdance_tags":"","footnotes":""},"categories":[4,6,6433,6434,111,116,21,25,26,101,30,134],"tags":[43],"_amplo":[],"destaque":[],"instituicoes":[],"class_list":["post-271410","post","type-post","status-publish","format-standard","has-post-thumbnail","hentry","category-agronomia","category-biologia","category-biologia-licenciatura","category-educacao-fisica-licenciatura","category-geografia","category-matematica","category-medicina","category-pedagogia","category-psicologia","category-servico-social","category-tecnico-agropecuaria","category-terapia-ocupacional","tag-ceara"],"acf":{"_tipo_vagas":"vagas","_numero_vagas":"","_quadro_vagas":"","_cargos":"diversos","_cargos_especificos":"","_salario_max":"R$ 10212","_abertura":"20250905","_encerramento":"20251009","_inscricoes":"https:\/\/urca.br\/cev","_executora_concurso":"","_instituicao_concurso":[],"_link_adicional":null,"_anexos":null,"_produtos":null,"_vagas":"50 vagas + CR","_salario_min":"R$ 1518","_instituicao":"Prefeitura de Lavras da Mangabeira","_edital":"https:\/\/www.agrobase.com.br\/concursos\/wp-content\/uploads\/sites\/4\/2025\/09\/edital-02-2025-prefeitura-de-lavras-da-mangabeira-ce.pdf","_anexos_edital":"https:\/\/www.agrobase.com.br\/concursos\/wp-content\/uploads\/sites\/4\/2025\/09\/anexos-edital-02-2025-prefeitura-de-lavras-da-mangabeira-ce.pdf","_fund_incompleto":"","_fund_completo":"<div>\r\n<table class=\"quadro\">\r\n<thead>\r\n<tr>\r\n<th class=\"hcargo\">Cargo<\/th>\r\n<th class=\"hvagas\">Vagas<\/th>\r\n<th class=\"hremuneracao\">Remunera\u00e7\u00e3o<\/th>\r\n<\/tr>\r\n<\/thead>\r\n    <tbody>\r\n      <td class=\"ccargos\">\r\n<span data-balloon-length=\"medium\" aria-label=\"Ensino Fundamental completo\" data-balloon-pos=\"up\">Auxiliar de servi\u00e7os gerais<\/span><\/td>\r\n<td class=\"cvagas\">08<\/td>\r\n<td class=\"cremuneracao\">R$ 1.518,00 \/40h<\/td>\r\n<\/tr><td class=\"ccargos\">\r\n<span data-balloon-length=\"medium\" aria-label=\"Ensino Fundamental completo\" data-balloon-pos=\"up\">Coveiro<\/span><\/td>\r\n<td class=\"cvagas\">03<\/td>\r\n<td class=\"cremuneracao\">R$ 1.518,00 \/40h<\/td>\r\n<\/tr>\r\n    <\/tbody>\r\n  <\/table>\r\n<\/div>","_medio":"<div>\r\n<table class=\"quadro\">\r\n<thead>\r\n<tr>\r\n<th class=\"hcargo\">Cargo<\/th>\r\n<th class=\"hvagas\">Vagas<\/th>\r\n<th class=\"hremuneracao\">Remunera\u00e7\u00e3o<\/th>\r\n<\/tr>\r\n<\/thead>\r\n    <tbody>\r\n      <td class=\"ccargos\">\r\n<span data-balloon-length=\"medium\" aria-label=\"Ensino M\u00e9dio completo\" data-balloon-pos=\"up\">Agente Administrativo<\/span><\/td>\r\n<td class=\"cvagas\">07<\/td>\r\n<td class=\"cremuneracao\">R$ 1.518,00 \/40h<\/td>\r\n<\/tr><td class=\"ccargos\">\r\n<span data-balloon-length=\"medium\" aria-label=\"Ensino M\u00e9dio completo\" data-balloon-pos=\"up\">Cozinheiro<\/span><\/td>\r\n<td class=\"cvagas\">05<\/td>\r\n<td class=\"cremuneracao\">R$ 1.518,00 \/40h<\/td>\r\n<\/tr><td class=\"ccargos\">\r\n<span data-balloon-length=\"medium\" aria-label=\"Ensino M\u00e9dio completo com curso de forma\u00e7\u00e3o inicial com, no m\u00ednimo, 40 horas de carga hor\u00e1ria, com aproveitamento, para Agentes Comunit\u00e1rios de Sa\u00fade (ACS) e residir na \u00e1rea da comunidade em que atuar, desde a data da publica\u00e7\u00e3o do edital do processo seletivo p\u00fablico\" data-balloon-pos=\"up\">Agente Comunit\u00e1rio de Sa\u00fade<\/span><\/td>\r\n<td class=\"cvagas\">03<\/td>\r\n<td class=\"cremuneracao\">R$ 0,00 \/40h<\/td>\r\n<\/tr><td class=\"ccargos\">\r\n<span data-balloon-length=\"medium\" aria-label=\"Ensino M\u00e9dio completo com curso T\u00e9cnico em Agropecu\u00e1ria reconhecido pelo MEC\" data-balloon-pos=\"up\">T\u00e9cnico em Agropecu\u00e1ria<\/span><\/td>\r\n<td class=\"cvagas\">01<\/td>\r\n<td class=\"cremuneracao\">R$ 1.518,00 \/40h<\/td>\r\n<\/tr><td class=\"ccargos\">\r\n<span data-balloon-length=\"medium\" aria-label=\"Ensino M\u00e9dio completo com curso T\u00e9cnico em Topografia ou T\u00e9cnico em Agrimensura ou curso de gradua\u00e7\u00e3o em Tecn\u00f3logo da Constru\u00e7\u00e3o Civil reconhecido pelo MEC\" data-balloon-pos=\"up\">Top\u00f3grafo<\/span><\/td>\r\n<td class=\"cvagas\">01<\/td>\r\n<td class=\"cremuneracao\">R$ 1.518,00 \/40h<\/td>\r\n<\/tr>\r\n    <\/tbody>\r\n  <\/table>\r\n<\/div>","_superior":"<div>\r\n<table class=\"quadro\">\r\n<thead>\r\n<tr>\r\n<th class=\"hcargo\">Cargo<\/th>\r\n<th class=\"hvagas\">Vagas<\/th>\r\n<th class=\"hremuneracao\">Remunera\u00e7\u00e3o<\/th>\r\n<\/tr>\r\n<\/thead>\r\n    <tbody>\r\n      <tr>\r\n<td class=\"ccargos\">\r\n<span data-balloon-length=\"medium\" aria-label=\"Gradua\u00e7\u00e3o em Servi\u00e7o Social em institui\u00e7\u00e3o reconhecida pelo MEC, seguida pelo registo no CRESS\" data-balloon-pos=\"up\">Assistente Social<\/span><\/td>\r\n<td class=\"cvagas\">03<\/td>\r\n<td class=\"cremuneracao\">R$ 3.052,50 \/30h<\/td>\r\n<\/tr><tr>\r\n<td class=\"ccargos\">\r\n<span data-balloon-length=\"medium\" aria-label=\"Gradua\u00e7\u00e3o em Ci\u00eancias Biol\u00f3gicas (licenciatura ou bacharelado) em institui\u00e7\u00e3o reconhecida pelo MEC, seguida pelo registo no CRBio\" data-balloon-pos=\"up\">Bi\u00f3logo<\/span><\/td>\r\n<td class=\"cvagas\">01<\/td>\r\n<td class=\"cremuneracao\">R$ 2.000,00 \/40h<\/td>\r\n<\/tr><tr>\r\n<td class=\"ccargos\">\r\n<span data-balloon-length=\"medium\" aria-label=\"Gradua\u00e7\u00e3o em Agronomia ou Engenharia Agron\u00f4mica em institui\u00e7\u00e3o reconhecida pelo MEC, seguida pelo registo no CREA\" data-balloon-pos=\"up\">Engenheiro Agr\u00f4nomo<\/span><\/td>\r\n<td class=\"cvagas\">01<\/td>\r\n<td class=\"cremuneracao\">R$ 3.390,00 \/40h<\/td>\r\n<\/tr><tr>\r\n<td class=\"ccargos\">\r\n<span data-balloon-length=\"medium\" aria-label=\"Gradua\u00e7\u00e3o em Medicina com resid\u00eancia em Pediatria ou Neurologia e especializa\u00e7\u00e3o em Neurologia Infantil em institui\u00e7\u00e3o reconhecida pelo MEC, seguida pelo registo no CRM\" data-balloon-pos=\"up\">M\u00e9dico Neuropsiquiatra Infantil<\/span><\/td>\r\n<td class=\"cvagas\">01<\/td>\r\n<td class=\"cremuneracao\">R$ 10.212,00 \/40h<\/td>\r\n<\/tr><tr>\r\n<td class=\"ccargos\">\r\n<span data-balloon-length=\"medium\" aria-label=\"Gradua\u00e7\u00e3o em Psicologia em institui\u00e7\u00e3o reconhecida pelo MEC, seguida pelo registo no CRP\" data-balloon-pos=\"up\">Psic\u00f3logo<\/span><\/td>\r\n<td class=\"cvagas\">04<\/td>\r\n<td class=\"cremuneracao\">R$ 1.665,00 \/20h<\/td>\r\n<\/tr><tr>\r\n<td class=\"ccargos\">\r\n<span data-balloon-length=\"medium\" aria-label=\"Gradua\u00e7\u00e3o em Terapia Ocupacional em institui\u00e7\u00e3o reconhecida pelo MEC, seguida pelo registo no CREFITO\" data-balloon-pos=\"up\">Terapeuta Ocupacional<\/span><\/td>\r\n<td class=\"cvagas\">02<\/td>\r\n<td class=\"cremuneracao\">R$ 4.000,00 \/40h<\/td>\r\n<\/tr><tr>\r\n<td class=\"ccargos\">\r\n<span data-balloon-length=\"medium\" aria-label=\"Licenciatura Plena em Pedagogia ou equivalente em institui\u00e7\u00e3o reconhecida pelo MEC\" data-balloon-pos=\"up\">Professor - Educa\u00e7\u00e3o Infantil e Anos Iniciais do Ensino Fundamental<\/span><\/td>\r\n<td class=\"cvagas\">04<\/td>\r\n<td class=\"cremuneracao\">R$ 2.290,28 \/20h<\/td>\r\n<\/tr><tr>\r\n<td class=\"ccargos\">\r\n<span data-balloon-length=\"medium\" aria-label=\"Licenciatura Plena em Ci\u00eancias, Ci\u00eancias da Natureza, Ci\u00eancias Naturais ou equivalente em institui\u00e7\u00e3o reconhecida pelo MEC\" data-balloon-pos=\"up\">Professor \u2013 Anos Finais do Ensino Fundamental \u2013 Ci\u00eancias<\/span><\/td>\r\n<td class=\"cvagas\">01<\/td>\r\n<td class=\"cremuneracao\">R$ 2.290,28 \/20h<\/td>\r\n<\/tr><tr>\r\n<td class=\"ccargos\">\r\n<span data-balloon-length=\"medium\" aria-label=\"Licenciatura Plena em Educa\u00e7\u00e3o F\u00edsica ou equivalente em institui\u00e7\u00e3o reconhecida pelo MEC\" data-balloon-pos=\"up\">Professor \u2013 Anos Finais do Ensino Fundamental \u2013 Educa\u00e7\u00e3o F\u00edsica<\/span><\/td>\r\n<td class=\"cvagas\">01<\/td>\r\n<td class=\"cremuneracao\">R$ 2.290,28 \/20h<\/td>\r\n<\/tr><tr>\r\n<td class=\"ccargos\">\r\n<span data-balloon-length=\"medium\" aria-label=\"Licenciatura Plena em Geografia, em Ci\u00eancias Humanas ou equivalente em institui\u00e7\u00e3o reconhecida pelo MEC\" data-balloon-pos=\"up\">Professor \u2013 Anos Finais do Ensino Fundamental \u2013 Geografia<\/span><\/td>\r\n<td class=\"cvagas\">01<\/td>\r\n<td class=\"cremuneracao\">R$ 2.290,28 \/20h<\/td>\r\n<\/tr><tr>\r\n<td class=\"ccargos\">\r\n<span data-balloon-length=\"medium\" aria-label=\"Licenciatura Plena em Matem\u00e1tica ou equivalente em institui\u00e7\u00e3o reconhecida pelo MEC\" data-balloon-pos=\"up\">Professor \u2013 Anos Finais do Ensino Fundamental \u2013 Matem\u00e1tica<\/span><\/td>\r\n<td class=\"cvagas\">03<\/td>\r\n<td class=\"cremuneracao\">R$ 2.290,28 \/20h<\/td>\r\n<\/tr>\r\n    <\/tbody>\r\n  <\/table>\r\n<\/div>"},"_links":{"self":[{"href":"https:\/\/www.agrobase.com.br\/concursos\/wp-json\/wp\/v2\/posts\/271410","targetHints":{"allow":["GET"]}}],"collection":[{"href":"https:\/\/www.agrobase.com.br\/concursos\/wp-json\/wp\/v2\/posts"}],"about":[{"href":"https:\/\/www.agrobase.com.br\/concursos\/wp-json\/wp\/v2\/types\/post"}],"author":[{"embeddable":true,"href":"https:\/\/www.agrobase.com.br\/concursos\/wp-json\/wp\/v2\/users\/7"}],"replies":[{"embeddable":true,"href":"https:\/\/www.agrobase.com.br\/concursos\/wp-json\/wp\/v2\/comments?post=271410"}],"version-history":[{"count":2,"href":"https:\/\/www.agrobase.com.br\/concursos\/wp-json\/wp\/v2\/posts\/271410\/revisions"}],"predecessor-version":[{"id":271414,"href":"https:\/\/www.agrobase.com.br\/concursos\/wp-json\/wp\/v2\/posts\/271410\/revisions\/271414"}],"wp:featuredmedia":[{"embeddable":true,"href":"https:\/\/www.agrobase.com.br\/concursos\/wp-json\/wp\/v2\/media\/271409"}],"wp:attachment":[{"href":"https:\/\/www.agrobase.com.br\/concursos\/wp-json\/wp\/v2\/media?parent=271410"}],"wp:term":[{"taxonomy":"category","embeddable":true,"href":"https:\/\/www.agrobase.com.br\/concursos\/wp-json\/wp\/v2\/categories?post=271410"},{"taxonomy":"post_tag","embeddable":true,"href":"https:\/\/www.agrobase.com.br\/concursos\/wp-json\/wp\/v2\/tags?post=271410"},{"taxonomy":"_amplo","embeddable":true,"href":"https:\/\/www.agrobase.com.br\/concursos\/wp-json\/wp\/v2\/_amplo?post=271410"},{"taxonomy":"destaque","embeddable":true,"href":"https:\/\/www.agrobase.com.br\/concursos\/wp-json\/wp\/v2\/destaque?post=271410"},{"taxonomy":"instituicoes","embeddable":true,"href":"https:\/\/www.agrobase.com.br\/concursos\/wp-json\/wp\/v2\/instituicoes?post=271410"}],"curies":[{"name":"wp","href":"https:\/\/api.w.org\/{rel}","templated":true}]}}