{"id":271306,"date":"2025-09-16T08:31:40","date_gmt":"2025-09-16T11:31:40","guid":{"rendered":"https:\/\/www.agrobase.com.br\/concursos\/?p=271306"},"modified":"2025-09-15T15:33:06","modified_gmt":"2025-09-15T18:33:06","slug":"prefeitura-florianopolis-sc-selecao-simplificada-16-2025","status":"publish","type":"post","link":"https:\/\/www.agrobase.com.br\/concursos\/2025\/prefeitura-florianopolis-sc-selecao-simplificada-16-2025\/","title":{"rendered":"Prefeitura Florian\u00f3polis (SC) &#8211; Sele\u00e7\u00e3o Simplificada 16\/2025"},"content":{"rendered":"<h2>Informa\u00e7\u00f5es Gerais<\/h2>\n<p>A Prefeitura Municipal de Florian\u00f3polis, atrav\u00e9s da Secretaria Municipal de Educa\u00e7\u00e3o, publicou o edital para o Processo Seletivo Emergencial Simplificado de Substitutos. Organizado pelo Instituto Brasileiro de Apoio e Desenvolvimento Executivo (IBADE), o certame visa formar cadastro reserva para contrata\u00e7\u00e3o de profissionais tempor\u00e1rios para o ano letivo de 2025. As oportunidades abrangem os n\u00edveis m\u00e9dio\/t\u00e9cnico e superior, com vagas para as \u00e1reas de educa\u00e7\u00e3o, incluindo cargos como Professor, Professor Auxiliar, Administrador Escolar, Orientador Educacional, Supervisor Escolar e Auxiliar de Sala.<\/p>\n<p>O processo seletivo \u00e9 uma excelente oportunidade para profissionais da educa\u00e7\u00e3o que buscam uma coloca\u00e7\u00e3o tempor\u00e1ria na rede municipal. <strong>Destaca-se que h\u00e1 oportunidades para graduados em Biologia e Ci\u00eancias Biol\u00f3gicas<\/strong>, que podem concorrer aos cargos de Professor Auxiliar de Atividades de Ci\u00eancias e Professor de Ci\u00eancias. Continue a leitura para obter informa\u00e7\u00f5es detalhadas sobre as inscri\u00e7\u00f5es, etapas e o cronograma completo do certame.<\/p>\n<h2>Inscri\u00e7\u00f5es<\/h2>\n<p>As inscri\u00e7\u00f5es para o processo seletivo da Prefeitura de Florian\u00f3polis est\u00e3o abertas e devem ser realizadas exclusivamente pela internet, no site da banca organizadora IBADE. O per\u00edodo para se inscrever inicia \u00e0s <strong>10h do dia 11 de setembro de 2025<\/strong> e se encerra \u00e0s <strong>16h do dia 26 de setembro de 2025<\/strong> (hor\u00e1rio de Bras\u00edlia).<\/p>\n<p>Os valores da taxa de inscri\u00e7\u00e3o s\u00e3o:<\/p>\n<ul>\n<li><strong>R$ 70,00<\/strong> para o cargo de Auxiliar de Sala.<\/li>\n<li><strong>R$ 87,00<\/strong> para os cargos de Professor, Professor Auxiliar, Administrador Escolar, Orientador Educacional e Supervisor Escolar.<\/li>\n<\/ul>\n<p>Candidatos que se enquadram nos crit\u00e9rios estabelecidos em lei, como inscritos no Cad\u00danico, doadores de sangue ou de medula \u00f3ssea (REDOME), podem solicitar a isen\u00e7\u00e3o do pagamento da taxa entre os dias 11 e 15 de setembro de 2025, seguindo as orienta\u00e7\u00f5es do edital. O pagamento da taxa deve ser feito por meio de boleto banc\u00e1rio, gerado no ato da inscri\u00e7\u00e3o. \u00c9 fundamental que o candidato acompanhe o status de sua inscri\u00e7\u00e3o e demais comunicados na \u00e1rea restrita do site da banca. Para conhecer todos os detalhes e procedimentos, a leitura completa do edital \u00e9 indispens\u00e1vel.<\/p>\n<h2>Etapas e Provas<\/h2>\n<p>A sele\u00e7\u00e3o dos candidatos para este Processo Seletivo Simplificado ser\u00e1 realizada em <strong>etapa \u00fanica<\/strong>, que consiste em uma Prova de T\u00edtulos de car\u00e1ter exclusivamente <em>classificat\u00f3rio<\/em>. Nesta fase, ser\u00e3o avaliados os documentos que comprovem a forma\u00e7\u00e3o acad\u00eamica e a qualifica\u00e7\u00e3o profissional dos inscritos.<\/p>\n<p>Os candidatos dever\u00e3o enviar a documenta\u00e7\u00e3o necess\u00e1ria para a avalia\u00e7\u00e3o at\u00e9 as 16h do \u00faltimo dia de inscri\u00e7\u00e3o. Os documentos aceitos incluem:<\/p>\n<ul>\n<li><strong>Forma\u00e7\u00e3o:<\/strong> Certificados ou diplomas de conclus\u00e3o de Ensino M\u00e9dio (Magist\u00e9rio) e Licenciatura.<\/li>\n<li><strong>P\u00f3s-gradua\u00e7\u00e3o:<\/strong> Certificados de especializa\u00e7\u00e3o e diplomas de mestrado e doutorado.<\/li>\n<li><strong>Cursos de Forma\u00e7\u00e3o:<\/strong> Comprovantes de cursos na \u00e1rea da educa\u00e7\u00e3o.<\/li>\n<\/ul>\n<p>A entrega dos t\u00edtulos pode ser feita de duas formas: online, por meio de upload no site do IBADE, ou presencialmente no posto de atendimento em Florian\u00f3polis. A pontua\u00e7\u00e3o final de cada candidato ser\u00e1 a soma dos pontos atribu\u00eddos aos t\u00edtulos apresentados, conforme os crit\u00e9rios estabelecidos no edital. Para obter informa\u00e7\u00f5es detalhadas sobre os documentos aceitos, a pontua\u00e7\u00e3o de cada t\u00edtulo e as regras de envio, \u00e9 essencial consultar o edital completo.<\/p>\n<h2>Resultados e Gabarito<\/h2>\n<p>O resultado final do processo seletivo ser\u00e1 divulgado no site do IBADE e publicado em tr\u00eas listagens distintas: uma lista geral com a classifica\u00e7\u00e3o de todos os candidatos habilitados, uma lista espec\u00edfica para candidatos inscritos como pessoas com defici\u00eancia e outra para os candidatos que concorrem \u00e0s vagas reservadas para pessoas negras. As datas de publica\u00e7\u00e3o dos resultados preliminares e finais seguir\u00e3o o cronograma oficial do certame.<\/p>\n<p>Os crit\u00e9rios de desempate, caso ocorra igualdade na pontua\u00e7\u00e3o final, ser\u00e3o aplicados na seguinte ordem: primeiro, para candidatos com idade igual ou superior a 60 anos, conforme o Estatuto do Idoso; para os demais, ter\u00e1 prefer\u00eancia o candidato com maior pontua\u00e7\u00e3o na Prova de T\u00edtulos, seguido pelo candidato de maior idade e, por fim, com maior tempo de atua\u00e7\u00e3o na rede municipal de ensino de Florian\u00f3polis. Ap\u00f3s a divulga\u00e7\u00e3o do resultado final, o processo ser\u00e1 homologado, e os candidatos aprovados dever\u00e3o aguardar a convoca\u00e7\u00e3o para a entrega dos documentos de admiss\u00e3o.<\/p>\n<p>\u00c9 de responsabilidade exclusiva do candidato acompanhar todas as publica\u00e7\u00f5es oficiais, incluindo resultados, convoca\u00e7\u00f5es e eventuais retifica\u00e7\u00f5es, no site da banca organizadora, o IBADE.<\/p>\n","protected":false},"excerpt":{"rendered":"<p>Sel. Simplificada Pref. Florian\u00f3polis (SC) com edital publicado! Vagas p\/ Professor e Auxiliar (M\u00e9dio\/Sup.). Inscri\u00e7\u00f5es a partir de 11\/09. Confira detalhes!<\/p>\n","protected":false},"author":7,"featured_media":271305,"comment_status":"open","ping_status":"open","sticky":false,"template":"","format":"standard","meta":{"_acf_changed":false,"_breakdance_hide_in_design_set":false,"_breakdance_tags":"","footnotes":""},"categories":[145,140,6433,6436,20,6871,116,119,25,6435],"tags":[61],"_amplo":[],"destaque":[],"instituicoes":[],"class_list":["post-271306","post","type-post","status-publish","format-standard","has-post-thumbnail","hentry","category-artes-cenicas","category-artes-plasticas","category-biologia-licenciatura","category-fisica-licenciatura","category-letras","category-letras-ingles","category-matematica","category-musica","category-pedagogia","category-quimica-licenciatura","tag-santa-catarina"],"acf":{"_tipo_vagas":"vagas","_numero_vagas":"","_quadro_vagas":"","_cargos":"diversos","_cargos_especificos":"","_salario_max":"R$ 5750.45","_abertura":"20250911","_encerramento":"20250926","_inscricoes":"http:\/\/www.ibade.org.br","_executora_concurso":"","_instituicao_concurso":[],"_link_adicional":null,"_anexos":null,"_produtos":null,"_vagas":"CR","_salario_min":"R$ 1272.49","_instituicao":"Prefeitura de Florian\u00f3polis","_edital":"https:\/\/www.agrobase.com.br\/concursos\/wp-content\/uploads\/sites\/4\/2025\/09\/edital-16-2025-prefeitura-de-florianopolis-sc.pdf","_anexos_edital":"https:\/\/www.agrobase.com.br\/concursos\/wp-content\/uploads\/sites\/4\/2025\/09\/anexos-edital-16-2025-prefeitura-de-florianopolis-sc.pdf","_fund_incompleto":"","_fund_completo":"","_medio":"<div>\r\n<table class=\"quadro\">\r\n<thead>\r\n<tr>\r\n<th class=\"hcargo\">Cargo<\/th>\r\n<th class=\"hvagas\">Vagas<\/th>\r\n<th class=\"hremuneracao\">Remunera\u00e7\u00e3o<\/th>\r\n<\/tr>\r\n<\/thead>\r\n    <tbody>\r\n      <td class=\"ccargos\">\r\n<span data-balloon-length=\"medium\" aria-label=\"Gradua\u00e7\u00e3o no curso de Licenciatura em Pedagogia; Forma\u00e7\u00e3o no Normal Superior (Resolu\u00e7\u00e3o CP n.\u00ba 1, de 30 de setembro de 1999); ou Forma\u00e7\u00e3o no Ensino M\u00e9dio em Magist\u00e9rio; ou Estudante da 5\u00aa fase em diante ou certid\u00e3o que comprove a conclus\u00e3o de, no m\u00ednimo, 50% do curso de gradua\u00e7\u00e3o em Licenciatura em Pedagogia.\" data-balloon-pos=\"up\">A01 - Auxiliar de Sala<\/span><\/td>\r\n<td class=\"cvagas\">CR<\/td>\r\n<td class=\"cremuneracao\">R$ 2.931,06 \/30h<\/td>\r\n<\/tr><td class=\"ccargos\">\r\n<span data-balloon-length=\"medium\" aria-label=\"Gradua\u00e7\u00e3o no curso de Licenciatura em Pedagogia com habilita\u00e7\u00e3o para doc\u00eancia em Educa\u00e7\u00e3o Infantil; Forma\u00e7\u00e3o no Normal Superior com habilita\u00e7\u00e3o para doc\u00eancia em Educa\u00e7\u00e3o Infantil; Forma\u00e7\u00e3o no ensino m\u00e9dio em Magist\u00e9rio com habilita\u00e7\u00e3o para doc\u00eancia em Educa\u00e7\u00e3o Infantil.\" data-balloon-pos=\"up\">P03 - Professor Auxiliar de Educa\u00e7\u00e3o Infantil<\/span><\/td>\r\n<td class=\"cvagas\">CR<\/td>\r\n<td class=\"cremuneracao\">R$ 5.089,96 \/40h<\/td>\r\n<\/tr><td class=\"ccargos\">\r\n<span data-balloon-length=\"medium\" aria-label=\"Gradua\u00e7\u00e3o no curso de Licenciatura em Pedagogia com habilita\u00e7\u00e3o para doc\u00eancia em anos iniciais do ensino fundamental; Forma\u00e7\u00e3o no Normal Superior com habilita\u00e7\u00e3o para doc\u00eancia em anos iniciais do ensino fundamental; Forma\u00e7\u00e3o no ensino m\u00e9dio em Magist\u00e9rio com habilita\u00e7\u00e3o para doc\u00eancia em anos iniciais do ensino fundamental.\" data-balloon-pos=\"up\">P04 - Professor Auxiliar de Ensino Fundamental<\/span><\/td>\r\n<td class=\"cvagas\">CR<\/td>\r\n<td class=\"cremuneracao\">R$ 5.089,96 \/40h<\/td>\r\n<\/tr><td class=\"ccargos\">\r\n<span data-balloon-length=\"medium\" aria-label=\"Gradua\u00e7\u00e3o no curso de Licenciatura em Letras, com habilita\u00e7\u00e3o em L\u00edngua Brasileira de Sinais (LIBRAS); ou Gradua\u00e7\u00e3o no curso de Licenciatura em Pedagogia Bil\u00edngue; ou Gradua\u00e7\u00e3o nos cursos de Licenciaturas e p\u00f3s-gradua\u00e7\u00e3o em LIBRAS ou Educa\u00e7\u00e3o de Surdos, com carga hor\u00e1ria m\u00ednima de 360 horas; ou Gradua\u00e7\u00e3o nos cursos de Licenciaturas com curso complementar em LIBRAS Avan\u00e7ado (bacharel, educa\u00e7\u00e3o profissional ou extens\u00e3o universit\u00e1ria) com, no m\u00ednimo, 360 horas. Estudante da 5\u00aa fase em diante ou certid\u00e3o que comprove a conclus\u00e3o de, no m\u00ednimo, 50% do curso de Licenciatura em L\u00edngua Brasileira de Sinais (LIBRAS) ou Licenciatura em Letras, com habilita\u00e7\u00e3o em L\u00edngua Brasileira de Sinais (LIBRAS) ou Licenciatura em Pedagogia Bil\u00edngue, com carga hor\u00e1ria m\u00ednima total de 360 horas em cursos de LIBRAS. Forma\u00e7\u00e3o no Ensino M\u00e9dio em Magist\u00e9rio, com curso complementar em LIBRAS Avan\u00e7ado (bacharel, educa\u00e7\u00e3o profissional ou extens\u00e3o universit\u00e1ria) com, no m\u00ednimo, 360 horas. (*) Em todas as forma\u00e7\u00f5es o candidato dever\u00e1 ser ouvinte e ter dom\u00ednio e flu\u00eancia em L\u00edngua Brasileira de Sinais (LIBRAS) (comprovado por banca examinadora).\" data-balloon-pos=\"up\">P06 - Professor Auxiliar Int\u00e9rprete Educacional<\/span><\/td>\r\n<td class=\"cvagas\">CR<\/td>\r\n<td class=\"cremuneracao\">R$ 5.089,96 \/40h<\/td>\r\n<\/tr><td class=\"ccargos\">\r\n<span data-balloon-length=\"medium\" aria-label=\"Gradua\u00e7\u00e3o no curso de Licenciatura em Pedagogia com habilita\u00e7\u00e3o para doc\u00eancia em anos iniciais do ensino fundamental; Forma\u00e7\u00e3o no Normal Superior com habilita\u00e7\u00e3o para doc\u00eancia em anos iniciais do ensino fundamental; Forma\u00e7\u00e3o no ensino m\u00e9dio em Magist\u00e9rio com habilita\u00e7\u00e3o para doc\u00eancia em anos iniciais do ensino fundamental.\" data-balloon-pos=\"up\">P07 - Professor de Anos Iniciais<\/span><\/td>\r\n<td class=\"cvagas\">CR<\/td>\r\n<td class=\"cremuneracao\">R$ 5.089,96 \/40h<\/td>\r\n<\/tr><td class=\"ccargos\">\r\n<span data-balloon-length=\"medium\" aria-label=\"Gradua\u00e7\u00e3o no curso de Licenciatura em Pedagogia com habilita\u00e7\u00e3o para doc\u00eancia em Educa\u00e7\u00e3o Infantil; Forma\u00e7\u00e3o no Normal Superior com habilita\u00e7\u00e3o para doc\u00eancia em Educa\u00e7\u00e3o Infantil; Forma\u00e7\u00e3o no ensino m\u00e9dio em Magist\u00e9rio com habilita\u00e7\u00e3o para doc\u00eancia em Educa\u00e7\u00e3o Infantil.\" data-balloon-pos=\"up\">P15 - Professor de Educa\u00e7\u00e3o Infantil<\/span><\/td>\r\n<td class=\"cvagas\">CR<\/td>\r\n<td class=\"cremuneracao\">R$ 5.089,96 \/40h<\/td>\r\n<\/tr><td class=\"ccargos\">\r\n<span data-balloon-length=\"medium\" aria-label=\"Gradua\u00e7\u00e3o nos cursos de Licenciatura em Letras, com habilita\u00e7\u00e3o em L\u00edngua Brasileira de Sinais (LIBRAS) ou Licenciatura em Pedagogia Bil\u00edngue; Gradua\u00e7\u00e3o nos cursos de Licenciaturas e p\u00f3s-gradua\u00e7\u00e3o com, no m\u00ednimo, 360 horas, em LIBRAS ou Educa\u00e7\u00e3o de Surdos; Gradua\u00e7\u00e3o nos cursos de Licenciaturas, com curso complementar em LIBRAS Avan\u00e7ado (bacharel, educa\u00e7\u00e3o profissional ou extens\u00e3o universit\u00e1ria) com, no m\u00ednimo, 360 horas. Estudante da 5\u00aa fase em diante ou certid\u00e3o que comprove a conclus\u00e3o de, no m\u00ednimo, 50% do curso de Licenciatura em L\u00edngua Brasileira de Sinais (LIBRAS) ou Licenciatura em Letras, com habilita\u00e7\u00e3o em L\u00edngua Brasileira de Sinais (LIBRAS) ou Licenciatura em Pedagogia Bil\u00edngue, com carga hor\u00e1ria m\u00ednima total de 360 horas em cursos de LIBRAS. Forma\u00e7\u00e3o no Ensino M\u00e9dio em Magist\u00e9rio, com curso complementar em LIBRAS Avan\u00e7ado (bacharel, educa\u00e7\u00e3o profissional ou extens\u00e3o universit\u00e1ria) com, no m\u00ednimo, 360 horas.\" data-balloon-pos=\"up\">P20 - Professor de LIBRAS (L\u00edngua Brasileira de Sinais)<\/span><\/td>\r\n<td class=\"cvagas\">CR<\/td>\r\n<td class=\"cremuneracao\">R$ 5.089,96 \/40h<\/td>\r\n<\/tr>\r\n    <\/tbody>\r\n  <\/table>\r\n<\/div>","_superior":"<div>\r\n<table class=\"quadro\">\r\n<thead>\r\n<tr>\r\n<th class=\"hcargo\">Cargo<\/th>\r\n<th class=\"hvagas\">Vagas<\/th>\r\n<th class=\"hremuneracao\">Remunera\u00e7\u00e3o<\/th>\r\n<\/tr>\r\n<\/thead>\r\n    <tbody>\r\n      <tr>\r\n<td class=\"ccargos\">\r\n<span data-balloon-length=\"medium\" aria-label=\"Gradua\u00e7\u00e3o no curso de Licenciatura em: Ci\u00eancias, Ci\u00eancias Biol\u00f3gicas, Biologia, F\u00edsica ou Qu\u00edmica; Licenciatura em Educa\u00e7\u00e3o do Campo; Estudante da 5\u00aa fase em diante ou certid\u00e3o que comprove a conclus\u00e3o de, no m\u00ednimo, 50% do curso de gradua\u00e7\u00e3o em Licenciatura Ci\u00eancias, Ci\u00eancias Biol\u00f3gicas, Biologia, F\u00edsica ou Qu\u00edmica;\" data-balloon-pos=\"up\">P01 - Professor Auxiliar de Atividades de Ci\u00eancias<\/span><\/td>\r\n<td class=\"cvagas\">CR<\/td>\r\n<td class=\"cremuneracao\">R$ 5.220,47 \/40h<\/td>\r\n<\/tr><tr>\r\n<td class=\"ccargos\">\r\n<span data-balloon-length=\"medium\" aria-label=\"Gradua\u00e7\u00e3o no curso de Licenciatura em Pedagogia com habilita\u00e7\u00e3o em Tecnologia Educacional; ou, Gradua\u00e7\u00e3o nos cursos de Licenciaturas e p\u00f3s-gradua\u00e7\u00e3o em M\u00eddia ou Comunica\u00e7\u00e3o e Educa\u00e7\u00e3o ou Tecnologia e Educa\u00e7\u00e3o ou Educa\u00e7\u00e3o a Dist\u00e2ncia; ou\" data-balloon-pos=\"up\">P05 - Professor Auxiliar de Tecnologia Educacional<\/span><\/td>\r\n<td class=\"cvagas\">CR<\/td>\r\n<td class=\"cremuneracao\">R$ 5.220,47 \/40h<\/td>\r\n<\/tr><tr>\r\n<td class=\"ccargos\">\r\n<span data-balloon-length=\"medium\" aria-label=\"Gradua\u00e7\u00e3o no curso de Licenciatura em Artes C\u00eanicas e\/ou Teatro; Gradua\u00e7\u00e3o no curso de Licenciatura em Artes com habilita\u00e7\u00e3o em Artes C\u00eanicas e\/ou Teatro; Gradua\u00e7\u00e3o no curso de Licenciatura em Educa\u00e7\u00e3o Art\u00edstica com habilita\u00e7\u00e3o em Artes C\u00eanicas e\/ou Teatro; Estudante da 5\u00aa fase em diante ou certid\u00e3o que comprove a conclus\u00e3o de, no m\u00ednimo, 50% do curso de Licenciatura em Artes C\u00eanicas e\/ou Teatro ou Licenciatura em Artes com habilita\u00e7\u00e3o em Artes C\u00eanicas e\/ou Teatro ou Licenciatura em Educa\u00e7\u00e3o Art\u00edstica com habilita\u00e7\u00e3o em Artes C\u00eanicas e\/ou Teatro.\" data-balloon-pos=\"up\">P08 - Professor de Artes C\u00eanicas e\/ou Teatro<\/span><\/td>\r\n<td class=\"cvagas\">CR<\/td>\r\n<td class=\"cremuneracao\">R$ 5.220,47 \/40h<\/td>\r\n<\/tr><tr>\r\n<td class=\"ccargos\">\r\n<span data-balloon-length=\"medium\" aria-label=\"Gradua\u00e7\u00e3o no curso de Licenciatura em M\u00fasica; Gradua\u00e7\u00e3o no curso de Licenciatura em Artes com habilita\u00e7\u00e3o em M\u00fasica; Gradua\u00e7\u00e3o no curso de Licenciatura em Educa\u00e7\u00e3o Art\u00edstica com habilita\u00e7\u00e3o em M\u00fasica; Estudante da 5\u00aa fase em diante ou certid\u00e3o que comprove a conclus\u00e3o de, no m\u00ednimo, 50% do curso de Licenciatura em M\u00fasica ou Licenciatura em Artes com habilita\u00e7\u00e3o em M\u00fasica ou Licenciatura em Educa\u00e7\u00e3o Art\u00edstica com habilita\u00e7\u00e3o em M\u00fasica.\" data-balloon-pos=\"up\">P09 - Professor de Artes M\u00fasica<\/span><\/td>\r\n<td class=\"cvagas\">CR<\/td>\r\n<td class=\"cremuneracao\">R$ 5.220,47 \/40h<\/td>\r\n<\/tr><tr>\r\n<td class=\"ccargos\">\r\n<span data-balloon-length=\"medium\" aria-label=\"Gradua\u00e7\u00e3o no curso de Licenciatura em Artes Pl\u00e1sticas ou Artes Visuais; Gradua\u00e7\u00e3o no curso de Artes com habilita\u00e7\u00e3o em Artes Pl\u00e1sticas ou Artes Visuais; Gradua\u00e7\u00e3o no curso de Licenciatura em Educa\u00e7\u00e3o Art\u00edstica com habilita\u00e7\u00e3o em Artes Pl\u00e1sticas ou Artes Visuais; Estudante da 5\u00aa fase em diante ou certid\u00e3o que comprove a conclus\u00e3o de, no m\u00ednimo, 50% do curso de Licenciatura em Artes Pl\u00e1sticas ou Artes Visuais ou Licenciatura em Artes com habilita\u00e7\u00e3o em Artes Pl\u00e1sticas ou Artes Visuais ou Licenciatura em Educa\u00e7\u00e3o Art\u00edstica com habilita\u00e7\u00e3o em Artes Pl\u00e1sticas ou Artes Visuais.\" data-balloon-pos=\"up\">P10 - Professor de Artes Pl\u00e1sticas e\/ou Visuais<\/span><\/td>\r\n<td class=\"cvagas\">CR<\/td>\r\n<td class=\"cremuneracao\">R$ 5.220,47 \/40h<\/td>\r\n<\/tr><tr>\r\n<td class=\"ccargos\">\r\n<span data-balloon-length=\"medium\" aria-label=\"Gradua\u00e7\u00e3o no curso de Licenciatura em Ci\u00eancias ou Ci\u00eancias Biol\u00f3gicas ou Ci\u00eancias da Natureza; Estudante da 5\u00aa fase em diante ou certid\u00e3o que comprove a conclus\u00e3o de, no m\u00ednimo, 50% do curso de gradua\u00e7\u00e3o em Licenciatura em Ci\u00eancias ou Ci\u00eancias Biol\u00f3gicas ou Ci\u00eancias da Natureza.\" data-balloon-pos=\"up\">P11 - Professor de Ci\u00eancias<\/span><\/td>\r\n<td class=\"cvagas\">CR<\/td>\r\n<td class=\"cremuneracao\">R$ 5.220,47 \/40h<\/td>\r\n<\/tr><tr>\r\n<td class=\"ccargos\">\r\n<span data-balloon-length=\"medium\" aria-label=\"Gradua\u00e7\u00e3o no curso de Licenciatura em Dan\u00e7a; Gradua\u00e7\u00e3o no curso de Licenciatura em Artes ou Educa\u00e7\u00e3o Art\u00edstica ou Educa\u00e7\u00e3o F\u00edsica e cursos complementares (educa\u00e7\u00e3o profissional ou extens\u00e3o universit\u00e1ria), totalizando no m\u00ednimo, 200 horas em Dan\u00e7a; Gradua\u00e7\u00e3o nos cursos de Licenciatura em Artes ou Educa\u00e7\u00e3o Art\u00edstica ou Educa\u00e7\u00e3o F\u00edsica e P\u00f3s-Gradua\u00e7\u00e3o em Dan\u00e7a; Estudante da 5\u00aa fase em diante ou certid\u00e3o que comprove a conclus\u00e3o de, no m\u00ednimo, 50% do curso de Licenciatura em Dan\u00e7a.\" data-balloon-pos=\"up\">P12 - Professor de Dan\u00e7a<\/span><\/td>\r\n<td class=\"cvagas\">CR<\/td>\r\n<td class=\"cremuneracao\">R$ 5.220,47 \/40h<\/td>\r\n<\/tr><tr>\r\n<td class=\"ccargos\">\r\n<span data-balloon-length=\"medium\" aria-label=\"Gradua\u00e7\u00e3o no curso de Licenciatura em Educa\u00e7\u00e3o Especial; Gradua\u00e7\u00e3o no curso de Licenciatura em Pedagogia, com habilita\u00e7\u00e3o em Educa\u00e7\u00e3o Especial ou Atendimento Educacional Especializado (Formados em curso estruturado em curr\u00edculo anterior a vig\u00eancia da Resolu\u00e7\u00e3o CNE\/CP n\u00ba 1\/2006); Gradua\u00e7\u00e3o nos cursos de Licenciatura em Pedagogia e curso de p\u00f3s-gradua\u00e7\u00e3o em Educa\u00e7\u00e3o Especial ou Atendimento Educacional Especializado, com carga hor\u00e1ria m\u00ednima de 360 horas. Estudante da 5\u00aa fase em diante ou certid\u00e3o que comprove a conclus\u00e3o de, no m\u00ednimo, 50% do curso de Licenciatura em Educa\u00e7\u00e3o Especial.\" data-balloon-pos=\"up\">P13 - Professor de Educa\u00e7\u00e3o Especial (Sala Multimeios)<\/span><\/td>\r\n<td class=\"cvagas\">CR<\/td>\r\n<td class=\"cremuneracao\">R$ 5.220,47 \/40h<\/td>\r\n<\/tr><tr>\r\n<td class=\"ccargos\">\r\n<span data-balloon-length=\"medium\" aria-label=\"Gradua\u00e7\u00e3o no curso de Licenciatura em Ingl\u00eas (L\u00edngua Inglesa); Gradua\u00e7\u00e3o no curso de Licenciatura em Letras, com habilita\u00e7\u00e3o em ingl\u00eas (L\u00edngua Inglesa); Gradua\u00e7\u00e3o no curso de Licenciatura em Letras, com habilita\u00e7\u00e3o em portugu\u00eas e Ingl\u00eas (L\u00edngua Nacional e L\u00edngua Inglesa); Estudante da 5\u00aa fase em diante ou certid\u00e3o que comprove a conclus\u00e3o de, no m\u00ednimo, 50% do curso de Licenciatura em Ingl\u00eas (L\u00edngua Inglesa) ou Licenciatura em Letras, com habilita\u00e7\u00e3o Ingl\u00eas ou em portugu\u00eas e Ingl\u00eas (L\u00edngua Nacional e L\u00edngua Inglesa).\" data-balloon-pos=\"up\">P19 - Professor de Ingl\u00eas<\/span><\/td>\r\n<td class=\"cvagas\">CR<\/td>\r\n<td class=\"cremuneracao\">R$ 5.220,47 \/40h<\/td>\r\n<\/tr><tr>\r\n<td class=\"ccargos\">\r\n<span data-balloon-length=\"medium\" aria-label=\"Gradua\u00e7\u00e3o no curso de Licenciatura em Matem\u00e1tica; Estudante da 5\u00aa fase em diante ou certid\u00e3o que comprove a conclus\u00e3o de, no m\u00ednimo, 50% do curso de Licenciatura em Matem\u00e1tica.\" data-balloon-pos=\"up\">P21 - Professor de Matem\u00e1tica<\/span><\/td>\r\n<td class=\"cvagas\">CR<\/td>\r\n<td class=\"cremuneracao\">R$ 5.220,47 \/40h<\/td>\r\n<\/tr><tr>\r\n<td class=\"ccargos\">\r\n<span data-balloon-length=\"medium\" aria-label=\"Gradua\u00e7\u00e3o no curso de Licenciatura em portugu\u00eas (L\u00edngua Nacional); Gradua\u00e7\u00e3o no curso de Licenciatura em Letras, com habilita\u00e7\u00e3o em portugu\u00eas (L\u00edngua Nacional); Gradua\u00e7\u00e3o no curso de Licenciatura em Letras, com habilita\u00e7\u00e3o em portugu\u00eas e Ingl\u00eas (L\u00edngua Nacional e L\u00edngua Inglesa); Estudante da 5\u00aa fase em diante ou certid\u00e3o que comprove a conclus\u00e3o de, no m\u00ednimo, 50% do curso de Licenciatura em portugu\u00eas (L\u00edngua Nacional) ou Licenciatura em Letras, com habilita\u00e7\u00e3o em portugu\u00eas (L\u00edngua Nacional) ou Licenciatura em Letras, com habilita\u00e7\u00e3o em portugu\u00eas e Ingl\u00eas (L\u00edngua Nacional e L\u00edngua Inglesa).\" data-balloon-pos=\"up\">P22 - Professor de Portugu\u00eas<\/span><\/td>\r\n<td class=\"cvagas\">CR<\/td>\r\n<td class=\"cremuneracao\">R$ 5.220,47 \/40h<\/td>\r\n<\/tr><tr>\r\n<td class=\"ccargos\">\r\n<span data-balloon-length=\"medium\" aria-label=\"Gradua\u00e7\u00e3o no curso de Licenciatura em portugu\u00eas e Ingl\u00eas (L\u00edngua Nacional e L\u00edngua Inglesa); Gradua\u00e7\u00e3o no curso de Licenciatura em Letras, com habilita\u00e7\u00e3o em portugu\u00eas e Ingl\u00eas (L\u00edngua Nacional e L\u00edngua Inglesa); Estudante da 5\u00aa fase em diante ou certid\u00e3o que comprove a conclus\u00e3o de, no m\u00ednimo, 50% do curso de Licenciatura em portugu\u00eas e Ingl\u00eas (L\u00edngua Nacional e L\u00edngua Inglesa) ou Licenciatura em Letras, com habilita\u00e7\u00e3o em portugu\u00eas e Ingl\u00eas (L\u00edngua Nacional e L\u00edngua Inglesa).\" data-balloon-pos=\"up\">P23 - Professor de Portugu\u00eas e Ingl\u00eas<\/span><\/td>\r\n<td class=\"cvagas\">CR<\/td>\r\n<td class=\"cremuneracao\">R$ 5.220,47 \/40h<\/td>\r\n<\/tr><tr>\r\n<td class=\"ccargos\">\r\n<span data-balloon-length=\"medium\" aria-label=\"Gradua\u00e7\u00e3o no curso de Licenciatura em Pedagogia, com habilita\u00e7\u00e3o em Orientador Educacional (Formados com base em curr\u00edculo anterior a vig\u00eancia da Resolu\u00e7\u00e3o CNE\/CP n\u00ba 1\/2006); ou, Gradua\u00e7\u00e3o no curso de Licenciatura em Pedagogia e curso de p\u00f3s-gradua\u00e7\u00e3o espec\u00edfico em Orientador Educacional. (Formados com base no curr\u00edculo da Resolu\u00e7\u00e3o CNE\/CP n\u00ba 1\/2006).\" data-balloon-pos=\"up\">P25 - Orientador Educacional<\/span><\/td>\r\n<td class=\"cvagas\">CR<\/td>\r\n<td class=\"cremuneracao\">R$ 4.745,88 \/40h<\/td>\r\n<\/tr><tr>\r\n<td class=\"ccargos\">\r\n<span data-balloon-length=\"medium\" aria-label=\"Gradua\u00e7\u00e3o no curso de Licenciatura em Pedagogia, com habilita\u00e7\u00e3o em Supervisor Escolar (Formados com base em curr\u00edculo anterior a vig\u00eancia da Resolu\u00e7\u00e3o CNE\/CP n\u00ba 1\/2006); ou, Gradua\u00e7\u00e3o no curso de Licenciatura em Pedagogia e curso de p\u00f3s-gradua\u00e7\u00e3o espec\u00edfico em Supervisor Escolar. (Formados com base no curr\u00edculo da Resolu\u00e7\u00e3o CNE\/CP n\u00ba 1\/2006).\" data-balloon-pos=\"up\">P26 - Supervisor Escolar<\/span><\/td>\r\n<td class=\"cvagas\">CR<\/td>\r\n<td class=\"cremuneracao\">R$ 4.745,88 \/40h<\/td>\r\n<\/tr>\r\n    <\/tbody>\r\n  <\/table>\r\n<\/div>"},"_links":{"self":[{"href":"https:\/\/www.agrobase.com.br\/concursos\/wp-json\/wp\/v2\/posts\/271306","targetHints":{"allow":["GET"]}}],"collection":[{"href":"https:\/\/www.agrobase.com.br\/concursos\/wp-json\/wp\/v2\/posts"}],"about":[{"href":"https:\/\/www.agrobase.com.br\/concursos\/wp-json\/wp\/v2\/types\/post"}],"author":[{"embeddable":true,"href":"https:\/\/www.agrobase.com.br\/concursos\/wp-json\/wp\/v2\/users\/7"}],"replies":[{"embeddable":true,"href":"https:\/\/www.agrobase.com.br\/concursos\/wp-json\/wp\/v2\/comments?post=271306"}],"version-history":[{"count":2,"href":"https:\/\/www.agrobase.com.br\/concursos\/wp-json\/wp\/v2\/posts\/271306\/revisions"}],"predecessor-version":[{"id":271310,"href":"https:\/\/www.agrobase.com.br\/concursos\/wp-json\/wp\/v2\/posts\/271306\/revisions\/271310"}],"wp:featuredmedia":[{"embeddable":true,"href":"https:\/\/www.agrobase.com.br\/concursos\/wp-json\/wp\/v2\/media\/271305"}],"wp:attachment":[{"href":"https:\/\/www.agrobase.com.br\/concursos\/wp-json\/wp\/v2\/media?parent=271306"}],"wp:term":[{"taxonomy":"category","embeddable":true,"href":"https:\/\/www.agrobase.com.br\/concursos\/wp-json\/wp\/v2\/categories?post=271306"},{"taxonomy":"post_tag","embeddable":true,"href":"https:\/\/www.agrobase.com.br\/concursos\/wp-json\/wp\/v2\/tags?post=271306"},{"taxonomy":"_amplo","embeddable":true,"href":"https:\/\/www.agrobase.com.br\/concursos\/wp-json\/wp\/v2\/_amplo?post=271306"},{"taxonomy":"destaque","embeddable":true,"href":"https:\/\/www.agrobase.com.br\/concursos\/wp-json\/wp\/v2\/destaque?post=271306"},{"taxonomy":"instituicoes","embeddable":true,"href":"https:\/\/www.agrobase.com.br\/concursos\/wp-json\/wp\/v2\/instituicoes?post=271306"}],"curies":[{"name":"wp","href":"https:\/\/api.w.org\/{rel}","templated":true}]}}