{"id":271244,"date":"2025-09-15T08:10:25","date_gmt":"2025-09-15T11:10:25","guid":{"rendered":"https:\/\/www.agrobase.com.br\/concursos\/?p=271244"},"modified":"2025-09-23T15:05:18","modified_gmt":"2025-09-23T18:05:18","slug":"uem-pr-selecao-publica-285-2025","status":"publish","type":"post","link":"https:\/\/www.agrobase.com.br\/concursos\/2025\/uem-pr-selecao-publica-285-2025\/","title":{"rendered":"UEM (PR) &#8211; Sele\u00e7\u00e3o P\u00fablica 285\/2025"},"content":{"rendered":"<h2>Informa\u00e7\u00f5es Gerais<\/h2>\n<p>A Universidade Estadual de Maring\u00e1 (UEM) publicou o edital do seu Teste Seletivo destinado \u00e0 contrata\u00e7\u00e3o de <strong>Professor Tempor\u00e1rio<\/strong>. O certame visa o preenchimento de 43 vagas imediatas, al\u00e9m da forma\u00e7\u00e3o de cadastro de reserva, para profissionais de n\u00edvel superior com titula\u00e7\u00e3o de especialista, mestre ou doutor. As contrata\u00e7\u00f5es ser\u00e3o realizadas em regime tempor\u00e1rio, conforme as normas da Lei Complementar n.\u00ba 108\/2005, para atender a necessidades de excepcional interesse p\u00fablico da institui\u00e7\u00e3o.<\/p>\n<p>As oportunidades abrangem diversas \u00e1reas do conhecimento, distribu\u00eddas entre os centros de ensino da universidade. O certame se destaca por oferecer vagas em \u00e1reas de grande relev\u00e2ncia, como <strong>Agronomia, Medicina Veterin\u00e1ria, Zootecnia, Biologia, Engenharia Ambiental, Engenharia Florestal e Nutri\u00e7\u00e3o<\/strong>, al\u00e9m de posi\u00e7\u00f5es nas \u00e1reas de Ci\u00eancias Exatas, Humanas, Sa\u00fade e outras Engenharias.<\/p>\n<p>Para saber como participar e concorrer a uma das vagas, continue a leitura e confira os detalhes sobre o processo de inscri\u00e7\u00e3o, as etapas de avalia\u00e7\u00e3o e o cronograma completo nas se\u00e7\u00f5es a seguir.<\/p>\n<h2>Inscri\u00e7\u00f5es<\/h2>\n<p>As inscri\u00e7\u00f5es para o Teste Seletivo da UEM estar\u00e3o abertas no per\u00edodo de <strong>18 de setembro de 2025 a 06 de outubro de 2025, at\u00e9 as 23h59<\/strong>. Todo o procedimento deve ser realizado exclusivamente pela internet, atrav\u00e9s do endere\u00e7o eletr\u00f4nico oficial <em>www.uem.br\/concurso<\/em>. A taxa de inscri\u00e7\u00e3o foi fixada no valor \u00fanico de <strong>R$ 212,43<\/strong> para todas as \u00e1reas de conhecimento.<\/p>\n<p>\u00c9 fundamental que o candidato anexe todos os documentos comprobat\u00f3rios para a avalia\u00e7\u00e3o de t\u00edtulos e curr\u00edculo diretamente no sistema no momento da inscri\u00e7\u00e3o. O pagamento da taxa dever\u00e1 ser efetuado por meio da guia de recolhimento at\u00e9 o dia <strong>07 de outubro de 2025<\/strong>.<\/p>\n<p>Candidatos que atendam aos crit\u00e9rios especificados no edital poder\u00e3o solicitar a isen\u00e7\u00e3o da taxa de inscri\u00e7\u00e3o nos dias <strong>18 e 19 de setembro de 2025<\/strong>. O resultado dos pedidos de isen\u00e7\u00e3o ser\u00e1 divulgado em 23 de setembro, com prazo para reconsidera\u00e7\u00e3o no dia 24 de setembro e resultado final da an\u00e1lise em 25 de setembro. Ap\u00f3s a efetiva\u00e7\u00e3o da inscri\u00e7\u00e3o, o candidato dever\u00e1 acompanhar o status do pagamento atrav\u00e9s do &#8216;Menu do Candidato&#8217; no site do concurso.<\/p>\n<p>Para informa\u00e7\u00f5es completas sobre os requisitos e procedimentos, a leitura integral do edital \u00e9 indispens\u00e1vel.<\/p>\n<h2>Etapas e Provas<\/h2>\n<p>O processo seletivo para Professor Tempor\u00e1rio da UEM ser\u00e1 composto por duas etapas obrigat\u00f3rias, ambas fundamentais para a classifica\u00e7\u00e3o dos candidatos. A estrutura de avalia\u00e7\u00e3o foi projetada para analisar tanto a capacidade did\u00e1tica quanto a trajet\u00f3ria acad\u00eamica e profissional dos participantes.<\/p>\n<ul>\n<li><strong>Prova Did\u00e1tica<\/strong>\n<ul>\n<li><strong>Car\u00e1ter:<\/strong> Eliminat\u00f3rio.<\/li>\n<li><strong>Formato:<\/strong> Consiste em uma aula expositiva com dura\u00e7\u00e3o de at\u00e9 30 minutos sobre um tema sorteado com anteced\u00eancia m\u00ednima de 20 horas. A prova poder\u00e1 ser realizada de forma presencial ou remota (s\u00edncrona ou ass\u00edncrona) e exige a entrega pr\u00e9via de um plano de aula, sob pena de elimina\u00e7\u00e3o do candidato.<\/li>\n<li><strong>Crit\u00e9rio de Aprova\u00e7\u00e3o:<\/strong> Para ser aprovado, o candidato dever\u00e1 obter nota m\u00e9dia igual ou superior a 6,0 (seis).<\/li>\n<li><strong>Per\u00edodo de Realiza\u00e7\u00e3o:<\/strong> A aplica\u00e7\u00e3o est\u00e1 prevista para ocorrer entre os dias <strong>03 e 07 de novembro de 2025<\/strong>.<\/li>\n<\/ul>\n<\/li>\n<li><strong>Avalia\u00e7\u00e3o de T\u00edtulos e Curr\u00edculo<\/strong>\n<ul>\n<li><strong>Car\u00e1ter:<\/strong> Classificat\u00f3rio.<\/li>\n<li><strong>Formato:<\/strong> An\u00e1lise documental do curr\u00edculo Lattes e dos comprovantes de forma\u00e7\u00e3o acad\u00eamica, atividades de ensino, pesquisa, extens\u00e3o e experi\u00eancia profissional. Os documentos devem ser anexados pelo candidato no ato da inscri\u00e7\u00e3o, e a pontua\u00e7\u00e3o seguir\u00e1 os crit\u00e9rios detalhados no Anexo III do edital.<\/li>\n<li><strong>Participantes:<\/strong> Apenas os candidatos aprovados na Prova Did\u00e1tica ter\u00e3o seus t\u00edtulos e curr\u00edculos avaliados.<\/li>\n<\/ul>\n<\/li>\n<\/ul>\n<p>Para conhecer todos os detalhes sobre os procedimentos, crit\u00e9rios de avalia\u00e7\u00e3o, conte\u00fado program\u00e1tico e o cronograma espec\u00edfico de cada \u00e1rea, \u00e9 essencial a consulta ao edital oficial do certame.<\/p>\n<h2>Resultados e Gabarito<\/h2>\n<p>A classifica\u00e7\u00e3o final dos candidatos no teste seletivo da UEM ser\u00e1 calculada com base na m\u00e9dia aritm\u00e9tica ponderada das notas obtidas nas duas etapas. A <strong>Prova Did\u00e1tica ter\u00e1 peso seis<\/strong>, enquanto a <strong>Avalia\u00e7\u00e3o de T\u00edtulos e Curr\u00edculo ter\u00e1 peso quatro<\/strong>. A lista de aprovados ser\u00e1 organizada em ordem decrescente da pontua\u00e7\u00e3o final.<\/p>\n<p>O cronograma de divulga\u00e7\u00e3o dos resultados \u00e9 o seguinte:<\/p>\n<ul>\n<li><strong>Resultado da Prova Did\u00e1tica:<\/strong> A previs\u00e3o de divulga\u00e7\u00e3o \u00e9 no dia <strong>10 de novembro de 2025<\/strong>.<\/li>\n<li><strong>Resultado da Avalia\u00e7\u00e3o de T\u00edtulos e Curr\u00edculo:<\/strong> Previsto para <strong>18 de novembro de 2025<\/strong>.<\/li>\n<li><strong>Resultado Final e Classifica\u00e7\u00e3o:<\/strong> A publica\u00e7\u00e3o est\u00e1 prevista para <strong>28 de novembro de 2025<\/strong>, no site do concurso e na Imprensa Oficial do Estado.<\/li>\n<\/ul>\n<p>Em caso de empate na pontua\u00e7\u00e3o final, ser\u00e3o aplicados os seguintes crit\u00e9rios de desempate, nesta ordem: idade igual ou superior a 60 anos; maior nota na prova did\u00e1tica; maior pontua\u00e7\u00e3o na avalia\u00e7\u00e3o de t\u00edtulos; maior tempo de magist\u00e9rio em gradua\u00e7\u00e3o, p\u00f3s-gradua\u00e7\u00e3o stricto sensu e lato sensu; e, por fim, idade mais elevada.<\/p>\n<p>Ap\u00f3s a an\u00e1lise de eventuais recursos, o resultado final ser\u00e1 homologado. A convoca\u00e7\u00e3o dos aprovados seguir\u00e1 rigorosamente a ordem de classifica\u00e7\u00e3o, e os candidatos ter\u00e3o o prazo de cinco dias \u00fateis para declarar o aceite da vaga ap\u00f3s a publica\u00e7\u00e3o do edital de convoca\u00e7\u00e3o.<\/p>\n<p>\u00c9 de responsabilidade exclusiva do candidato acompanhar todas as publica\u00e7\u00f5es, incluindo editais de convoca\u00e7\u00e3o, resultados e comunicados, no endere\u00e7o eletr\u00f4nico oficial do concurso (<em>www.uem.br\/concurso<\/em>) e no Di\u00e1rio Oficial do Estado.<\/p>\n","protected":false},"excerpt":{"rendered":"<p>Teste Seletivo UEM (PR) com edital publicado! Vagas p\/ Professor e \u00e1reas afins (Superior). Inscri\u00e7\u00f5es a partir de 18\/09. Sal\u00e1rios at\u00e9 R$ 10.6k. Confira detalhes!<\/p>\n","protected":false},"author":7,"featured_media":271243,"comment_status":"open","ping_status":"open","sticky":false,"template":"","format":"standard","meta":{"_acf_changed":false,"_breakdance_hide_in_design_set":false,"_breakdance_tags":"","footnotes":""},"categories":[3,4,5,145,6433,7,8,126,9,121,117,141,12,95,13,14,151,103,142,15,104,133,102,136,17,112,6436,111,115,100,20,116,22,23,24,6435,159,6525,28],"tags":[52],"_amplo":[],"destaque":[6431],"instituicoes":[],"class_list":["post-271244","post","type-post","status-publish","format-standard","has-post-thumbnail","hentry","category-administracao","category-agronomia","category-arquitetura","category-artes-cenicas","category-biologia-licenciatura","category-biomedicina","category-biotecnologia","category-ciencia-computacao","category-ciencias-contabeis","category-ciencias-sociais","category-economia","category-educacao-artistica","category-enfermagem","category-engenharia-agricola","category-engenharia-ambiental","category-engenharia","category-engenharia-computacao","category-engenharia-eletrica","category-engenharia-eletronica","category-engenharia-florestal","category-engenharia-mecanica","category-engenharia-mecatronica","category-engenharia-quimica","category-estatistica","category-farmacia","category-filosofia","category-fisica-licenciatura","category-geografia","category-geologia","category-historia","category-letras","category-matematica","category-veterinaria","category-nutricao","category-odontologia","category-quimica-licenciatura","category-tecnologia-da-informacao","category-tecnologia-de-alimentos","category-zootecnia","tag-parana","destaque-destaque"],"acf":{"_tipo_vagas":"vagas","_numero_vagas":"","_quadro_vagas":"","_cargos":"diversos","_cargos_especificos":"","_salario_max":"R$ 10687.27","_abertura":"20250918","_encerramento":"20251006","_inscricoes":"http:\/\/www.uem.br\/concurso","_executora_concurso":"","_instituicao_concurso":[],"_link_adicional":null,"_anexos":null,"_produtos":null,"_vagas":"43 vagas + CR","_salario_min":"R$ 1803.76","_instituicao":"UEM","_edital":"https:\/\/www.agrobase.com.br\/concursos\/wp-content\/uploads\/sites\/4\/2025\/09\/edital-285-2025-uem-pr.pdf","_anexos_edital":"https:\/\/www.agrobase.com.br\/concursos\/wp-content\/uploads\/sites\/4\/2025\/09\/anexos-edital-285-2025-uem-pr.pdf","_fund_incompleto":"","_fund_completo":"","_medio":"","_superior":"<div>\r\n<table class=\"quadro\">\r\n<thead>\r\n<tr>\r\n<th class=\"hcargo\">Cargo<\/th>\r\n<th class=\"hvagas\">Vagas<\/th>\r\n<th class=\"hremuneracao\">Remunera\u00e7\u00e3o<\/th>\r\n<\/tr>\r\n<\/thead>\r\n    <tbody>\r\n      <tr>\r\n<td class=\"ccargos\">\r\n<span data-balloon-length=\"medium\" aria-label=\"Gradua\u00e7\u00e3o em Agronomia \/ Engenharia Agron\u00f4mica; Mestrado.\" data-balloon-pos=\"up\">Professor Tempor\u00e1rio - Extens\u00e3o Rural e Desenvolvimento<\/span><\/td>\r\n<td class=\"cvagas\">01<\/td>\r\n<td class=\"cremuneracao\">R$ 6.637,84 \/40h<\/td>\r\n<\/tr><tr>\r\n<td class=\"ccargos\">\r\n<span data-balloon-length=\"medium\" aria-label=\"Gradua\u00e7\u00e3o em Agronomia; Mestrado ou Doutorado na \u00e1rea objeto do teste seletivo ou \u00e1reas afins.\" data-balloon-pos=\"up\">Professor Tempor\u00e1rio - Solos<\/span><\/td>\r\n<td class=\"cvagas\">01<\/td>\r\n<td class=\"cremuneracao\">R$ 10.687,27 \/40h<\/td>\r\n<\/tr><tr>\r\n<td class=\"ccargos\">\r\n<span data-balloon-length=\"medium\" aria-label=\"Gradua\u00e7\u00e3o em Engenharia Agr\u00edcola, Engenharia Agr\u00edcola e Ambiental, Engenharia Florestal, Engenharia Ambiental ou \u00e1reas afins.\" data-balloon-pos=\"up\">Professor Tempor\u00e1rio - Engenharia da Agricultura<\/span><\/td>\r\n<td class=\"cvagas\">01<\/td>\r\n<td class=\"cremuneracao\">R$ 1.803,76 \/20h<\/td>\r\n<\/tr><tr>\r\n<td class=\"ccargos\">\r\n<span data-balloon-length=\"medium\" aria-label=\"Gradua\u00e7\u00e3o em Medicina Veterin\u00e1ria; Mestrado.\" data-balloon-pos=\"up\">Professor Tempor\u00e1rio - Cria\u00e7\u00e3o e Doen\u00e7as de Aves e Su\u00ednos<\/span><\/td>\r\n<td class=\"cvagas\">01<\/td>\r\n<td class=\"cremuneracao\">R$ 6.637,84 \/40h<\/td>\r\n<\/tr><tr>\r\n<td class=\"ccargos\">\r\n<span data-balloon-length=\"medium\" aria-label=\"Gradua\u00e7\u00e3o em Zootecnia, Agronomia, Medicina Veterin\u00e1ria ou \u00e1reas afins; Mestrado em Zootecnia, Agronomia, Medicina Veterin\u00e1ria ou \u00e1reas afins.\" data-balloon-pos=\"up\">Professor Tempor\u00e1rio - Anatomia e Fisiologia dos Animais Dom\u00e9sticos<\/span><\/td>\r\n<td class=\"cvagas\">01 + CR<\/td>\r\n<td class=\"cremuneracao\">R$ 6.637,84 \/40h<\/td>\r\n<\/tr><tr>\r\n<td class=\"ccargos\">\r\n<span data-balloon-length=\"medium\" aria-label=\"Licenciatura em Ci\u00eancias Biol\u00f3gicas e\/ou Ci\u00eancias da Natureza; Doutorado em Ensino de Ci\u00eancias, Educa\u00e7\u00e3o para a Ci\u00eancia, Educa\u00e7\u00e3o Cient\u00edfica e Tecnol\u00f3gica ou Educa\u00e7\u00e3o.\" data-balloon-pos=\"up\">Professor Tempor\u00e1rio - \u00c1rea de Ensino<\/span><\/td>\r\n<td class=\"cvagas\">01<\/td>\r\n<td class=\"cremuneracao\">R$ 5.343,65 \/20h<\/td>\r\n<\/tr><tr>\r\n<td class=\"ccargos\">\r\n<span data-balloon-length=\"medium\" aria-label=\"Gradua\u00e7\u00e3o em Ci\u00eancias Biol\u00f3gicas ou Biotecnologia (Tecnologia em Biotecnologia ou Bacharelado); Mestrado e Doutorado em Biologia Celular e Molecular ou Gen\u00e9tica e Melhoramento ou Biotecnologia nas \u00e1reas de pesquisa: Bioprospec\u00e7\u00e3o animal ou toxicologia animal ou Biologia Molecular animal.\" data-balloon-pos=\"up\">Professor Tempor\u00e1rio - Biotecnologia Animal<\/span><\/td>\r\n<td class=\"cvagas\">01<\/td>\r\n<td class=\"cremuneracao\">R$ 10.687,27 \/40h<\/td>\r\n<\/tr><tr>\r\n<td class=\"ccargos\">\r\n<span data-balloon-length=\"medium\" aria-label=\"Gradua\u00e7\u00e3o em Ci\u00eancias Biol\u00f3gicas ou Biotecnologia (Tecnologia em Biotecnologia ou Bacharelado); Mestrado e Doutorado em Biotecnologia na \u00e1rea de microrganismos.\" data-balloon-pos=\"up\">Professor Tempor\u00e1rio - Biotecnologia de Microrganismos<\/span><\/td>\r\n<td class=\"cvagas\">01<\/td>\r\n<td class=\"cremuneracao\">R$ 10.687,27 \/40h<\/td>\r\n<\/tr><tr>\r\n<td class=\"ccargos\">\r\n<span data-balloon-length=\"medium\" aria-label=\"Gradua\u00e7\u00e3o em Ci\u00eancias Biol\u00f3gicas ou Biotecnologia (Tecnologia em Biotecnologia ou Bacharelado); Mestrado e Doutorado em Gen\u00e9tica ou Biologia Molecular ou Biologia Comparada ou Biotecnologia nas \u00e1reas de pesquisa: Gen\u00e9tica Vegetal ou Biotecnologia Vegetal.\" data-balloon-pos=\"up\">Professor Tempor\u00e1rio - Biotecnologia Vegetal<\/span><\/td>\r\n<td class=\"cvagas\">01<\/td>\r\n<td class=\"cremuneracao\">R$ 10.687,27 \/40h<\/td>\r\n<\/tr><tr>\r\n<td class=\"ccargos\">\r\n<span data-balloon-length=\"medium\" aria-label=\"Gradua\u00e7\u00e3o em Ci\u00eancias Biol\u00f3gicas ou Biotecnologia (Tecnologia em Biotecnologia ou Bacharelado); Mestrado e Doutorado em Gen\u00e9tica ou Biologia Molecular ou Biologia Comparada ou Biotecnologia nas \u00e1reas de pesquisa: Mutag\u00eanese ou Monitoramento Ambiental.\" data-balloon-pos=\"up\">Professor Tempor\u00e1rio - Toxicogen\u00e9tica e Biomonitoramento<\/span><\/td>\r\n<td class=\"cvagas\">01<\/td>\r\n<td class=\"cremuneracao\">R$ 10.687,27 \/40h<\/td>\r\n<\/tr><tr>\r\n<td class=\"ccargos\">\r\n<span data-balloon-length=\"medium\" aria-label=\"Gradua\u00e7\u00e3o em Matem\u00e1tica; Mestrado.\" data-balloon-pos=\"up\">Professor Tempor\u00e1rio - C\u00e1lculo Diferencial e Integral, Geometria Anal\u00edtica e \u00c1lgebra Linear<\/span><\/td>\r\n<td class=\"cvagas\">01<\/td>\r\n<td class=\"cremuneracao\">R$ 6.637,84 \/40h<\/td>\r\n<\/tr><tr>\r\n<td class=\"ccargos\">\r\n<span data-balloon-length=\"medium\" aria-label=\"Gradua\u00e7\u00e3o em F\u00edsica; Mestrado.\" data-balloon-pos=\"up\">Professor Tempor\u00e1rio - F\u00edsica Geral<\/span><\/td>\r\n<td class=\"cvagas\">01<\/td>\r\n<td class=\"cremuneracao\">R$ 6.637,84 \/40h<\/td>\r\n<\/tr><tr>\r\n<td class=\"ccargos\">\r\n<span data-balloon-length=\"medium\" aria-label=\"Mestrado \/ Doutorado em Estat\u00edstica ou \u00e1reas afins (pelo menos uma disciplina na \u00e1rea de estat\u00edstica cursada na p\u00f3s-gradua\u00e7\u00e3o).\" data-balloon-pos=\"up\">Professor Tempor\u00e1rio - Probabilidade e Estat\u00edstica<\/span><\/td>\r\n<td class=\"cvagas\">01<\/td>\r\n<td class=\"cremuneracao\">R$ 10.687,27 \/40h<\/td>\r\n<\/tr><tr>\r\n<td class=\"ccargos\">\r\n<span data-balloon-length=\"medium\" aria-label=\"Gradua\u00e7\u00e3o em F\u00edsica; Mestrado.\" data-balloon-pos=\"up\">Professor Tempor\u00e1rio - F\u00edsica Geral<\/span><\/td>\r\n<td class=\"cvagas\">01 + CR<\/td>\r\n<td class=\"cremuneracao\">R$ 6.637,84 \/40h<\/td>\r\n<\/tr><tr>\r\n<td class=\"ccargos\">\r\n<span data-balloon-length=\"medium\" aria-label=\"Licenciatura plena em Qu\u00edmica; Doutorado nas \u00e1reas: Ensino de Qu\u00edmica, Ensino de Ci\u00eancias e\/ou Educa\u00e7\u00e3o em Ci\u00eancias.\" data-balloon-pos=\"up\">Professor Tempor\u00e1rio - Ensino de Qu\u00edmica<\/span><\/td>\r\n<td class=\"cvagas\">01<\/td>\r\n<td class=\"cremuneracao\">R$ 10.687,27 \/40h<\/td>\r\n<\/tr><tr>\r\n<td class=\"ccargos\">\r\n<span data-balloon-length=\"medium\" aria-label=\"Gradua\u00e7\u00e3o em Qu\u00edmica; Doutorado em Ci\u00eancias\/Qu\u00edmica.\" data-balloon-pos=\"up\">Professor Tempor\u00e1rio - Qu\u00edmica Geral e Org\u00e2nica<\/span><\/td>\r\n<td class=\"cvagas\">01<\/td>\r\n<td class=\"cremuneracao\">R$ 10.687,27 \/40h<\/td>\r\n<\/tr><tr>\r\n<td class=\"ccargos\">\r\n<span data-balloon-length=\"medium\" aria-label=\"Gradua\u00e7\u00e3o em Ci\u00eancias Sociais; Doutorado em Ci\u00eancias Sociais e \u00e1reas afins.\" data-balloon-pos=\"up\">Professor Tempor\u00e1rio - Sociologia<\/span><\/td>\r\n<td class=\"cvagas\">01<\/td>\r\n<td class=\"cremuneracao\">R$ 10.687,27 \/40h<\/td>\r\n<\/tr><tr>\r\n<td class=\"ccargos\">\r\n<span data-balloon-length=\"medium\" aria-label=\"Doutorado em Filosofia.\" data-balloon-pos=\"up\">Professor Tempor\u00e1rio - Introdu\u00e7\u00e3o \u00e0 Filosofia<\/span><\/td>\r\n<td class=\"cvagas\">01<\/td>\r\n<td class=\"cremuneracao\">R$ 10.687,27 \/40h<\/td>\r\n<\/tr><tr>\r\n<td class=\"ccargos\">\r\n<span data-balloon-length=\"medium\" aria-label=\"Gradua\u00e7\u00e3o em Geografia; Mestrado ou Doutorado em Geografia; Disserta\u00e7\u00e3o ou tese, ou publica\u00e7\u00f5es na \u00e1rea de concentra\u00e7\u00e3o da \u00e1rea objeto do teste seletivo.\" data-balloon-pos=\"up\">Professor Tempor\u00e1rio - Cartografia e Geoprocessamento I<\/span><\/td>\r\n<td class=\"cvagas\">01<\/td>\r\n<td class=\"cremuneracao\">R$ 10.687,27 \/40h<\/td>\r\n<\/tr><tr>\r\n<td class=\"ccargos\">\r\n<span data-balloon-length=\"medium\" aria-label=\"Gradua\u00e7\u00e3o em Geografia; Mestrado ou Doutorado em Geografia; Disserta\u00e7\u00e3o ou tese, ou publica\u00e7\u00f5es na \u00e1rea de concentra\u00e7\u00e3o da \u00e1rea objeto do teste seletivo.\" data-balloon-pos=\"up\">Professor Tempor\u00e1rio - Cartografia e Geoprocessamento II<\/span><\/td>\r\n<td class=\"cvagas\">01<\/td>\r\n<td class=\"cremuneracao\">R$ 6.412,36 \/24h<\/td>\r\n<\/tr><tr>\r\n<td class=\"ccargos\">\r\n<span data-balloon-length=\"medium\" aria-label=\"Gradua\u00e7\u00e3o em Geografia, Geologia, Engenharia Geol\u00f3gica; Mestrado ou Doutorado em Geografia F\u00edsica, Geologia, Geoci\u00eancias ou \u00e1reas afins; Publica\u00e7\u00e3o cient\u00edfica (ao menos uma), nas \u00e1reas de Geografia F\u00edsica, Geologia ou Geoci\u00eancias.\" data-balloon-pos=\"up\">Professor Tempor\u00e1rio - Geografia F\u00edsica e Geologia<\/span><\/td>\r\n<td class=\"cvagas\">03<\/td>\r\n<td class=\"cremuneracao\">R$ 10.687,27 \/40h<\/td>\r\n<\/tr><tr>\r\n<td class=\"ccargos\">\r\n<span data-balloon-length=\"medium\" aria-label=\"Gradua\u00e7\u00e3o em Geografia; Mestrado ou Doutorado em Geografia; Disserta\u00e7\u00e3o ou tese, ou publica\u00e7\u00f5es na \u00e1rea de concentra\u00e7\u00e3o da \u00e1rea objeto do teste seletivo.\" data-balloon-pos=\"up\">Professor Tempor\u00e1rio - Geografia Humana I<\/span><\/td>\r\n<td class=\"cvagas\">01<\/td>\r\n<td class=\"cremuneracao\">R$ 10.687,27 \/40h<\/td>\r\n<\/tr><tr>\r\n<td class=\"ccargos\">\r\n<span data-balloon-length=\"medium\" aria-label=\"Gradua\u00e7\u00e3o em Geografia; Mestrado ou Doutorado em Geografia; Disserta\u00e7\u00e3o ou tese, ou publica\u00e7\u00f5es na \u00e1rea de concentra\u00e7\u00e3o da \u00e1rea objeto do teste seletivo.\" data-balloon-pos=\"up\">Professor Tempor\u00e1rio - Geografia Humana II<\/span><\/td>\r\n<td class=\"cvagas\">01<\/td>\r\n<td class=\"cremuneracao\">R$ 6.412,36 \/24h<\/td>\r\n<\/tr><tr>\r\n<td class=\"ccargos\">\r\n<span data-balloon-length=\"medium\" aria-label=\"Gradua\u00e7\u00e3o em Geografia; Mestrado ou Doutorado em Geografia; Disserta\u00e7\u00e3o ou tese, ou publica\u00e7\u00f5es na \u00e1rea de concentra\u00e7\u00e3o da \u00e1rea objeto do teste seletivo.\" data-balloon-pos=\"up\">Professor Tempor\u00e1rio - Geografia Humana III<\/span><\/td>\r\n<td class=\"cvagas\">01<\/td>\r\n<td class=\"cremuneracao\">R$ 5.343,65 \/20h<\/td>\r\n<\/tr><tr>\r\n<td class=\"ccargos\">\r\n<span data-balloon-length=\"medium\" aria-label=\"Gradua\u00e7\u00e3o em Hist\u00f3ria ou \u00e1reas afins; Doutorado em Hist\u00f3ria ou \u00e1reas afins.\" data-balloon-pos=\"up\">Professor Tempor\u00e1rio - Hist\u00f3ria das Artes<\/span><\/td>\r\n<td class=\"cvagas\">01 + CR<\/td>\r\n<td class=\"cremuneracao\">R$ 10.687,27 \/40h<\/td>\r\n<\/tr><tr>\r\n<td class=\"ccargos\">\r\n<span data-balloon-length=\"medium\" aria-label=\"Licenciatura em Letras com habilita\u00e7\u00e3o em Portugu\u00eas ou Portugu\u00eas\/L\u00edngua estrangeira; Mestrado em Letras: Estudos Lingu\u00edsticos ou Lingu\u00edstica ou Estudos da Linguagem ou Lingu\u00edstica Aplicada ou L\u00edngua Portuguesa; Doutorado em Letras.\" data-balloon-pos=\"up\">Professor Tempor\u00e1rio - L\u00edngua Portuguesa<\/span><\/td>\r\n<td class=\"cvagas\">01<\/td>\r\n<td class=\"cremuneracao\">R$ 10.687,27 \/40h<\/td>\r\n<\/tr><tr>\r\n<td class=\"ccargos\">\r\n<span data-balloon-length=\"medium\" aria-label=\"Gradua\u00e7\u00e3o em Artes C\u00eanicas, ou em Teatro, ou em Artes da Cena, ou em Educa\u00e7\u00e3o Art\u00edstica com habilita\u00e7\u00e3o em Teatro; Mestrado em Artes C\u00eanicas, ou em Teatro, ou em Artes da Cena, ou em Artes ou em \u00e1reas afins.\" data-balloon-pos=\"up\">Professor Tempor\u00e1rio - Atua\u00e7\u00e3o, Linguagens da Cena e Metodologias de pesquisa em Artes C\u00eanicas<\/span><\/td>\r\n<td class=\"cvagas\">01<\/td>\r\n<td class=\"cremuneracao\">R$ 3.318,94 \/20h<\/td>\r\n<\/tr><tr>\r\n<td class=\"ccargos\">\r\n<span data-balloon-length=\"medium\" aria-label=\"Gradua\u00e7\u00e3o em Letras; Mestrado em Letras com \u00e1rea de concentra\u00e7\u00e3o em Lingu\u00edstica ou L\u00edngua Portuguesa ou Estudos da Linguagem; ou Doutorado em Lingu\u00edstica e\/ou L\u00edngua Portuguesa.\" data-balloon-pos=\"up\">Professor Tempor\u00e1rio - Lingu\u00edstica<\/span><\/td>\r\n<td class=\"cvagas\">01 + CR<\/td>\r\n<td class=\"cremuneracao\">R$ 10.687,27 \/40h<\/td>\r\n<\/tr><tr>\r\n<td class=\"ccargos\">\r\n<span data-balloon-length=\"medium\" aria-label=\"Gradua\u00e7\u00e3o em Farm\u00e1cia, com habilita\u00e7\u00e3o em An\u00e1lises Cl\u00ednicas ou Farmac\u00eautico Generalista ou Gradua\u00e7\u00e3o em Biomedicina com Doutorado em An\u00e1lises Cl\u00ednicas ou \u00e1reas afins. M\u00ednimo de 05 (cinco) artigos cient\u00edficos publicados na \u00e1rea de conhecimento do concurso em peri\u00f3dicos indexados na Web ok Science ou Scopus ou Embase ou Pubmed, nos \u00faltimos 05 (cinco) anos.\" data-balloon-pos=\"up\">Professor Tempor\u00e1rio - Bacteriologia Cl\u00ednica<\/span><\/td>\r\n<td class=\"cvagas\">01<\/td>\r\n<td class=\"cremuneracao\">R$ 10.687,27 \/40h<\/td>\r\n<\/tr><tr>\r\n<td class=\"ccargos\">\r\n<span data-balloon-length=\"medium\" aria-label=\"Gradua\u00e7\u00e3o em Farm\u00e1cia, com habilita\u00e7\u00e3o em An\u00e1lises Cl\u00ednicas ou Farmac\u00eautico Generalista ou Gradua\u00e7\u00e3o em Biomedicina com Doutorado em An\u00e1lises Cl\u00ednicas ou \u00e1reas afins.\" data-balloon-pos=\"up\">Professor Tempor\u00e1rio - Parasitologia Cl\u00ednica<\/span><\/td>\r\n<td class=\"cvagas\">01<\/td>\r\n<td class=\"cremuneracao\">R$ 10.687,27 \/40h<\/td>\r\n<\/tr><tr>\r\n<td class=\"ccargos\">\r\n<span data-balloon-length=\"medium\" aria-label=\"Gradua\u00e7\u00e3o em Ci\u00eancias Biol\u00f3gicas ou Farm\u00e1cia ou Biomedicina ou Odontologia ou Nutri\u00e7\u00e3o ou Tecnologia em Alimentos. Doutorado na \u00e1rea de Microbiologia ou \u00e1reas afins.\" data-balloon-pos=\"up\">Professor Tempor\u00e1rio - Microbiologia<\/span><\/td>\r\n<td class=\"cvagas\">01 + CR<\/td>\r\n<td class=\"cremuneracao\">R$ 5.343,65 \/20h<\/td>\r\n<\/tr><tr>\r\n<td class=\"ccargos\">\r\n<span data-balloon-length=\"medium\" aria-label=\"Gradua\u00e7\u00e3o em Nutri\u00e7\u00e3o; Doutorado em Nutri\u00e7\u00e3o, ou doutorado em Ci\u00eancia de Alimentos ou doutorado em \u00e1reas de Ci\u00eancias da Sa\u00fade da CAPES; Registro no Conselho Regional de Nutri\u00e7\u00e3o (CRN-8).\" data-balloon-pos=\"up\">Professor Tempor\u00e1rio - Nutri\u00e7\u00e3o<\/span><\/td>\r\n<td class=\"cvagas\">02 + CR<\/td>\r\n<td class=\"cremuneracao\">R$ 5.343,65 \/20h<\/td>\r\n<\/tr><tr>\r\n<td class=\"ccargos\">\r\n<span data-balloon-length=\"medium\" aria-label=\"Gradua\u00e7\u00e3o em Enfermagem; Doutorado em Enfermagem ou \u00e1reas afins.\" data-balloon-pos=\"up\">Professor Tempor\u00e1rio - Fundamentos de Enfermagem no Cuidado Humano II<\/span><\/td>\r\n<td class=\"cvagas\">01 + CR<\/td>\r\n<td class=\"cremuneracao\">R$ 10.687,27 \/40h<\/td>\r\n<\/tr><tr>\r\n<td class=\"ccargos\">\r\n<span data-balloon-length=\"medium\" aria-label=\"Gradua\u00e7\u00e3o em Enfermagem; Mestrado ou Doutorado em Enfermagem ou \u00e1reas afins.\" data-balloon-pos=\"up\">Professor Tempor\u00e1rio - Sa\u00fade da Comunidade II<\/span><\/td>\r\n<td class=\"cvagas\">01 + CR<\/td>\r\n<td class=\"cremuneracao\">R$ 10.687,27 \/40h<\/td>\r\n<\/tr><tr>\r\n<td class=\"ccargos\">\r\n<span data-balloon-length=\"medium\" aria-label=\"Gradua\u00e7\u00e3o em Farm\u00e1cia; Doutorado em Ci\u00eancias Farmac\u00eauticas ou Sa\u00fade P\u00fablica ou \u00e1reas afins.\" data-balloon-pos=\"up\">Professor Tempor\u00e1rio - Assist\u00eancia Farmac\u00eautica<\/span><\/td>\r\n<td class=\"cvagas\">01<\/td>\r\n<td class=\"cremuneracao\">R$ 5.343,65 \/20h<\/td>\r\n<\/tr><tr>\r\n<td class=\"ccargos\">\r\n<span data-balloon-length=\"medium\" aria-label=\"Gradua\u00e7\u00e3o na \u00e1rea de Sa\u00fade tendo cursado a disciplina de Farmacologia; Mestrado ou Doutorado em Ci\u00eancias Biol\u00f3gicas (\u00e1rea de Farmacologia) ou Ci\u00eancias da Sa\u00fade, tendo desenvolvido tese em Farmacologia.\" data-balloon-pos=\"up\">Professor Tempor\u00e1rio - Terap\u00eautica Farmacol\u00f3gica<\/span><\/td>\r\n<td class=\"cvagas\">02<\/td>\r\n<td class=\"cremuneracao\">R$ 5.343,65 \/20h<\/td>\r\n<\/tr><tr>\r\n<td class=\"ccargos\">\r\n<span data-balloon-length=\"medium\" aria-label=\"Gradua\u00e7\u00e3o em Odontologia; Doutorado em Odontologia Integrada com \u00e1rea de concentra\u00e7\u00e3o ou tema da tese em Dent\u00edstica ou Doutorado em Odontologia com \u00e1rea de concentra\u00e7\u00e3o ou tese em Dent\u00edstica ou Doutorado em Cl\u00ednica Odontol\u00f3gica com \u00e1rea de concentra\u00e7\u00e3o Dent\u00edstica ou Doutorado em Odontologia Restauradora.\" data-balloon-pos=\"up\">Professor Tempor\u00e1rio - Dent\u00edstica I<\/span><\/td>\r\n<td class=\"cvagas\">01 + CR<\/td>\r\n<td class=\"cremuneracao\">R$ 10.687,27 \/40h<\/td>\r\n<\/tr><tr>\r\n<td class=\"ccargos\">\r\n<span data-balloon-length=\"medium\" aria-label=\"Gradua\u00e7\u00e3o em Odontologia; Doutorado em Odontologia Integrada com \u00e1rea de concentra\u00e7\u00e3o ou tema da tese em Dent\u00edstica ou Doutorado em Odontologia com \u00e1rea de concentra\u00e7\u00e3o ou tese em Dent\u00edstica ou Doutorado em Cl\u00ednica Odontol\u00f3gica com \u00e1rea de concentra\u00e7\u00e3o Dent\u00edstica ou Doutorado em Odontologia Restauradora.\" data-balloon-pos=\"up\">Professor Tempor\u00e1rio - Dent\u00edstica II<\/span><\/td>\r\n<td class=\"cvagas\">01 + CR<\/td>\r\n<td class=\"cremuneracao\">R$ 5.343,65 \/20h<\/td>\r\n<\/tr><tr>\r\n<td class=\"ccargos\">\r\n<span data-balloon-length=\"medium\" aria-label=\"Gradua\u00e7\u00e3o em Odontologia; Mestrado em Estomatologia ou Mestrado em Odontologia com \u00e1rea de concentra\u00e7\u00e3o em Estomatologia ou Mestrado em Odontologia Integrada com Especializa\u00e7\u00e3o em Estomatologia.\" data-balloon-pos=\"up\">Professor Tempor\u00e1rio - Estomatologia (Odontol\u00f3gica)<\/span><\/td>\r\n<td class=\"cvagas\">01 + CR<\/td>\r\n<td class=\"cremuneracao\">R$ 6.637,84 \/40h<\/td>\r\n<\/tr><tr>\r\n<td class=\"ccargos\">\r\n<span data-balloon-length=\"medium\" aria-label=\"Gradua\u00e7\u00e3o em Administra\u00e7\u00e3o; Mestrado ou Doutorado em Administra\u00e7\u00e3o.\" data-balloon-pos=\"up\">Professor Tempor\u00e1rio - Administra\u00e7\u00e3o Financeira<\/span><\/td>\r\n<td class=\"cvagas\">01 + CR<\/td>\r\n<td class=\"cremuneracao\">R$ 10.687,27 \/40h<\/td>\r\n<\/tr><tr>\r\n<td class=\"ccargos\">\r\n<span data-balloon-length=\"medium\" aria-label=\"Gradua\u00e7\u00e3o em Ci\u00eancias Cont\u00e1beis; Especializa\u00e7\u00e3o em Ci\u00eancias Cont\u00e1beis ou cr\u00e9ditos completos de disciplinas exigidas pelo programa de mestrado em curso reconhecido pela CAPES.\" data-balloon-pos=\"up\">Professor Tempor\u00e1rio - Contabilidade Geral<\/span><\/td>\r\n<td class=\"cvagas\">02<\/td>\r\n<td class=\"cremuneracao\">R$ 4.689,76 \/40h<\/td>\r\n<\/tr><tr>\r\n<td class=\"ccargos\">\r\n<span data-balloon-length=\"medium\" aria-label=\"Gradua\u00e7\u00e3o em Direito; Mestrado em Direito.\" data-balloon-pos=\"up\">Professor Tempor\u00e1rio - Direito Civil: Coisas, Responsabilidade Civil, Fam\u00edlia e Sucess\u00f5es<\/span><\/td>\r\n<td class=\"cvagas\">01<\/td>\r\n<td class=\"cremuneracao\">R$ 6.637,84 \/40h<\/td>\r\n<\/tr><tr>\r\n<td class=\"ccargos\">\r\n<span data-balloon-length=\"medium\" aria-label=\"Gradua\u00e7\u00e3o em Arquitetura e Urbanismo; Mestrado na \u00e1rea de Engenharias I da CAPES.\" data-balloon-pos=\"up\">Professor Tempor\u00e1rio - Desenho e Tecnologias Construtivas<\/span><\/td>\r\n<td class=\"cvagas\">01 + CR<\/td>\r\n<td class=\"cremuneracao\">R$ 6.637,84 \/40h<\/td>\r\n<\/tr><tr>\r\n<td class=\"ccargos\">\r\n<span data-balloon-length=\"medium\" aria-label=\"Gradua\u00e7\u00e3o em Engenharia El\u00e9trica; Mestrado em \u00e1reas afins.\" data-balloon-pos=\"up\">Professor Tempor\u00e1rio - Eletrot\u00e9cnica, Sistemas El\u00e9tricos Prediais e Telef\u00f4nicos<\/span><\/td>\r\n<td class=\"cvagas\">01 + CR<\/td>\r\n<td class=\"cremuneracao\">R$ 6.637,84 \/40h<\/td>\r\n<\/tr><tr>\r\n<td class=\"ccargos\">\r\n<span data-balloon-length=\"medium\" aria-label=\"Gradua\u00e7\u00e3o em Engenharia Civil ou Engenharia de Transportes ou Arquitetura; Mestrado em Engenharia Civil ou Engenharia de Transportes ou Engenharia Urbana.\" data-balloon-pos=\"up\">Professor Tempor\u00e1rio - Geom\u00e1tica e Infraestrutura de Transporte<\/span><\/td>\r\n<td class=\"cvagas\">01 + CR<\/td>\r\n<td class=\"cremuneracao\">R$ 3.318,94 \/20h<\/td>\r\n<\/tr><tr>\r\n<td class=\"ccargos\">\r\n<span data-balloon-length=\"medium\" aria-label=\"Gradua\u00e7\u00e3o em Engenharia Civil; Mestrado em Geotecnia ou em Engenharia Civil com \u00e1rea de concentra\u00e7\u00e3o em Geotecnia ou Mec\u00e2nica dos Solos ou Mestrado na Engenharias I da CAPES com tema de disserta\u00e7\u00e3o na \u00e1rea de Geotecnia.\" data-balloon-pos=\"up\">Professor Tempor\u00e1rio - Geotecnia<\/span><\/td>\r\n<td class=\"cvagas\">01 + CR<\/td>\r\n<td class=\"cremuneracao\">R$ 6.637,84 \/40h<\/td>\r\n<\/tr><tr>\r\n<td class=\"ccargos\">\r\n<span data-balloon-length=\"medium\" aria-label=\"Gradua\u00e7\u00e3o em Engenharia Civil; Mestrado nas \u00e1reas de Mec\u00e2nica dos Fluidos, Hidr\u00e1ulica ou Hidrologia.\" data-balloon-pos=\"up\">Professor Tempor\u00e1rio - Hidr\u00e1ulica e Hidrologia<\/span><\/td>\r\n<td class=\"cvagas\">01 + CR<\/td>\r\n<td class=\"cremuneracao\">R$ 6.637,84 \/40h<\/td>\r\n<\/tr><tr>\r\n<td class=\"ccargos\">\r\n<span data-balloon-length=\"medium\" aria-label=\"Gradua\u00e7\u00e3o em Engenharia Civil.\" data-balloon-pos=\"up\">Professor Tempor\u00e1rio - Mec\u00e2nica dos Fluidos e Hidr\u00e1ulica<\/span><\/td>\r\n<td class=\"cvagas\">01 + CR<\/td>\r\n<td class=\"cremuneracao\">R$ 3.607,51 \/40h<\/td>\r\n<\/tr><tr>\r\n<td class=\"ccargos\">\r\n<span data-balloon-length=\"medium\" aria-label=\"Gradua\u00e7\u00e3o em Engenharia Civil; Mestrado na \u00e1rea de Engenharias I da CAPES.\" data-balloon-pos=\"up\">Professor Tempor\u00e1rio - Sistemas Construtivos, Materiais e Componentes de Constru\u00e7\u00e3o<\/span><\/td>\r\n<td class=\"cvagas\">01 + CR<\/td>\r\n<td class=\"cremuneracao\">R$ 6.637,84 \/40h<\/td>\r\n<\/tr><tr>\r\n<td class=\"ccargos\">\r\n<span data-balloon-length=\"medium\" aria-label=\"Gradua\u00e7\u00e3o em Engenharia Civil; Mestrado em Engenharia Civil na \u00e1rea de Concentra\u00e7\u00e3o de Estruturas ou em Engenharia de Estruturas.\" data-balloon-pos=\"up\">Professor Tempor\u00e1rio - Sistemas Estruturais<\/span><\/td>\r\n<td class=\"cvagas\">01 + CR<\/td>\r\n<td class=\"cremuneracao\">R$ 6.637,84 \/40h<\/td>\r\n<\/tr><tr>\r\n<td class=\"ccargos\">\r\n<span data-balloon-length=\"medium\" aria-label=\"Doutorado em Engenharia Mec\u00e2nica.\" data-balloon-pos=\"up\">Professor Tempor\u00e1rio - Ci\u00eancias T\u00e9rmicas<\/span><\/td>\r\n<td class=\"cvagas\">01<\/td>\r\n<td class=\"cremuneracao\">R$ 10.687,27 \/40h<\/td>\r\n<\/tr><tr>\r\n<td class=\"ccargos\">\r\n<span data-balloon-length=\"medium\" aria-label=\"Gradua\u00e7\u00e3o em Engenharia El\u00e9trica ou Engenharia Eletr\u00f4nica ou Engenharia de Controle e Automa\u00e7\u00e3o ou Engenharia Mecatr\u00f4nica ou Engenharia de Telecomunica\u00e7\u00f5es ou Engenharia de Computa\u00e7\u00e3o; Mestrado em Engenharia.\" data-balloon-pos=\"up\">Professor Tempor\u00e1rio - Circuitos El\u00e9tricos<\/span><\/td>\r\n<td class=\"cvagas\">02<\/td>\r\n<td class=\"cremuneracao\">R$ 6.637,84 \/40h<\/td>\r\n<\/tr><tr>\r\n<td class=\"ccargos\">\r\n<span data-balloon-length=\"medium\" aria-label=\"Gradua\u00e7\u00e3o em Engenharia T\u00eaxtil.\" data-balloon-pos=\"up\">Professor Tempor\u00e1rio - Engenharia T\u00eaxtil<\/span><\/td>\r\n<td class=\"cvagas\">01 + CR<\/td>\r\n<td class=\"cremuneracao\">R$ 3.607,51 \/40h<\/td>\r\n<\/tr><tr>\r\n<td class=\"ccargos\">\r\n<span data-balloon-length=\"medium\" aria-label=\"Gradua\u00e7\u00e3o em Engenharia T\u00eaxtil; Mestrado.\" data-balloon-pos=\"up\">Professor Tempor\u00e1rio - Engenharia T\u00eaxtil \u2013 Fia\u00e7\u00e3o, Texturiza\u00e7\u00e3o, Tecelagem e Confec\u00e7\u00e3o<\/span><\/td>\r\n<td class=\"cvagas\">01 + CR<\/td>\r\n<td class=\"cremuneracao\">R$ 6.637,84 \/40h<\/td>\r\n<\/tr><tr>\r\n<td class=\"ccargos\">\r\n<span data-balloon-length=\"medium\" aria-label=\"Gradua\u00e7\u00e3o em Ci\u00eancia da Computa\u00e7\u00e3o ou Inform\u00e1tica ou \u00e1reas afins.\" data-balloon-pos=\"up\">Professor Tempor\u00e1rio - Ci\u00eancia da Computa\u00e7\u00e3o \/ Algoritmos<\/span><\/td>\r\n<td class=\"cvagas\">01 + CR<\/td>\r\n<td class=\"cremuneracao\">R$ 3.607,51 \/40h<\/td>\r\n<\/tr><tr>\r\n<td class=\"ccargos\">\r\n<span data-balloon-length=\"medium\" aria-label=\"Gradua\u00e7\u00e3o em Ci\u00eancia da Computa\u00e7\u00e3o ou Inform\u00e1tica ou \u00e1reas afins.\" data-balloon-pos=\"up\">Professor Tempor\u00e1rio - Ci\u00eancia da Computa\u00e7\u00e3o \/ Engenharia de Software<\/span><\/td>\r\n<td class=\"cvagas\">01 + CR<\/td>\r\n<td class=\"cremuneracao\">R$ 3.607,51 \/40h<\/td>\r\n<\/tr><tr>\r\n<td class=\"ccargos\">\r\n<span data-balloon-length=\"medium\" aria-label=\"Gradua\u00e7\u00e3o em Engenharia de Computa\u00e7\u00e3o ou Tecnologia da Informa\u00e7\u00e3o ou \u00e1reas afins; Mestrado.\" data-balloon-pos=\"up\">Professor Tempor\u00e1rio - Algoritmos e Fundamentos de Programa\u00e7\u00e3o<\/span><\/td>\r\n<td class=\"cvagas\">01 + CR<\/td>\r\n<td class=\"cremuneracao\">R$ 3.318,94 \/20h<\/td>\r\n<\/tr><tr>\r\n<td class=\"ccargos\">\r\n<span data-balloon-length=\"medium\" aria-label=\"Gradua\u00e7\u00e3o em Matem\u00e1tica ou Engenharia; Doutorado em \u00e1reas afins.\" data-balloon-pos=\"up\">Professor Tempor\u00e1rio - C\u00e1lculo Aplicado \u00e0 Engenharia<\/span><\/td>\r\n<td class=\"cvagas\">01<\/td>\r\n<td class=\"cremuneracao\">R$ 10.687,27 \/40h<\/td>\r\n<\/tr><tr>\r\n<td class=\"ccargos\">\r\n<span data-balloon-length=\"medium\" aria-label=\"Gradua\u00e7\u00e3o em Engenharia Ambiental; Doutorado.\" data-balloon-pos=\"up\">Professor Tempor\u00e1rio - Ci\u00eancias do Ambiente e Saneamento<\/span><\/td>\r\n<td class=\"cvagas\">01<\/td>\r\n<td class=\"cremuneracao\">R$ 10.687,27 \/40h<\/td>\r\n<\/tr><tr>\r\n<td class=\"ccargos\">\r\n<span data-balloon-length=\"medium\" aria-label=\"Gradua\u00e7\u00e3o em Engenharia de Computa\u00e7\u00e3o ou Tecnologia da Informa\u00e7\u00e3o ou \u00e1reas afins; Mestrado.\" data-balloon-pos=\"up\">Professor Tempor\u00e1rio - Eletr\u00f4nica Aplicada \u00e0 Engenharia de Computa\u00e7\u00e3o<\/span><\/td>\r\n<td class=\"cvagas\">01 + CR<\/td>\r\n<td class=\"cremuneracao\">R$ 3.318,94 \/20h<\/td>\r\n<\/tr><tr>\r\n<td class=\"ccargos\">\r\n<span data-balloon-length=\"medium\" aria-label=\"Gradua\u00e7\u00e3o em F\u00edsica ou Engenharia; Doutorado.\" data-balloon-pos=\"up\">Professor Tempor\u00e1rio - F\u00edsica Geral<\/span><\/td>\r\n<td class=\"cvagas\">01<\/td>\r\n<td class=\"cremuneracao\">R$ 10.687,27 \/40h<\/td>\r\n<\/tr><tr>\r\n<td class=\"ccargos\">\r\n<span data-balloon-length=\"medium\" aria-label=\"Gradua\u00e7\u00e3o em Engenharia Ambiental; Doutorado.\" data-balloon-pos=\"up\">Professor Tempor\u00e1rio - Qu\u00edmica Ambiental, Geologia e Geomorfologia<\/span><\/td>\r\n<td class=\"cvagas\">01<\/td>\r\n<td class=\"cremuneracao\">R$ 10.687,27 \/40h<\/td>\r\n<\/tr><tr>\r\n<td class=\"ccargos\">\r\n<span data-balloon-length=\"medium\" aria-label=\"Gradua\u00e7\u00e3o em Engenharia Qu\u00edmica; Doutorado.\" data-balloon-pos=\"up\">Professor Tempor\u00e1rio - Qu\u00edmica Geral e Inorg\u00e2nica e Transfer\u00eancia de Massa e Calor<\/span><\/td>\r\n<td class=\"cvagas\">01<\/td>\r\n<td class=\"cremuneracao\">R$ 10.687,27 \/40h<\/td>\r\n<\/tr><tr>\r\n<td class=\"ccargos\">\r\n<span data-balloon-length=\"medium\" aria-label=\"Gradua\u00e7\u00e3o em Engenharia de Computa\u00e7\u00e3o ou Tecnologia da Informa\u00e7\u00e3o ou \u00e1reas afins; Mestrado.\" data-balloon-pos=\"up\">Professor Tempor\u00e1rio - Sistemas Computacionais<\/span><\/td>\r\n<td class=\"cvagas\">01 + CR<\/td>\r\n<td class=\"cremuneracao\">R$ 6.637,84 \/40h<\/td>\r\n<\/tr><tr>\r\n<td class=\"ccargos\">\r\n<span data-balloon-length=\"medium\" aria-label=\"Gradua\u00e7\u00e3o em Gastronomia ou Tecnologia em Gastronomia; Especializa\u00e7\u00e3o na \u00e1rea de Gastronomia.\" data-balloon-pos=\"up\">Professor Tempor\u00e1rio - Eventos Gastron\u00f4micos e Confeitaria<\/span><\/td>\r\n<td class=\"cvagas\">01 + CR<\/td>\r\n<td class=\"cremuneracao\">R$ 4.689,76 \/40h<\/td>\r\n<\/tr><tr>\r\n<td class=\"ccargos\">\r\n<span data-balloon-length=\"medium\" aria-label=\"Gradua\u00e7\u00e3o em Matem\u00e1tica; Mestrado.\" data-balloon-pos=\"up\">Professor Tempor\u00e1rio - Matem\u00e1tica<\/span><\/td>\r\n<td class=\"cvagas\">01 + CR<\/td>\r\n<td class=\"cremuneracao\">R$ 6.637,84 \/40h<\/td>\r\n<\/tr><tr>\r\n<td class=\"ccargos\">\r\n<span data-balloon-length=\"medium\" aria-label=\"Gradua\u00e7\u00e3o em Engenharia, ou Tecnologia em Alimentos; Doutorado.\" data-balloon-pos=\"up\">Professor Tempor\u00e1rio - Mat\u00e9rias-Primas Alimentares e Aspectos Nutricionais<\/span><\/td>\r\n<td class=\"cvagas\">01 + CR<\/td>\r\n<td class=\"cremuneracao\">R$ 10.687,27 \/40h<\/td>\r\n<\/tr><tr>\r\n<td class=\"ccargos\">\r\n<span data-balloon-length=\"medium\" aria-label=\"Gradua\u00e7\u00e3o em Engenharia Civil; Mestrado.\" data-balloon-pos=\"up\">Professor Tempor\u00e1rio - Sistemas Prediais Hidr\u00e1ulicos e El\u00e9tricos<\/span><\/td>\r\n<td class=\"cvagas\">01 + CR<\/td>\r\n<td class=\"cremuneracao\">R$ 6.637,84 \/40h<\/td>\r\n<\/tr><tr>\r\n<td class=\"ccargos\">\r\n<span data-balloon-length=\"medium\" aria-label=\"Gradua\u00e7\u00e3o em Engenharia Civil; Mestrado.\" data-balloon-pos=\"up\">Professor Tempor\u00e1rio - Topografia e Geotecnia<\/span><\/td>\r\n<td class=\"cvagas\">01 + CR<\/td>\r\n<td class=\"cremuneracao\">R$ 6.637,84 \/40h<\/td>\r\n<\/tr>\r\n    <\/tbody>\r\n  <\/table>\r\n<\/div>"},"_links":{"self":[{"href":"https:\/\/www.agrobase.com.br\/concursos\/wp-json\/wp\/v2\/posts\/271244","targetHints":{"allow":["GET"]}}],"collection":[{"href":"https:\/\/www.agrobase.com.br\/concursos\/wp-json\/wp\/v2\/posts"}],"about":[{"href":"https:\/\/www.agrobase.com.br\/concursos\/wp-json\/wp\/v2\/types\/post"}],"author":[{"embeddable":true,"href":"https:\/\/www.agrobase.com.br\/concursos\/wp-json\/wp\/v2\/users\/7"}],"replies":[{"embeddable":true,"href":"https:\/\/www.agrobase.com.br\/concursos\/wp-json\/wp\/v2\/comments?post=271244"}],"version-history":[{"count":2,"href":"https:\/\/www.agrobase.com.br\/concursos\/wp-json\/wp\/v2\/posts\/271244\/revisions"}],"predecessor-version":[{"id":271248,"href":"https:\/\/www.agrobase.com.br\/concursos\/wp-json\/wp\/v2\/posts\/271244\/revisions\/271248"}],"wp:featuredmedia":[{"embeddable":true,"href":"https:\/\/www.agrobase.com.br\/concursos\/wp-json\/wp\/v2\/media\/271243"}],"wp:attachment":[{"href":"https:\/\/www.agrobase.com.br\/concursos\/wp-json\/wp\/v2\/media?parent=271244"}],"wp:term":[{"taxonomy":"category","embeddable":true,"href":"https:\/\/www.agrobase.com.br\/concursos\/wp-json\/wp\/v2\/categories?post=271244"},{"taxonomy":"post_tag","embeddable":true,"href":"https:\/\/www.agrobase.com.br\/concursos\/wp-json\/wp\/v2\/tags?post=271244"},{"taxonomy":"_amplo","embeddable":true,"href":"https:\/\/www.agrobase.com.br\/concursos\/wp-json\/wp\/v2\/_amplo?post=271244"},{"taxonomy":"destaque","embeddable":true,"href":"https:\/\/www.agrobase.com.br\/concursos\/wp-json\/wp\/v2\/destaque?post=271244"},{"taxonomy":"instituicoes","embeddable":true,"href":"https:\/\/www.agrobase.com.br\/concursos\/wp-json\/wp\/v2\/instituicoes?post=271244"}],"curies":[{"name":"wp","href":"https:\/\/api.w.org\/{rel}","templated":true}]}}