{"id":271200,"date":"2025-09-12T08:20:11","date_gmt":"2025-09-12T11:20:11","guid":{"rendered":"https:\/\/www.agrobase.com.br\/concursos\/?p=271200"},"modified":"2025-09-23T15:05:51","modified_gmt":"2025-09-23T18:05:51","slug":"ufam-am-selecao-simplificada-11-2025","status":"publish","type":"post","link":"https:\/\/www.agrobase.com.br\/concursos\/2025\/ufam-am-selecao-simplificada-11-2025\/","title":{"rendered":"UFAM (AM) &#8211; Sele\u00e7\u00e3o Simplificada 11\/2025"},"content":{"rendered":"<h2>Informa\u00e7\u00f5es Gerais<\/h2>\n<p>A Funda\u00e7\u00e3o Universidade do Amazonas (UFAM) publicou o edital de seu Processo Seletivo Simplificado para a contrata\u00e7\u00e3o de Professores Substitutos. O certame visa o preenchimento de 46 vagas imediatas, al\u00e9m da forma\u00e7\u00e3o de cadastro de reserva, para atender \u00e0s necessidades tempor\u00e1rias das Unidades Acad\u00eamicas da Capital e do Interior.<\/p>\n<p>As oportunidades s\u00e3o destinadas a candidatos com n\u00edvel superior, sob regime de contrata\u00e7\u00e3o tempor\u00e1ria, regido pela Lei n\u00ba 8.745\/93. O processo seletivo contempla diversas \u00e1reas do conhecimento, com <strong>oportunidades de destaque para profissionais de Agronomia, Ci\u00eancia Animal (Zootecnia e Medicina Veterin\u00e1ria), Biologia (Ecologia e Imunologia), Nutri\u00e7\u00e3o e Engenharia de Alimentos<\/strong>.<\/p>\n<p>Nas se\u00e7\u00f5es a seguir, voc\u00ea encontrar\u00e1 informa\u00e7\u00f5es detalhadas sobre o per\u00edodo de inscri\u00e7\u00f5es, as etapas de avalia\u00e7\u00e3o e o cronograma de resultados.<\/p>\n<h2>Inscri\u00e7\u00f5es<\/h2>\n<p>As inscri\u00e7\u00f5es para o processo seletivo da UFAM estar\u00e3o abertas no per\u00edodo de <strong>16 de setembro de 2025 a 03 de outubro de 2025<\/strong>. Todo o procedimento deve ser realizado de forma online, por meio do preenchimento da ficha de inscri\u00e7\u00e3o dispon\u00edvel no portal da Pr\u00f3-Reitoria de Gest\u00e3o de Pessoas (PROGESP).<\/p>\n<p>Os candidatos que se enquadram nos crit\u00e9rios estabelecidos no Edital GR n\u00b0 015\/2023 poder\u00e3o solicitar a isen\u00e7\u00e3o da taxa de inscri\u00e7\u00e3o. Para os demais, o pagamento dever\u00e1 ser efetuado via boleto banc\u00e1rio, respeitando a data de vencimento. O edital tamb\u00e9m prev\u00ea a possibilidade de solicitar atendimento espec\u00edfico para inclus\u00e3o de nome social e condi\u00e7\u00f5es especiais para pessoas com defici\u00eancia (PcD) ou lactantes.<\/p>\n<p>\u00c9 fundamental que o candidato acompanhe a situa\u00e7\u00e3o de sua inscri\u00e7\u00e3o e demais comunicados na p\u00e1gina oficial do certame. Para conhecer todos os detalhes, requisitos e procedimentos, a leitura integral do edital \u00e9 indispens\u00e1vel.<\/p>\n<h2>Etapas e Provas<\/h2>\n<p>O Processo Seletivo Simplificado da UFAM ser\u00e1 estruturado em duas etapas principais, elaboradas para avaliar a qualifica\u00e7\u00e3o e a aptid\u00e3o pedag\u00f3gica dos candidatos para o cargo de Professor Substituto.<\/p>\n<ul>\n<li><strong>Prova Did\u00e1tica:<\/strong> De car\u00e1ter eliminat\u00f3rio e classificat\u00f3rio, esta etapa consiste em uma avalia\u00e7\u00e3o pr\u00e1tica para aferir o dom\u00ednio do conte\u00fado e a capacidade de ensino do candidato em sua respectiva \u00e1rea. As datas de realiza\u00e7\u00e3o ser\u00e3o definidas e comunicadas por cada unidade acad\u00eamica aos inscritos.<\/li>\n<li><strong>Prova de T\u00edtulos:<\/strong> De car\u00e1ter meramente classificat\u00f3rio, esta fase consiste na an\u00e1lise curricular dos candidatos. Ser\u00e3o pontuados a forma\u00e7\u00e3o acad\u00eamica, a produ\u00e7\u00e3o cient\u00edfica e a experi\u00eancia profissional, conforme os crit\u00e9rios detalhados no edital.<\/li>\n<\/ul>\n<p>Para informa\u00e7\u00f5es completas sobre os crit\u00e9rios de avalia\u00e7\u00e3o, pontua\u00e7\u00e3o de t\u00edtulos e o cronograma detalhado, \u00e9 essencial consultar o Edital GR n\u00b0 015\/2023 e as publica\u00e7\u00f5es da unidade acad\u00eamica correspondente \u00e0 vaga.<\/p>\n<h2>Resultados e Gabarito<\/h2>\n<p>O cronograma de divulga\u00e7\u00e3o dos resultados do certame da UFAM seguir\u00e1 as etapas de homologa\u00e7\u00e3o das inscri\u00e7\u00f5es, com publica\u00e7\u00e3o das listas preliminar e definitiva. O resultado final de cada \u00e1rea ser\u00e1 homologado pelo Conselho da respectiva Unidade Acad\u00eamica e, posteriormente, ratificado por meio de Portaria do Reitor, a ser publicada no Di\u00e1rio Oficial da Uni\u00e3o (DOU).<\/p>\n<p>A validade deste processo seletivo ser\u00e1 de 1 (um) ano, a contar da data de homologa\u00e7\u00e3o do resultado final, com possibilidade de prorroga\u00e7\u00e3o por igual per\u00edodo, conforme o interesse da institui\u00e7\u00e3o. A convoca\u00e7\u00e3o dos candidatos aprovados ocorrer\u00e1 de acordo com a necessidade da UFAM, e o acompanhamento das chamadas deve ser feito no site da PROGESP e no DOU.<\/p>\n<p>\u00c9 de responsabilidade exclusiva do candidato acompanhar todos os atos, editais e comunicados referentes a este processo seletivo simplificado, publicados no endere\u00e7o eletr\u00f4nico oficial da UFAM e no Di\u00e1rio Oficial da Uni\u00e3o.<\/p>\n","protected":false},"excerpt":{"rendered":"<p>Processo Seletivo UFAM (AM) com edital publicado! Vagas p\/ Professor e Eng. Mec\u00e2nica (Superior). Inscri\u00e7\u00f5es a partir de 16\/09. Confira detalhes!<\/p>\n","protected":false},"author":7,"featured_media":271199,"comment_status":"open","ping_status":"open","sticky":false,"template":"","format":"standard","meta":{"_acf_changed":false,"_breakdance_hide_in_design_set":false,"_breakdance_tags":"","footnotes":""},"categories":[3,4,6433,7,8,126,121,10,97,141,12,95,14,79,125,104,133,136,17,6436,18,111,100,20,6872,6871,116,21,22,119,23,24,25,118,28],"tags":[41],"_amplo":[],"destaque":[6431],"instituicoes":[],"class_list":["post-271200","post","type-post","status-publish","format-standard","has-post-thumbnail","hentry","category-administracao","category-agronomia","category-biologia-licenciatura","category-biomedicina","category-biotecnologia","category-ciencia-computacao","category-ciencias-sociais","category-direito","category-ecologia","category-educacao-artistica","category-enfermagem","category-engenharia-agricola","category-engenharia","category-engenharia-alimentos","category-engenharia-producao","category-engenharia-mecanica","category-engenharia-mecatronica","category-estatistica","category-farmacia","category-fisica-licenciatura","category-fisioterapia","category-geografia","category-historia","category-letras","category-letras-espanhol","category-letras-ingles","category-matematica","category-medicina","category-veterinaria","category-musica","category-nutricao","category-odontologia","category-pedagogia","category-sociologia","category-zootecnia","tag-amazonas","destaque-destaque"],"acf":{"_tipo_vagas":"vagas","_numero_vagas":"","_quadro_vagas":"","_cargos":"diversos","_cargos_especificos":"","_salario_max":"R$ 8.058.29","_abertura":"20250916","_encerramento":"20251003","_inscricoes":"http:\/\/progesp.ufam.edu.br\/","_executora_concurso":"","_instituicao_concurso":[],"_link_adicional":null,"_anexos":null,"_produtos":null,"_vagas":"46 vagas","_salario_min":"R$ 3.090,43","_instituicao":"UFAM","_edital":"https:\/\/www.agrobase.com.br\/concursos\/wp-content\/uploads\/sites\/4\/2025\/09\/edital-11-2025-ufam-am.pdf","_anexos_edital":"","_fund_incompleto":"","_fund_completo":"","_medio":"","_superior":"<div>\r\n<table class=\"quadro\">\r\n<thead>\r\n<tr>\r\n<th class=\"hcargo\">Cargo<\/th>\r\n<th class=\"hvagas\">Vagas<\/th>\r\n<th class=\"hremuneracao\">Remunera\u00e7\u00e3o<\/th>\r\n<\/tr>\r\n<\/thead>\r\n    <tbody>\r\n      <tr>\r\n<td class=\"ccargos\">\r\n<span data-balloon-length=\"medium\" aria-label=\"Gradua\u00e7\u00e3o em Enfermagem + Especializa\u00e7\u00e3o em Enfermagem\" data-balloon-pos=\"up\">Enfermagem Geral<\/span><\/td>\r\n<td class=\"cvagas\">02<\/td>\r\n<td class=\"cremuneracao\">R$ 0,00 \/40h<\/td>\r\n<\/tr><tr>\r\n<td class=\"ccargos\">\r\n<span data-balloon-length=\"medium\" aria-label=\"Gradua\u00e7\u00e3o em Educa\u00e7\u00e3o Art\u00edstica com habilita\u00e7\u00e3o em desenho ou artes pl\u00e1sticas; Gradua\u00e7\u00e3o em Licenciatura em Artes Pl\u00e1sticas; Gradua\u00e7\u00e3o em Licenciatura em Artes Visuais. + Mestrado em Artes ou Mestrado em Artes Visuais ou Mestrado em Sociedade e Cultura na Amaz\u00f4nia ou Mestrado em Letras e Artes ou Mestrado em Ci\u00eancias Humanas\" data-balloon-pos=\"up\">Desenho\/Linguagem Visual<\/span><\/td>\r\n<td class=\"cvagas\">01<\/td>\r\n<td class=\"cremuneracao\">R$ 0,00 \/40h<\/td>\r\n<\/tr><tr>\r\n<td class=\"ccargos\">\r\n<span data-balloon-length=\"medium\" aria-label=\"Licenciatura ou Bacharelado em M\u00fasica\" data-balloon-pos=\"up\">M\u00fasica<\/span><\/td>\r\n<td class=\"cvagas\">01<\/td>\r\n<td class=\"cremuneracao\">R$  \/40h<\/td>\r\n<\/tr><tr>\r\n<td class=\"ccargos\">\r\n<span data-balloon-length=\"medium\" aria-label=\"Mestrado em Educa\u00e7\u00e3o\" data-balloon-pos=\"up\">Did\u00e1tica e Metodologia do Trabalho Cient\u00edfico<\/span><\/td>\r\n<td class=\"cvagas\">01<\/td>\r\n<td class=\"cremuneracao\">R$ 0,00 \/40h<\/td>\r\n<\/tr><tr>\r\n<td class=\"ccargos\">\r\n<span data-balloon-length=\"medium\" aria-label=\"Mestrado em Educa\u00e7\u00e3o\" data-balloon-pos=\"up\">Pol\u00edtica Educacional<\/span><\/td>\r\n<td class=\"cvagas\">01<\/td>\r\n<td class=\"cremuneracao\">R$  \/40h<\/td>\r\n<\/tr><tr>\r\n<td class=\"ccargos\">\r\n<span data-balloon-length=\"medium\" aria-label=\"Gradua\u00e7\u00e3o em Odontologia + Mestrado em Odontologia\" data-balloon-pos=\"up\">Dent\u00edstica<\/span><\/td>\r\n<td class=\"cvagas\">02<\/td>\r\n<td class=\"cremuneracao\">R$ 0,00 \/40h<\/td>\r\n<\/tr><tr>\r\n<td class=\"ccargos\">\r\n<span data-balloon-length=\"medium\" aria-label=\"Gradua\u00e7\u00e3o em Engenharia de Alimentos ou Tecnologia de Alimentos ou Ci\u00eancia de Alimentos\" data-balloon-pos=\"up\">Ci\u00eancia e Tecnologia de Alimentos<\/span><\/td>\r\n<td class=\"cvagas\">01<\/td>\r\n<td class=\"cremuneracao\">R$ 0,00 \/40h<\/td>\r\n<\/tr><tr>\r\n<td class=\"ccargos\">\r\n<span data-balloon-length=\"medium\" aria-label=\"Gradua\u00e7\u00e3o em Farm\u00e1cia ou Farm\u00e1cia Generalista + Mestrado em Ci\u00eancias Farmac\u00eauticas ou Ci\u00eancias da Sa\u00fade ou Bioci\u00eancias ou Biotecnologia.\" data-balloon-pos=\"up\">FARM\u00c1CIA<\/span><\/td>\r\n<td class=\"cvagas\">01<\/td>\r\n<td class=\"cremuneracao\">R$ 0,00 \/40h<\/td>\r\n<\/tr><tr>\r\n<td class=\"ccargos\">\r\n<span data-balloon-length=\"medium\" aria-label=\"Gradua\u00e7\u00e3o em Fisioterapia + Mestrado nas \u00e1reas CAPES de Ci\u00eancias: Biol\u00f3gicas, Da Sa\u00fade, Sociais Aplicadas, Humanas, Exatas E Da Terra.\" data-balloon-pos=\"up\">Fisioterapia Geral e Neurofuncional na inf\u00e2ncia e adolesc\u00eancia<\/span><\/td>\r\n<td class=\"cvagas\">01<\/td>\r\n<td class=\"cremuneracao\">R$ 0,00 \/40h<\/td>\r\n<\/tr><tr>\r\n<td class=\"ccargos\">\r\n<span data-balloon-length=\"medium\" aria-label=\"Gradua\u00e7\u00e3o em Libras - licenciatura ou bacharelado\" data-balloon-pos=\"up\">Letras Libras<\/span><\/td>\r\n<td class=\"cvagas\">01<\/td>\r\n<td class=\"cremuneracao\">R$ 0,00 \/40h<\/td>\r\n<\/tr><tr>\r\n<td class=\"ccargos\">\r\n<span data-balloon-length=\"medium\" aria-label=\"Gradua\u00e7\u00e3o em Letras - L\u00edngua e Literatura Espanhola ou Letras - Portugu\u00eas e Espanhol como L\u00edngua Estrangeira, com experi\u00eancia no ensino de Lingua Estrangeira na educa\u00e7\u00e3o b\u00e1sica + Mestrado em Letras\" data-balloon-pos=\"up\">Letras L\u00edngua e Literatura Espanhola<\/span><\/td>\r\n<td class=\"cvagas\">01<\/td>\r\n<td class=\"cremuneracao\">R$ 0,00 \/40h<\/td>\r\n<\/tr><tr>\r\n<td class=\"ccargos\">\r\n<span data-balloon-length=\"medium\" aria-label=\"Gradua\u00e7\u00e3o em Medicina + Resid\u00eancia M\u00e9dica em Pediatria reconhecida pelo MEC.\" data-balloon-pos=\"up\">Sa\u00fade da Crian\u00e7a - Pediatria<\/span><\/td>\r\n<td class=\"cvagas\">01<\/td>\r\n<td class=\"cremuneracao\">R$ 0,00 \/40h<\/td>\r\n<\/tr><tr>\r\n<td class=\"ccargos\">\r\n<span data-balloon-length=\"medium\" aria-label=\"Gradua\u00e7\u00e3o em Medicina + Resid\u00eancia M\u00e9dica em Ginecologia\/Obstetr\u00edcia (Tocoginecologia)\" data-balloon-pos=\"up\">SA\u00daDE DA MULHER - Obstetr\u00edcia<\/span><\/td>\r\n<td class=\"cvagas\">01<\/td>\r\n<td class=\"cremuneracao\">R$ 0,00 \/40h<\/td>\r\n<\/tr><tr>\r\n<td class=\"ccargos\">\r\n<span data-balloon-length=\"medium\" aria-label=\"Gradua\u00e7\u00e3o em Medicina + Especializa\u00e7\u00e3o ou Resid\u00eancia na \u00e1rea de Oftalmologia\" data-balloon-pos=\"up\">Oftalmologia<\/span><\/td>\r\n<td class=\"cvagas\">01<\/td>\r\n<td class=\"cremuneracao\">R$ 0,00 \/40h<\/td>\r\n<\/tr><tr>\r\n<td class=\"ccargos\">\r\n<span data-balloon-length=\"medium\" aria-label=\"Gradua\u00e7\u00e3o em Odontologia + Resid\u00eancia em Patologia Oral e Maxilofacial\" data-balloon-pos=\"up\">Anatomia Patol\u00f3gica - (Patologia Geral e Patologia Oral e Maxilofacial)<\/span><\/td>\r\n<td class=\"cvagas\">01<\/td>\r\n<td class=\"cremuneracao\">R$ 0,00 \/40h<\/td>\r\n<\/tr><tr>\r\n<td class=\"ccargos\">\r\n<span data-balloon-length=\"medium\" aria-label=\"Gradua\u00e7\u00e3o em Engenharia Mec\u00e2nica ou Mecatr\u00f4nica ou Controle e Automa\u00e7\u00e3o ou Automotiva ou Naval\" data-balloon-pos=\"up\">Engenharia Mec\u00e2nica<\/span><\/td>\r\n<td class=\"cvagas\">01<\/td>\r\n<td class=\"cremuneracao\">R$ 0,00 \/40h<\/td>\r\n<\/tr><tr>\r\n<td class=\"ccargos\">\r\n<span data-balloon-length=\"medium\" aria-label=\"Gradua\u00e7\u00e3o em Engenharia Mec\u00e2nica\" data-balloon-pos=\"up\">Engenharia Mec\u00e2nica 1<\/span><\/td>\r\n<td class=\"cvagas\">01<\/td>\r\n<td class=\"cremuneracao\">R$ 0,00 \/40h<\/td>\r\n<\/tr><tr>\r\n<td class=\"ccargos\">\r\n<span data-balloon-length=\"medium\" aria-label=\"Gradua\u00e7\u00e3o em Engenharia Civil + Mestrado em Engenharia civil\" data-balloon-pos=\"up\">Engenharia Civil<\/span><\/td>\r\n<td class=\"cvagas\">01<\/td>\r\n<td class=\"cremuneracao\">R$ 0,00 \/40h<\/td>\r\n<\/tr><tr>\r\n<td class=\"ccargos\">\r\n<span data-balloon-length=\"medium\" aria-label=\"Gradua\u00e7\u00e3o em Engenharia de Petr\u00f3leo e G\u00e1s ou Engenharia de Produ\u00e7\u00e3o\" data-balloon-pos=\"up\">Engenharia de Petr\u00f3leo<\/span><\/td>\r\n<td class=\"cvagas\">01<\/td>\r\n<td class=\"cremuneracao\">R$ 0,00 \/40h<\/td>\r\n<\/tr><tr>\r\n<td class=\"ccargos\">\r\n<span data-balloon-length=\"medium\" aria-label=\"Gradua\u00e7\u00e3o em Engenharia de Produ\u00e7\u00e3o + Especializa\u00e7\u00e3o em Engenharia Industrial ou Engenharia de Produ\u00e7\u00e3o ou Engenharia de Manufatura Avan\u00e7ada.\" data-balloon-pos=\"up\">Processo de Fabrica\u00e7\u00e3o; Engenharia de Produto; Pesquisa Operacional1; Pesquisa Operacional II; Materiais<\/span><\/td>\r\n<td class=\"cvagas\">01<\/td>\r\n<td class=\"cremuneracao\">R$ 0,00 \/40h<\/td>\r\n<\/tr><tr>\r\n<td class=\"ccargos\">\r\n<span data-balloon-length=\"medium\" aria-label=\"Bacharelado em Ci\u00eancias Biol\u00f3gicas, ou Licenciatura em Ci\u00eancias Biol\u00f3gicas ou Ci\u00eancias Naturais + Doutorado em Ci\u00eancias Biol\u00f3gicas na \u00e1rea de Avalia\u00e7\u00e3o da CAPES: Biodiversidade (Ecologia, Bot\u00e2nica, Zoologia).\" data-balloon-pos=\"up\">Ecologia<\/span><\/td>\r\n<td class=\"cvagas\">01<\/td>\r\n<td class=\"cremuneracao\">R$ 0,00 \/40h<\/td>\r\n<\/tr><tr>\r\n<td class=\"ccargos\">\r\n<span data-balloon-length=\"medium\" aria-label=\"Gradua\u00e7\u00e3o em Ci\u00eancias Biol\u00f3gicas, Ci\u00eancias Naturais, Biomedicina, Medicina, Odontologia, Farm\u00e1cia, Enfermagem ou Nutri\u00e7\u00e3o. + Doutorado em Imunologia ou Imunologia Cl\u00ednica ou Imunogen\u00e9tica ou Imunoqu\u00edmica ou Imunologia Molecular.\" data-balloon-pos=\"up\">Imunologia<\/span><\/td>\r\n<td class=\"cvagas\">01<\/td>\r\n<td class=\"cremuneracao\">R$  \/40h<\/td>\r\n<\/tr><tr>\r\n<td class=\"ccargos\">\r\n<span data-balloon-length=\"medium\" aria-label=\"Licenciatura ou Bacharelado em F\u00edsica\" data-balloon-pos=\"up\">F\u00edsica Geral<\/span><\/td>\r\n<td class=\"cvagas\">02<\/td>\r\n<td class=\"cremuneracao\">R$ 0,00 \/40h<\/td>\r\n<\/tr><tr>\r\n<td class=\"ccargos\">\r\n<span data-balloon-length=\"medium\" aria-label=\"Gradua\u00e7\u00e3o em Matem\u00e1tica, Matem\u00e1tica Aplicada, Estat\u00edstica, F\u00edsica, Computa\u00e7\u00e3o ou Engenharia + Mestrado em uma das seguintes \u00e1reas: Matem\u00e1tica, Matem\u00e1tica Aplicada, Estat\u00edstica, F\u00edsica, Computa\u00e7\u00e3o ou Engenharia.\" data-balloon-pos=\"up\">Matem\u00e1tica<\/span><\/td>\r\n<td class=\"cvagas\">01<\/td>\r\n<td class=\"cremuneracao\">R$ 0,00 \/40h<\/td>\r\n<\/tr><tr>\r\n<td class=\"ccargos\">\r\n<span data-balloon-length=\"medium\" aria-label=\"Mestrado em Inform\u00e1tica ou Ci\u00eancia da Computa\u00e7\u00e3o ou Computa\u00e7\u00e3o Aplicada ou Ensino Tecnol\u00f3gico + Doutorado em Inform\u00e1tica ou Ci\u00eancia da Computa\u00e7\u00e3o ou Computa\u00e7\u00e3o Aplicada ou Ensino Tecnol\u00f3gico\" data-balloon-pos=\"up\">Arquitetura de Computadores<\/span><\/td>\r\n<td class=\"cvagas\">01<\/td>\r\n<td class=\"cremuneracao\">R$ 0,00 \/40h<\/td>\r\n<\/tr><tr>\r\n<td class=\"ccargos\">\r\n<span data-balloon-length=\"medium\" aria-label=\"Gradua\u00e7\u00e3o em Geografia + Mestrado em Geografia\" data-balloon-pos=\"up\">Geografia - Geografia F\u00edsica<\/span><\/td>\r\n<td class=\"cvagas\">01<\/td>\r\n<td class=\"cremuneracao\">R$ 0,00 \/40h<\/td>\r\n<\/tr><tr>\r\n<td class=\"ccargos\">\r\n<span data-balloon-length=\"medium\" aria-label=\"Mestrado em Ci\u00eancias Sociais ou Sociologia ou Ci\u00eancia Pol\u00edtica ou Antropologia com Gradua\u00e7\u00e3o em qualquer \u00c1rea; ou Mestrado em Ci\u00eancias Humanas ou Ci\u00eancias Sociais Aplicadas ou Educa\u00e7\u00e3o ou Ambiente e Agr\u00e1rias com Gradua\u00e7\u00e3o em Ci\u00eancias Sociais.\" data-balloon-pos=\"up\">Ci\u00eancias Sociais\/Sociologia e Ci\u00eancia Pol\u00edtica<\/span><\/td>\r\n<td class=\"cvagas\">01<\/td>\r\n<td class=\"cremuneracao\">R$ 0,00 \/40h<\/td>\r\n<\/tr><tr>\r\n<td class=\"ccargos\">\r\n<span data-balloon-length=\"medium\" aria-label=\"Bacharel em Farm\u00e1cia ou Farm\u00e1cia Generalista\" data-balloon-pos=\"up\">Farm\u00e1cia<\/span><\/td>\r\n<td class=\"cvagas\">01<\/td>\r\n<td class=\"cremuneracao\">R$ 0,00 \/40h<\/td>\r\n<\/tr><tr>\r\n<td class=\"ccargos\">\r\n<span data-balloon-length=\"medium\" aria-label=\"Gradua\u00e7\u00e3o em Agronomia ou Engenharia Agron\u00f4mica ou Engenharia Agr\u00edcola\" data-balloon-pos=\"up\">Agronomia<\/span><\/td>\r\n<td class=\"cvagas\">01<\/td>\r\n<td class=\"cremuneracao\">R$ 0,00 \/40h<\/td>\r\n<\/tr><tr>\r\n<td class=\"ccargos\">\r\n<span data-balloon-length=\"medium\" aria-label=\"Gradua\u00e7\u00e3o em Direito\" data-balloon-pos=\"up\">Direito<\/span><\/td>\r\n<td class=\"cvagas\">01<\/td>\r\n<td class=\"cremuneracao\">R$ 0,00 \/20h<\/td>\r\n<\/tr><tr>\r\n<td class=\"ccargos\">\r\n<span data-balloon-length=\"medium\" aria-label=\"Gradua\u00e7\u00e3o em Ci\u00eancias Sociais ou em Hist\u00f3ria\" data-balloon-pos=\"up\">Ci\u00eancias Sociais \/ Hist\u00f3ria<\/span><\/td>\r\n<td class=\"cvagas\">01<\/td>\r\n<td class=\"cremuneracao\">R$ 0,00 \/40h<\/td>\r\n<\/tr><tr>\r\n<td class=\"ccargos\">\r\n<span data-balloon-length=\"medium\" aria-label=\"Gradua\u00e7\u00e3o em Licenciatura em Pedagogia ou Gradua\u00e7\u00e3o em Tecnologia em M\u00eddias Digitais ou Gradua\u00e7\u00e3o em Tecnologia em Design Digital.\" data-balloon-pos=\"up\">Tecnologia Educacional<\/span><\/td>\r\n<td class=\"cvagas\">01<\/td>\r\n<td class=\"cremuneracao\">R$ 0,00 \/40h<\/td>\r\n<\/tr><tr>\r\n<td class=\"ccargos\">\r\n<span data-balloon-length=\"medium\" aria-label=\"Gradua\u00e7\u00e3o em Pedagogia + Mestrado em Educa\u00e7\u00e3o ou Mestrado em Ensino de Ci\u00eancias e Humanidades\" data-balloon-pos=\"up\">Educa\u00e7\u00e3o<\/span><\/td>\r\n<td class=\"cvagas\">01<\/td>\r\n<td class=\"cremuneracao\">R$ 0,00 \/40h<\/td>\r\n<\/tr><tr>\r\n<td class=\"ccargos\">\r\n<span data-balloon-length=\"medium\" aria-label=\"Gradua\u00e7\u00e3o em Letras com habilita\u00e7\u00e3o em L\u00edngua Inglesa e L\u00edngua Portuguesa ou L\u00edngua Inglesa. + Mestrado em Letras ou Estudos de Linguagens ou Estudos Lingu\u00edsticos ou Lingu\u00edstica ou Estudos Liter\u00e1rios ou Ensino de Ci\u00eancias e Humanidades\" data-balloon-pos=\"up\">L\u00edngua Inglesa<\/span><\/td>\r\n<td class=\"cvagas\">01<\/td>\r\n<td class=\"cremuneracao\">R$ 0,00 \/40h<\/td>\r\n<\/tr><tr>\r\n<td class=\"ccargos\">\r\n<span data-balloon-length=\"medium\" aria-label=\"Gradua\u00e7\u00e3o em Agronomia ou Zootecnia ou Medicina Veterin\u00e1ria + Mestrado em Ci\u00eancia Animal ou Mestrado em Zootecnia\" data-balloon-pos=\"up\">Ci\u00eancia Animal<\/span><\/td>\r\n<td class=\"cvagas\">01<\/td>\r\n<td class=\"cremuneracao\">R$ 0,00 \/40h<\/td>\r\n<\/tr><tr>\r\n<td class=\"ccargos\">\r\n<span data-balloon-length=\"medium\" aria-label=\"Gradua\u00e7\u00e3o em Agronomia ou Ci\u00eancias Agr\u00e1rias + Mestrado em Agronomia ou Fitotecnia ou Ci\u00eancias Agr\u00e1rias ou Produ\u00e7\u00e3o Vegetal ou Melhoramento Gen\u00e9tico Vegetal ou Ci\u00eancias Ambientais ou Biotecnologia\" data-balloon-pos=\"up\">Agr\u00e1rias<\/span><\/td>\r\n<td class=\"cvagas\">01<\/td>\r\n<td class=\"cremuneracao\">R$ 0,00 \/40h<\/td>\r\n<\/tr><tr>\r\n<td class=\"ccargos\">\r\n<span data-balloon-length=\"medium\" aria-label=\"Bacharelado em Administra\u00e7\u00e3o\" data-balloon-pos=\"up\">Administra\u00e7\u00e3o<\/span><\/td>\r\n<td class=\"cvagas\">01<\/td>\r\n<td class=\"cremuneracao\">R$ 0,00 \/40h<\/td>\r\n<\/tr><tr>\r\n<td class=\"ccargos\">\r\n<span data-balloon-length=\"medium\" aria-label=\"Licenciatura em Letras: L\u00edngua e Literatura Portuguesa ou Licenciatura em Letras: L\u00edngua e Literatura Portuguesa e L\u00edngua e Literatura Espanhola\" data-balloon-pos=\"up\">L\u00edngua e Literatura Portuguesa<\/span><\/td>\r\n<td class=\"cvagas\">01<\/td>\r\n<td class=\"cremuneracao\">R$ 0,00 \/40h<\/td>\r\n<\/tr><tr>\r\n<td class=\"ccargos\">\r\n<span data-balloon-length=\"medium\" aria-label=\"Licenciatura em Letras: L\u00edngua e Literatura Portuguesa ou Licenciatura em Letras: L\u00edngua e Literatura Portuguesa e L\u00edngua e Literatura Espanhola\" data-balloon-pos=\"up\">L\u00edngua Portuguesa<\/span><\/td>\r\n<td class=\"cvagas\">01<\/td>\r\n<td class=\"cremuneracao\">R$ 0,00 \/40h<\/td>\r\n<\/tr><tr>\r\n<td class=\"ccargos\">\r\n<span data-balloon-length=\"medium\" aria-label=\"Licenciatura em Letras: L\u00edngua e Literatura Espanhola ou Licenciatura em Letras: L\u00edngua e Literatura Portuguesa e L\u00edngua e Literatura Espanhola\" data-balloon-pos=\"up\">L\u00edngua Espanhola<\/span><\/td>\r\n<td class=\"cvagas\">01<\/td>\r\n<td class=\"cremuneracao\">R$ 0,00 \/40h<\/td>\r\n<\/tr><tr>\r\n<td class=\"ccargos\">\r\n<span data-balloon-length=\"medium\" aria-label=\"Licenciatura em Letras: L\u00edngua e Literatura Espanhola ou Licenciatura em Letras: L\u00edngua e Literatura Portuguesa e L\u00edngua e Literatura Espanhola\" data-balloon-pos=\"up\">L\u00edngua e Literatura Espanhola<\/span><\/td>\r\n<td class=\"cvagas\">01<\/td>\r\n<td class=\"cremuneracao\">R$ 0,00 \/40h<\/td>\r\n<\/tr><tr>\r\n<td class=\"ccargos\">\r\n<span data-balloon-length=\"medium\" aria-label=\"Gradua\u00e7\u00e3o em Antropologia ou Ci\u00eancias Sociais ou Sociologia + Mestrado em Antropologia ou Mestrado em Ci\u00eancias Sociais ou Mestrado em Sociologia ou Mestrado em Sociedade e Cultura na Amaz\u00f4nia\" data-balloon-pos=\"up\">Antropologia e Sociologia<\/span><\/td>\r\n<td class=\"cvagas\">01<\/td>\r\n<td class=\"cremuneracao\">R$ 0,00 \/40h<\/td>\r\n<\/tr><tr>\r\n<td class=\"ccargos\">\r\n<span data-balloon-length=\"medium\" aria-label=\"Gradua\u00e7\u00e3o em Nutri\u00e7\u00e3o ou Enfermagem ou Fisioterapia ou Biologia.\" data-balloon-pos=\"up\">Imunologia e Parasitologia<\/span><\/td>\r\n<td class=\"cvagas\">01<\/td>\r\n<td class=\"cremuneracao\">R$ 0,00 \/20h<\/td>\r\n<\/tr>\r\n    <\/tbody>\r\n  <\/table>\r\n<\/div>"},"_links":{"self":[{"href":"https:\/\/www.agrobase.com.br\/concursos\/wp-json\/wp\/v2\/posts\/271200","targetHints":{"allow":["GET"]}}],"collection":[{"href":"https:\/\/www.agrobase.com.br\/concursos\/wp-json\/wp\/v2\/posts"}],"about":[{"href":"https:\/\/www.agrobase.com.br\/concursos\/wp-json\/wp\/v2\/types\/post"}],"author":[{"embeddable":true,"href":"https:\/\/www.agrobase.com.br\/concursos\/wp-json\/wp\/v2\/users\/7"}],"replies":[{"embeddable":true,"href":"https:\/\/www.agrobase.com.br\/concursos\/wp-json\/wp\/v2\/comments?post=271200"}],"version-history":[{"count":3,"href":"https:\/\/www.agrobase.com.br\/concursos\/wp-json\/wp\/v2\/posts\/271200\/revisions"}],"predecessor-version":[{"id":271663,"href":"https:\/\/www.agrobase.com.br\/concursos\/wp-json\/wp\/v2\/posts\/271200\/revisions\/271663"}],"wp:featuredmedia":[{"embeddable":true,"href":"https:\/\/www.agrobase.com.br\/concursos\/wp-json\/wp\/v2\/media\/271199"}],"wp:attachment":[{"href":"https:\/\/www.agrobase.com.br\/concursos\/wp-json\/wp\/v2\/media?parent=271200"}],"wp:term":[{"taxonomy":"category","embeddable":true,"href":"https:\/\/www.agrobase.com.br\/concursos\/wp-json\/wp\/v2\/categories?post=271200"},{"taxonomy":"post_tag","embeddable":true,"href":"https:\/\/www.agrobase.com.br\/concursos\/wp-json\/wp\/v2\/tags?post=271200"},{"taxonomy":"_amplo","embeddable":true,"href":"https:\/\/www.agrobase.com.br\/concursos\/wp-json\/wp\/v2\/_amplo?post=271200"},{"taxonomy":"destaque","embeddable":true,"href":"https:\/\/www.agrobase.com.br\/concursos\/wp-json\/wp\/v2\/destaque?post=271200"},{"taxonomy":"instituicoes","embeddable":true,"href":"https:\/\/www.agrobase.com.br\/concursos\/wp-json\/wp\/v2\/instituicoes?post=271200"}],"curies":[{"name":"wp","href":"https:\/\/api.w.org\/{rel}","templated":true}]}}